{"id":111517,"date":"2023-10-19T16:37:26","date_gmt":"2023-10-19T19:37:26","guid":{"rendered":"https:\/\/redenoticiaz.com.br\/litoralsp\/2023\/10\/19\/policiais-civis-sao-acusados-de-vender-armas-a-faccoes-criminosas"},"modified":"2023-10-19T16:39:58","modified_gmt":"2023-10-19T19:39:58","slug":"policiais-civis-sao-acusados-de-vender-armas-a-faccoes-criminosas","status":"publish","type":"post","link":"https:\/\/redenoticiaz.com.br\/litoralsp\/2023\/10\/19\/policiais-civis-sao-acusados-de-vender-armas-a-faccoes-criminosas","title":{"rendered":"Policiais Civis s\u00e3o acusados de vender armas a fac\u00e7\u00f5es criminosas"},"content":{"rendered":"<p>Policiais civis foram presos durante a Opera\u00e7\u00e3o Drake da Pol\u00edcia Federal e do Minist\u00e9rio P\u00fablico do Rio (MPRJ) por supostamente venderem fuzis apreendidos a uma fac\u00e7\u00e3o como retalia\u00e7\u00e3o a uma quadrilha que n\u00e3o pagou resgate para liberar um preso.<\/p>\n<p>Segundo as informa\u00e7\u00f5es, os policiais exigiram R$ 500 mil para liberar um homem preso, parente de um traficante. Como o pagamento n\u00e3o foi feito integralmente, a equipe da Delegacia de Repress\u00e3o a Roubos e Furtos de Cargas (DRFC) teria apreendido 31 fuzis da fac\u00e7\u00e3o e vendido 29 deles para uma fac\u00e7\u00e3o rival, lucrando cerca de R$ 1,4 milh\u00e3o.<\/p>\n<p>A apreens\u00e3o inicialmente foi relatada como tendo ocorrido em outro local, e apenas 2 fuzis foram oficialmente apreendidos. Um policial denunciou o esquema, alegando que os agentes usaram a intelig\u00eancia da pol\u00edcia civil para apreender armas e extorquir dinheiro dos traficantes.<\/p>\n<p>LEIA MAIS<\/p>\n<p><a href=\"https:\/\/redenoticiaz.com.br\/blog\/2023\/10\/19\/rachel-sheherazade-e-expulsa-de-a-fazenda\">Rachel Sheherazade \u00e9 expulsa de \u2018A Fazenda\u2019<\/a><\/p>\n<p><a href=\"https:\/\/redenoticiaz.com.br\/blog\/2023\/10\/18\/cpi-dos-atos-golpistas-propoe-indiciamento-de-bolsonaro-e-mais-60\">CPI dos atos golpistas prop\u00f5e indiciamento de Bolsonaro e mais 60<\/a><\/p>\n","protected":false},"excerpt":{"rendered":"<p>Policiais civis foram presos durante a Opera\u00e7\u00e3o Drake da Pol\u00edcia Federal e do Minist\u00e9rio P\u00fablico do Rio (MPRJ) por supostamente venderem fuzis apreendidos a uma fac\u00e7\u00e3o como retalia\u00e7\u00e3o a uma quadrilha que n\u00e3o pagou resgate para liberar um preso. Segundo as informa\u00e7\u00f5es, os policiais exigiram R$ 500 mil para liberar um homem preso, parente de &hellip;<\/p>\n","protected":false},"author":30,"featured_media":111518,"comment_status":"open","ping_status":"closed","sticky":false,"template":"","format":"standard","meta":{"footnotes":""},"categories":[10],"tags":[1214,36348,4773],"class_list":["post-111517","post","type-post","status-publish","format-standard","has-post-thumbnail","hentry","category-policia","tag-apreensao","tag-fuzis","tag-policia-civil-2"],"yoast_head":"<!-- This site is optimized with the Yoast SEO plugin v27.5 - https:\/\/yoast.com\/product\/yoast-seo-wordpress\/ -->\n<title>Policiais Civis s\u00e3o acusados de vender armas a fac\u00e7\u00f5es criminosas - Litoral SP<\/title>\n<meta name=\"description\" content=\"Policiais civis foram presos durante a Opera\u00e7\u00e3o Drake da Pol\u00edcia Federal e do Minist\u00e9rio P\u00fablico do Rio (MPRJ) por supostamente venderem fuzis\" \/>\n<meta name=\"robots\" content=\"index, follow, max-snippet:-1, max-image-preview:large, max-video-preview:-1\" \/>\n<link rel=\"canonical\" href=\"https:\/\/redenoticiaz.com.br\/litoralsp\/2023\/10\/19\/policiais-civis-sao-acusados-de-vender-armas-a-faccoes-criminosas\" \/>\n<meta property=\"og:locale\" content=\"pt_BR\" \/>\n<meta property=\"og:type\" content=\"article\" \/>\n<meta property=\"og:title\" content=\"Policiais Civis s\u00e3o acusados de vender armas a fac\u00e7\u00f5es criminosas - Litoral SP\" \/>\n<meta property=\"og:description\" content=\"Policiais civis foram presos durante a Opera\u00e7\u00e3o Drake da Pol\u00edcia Federal e do Minist\u00e9rio P\u00fablico do Rio (MPRJ) por supostamente venderem fuzis\" \/>\n<meta property=\"og:url\" content=\"https:\/\/redenoticiaz.com.br\/litoralsp\/2023\/10\/19\/policiais-civis-sao-acusados-de-vender-armas-a-faccoes-criminosas\" \/>\n<meta property=\"og:site_name\" content=\"Litoral SP\" \/>\n<meta property=\"article:published_time\" content=\"2023-10-19T19:37:26+00:00\" \/>\n<meta property=\"article:modified_time\" content=\"2023-10-19T19:39:58+00:00\" \/>\n<meta property=\"og:image\" content=\"https:\/\/redenoticiaz.com.br\/litoralsp\/wp-content\/uploads\/sites\/3\/2023\/10\/Captura-de-tela-2023-10-19-162707.jpg?v=1697744223\" \/>\n\t<meta property=\"og:image:width\" content=\"631\" \/>\n\t<meta property=\"og:image:height\" content=\"473\" \/>\n\t<meta property=\"og:image:type\" content=\"image\/jpeg\" \/>\n<meta name=\"author\" content=\"Carina Reifonas\" \/>\n<meta name=\"twitter:card\" content=\"summary_large_image\" \/>\n<meta name=\"twitter:label1\" content=\"Escrito por\" \/>\n\t<meta name=\"twitter:data1\" content=\"Carina Reifonas\" \/>\n\t<meta name=\"twitter:label2\" content=\"Est. tempo de leitura\" \/>\n\t<meta name=\"twitter:data2\" content=\"1 minuto\" \/>\n<script type=\"application\/ld+json\" class=\"yoast-schema-graph\">{\"@context\":\"https:\\\/\\\/schema.org\",\"@graph\":[{\"@type\":\"Article\",\"@id\":\"https:\\\/\\\/redenoticiaz.com.br\\\/litoralsp\\\/2023\\\/10\\\/19\\\/policiais-civis-sao-acusados-de-vender-armas-a-faccoes-criminosas#article\",\"isPartOf\":{\"@id\":\"https:\\\/\\\/redenoticiaz.com.br\\\/litoralsp\\\/2023\\\/10\\\/19\\\/policiais-civis-sao-acusados-de-vender-armas-a-faccoes-criminosas\"},\"author\":{\"name\":\"Carina Reifonas\",\"@id\":\"https:\\\/\\\/redenoticiaz.com.br\\\/litoralsp\\\/#\\\/schema\\\/person\\\/1f84d6e94e6a62d2d81199d7503e9e90\"},\"headline\":\"Policiais Civis s\u00e3o acusados de vender armas a fac\u00e7\u00f5es criminosas\",\"datePublished\":\"2023-10-19T19:37:26+00:00\",\"dateModified\":\"2023-10-19T19:39:58+00:00\",\"mainEntityOfPage\":{\"@id\":\"https:\\\/\\\/redenoticiaz.com.br\\\/litoralsp\\\/2023\\\/10\\\/19\\\/policiais-civis-sao-acusados-de-vender-armas-a-faccoes-criminosas\"},\"wordCount\":180,\"commentCount\":0,\"publisher\":{\"@id\":\"https:\\\/\\\/redenoticiaz.com.br\\\/litoralsp\\\/#organization\"},\"image\":{\"@id\":\"https:\\\/\\\/redenoticiaz.com.br\\\/litoralsp\\\/2023\\\/10\\\/19\\\/policiais-civis-sao-acusados-de-vender-armas-a-faccoes-criminosas#primaryimage\"},\"thumbnailUrl\":\"https:\\\/\\\/redenoticiaz.com.br\\\/litoralsp\\\/wp-content\\\/uploads\\\/sites\\\/3\\\/2023\\\/10\\\/Captura-de-tela-2023-10-19-162707.jpg?v=1697744223\",\"keywords\":[\"apreens\u00e3o\",\"Fuzis\",\"POL\u00cdCIA CIVIL\"],\"articleSection\":[\"Pol\u00edcia\"],\"inLanguage\":\"pt-BR\",\"potentialAction\":[{\"@type\":\"CommentAction\",\"name\":\"Comment\",\"target\":[\"https:\\\/\\\/redenoticiaz.com.br\\\/litoralsp\\\/2023\\\/10\\\/19\\\/policiais-civis-sao-acusados-de-vender-armas-a-faccoes-criminosas#respond\"]}]},{\"@type\":\"WebPage\",\"@id\":\"https:\\\/\\\/redenoticiaz.com.br\\\/litoralsp\\\/2023\\\/10\\\/19\\\/policiais-civis-sao-acusados-de-vender-armas-a-faccoes-criminosas\",\"url\":\"https:\\\/\\\/redenoticiaz.com.br\\\/litoralsp\\\/2023\\\/10\\\/19\\\/policiais-civis-sao-acusados-de-vender-armas-a-faccoes-criminosas\",\"name\":\"Policiais Civis s\u00e3o acusados de vender armas a fac\u00e7\u00f5es criminosas - Litoral SP\",\"isPartOf\":{\"@id\":\"https:\\\/\\\/redenoticiaz.com.br\\\/litoralsp\\\/#website\"},\"primaryImageOfPage\":{\"@id\":\"https:\\\/\\\/redenoticiaz.com.br\\\/litoralsp\\\/2023\\\/10\\\/19\\\/policiais-civis-sao-acusados-de-vender-armas-a-faccoes-criminosas#primaryimage\"},\"image\":{\"@id\":\"https:\\\/\\\/redenoticiaz.com.br\\\/litoralsp\\\/2023\\\/10\\\/19\\\/policiais-civis-sao-acusados-de-vender-armas-a-faccoes-criminosas#primaryimage\"},\"thumbnailUrl\":\"https:\\\/\\\/redenoticiaz.com.br\\\/litoralsp\\\/wp-content\\\/uploads\\\/sites\\\/3\\\/2023\\\/10\\\/Captura-de-tela-2023-10-19-162707.jpg?v=1697744223\",\"datePublished\":\"2023-10-19T19:37:26+00:00\",\"dateModified\":\"2023-10-19T19:39:58+00:00\",\"description\":\"Policiais civis foram presos durante a Opera\u00e7\u00e3o Drake da Pol\u00edcia Federal e do Minist\u00e9rio P\u00fablico do Rio (MPRJ) por supostamente venderem fuzis\",\"inLanguage\":\"pt-BR\",\"potentialAction\":[{\"@type\":\"ReadAction\",\"target\":[\"https:\\\/\\\/redenoticiaz.com.br\\\/litoralsp\\\/2023\\\/10\\\/19\\\/policiais-civis-sao-acusados-de-vender-armas-a-faccoes-criminosas\"]}]},{\"@type\":\"ImageObject\",\"inLanguage\":\"pt-BR\",\"@id\":\"https:\\\/\\\/redenoticiaz.com.br\\\/litoralsp\\\/2023\\\/10\\\/19\\\/policiais-civis-sao-acusados-de-vender-armas-a-faccoes-criminosas#primaryimage\",\"url\":\"https:\\\/\\\/redenoticiaz.com.br\\\/litoralsp\\\/wp-content\\\/uploads\\\/sites\\\/3\\\/2023\\\/10\\\/Captura-de-tela-2023-10-19-162707.jpg?v=1697744223\",\"contentUrl\":\"https:\\\/\\\/redenoticiaz.com.br\\\/litoralsp\\\/wp-content\\\/uploads\\\/sites\\\/3\\\/2023\\\/10\\\/Captura-de-tela-2023-10-19-162707.jpg?v=1697744223\",\"width\":631,\"height\":473},{\"@type\":\"WebSite\",\"@id\":\"https:\\\/\\\/redenoticiaz.com.br\\\/litoralsp\\\/#website\",\"url\":\"https:\\\/\\\/redenoticiaz.com.br\\\/litoralsp\\\/\",\"name\":\"Litoral SP\",\"description\":\"Rede NoticiaZ\",\"publisher\":{\"@id\":\"https:\\\/\\\/redenoticiaz.com.br\\\/litoralsp\\\/#organization\"},\"potentialAction\":[{\"@type\":\"SearchAction\",\"target\":{\"@type\":\"EntryPoint\",\"urlTemplate\":\"https:\\\/\\\/redenoticiaz.com.br\\\/litoralsp\\\/?s={search_term_string}\"},\"query-input\":{\"@type\":\"PropertyValueSpecification\",\"valueRequired\":true,\"valueName\":\"search_term_string\"}}],\"inLanguage\":\"pt-BR\"},{\"@type\":\"Organization\",\"@id\":\"https:\\\/\\\/redenoticiaz.com.br\\\/litoralsp\\\/#organization\",\"name\":\"Litoral SP\",\"url\":\"https:\\\/\\\/redenoticiaz.com.br\\\/litoralsp\\\/\",\"logo\":{\"@type\":\"ImageObject\",\"inLanguage\":\"pt-BR\",\"@id\":\"https:\\\/\\\/redenoticiaz.com.br\\\/litoralsp\\\/#\\\/schema\\\/logo\\\/image\\\/\",\"url\":\"https:\\\/\\\/redenoticiaz.com.br\\\/litoralsp\\\/wp-content\\\/uploads\\\/sites\\\/3\\\/2020\\\/11\\\/logo.jpg\",\"contentUrl\":\"https:\\\/\\\/redenoticiaz.com.br\\\/litoralsp\\\/wp-content\\\/uploads\\\/sites\\\/3\\\/2020\\\/11\\\/logo.jpg\",\"width\":400,\"height\":250,\"caption\":\"Litoral SP\"},\"image\":{\"@id\":\"https:\\\/\\\/redenoticiaz.com.br\\\/litoralsp\\\/#\\\/schema\\\/logo\\\/image\\\/\"}},{\"@type\":\"Person\",\"@id\":\"https:\\\/\\\/redenoticiaz.com.br\\\/litoralsp\\\/#\\\/schema\\\/person\\\/1f84d6e94e6a62d2d81199d7503e9e90\",\"name\":\"Carina Reifonas\",\"image\":{\"@type\":\"ImageObject\",\"inLanguage\":\"pt-BR\",\"@id\":\"https:\\\/\\\/secure.gravatar.com\\\/avatar\\\/04c59859b23696cf867715880f81d5c037e60109730bdb4e6670ec2a2245bc97?s=96&d=mm&r=g\",\"url\":\"https:\\\/\\\/secure.gravatar.com\\\/avatar\\\/04c59859b23696cf867715880f81d5c037e60109730bdb4e6670ec2a2245bc97?s=96&d=mm&r=g\",\"contentUrl\":\"https:\\\/\\\/secure.gravatar.com\\\/avatar\\\/04c59859b23696cf867715880f81d5c037e60109730bdb4e6670ec2a2245bc97?s=96&d=mm&r=g\",\"caption\":\"Carina Reifonas\"},\"url\":\"https:\\\/\\\/redenoticiaz.com.br\\\/litoralsp\\\/author\\\/carinareifonas\"}]}<\/script>\n<!-- \/ Yoast SEO plugin. -->","yoast_head_json":{"title":"Policiais Civis s\u00e3o acusados de vender armas a fac\u00e7\u00f5es criminosas - Litoral SP","description":"Policiais civis foram presos durante a Opera\u00e7\u00e3o Drake da Pol\u00edcia Federal e do Minist\u00e9rio P\u00fablico do Rio (MPRJ) por supostamente venderem fuzis","robots":{"index":"index","follow":"follow","max-snippet":"max-snippet:-1","max-image-preview":"max-image-preview:large","max-video-preview":"max-video-preview:-1"},"canonical":"https:\/\/redenoticiaz.com.br\/litoralsp\/2023\/10\/19\/policiais-civis-sao-acusados-de-vender-armas-a-faccoes-criminosas","og_locale":"pt_BR","og_type":"article","og_title":"Policiais Civis s\u00e3o acusados de vender armas a fac\u00e7\u00f5es criminosas - Litoral SP","og_description":"Policiais civis foram presos durante a Opera\u00e7\u00e3o Drake da Pol\u00edcia Federal e do Minist\u00e9rio P\u00fablico do Rio (MPRJ) por supostamente venderem fuzis","og_url":"https:\/\/redenoticiaz.com.br\/litoralsp\/2023\/10\/19\/policiais-civis-sao-acusados-de-vender-armas-a-faccoes-criminosas","og_site_name":"Litoral SP","article_published_time":"2023-10-19T19:37:26+00:00","article_modified_time":"2023-10-19T19:39:58+00:00","og_image":[{"width":631,"height":473,"url":"https:\/\/redenoticiaz.com.br\/litoralsp\/wp-content\/uploads\/sites\/3\/2023\/10\/Captura-de-tela-2023-10-19-162707.jpg?v=1697744223","type":"image\/jpeg"}],"author":"Carina Reifonas","twitter_card":"summary_large_image","twitter_misc":{"Escrito por":"Carina Reifonas","Est. tempo de leitura":"1 minuto"},"schema":{"@context":"https:\/\/schema.org","@graph":[{"@type":"Article","@id":"https:\/\/redenoticiaz.com.br\/litoralsp\/2023\/10\/19\/policiais-civis-sao-acusados-de-vender-armas-a-faccoes-criminosas#article","isPartOf":{"@id":"https:\/\/redenoticiaz.com.br\/litoralsp\/2023\/10\/19\/policiais-civis-sao-acusados-de-vender-armas-a-faccoes-criminosas"},"author":{"name":"Carina Reifonas","@id":"https:\/\/redenoticiaz.com.br\/litoralsp\/#\/schema\/person\/1f84d6e94e6a62d2d81199d7503e9e90"},"headline":"Policiais Civis s\u00e3o acusados de vender armas a fac\u00e7\u00f5es criminosas","datePublished":"2023-10-19T19:37:26+00:00","dateModified":"2023-10-19T19:39:58+00:00","mainEntityOfPage":{"@id":"https:\/\/redenoticiaz.com.br\/litoralsp\/2023\/10\/19\/policiais-civis-sao-acusados-de-vender-armas-a-faccoes-criminosas"},"wordCount":180,"commentCount":0,"publisher":{"@id":"https:\/\/redenoticiaz.com.br\/litoralsp\/#organization"},"image":{"@id":"https:\/\/redenoticiaz.com.br\/litoralsp\/2023\/10\/19\/policiais-civis-sao-acusados-de-vender-armas-a-faccoes-criminosas#primaryimage"},"thumbnailUrl":"https:\/\/redenoticiaz.com.br\/litoralsp\/wp-content\/uploads\/sites\/3\/2023\/10\/Captura-de-tela-2023-10-19-162707.jpg?v=1697744223","keywords":["apreens\u00e3o","Fuzis","POL\u00cdCIA CIVIL"],"articleSection":["Pol\u00edcia"],"inLanguage":"pt-BR","potentialAction":[{"@type":"CommentAction","name":"Comment","target":["https:\/\/redenoticiaz.com.br\/litoralsp\/2023\/10\/19\/policiais-civis-sao-acusados-de-vender-armas-a-faccoes-criminosas#respond"]}]},{"@type":"WebPage","@id":"https:\/\/redenoticiaz.com.br\/litoralsp\/2023\/10\/19\/policiais-civis-sao-acusados-de-vender-armas-a-faccoes-criminosas","url":"https:\/\/redenoticiaz.com.br\/litoralsp\/2023\/10\/19\/policiais-civis-sao-acusados-de-vender-armas-a-faccoes-criminosas","name":"Policiais Civis s\u00e3o acusados de vender armas a fac\u00e7\u00f5es criminosas - Litoral SP","isPartOf":{"@id":"https:\/\/redenoticiaz.com.br\/litoralsp\/#website"},"primaryImageOfPage":{"@id":"https:\/\/redenoticiaz.com.br\/litoralsp\/2023\/10\/19\/policiais-civis-sao-acusados-de-vender-armas-a-faccoes-criminosas#primaryimage"},"image":{"@id":"https:\/\/redenoticiaz.com.br\/litoralsp\/2023\/10\/19\/policiais-civis-sao-acusados-de-vender-armas-a-faccoes-criminosas#primaryimage"},"thumbnailUrl":"https:\/\/redenoticiaz.com.br\/litoralsp\/wp-content\/uploads\/sites\/3\/2023\/10\/Captura-de-tela-2023-10-19-162707.jpg?v=1697744223","datePublished":"2023-10-19T19:37:26+00:00","dateModified":"2023-10-19T19:39:58+00:00","description":"Policiais civis foram presos durante a Opera\u00e7\u00e3o Drake da Pol\u00edcia Federal e do Minist\u00e9rio P\u00fablico do Rio (MPRJ) por supostamente venderem fuzis","inLanguage":"pt-BR","potentialAction":[{"@type":"ReadAction","target":["https:\/\/redenoticiaz.com.br\/litoralsp\/2023\/10\/19\/policiais-civis-sao-acusados-de-vender-armas-a-faccoes-criminosas"]}]},{"@type":"ImageObject","inLanguage":"pt-BR","@id":"https:\/\/redenoticiaz.com.br\/litoralsp\/2023\/10\/19\/policiais-civis-sao-acusados-de-vender-armas-a-faccoes-criminosas#primaryimage","url":"https:\/\/redenoticiaz.com.br\/litoralsp\/wp-content\/uploads\/sites\/3\/2023\/10\/Captura-de-tela-2023-10-19-162707.jpg?v=1697744223","contentUrl":"https:\/\/redenoticiaz.com.br\/litoralsp\/wp-content\/uploads\/sites\/3\/2023\/10\/Captura-de-tela-2023-10-19-162707.jpg?v=1697744223","width":631,"height":473},{"@type":"WebSite","@id":"https:\/\/redenoticiaz.com.br\/litoralsp\/#website","url":"https:\/\/redenoticiaz.com.br\/litoralsp\/","name":"Litoral SP","description":"Rede NoticiaZ","publisher":{"@id":"https:\/\/redenoticiaz.com.br\/litoralsp\/#organization"},"potentialAction":[{"@type":"SearchAction","target":{"@type":"EntryPoint","urlTemplate":"https:\/\/redenoticiaz.com.br\/litoralsp\/?s={search_term_string}"},"query-input":{"@type":"PropertyValueSpecification","valueRequired":true,"valueName":"search_term_string"}}],"inLanguage":"pt-BR"},{"@type":"Organization","@id":"https:\/\/redenoticiaz.com.br\/litoralsp\/#organization","name":"Litoral SP","url":"https:\/\/redenoticiaz.com.br\/litoralsp\/","logo":{"@type":"ImageObject","inLanguage":"pt-BR","@id":"https:\/\/redenoticiaz.com.br\/litoralsp\/#\/schema\/logo\/image\/","url":"https:\/\/redenoticiaz.com.br\/litoralsp\/wp-content\/uploads\/sites\/3\/2020\/11\/logo.jpg","contentUrl":"https:\/\/redenoticiaz.com.br\/litoralsp\/wp-content\/uploads\/sites\/3\/2020\/11\/logo.jpg","width":400,"height":250,"caption":"Litoral SP"},"image":{"@id":"https:\/\/redenoticiaz.com.br\/litoralsp\/#\/schema\/logo\/image\/"}},{"@type":"Person","@id":"https:\/\/redenoticiaz.com.br\/litoralsp\/#\/schema\/person\/1f84d6e94e6a62d2d81199d7503e9e90","name":"Carina Reifonas","image":{"@type":"ImageObject","inLanguage":"pt-BR","@id":"https:\/\/secure.gravatar.com\/avatar\/04c59859b23696cf867715880f81d5c037e60109730bdb4e6670ec2a2245bc97?s=96&d=mm&r=g","url":"https:\/\/secure.gravatar.com\/avatar\/04c59859b23696cf867715880f81d5c037e60109730bdb4e6670ec2a2245bc97?s=96&d=mm&r=g","contentUrl":"https:\/\/secure.gravatar.com\/avatar\/04c59859b23696cf867715880f81d5c037e60109730bdb4e6670ec2a2245bc97?s=96&d=mm&r=g","caption":"Carina Reifonas"},"url":"https:\/\/redenoticiaz.com.br\/litoralsp\/author\/carinareifonas"}]}},"_links":{"self":[{"href":"https:\/\/redenoticiaz.com.br\/litoralsp\/wp-json\/wp\/v2\/posts\/111517","targetHints":{"allow":["GET"]}}],"collection":[{"href":"https:\/\/redenoticiaz.com.br\/litoralsp\/wp-json\/wp\/v2\/posts"}],"about":[{"href":"https:\/\/redenoticiaz.com.br\/litoralsp\/wp-json\/wp\/v2\/types\/post"}],"author":[{"embeddable":true,"href":"https:\/\/redenoticiaz.com.br\/litoralsp\/wp-json\/wp\/v2\/users\/30"}],"replies":[{"embeddable":true,"href":"https:\/\/redenoticiaz.com.br\/litoralsp\/wp-json\/wp\/v2\/comments?post=111517"}],"version-history":[{"count":1,"href":"https:\/\/redenoticiaz.com.br\/litoralsp\/wp-json\/wp\/v2\/posts\/111517\/revisions"}],"predecessor-version":[{"id":111519,"href":"https:\/\/redenoticiaz.com.br\/litoralsp\/wp-json\/wp\/v2\/posts\/111517\/revisions\/111519"}],"wp:featuredmedia":[{"embeddable":true,"href":"https:\/\/redenoticiaz.com.br\/litoralsp\/wp-json\/wp\/v2\/media\/111518"}],"wp:attachment":[{"href":"https:\/\/redenoticiaz.com.br\/litoralsp\/wp-json\/wp\/v2\/media?parent=111517"}],"wp:term":[{"taxonomy":"category","embeddable":true,"href":"https:\/\/redenoticiaz.com.br\/litoralsp\/wp-json\/wp\/v2\/categories?post=111517"},{"taxonomy":"post_tag","embeddable":true,"href":"https:\/\/redenoticiaz.com.br\/litoralsp\/wp-json\/wp\/v2\/tags?post=111517"}],"curies":[{"name":"wp","href":"https:\/\/api.w.org\/{rel}","templated":true}]}}