{"id":111526,"date":"2023-10-22T11:00:41","date_gmt":"2023-10-22T14:00:41","guid":{"rendered":"https:\/\/redenoticiaz.com.br\/litoralsp\/?p=111526"},"modified":"2023-10-19T20:55:15","modified_gmt":"2023-10-19T23:55:15","slug":"denuncias-de-violacao-de-direitos-contra-pcds-tem-alta-de-150","status":"publish","type":"post","link":"https:\/\/redenoticiaz.com.br\/litoralsp\/2023\/10\/22\/denuncias-de-violacao-de-direitos-contra-pcds-tem-alta-de-150","title":{"rendered":"Den\u00fancias de viola\u00e7\u00e3o de direitos contra PCDs t\u00eam alta de 150%"},"content":{"rendered":"<p>A Ouvidoria Nacional de Direitos Humanos registrou, at\u00e9 o terceiro trimestre deste ano, 51.734 den\u00fancias contra os direitos humanos de pessoas com defici\u00eancia (PCDs). Os dados, dispon\u00edveis na plataforma do Disque 100, indicam aumento de 150% na compara\u00e7\u00e3o com o trimestre anterior. No total, o ano de 2023 aponta 383.944 den\u00fancias de viola\u00e7\u00f5es de direitos humanos, somando todas categorias vulner\u00e1veis.<img decoding=\"async\" src=\"https:\/\/agenciabrasil.ebc.com.br\/ebc.png?id=1561855&amp;o=node\" \/><img decoding=\"async\" src=\"https:\/\/agenciabrasil.ebc.com.br\/ebc.gif?id=1561855&amp;o=node\" \/><\/p>\n<p>Os n\u00fameros do Painel de Dados da Ouvidoria mostram que, entre os principais tipos de den\u00fancia contra viola\u00e7\u00e3o de direitos de PCDs do Brasil, est\u00e3o os que dizem respeito \u00e0 exposi\u00e7\u00e3o a\u00a0risco \u00e0 sa\u00fade, maus-tratos ou abandono; tortura ps\u00edquica e insubsist\u00eancia afetiva; a desassist\u00eancia em rela\u00e7\u00e3o a direitos sociais, \u00e0 sa\u00fade e alimenta\u00e7\u00e3o. Tamb\u00e9m h\u00e1 casos em que \u00e9\u00a0registrada\u00a0a subtra\u00e7\u00e3o de direitos civis, pol\u00edticos e de liberdade individual, como reten\u00e7\u00e3o de documentos, acesso \u00e0 informa\u00e7\u00e3o e exerc\u00edcio de express\u00e3o e religi\u00e3o.<\/p>\n<p>As unidades da Federa\u00e7\u00e3o com registro de maior n\u00famero de den\u00fancias, entre janeiro e setembro, s\u00e3o os estados de S\u00e3o Paulo (13.231 den\u00fancias), Rio de Janeiro (6.671), Minas Gerais (6.029), Bahia (3.168) e Rio Grande do Sul (2.691).<\/p>\n<p>Como uma den\u00fancia pode conter mais de um tipo de viola\u00e7\u00e3o de direitos humanos, no caso das pessoas com defici\u00eancia no per\u00edodo analisado, foram registradas 307.484 viola\u00e7\u00f5es a partir das quase 52 mil den\u00fancias registradas pelo Disque 100.<\/p>\n<p>&#8220;Os n\u00fameros corroboram sobre a import\u00e2ncia da implementa\u00e7\u00e3o do programa Novo Viver sem Limite, a ser lan\u00e7ado nas pr\u00f3ximas semanas, e que ter\u00e1 iniciativas pela prote\u00e7\u00e3o e promo\u00e7\u00e3o da popula\u00e7\u00e3o com defici\u00eancia do Brasil. A iniciativa ter\u00e1 a colabora\u00e7\u00e3o de diversos \u00f3rg\u00e3os do Poder Executivo, que ir\u00e3o incluir dentro da pol\u00edtica p\u00fablica a\u00e7\u00f5es de gest\u00e3o participativa, de enfrentamento \u00e0 viol\u00eancia e ao capacitismo, mecanismos de assist\u00eancia assistida e acesso a direitos&#8221;, informou o Minist\u00e9rio dos Direitos Humanos e Cidadania (MDHC).<\/p>\n<p>O Disque Direitos Humanos &#8211;\u00a0<a href=\"https:\/\/www.gov.br\/pt-br\/servicos\/denunciar-violacao-de-direitos-humanos\" target=\"_blank\" rel=\"noopener\">Disque 100<\/a>\u00a0\u00e9 um servi\u00e7o de utilidade p\u00fablica do Minist\u00e9rio dos Direitos Humanos e da Cidadania destinado a receber demandas relativas a viola\u00e7\u00f5es de direitos humanos, especialmente as que atingem popula\u00e7\u00f5es em situa\u00e7\u00e3o de vulnerabilidade social.<\/p>\n<p><strong>Leia mais<\/strong><\/p>\n<p><a href=\"https:\/\/redenoticiaz.com.br\/blog\/2022\/08\/28\/oab-e-corte-interamericana-de-direitos-humanos-selam-acordo-de-cooperacao\">OAB e Corte Interamericana de Direitos Humanos selam acordo de coopera\u00e7\u00e3o<\/a><\/p>\n<p><a href=\"https:\/\/redenoticiaz.com.br\/blog\/2023\/10\/19\/whatsapp-permite-duas-contas-no-mesmo-celular\">WhatsApp permite duas contas no mesmo celular<\/a><\/p>\n<p>&nbsp;<\/p>\n","protected":false},"excerpt":{"rendered":"<p>A Ouvidoria Nacional de Direitos Humanos registrou, at\u00e9 o terceiro trimestre deste ano, 51.734 den\u00fancias contra os direitos humanos de pessoas com defici\u00eancia (PCDs). Os dados, dispon\u00edveis na plataforma do Disque 100, indicam aumento de 150% na compara\u00e7\u00e3o com o trimestre anterior. No total, o ano de 2023 aponta 383.944 den\u00fancias de viola\u00e7\u00f5es de direitos &hellip;<\/p>\n","protected":false},"author":12,"featured_media":24146,"comment_status":"open","ping_status":"closed","sticky":false,"template":"","format":"standard","meta":{"footnotes":""},"categories":[1],"tags":[18622,1627,67417],"class_list":["post-111526","post","type-post","status-publish","format-standard","has-post-thumbnail","hentry","category-sem","tag-denuncias","tag-direitos-humanos","tag-pcds"],"yoast_head":"<!-- This site is optimized with the Yoast SEO plugin v27.5 - https:\/\/yoast.com\/product\/yoast-seo-wordpress\/ -->\n<title>Den\u00fancias de viola\u00e7\u00e3o de direitos contra PCDs t\u00eam alta de 150% - Litoral SP<\/title>\n<meta name=\"description\" content=\"A Ouvidoria Nacional de Direitos Humanos registrou, at\u00e9 o terceiro trimestre deste ano, 51.734 den\u00fancias contra os direitos humanos de pessoas com defici\u00eancia (PCDs).\" \/>\n<meta name=\"robots\" content=\"index, follow, max-snippet:-1, max-image-preview:large, max-video-preview:-1\" \/>\n<link rel=\"canonical\" href=\"https:\/\/redenoticiaz.com.br\/litoralsp\/2023\/10\/22\/denuncias-de-violacao-de-direitos-contra-pcds-tem-alta-de-150\" \/>\n<meta property=\"og:locale\" content=\"pt_BR\" \/>\n<meta property=\"og:type\" content=\"article\" \/>\n<meta property=\"og:title\" content=\"Den\u00fancias de viola\u00e7\u00e3o de direitos contra PCDs t\u00eam alta de 150% - Litoral SP\" \/>\n<meta property=\"og:description\" content=\"A Ouvidoria Nacional de Direitos Humanos registrou, at\u00e9 o terceiro trimestre deste ano, 51.734 den\u00fancias contra os direitos humanos de pessoas com defici\u00eancia (PCDs).\" \/>\n<meta property=\"og:url\" content=\"https:\/\/redenoticiaz.com.br\/litoralsp\/2023\/10\/22\/denuncias-de-violacao-de-direitos-contra-pcds-tem-alta-de-150\" \/>\n<meta property=\"og:site_name\" content=\"Litoral SP\" \/>\n<meta property=\"article:published_time\" content=\"2023-10-22T14:00:41+00:00\" \/>\n<meta property=\"og:image\" content=\"https:\/\/redenoticiaz.com.br\/litoralsp\/wp-content\/uploads\/sites\/3\/2022\/02\/pcd-mais.jpg?v=1645652521\" \/>\n\t<meta property=\"og:image:width\" content=\"1100\" \/>\n\t<meta property=\"og:image:height\" content=\"662\" \/>\n\t<meta property=\"og:image:type\" content=\"image\/jpeg\" \/>\n<meta name=\"author\" content=\"Gustavo Silva\" \/>\n<meta name=\"twitter:card\" content=\"summary_large_image\" \/>\n<meta name=\"twitter:label1\" content=\"Escrito por\" \/>\n\t<meta name=\"twitter:data1\" content=\"Gustavo Silva\" \/>\n\t<meta name=\"twitter:label2\" content=\"Est. tempo de leitura\" \/>\n\t<meta name=\"twitter:data2\" content=\"3 minutos\" \/>\n<script type=\"application\/ld+json\" class=\"yoast-schema-graph\">{\"@context\":\"https:\\\/\\\/schema.org\",\"@graph\":[{\"@type\":\"Article\",\"@id\":\"https:\\\/\\\/redenoticiaz.com.br\\\/litoralsp\\\/2023\\\/10\\\/22\\\/denuncias-de-violacao-de-direitos-contra-pcds-tem-alta-de-150#article\",\"isPartOf\":{\"@id\":\"https:\\\/\\\/redenoticiaz.com.br\\\/litoralsp\\\/2023\\\/10\\\/22\\\/denuncias-de-violacao-de-direitos-contra-pcds-tem-alta-de-150\"},\"author\":{\"name\":\"Gustavo Silva\",\"@id\":\"https:\\\/\\\/redenoticiaz.com.br\\\/litoralsp\\\/#\\\/schema\\\/person\\\/16057b37a3c0ee6b096d7f887c566e2e\"},\"headline\":\"Den\u00fancias de viola\u00e7\u00e3o de direitos contra PCDs t\u00eam alta de 150%\",\"datePublished\":\"2023-10-22T14:00:41+00:00\",\"mainEntityOfPage\":{\"@id\":\"https:\\\/\\\/redenoticiaz.com.br\\\/litoralsp\\\/2023\\\/10\\\/22\\\/denuncias-de-violacao-de-direitos-contra-pcds-tem-alta-de-150\"},\"wordCount\":419,\"commentCount\":0,\"publisher\":{\"@id\":\"https:\\\/\\\/redenoticiaz.com.br\\\/litoralsp\\\/#organization\"},\"image\":{\"@id\":\"https:\\\/\\\/redenoticiaz.com.br\\\/litoralsp\\\/2023\\\/10\\\/22\\\/denuncias-de-violacao-de-direitos-contra-pcds-tem-alta-de-150#primaryimage\"},\"thumbnailUrl\":\"https:\\\/\\\/redenoticiaz.com.br\\\/litoralsp\\\/wp-content\\\/uploads\\\/sites\\\/3\\\/2022\\\/02\\\/pcd-mais.jpg?v=1645652521\",\"keywords\":[\"DEN\u00daNCIAS\",\"DIREITOS HUMANOS\",\"pcd\u00b4s\"],\"articleSection\":[\"sem\"],\"inLanguage\":\"pt-BR\",\"potentialAction\":[{\"@type\":\"CommentAction\",\"name\":\"Comment\",\"target\":[\"https:\\\/\\\/redenoticiaz.com.br\\\/litoralsp\\\/2023\\\/10\\\/22\\\/denuncias-de-violacao-de-direitos-contra-pcds-tem-alta-de-150#respond\"]}]},{\"@type\":\"WebPage\",\"@id\":\"https:\\\/\\\/redenoticiaz.com.br\\\/litoralsp\\\/2023\\\/10\\\/22\\\/denuncias-de-violacao-de-direitos-contra-pcds-tem-alta-de-150\",\"url\":\"https:\\\/\\\/redenoticiaz.com.br\\\/litoralsp\\\/2023\\\/10\\\/22\\\/denuncias-de-violacao-de-direitos-contra-pcds-tem-alta-de-150\",\"name\":\"Den\u00fancias de viola\u00e7\u00e3o de direitos contra PCDs t\u00eam alta de 150% - Litoral SP\",\"isPartOf\":{\"@id\":\"https:\\\/\\\/redenoticiaz.com.br\\\/litoralsp\\\/#website\"},\"primaryImageOfPage\":{\"@id\":\"https:\\\/\\\/redenoticiaz.com.br\\\/litoralsp\\\/2023\\\/10\\\/22\\\/denuncias-de-violacao-de-direitos-contra-pcds-tem-alta-de-150#primaryimage\"},\"image\":{\"@id\":\"https:\\\/\\\/redenoticiaz.com.br\\\/litoralsp\\\/2023\\\/10\\\/22\\\/denuncias-de-violacao-de-direitos-contra-pcds-tem-alta-de-150#primaryimage\"},\"thumbnailUrl\":\"https:\\\/\\\/redenoticiaz.com.br\\\/litoralsp\\\/wp-content\\\/uploads\\\/sites\\\/3\\\/2022\\\/02\\\/pcd-mais.jpg?v=1645652521\",\"datePublished\":\"2023-10-22T14:00:41+00:00\",\"description\":\"A Ouvidoria Nacional de Direitos Humanos registrou, at\u00e9 o terceiro trimestre deste ano, 51.734 den\u00fancias contra os direitos humanos de pessoas com defici\u00eancia (PCDs).\",\"inLanguage\":\"pt-BR\",\"potentialAction\":[{\"@type\":\"ReadAction\",\"target\":[\"https:\\\/\\\/redenoticiaz.com.br\\\/litoralsp\\\/2023\\\/10\\\/22\\\/denuncias-de-violacao-de-direitos-contra-pcds-tem-alta-de-150\"]}]},{\"@type\":\"ImageObject\",\"inLanguage\":\"pt-BR\",\"@id\":\"https:\\\/\\\/redenoticiaz.com.br\\\/litoralsp\\\/2023\\\/10\\\/22\\\/denuncias-de-violacao-de-direitos-contra-pcds-tem-alta-de-150#primaryimage\",\"url\":\"https:\\\/\\\/redenoticiaz.com.br\\\/litoralsp\\\/wp-content\\\/uploads\\\/sites\\\/3\\\/2022\\\/02\\\/pcd-mais.jpg?v=1645652521\",\"contentUrl\":\"https:\\\/\\\/redenoticiaz.com.br\\\/litoralsp\\\/wp-content\\\/uploads\\\/sites\\\/3\\\/2022\\\/02\\\/pcd-mais.jpg?v=1645652521\",\"width\":1100,\"height\":662,\"caption\":\"Altera\u00e7\u00e3o nas regras para PCD. Foto: PCDmais\"},{\"@type\":\"WebSite\",\"@id\":\"https:\\\/\\\/redenoticiaz.com.br\\\/litoralsp\\\/#website\",\"url\":\"https:\\\/\\\/redenoticiaz.com.br\\\/litoralsp\\\/\",\"name\":\"Litoral SP\",\"description\":\"Rede NoticiaZ\",\"publisher\":{\"@id\":\"https:\\\/\\\/redenoticiaz.com.br\\\/litoralsp\\\/#organization\"},\"potentialAction\":[{\"@type\":\"SearchAction\",\"target\":{\"@type\":\"EntryPoint\",\"urlTemplate\":\"https:\\\/\\\/redenoticiaz.com.br\\\/litoralsp\\\/?s={search_term_string}\"},\"query-input\":{\"@type\":\"PropertyValueSpecification\",\"valueRequired\":true,\"valueName\":\"search_term_string\"}}],\"inLanguage\":\"pt-BR\"},{\"@type\":\"Organization\",\"@id\":\"https:\\\/\\\/redenoticiaz.com.br\\\/litoralsp\\\/#organization\",\"name\":\"Litoral SP\",\"url\":\"https:\\\/\\\/redenoticiaz.com.br\\\/litoralsp\\\/\",\"logo\":{\"@type\":\"ImageObject\",\"inLanguage\":\"pt-BR\",\"@id\":\"https:\\\/\\\/redenoticiaz.com.br\\\/litoralsp\\\/#\\\/schema\\\/logo\\\/image\\\/\",\"url\":\"https:\\\/\\\/redenoticiaz.com.br\\\/litoralsp\\\/wp-content\\\/uploads\\\/sites\\\/3\\\/2020\\\/11\\\/logo.jpg\",\"contentUrl\":\"https:\\\/\\\/redenoticiaz.com.br\\\/litoralsp\\\/wp-content\\\/uploads\\\/sites\\\/3\\\/2020\\\/11\\\/logo.jpg\",\"width\":400,\"height\":250,\"caption\":\"Litoral SP\"},\"image\":{\"@id\":\"https:\\\/\\\/redenoticiaz.com.br\\\/litoralsp\\\/#\\\/schema\\\/logo\\\/image\\\/\"}},{\"@type\":\"Person\",\"@id\":\"https:\\\/\\\/redenoticiaz.com.br\\\/litoralsp\\\/#\\\/schema\\\/person\\\/16057b37a3c0ee6b096d7f887c566e2e\",\"name\":\"Gustavo Silva\",\"image\":{\"@type\":\"ImageObject\",\"inLanguage\":\"pt-BR\",\"@id\":\"https:\\\/\\\/secure.gravatar.com\\\/avatar\\\/3ee4e82f93b26de0a7cf4ea5eb7893da637ed6bb0c9170c58065944c56e28a33?s=96&d=mm&r=g\",\"url\":\"https:\\\/\\\/secure.gravatar.com\\\/avatar\\\/3ee4e82f93b26de0a7cf4ea5eb7893da637ed6bb0c9170c58065944c56e28a33?s=96&d=mm&r=g\",\"contentUrl\":\"https:\\\/\\\/secure.gravatar.com\\\/avatar\\\/3ee4e82f93b26de0a7cf4ea5eb7893da637ed6bb0c9170c58065944c56e28a33?s=96&d=mm&r=g\",\"caption\":\"Gustavo Silva\"},\"url\":\"https:\\\/\\\/redenoticiaz.com.br\\\/litoralsp\\\/author\\\/gustavosilva\"}]}<\/script>\n<!-- \/ Yoast SEO plugin. -->","yoast_head_json":{"title":"Den\u00fancias de viola\u00e7\u00e3o de direitos contra PCDs t\u00eam alta de 150% - Litoral SP","description":"A Ouvidoria Nacional de Direitos Humanos registrou, at\u00e9 o terceiro trimestre deste ano, 51.734 den\u00fancias contra os direitos humanos de pessoas com defici\u00eancia (PCDs).","robots":{"index":"index","follow":"follow","max-snippet":"max-snippet:-1","max-image-preview":"max-image-preview:large","max-video-preview":"max-video-preview:-1"},"canonical":"https:\/\/redenoticiaz.com.br\/litoralsp\/2023\/10\/22\/denuncias-de-violacao-de-direitos-contra-pcds-tem-alta-de-150","og_locale":"pt_BR","og_type":"article","og_title":"Den\u00fancias de viola\u00e7\u00e3o de direitos contra PCDs t\u00eam alta de 150% - Litoral SP","og_description":"A Ouvidoria Nacional de Direitos Humanos registrou, at\u00e9 o terceiro trimestre deste ano, 51.734 den\u00fancias contra os direitos humanos de pessoas com defici\u00eancia (PCDs).","og_url":"https:\/\/redenoticiaz.com.br\/litoralsp\/2023\/10\/22\/denuncias-de-violacao-de-direitos-contra-pcds-tem-alta-de-150","og_site_name":"Litoral SP","article_published_time":"2023-10-22T14:00:41+00:00","og_image":[{"width":1100,"height":662,"url":"https:\/\/redenoticiaz.com.br\/litoralsp\/wp-content\/uploads\/sites\/3\/2022\/02\/pcd-mais.jpg?v=1645652521","type":"image\/jpeg"}],"author":"Gustavo Silva","twitter_card":"summary_large_image","twitter_misc":{"Escrito por":"Gustavo Silva","Est. tempo de leitura":"3 minutos"},"schema":{"@context":"https:\/\/schema.org","@graph":[{"@type":"Article","@id":"https:\/\/redenoticiaz.com.br\/litoralsp\/2023\/10\/22\/denuncias-de-violacao-de-direitos-contra-pcds-tem-alta-de-150#article","isPartOf":{"@id":"https:\/\/redenoticiaz.com.br\/litoralsp\/2023\/10\/22\/denuncias-de-violacao-de-direitos-contra-pcds-tem-alta-de-150"},"author":{"name":"Gustavo Silva","@id":"https:\/\/redenoticiaz.com.br\/litoralsp\/#\/schema\/person\/16057b37a3c0ee6b096d7f887c566e2e"},"headline":"Den\u00fancias de viola\u00e7\u00e3o de direitos contra PCDs t\u00eam alta de 150%","datePublished":"2023-10-22T14:00:41+00:00","mainEntityOfPage":{"@id":"https:\/\/redenoticiaz.com.br\/litoralsp\/2023\/10\/22\/denuncias-de-violacao-de-direitos-contra-pcds-tem-alta-de-150"},"wordCount":419,"commentCount":0,"publisher":{"@id":"https:\/\/redenoticiaz.com.br\/litoralsp\/#organization"},"image":{"@id":"https:\/\/redenoticiaz.com.br\/litoralsp\/2023\/10\/22\/denuncias-de-violacao-de-direitos-contra-pcds-tem-alta-de-150#primaryimage"},"thumbnailUrl":"https:\/\/redenoticiaz.com.br\/litoralsp\/wp-content\/uploads\/sites\/3\/2022\/02\/pcd-mais.jpg?v=1645652521","keywords":["DEN\u00daNCIAS","DIREITOS HUMANOS","pcd\u00b4s"],"articleSection":["sem"],"inLanguage":"pt-BR","potentialAction":[{"@type":"CommentAction","name":"Comment","target":["https:\/\/redenoticiaz.com.br\/litoralsp\/2023\/10\/22\/denuncias-de-violacao-de-direitos-contra-pcds-tem-alta-de-150#respond"]}]},{"@type":"WebPage","@id":"https:\/\/redenoticiaz.com.br\/litoralsp\/2023\/10\/22\/denuncias-de-violacao-de-direitos-contra-pcds-tem-alta-de-150","url":"https:\/\/redenoticiaz.com.br\/litoralsp\/2023\/10\/22\/denuncias-de-violacao-de-direitos-contra-pcds-tem-alta-de-150","name":"Den\u00fancias de viola\u00e7\u00e3o de direitos contra PCDs t\u00eam alta de 150% - Litoral SP","isPartOf":{"@id":"https:\/\/redenoticiaz.com.br\/litoralsp\/#website"},"primaryImageOfPage":{"@id":"https:\/\/redenoticiaz.com.br\/litoralsp\/2023\/10\/22\/denuncias-de-violacao-de-direitos-contra-pcds-tem-alta-de-150#primaryimage"},"image":{"@id":"https:\/\/redenoticiaz.com.br\/litoralsp\/2023\/10\/22\/denuncias-de-violacao-de-direitos-contra-pcds-tem-alta-de-150#primaryimage"},"thumbnailUrl":"https:\/\/redenoticiaz.com.br\/litoralsp\/wp-content\/uploads\/sites\/3\/2022\/02\/pcd-mais.jpg?v=1645652521","datePublished":"2023-10-22T14:00:41+00:00","description":"A Ouvidoria Nacional de Direitos Humanos registrou, at\u00e9 o terceiro trimestre deste ano, 51.734 den\u00fancias contra os direitos humanos de pessoas com defici\u00eancia (PCDs).","inLanguage":"pt-BR","potentialAction":[{"@type":"ReadAction","target":["https:\/\/redenoticiaz.com.br\/litoralsp\/2023\/10\/22\/denuncias-de-violacao-de-direitos-contra-pcds-tem-alta-de-150"]}]},{"@type":"ImageObject","inLanguage":"pt-BR","@id":"https:\/\/redenoticiaz.com.br\/litoralsp\/2023\/10\/22\/denuncias-de-violacao-de-direitos-contra-pcds-tem-alta-de-150#primaryimage","url":"https:\/\/redenoticiaz.com.br\/litoralsp\/wp-content\/uploads\/sites\/3\/2022\/02\/pcd-mais.jpg?v=1645652521","contentUrl":"https:\/\/redenoticiaz.com.br\/litoralsp\/wp-content\/uploads\/sites\/3\/2022\/02\/pcd-mais.jpg?v=1645652521","width":1100,"height":662,"caption":"Altera\u00e7\u00e3o nas regras para PCD. Foto: PCDmais"},{"@type":"WebSite","@id":"https:\/\/redenoticiaz.com.br\/litoralsp\/#website","url":"https:\/\/redenoticiaz.com.br\/litoralsp\/","name":"Litoral SP","description":"Rede NoticiaZ","publisher":{"@id":"https:\/\/redenoticiaz.com.br\/litoralsp\/#organization"},"potentialAction":[{"@type":"SearchAction","target":{"@type":"EntryPoint","urlTemplate":"https:\/\/redenoticiaz.com.br\/litoralsp\/?s={search_term_string}"},"query-input":{"@type":"PropertyValueSpecification","valueRequired":true,"valueName":"search_term_string"}}],"inLanguage":"pt-BR"},{"@type":"Organization","@id":"https:\/\/redenoticiaz.com.br\/litoralsp\/#organization","name":"Litoral SP","url":"https:\/\/redenoticiaz.com.br\/litoralsp\/","logo":{"@type":"ImageObject","inLanguage":"pt-BR","@id":"https:\/\/redenoticiaz.com.br\/litoralsp\/#\/schema\/logo\/image\/","url":"https:\/\/redenoticiaz.com.br\/litoralsp\/wp-content\/uploads\/sites\/3\/2020\/11\/logo.jpg","contentUrl":"https:\/\/redenoticiaz.com.br\/litoralsp\/wp-content\/uploads\/sites\/3\/2020\/11\/logo.jpg","width":400,"height":250,"caption":"Litoral SP"},"image":{"@id":"https:\/\/redenoticiaz.com.br\/litoralsp\/#\/schema\/logo\/image\/"}},{"@type":"Person","@id":"https:\/\/redenoticiaz.com.br\/litoralsp\/#\/schema\/person\/16057b37a3c0ee6b096d7f887c566e2e","name":"Gustavo Silva","image":{"@type":"ImageObject","inLanguage":"pt-BR","@id":"https:\/\/secure.gravatar.com\/avatar\/3ee4e82f93b26de0a7cf4ea5eb7893da637ed6bb0c9170c58065944c56e28a33?s=96&d=mm&r=g","url":"https:\/\/secure.gravatar.com\/avatar\/3ee4e82f93b26de0a7cf4ea5eb7893da637ed6bb0c9170c58065944c56e28a33?s=96&d=mm&r=g","contentUrl":"https:\/\/secure.gravatar.com\/avatar\/3ee4e82f93b26de0a7cf4ea5eb7893da637ed6bb0c9170c58065944c56e28a33?s=96&d=mm&r=g","caption":"Gustavo Silva"},"url":"https:\/\/redenoticiaz.com.br\/litoralsp\/author\/gustavosilva"}]}},"_links":{"self":[{"href":"https:\/\/redenoticiaz.com.br\/litoralsp\/wp-json\/wp\/v2\/posts\/111526","targetHints":{"allow":["GET"]}}],"collection":[{"href":"https:\/\/redenoticiaz.com.br\/litoralsp\/wp-json\/wp\/v2\/posts"}],"about":[{"href":"https:\/\/redenoticiaz.com.br\/litoralsp\/wp-json\/wp\/v2\/types\/post"}],"author":[{"embeddable":true,"href":"https:\/\/redenoticiaz.com.br\/litoralsp\/wp-json\/wp\/v2\/users\/12"}],"replies":[{"embeddable":true,"href":"https:\/\/redenoticiaz.com.br\/litoralsp\/wp-json\/wp\/v2\/comments?post=111526"}],"version-history":[{"count":0,"href":"https:\/\/redenoticiaz.com.br\/litoralsp\/wp-json\/wp\/v2\/posts\/111526\/revisions"}],"wp:featuredmedia":[{"embeddable":true,"href":"https:\/\/redenoticiaz.com.br\/litoralsp\/wp-json\/wp\/v2\/media\/24146"}],"wp:attachment":[{"href":"https:\/\/redenoticiaz.com.br\/litoralsp\/wp-json\/wp\/v2\/media?parent=111526"}],"wp:term":[{"taxonomy":"category","embeddable":true,"href":"https:\/\/redenoticiaz.com.br\/litoralsp\/wp-json\/wp\/v2\/categories?post=111526"},{"taxonomy":"post_tag","embeddable":true,"href":"https:\/\/redenoticiaz.com.br\/litoralsp\/wp-json\/wp\/v2\/tags?post=111526"}],"curies":[{"name":"wp","href":"https:\/\/api.w.org\/{rel}","templated":true}]}}