{"id":111527,"date":"2023-10-22T12:55:56","date_gmt":"2023-10-22T15:55:56","guid":{"rendered":"https:\/\/redenoticiaz.com.br\/litoralsp\/?p=111527"},"modified":"2023-10-19T21:00:45","modified_gmt":"2023-10-20T00:00:45","slug":"tcu-aponta-perdas-de-r-12-bilhao-com-vacinas-vencidas","status":"publish","type":"post","link":"https:\/\/redenoticiaz.com.br\/litoralsp\/2023\/10\/22\/tcu-aponta-perdas-de-r-12-bilhao-com-vacinas-vencidas","title":{"rendered":"TCU aponta perdas de R$ 1,2 bilh\u00e3o com vacinas vencidas"},"content":{"rendered":"<p>O Brasil desperdi\u00e7ou mais de 28 milh\u00f5es de doses de vacinas que perderam a validade, resultando em um preju\u00edzo de R$ 1,2 bilh\u00e3o. Os dados s\u00e3o de um ac\u00f3rd\u00e3o do Tribunal de Contas da Uni\u00e3o (TCU), aprovado nesta quarta-feira (18).<img decoding=\"async\" src=\"https:\/\/agenciabrasil.ebc.com.br\/ebc.png?id=1561846&amp;o=node\" \/><img decoding=\"async\" src=\"https:\/\/agenciabrasil.ebc.com.br\/ebc.gif?id=1561846&amp;o=node\" \/><\/p>\n<p>Nas secretarias municipais de Sa\u00fade, foi constatado um total de 23.668.186 doses vencidas, com preju\u00edzo de R$ 1,1 bilh\u00e3o.<\/p>\n<p>Nas secretarias estaduais, foram 2.296.096 doses e perdas de R$ 59,2 milh\u00f5es. J\u00e1 no almoxarifado do Minist\u00e9rio da Sa\u00fade, em Guarulhos (SP), constavam, 2.215.000 doses vencidas, correspondendo a perdas financeiras de R$ 55,6 milh\u00f5es.<\/p>\n<p>Segundo o relat\u00f3rio, as causas para as perdas n\u00e3o foram efetiva e individualmente identificadas pelo Minist\u00e9rio da Sa\u00fade, que as atribui apenas ao n\u00e3o atingimento da meta vacinal. \u201cA unidade t\u00e9cnica, por outro lado, acertadamente a meu ver, ponderou que devem ser decorrentes de m\u00faltiplas causas, a exemplo de falta ou atraso de registro de vacina\u00e7\u00e3o, n\u00e3o utiliza\u00e7\u00e3o do quantitativo de doses indicadas no frasco (perda de validade das vacinas por positiva\u00e7\u00e3o de temperatura e\/ou perdas decorrentes de manuseio), inconsist\u00eancia de registro de vacina\u00e7\u00e3o, rejei\u00e7\u00e3o de uso pela popula\u00e7\u00e3o de certo tipo de vacina\u201d, diz o relator, ministro Vital do R\u00eago.<\/p>\n<p>Os ministros decidiram, por unanimidade, determinar ao Minist\u00e9rio da Sa\u00fade que apresente em 15 dias planilhas de imunizantes atualizadas, referentes aos anos de 2022, 2023 e 2024, com dados de vacinas contra a covid-19, distribu\u00eddas ou a distribuir aos estados, aos munic\u00edpios e ao Distrito Federal. A pasta tamb\u00e9m deve apresentar em 30 dias um plano de a\u00e7\u00e3o, identificando as medidas a serem adotadas, para o monitoramento do processo de distribui\u00e7\u00e3o, vacina\u00e7\u00e3o e registro de vacinas contra a covid-19.<\/p>\n<p>O Minist\u00e9rio da Sa\u00fade ainda n\u00e3o se manifestou sobre a decis\u00e3o do TCU.<\/p>\n<p><strong>Leia mais<\/strong><\/p>\n<p><a href=\"https:\/\/redenoticiaz.com.br\/blog\/2023\/10\/19\/moto-roubada-e-recuperada-pela-policia-em-jundiai\">Moto roubada \u00e9 recuperada pela Pol\u00edcia em Jundia\u00ed<\/a><\/p>\n<p><a href=\"https:\/\/redenoticiaz.com.br\/blog\/2023\/10\/19\/ii-forum-da-saude-aborda-regionalizacao\">II F\u00f3rum da Sa\u00fade aborda regionaliza\u00e7\u00e3o<\/a><\/p>\n<p><a href=\"https:\/\/redenoticiaz.com.br\/blog\/2023\/10\/19\/filhotes-em-situacao-de-risco-sao-resgatados-pela-defesa-civil\">Filhotes em situa\u00e7\u00e3o de risco s\u00e3o resgatados pela Defesa Civil<\/a><\/p>\n","protected":false},"excerpt":{"rendered":"<p>O Brasil desperdi\u00e7ou mais de 28 milh\u00f5es de doses de vacinas que perderam a validade, resultando em um preju\u00edzo de R$ 1,2 bilh\u00e3o. Os dados s\u00e3o de um ac\u00f3rd\u00e3o do Tribunal de Contas da Uni\u00e3o (TCU), aprovado nesta quarta-feira (18). Nas secretarias municipais de Sa\u00fade, foi constatado um total de 23.668.186 doses vencidas, com preju\u00edzo &hellip;<\/p>\n","protected":false},"author":12,"featured_media":22093,"comment_status":"open","ping_status":"closed","sticky":false,"template":"","format":"standard","meta":{"footnotes":""},"categories":[23],"tags":[173,1810,23143,57704],"class_list":["post-111527","post","type-post","status-publish","format-standard","has-post-thumbnail","hentry","category-saude","tag-brasil","tag-ministerio-da-saude","tag-policia-2","tag-tcu"],"yoast_head":"<!-- This site is optimized with the Yoast SEO plugin v27.4 - https:\/\/yoast.com\/product\/yoast-seo-wordpress\/ -->\n<title>TCU aponta perdas de R$ 1,2 bilh\u00e3o com vacinas vencidas - Litoral SP<\/title>\n<meta name=\"description\" content=\"O Brasil desperdi\u00e7ou mais de 28 milh\u00f5es de doses de vacinas que perderam a validade, resultando em um preju\u00edzo de R$ 1,2 bilh\u00e3o.\" \/>\n<meta name=\"robots\" content=\"index, follow, max-snippet:-1, max-image-preview:large, max-video-preview:-1\" \/>\n<link rel=\"canonical\" href=\"https:\/\/redenoticiaz.com.br\/litoralsp\/2023\/10\/22\/tcu-aponta-perdas-de-r-12-bilhao-com-vacinas-vencidas\" \/>\n<meta property=\"og:locale\" content=\"pt_BR\" \/>\n<meta property=\"og:type\" content=\"article\" \/>\n<meta property=\"og:title\" content=\"TCU aponta perdas de R$ 1,2 bilh\u00e3o com vacinas vencidas - Litoral SP\" \/>\n<meta property=\"og:description\" content=\"O Brasil desperdi\u00e7ou mais de 28 milh\u00f5es de doses de vacinas que perderam a validade, resultando em um preju\u00edzo de R$ 1,2 bilh\u00e3o.\" \/>\n<meta property=\"og:url\" content=\"https:\/\/redenoticiaz.com.br\/litoralsp\/2023\/10\/22\/tcu-aponta-perdas-de-r-12-bilhao-com-vacinas-vencidas\" \/>\n<meta property=\"og:site_name\" content=\"Litoral SP\" \/>\n<meta property=\"article:published_time\" content=\"2023-10-22T15:55:56+00:00\" \/>\n<meta property=\"og:image\" content=\"https:\/\/redenoticiaz.com.br\/litoralsp\/wp-content\/uploads\/sites\/3\/2022\/01\/vacina_infantil_pfizer_1801220115.jpg\" \/>\n\t<meta property=\"og:image:width\" content=\"1170\" \/>\n\t<meta property=\"og:image:height\" content=\"700\" \/>\n\t<meta property=\"og:image:type\" content=\"image\/jpeg\" \/>\n<meta name=\"author\" content=\"Gustavo Silva\" \/>\n<meta name=\"twitter:card\" content=\"summary_large_image\" \/>\n<meta name=\"twitter:label1\" content=\"Escrito por\" \/>\n\t<meta name=\"twitter:data1\" content=\"Gustavo Silva\" \/>\n\t<meta name=\"twitter:label2\" content=\"Est. tempo de leitura\" \/>\n\t<meta name=\"twitter:data2\" content=\"3 minutos\" \/>\n<script type=\"application\/ld+json\" class=\"yoast-schema-graph\">{\"@context\":\"https:\\\/\\\/schema.org\",\"@graph\":[{\"@type\":\"Article\",\"@id\":\"https:\\\/\\\/redenoticiaz.com.br\\\/litoralsp\\\/2023\\\/10\\\/22\\\/tcu-aponta-perdas-de-r-12-bilhao-com-vacinas-vencidas#article\",\"isPartOf\":{\"@id\":\"https:\\\/\\\/redenoticiaz.com.br\\\/litoralsp\\\/2023\\\/10\\\/22\\\/tcu-aponta-perdas-de-r-12-bilhao-com-vacinas-vencidas\"},\"author\":{\"name\":\"Gustavo Silva\",\"@id\":\"https:\\\/\\\/redenoticiaz.com.br\\\/litoralsp\\\/#\\\/schema\\\/person\\\/16057b37a3c0ee6b096d7f887c566e2e\"},\"headline\":\"TCU aponta perdas de R$ 1,2 bilh\u00e3o com vacinas vencidas\",\"datePublished\":\"2023-10-22T15:55:56+00:00\",\"mainEntityOfPage\":{\"@id\":\"https:\\\/\\\/redenoticiaz.com.br\\\/litoralsp\\\/2023\\\/10\\\/22\\\/tcu-aponta-perdas-de-r-12-bilhao-com-vacinas-vencidas\"},\"wordCount\":357,\"commentCount\":0,\"publisher\":{\"@id\":\"https:\\\/\\\/redenoticiaz.com.br\\\/litoralsp\\\/#organization\"},\"image\":{\"@id\":\"https:\\\/\\\/redenoticiaz.com.br\\\/litoralsp\\\/2023\\\/10\\\/22\\\/tcu-aponta-perdas-de-r-12-bilhao-com-vacinas-vencidas#primaryimage\"},\"thumbnailUrl\":\"https:\\\/\\\/redenoticiaz.com.br\\\/litoralsp\\\/wp-content\\\/uploads\\\/sites\\\/3\\\/2022\\\/01\\\/vacina_infantil_pfizer_1801220115.jpg\",\"keywords\":[\"Brasil\",\"Minist\u00e9rio da Sa\u00fade\",\"POL\u00cdCIA\",\"TCU\"],\"articleSection\":[\"Sa\u00fade\"],\"inLanguage\":\"pt-BR\",\"potentialAction\":[{\"@type\":\"CommentAction\",\"name\":\"Comment\",\"target\":[\"https:\\\/\\\/redenoticiaz.com.br\\\/litoralsp\\\/2023\\\/10\\\/22\\\/tcu-aponta-perdas-de-r-12-bilhao-com-vacinas-vencidas#respond\"]}]},{\"@type\":\"WebPage\",\"@id\":\"https:\\\/\\\/redenoticiaz.com.br\\\/litoralsp\\\/2023\\\/10\\\/22\\\/tcu-aponta-perdas-de-r-12-bilhao-com-vacinas-vencidas\",\"url\":\"https:\\\/\\\/redenoticiaz.com.br\\\/litoralsp\\\/2023\\\/10\\\/22\\\/tcu-aponta-perdas-de-r-12-bilhao-com-vacinas-vencidas\",\"name\":\"TCU aponta perdas de R$ 1,2 bilh\u00e3o com vacinas vencidas - Litoral SP\",\"isPartOf\":{\"@id\":\"https:\\\/\\\/redenoticiaz.com.br\\\/litoralsp\\\/#website\"},\"primaryImageOfPage\":{\"@id\":\"https:\\\/\\\/redenoticiaz.com.br\\\/litoralsp\\\/2023\\\/10\\\/22\\\/tcu-aponta-perdas-de-r-12-bilhao-com-vacinas-vencidas#primaryimage\"},\"image\":{\"@id\":\"https:\\\/\\\/redenoticiaz.com.br\\\/litoralsp\\\/2023\\\/10\\\/22\\\/tcu-aponta-perdas-de-r-12-bilhao-com-vacinas-vencidas#primaryimage\"},\"thumbnailUrl\":\"https:\\\/\\\/redenoticiaz.com.br\\\/litoralsp\\\/wp-content\\\/uploads\\\/sites\\\/3\\\/2022\\\/01\\\/vacina_infantil_pfizer_1801220115.jpg\",\"datePublished\":\"2023-10-22T15:55:56+00:00\",\"description\":\"O Brasil desperdi\u00e7ou mais de 28 milh\u00f5es de doses de vacinas que perderam a validade, resultando em um preju\u00edzo de R$ 1,2 bilh\u00e3o.\",\"inLanguage\":\"pt-BR\",\"potentialAction\":[{\"@type\":\"ReadAction\",\"target\":[\"https:\\\/\\\/redenoticiaz.com.br\\\/litoralsp\\\/2023\\\/10\\\/22\\\/tcu-aponta-perdas-de-r-12-bilhao-com-vacinas-vencidas\"]}]},{\"@type\":\"ImageObject\",\"inLanguage\":\"pt-BR\",\"@id\":\"https:\\\/\\\/redenoticiaz.com.br\\\/litoralsp\\\/2023\\\/10\\\/22\\\/tcu-aponta-perdas-de-r-12-bilhao-com-vacinas-vencidas#primaryimage\",\"url\":\"https:\\\/\\\/redenoticiaz.com.br\\\/litoralsp\\\/wp-content\\\/uploads\\\/sites\\\/3\\\/2022\\\/01\\\/vacina_infantil_pfizer_1801220115.jpg\",\"contentUrl\":\"https:\\\/\\\/redenoticiaz.com.br\\\/litoralsp\\\/wp-content\\\/uploads\\\/sites\\\/3\\\/2022\\\/01\\\/vacina_infantil_pfizer_1801220115.jpg\",\"width\":1170,\"height\":700,\"caption\":\"Vacinas Covid-19 pedi\u00e1tricas da Pfizer-BioNTech. Foto: Myke Sena\\\/MS (Ag\u00eancia Brasil)\"},{\"@type\":\"WebSite\",\"@id\":\"https:\\\/\\\/redenoticiaz.com.br\\\/litoralsp\\\/#website\",\"url\":\"https:\\\/\\\/redenoticiaz.com.br\\\/litoralsp\\\/\",\"name\":\"Litoral SP\",\"description\":\"Rede NoticiaZ\",\"publisher\":{\"@id\":\"https:\\\/\\\/redenoticiaz.com.br\\\/litoralsp\\\/#organization\"},\"potentialAction\":[{\"@type\":\"SearchAction\",\"target\":{\"@type\":\"EntryPoint\",\"urlTemplate\":\"https:\\\/\\\/redenoticiaz.com.br\\\/litoralsp\\\/?s={search_term_string}\"},\"query-input\":{\"@type\":\"PropertyValueSpecification\",\"valueRequired\":true,\"valueName\":\"search_term_string\"}}],\"inLanguage\":\"pt-BR\"},{\"@type\":\"Organization\",\"@id\":\"https:\\\/\\\/redenoticiaz.com.br\\\/litoralsp\\\/#organization\",\"name\":\"Litoral SP\",\"url\":\"https:\\\/\\\/redenoticiaz.com.br\\\/litoralsp\\\/\",\"logo\":{\"@type\":\"ImageObject\",\"inLanguage\":\"pt-BR\",\"@id\":\"https:\\\/\\\/redenoticiaz.com.br\\\/litoralsp\\\/#\\\/schema\\\/logo\\\/image\\\/\",\"url\":\"https:\\\/\\\/redenoticiaz.com.br\\\/litoralsp\\\/wp-content\\\/uploads\\\/sites\\\/3\\\/2020\\\/11\\\/logo.jpg\",\"contentUrl\":\"https:\\\/\\\/redenoticiaz.com.br\\\/litoralsp\\\/wp-content\\\/uploads\\\/sites\\\/3\\\/2020\\\/11\\\/logo.jpg\",\"width\":400,\"height\":250,\"caption\":\"Litoral SP\"},\"image\":{\"@id\":\"https:\\\/\\\/redenoticiaz.com.br\\\/litoralsp\\\/#\\\/schema\\\/logo\\\/image\\\/\"}},{\"@type\":\"Person\",\"@id\":\"https:\\\/\\\/redenoticiaz.com.br\\\/litoralsp\\\/#\\\/schema\\\/person\\\/16057b37a3c0ee6b096d7f887c566e2e\",\"name\":\"Gustavo Silva\",\"image\":{\"@type\":\"ImageObject\",\"inLanguage\":\"pt-BR\",\"@id\":\"https:\\\/\\\/secure.gravatar.com\\\/avatar\\\/3ee4e82f93b26de0a7cf4ea5eb7893da637ed6bb0c9170c58065944c56e28a33?s=96&d=mm&r=g\",\"url\":\"https:\\\/\\\/secure.gravatar.com\\\/avatar\\\/3ee4e82f93b26de0a7cf4ea5eb7893da637ed6bb0c9170c58065944c56e28a33?s=96&d=mm&r=g\",\"contentUrl\":\"https:\\\/\\\/secure.gravatar.com\\\/avatar\\\/3ee4e82f93b26de0a7cf4ea5eb7893da637ed6bb0c9170c58065944c56e28a33?s=96&d=mm&r=g\",\"caption\":\"Gustavo Silva\"},\"url\":\"https:\\\/\\\/redenoticiaz.com.br\\\/litoralsp\\\/author\\\/gustavosilva\"}]}<\/script>\n<!-- \/ Yoast SEO plugin. -->","yoast_head_json":{"title":"TCU aponta perdas de R$ 1,2 bilh\u00e3o com vacinas vencidas - Litoral SP","description":"O Brasil desperdi\u00e7ou mais de 28 milh\u00f5es de doses de vacinas que perderam a validade, resultando em um preju\u00edzo de R$ 1,2 bilh\u00e3o.","robots":{"index":"index","follow":"follow","max-snippet":"max-snippet:-1","max-image-preview":"max-image-preview:large","max-video-preview":"max-video-preview:-1"},"canonical":"https:\/\/redenoticiaz.com.br\/litoralsp\/2023\/10\/22\/tcu-aponta-perdas-de-r-12-bilhao-com-vacinas-vencidas","og_locale":"pt_BR","og_type":"article","og_title":"TCU aponta perdas de R$ 1,2 bilh\u00e3o com vacinas vencidas - Litoral SP","og_description":"O Brasil desperdi\u00e7ou mais de 28 milh\u00f5es de doses de vacinas que perderam a validade, resultando em um preju\u00edzo de R$ 1,2 bilh\u00e3o.","og_url":"https:\/\/redenoticiaz.com.br\/litoralsp\/2023\/10\/22\/tcu-aponta-perdas-de-r-12-bilhao-com-vacinas-vencidas","og_site_name":"Litoral SP","article_published_time":"2023-10-22T15:55:56+00:00","og_image":[{"width":1170,"height":700,"url":"https:\/\/redenoticiaz.com.br\/litoralsp\/wp-content\/uploads\/sites\/3\/2022\/01\/vacina_infantil_pfizer_1801220115.jpg","type":"image\/jpeg"}],"author":"Gustavo Silva","twitter_card":"summary_large_image","twitter_misc":{"Escrito por":"Gustavo Silva","Est. tempo de leitura":"3 minutos"},"schema":{"@context":"https:\/\/schema.org","@graph":[{"@type":"Article","@id":"https:\/\/redenoticiaz.com.br\/litoralsp\/2023\/10\/22\/tcu-aponta-perdas-de-r-12-bilhao-com-vacinas-vencidas#article","isPartOf":{"@id":"https:\/\/redenoticiaz.com.br\/litoralsp\/2023\/10\/22\/tcu-aponta-perdas-de-r-12-bilhao-com-vacinas-vencidas"},"author":{"name":"Gustavo Silva","@id":"https:\/\/redenoticiaz.com.br\/litoralsp\/#\/schema\/person\/16057b37a3c0ee6b096d7f887c566e2e"},"headline":"TCU aponta perdas de R$ 1,2 bilh\u00e3o com vacinas vencidas","datePublished":"2023-10-22T15:55:56+00:00","mainEntityOfPage":{"@id":"https:\/\/redenoticiaz.com.br\/litoralsp\/2023\/10\/22\/tcu-aponta-perdas-de-r-12-bilhao-com-vacinas-vencidas"},"wordCount":357,"commentCount":0,"publisher":{"@id":"https:\/\/redenoticiaz.com.br\/litoralsp\/#organization"},"image":{"@id":"https:\/\/redenoticiaz.com.br\/litoralsp\/2023\/10\/22\/tcu-aponta-perdas-de-r-12-bilhao-com-vacinas-vencidas#primaryimage"},"thumbnailUrl":"https:\/\/redenoticiaz.com.br\/litoralsp\/wp-content\/uploads\/sites\/3\/2022\/01\/vacina_infantil_pfizer_1801220115.jpg","keywords":["Brasil","Minist\u00e9rio da Sa\u00fade","POL\u00cdCIA","TCU"],"articleSection":["Sa\u00fade"],"inLanguage":"pt-BR","potentialAction":[{"@type":"CommentAction","name":"Comment","target":["https:\/\/redenoticiaz.com.br\/litoralsp\/2023\/10\/22\/tcu-aponta-perdas-de-r-12-bilhao-com-vacinas-vencidas#respond"]}]},{"@type":"WebPage","@id":"https:\/\/redenoticiaz.com.br\/litoralsp\/2023\/10\/22\/tcu-aponta-perdas-de-r-12-bilhao-com-vacinas-vencidas","url":"https:\/\/redenoticiaz.com.br\/litoralsp\/2023\/10\/22\/tcu-aponta-perdas-de-r-12-bilhao-com-vacinas-vencidas","name":"TCU aponta perdas de R$ 1,2 bilh\u00e3o com vacinas vencidas - Litoral SP","isPartOf":{"@id":"https:\/\/redenoticiaz.com.br\/litoralsp\/#website"},"primaryImageOfPage":{"@id":"https:\/\/redenoticiaz.com.br\/litoralsp\/2023\/10\/22\/tcu-aponta-perdas-de-r-12-bilhao-com-vacinas-vencidas#primaryimage"},"image":{"@id":"https:\/\/redenoticiaz.com.br\/litoralsp\/2023\/10\/22\/tcu-aponta-perdas-de-r-12-bilhao-com-vacinas-vencidas#primaryimage"},"thumbnailUrl":"https:\/\/redenoticiaz.com.br\/litoralsp\/wp-content\/uploads\/sites\/3\/2022\/01\/vacina_infantil_pfizer_1801220115.jpg","datePublished":"2023-10-22T15:55:56+00:00","description":"O Brasil desperdi\u00e7ou mais de 28 milh\u00f5es de doses de vacinas que perderam a validade, resultando em um preju\u00edzo de R$ 1,2 bilh\u00e3o.","inLanguage":"pt-BR","potentialAction":[{"@type":"ReadAction","target":["https:\/\/redenoticiaz.com.br\/litoralsp\/2023\/10\/22\/tcu-aponta-perdas-de-r-12-bilhao-com-vacinas-vencidas"]}]},{"@type":"ImageObject","inLanguage":"pt-BR","@id":"https:\/\/redenoticiaz.com.br\/litoralsp\/2023\/10\/22\/tcu-aponta-perdas-de-r-12-bilhao-com-vacinas-vencidas#primaryimage","url":"https:\/\/redenoticiaz.com.br\/litoralsp\/wp-content\/uploads\/sites\/3\/2022\/01\/vacina_infantil_pfizer_1801220115.jpg","contentUrl":"https:\/\/redenoticiaz.com.br\/litoralsp\/wp-content\/uploads\/sites\/3\/2022\/01\/vacina_infantil_pfizer_1801220115.jpg","width":1170,"height":700,"caption":"Vacinas Covid-19 pedi\u00e1tricas da Pfizer-BioNTech. Foto: Myke Sena\/MS (Ag\u00eancia Brasil)"},{"@type":"WebSite","@id":"https:\/\/redenoticiaz.com.br\/litoralsp\/#website","url":"https:\/\/redenoticiaz.com.br\/litoralsp\/","name":"Litoral SP","description":"Rede NoticiaZ","publisher":{"@id":"https:\/\/redenoticiaz.com.br\/litoralsp\/#organization"},"potentialAction":[{"@type":"SearchAction","target":{"@type":"EntryPoint","urlTemplate":"https:\/\/redenoticiaz.com.br\/litoralsp\/?s={search_term_string}"},"query-input":{"@type":"PropertyValueSpecification","valueRequired":true,"valueName":"search_term_string"}}],"inLanguage":"pt-BR"},{"@type":"Organization","@id":"https:\/\/redenoticiaz.com.br\/litoralsp\/#organization","name":"Litoral SP","url":"https:\/\/redenoticiaz.com.br\/litoralsp\/","logo":{"@type":"ImageObject","inLanguage":"pt-BR","@id":"https:\/\/redenoticiaz.com.br\/litoralsp\/#\/schema\/logo\/image\/","url":"https:\/\/redenoticiaz.com.br\/litoralsp\/wp-content\/uploads\/sites\/3\/2020\/11\/logo.jpg","contentUrl":"https:\/\/redenoticiaz.com.br\/litoralsp\/wp-content\/uploads\/sites\/3\/2020\/11\/logo.jpg","width":400,"height":250,"caption":"Litoral SP"},"image":{"@id":"https:\/\/redenoticiaz.com.br\/litoralsp\/#\/schema\/logo\/image\/"}},{"@type":"Person","@id":"https:\/\/redenoticiaz.com.br\/litoralsp\/#\/schema\/person\/16057b37a3c0ee6b096d7f887c566e2e","name":"Gustavo Silva","image":{"@type":"ImageObject","inLanguage":"pt-BR","@id":"https:\/\/secure.gravatar.com\/avatar\/3ee4e82f93b26de0a7cf4ea5eb7893da637ed6bb0c9170c58065944c56e28a33?s=96&d=mm&r=g","url":"https:\/\/secure.gravatar.com\/avatar\/3ee4e82f93b26de0a7cf4ea5eb7893da637ed6bb0c9170c58065944c56e28a33?s=96&d=mm&r=g","contentUrl":"https:\/\/secure.gravatar.com\/avatar\/3ee4e82f93b26de0a7cf4ea5eb7893da637ed6bb0c9170c58065944c56e28a33?s=96&d=mm&r=g","caption":"Gustavo Silva"},"url":"https:\/\/redenoticiaz.com.br\/litoralsp\/author\/gustavosilva"}]}},"_links":{"self":[{"href":"https:\/\/redenoticiaz.com.br\/litoralsp\/wp-json\/wp\/v2\/posts\/111527","targetHints":{"allow":["GET"]}}],"collection":[{"href":"https:\/\/redenoticiaz.com.br\/litoralsp\/wp-json\/wp\/v2\/posts"}],"about":[{"href":"https:\/\/redenoticiaz.com.br\/litoralsp\/wp-json\/wp\/v2\/types\/post"}],"author":[{"embeddable":true,"href":"https:\/\/redenoticiaz.com.br\/litoralsp\/wp-json\/wp\/v2\/users\/12"}],"replies":[{"embeddable":true,"href":"https:\/\/redenoticiaz.com.br\/litoralsp\/wp-json\/wp\/v2\/comments?post=111527"}],"version-history":[{"count":0,"href":"https:\/\/redenoticiaz.com.br\/litoralsp\/wp-json\/wp\/v2\/posts\/111527\/revisions"}],"wp:featuredmedia":[{"embeddable":true,"href":"https:\/\/redenoticiaz.com.br\/litoralsp\/wp-json\/wp\/v2\/media\/22093"}],"wp:attachment":[{"href":"https:\/\/redenoticiaz.com.br\/litoralsp\/wp-json\/wp\/v2\/media?parent=111527"}],"wp:term":[{"taxonomy":"category","embeddable":true,"href":"https:\/\/redenoticiaz.com.br\/litoralsp\/wp-json\/wp\/v2\/categories?post=111527"},{"taxonomy":"post_tag","embeddable":true,"href":"https:\/\/redenoticiaz.com.br\/litoralsp\/wp-json\/wp\/v2\/tags?post=111527"}],"curies":[{"name":"wp","href":"https:\/\/api.w.org\/{rel}","templated":true}]}}