{"id":111596,"date":"2023-10-23T16:05:13","date_gmt":"2023-10-23T19:05:13","guid":{"rendered":"https:\/\/redenoticiaz.com.br\/litoralsp\/?p=111596"},"modified":"2023-10-24T17:30:07","modified_gmt":"2023-10-24T20:30:07","slug":"guaruja-decide-adotar-medidas-restritivas-ate-o-fim-deste-ano","status":"publish","type":"post","link":"https:\/\/redenoticiaz.com.br\/litoralsp\/2023\/10\/23\/guaruja-decide-adotar-medidas-restritivas-ate-o-fim-deste-ano","title":{"rendered":"Guaruj\u00e1 decide adotar medidas restritivas at\u00e9 o fim deste ano"},"content":{"rendered":"<p data-raofz=\"17\">A Prefeitura de Guaruj\u00e1 anuncia medidas de contingenciamento or\u00e7ament\u00e1rio e financeiro. A resolu\u00e7\u00e3o 001\/2023 foi publicada na edi\u00e7\u00e3o desta sexta-feira (20) do Di\u00e1rio Oficial do Munic\u00edpio.<u><\/u><u><\/u><\/p>\n<p data-raofz=\"17\">De acordo com as informa\u00e7\u00f5es, a Secretaria de Finan\u00e7as da Cidade monitora a din\u00e2mica do or\u00e7amento e passou os \u00faltimos meses fazendo um minucioso processo de revis\u00e3o.<\/p>\n<p data-raofz=\"17\">Ainda de acordo com as informa\u00e7\u00f5es, como medida preventiva, est\u00e3o sendo adotadas medidas mais restritivas para os meses de novembro e dezembro deste ano.<\/p>\n<p data-raofz=\"17\">O objetivo \u00e9 economizar ao menos R$ 30 milh\u00f5es.<u><\/u><u><\/u><\/p>\n<p data-raofz=\"17\">O pacote de austeridade se d\u00e1 principalmente devido \u00e0 diminui\u00e7\u00e3o de repasses como Imposto sobre Circula\u00e7\u00e3o de Mercadorias e Servi\u00e7os (ICMS), Fundo de Manuten\u00e7\u00e3o e Desenvolvimento da Educa\u00e7\u00e3o B\u00e1sica e de Valoriza\u00e7\u00e3o dos Profissionais da Educa\u00e7\u00e3o (Fundeb), Sistema \u00danico de Sa\u00fade (SUS) e Fundo de Participa\u00e7\u00e3o dos Munic\u00edpios (FPM). At\u00e9 o final deste ano, a Prefeitura de Guaruj\u00e1 ainda prev\u00ea o pagamento total de R$ 88 milh\u00f5es somente em precat\u00f3rios.<u><\/u><u><\/u><\/p>\n<p data-raofz=\"17\">As medidas t\u00eam como objetivo principal a necessidade de conten\u00e7\u00e3o e a redu\u00e7\u00e3o de despesas, otimiza\u00e7\u00e3o dos recursos existentes e qualifica\u00e7\u00e3o do gasto p\u00fablico, primando pela efici\u00eancia na gest\u00e3o governamental, considerando principalmente o cen\u00e1rio econ\u00f4mico nacional, que tem refletido na receita do Munic\u00edpio.<\/p>\n<p data-raofz=\"17\"><strong>Leia mais<\/strong><\/p>\n<p data-raofz=\"17\"><a href=\"https:\/\/redenoticiaz.com.br\/litoralsp\/2023\/10\/19\/treinamentos-para-operacao-chuvas-de-verao-e-realizado-em-guaruja\">Treinamentos para Opera\u00e7\u00e3o Chuvas de Ver\u00e3o \u00e9 realizado em Guaruj\u00e1<\/a><\/p>\n<p data-raofz=\"17\"><a href=\"https:\/\/redenoticiaz.com.br\/litoralsp\/2023\/10\/09\/investigacao-conclui-investigacao-da-morte-de-bilionario-em-guaruja\">Investiga\u00e7\u00e3o conclui investiga\u00e7\u00e3o da morte de Bilion\u00e1rio em Guaruj\u00e1<\/a><\/p>\n<p data-raofz=\"17\"><a href=\"https:\/\/redenoticiaz.com.br\/litoralsp\/2023\/10\/04\/travessia-entre-santos-e-guaruja-ira-receber-investimento-de-r-724-milhoes\">Guaruj\u00e1 tem queda de 34% nos \u00edndices de roubos<\/a><\/p>\n","protected":false},"excerpt":{"rendered":"<p>A Prefeitura de Guaruj\u00e1 anuncia medidas de contingenciamento or\u00e7ament\u00e1rio e financeiro. A resolu\u00e7\u00e3o 001\/2023 foi publicada na edi\u00e7\u00e3o desta sexta-feira (20) do Di\u00e1rio Oficial do Munic\u00edpio. De acordo com as informa\u00e7\u00f5es, a Secretaria de Finan\u00e7as da Cidade monitora a din\u00e2mica do or\u00e7amento e passou os \u00faltimos meses fazendo um minucioso processo de revis\u00e3o. Ainda de &hellip;<\/p>\n","protected":false},"author":12,"featured_media":100299,"comment_status":"open","ping_status":"closed","sticky":false,"template":"","format":"standard","meta":{"footnotes":""},"categories":[187,15],"tags":[60850,67430,6426],"class_list":["post-111596","post","type-post","status-publish","format-standard","has-post-thumbnail","hentry","category-guaruja","category-politica","tag-diario-oficial","tag-fundeb","tag-guaruja-2"],"yoast_head":"<!-- This site is optimized with the Yoast SEO plugin v27.4 - https:\/\/yoast.com\/product\/yoast-seo-wordpress\/ -->\n<title>Guaruj\u00e1 decide adotar medidas restritivas at\u00e9 o fim deste ano - Litoral SP<\/title>\n<meta name=\"description\" content=\"A Prefeitura de Guaruj\u00e1 anuncia medidas de contingenciamento or\u00e7ament\u00e1rio e financeiro. A resolu\u00e7\u00e3o 001\/2023 foi publicada na edi\u00e7\u00e3o desta sexta-feira (20) do Di\u00e1rio Oficial do Munic\u00edpio.\" \/>\n<meta name=\"robots\" content=\"index, follow, max-snippet:-1, max-image-preview:large, max-video-preview:-1\" \/>\n<link rel=\"canonical\" href=\"https:\/\/redenoticiaz.com.br\/litoralsp\/2023\/10\/23\/guaruja-decide-adotar-medidas-restritivas-ate-o-fim-deste-ano\" \/>\n<meta property=\"og:locale\" content=\"pt_BR\" \/>\n<meta property=\"og:type\" content=\"article\" \/>\n<meta property=\"og:title\" content=\"Guaruj\u00e1 decide adotar medidas restritivas at\u00e9 o fim deste ano - Litoral SP\" \/>\n<meta property=\"og:description\" content=\"A Prefeitura de Guaruj\u00e1 anuncia medidas de contingenciamento or\u00e7ament\u00e1rio e financeiro. A resolu\u00e7\u00e3o 001\/2023 foi publicada na edi\u00e7\u00e3o desta sexta-feira (20) do Di\u00e1rio Oficial do Munic\u00edpio.\" \/>\n<meta property=\"og:url\" content=\"https:\/\/redenoticiaz.com.br\/litoralsp\/2023\/10\/23\/guaruja-decide-adotar-medidas-restritivas-ate-o-fim-deste-ano\" \/>\n<meta property=\"og:site_name\" content=\"Litoral SP\" \/>\n<meta property=\"article:published_time\" content=\"2023-10-23T19:05:13+00:00\" \/>\n<meta property=\"article:modified_time\" content=\"2023-10-24T20:30:07+00:00\" \/>\n<meta property=\"og:image\" content=\"https:\/\/redenoticiaz.com.br\/litoralsp\/wp-content\/uploads\/sites\/3\/2023\/02\/52246913896_6b9b5617c0_k-1024x683-1.jpg\" \/>\n\t<meta property=\"og:image:width\" content=\"1024\" \/>\n\t<meta property=\"og:image:height\" content=\"683\" \/>\n\t<meta property=\"og:image:type\" content=\"image\/jpeg\" \/>\n<meta name=\"author\" content=\"Gustavo Silva\" \/>\n<meta name=\"twitter:card\" content=\"summary_large_image\" \/>\n<meta name=\"twitter:label1\" content=\"Escrito por\" \/>\n\t<meta name=\"twitter:data1\" content=\"Gustavo Silva\" \/>\n\t<meta name=\"twitter:label2\" content=\"Est. tempo de leitura\" \/>\n\t<meta name=\"twitter:data2\" content=\"2 minutos\" \/>\n<script type=\"application\/ld+json\" class=\"yoast-schema-graph\">{\"@context\":\"https:\\\/\\\/schema.org\",\"@graph\":[{\"@type\":\"Article\",\"@id\":\"https:\\\/\\\/redenoticiaz.com.br\\\/litoralsp\\\/2023\\\/10\\\/23\\\/guaruja-decide-adotar-medidas-restritivas-ate-o-fim-deste-ano#article\",\"isPartOf\":{\"@id\":\"https:\\\/\\\/redenoticiaz.com.br\\\/litoralsp\\\/2023\\\/10\\\/23\\\/guaruja-decide-adotar-medidas-restritivas-ate-o-fim-deste-ano\"},\"author\":{\"name\":\"Gustavo Silva\",\"@id\":\"https:\\\/\\\/redenoticiaz.com.br\\\/litoralsp\\\/#\\\/schema\\\/person\\\/16057b37a3c0ee6b096d7f887c566e2e\"},\"headline\":\"Guaruj\u00e1 decide adotar medidas restritivas at\u00e9 o fim deste ano\",\"datePublished\":\"2023-10-23T19:05:13+00:00\",\"dateModified\":\"2023-10-24T20:30:07+00:00\",\"mainEntityOfPage\":{\"@id\":\"https:\\\/\\\/redenoticiaz.com.br\\\/litoralsp\\\/2023\\\/10\\\/23\\\/guaruja-decide-adotar-medidas-restritivas-ate-o-fim-deste-ano\"},\"wordCount\":274,\"commentCount\":0,\"publisher\":{\"@id\":\"https:\\\/\\\/redenoticiaz.com.br\\\/litoralsp\\\/#organization\"},\"image\":{\"@id\":\"https:\\\/\\\/redenoticiaz.com.br\\\/litoralsp\\\/2023\\\/10\\\/23\\\/guaruja-decide-adotar-medidas-restritivas-ate-o-fim-deste-ano#primaryimage\"},\"thumbnailUrl\":\"https:\\\/\\\/redenoticiaz.com.br\\\/litoralsp\\\/wp-content\\\/uploads\\\/sites\\\/3\\\/2023\\\/02\\\/52246913896_6b9b5617c0_k-1024x683-1.jpg\",\"keywords\":[\"Di\u00e1rio Oficial\",\"Fundeb\",\"Guaruj\u00e1\"],\"articleSection\":[\"Guaruj\u00e1\",\"Pol\u00edtica\"],\"inLanguage\":\"pt-BR\",\"potentialAction\":[{\"@type\":\"CommentAction\",\"name\":\"Comment\",\"target\":[\"https:\\\/\\\/redenoticiaz.com.br\\\/litoralsp\\\/2023\\\/10\\\/23\\\/guaruja-decide-adotar-medidas-restritivas-ate-o-fim-deste-ano#respond\"]}]},{\"@type\":\"WebPage\",\"@id\":\"https:\\\/\\\/redenoticiaz.com.br\\\/litoralsp\\\/2023\\\/10\\\/23\\\/guaruja-decide-adotar-medidas-restritivas-ate-o-fim-deste-ano\",\"url\":\"https:\\\/\\\/redenoticiaz.com.br\\\/litoralsp\\\/2023\\\/10\\\/23\\\/guaruja-decide-adotar-medidas-restritivas-ate-o-fim-deste-ano\",\"name\":\"Guaruj\u00e1 decide adotar medidas restritivas at\u00e9 o fim deste ano - Litoral SP\",\"isPartOf\":{\"@id\":\"https:\\\/\\\/redenoticiaz.com.br\\\/litoralsp\\\/#website\"},\"primaryImageOfPage\":{\"@id\":\"https:\\\/\\\/redenoticiaz.com.br\\\/litoralsp\\\/2023\\\/10\\\/23\\\/guaruja-decide-adotar-medidas-restritivas-ate-o-fim-deste-ano#primaryimage\"},\"image\":{\"@id\":\"https:\\\/\\\/redenoticiaz.com.br\\\/litoralsp\\\/2023\\\/10\\\/23\\\/guaruja-decide-adotar-medidas-restritivas-ate-o-fim-deste-ano#primaryimage\"},\"thumbnailUrl\":\"https:\\\/\\\/redenoticiaz.com.br\\\/litoralsp\\\/wp-content\\\/uploads\\\/sites\\\/3\\\/2023\\\/02\\\/52246913896_6b9b5617c0_k-1024x683-1.jpg\",\"datePublished\":\"2023-10-23T19:05:13+00:00\",\"dateModified\":\"2023-10-24T20:30:07+00:00\",\"description\":\"A Prefeitura de Guaruj\u00e1 anuncia medidas de contingenciamento or\u00e7ament\u00e1rio e financeiro. A resolu\u00e7\u00e3o 001\\\/2023 foi publicada na edi\u00e7\u00e3o desta sexta-feira (20) do Di\u00e1rio Oficial do Munic\u00edpio.\",\"inLanguage\":\"pt-BR\",\"potentialAction\":[{\"@type\":\"ReadAction\",\"target\":[\"https:\\\/\\\/redenoticiaz.com.br\\\/litoralsp\\\/2023\\\/10\\\/23\\\/guaruja-decide-adotar-medidas-restritivas-ate-o-fim-deste-ano\"]}]},{\"@type\":\"ImageObject\",\"inLanguage\":\"pt-BR\",\"@id\":\"https:\\\/\\\/redenoticiaz.com.br\\\/litoralsp\\\/2023\\\/10\\\/23\\\/guaruja-decide-adotar-medidas-restritivas-ate-o-fim-deste-ano#primaryimage\",\"url\":\"https:\\\/\\\/redenoticiaz.com.br\\\/litoralsp\\\/wp-content\\\/uploads\\\/sites\\\/3\\\/2023\\\/02\\\/52246913896_6b9b5617c0_k-1024x683-1.jpg\",\"contentUrl\":\"https:\\\/\\\/redenoticiaz.com.br\\\/litoralsp\\\/wp-content\\\/uploads\\\/sites\\\/3\\\/2023\\\/02\\\/52246913896_6b9b5617c0_k-1024x683-1.jpg\",\"width\":1024,\"height\":683,\"caption\":\"Guaruj\u00e1 ter\u00e1 primeiro \u00f4nibus de grande porte 100% el\u00e9trico da Baixada Santista\"},{\"@type\":\"WebSite\",\"@id\":\"https:\\\/\\\/redenoticiaz.com.br\\\/litoralsp\\\/#website\",\"url\":\"https:\\\/\\\/redenoticiaz.com.br\\\/litoralsp\\\/\",\"name\":\"Litoral SP\",\"description\":\"Rede NoticiaZ\",\"publisher\":{\"@id\":\"https:\\\/\\\/redenoticiaz.com.br\\\/litoralsp\\\/#organization\"},\"potentialAction\":[{\"@type\":\"SearchAction\",\"target\":{\"@type\":\"EntryPoint\",\"urlTemplate\":\"https:\\\/\\\/redenoticiaz.com.br\\\/litoralsp\\\/?s={search_term_string}\"},\"query-input\":{\"@type\":\"PropertyValueSpecification\",\"valueRequired\":true,\"valueName\":\"search_term_string\"}}],\"inLanguage\":\"pt-BR\"},{\"@type\":\"Organization\",\"@id\":\"https:\\\/\\\/redenoticiaz.com.br\\\/litoralsp\\\/#organization\",\"name\":\"Litoral SP\",\"url\":\"https:\\\/\\\/redenoticiaz.com.br\\\/litoralsp\\\/\",\"logo\":{\"@type\":\"ImageObject\",\"inLanguage\":\"pt-BR\",\"@id\":\"https:\\\/\\\/redenoticiaz.com.br\\\/litoralsp\\\/#\\\/schema\\\/logo\\\/image\\\/\",\"url\":\"https:\\\/\\\/redenoticiaz.com.br\\\/litoralsp\\\/wp-content\\\/uploads\\\/sites\\\/3\\\/2020\\\/11\\\/logo.jpg\",\"contentUrl\":\"https:\\\/\\\/redenoticiaz.com.br\\\/litoralsp\\\/wp-content\\\/uploads\\\/sites\\\/3\\\/2020\\\/11\\\/logo.jpg\",\"width\":400,\"height\":250,\"caption\":\"Litoral SP\"},\"image\":{\"@id\":\"https:\\\/\\\/redenoticiaz.com.br\\\/litoralsp\\\/#\\\/schema\\\/logo\\\/image\\\/\"}},{\"@type\":\"Person\",\"@id\":\"https:\\\/\\\/redenoticiaz.com.br\\\/litoralsp\\\/#\\\/schema\\\/person\\\/16057b37a3c0ee6b096d7f887c566e2e\",\"name\":\"Gustavo Silva\",\"image\":{\"@type\":\"ImageObject\",\"inLanguage\":\"pt-BR\",\"@id\":\"https:\\\/\\\/secure.gravatar.com\\\/avatar\\\/3ee4e82f93b26de0a7cf4ea5eb7893da637ed6bb0c9170c58065944c56e28a33?s=96&d=mm&r=g\",\"url\":\"https:\\\/\\\/secure.gravatar.com\\\/avatar\\\/3ee4e82f93b26de0a7cf4ea5eb7893da637ed6bb0c9170c58065944c56e28a33?s=96&d=mm&r=g\",\"contentUrl\":\"https:\\\/\\\/secure.gravatar.com\\\/avatar\\\/3ee4e82f93b26de0a7cf4ea5eb7893da637ed6bb0c9170c58065944c56e28a33?s=96&d=mm&r=g\",\"caption\":\"Gustavo Silva\"},\"url\":\"https:\\\/\\\/redenoticiaz.com.br\\\/litoralsp\\\/author\\\/gustavosilva\"}]}<\/script>\n<!-- \/ Yoast SEO plugin. -->","yoast_head_json":{"title":"Guaruj\u00e1 decide adotar medidas restritivas at\u00e9 o fim deste ano - Litoral SP","description":"A Prefeitura de Guaruj\u00e1 anuncia medidas de contingenciamento or\u00e7ament\u00e1rio e financeiro. A resolu\u00e7\u00e3o 001\/2023 foi publicada na edi\u00e7\u00e3o desta sexta-feira (20) do Di\u00e1rio Oficial do Munic\u00edpio.","robots":{"index":"index","follow":"follow","max-snippet":"max-snippet:-1","max-image-preview":"max-image-preview:large","max-video-preview":"max-video-preview:-1"},"canonical":"https:\/\/redenoticiaz.com.br\/litoralsp\/2023\/10\/23\/guaruja-decide-adotar-medidas-restritivas-ate-o-fim-deste-ano","og_locale":"pt_BR","og_type":"article","og_title":"Guaruj\u00e1 decide adotar medidas restritivas at\u00e9 o fim deste ano - Litoral SP","og_description":"A Prefeitura de Guaruj\u00e1 anuncia medidas de contingenciamento or\u00e7ament\u00e1rio e financeiro. A resolu\u00e7\u00e3o 001\/2023 foi publicada na edi\u00e7\u00e3o desta sexta-feira (20) do Di\u00e1rio Oficial do Munic\u00edpio.","og_url":"https:\/\/redenoticiaz.com.br\/litoralsp\/2023\/10\/23\/guaruja-decide-adotar-medidas-restritivas-ate-o-fim-deste-ano","og_site_name":"Litoral SP","article_published_time":"2023-10-23T19:05:13+00:00","article_modified_time":"2023-10-24T20:30:07+00:00","og_image":[{"width":1024,"height":683,"url":"https:\/\/redenoticiaz.com.br\/litoralsp\/wp-content\/uploads\/sites\/3\/2023\/02\/52246913896_6b9b5617c0_k-1024x683-1.jpg","type":"image\/jpeg"}],"author":"Gustavo Silva","twitter_card":"summary_large_image","twitter_misc":{"Escrito por":"Gustavo Silva","Est. tempo de leitura":"2 minutos"},"schema":{"@context":"https:\/\/schema.org","@graph":[{"@type":"Article","@id":"https:\/\/redenoticiaz.com.br\/litoralsp\/2023\/10\/23\/guaruja-decide-adotar-medidas-restritivas-ate-o-fim-deste-ano#article","isPartOf":{"@id":"https:\/\/redenoticiaz.com.br\/litoralsp\/2023\/10\/23\/guaruja-decide-adotar-medidas-restritivas-ate-o-fim-deste-ano"},"author":{"name":"Gustavo Silva","@id":"https:\/\/redenoticiaz.com.br\/litoralsp\/#\/schema\/person\/16057b37a3c0ee6b096d7f887c566e2e"},"headline":"Guaruj\u00e1 decide adotar medidas restritivas at\u00e9 o fim deste ano","datePublished":"2023-10-23T19:05:13+00:00","dateModified":"2023-10-24T20:30:07+00:00","mainEntityOfPage":{"@id":"https:\/\/redenoticiaz.com.br\/litoralsp\/2023\/10\/23\/guaruja-decide-adotar-medidas-restritivas-ate-o-fim-deste-ano"},"wordCount":274,"commentCount":0,"publisher":{"@id":"https:\/\/redenoticiaz.com.br\/litoralsp\/#organization"},"image":{"@id":"https:\/\/redenoticiaz.com.br\/litoralsp\/2023\/10\/23\/guaruja-decide-adotar-medidas-restritivas-ate-o-fim-deste-ano#primaryimage"},"thumbnailUrl":"https:\/\/redenoticiaz.com.br\/litoralsp\/wp-content\/uploads\/sites\/3\/2023\/02\/52246913896_6b9b5617c0_k-1024x683-1.jpg","keywords":["Di\u00e1rio Oficial","Fundeb","Guaruj\u00e1"],"articleSection":["Guaruj\u00e1","Pol\u00edtica"],"inLanguage":"pt-BR","potentialAction":[{"@type":"CommentAction","name":"Comment","target":["https:\/\/redenoticiaz.com.br\/litoralsp\/2023\/10\/23\/guaruja-decide-adotar-medidas-restritivas-ate-o-fim-deste-ano#respond"]}]},{"@type":"WebPage","@id":"https:\/\/redenoticiaz.com.br\/litoralsp\/2023\/10\/23\/guaruja-decide-adotar-medidas-restritivas-ate-o-fim-deste-ano","url":"https:\/\/redenoticiaz.com.br\/litoralsp\/2023\/10\/23\/guaruja-decide-adotar-medidas-restritivas-ate-o-fim-deste-ano","name":"Guaruj\u00e1 decide adotar medidas restritivas at\u00e9 o fim deste ano - Litoral SP","isPartOf":{"@id":"https:\/\/redenoticiaz.com.br\/litoralsp\/#website"},"primaryImageOfPage":{"@id":"https:\/\/redenoticiaz.com.br\/litoralsp\/2023\/10\/23\/guaruja-decide-adotar-medidas-restritivas-ate-o-fim-deste-ano#primaryimage"},"image":{"@id":"https:\/\/redenoticiaz.com.br\/litoralsp\/2023\/10\/23\/guaruja-decide-adotar-medidas-restritivas-ate-o-fim-deste-ano#primaryimage"},"thumbnailUrl":"https:\/\/redenoticiaz.com.br\/litoralsp\/wp-content\/uploads\/sites\/3\/2023\/02\/52246913896_6b9b5617c0_k-1024x683-1.jpg","datePublished":"2023-10-23T19:05:13+00:00","dateModified":"2023-10-24T20:30:07+00:00","description":"A Prefeitura de Guaruj\u00e1 anuncia medidas de contingenciamento or\u00e7ament\u00e1rio e financeiro. A resolu\u00e7\u00e3o 001\/2023 foi publicada na edi\u00e7\u00e3o desta sexta-feira (20) do Di\u00e1rio Oficial do Munic\u00edpio.","inLanguage":"pt-BR","potentialAction":[{"@type":"ReadAction","target":["https:\/\/redenoticiaz.com.br\/litoralsp\/2023\/10\/23\/guaruja-decide-adotar-medidas-restritivas-ate-o-fim-deste-ano"]}]},{"@type":"ImageObject","inLanguage":"pt-BR","@id":"https:\/\/redenoticiaz.com.br\/litoralsp\/2023\/10\/23\/guaruja-decide-adotar-medidas-restritivas-ate-o-fim-deste-ano#primaryimage","url":"https:\/\/redenoticiaz.com.br\/litoralsp\/wp-content\/uploads\/sites\/3\/2023\/02\/52246913896_6b9b5617c0_k-1024x683-1.jpg","contentUrl":"https:\/\/redenoticiaz.com.br\/litoralsp\/wp-content\/uploads\/sites\/3\/2023\/02\/52246913896_6b9b5617c0_k-1024x683-1.jpg","width":1024,"height":683,"caption":"Guaruj\u00e1 ter\u00e1 primeiro \u00f4nibus de grande porte 100% el\u00e9trico da Baixada Santista"},{"@type":"WebSite","@id":"https:\/\/redenoticiaz.com.br\/litoralsp\/#website","url":"https:\/\/redenoticiaz.com.br\/litoralsp\/","name":"Litoral SP","description":"Rede NoticiaZ","publisher":{"@id":"https:\/\/redenoticiaz.com.br\/litoralsp\/#organization"},"potentialAction":[{"@type":"SearchAction","target":{"@type":"EntryPoint","urlTemplate":"https:\/\/redenoticiaz.com.br\/litoralsp\/?s={search_term_string}"},"query-input":{"@type":"PropertyValueSpecification","valueRequired":true,"valueName":"search_term_string"}}],"inLanguage":"pt-BR"},{"@type":"Organization","@id":"https:\/\/redenoticiaz.com.br\/litoralsp\/#organization","name":"Litoral SP","url":"https:\/\/redenoticiaz.com.br\/litoralsp\/","logo":{"@type":"ImageObject","inLanguage":"pt-BR","@id":"https:\/\/redenoticiaz.com.br\/litoralsp\/#\/schema\/logo\/image\/","url":"https:\/\/redenoticiaz.com.br\/litoralsp\/wp-content\/uploads\/sites\/3\/2020\/11\/logo.jpg","contentUrl":"https:\/\/redenoticiaz.com.br\/litoralsp\/wp-content\/uploads\/sites\/3\/2020\/11\/logo.jpg","width":400,"height":250,"caption":"Litoral SP"},"image":{"@id":"https:\/\/redenoticiaz.com.br\/litoralsp\/#\/schema\/logo\/image\/"}},{"@type":"Person","@id":"https:\/\/redenoticiaz.com.br\/litoralsp\/#\/schema\/person\/16057b37a3c0ee6b096d7f887c566e2e","name":"Gustavo Silva","image":{"@type":"ImageObject","inLanguage":"pt-BR","@id":"https:\/\/secure.gravatar.com\/avatar\/3ee4e82f93b26de0a7cf4ea5eb7893da637ed6bb0c9170c58065944c56e28a33?s=96&d=mm&r=g","url":"https:\/\/secure.gravatar.com\/avatar\/3ee4e82f93b26de0a7cf4ea5eb7893da637ed6bb0c9170c58065944c56e28a33?s=96&d=mm&r=g","contentUrl":"https:\/\/secure.gravatar.com\/avatar\/3ee4e82f93b26de0a7cf4ea5eb7893da637ed6bb0c9170c58065944c56e28a33?s=96&d=mm&r=g","caption":"Gustavo Silva"},"url":"https:\/\/redenoticiaz.com.br\/litoralsp\/author\/gustavosilva"}]}},"_links":{"self":[{"href":"https:\/\/redenoticiaz.com.br\/litoralsp\/wp-json\/wp\/v2\/posts\/111596","targetHints":{"allow":["GET"]}}],"collection":[{"href":"https:\/\/redenoticiaz.com.br\/litoralsp\/wp-json\/wp\/v2\/posts"}],"about":[{"href":"https:\/\/redenoticiaz.com.br\/litoralsp\/wp-json\/wp\/v2\/types\/post"}],"author":[{"embeddable":true,"href":"https:\/\/redenoticiaz.com.br\/litoralsp\/wp-json\/wp\/v2\/users\/12"}],"replies":[{"embeddable":true,"href":"https:\/\/redenoticiaz.com.br\/litoralsp\/wp-json\/wp\/v2\/comments?post=111596"}],"version-history":[{"count":1,"href":"https:\/\/redenoticiaz.com.br\/litoralsp\/wp-json\/wp\/v2\/posts\/111596\/revisions"}],"predecessor-version":[{"id":111598,"href":"https:\/\/redenoticiaz.com.br\/litoralsp\/wp-json\/wp\/v2\/posts\/111596\/revisions\/111598"}],"wp:featuredmedia":[{"embeddable":true,"href":"https:\/\/redenoticiaz.com.br\/litoralsp\/wp-json\/wp\/v2\/media\/100299"}],"wp:attachment":[{"href":"https:\/\/redenoticiaz.com.br\/litoralsp\/wp-json\/wp\/v2\/media?parent=111596"}],"wp:term":[{"taxonomy":"category","embeddable":true,"href":"https:\/\/redenoticiaz.com.br\/litoralsp\/wp-json\/wp\/v2\/categories?post=111596"},{"taxonomy":"post_tag","embeddable":true,"href":"https:\/\/redenoticiaz.com.br\/litoralsp\/wp-json\/wp\/v2\/tags?post=111596"}],"curies":[{"name":"wp","href":"https:\/\/api.w.org\/{rel}","templated":true}]}}