{"id":111599,"date":"2023-10-23T16:41:58","date_gmt":"2023-10-23T19:41:58","guid":{"rendered":"https:\/\/redenoticiaz.com.br\/litoralsp\/2023\/10\/23\/inss-comeca-a-aceitar-atestado-medico-para-pedido-de-auxilio-doenca"},"modified":"2023-10-23T16:41:58","modified_gmt":"2023-10-23T19:41:58","slug":"inss-comeca-a-aceitar-atestado-medico-para-pedido-de-auxilio-doenca","status":"publish","type":"post","link":"https:\/\/redenoticiaz.com.br\/litoralsp\/2023\/10\/23\/inss-comeca-a-aceitar-atestado-medico-para-pedido-de-auxilio-doenca","title":{"rendered":"INSS come\u00e7a a aceitar atestado m\u00e9dico para pedido de aux\u00edlio-doen\u00e7a"},"content":{"rendered":"<p>A partir de segunda-feira, o INSS permitir\u00e1 que segurados solicitem benef\u00edcios por incapacidade tempor\u00e1ria, como o antigo aux\u00edlio-doen\u00e7a, nas ag\u00eancias sem necessidade de agendamento.<\/p>\n<p>A exce\u00e7\u00e3o s\u00e3o os casos de aux\u00edlio-doen\u00e7a acident\u00e1rio, que requerem per\u00edcia presencial. Os segurados podem tamb\u00e9m utilizar o aplicativo &#8220;Meu INSS&#8221; para enviar atestados m\u00e9dicos.<\/p>\n<p>O presidente do INSS enfatizou a import\u00e2ncia de medidas para reduzir as filas de requerimentos e agilizar o atendimento. Para ter direito ao benef\u00edcio, \u00e9 necess\u00e1rio cumprir requisitos como ter um m\u00ednimo de 12 contribui\u00e7\u00f5es previdenci\u00e1rias, qualidade de segurado e apresentar atestado m\u00e9dico que comprove a necessidade de afastamento por mais de 15 dias.<\/p>\n<p>O segurado que optar por entregar o atestado m\u00e9dico na ag\u00eancia deve observar que o documento precisa ser emitido h\u00e1 menos de 90 dias da Data de Entrada do Requerimento (DER), estar leg\u00edvel e sem rasuras, al\u00e9m de conter informa\u00e7\u00f5es como:<\/p>\n<ul>\n<li>Nome completo do requerente<\/li>\n<li>Data de in\u00edcio do repouso e prazo estimado necess\u00e1rio, mesmo que por tempo indeterminado<\/li>\n<li>Assinatura do profissional emitente e carimbo de identifica\u00e7\u00e3o, com registro do Conselho de Classe (Conselho Regional de Medicina &#8211; CRM, Conselho Regional de Odontologia &#8211; CRO ou Registro do Minist\u00e9rio da Sa\u00fade &#8211; RMS), que poder\u00e3o ser eletr\u00f4nicos ou digitais, desde que respeitados os par\u00e2metros estabelecidos pela legisla\u00e7\u00e3o vigente<\/li>\n<li>Informa\u00e7\u00f5es sobre a doen\u00e7a ou Classifica\u00e7\u00e3o Internacional de Doen\u00e7as (CID)<\/li>\n<\/ul>\n<h3>O que apresentar no atendimento<\/h3>\n<ul>\n<li>Documento oficial com foto<\/li>\n<li>Laudo, relat\u00f3rio ou atestado m\u00e9dico ou odontol\u00f3gico (com as especifica\u00e7\u00f5es acima<\/li>\n<\/ul>\n<h3>Como ser\u00e1 o procedimento<\/h3>\n<p>O servidor ou colaborador que ir\u00e1 realizar o protocolo do atendimento dever\u00e1:<\/p>\n<p>Digitalizar a documenta\u00e7\u00e3o necess\u00e1ria definida na Portaria Conjunta MPS\/INSS n\u00ba 38, de 20 de julho de 2023<br \/>\nProtocolar o pedido por meio do site do Meu INSS (meu.inss.gov.br) na op\u00e7\u00e3o &#8220;Pedir benef\u00edcio por incapacidade&#8221; da p\u00e1gina inicial; e<br \/>\nEntregar o comprovante ao interessado, prestando os esclarecimentos que forem solicitados<\/p>\n<h3>Requisitos para o aux\u00edlio-doen\u00e7a<\/h3>\n<p>Assim como os segurados que passam por per\u00edcia m\u00e9dica presencial, os que optam pelo Atestmed tamb\u00e9m t\u00eam que cumprir requisitos para ter direito ao benef\u00edcio por incapacidade tempor\u00e1ria, o antigo aux\u00edlio-doen\u00e7a<\/p>\n<p>S\u00e3o eles: ter um m\u00ednimo de 12 contribui\u00e7\u00f5es previdenci\u00e1rias realizadas antes do m\u00eas em que ocorrer o afastamento, ter qualidade de segurado e atestado m\u00e9dico que comprove a necessidade de afastamento do trabalho por mais de 15 dias<\/p>\n<p>No caso de doen\u00e7as graves ou acidentes n\u00e3o \u00e9 exigida car\u00eancia, mas \u00e9 preciso que o trabalhador tenha qualidade de segurado<\/p>\n<p>S\u00e3o considerados segurados do INSS aqueles na condi\u00e7\u00e3o de empregado, trabalhador avulso, empregado dom\u00e9stico, contribuinte individual, segurado especial e facultativo.<\/p>\n<p>LEIA MAIS<\/p>\n<p><a href=\"https:\/\/redenoticiaz.com.br\/blog\/2023\/10\/23\/video-eduardo-bolsonaro-e-cortado-ao-vivo-em-tv-argentina\">V\u00cdDEO \u2013 Eduardo Bolsonaro \u00e9 cortado ao vivo em TV argentina<\/a><\/p>\n<p><a href=\"https:\/\/redenoticiaz.com.br\/blog\/2023\/10\/23\/ataque-com-arma-em-escola-mata-uma-aluna-e-deixa-tres-feridos\">Ataque com arma em escola mata uma aluna e deixa tr\u00eas feridos<\/a><\/p>\n","protected":false},"excerpt":{"rendered":"<p>A partir de segunda-feira, o INSS permitir\u00e1 que segurados solicitem benef\u00edcios por incapacidade tempor\u00e1ria, como o antigo aux\u00edlio-doen\u00e7a, nas ag\u00eancias sem necessidade de agendamento. A exce\u00e7\u00e3o s\u00e3o os casos de aux\u00edlio-doen\u00e7a acident\u00e1rio, que requerem per\u00edcia presencial. Os segurados podem tamb\u00e9m utilizar o aplicativo &#8220;Meu INSS&#8221; para enviar atestados m\u00e9dicos. O presidente do INSS enfatizou a &hellip;<\/p>\n","protected":false},"author":30,"featured_media":111600,"comment_status":"open","ping_status":"closed","sticky":false,"template":"","format":"standard","meta":{"footnotes":""},"categories":[2795],"tags":[67431,67432],"class_list":["post-111599","post","type-post","status-publish","format-standard","has-post-thumbnail","hentry","category-trabalho","tag-atestado","tag-inss-auxilio-trabalho"],"yoast_head":"<!-- This site is optimized with the Yoast SEO plugin v27.4 - https:\/\/yoast.com\/product\/yoast-seo-wordpress\/ -->\n<title>INSS come\u00e7a a aceitar atestado m\u00e9dico para pedido de aux\u00edlio-doen\u00e7a - Litoral SP<\/title>\n<meta name=\"description\" content=\"INSS permitir\u00e1 que segurados solicitem benef\u00edcios por incapacidade tempor\u00e1ria, como o antigo aux\u00edlio-doen\u00e7a, nas ag\u00eancias sem necessidade de agendamento\" \/>\n<meta name=\"robots\" content=\"index, follow, max-snippet:-1, max-image-preview:large, max-video-preview:-1\" \/>\n<link rel=\"canonical\" href=\"https:\/\/redenoticiaz.com.br\/litoralsp\/2023\/10\/23\/inss-comeca-a-aceitar-atestado-medico-para-pedido-de-auxilio-doenca\" \/>\n<meta property=\"og:locale\" content=\"pt_BR\" \/>\n<meta property=\"og:type\" content=\"article\" \/>\n<meta property=\"og:title\" content=\"INSS come\u00e7a a aceitar atestado m\u00e9dico para pedido de aux\u00edlio-doen\u00e7a - Litoral SP\" \/>\n<meta property=\"og:description\" content=\"INSS permitir\u00e1 que segurados solicitem benef\u00edcios por incapacidade tempor\u00e1ria, como o antigo aux\u00edlio-doen\u00e7a, nas ag\u00eancias sem necessidade de agendamento\" \/>\n<meta property=\"og:url\" content=\"https:\/\/redenoticiaz.com.br\/litoralsp\/2023\/10\/23\/inss-comeca-a-aceitar-atestado-medico-para-pedido-de-auxilio-doenca\" \/>\n<meta property=\"og:site_name\" content=\"Litoral SP\" \/>\n<meta property=\"article:published_time\" content=\"2023-10-23T19:41:58+00:00\" \/>\n<meta property=\"og:image\" content=\"https:\/\/redenoticiaz.com.br\/litoralsp\/wp-content\/uploads\/sites\/3\/2023\/10\/Captura-de-tela-2023-10-23-162744.png\" \/>\n\t<meta property=\"og:image:width\" content=\"732\" \/>\n\t<meta property=\"og:image:height\" content=\"409\" \/>\n\t<meta property=\"og:image:type\" content=\"image\/png\" \/>\n<meta name=\"author\" content=\"Carina Reifonas\" \/>\n<meta name=\"twitter:card\" content=\"summary_large_image\" \/>\n<meta name=\"twitter:label1\" content=\"Escrito por\" \/>\n\t<meta name=\"twitter:data1\" content=\"Carina Reifonas\" \/>\n\t<meta name=\"twitter:label2\" content=\"Est. tempo de leitura\" \/>\n\t<meta name=\"twitter:data2\" content=\"3 minutos\" \/>\n<script type=\"application\/ld+json\" class=\"yoast-schema-graph\">{\"@context\":\"https:\\\/\\\/schema.org\",\"@graph\":[{\"@type\":\"Article\",\"@id\":\"https:\\\/\\\/redenoticiaz.com.br\\\/litoralsp\\\/2023\\\/10\\\/23\\\/inss-comeca-a-aceitar-atestado-medico-para-pedido-de-auxilio-doenca#article\",\"isPartOf\":{\"@id\":\"https:\\\/\\\/redenoticiaz.com.br\\\/litoralsp\\\/2023\\\/10\\\/23\\\/inss-comeca-a-aceitar-atestado-medico-para-pedido-de-auxilio-doenca\"},\"author\":{\"name\":\"Carina Reifonas\",\"@id\":\"https:\\\/\\\/redenoticiaz.com.br\\\/litoralsp\\\/#\\\/schema\\\/person\\\/1f84d6e94e6a62d2d81199d7503e9e90\"},\"headline\":\"INSS come\u00e7a a aceitar atestado m\u00e9dico para pedido de aux\u00edlio-doen\u00e7a\",\"datePublished\":\"2023-10-23T19:41:58+00:00\",\"mainEntityOfPage\":{\"@id\":\"https:\\\/\\\/redenoticiaz.com.br\\\/litoralsp\\\/2023\\\/10\\\/23\\\/inss-comeca-a-aceitar-atestado-medico-para-pedido-de-auxilio-doenca\"},\"wordCount\":521,\"commentCount\":0,\"publisher\":{\"@id\":\"https:\\\/\\\/redenoticiaz.com.br\\\/litoralsp\\\/#organization\"},\"image\":{\"@id\":\"https:\\\/\\\/redenoticiaz.com.br\\\/litoralsp\\\/2023\\\/10\\\/23\\\/inss-comeca-a-aceitar-atestado-medico-para-pedido-de-auxilio-doenca#primaryimage\"},\"thumbnailUrl\":\"https:\\\/\\\/redenoticiaz.com.br\\\/litoralsp\\\/wp-content\\\/uploads\\\/sites\\\/3\\\/2023\\\/10\\\/Captura-de-tela-2023-10-23-162744.png?v=1698089930\",\"keywords\":[\"atestado\",\"INSS. aux\u00edlio-trabalho\"],\"articleSection\":[\"Trabalho\"],\"inLanguage\":\"pt-BR\",\"potentialAction\":[{\"@type\":\"CommentAction\",\"name\":\"Comment\",\"target\":[\"https:\\\/\\\/redenoticiaz.com.br\\\/litoralsp\\\/2023\\\/10\\\/23\\\/inss-comeca-a-aceitar-atestado-medico-para-pedido-de-auxilio-doenca#respond\"]}]},{\"@type\":\"WebPage\",\"@id\":\"https:\\\/\\\/redenoticiaz.com.br\\\/litoralsp\\\/2023\\\/10\\\/23\\\/inss-comeca-a-aceitar-atestado-medico-para-pedido-de-auxilio-doenca\",\"url\":\"https:\\\/\\\/redenoticiaz.com.br\\\/litoralsp\\\/2023\\\/10\\\/23\\\/inss-comeca-a-aceitar-atestado-medico-para-pedido-de-auxilio-doenca\",\"name\":\"INSS come\u00e7a a aceitar atestado m\u00e9dico para pedido de aux\u00edlio-doen\u00e7a - Litoral SP\",\"isPartOf\":{\"@id\":\"https:\\\/\\\/redenoticiaz.com.br\\\/litoralsp\\\/#website\"},\"primaryImageOfPage\":{\"@id\":\"https:\\\/\\\/redenoticiaz.com.br\\\/litoralsp\\\/2023\\\/10\\\/23\\\/inss-comeca-a-aceitar-atestado-medico-para-pedido-de-auxilio-doenca#primaryimage\"},\"image\":{\"@id\":\"https:\\\/\\\/redenoticiaz.com.br\\\/litoralsp\\\/2023\\\/10\\\/23\\\/inss-comeca-a-aceitar-atestado-medico-para-pedido-de-auxilio-doenca#primaryimage\"},\"thumbnailUrl\":\"https:\\\/\\\/redenoticiaz.com.br\\\/litoralsp\\\/wp-content\\\/uploads\\\/sites\\\/3\\\/2023\\\/10\\\/Captura-de-tela-2023-10-23-162744.png?v=1698089930\",\"datePublished\":\"2023-10-23T19:41:58+00:00\",\"description\":\"INSS permitir\u00e1 que segurados solicitem benef\u00edcios por incapacidade tempor\u00e1ria, como o antigo aux\u00edlio-doen\u00e7a, nas ag\u00eancias sem necessidade de agendamento\",\"inLanguage\":\"pt-BR\",\"potentialAction\":[{\"@type\":\"ReadAction\",\"target\":[\"https:\\\/\\\/redenoticiaz.com.br\\\/litoralsp\\\/2023\\\/10\\\/23\\\/inss-comeca-a-aceitar-atestado-medico-para-pedido-de-auxilio-doenca\"]}]},{\"@type\":\"ImageObject\",\"inLanguage\":\"pt-BR\",\"@id\":\"https:\\\/\\\/redenoticiaz.com.br\\\/litoralsp\\\/2023\\\/10\\\/23\\\/inss-comeca-a-aceitar-atestado-medico-para-pedido-de-auxilio-doenca#primaryimage\",\"url\":\"https:\\\/\\\/redenoticiaz.com.br\\\/litoralsp\\\/wp-content\\\/uploads\\\/sites\\\/3\\\/2023\\\/10\\\/Captura-de-tela-2023-10-23-162744.png?v=1698089930\",\"contentUrl\":\"https:\\\/\\\/redenoticiaz.com.br\\\/litoralsp\\\/wp-content\\\/uploads\\\/sites\\\/3\\\/2023\\\/10\\\/Captura-de-tela-2023-10-23-162744.png?v=1698089930\",\"width\":732,\"height\":409,\"caption\":\"INSS come\u00e7a a aceitar atestado m\u00e9dico para pedido de aux\u00edlio-doen\u00e7a\"},{\"@type\":\"WebSite\",\"@id\":\"https:\\\/\\\/redenoticiaz.com.br\\\/litoralsp\\\/#website\",\"url\":\"https:\\\/\\\/redenoticiaz.com.br\\\/litoralsp\\\/\",\"name\":\"Litoral SP\",\"description\":\"Rede NoticiaZ\",\"publisher\":{\"@id\":\"https:\\\/\\\/redenoticiaz.com.br\\\/litoralsp\\\/#organization\"},\"potentialAction\":[{\"@type\":\"SearchAction\",\"target\":{\"@type\":\"EntryPoint\",\"urlTemplate\":\"https:\\\/\\\/redenoticiaz.com.br\\\/litoralsp\\\/?s={search_term_string}\"},\"query-input\":{\"@type\":\"PropertyValueSpecification\",\"valueRequired\":true,\"valueName\":\"search_term_string\"}}],\"inLanguage\":\"pt-BR\"},{\"@type\":\"Organization\",\"@id\":\"https:\\\/\\\/redenoticiaz.com.br\\\/litoralsp\\\/#organization\",\"name\":\"Litoral SP\",\"url\":\"https:\\\/\\\/redenoticiaz.com.br\\\/litoralsp\\\/\",\"logo\":{\"@type\":\"ImageObject\",\"inLanguage\":\"pt-BR\",\"@id\":\"https:\\\/\\\/redenoticiaz.com.br\\\/litoralsp\\\/#\\\/schema\\\/logo\\\/image\\\/\",\"url\":\"https:\\\/\\\/redenoticiaz.com.br\\\/litoralsp\\\/wp-content\\\/uploads\\\/sites\\\/3\\\/2020\\\/11\\\/logo.jpg\",\"contentUrl\":\"https:\\\/\\\/redenoticiaz.com.br\\\/litoralsp\\\/wp-content\\\/uploads\\\/sites\\\/3\\\/2020\\\/11\\\/logo.jpg\",\"width\":400,\"height\":250,\"caption\":\"Litoral SP\"},\"image\":{\"@id\":\"https:\\\/\\\/redenoticiaz.com.br\\\/litoralsp\\\/#\\\/schema\\\/logo\\\/image\\\/\"}},{\"@type\":\"Person\",\"@id\":\"https:\\\/\\\/redenoticiaz.com.br\\\/litoralsp\\\/#\\\/schema\\\/person\\\/1f84d6e94e6a62d2d81199d7503e9e90\",\"name\":\"Carina Reifonas\",\"image\":{\"@type\":\"ImageObject\",\"inLanguage\":\"pt-BR\",\"@id\":\"https:\\\/\\\/secure.gravatar.com\\\/avatar\\\/04c59859b23696cf867715880f81d5c037e60109730bdb4e6670ec2a2245bc97?s=96&d=mm&r=g\",\"url\":\"https:\\\/\\\/secure.gravatar.com\\\/avatar\\\/04c59859b23696cf867715880f81d5c037e60109730bdb4e6670ec2a2245bc97?s=96&d=mm&r=g\",\"contentUrl\":\"https:\\\/\\\/secure.gravatar.com\\\/avatar\\\/04c59859b23696cf867715880f81d5c037e60109730bdb4e6670ec2a2245bc97?s=96&d=mm&r=g\",\"caption\":\"Carina Reifonas\"},\"url\":\"https:\\\/\\\/redenoticiaz.com.br\\\/litoralsp\\\/author\\\/carinareifonas\"}]}<\/script>\n<!-- \/ Yoast SEO plugin. -->","yoast_head_json":{"title":"INSS come\u00e7a a aceitar atestado m\u00e9dico para pedido de aux\u00edlio-doen\u00e7a - Litoral SP","description":"INSS permitir\u00e1 que segurados solicitem benef\u00edcios por incapacidade tempor\u00e1ria, como o antigo aux\u00edlio-doen\u00e7a, nas ag\u00eancias sem necessidade de agendamento","robots":{"index":"index","follow":"follow","max-snippet":"max-snippet:-1","max-image-preview":"max-image-preview:large","max-video-preview":"max-video-preview:-1"},"canonical":"https:\/\/redenoticiaz.com.br\/litoralsp\/2023\/10\/23\/inss-comeca-a-aceitar-atestado-medico-para-pedido-de-auxilio-doenca","og_locale":"pt_BR","og_type":"article","og_title":"INSS come\u00e7a a aceitar atestado m\u00e9dico para pedido de aux\u00edlio-doen\u00e7a - Litoral SP","og_description":"INSS permitir\u00e1 que segurados solicitem benef\u00edcios por incapacidade tempor\u00e1ria, como o antigo aux\u00edlio-doen\u00e7a, nas ag\u00eancias sem necessidade de agendamento","og_url":"https:\/\/redenoticiaz.com.br\/litoralsp\/2023\/10\/23\/inss-comeca-a-aceitar-atestado-medico-para-pedido-de-auxilio-doenca","og_site_name":"Litoral SP","article_published_time":"2023-10-23T19:41:58+00:00","og_image":[{"width":732,"height":409,"url":"https:\/\/redenoticiaz.com.br\/litoralsp\/wp-content\/uploads\/sites\/3\/2023\/10\/Captura-de-tela-2023-10-23-162744.png","type":"image\/png"}],"author":"Carina Reifonas","twitter_card":"summary_large_image","twitter_misc":{"Escrito por":"Carina Reifonas","Est. tempo de leitura":"3 minutos"},"schema":{"@context":"https:\/\/schema.org","@graph":[{"@type":"Article","@id":"https:\/\/redenoticiaz.com.br\/litoralsp\/2023\/10\/23\/inss-comeca-a-aceitar-atestado-medico-para-pedido-de-auxilio-doenca#article","isPartOf":{"@id":"https:\/\/redenoticiaz.com.br\/litoralsp\/2023\/10\/23\/inss-comeca-a-aceitar-atestado-medico-para-pedido-de-auxilio-doenca"},"author":{"name":"Carina Reifonas","@id":"https:\/\/redenoticiaz.com.br\/litoralsp\/#\/schema\/person\/1f84d6e94e6a62d2d81199d7503e9e90"},"headline":"INSS come\u00e7a a aceitar atestado m\u00e9dico para pedido de aux\u00edlio-doen\u00e7a","datePublished":"2023-10-23T19:41:58+00:00","mainEntityOfPage":{"@id":"https:\/\/redenoticiaz.com.br\/litoralsp\/2023\/10\/23\/inss-comeca-a-aceitar-atestado-medico-para-pedido-de-auxilio-doenca"},"wordCount":521,"commentCount":0,"publisher":{"@id":"https:\/\/redenoticiaz.com.br\/litoralsp\/#organization"},"image":{"@id":"https:\/\/redenoticiaz.com.br\/litoralsp\/2023\/10\/23\/inss-comeca-a-aceitar-atestado-medico-para-pedido-de-auxilio-doenca#primaryimage"},"thumbnailUrl":"https:\/\/redenoticiaz.com.br\/litoralsp\/wp-content\/uploads\/sites\/3\/2023\/10\/Captura-de-tela-2023-10-23-162744.png?v=1698089930","keywords":["atestado","INSS. aux\u00edlio-trabalho"],"articleSection":["Trabalho"],"inLanguage":"pt-BR","potentialAction":[{"@type":"CommentAction","name":"Comment","target":["https:\/\/redenoticiaz.com.br\/litoralsp\/2023\/10\/23\/inss-comeca-a-aceitar-atestado-medico-para-pedido-de-auxilio-doenca#respond"]}]},{"@type":"WebPage","@id":"https:\/\/redenoticiaz.com.br\/litoralsp\/2023\/10\/23\/inss-comeca-a-aceitar-atestado-medico-para-pedido-de-auxilio-doenca","url":"https:\/\/redenoticiaz.com.br\/litoralsp\/2023\/10\/23\/inss-comeca-a-aceitar-atestado-medico-para-pedido-de-auxilio-doenca","name":"INSS come\u00e7a a aceitar atestado m\u00e9dico para pedido de aux\u00edlio-doen\u00e7a - Litoral SP","isPartOf":{"@id":"https:\/\/redenoticiaz.com.br\/litoralsp\/#website"},"primaryImageOfPage":{"@id":"https:\/\/redenoticiaz.com.br\/litoralsp\/2023\/10\/23\/inss-comeca-a-aceitar-atestado-medico-para-pedido-de-auxilio-doenca#primaryimage"},"image":{"@id":"https:\/\/redenoticiaz.com.br\/litoralsp\/2023\/10\/23\/inss-comeca-a-aceitar-atestado-medico-para-pedido-de-auxilio-doenca#primaryimage"},"thumbnailUrl":"https:\/\/redenoticiaz.com.br\/litoralsp\/wp-content\/uploads\/sites\/3\/2023\/10\/Captura-de-tela-2023-10-23-162744.png?v=1698089930","datePublished":"2023-10-23T19:41:58+00:00","description":"INSS permitir\u00e1 que segurados solicitem benef\u00edcios por incapacidade tempor\u00e1ria, como o antigo aux\u00edlio-doen\u00e7a, nas ag\u00eancias sem necessidade de agendamento","inLanguage":"pt-BR","potentialAction":[{"@type":"ReadAction","target":["https:\/\/redenoticiaz.com.br\/litoralsp\/2023\/10\/23\/inss-comeca-a-aceitar-atestado-medico-para-pedido-de-auxilio-doenca"]}]},{"@type":"ImageObject","inLanguage":"pt-BR","@id":"https:\/\/redenoticiaz.com.br\/litoralsp\/2023\/10\/23\/inss-comeca-a-aceitar-atestado-medico-para-pedido-de-auxilio-doenca#primaryimage","url":"https:\/\/redenoticiaz.com.br\/litoralsp\/wp-content\/uploads\/sites\/3\/2023\/10\/Captura-de-tela-2023-10-23-162744.png?v=1698089930","contentUrl":"https:\/\/redenoticiaz.com.br\/litoralsp\/wp-content\/uploads\/sites\/3\/2023\/10\/Captura-de-tela-2023-10-23-162744.png?v=1698089930","width":732,"height":409,"caption":"INSS come\u00e7a a aceitar atestado m\u00e9dico para pedido de aux\u00edlio-doen\u00e7a"},{"@type":"WebSite","@id":"https:\/\/redenoticiaz.com.br\/litoralsp\/#website","url":"https:\/\/redenoticiaz.com.br\/litoralsp\/","name":"Litoral SP","description":"Rede NoticiaZ","publisher":{"@id":"https:\/\/redenoticiaz.com.br\/litoralsp\/#organization"},"potentialAction":[{"@type":"SearchAction","target":{"@type":"EntryPoint","urlTemplate":"https:\/\/redenoticiaz.com.br\/litoralsp\/?s={search_term_string}"},"query-input":{"@type":"PropertyValueSpecification","valueRequired":true,"valueName":"search_term_string"}}],"inLanguage":"pt-BR"},{"@type":"Organization","@id":"https:\/\/redenoticiaz.com.br\/litoralsp\/#organization","name":"Litoral SP","url":"https:\/\/redenoticiaz.com.br\/litoralsp\/","logo":{"@type":"ImageObject","inLanguage":"pt-BR","@id":"https:\/\/redenoticiaz.com.br\/litoralsp\/#\/schema\/logo\/image\/","url":"https:\/\/redenoticiaz.com.br\/litoralsp\/wp-content\/uploads\/sites\/3\/2020\/11\/logo.jpg","contentUrl":"https:\/\/redenoticiaz.com.br\/litoralsp\/wp-content\/uploads\/sites\/3\/2020\/11\/logo.jpg","width":400,"height":250,"caption":"Litoral SP"},"image":{"@id":"https:\/\/redenoticiaz.com.br\/litoralsp\/#\/schema\/logo\/image\/"}},{"@type":"Person","@id":"https:\/\/redenoticiaz.com.br\/litoralsp\/#\/schema\/person\/1f84d6e94e6a62d2d81199d7503e9e90","name":"Carina Reifonas","image":{"@type":"ImageObject","inLanguage":"pt-BR","@id":"https:\/\/secure.gravatar.com\/avatar\/04c59859b23696cf867715880f81d5c037e60109730bdb4e6670ec2a2245bc97?s=96&d=mm&r=g","url":"https:\/\/secure.gravatar.com\/avatar\/04c59859b23696cf867715880f81d5c037e60109730bdb4e6670ec2a2245bc97?s=96&d=mm&r=g","contentUrl":"https:\/\/secure.gravatar.com\/avatar\/04c59859b23696cf867715880f81d5c037e60109730bdb4e6670ec2a2245bc97?s=96&d=mm&r=g","caption":"Carina Reifonas"},"url":"https:\/\/redenoticiaz.com.br\/litoralsp\/author\/carinareifonas"}]}},"_links":{"self":[{"href":"https:\/\/redenoticiaz.com.br\/litoralsp\/wp-json\/wp\/v2\/posts\/111599","targetHints":{"allow":["GET"]}}],"collection":[{"href":"https:\/\/redenoticiaz.com.br\/litoralsp\/wp-json\/wp\/v2\/posts"}],"about":[{"href":"https:\/\/redenoticiaz.com.br\/litoralsp\/wp-json\/wp\/v2\/types\/post"}],"author":[{"embeddable":true,"href":"https:\/\/redenoticiaz.com.br\/litoralsp\/wp-json\/wp\/v2\/users\/30"}],"replies":[{"embeddable":true,"href":"https:\/\/redenoticiaz.com.br\/litoralsp\/wp-json\/wp\/v2\/comments?post=111599"}],"version-history":[{"count":0,"href":"https:\/\/redenoticiaz.com.br\/litoralsp\/wp-json\/wp\/v2\/posts\/111599\/revisions"}],"wp:featuredmedia":[{"embeddable":true,"href":"https:\/\/redenoticiaz.com.br\/litoralsp\/wp-json\/wp\/v2\/media\/111600"}],"wp:attachment":[{"href":"https:\/\/redenoticiaz.com.br\/litoralsp\/wp-json\/wp\/v2\/media?parent=111599"}],"wp:term":[{"taxonomy":"category","embeddable":true,"href":"https:\/\/redenoticiaz.com.br\/litoralsp\/wp-json\/wp\/v2\/categories?post=111599"},{"taxonomy":"post_tag","embeddable":true,"href":"https:\/\/redenoticiaz.com.br\/litoralsp\/wp-json\/wp\/v2\/tags?post=111599"}],"curies":[{"name":"wp","href":"https:\/\/api.w.org\/{rel}","templated":true}]}}