{"id":111603,"date":"2023-10-23T21:11:42","date_gmt":"2023-10-24T00:11:42","guid":{"rendered":"https:\/\/redenoticiaz.com.br\/litoralsp\/?p=111603"},"modified":"2023-10-23T21:11:42","modified_gmt":"2023-10-24T00:11:42","slug":"vice-prefeito-de-cananeia-assume-executivo","status":"publish","type":"post","link":"https:\/\/redenoticiaz.com.br\/litoralsp\/2023\/10\/23\/vice-prefeito-de-cananeia-assume-executivo","title":{"rendered":"Vice-prefeito de Canan\u00e9ia assume executivo"},"content":{"rendered":"<div id=\"chunk-d29nu\">\n<div class=\"mc-column content-text active-extra-styles \" data-block-type=\"unstyled\" data-block-weight=\"52\" data-block-id=\"3\">\n<p data-track-category=\"Link no Texto\" data-track-links=\"\">O vice-prefeito de Canan\u00e9ia (SP), Luiz Ant\u00f4nio Cordeiro (PSB), assumiu a Prefeitura da cidade nesta segunda-feira (23) ap\u00f3s prefeito Robson da Silva Leonel (PL) foi cassado pela C\u00e2mara de Vereadores.<\/p>\n<p data-track-category=\"Link no Texto\" data-track-links=\"\">De acordo com as informa\u00e7\u00f5es, uma vota\u00e7\u00e3o extraordin\u00e1ria dos vereadores, por sete votos a dois, no \u00faltimo s\u00e1bado (21).<\/p>\n<p data-track-category=\"Link no Texto\" data-track-links=\"\">Ainda de acordo com as informa\u00e7\u00f5es, Leonel \u00e9 investigado por irregularidades na compra de 900 carteiras e cadeiras escolares.<\/p>\n<p data-track-category=\"Link no Texto\" data-track-links=\"\">Ainda pesa sobre ele a ilegalidade dos documentos apresentados no processo da compra, o que foi contestado pela Prefeitura.<\/p>\n<p data-track-category=\"Link no Texto\" data-track-links=\"\">Sendo assim, ao todo, a prefeitura pagou R$ 1.110.600 \u00e0 empresa Comercial Caravelas Eireli.<\/p>\n<p data-track-category=\"Link no Texto\" data-track-links=\"\"><strong>Leia mais<\/strong><\/p>\n<p data-track-category=\"Link no Texto\" data-track-links=\"\"><a href=\"https:\/\/redenoticiaz.com.br\/litoralsp\/2023\/05\/12\/estelionatario-que-trabalhava-como-funcionario-de-banco-e-preso-em-cananeia\">Estelionat\u00e1rio que trabalhava como funcion\u00e1rio de banco \u00e9 preso em Canan\u00e9ia<\/a><\/p>\n<p data-track-category=\"Link no Texto\" data-track-links=\"\"><a href=\"https:\/\/redenoticiaz.com.br\/litoralsp\/2023\/01\/11\/policia-ambiental-evita-suicidio-em-cananeia\">INSS come\u00e7a a aceitar atestado m\u00e9dico para pedido de aux\u00edlio-doen\u00e7a<\/a><\/p>\n<\/div>\n<\/div>\n","protected":false},"excerpt":{"rendered":"<p>O vice-prefeito de Canan\u00e9ia (SP), Luiz Ant\u00f4nio Cordeiro (PSB), assumiu a Prefeitura da cidade nesta segunda-feira (23) ap\u00f3s prefeito Robson da Silva Leonel (PL) foi cassado pela C\u00e2mara de Vereadores. De acordo com as informa\u00e7\u00f5es, uma vota\u00e7\u00e3o extraordin\u00e1ria dos vereadores, por sete votos a dois, no \u00faltimo s\u00e1bado (21). Ainda de acordo com as informa\u00e7\u00f5es, &hellip;<\/p>\n","protected":false},"author":12,"featured_media":111604,"comment_status":"open","ping_status":"closed","sticky":false,"template":"","format":"standard","meta":{"footnotes":""},"categories":[12776,15],"tags":[15014,23138,67434,67433],"class_list":["post-111603","post","type-post","status-publish","format-standard","has-post-thumbnail","hentry","category-cananeia","category-politica","tag-camara-de-vereadores","tag-cananeia-2","tag-luiz-antonio-cordeiro","tag-robson-da-silva-leonel"],"yoast_head":"<!-- This site is optimized with the Yoast SEO plugin v27.4 - https:\/\/yoast.com\/product\/yoast-seo-wordpress\/ -->\n<title>Vice-prefeito de Canan\u00e9ia assume executivo - Litoral SP<\/title>\n<meta name=\"description\" content=\"O vice-prefeito de Canan\u00e9ia (SP), Luiz Ant\u00f4nio Cordeiro (PSB), assumiu a Prefeitura da cidade nesta segunda-feira (23) ap\u00f3s prefeito Robson da Silva Leonel (PL) foi cassado pela C\u00e2mara de Vereadores.\" \/>\n<meta name=\"robots\" content=\"index, follow, max-snippet:-1, max-image-preview:large, max-video-preview:-1\" \/>\n<link rel=\"canonical\" href=\"https:\/\/redenoticiaz.com.br\/litoralsp\/2023\/10\/23\/vice-prefeito-de-cananeia-assume-executivo\" \/>\n<meta property=\"og:locale\" content=\"pt_BR\" \/>\n<meta property=\"og:type\" content=\"article\" \/>\n<meta property=\"og:title\" content=\"Vice-prefeito de Canan\u00e9ia assume executivo - Litoral SP\" \/>\n<meta property=\"og:description\" content=\"O vice-prefeito de Canan\u00e9ia (SP), Luiz Ant\u00f4nio Cordeiro (PSB), assumiu a Prefeitura da cidade nesta segunda-feira (23) ap\u00f3s prefeito Robson da Silva Leonel (PL) foi cassado pela C\u00e2mara de Vereadores.\" \/>\n<meta property=\"og:url\" content=\"https:\/\/redenoticiaz.com.br\/litoralsp\/2023\/10\/23\/vice-prefeito-de-cananeia-assume-executivo\" \/>\n<meta property=\"og:site_name\" content=\"Litoral SP\" \/>\n<meta property=\"article:published_time\" content=\"2023-10-24T00:11:42+00:00\" \/>\n<meta property=\"og:image\" content=\"https:\/\/redenoticiaz.com.br\/litoralsp\/wp-content\/uploads\/sites\/3\/2023\/10\/design-sem-nome-86-.jpg\" \/>\n\t<meta property=\"og:image:width\" content=\"984\" \/>\n\t<meta property=\"og:image:height\" content=\"656\" \/>\n\t<meta property=\"og:image:type\" content=\"image\/jpeg\" \/>\n<meta name=\"author\" content=\"Gustavo Silva\" \/>\n<meta name=\"twitter:card\" content=\"summary_large_image\" \/>\n<meta name=\"twitter:label1\" content=\"Escrito por\" \/>\n\t<meta name=\"twitter:data1\" content=\"Gustavo Silva\" \/>\n\t<meta name=\"twitter:label2\" content=\"Est. tempo de leitura\" \/>\n\t<meta name=\"twitter:data2\" content=\"1 minuto\" \/>\n<script type=\"application\/ld+json\" class=\"yoast-schema-graph\">{\"@context\":\"https:\\\/\\\/schema.org\",\"@graph\":[{\"@type\":\"Article\",\"@id\":\"https:\\\/\\\/redenoticiaz.com.br\\\/litoralsp\\\/2023\\\/10\\\/23\\\/vice-prefeito-de-cananeia-assume-executivo#article\",\"isPartOf\":{\"@id\":\"https:\\\/\\\/redenoticiaz.com.br\\\/litoralsp\\\/2023\\\/10\\\/23\\\/vice-prefeito-de-cananeia-assume-executivo\"},\"author\":{\"name\":\"Gustavo Silva\",\"@id\":\"https:\\\/\\\/redenoticiaz.com.br\\\/litoralsp\\\/#\\\/schema\\\/person\\\/16057b37a3c0ee6b096d7f887c566e2e\"},\"headline\":\"Vice-prefeito de Canan\u00e9ia assume executivo\",\"datePublished\":\"2023-10-24T00:11:42+00:00\",\"mainEntityOfPage\":{\"@id\":\"https:\\\/\\\/redenoticiaz.com.br\\\/litoralsp\\\/2023\\\/10\\\/23\\\/vice-prefeito-de-cananeia-assume-executivo\"},\"wordCount\":139,\"commentCount\":0,\"publisher\":{\"@id\":\"https:\\\/\\\/redenoticiaz.com.br\\\/litoralsp\\\/#organization\"},\"image\":{\"@id\":\"https:\\\/\\\/redenoticiaz.com.br\\\/litoralsp\\\/2023\\\/10\\\/23\\\/vice-prefeito-de-cananeia-assume-executivo#primaryimage\"},\"thumbnailUrl\":\"https:\\\/\\\/redenoticiaz.com.br\\\/litoralsp\\\/wp-content\\\/uploads\\\/sites\\\/3\\\/2023\\\/10\\\/design-sem-nome-86-.jpg\",\"keywords\":[\"C\u00c2MARA DE VEREADORES\",\"CANAN\u00c9IA\",\"Luiz Ant\u00f4nio Cordeiro\",\"Robson da Silva Leonel\"],\"articleSection\":[\"Cananeia\",\"Pol\u00edtica\"],\"inLanguage\":\"pt-BR\",\"potentialAction\":[{\"@type\":\"CommentAction\",\"name\":\"Comment\",\"target\":[\"https:\\\/\\\/redenoticiaz.com.br\\\/litoralsp\\\/2023\\\/10\\\/23\\\/vice-prefeito-de-cananeia-assume-executivo#respond\"]}]},{\"@type\":\"WebPage\",\"@id\":\"https:\\\/\\\/redenoticiaz.com.br\\\/litoralsp\\\/2023\\\/10\\\/23\\\/vice-prefeito-de-cananeia-assume-executivo\",\"url\":\"https:\\\/\\\/redenoticiaz.com.br\\\/litoralsp\\\/2023\\\/10\\\/23\\\/vice-prefeito-de-cananeia-assume-executivo\",\"name\":\"Vice-prefeito de Canan\u00e9ia assume executivo - Litoral SP\",\"isPartOf\":{\"@id\":\"https:\\\/\\\/redenoticiaz.com.br\\\/litoralsp\\\/#website\"},\"primaryImageOfPage\":{\"@id\":\"https:\\\/\\\/redenoticiaz.com.br\\\/litoralsp\\\/2023\\\/10\\\/23\\\/vice-prefeito-de-cananeia-assume-executivo#primaryimage\"},\"image\":{\"@id\":\"https:\\\/\\\/redenoticiaz.com.br\\\/litoralsp\\\/2023\\\/10\\\/23\\\/vice-prefeito-de-cananeia-assume-executivo#primaryimage\"},\"thumbnailUrl\":\"https:\\\/\\\/redenoticiaz.com.br\\\/litoralsp\\\/wp-content\\\/uploads\\\/sites\\\/3\\\/2023\\\/10\\\/design-sem-nome-86-.jpg\",\"datePublished\":\"2023-10-24T00:11:42+00:00\",\"description\":\"O vice-prefeito de Canan\u00e9ia (SP), Luiz Ant\u00f4nio Cordeiro (PSB), assumiu a Prefeitura da cidade nesta segunda-feira (23) ap\u00f3s prefeito Robson da Silva Leonel (PL) foi cassado pela C\u00e2mara de Vereadores.\",\"inLanguage\":\"pt-BR\",\"potentialAction\":[{\"@type\":\"ReadAction\",\"target\":[\"https:\\\/\\\/redenoticiaz.com.br\\\/litoralsp\\\/2023\\\/10\\\/23\\\/vice-prefeito-de-cananeia-assume-executivo\"]}]},{\"@type\":\"ImageObject\",\"inLanguage\":\"pt-BR\",\"@id\":\"https:\\\/\\\/redenoticiaz.com.br\\\/litoralsp\\\/2023\\\/10\\\/23\\\/vice-prefeito-de-cananeia-assume-executivo#primaryimage\",\"url\":\"https:\\\/\\\/redenoticiaz.com.br\\\/litoralsp\\\/wp-content\\\/uploads\\\/sites\\\/3\\\/2023\\\/10\\\/design-sem-nome-86-.jpg\",\"contentUrl\":\"https:\\\/\\\/redenoticiaz.com.br\\\/litoralsp\\\/wp-content\\\/uploads\\\/sites\\\/3\\\/2023\\\/10\\\/design-sem-nome-86-.jpg\",\"width\":984,\"height\":656,\"caption\":\"Vice-prefeito de Canan\u00e9ia assume executivo\"},{\"@type\":\"WebSite\",\"@id\":\"https:\\\/\\\/redenoticiaz.com.br\\\/litoralsp\\\/#website\",\"url\":\"https:\\\/\\\/redenoticiaz.com.br\\\/litoralsp\\\/\",\"name\":\"Litoral SP\",\"description\":\"Rede NoticiaZ\",\"publisher\":{\"@id\":\"https:\\\/\\\/redenoticiaz.com.br\\\/litoralsp\\\/#organization\"},\"potentialAction\":[{\"@type\":\"SearchAction\",\"target\":{\"@type\":\"EntryPoint\",\"urlTemplate\":\"https:\\\/\\\/redenoticiaz.com.br\\\/litoralsp\\\/?s={search_term_string}\"},\"query-input\":{\"@type\":\"PropertyValueSpecification\",\"valueRequired\":true,\"valueName\":\"search_term_string\"}}],\"inLanguage\":\"pt-BR\"},{\"@type\":\"Organization\",\"@id\":\"https:\\\/\\\/redenoticiaz.com.br\\\/litoralsp\\\/#organization\",\"name\":\"Litoral SP\",\"url\":\"https:\\\/\\\/redenoticiaz.com.br\\\/litoralsp\\\/\",\"logo\":{\"@type\":\"ImageObject\",\"inLanguage\":\"pt-BR\",\"@id\":\"https:\\\/\\\/redenoticiaz.com.br\\\/litoralsp\\\/#\\\/schema\\\/logo\\\/image\\\/\",\"url\":\"https:\\\/\\\/redenoticiaz.com.br\\\/litoralsp\\\/wp-content\\\/uploads\\\/sites\\\/3\\\/2020\\\/11\\\/logo.jpg\",\"contentUrl\":\"https:\\\/\\\/redenoticiaz.com.br\\\/litoralsp\\\/wp-content\\\/uploads\\\/sites\\\/3\\\/2020\\\/11\\\/logo.jpg\",\"width\":400,\"height\":250,\"caption\":\"Litoral SP\"},\"image\":{\"@id\":\"https:\\\/\\\/redenoticiaz.com.br\\\/litoralsp\\\/#\\\/schema\\\/logo\\\/image\\\/\"}},{\"@type\":\"Person\",\"@id\":\"https:\\\/\\\/redenoticiaz.com.br\\\/litoralsp\\\/#\\\/schema\\\/person\\\/16057b37a3c0ee6b096d7f887c566e2e\",\"name\":\"Gustavo Silva\",\"image\":{\"@type\":\"ImageObject\",\"inLanguage\":\"pt-BR\",\"@id\":\"https:\\\/\\\/secure.gravatar.com\\\/avatar\\\/3ee4e82f93b26de0a7cf4ea5eb7893da637ed6bb0c9170c58065944c56e28a33?s=96&d=mm&r=g\",\"url\":\"https:\\\/\\\/secure.gravatar.com\\\/avatar\\\/3ee4e82f93b26de0a7cf4ea5eb7893da637ed6bb0c9170c58065944c56e28a33?s=96&d=mm&r=g\",\"contentUrl\":\"https:\\\/\\\/secure.gravatar.com\\\/avatar\\\/3ee4e82f93b26de0a7cf4ea5eb7893da637ed6bb0c9170c58065944c56e28a33?s=96&d=mm&r=g\",\"caption\":\"Gustavo Silva\"},\"url\":\"https:\\\/\\\/redenoticiaz.com.br\\\/litoralsp\\\/author\\\/gustavosilva\"}]}<\/script>\n<!-- \/ Yoast SEO plugin. -->","yoast_head_json":{"title":"Vice-prefeito de Canan\u00e9ia assume executivo - Litoral SP","description":"O vice-prefeito de Canan\u00e9ia (SP), Luiz Ant\u00f4nio Cordeiro (PSB), assumiu a Prefeitura da cidade nesta segunda-feira (23) ap\u00f3s prefeito Robson da Silva Leonel (PL) foi cassado pela C\u00e2mara de Vereadores.","robots":{"index":"index","follow":"follow","max-snippet":"max-snippet:-1","max-image-preview":"max-image-preview:large","max-video-preview":"max-video-preview:-1"},"canonical":"https:\/\/redenoticiaz.com.br\/litoralsp\/2023\/10\/23\/vice-prefeito-de-cananeia-assume-executivo","og_locale":"pt_BR","og_type":"article","og_title":"Vice-prefeito de Canan\u00e9ia assume executivo - Litoral SP","og_description":"O vice-prefeito de Canan\u00e9ia (SP), Luiz Ant\u00f4nio Cordeiro (PSB), assumiu a Prefeitura da cidade nesta segunda-feira (23) ap\u00f3s prefeito Robson da Silva Leonel (PL) foi cassado pela C\u00e2mara de Vereadores.","og_url":"https:\/\/redenoticiaz.com.br\/litoralsp\/2023\/10\/23\/vice-prefeito-de-cananeia-assume-executivo","og_site_name":"Litoral SP","article_published_time":"2023-10-24T00:11:42+00:00","og_image":[{"width":984,"height":656,"url":"https:\/\/redenoticiaz.com.br\/litoralsp\/wp-content\/uploads\/sites\/3\/2023\/10\/design-sem-nome-86-.jpg","type":"image\/jpeg"}],"author":"Gustavo Silva","twitter_card":"summary_large_image","twitter_misc":{"Escrito por":"Gustavo Silva","Est. tempo de leitura":"1 minuto"},"schema":{"@context":"https:\/\/schema.org","@graph":[{"@type":"Article","@id":"https:\/\/redenoticiaz.com.br\/litoralsp\/2023\/10\/23\/vice-prefeito-de-cananeia-assume-executivo#article","isPartOf":{"@id":"https:\/\/redenoticiaz.com.br\/litoralsp\/2023\/10\/23\/vice-prefeito-de-cananeia-assume-executivo"},"author":{"name":"Gustavo Silva","@id":"https:\/\/redenoticiaz.com.br\/litoralsp\/#\/schema\/person\/16057b37a3c0ee6b096d7f887c566e2e"},"headline":"Vice-prefeito de Canan\u00e9ia assume executivo","datePublished":"2023-10-24T00:11:42+00:00","mainEntityOfPage":{"@id":"https:\/\/redenoticiaz.com.br\/litoralsp\/2023\/10\/23\/vice-prefeito-de-cananeia-assume-executivo"},"wordCount":139,"commentCount":0,"publisher":{"@id":"https:\/\/redenoticiaz.com.br\/litoralsp\/#organization"},"image":{"@id":"https:\/\/redenoticiaz.com.br\/litoralsp\/2023\/10\/23\/vice-prefeito-de-cananeia-assume-executivo#primaryimage"},"thumbnailUrl":"https:\/\/redenoticiaz.com.br\/litoralsp\/wp-content\/uploads\/sites\/3\/2023\/10\/design-sem-nome-86-.jpg","keywords":["C\u00c2MARA DE VEREADORES","CANAN\u00c9IA","Luiz Ant\u00f4nio Cordeiro","Robson da Silva Leonel"],"articleSection":["Cananeia","Pol\u00edtica"],"inLanguage":"pt-BR","potentialAction":[{"@type":"CommentAction","name":"Comment","target":["https:\/\/redenoticiaz.com.br\/litoralsp\/2023\/10\/23\/vice-prefeito-de-cananeia-assume-executivo#respond"]}]},{"@type":"WebPage","@id":"https:\/\/redenoticiaz.com.br\/litoralsp\/2023\/10\/23\/vice-prefeito-de-cananeia-assume-executivo","url":"https:\/\/redenoticiaz.com.br\/litoralsp\/2023\/10\/23\/vice-prefeito-de-cananeia-assume-executivo","name":"Vice-prefeito de Canan\u00e9ia assume executivo - Litoral SP","isPartOf":{"@id":"https:\/\/redenoticiaz.com.br\/litoralsp\/#website"},"primaryImageOfPage":{"@id":"https:\/\/redenoticiaz.com.br\/litoralsp\/2023\/10\/23\/vice-prefeito-de-cananeia-assume-executivo#primaryimage"},"image":{"@id":"https:\/\/redenoticiaz.com.br\/litoralsp\/2023\/10\/23\/vice-prefeito-de-cananeia-assume-executivo#primaryimage"},"thumbnailUrl":"https:\/\/redenoticiaz.com.br\/litoralsp\/wp-content\/uploads\/sites\/3\/2023\/10\/design-sem-nome-86-.jpg","datePublished":"2023-10-24T00:11:42+00:00","description":"O vice-prefeito de Canan\u00e9ia (SP), Luiz Ant\u00f4nio Cordeiro (PSB), assumiu a Prefeitura da cidade nesta segunda-feira (23) ap\u00f3s prefeito Robson da Silva Leonel (PL) foi cassado pela C\u00e2mara de Vereadores.","inLanguage":"pt-BR","potentialAction":[{"@type":"ReadAction","target":["https:\/\/redenoticiaz.com.br\/litoralsp\/2023\/10\/23\/vice-prefeito-de-cananeia-assume-executivo"]}]},{"@type":"ImageObject","inLanguage":"pt-BR","@id":"https:\/\/redenoticiaz.com.br\/litoralsp\/2023\/10\/23\/vice-prefeito-de-cananeia-assume-executivo#primaryimage","url":"https:\/\/redenoticiaz.com.br\/litoralsp\/wp-content\/uploads\/sites\/3\/2023\/10\/design-sem-nome-86-.jpg","contentUrl":"https:\/\/redenoticiaz.com.br\/litoralsp\/wp-content\/uploads\/sites\/3\/2023\/10\/design-sem-nome-86-.jpg","width":984,"height":656,"caption":"Vice-prefeito de Canan\u00e9ia assume executivo"},{"@type":"WebSite","@id":"https:\/\/redenoticiaz.com.br\/litoralsp\/#website","url":"https:\/\/redenoticiaz.com.br\/litoralsp\/","name":"Litoral SP","description":"Rede NoticiaZ","publisher":{"@id":"https:\/\/redenoticiaz.com.br\/litoralsp\/#organization"},"potentialAction":[{"@type":"SearchAction","target":{"@type":"EntryPoint","urlTemplate":"https:\/\/redenoticiaz.com.br\/litoralsp\/?s={search_term_string}"},"query-input":{"@type":"PropertyValueSpecification","valueRequired":true,"valueName":"search_term_string"}}],"inLanguage":"pt-BR"},{"@type":"Organization","@id":"https:\/\/redenoticiaz.com.br\/litoralsp\/#organization","name":"Litoral SP","url":"https:\/\/redenoticiaz.com.br\/litoralsp\/","logo":{"@type":"ImageObject","inLanguage":"pt-BR","@id":"https:\/\/redenoticiaz.com.br\/litoralsp\/#\/schema\/logo\/image\/","url":"https:\/\/redenoticiaz.com.br\/litoralsp\/wp-content\/uploads\/sites\/3\/2020\/11\/logo.jpg","contentUrl":"https:\/\/redenoticiaz.com.br\/litoralsp\/wp-content\/uploads\/sites\/3\/2020\/11\/logo.jpg","width":400,"height":250,"caption":"Litoral SP"},"image":{"@id":"https:\/\/redenoticiaz.com.br\/litoralsp\/#\/schema\/logo\/image\/"}},{"@type":"Person","@id":"https:\/\/redenoticiaz.com.br\/litoralsp\/#\/schema\/person\/16057b37a3c0ee6b096d7f887c566e2e","name":"Gustavo Silva","image":{"@type":"ImageObject","inLanguage":"pt-BR","@id":"https:\/\/secure.gravatar.com\/avatar\/3ee4e82f93b26de0a7cf4ea5eb7893da637ed6bb0c9170c58065944c56e28a33?s=96&d=mm&r=g","url":"https:\/\/secure.gravatar.com\/avatar\/3ee4e82f93b26de0a7cf4ea5eb7893da637ed6bb0c9170c58065944c56e28a33?s=96&d=mm&r=g","contentUrl":"https:\/\/secure.gravatar.com\/avatar\/3ee4e82f93b26de0a7cf4ea5eb7893da637ed6bb0c9170c58065944c56e28a33?s=96&d=mm&r=g","caption":"Gustavo Silva"},"url":"https:\/\/redenoticiaz.com.br\/litoralsp\/author\/gustavosilva"}]}},"_links":{"self":[{"href":"https:\/\/redenoticiaz.com.br\/litoralsp\/wp-json\/wp\/v2\/posts\/111603","targetHints":{"allow":["GET"]}}],"collection":[{"href":"https:\/\/redenoticiaz.com.br\/litoralsp\/wp-json\/wp\/v2\/posts"}],"about":[{"href":"https:\/\/redenoticiaz.com.br\/litoralsp\/wp-json\/wp\/v2\/types\/post"}],"author":[{"embeddable":true,"href":"https:\/\/redenoticiaz.com.br\/litoralsp\/wp-json\/wp\/v2\/users\/12"}],"replies":[{"embeddable":true,"href":"https:\/\/redenoticiaz.com.br\/litoralsp\/wp-json\/wp\/v2\/comments?post=111603"}],"version-history":[{"count":1,"href":"https:\/\/redenoticiaz.com.br\/litoralsp\/wp-json\/wp\/v2\/posts\/111603\/revisions"}],"predecessor-version":[{"id":111605,"href":"https:\/\/redenoticiaz.com.br\/litoralsp\/wp-json\/wp\/v2\/posts\/111603\/revisions\/111605"}],"wp:featuredmedia":[{"embeddable":true,"href":"https:\/\/redenoticiaz.com.br\/litoralsp\/wp-json\/wp\/v2\/media\/111604"}],"wp:attachment":[{"href":"https:\/\/redenoticiaz.com.br\/litoralsp\/wp-json\/wp\/v2\/media?parent=111603"}],"wp:term":[{"taxonomy":"category","embeddable":true,"href":"https:\/\/redenoticiaz.com.br\/litoralsp\/wp-json\/wp\/v2\/categories?post=111603"},{"taxonomy":"post_tag","embeddable":true,"href":"https:\/\/redenoticiaz.com.br\/litoralsp\/wp-json\/wp\/v2\/tags?post=111603"}],"curies":[{"name":"wp","href":"https:\/\/api.w.org\/{rel}","templated":true}]}}