{"id":111735,"date":"2023-10-29T14:42:51","date_gmt":"2023-10-29T17:42:51","guid":{"rendered":"https:\/\/redenoticiaz.com.br\/litoralsp\/2023\/10\/29\/queda-de-aviao-de-pequeno-porte-deixa-12-mortos-no-acre"},"modified":"2023-10-29T14:48:00","modified_gmt":"2023-10-29T17:48:00","slug":"queda-de-aviao-de-pequeno-porte-deixa-12-mortos-no-acre","status":"publish","type":"post","link":"https:\/\/redenoticiaz.com.br\/litoralsp\/2023\/10\/29\/queda-de-aviao-de-pequeno-porte-deixa-12-mortos-no-acre","title":{"rendered":"Queda de avi\u00e3o de pequeno porte deixa 12 mortos no Acre"},"content":{"rendered":"<p>Um avi\u00e3o de pequeno de porte caiu neste domingo (29) pr\u00f3ximo ao aeroporto de Rio Branco. De acordo com o governo do Acre, 12 pessoas morreram no acidente, sendo nove adultos, um beb\u00ea e dois tripulantes (piloto e co-piloto).<img decoding=\"async\" src=\"https:\/\/agenciabrasil.ebc.com.br\/ebc.png?id=1563403&amp;o=node\" \/><img decoding=\"async\" src=\"https:\/\/agenciabrasil.ebc.com.br\/ebc.gif?id=1563403&amp;o=node\" \/><\/p>\n<p>A aeronave, modelo Caravan, \u00e9 de propriedade da empresa ART Taxi A\u00e9reo e fazia um voo particular para Envira (AM).<\/p>\n<p>Logo ap\u00f3s a queda do avi\u00e3o, viaturas do Corpo de Bombeiros e do Servi\u00e7o de Atendimento M\u00f3vel de Urg\u00eancia (Samu) foram acionadas para realizar o resgate, mas os corpos das v\u00edtimas foram encontrados carbonizados.<\/p>\n<p><strong>Leia mais<\/strong><\/p>\n<p><a href=\"https:\/\/redenoticiaz.com.br\/blog\/2023\/10\/04\/policia-civil-encerra-caso-da-queda-do-aviao-de-marilia-mendonca\">Mar\u00edlia Mendon\u00e7a: cabos de energia da Cemig provocaram queda de avi\u00e3o<\/a><\/p>\n<p><a href=\"https:\/\/redenoticiaz.com.br\/blog\/2023\/10\/04\/policia-civil-encerra-caso-da-queda-do-aviao-de-marilia-mendonca\">Pol\u00edcia Civil encerra caso da queda do avi\u00e3o de Mar\u00edlia Mendon\u00e7a<\/a><\/p>\n","protected":false},"excerpt":{"rendered":"<p>Um avi\u00e3o de pequeno de porte caiu neste domingo (29) pr\u00f3ximo ao aeroporto de Rio Branco. De acordo com o governo do Acre, 12 pessoas morreram no acidente, sendo nove adultos, um beb\u00ea e dois tripulantes (piloto e co-piloto). A aeronave, modelo Caravan, \u00e9 de propriedade da empresa ART Taxi A\u00e9reo e fazia um voo &hellip;<\/p>\n","protected":false},"author":12,"featured_media":111736,"comment_status":"open","ping_status":"closed","sticky":false,"template":"","format":"standard","meta":{"footnotes":""},"categories":[10],"tags":[64254,67472,11282,3143],"class_list":["post-111735","post","type-post","status-publish","format-standard","has-post-thumbnail","hentry","category-policia","tag-acre","tag-queda-aviao","tag-rio-branco","tag-samu"],"yoast_head":"<!-- This site is optimized with the Yoast SEO plugin v27.5 - https:\/\/yoast.com\/product\/yoast-seo-wordpress\/ -->\n<title>Queda de avi\u00e3o de pequeno porte deixa 12 mortos no Acre - Litoral SP<\/title>\n<meta name=\"description\" content=\"De acordo com o governo do Acre, 12 pessoas morreram no acidente, sendo nove adultos, um beb\u00ea e dois tripulantes.\" \/>\n<meta name=\"robots\" content=\"index, follow, max-snippet:-1, max-image-preview:large, max-video-preview:-1\" \/>\n<link rel=\"canonical\" href=\"https:\/\/redenoticiaz.com.br\/litoralsp\/2023\/10\/29\/queda-de-aviao-de-pequeno-porte-deixa-12-mortos-no-acre\" \/>\n<meta property=\"og:locale\" content=\"pt_BR\" \/>\n<meta property=\"og:type\" content=\"article\" \/>\n<meta property=\"og:title\" content=\"Queda de avi\u00e3o de pequeno porte deixa 12 mortos no Acre - Litoral SP\" \/>\n<meta property=\"og:description\" content=\"De acordo com o governo do Acre, 12 pessoas morreram no acidente, sendo nove adultos, um beb\u00ea e dois tripulantes.\" \/>\n<meta property=\"og:url\" content=\"https:\/\/redenoticiaz.com.br\/litoralsp\/2023\/10\/29\/queda-de-aviao-de-pequeno-porte-deixa-12-mortos-no-acre\" \/>\n<meta property=\"og:site_name\" content=\"Litoral SP\" \/>\n<meta property=\"article:published_time\" content=\"2023-10-29T17:42:51+00:00\" \/>\n<meta property=\"article:modified_time\" content=\"2023-10-29T17:48:00+00:00\" \/>\n<meta property=\"og:image\" content=\"https:\/\/redenoticiaz.com.br\/litoralsp\/wp-content\/uploads\/sites\/3\/2023\/10\/aviao-caiu-acre-e1698591279219.jpg?v=1698601339\" \/>\n\t<meta property=\"og:image:width\" content=\"960\" \/>\n\t<meta property=\"og:image:height\" content=\"541\" \/>\n\t<meta property=\"og:image:type\" content=\"image\/jpeg\" \/>\n<meta name=\"author\" content=\"Gustavo Silva\" \/>\n<meta name=\"twitter:card\" content=\"summary_large_image\" \/>\n<meta name=\"twitter:label1\" content=\"Escrito por\" \/>\n\t<meta name=\"twitter:data1\" content=\"Gustavo Silva\" \/>\n\t<meta name=\"twitter:label2\" content=\"Est. tempo de leitura\" \/>\n\t<meta name=\"twitter:data2\" content=\"2 minutos\" \/>\n<script type=\"application\/ld+json\" class=\"yoast-schema-graph\">{\"@context\":\"https:\\\/\\\/schema.org\",\"@graph\":[{\"@type\":\"Article\",\"@id\":\"https:\\\/\\\/redenoticiaz.com.br\\\/litoralsp\\\/2023\\\/10\\\/29\\\/queda-de-aviao-de-pequeno-porte-deixa-12-mortos-no-acre#article\",\"isPartOf\":{\"@id\":\"https:\\\/\\\/redenoticiaz.com.br\\\/litoralsp\\\/2023\\\/10\\\/29\\\/queda-de-aviao-de-pequeno-porte-deixa-12-mortos-no-acre\"},\"author\":{\"name\":\"Gustavo Silva\",\"@id\":\"https:\\\/\\\/redenoticiaz.com.br\\\/litoralsp\\\/#\\\/schema\\\/person\\\/16057b37a3c0ee6b096d7f887c566e2e\"},\"headline\":\"Queda de avi\u00e3o de pequeno porte deixa 12 mortos no Acre\",\"datePublished\":\"2023-10-29T17:42:51+00:00\",\"dateModified\":\"2023-10-29T17:48:00+00:00\",\"mainEntityOfPage\":{\"@id\":\"https:\\\/\\\/redenoticiaz.com.br\\\/litoralsp\\\/2023\\\/10\\\/29\\\/queda-de-aviao-de-pequeno-porte-deixa-12-mortos-no-acre\"},\"wordCount\":141,\"commentCount\":0,\"publisher\":{\"@id\":\"https:\\\/\\\/redenoticiaz.com.br\\\/litoralsp\\\/#organization\"},\"image\":{\"@id\":\"https:\\\/\\\/redenoticiaz.com.br\\\/litoralsp\\\/2023\\\/10\\\/29\\\/queda-de-aviao-de-pequeno-porte-deixa-12-mortos-no-acre#primaryimage\"},\"thumbnailUrl\":\"https:\\\/\\\/redenoticiaz.com.br\\\/litoralsp\\\/wp-content\\\/uploads\\\/sites\\\/3\\\/2023\\\/10\\\/aviao-caiu-acre-e1698591279219.jpg?v=1698601339\",\"keywords\":[\"acre\",\"queda avi\u00e3o\",\"RIO BRANCO\",\"SAMU\"],\"articleSection\":[\"Pol\u00edcia\"],\"inLanguage\":\"pt-BR\",\"potentialAction\":[{\"@type\":\"CommentAction\",\"name\":\"Comment\",\"target\":[\"https:\\\/\\\/redenoticiaz.com.br\\\/litoralsp\\\/2023\\\/10\\\/29\\\/queda-de-aviao-de-pequeno-porte-deixa-12-mortos-no-acre#respond\"]}]},{\"@type\":\"WebPage\",\"@id\":\"https:\\\/\\\/redenoticiaz.com.br\\\/litoralsp\\\/2023\\\/10\\\/29\\\/queda-de-aviao-de-pequeno-porte-deixa-12-mortos-no-acre\",\"url\":\"https:\\\/\\\/redenoticiaz.com.br\\\/litoralsp\\\/2023\\\/10\\\/29\\\/queda-de-aviao-de-pequeno-porte-deixa-12-mortos-no-acre\",\"name\":\"Queda de avi\u00e3o de pequeno porte deixa 12 mortos no Acre - Litoral SP\",\"isPartOf\":{\"@id\":\"https:\\\/\\\/redenoticiaz.com.br\\\/litoralsp\\\/#website\"},\"primaryImageOfPage\":{\"@id\":\"https:\\\/\\\/redenoticiaz.com.br\\\/litoralsp\\\/2023\\\/10\\\/29\\\/queda-de-aviao-de-pequeno-porte-deixa-12-mortos-no-acre#primaryimage\"},\"image\":{\"@id\":\"https:\\\/\\\/redenoticiaz.com.br\\\/litoralsp\\\/2023\\\/10\\\/29\\\/queda-de-aviao-de-pequeno-porte-deixa-12-mortos-no-acre#primaryimage\"},\"thumbnailUrl\":\"https:\\\/\\\/redenoticiaz.com.br\\\/litoralsp\\\/wp-content\\\/uploads\\\/sites\\\/3\\\/2023\\\/10\\\/aviao-caiu-acre-e1698591279219.jpg?v=1698601339\",\"datePublished\":\"2023-10-29T17:42:51+00:00\",\"dateModified\":\"2023-10-29T17:48:00+00:00\",\"description\":\"De acordo com o governo do Acre, 12 pessoas morreram no acidente, sendo nove adultos, um beb\u00ea e dois tripulantes.\",\"inLanguage\":\"pt-BR\",\"potentialAction\":[{\"@type\":\"ReadAction\",\"target\":[\"https:\\\/\\\/redenoticiaz.com.br\\\/litoralsp\\\/2023\\\/10\\\/29\\\/queda-de-aviao-de-pequeno-porte-deixa-12-mortos-no-acre\"]}]},{\"@type\":\"ImageObject\",\"inLanguage\":\"pt-BR\",\"@id\":\"https:\\\/\\\/redenoticiaz.com.br\\\/litoralsp\\\/2023\\\/10\\\/29\\\/queda-de-aviao-de-pequeno-porte-deixa-12-mortos-no-acre#primaryimage\",\"url\":\"https:\\\/\\\/redenoticiaz.com.br\\\/litoralsp\\\/wp-content\\\/uploads\\\/sites\\\/3\\\/2023\\\/10\\\/aviao-caiu-acre-e1698591279219.jpg?v=1698601339\",\"contentUrl\":\"https:\\\/\\\/redenoticiaz.com.br\\\/litoralsp\\\/wp-content\\\/uploads\\\/sites\\\/3\\\/2023\\\/10\\\/aviao-caiu-acre-e1698591279219.jpg?v=1698601339\",\"width\":960,\"height\":541,\"caption\":\"Queda de avi\u00e3o de pequeno porte deixa 12 mortos no Acre\"},{\"@type\":\"WebSite\",\"@id\":\"https:\\\/\\\/redenoticiaz.com.br\\\/litoralsp\\\/#website\",\"url\":\"https:\\\/\\\/redenoticiaz.com.br\\\/litoralsp\\\/\",\"name\":\"Litoral SP\",\"description\":\"Rede NoticiaZ\",\"publisher\":{\"@id\":\"https:\\\/\\\/redenoticiaz.com.br\\\/litoralsp\\\/#organization\"},\"potentialAction\":[{\"@type\":\"SearchAction\",\"target\":{\"@type\":\"EntryPoint\",\"urlTemplate\":\"https:\\\/\\\/redenoticiaz.com.br\\\/litoralsp\\\/?s={search_term_string}\"},\"query-input\":{\"@type\":\"PropertyValueSpecification\",\"valueRequired\":true,\"valueName\":\"search_term_string\"}}],\"inLanguage\":\"pt-BR\"},{\"@type\":\"Organization\",\"@id\":\"https:\\\/\\\/redenoticiaz.com.br\\\/litoralsp\\\/#organization\",\"name\":\"Litoral SP\",\"url\":\"https:\\\/\\\/redenoticiaz.com.br\\\/litoralsp\\\/\",\"logo\":{\"@type\":\"ImageObject\",\"inLanguage\":\"pt-BR\",\"@id\":\"https:\\\/\\\/redenoticiaz.com.br\\\/litoralsp\\\/#\\\/schema\\\/logo\\\/image\\\/\",\"url\":\"https:\\\/\\\/redenoticiaz.com.br\\\/litoralsp\\\/wp-content\\\/uploads\\\/sites\\\/3\\\/2020\\\/11\\\/logo.jpg\",\"contentUrl\":\"https:\\\/\\\/redenoticiaz.com.br\\\/litoralsp\\\/wp-content\\\/uploads\\\/sites\\\/3\\\/2020\\\/11\\\/logo.jpg\",\"width\":400,\"height\":250,\"caption\":\"Litoral SP\"},\"image\":{\"@id\":\"https:\\\/\\\/redenoticiaz.com.br\\\/litoralsp\\\/#\\\/schema\\\/logo\\\/image\\\/\"}},{\"@type\":\"Person\",\"@id\":\"https:\\\/\\\/redenoticiaz.com.br\\\/litoralsp\\\/#\\\/schema\\\/person\\\/16057b37a3c0ee6b096d7f887c566e2e\",\"name\":\"Gustavo Silva\",\"image\":{\"@type\":\"ImageObject\",\"inLanguage\":\"pt-BR\",\"@id\":\"https:\\\/\\\/secure.gravatar.com\\\/avatar\\\/3ee4e82f93b26de0a7cf4ea5eb7893da637ed6bb0c9170c58065944c56e28a33?s=96&d=mm&r=g\",\"url\":\"https:\\\/\\\/secure.gravatar.com\\\/avatar\\\/3ee4e82f93b26de0a7cf4ea5eb7893da637ed6bb0c9170c58065944c56e28a33?s=96&d=mm&r=g\",\"contentUrl\":\"https:\\\/\\\/secure.gravatar.com\\\/avatar\\\/3ee4e82f93b26de0a7cf4ea5eb7893da637ed6bb0c9170c58065944c56e28a33?s=96&d=mm&r=g\",\"caption\":\"Gustavo Silva\"},\"url\":\"https:\\\/\\\/redenoticiaz.com.br\\\/litoralsp\\\/author\\\/gustavosilva\"}]}<\/script>\n<!-- \/ Yoast SEO plugin. -->","yoast_head_json":{"title":"Queda de avi\u00e3o de pequeno porte deixa 12 mortos no Acre - Litoral SP","description":"De acordo com o governo do Acre, 12 pessoas morreram no acidente, sendo nove adultos, um beb\u00ea e dois tripulantes.","robots":{"index":"index","follow":"follow","max-snippet":"max-snippet:-1","max-image-preview":"max-image-preview:large","max-video-preview":"max-video-preview:-1"},"canonical":"https:\/\/redenoticiaz.com.br\/litoralsp\/2023\/10\/29\/queda-de-aviao-de-pequeno-porte-deixa-12-mortos-no-acre","og_locale":"pt_BR","og_type":"article","og_title":"Queda de avi\u00e3o de pequeno porte deixa 12 mortos no Acre - Litoral SP","og_description":"De acordo com o governo do Acre, 12 pessoas morreram no acidente, sendo nove adultos, um beb\u00ea e dois tripulantes.","og_url":"https:\/\/redenoticiaz.com.br\/litoralsp\/2023\/10\/29\/queda-de-aviao-de-pequeno-porte-deixa-12-mortos-no-acre","og_site_name":"Litoral SP","article_published_time":"2023-10-29T17:42:51+00:00","article_modified_time":"2023-10-29T17:48:00+00:00","og_image":[{"width":960,"height":541,"url":"https:\/\/redenoticiaz.com.br\/litoralsp\/wp-content\/uploads\/sites\/3\/2023\/10\/aviao-caiu-acre-e1698591279219.jpg?v=1698601339","type":"image\/jpeg"}],"author":"Gustavo Silva","twitter_card":"summary_large_image","twitter_misc":{"Escrito por":"Gustavo Silva","Est. tempo de leitura":"2 minutos"},"schema":{"@context":"https:\/\/schema.org","@graph":[{"@type":"Article","@id":"https:\/\/redenoticiaz.com.br\/litoralsp\/2023\/10\/29\/queda-de-aviao-de-pequeno-porte-deixa-12-mortos-no-acre#article","isPartOf":{"@id":"https:\/\/redenoticiaz.com.br\/litoralsp\/2023\/10\/29\/queda-de-aviao-de-pequeno-porte-deixa-12-mortos-no-acre"},"author":{"name":"Gustavo Silva","@id":"https:\/\/redenoticiaz.com.br\/litoralsp\/#\/schema\/person\/16057b37a3c0ee6b096d7f887c566e2e"},"headline":"Queda de avi\u00e3o de pequeno porte deixa 12 mortos no Acre","datePublished":"2023-10-29T17:42:51+00:00","dateModified":"2023-10-29T17:48:00+00:00","mainEntityOfPage":{"@id":"https:\/\/redenoticiaz.com.br\/litoralsp\/2023\/10\/29\/queda-de-aviao-de-pequeno-porte-deixa-12-mortos-no-acre"},"wordCount":141,"commentCount":0,"publisher":{"@id":"https:\/\/redenoticiaz.com.br\/litoralsp\/#organization"},"image":{"@id":"https:\/\/redenoticiaz.com.br\/litoralsp\/2023\/10\/29\/queda-de-aviao-de-pequeno-porte-deixa-12-mortos-no-acre#primaryimage"},"thumbnailUrl":"https:\/\/redenoticiaz.com.br\/litoralsp\/wp-content\/uploads\/sites\/3\/2023\/10\/aviao-caiu-acre-e1698591279219.jpg?v=1698601339","keywords":["acre","queda avi\u00e3o","RIO BRANCO","SAMU"],"articleSection":["Pol\u00edcia"],"inLanguage":"pt-BR","potentialAction":[{"@type":"CommentAction","name":"Comment","target":["https:\/\/redenoticiaz.com.br\/litoralsp\/2023\/10\/29\/queda-de-aviao-de-pequeno-porte-deixa-12-mortos-no-acre#respond"]}]},{"@type":"WebPage","@id":"https:\/\/redenoticiaz.com.br\/litoralsp\/2023\/10\/29\/queda-de-aviao-de-pequeno-porte-deixa-12-mortos-no-acre","url":"https:\/\/redenoticiaz.com.br\/litoralsp\/2023\/10\/29\/queda-de-aviao-de-pequeno-porte-deixa-12-mortos-no-acre","name":"Queda de avi\u00e3o de pequeno porte deixa 12 mortos no Acre - Litoral SP","isPartOf":{"@id":"https:\/\/redenoticiaz.com.br\/litoralsp\/#website"},"primaryImageOfPage":{"@id":"https:\/\/redenoticiaz.com.br\/litoralsp\/2023\/10\/29\/queda-de-aviao-de-pequeno-porte-deixa-12-mortos-no-acre#primaryimage"},"image":{"@id":"https:\/\/redenoticiaz.com.br\/litoralsp\/2023\/10\/29\/queda-de-aviao-de-pequeno-porte-deixa-12-mortos-no-acre#primaryimage"},"thumbnailUrl":"https:\/\/redenoticiaz.com.br\/litoralsp\/wp-content\/uploads\/sites\/3\/2023\/10\/aviao-caiu-acre-e1698591279219.jpg?v=1698601339","datePublished":"2023-10-29T17:42:51+00:00","dateModified":"2023-10-29T17:48:00+00:00","description":"De acordo com o governo do Acre, 12 pessoas morreram no acidente, sendo nove adultos, um beb\u00ea e dois tripulantes.","inLanguage":"pt-BR","potentialAction":[{"@type":"ReadAction","target":["https:\/\/redenoticiaz.com.br\/litoralsp\/2023\/10\/29\/queda-de-aviao-de-pequeno-porte-deixa-12-mortos-no-acre"]}]},{"@type":"ImageObject","inLanguage":"pt-BR","@id":"https:\/\/redenoticiaz.com.br\/litoralsp\/2023\/10\/29\/queda-de-aviao-de-pequeno-porte-deixa-12-mortos-no-acre#primaryimage","url":"https:\/\/redenoticiaz.com.br\/litoralsp\/wp-content\/uploads\/sites\/3\/2023\/10\/aviao-caiu-acre-e1698591279219.jpg?v=1698601339","contentUrl":"https:\/\/redenoticiaz.com.br\/litoralsp\/wp-content\/uploads\/sites\/3\/2023\/10\/aviao-caiu-acre-e1698591279219.jpg?v=1698601339","width":960,"height":541,"caption":"Queda de avi\u00e3o de pequeno porte deixa 12 mortos no Acre"},{"@type":"WebSite","@id":"https:\/\/redenoticiaz.com.br\/litoralsp\/#website","url":"https:\/\/redenoticiaz.com.br\/litoralsp\/","name":"Litoral SP","description":"Rede NoticiaZ","publisher":{"@id":"https:\/\/redenoticiaz.com.br\/litoralsp\/#organization"},"potentialAction":[{"@type":"SearchAction","target":{"@type":"EntryPoint","urlTemplate":"https:\/\/redenoticiaz.com.br\/litoralsp\/?s={search_term_string}"},"query-input":{"@type":"PropertyValueSpecification","valueRequired":true,"valueName":"search_term_string"}}],"inLanguage":"pt-BR"},{"@type":"Organization","@id":"https:\/\/redenoticiaz.com.br\/litoralsp\/#organization","name":"Litoral SP","url":"https:\/\/redenoticiaz.com.br\/litoralsp\/","logo":{"@type":"ImageObject","inLanguage":"pt-BR","@id":"https:\/\/redenoticiaz.com.br\/litoralsp\/#\/schema\/logo\/image\/","url":"https:\/\/redenoticiaz.com.br\/litoralsp\/wp-content\/uploads\/sites\/3\/2020\/11\/logo.jpg","contentUrl":"https:\/\/redenoticiaz.com.br\/litoralsp\/wp-content\/uploads\/sites\/3\/2020\/11\/logo.jpg","width":400,"height":250,"caption":"Litoral SP"},"image":{"@id":"https:\/\/redenoticiaz.com.br\/litoralsp\/#\/schema\/logo\/image\/"}},{"@type":"Person","@id":"https:\/\/redenoticiaz.com.br\/litoralsp\/#\/schema\/person\/16057b37a3c0ee6b096d7f887c566e2e","name":"Gustavo Silva","image":{"@type":"ImageObject","inLanguage":"pt-BR","@id":"https:\/\/secure.gravatar.com\/avatar\/3ee4e82f93b26de0a7cf4ea5eb7893da637ed6bb0c9170c58065944c56e28a33?s=96&d=mm&r=g","url":"https:\/\/secure.gravatar.com\/avatar\/3ee4e82f93b26de0a7cf4ea5eb7893da637ed6bb0c9170c58065944c56e28a33?s=96&d=mm&r=g","contentUrl":"https:\/\/secure.gravatar.com\/avatar\/3ee4e82f93b26de0a7cf4ea5eb7893da637ed6bb0c9170c58065944c56e28a33?s=96&d=mm&r=g","caption":"Gustavo Silva"},"url":"https:\/\/redenoticiaz.com.br\/litoralsp\/author\/gustavosilva"}]}},"_links":{"self":[{"href":"https:\/\/redenoticiaz.com.br\/litoralsp\/wp-json\/wp\/v2\/posts\/111735","targetHints":{"allow":["GET"]}}],"collection":[{"href":"https:\/\/redenoticiaz.com.br\/litoralsp\/wp-json\/wp\/v2\/posts"}],"about":[{"href":"https:\/\/redenoticiaz.com.br\/litoralsp\/wp-json\/wp\/v2\/types\/post"}],"author":[{"embeddable":true,"href":"https:\/\/redenoticiaz.com.br\/litoralsp\/wp-json\/wp\/v2\/users\/12"}],"replies":[{"embeddable":true,"href":"https:\/\/redenoticiaz.com.br\/litoralsp\/wp-json\/wp\/v2\/comments?post=111735"}],"version-history":[{"count":0,"href":"https:\/\/redenoticiaz.com.br\/litoralsp\/wp-json\/wp\/v2\/posts\/111735\/revisions"}],"wp:featuredmedia":[{"embeddable":true,"href":"https:\/\/redenoticiaz.com.br\/litoralsp\/wp-json\/wp\/v2\/media\/111736"}],"wp:attachment":[{"href":"https:\/\/redenoticiaz.com.br\/litoralsp\/wp-json\/wp\/v2\/media?parent=111735"}],"wp:term":[{"taxonomy":"category","embeddable":true,"href":"https:\/\/redenoticiaz.com.br\/litoralsp\/wp-json\/wp\/v2\/categories?post=111735"},{"taxonomy":"post_tag","embeddable":true,"href":"https:\/\/redenoticiaz.com.br\/litoralsp\/wp-json\/wp\/v2\/tags?post=111735"}],"curies":[{"name":"wp","href":"https:\/\/api.w.org\/{rel}","templated":true}]}}