{"id":111749,"date":"2023-10-30T17:16:07","date_gmt":"2023-10-30T20:16:07","guid":{"rendered":"https:\/\/redenoticiaz.com.br\/litoralsp\/?p=111749"},"modified":"2023-10-30T17:16:07","modified_gmt":"2023-10-30T20:16:07","slug":"dupla-assalta-cabines-de-cobranca-do-sistema-de-travessia-de-balsas-entre-santos-e-guaruja","status":"publish","type":"post","link":"https:\/\/redenoticiaz.com.br\/litoralsp\/2023\/10\/30\/dupla-assalta-cabines-de-cobranca-do-sistema-de-travessia-de-balsas-entre-santos-e-guaruja","title":{"rendered":"Dupla assalta cabines de cobran\u00e7a do sistema de travessia de balsas\u00a0entre\u00a0Santos\u00a0e\u00a0Guaruj\u00e1"},"content":{"rendered":"<div id=\"chunk-af82k\">\n<div class=\"mc-column content-text active-extra-styles \" data-block-type=\"unstyled\" data-block-weight=\"39\" data-block-id=\"3\">\n<p data-track-category=\"Link no Texto\" data-track-links=\"\">Uma dupla assaltou as cabines de cobran\u00e7a do sistema de travessia de balsas entre Santos e Guaruj\u00e1 nesta segunda-feira (30).<\/p>\n<p data-track-category=\"Link no Texto\" data-track-links=\"\">De acordo com as informa\u00e7\u00f5es, os criminosos conseguiram fugir com aproximadamente R$ 1,7 mil durante a a\u00e7\u00e3o.<\/p>\n<p data-track-category=\"Link no Texto\" data-track-links=\"\">Ainda de acordo com as informa\u00e7\u00f5es, os funcion\u00e1rios afirmaram que os dois homens chegaram de moto e roubaram dinheiro em tr\u00eas cabines.<\/p>\n<p data-track-category=\"Link no Texto\" data-track-links=\"\">Sendo assim, o crime aconteceu por volta das 6h40 deste domingo (29), no lado de Guaruj\u00e1.<\/p>\n<p data-track-category=\"Link no Texto\" data-track-links=\"\">Por fim, a Secretaria de Meio Ambiente, Infraestrutura e Log\u00edstica (Semil) informou por nota que lamenta o epis\u00f3dio e aguarda a conclus\u00e3o das investiga\u00e7\u00f5es.<\/p>\n<p data-track-category=\"Link no Texto\" data-track-links=\"\"><strong>Leia mais<\/strong><\/p>\n<\/div>\n<\/div>\n<div class=\"wall protected-content\">\n<div id=\"chunk-55b8a\">\n<div class=\"mc-column content-text active-extra-styles \" data-block-type=\"unstyled\" data-block-weight=\"26\" data-block-id=\"8\">\n<p class=\" content-text__container \" data-track-category=\"Link no Texto\" data-track-links=\"\"><a href=\"https:\/\/redenoticiaz.com.br\/litoralsp\/2023\/10\/04\/travessia-entre-santos-e-guaruja-ira-receber-investimento-de-r-724-milhoes\">Travessia entre Santos e Guaruj\u00e1 ir\u00e1 receber investimento de R$ 72,4 milh\u00f5es<\/a><\/p>\n<p data-track-category=\"Link no Texto\" data-track-links=\"\"><a href=\"https:\/\/redenoticiaz.com.br\/litoralsp\/2023\/06\/03\/elevador-do-acesso-a-travessia-de-barcas-volta-a-funcionar-apos-vandalismo\">Elevador do acesso a travessia de barcas volta a funcionar ap\u00f3s vandalismo<\/a><\/p>\n<p data-track-category=\"Link no Texto\" data-track-links=\"\"><a href=\"https:\/\/redenoticiaz.com.br\/litoralsp\/2023\/10\/29\/parque-valongo-recebe-mais-r-35-milhoes-do-porto-de-santos\">Parque Valongo recebe mais R$ 35 milh\u00f5es do Porto de Santos<\/a><\/p>\n<\/div>\n<\/div>\n<\/div>\n","protected":false},"excerpt":{"rendered":"<p>Uma dupla assaltou as cabines de cobran\u00e7a do sistema de travessia de balsas entre Santos e Guaruj\u00e1 nesta segunda-feira (30). De acordo com as informa\u00e7\u00f5es, os criminosos conseguiram fugir com aproximadamente R$ 1,7 mil durante a a\u00e7\u00e3o. Ainda de acordo com as informa\u00e7\u00f5es, os funcion\u00e1rios afirmaram que os dois homens chegaram de moto e roubaram &hellip;<\/p>\n","protected":false},"author":12,"featured_media":23099,"comment_status":"open","ping_status":"closed","sticky":false,"template":"","format":"standard","meta":{"footnotes":""},"categories":[187,10,180],"tags":[2803,57810,6426,986],"class_list":["post-111749","post","type-post","status-publish","format-standard","has-post-thumbnail","hentry","category-guaruja","category-policia","category-santos","tag-assalto","tag-cobranca","tag-guaruja-2","tag-santos"],"yoast_head":"<!-- This site is optimized with the Yoast SEO plugin v27.5 - https:\/\/yoast.com\/product\/yoast-seo-wordpress\/ -->\n<title>Dupla assalta cabines de cobran\u00e7a do sistema de travessia de balsas\u00a0entre\u00a0Santos\u00a0e\u00a0Guaruj\u00e1 - Litoral SP<\/title>\n<meta name=\"description\" content=\"Uma dupla assaltou as cabines de cobran\u00e7a do sistema de travessia de balsas entre Santos e Guaruj\u00e1 nesta segunda-feira (30).\" \/>\n<meta name=\"robots\" content=\"index, follow, max-snippet:-1, max-image-preview:large, max-video-preview:-1\" \/>\n<link rel=\"canonical\" href=\"https:\/\/redenoticiaz.com.br\/litoralsp\/2023\/10\/30\/dupla-assalta-cabines-de-cobranca-do-sistema-de-travessia-de-balsas-entre-santos-e-guaruja\" \/>\n<meta property=\"og:locale\" content=\"pt_BR\" \/>\n<meta property=\"og:type\" content=\"article\" \/>\n<meta property=\"og:title\" content=\"Dupla assalta cabines de cobran\u00e7a do sistema de travessia de balsas\u00a0entre\u00a0Santos\u00a0e\u00a0Guaruj\u00e1 - Litoral SP\" \/>\n<meta property=\"og:description\" content=\"Uma dupla assaltou as cabines de cobran\u00e7a do sistema de travessia de balsas entre Santos e Guaruj\u00e1 nesta segunda-feira (30).\" \/>\n<meta property=\"og:url\" content=\"https:\/\/redenoticiaz.com.br\/litoralsp\/2023\/10\/30\/dupla-assalta-cabines-de-cobranca-do-sistema-de-travessia-de-balsas-entre-santos-e-guaruja\" \/>\n<meta property=\"og:site_name\" content=\"Litoral SP\" \/>\n<meta property=\"article:published_time\" content=\"2023-10-30T20:16:07+00:00\" \/>\n<meta property=\"og:image\" content=\"https:\/\/redenoticiaz.com.br\/litoralsp\/wp-content\/uploads\/sites\/3\/2022\/02\/travessia.jpeg\" \/>\n\t<meta property=\"og:image:width\" content=\"984\" \/>\n\t<meta property=\"og:image:height\" content=\"478\" \/>\n\t<meta property=\"og:image:type\" content=\"image\/jpeg\" \/>\n<meta name=\"author\" content=\"Gustavo Silva\" \/>\n<meta name=\"twitter:card\" content=\"summary_large_image\" \/>\n<meta name=\"twitter:label1\" content=\"Escrito por\" \/>\n\t<meta name=\"twitter:data1\" content=\"Gustavo Silva\" \/>\n\t<meta name=\"twitter:label2\" content=\"Est. tempo de leitura\" \/>\n\t<meta name=\"twitter:data2\" content=\"1 minuto\" \/>\n<script type=\"application\/ld+json\" class=\"yoast-schema-graph\">{\"@context\":\"https:\\\/\\\/schema.org\",\"@graph\":[{\"@type\":\"Article\",\"@id\":\"https:\\\/\\\/redenoticiaz.com.br\\\/litoralsp\\\/2023\\\/10\\\/30\\\/dupla-assalta-cabines-de-cobranca-do-sistema-de-travessia-de-balsas-entre-santos-e-guaruja#article\",\"isPartOf\":{\"@id\":\"https:\\\/\\\/redenoticiaz.com.br\\\/litoralsp\\\/2023\\\/10\\\/30\\\/dupla-assalta-cabines-de-cobranca-do-sistema-de-travessia-de-balsas-entre-santos-e-guaruja\"},\"author\":{\"name\":\"Gustavo Silva\",\"@id\":\"https:\\\/\\\/redenoticiaz.com.br\\\/litoralsp\\\/#\\\/schema\\\/person\\\/16057b37a3c0ee6b096d7f887c566e2e\"},\"headline\":\"Dupla assalta cabines de cobran\u00e7a do sistema de travessia de balsas\u00a0entre\u00a0Santos\u00a0e\u00a0Guaruj\u00e1\",\"datePublished\":\"2023-10-30T20:16:07+00:00\",\"mainEntityOfPage\":{\"@id\":\"https:\\\/\\\/redenoticiaz.com.br\\\/litoralsp\\\/2023\\\/10\\\/30\\\/dupla-assalta-cabines-de-cobranca-do-sistema-de-travessia-de-balsas-entre-santos-e-guaruja\"},\"wordCount\":160,\"commentCount\":0,\"publisher\":{\"@id\":\"https:\\\/\\\/redenoticiaz.com.br\\\/litoralsp\\\/#organization\"},\"image\":{\"@id\":\"https:\\\/\\\/redenoticiaz.com.br\\\/litoralsp\\\/2023\\\/10\\\/30\\\/dupla-assalta-cabines-de-cobranca-do-sistema-de-travessia-de-balsas-entre-santos-e-guaruja#primaryimage\"},\"thumbnailUrl\":\"https:\\\/\\\/redenoticiaz.com.br\\\/litoralsp\\\/wp-content\\\/uploads\\\/sites\\\/3\\\/2022\\\/02\\\/travessia.jpeg\",\"keywords\":[\"Assalto\",\"COBRAN\u00c7A\",\"Guaruj\u00e1\",\"Santos\"],\"articleSection\":[\"Guaruj\u00e1\",\"Pol\u00edcia\",\"Santos\"],\"inLanguage\":\"pt-BR\",\"potentialAction\":[{\"@type\":\"CommentAction\",\"name\":\"Comment\",\"target\":[\"https:\\\/\\\/redenoticiaz.com.br\\\/litoralsp\\\/2023\\\/10\\\/30\\\/dupla-assalta-cabines-de-cobranca-do-sistema-de-travessia-de-balsas-entre-santos-e-guaruja#respond\"]}]},{\"@type\":\"WebPage\",\"@id\":\"https:\\\/\\\/redenoticiaz.com.br\\\/litoralsp\\\/2023\\\/10\\\/30\\\/dupla-assalta-cabines-de-cobranca-do-sistema-de-travessia-de-balsas-entre-santos-e-guaruja\",\"url\":\"https:\\\/\\\/redenoticiaz.com.br\\\/litoralsp\\\/2023\\\/10\\\/30\\\/dupla-assalta-cabines-de-cobranca-do-sistema-de-travessia-de-balsas-entre-santos-e-guaruja\",\"name\":\"Dupla assalta cabines de cobran\u00e7a do sistema de travessia de balsas\u00a0entre\u00a0Santos\u00a0e\u00a0Guaruj\u00e1 - Litoral SP\",\"isPartOf\":{\"@id\":\"https:\\\/\\\/redenoticiaz.com.br\\\/litoralsp\\\/#website\"},\"primaryImageOfPage\":{\"@id\":\"https:\\\/\\\/redenoticiaz.com.br\\\/litoralsp\\\/2023\\\/10\\\/30\\\/dupla-assalta-cabines-de-cobranca-do-sistema-de-travessia-de-balsas-entre-santos-e-guaruja#primaryimage\"},\"image\":{\"@id\":\"https:\\\/\\\/redenoticiaz.com.br\\\/litoralsp\\\/2023\\\/10\\\/30\\\/dupla-assalta-cabines-de-cobranca-do-sistema-de-travessia-de-balsas-entre-santos-e-guaruja#primaryimage\"},\"thumbnailUrl\":\"https:\\\/\\\/redenoticiaz.com.br\\\/litoralsp\\\/wp-content\\\/uploads\\\/sites\\\/3\\\/2022\\\/02\\\/travessia.jpeg\",\"datePublished\":\"2023-10-30T20:16:07+00:00\",\"description\":\"Uma dupla assaltou as cabines de cobran\u00e7a do sistema de travessia de balsas entre Santos e Guaruj\u00e1 nesta segunda-feira (30).\",\"inLanguage\":\"pt-BR\",\"potentialAction\":[{\"@type\":\"ReadAction\",\"target\":[\"https:\\\/\\\/redenoticiaz.com.br\\\/litoralsp\\\/2023\\\/10\\\/30\\\/dupla-assalta-cabines-de-cobranca-do-sistema-de-travessia-de-balsas-entre-santos-e-guaruja\"]}]},{\"@type\":\"ImageObject\",\"inLanguage\":\"pt-BR\",\"@id\":\"https:\\\/\\\/redenoticiaz.com.br\\\/litoralsp\\\/2023\\\/10\\\/30\\\/dupla-assalta-cabines-de-cobranca-do-sistema-de-travessia-de-balsas-entre-santos-e-guaruja#primaryimage\",\"url\":\"https:\\\/\\\/redenoticiaz.com.br\\\/litoralsp\\\/wp-content\\\/uploads\\\/sites\\\/3\\\/2022\\\/02\\\/travessia.jpeg\",\"contentUrl\":\"https:\\\/\\\/redenoticiaz.com.br\\\/litoralsp\\\/wp-content\\\/uploads\\\/sites\\\/3\\\/2022\\\/02\\\/travessia.jpeg\",\"width\":984,\"height\":478,\"caption\":\"Cr\u00e9ditos: Divulga\u00e7\u00e3o\\\/Governo de S\u00e3o Paulo\"},{\"@type\":\"WebSite\",\"@id\":\"https:\\\/\\\/redenoticiaz.com.br\\\/litoralsp\\\/#website\",\"url\":\"https:\\\/\\\/redenoticiaz.com.br\\\/litoralsp\\\/\",\"name\":\"Litoral SP\",\"description\":\"Rede NoticiaZ\",\"publisher\":{\"@id\":\"https:\\\/\\\/redenoticiaz.com.br\\\/litoralsp\\\/#organization\"},\"potentialAction\":[{\"@type\":\"SearchAction\",\"target\":{\"@type\":\"EntryPoint\",\"urlTemplate\":\"https:\\\/\\\/redenoticiaz.com.br\\\/litoralsp\\\/?s={search_term_string}\"},\"query-input\":{\"@type\":\"PropertyValueSpecification\",\"valueRequired\":true,\"valueName\":\"search_term_string\"}}],\"inLanguage\":\"pt-BR\"},{\"@type\":\"Organization\",\"@id\":\"https:\\\/\\\/redenoticiaz.com.br\\\/litoralsp\\\/#organization\",\"name\":\"Litoral SP\",\"url\":\"https:\\\/\\\/redenoticiaz.com.br\\\/litoralsp\\\/\",\"logo\":{\"@type\":\"ImageObject\",\"inLanguage\":\"pt-BR\",\"@id\":\"https:\\\/\\\/redenoticiaz.com.br\\\/litoralsp\\\/#\\\/schema\\\/logo\\\/image\\\/\",\"url\":\"https:\\\/\\\/redenoticiaz.com.br\\\/litoralsp\\\/wp-content\\\/uploads\\\/sites\\\/3\\\/2020\\\/11\\\/logo.jpg\",\"contentUrl\":\"https:\\\/\\\/redenoticiaz.com.br\\\/litoralsp\\\/wp-content\\\/uploads\\\/sites\\\/3\\\/2020\\\/11\\\/logo.jpg\",\"width\":400,\"height\":250,\"caption\":\"Litoral SP\"},\"image\":{\"@id\":\"https:\\\/\\\/redenoticiaz.com.br\\\/litoralsp\\\/#\\\/schema\\\/logo\\\/image\\\/\"}},{\"@type\":\"Person\",\"@id\":\"https:\\\/\\\/redenoticiaz.com.br\\\/litoralsp\\\/#\\\/schema\\\/person\\\/16057b37a3c0ee6b096d7f887c566e2e\",\"name\":\"Gustavo Silva\",\"image\":{\"@type\":\"ImageObject\",\"inLanguage\":\"pt-BR\",\"@id\":\"https:\\\/\\\/secure.gravatar.com\\\/avatar\\\/3ee4e82f93b26de0a7cf4ea5eb7893da637ed6bb0c9170c58065944c56e28a33?s=96&d=mm&r=g\",\"url\":\"https:\\\/\\\/secure.gravatar.com\\\/avatar\\\/3ee4e82f93b26de0a7cf4ea5eb7893da637ed6bb0c9170c58065944c56e28a33?s=96&d=mm&r=g\",\"contentUrl\":\"https:\\\/\\\/secure.gravatar.com\\\/avatar\\\/3ee4e82f93b26de0a7cf4ea5eb7893da637ed6bb0c9170c58065944c56e28a33?s=96&d=mm&r=g\",\"caption\":\"Gustavo Silva\"},\"url\":\"https:\\\/\\\/redenoticiaz.com.br\\\/litoralsp\\\/author\\\/gustavosilva\"}]}<\/script>\n<!-- \/ Yoast SEO plugin. -->","yoast_head_json":{"title":"Dupla assalta cabines de cobran\u00e7a do sistema de travessia de balsas\u00a0entre\u00a0Santos\u00a0e\u00a0Guaruj\u00e1 - Litoral SP","description":"Uma dupla assaltou as cabines de cobran\u00e7a do sistema de travessia de balsas entre Santos e Guaruj\u00e1 nesta segunda-feira (30).","robots":{"index":"index","follow":"follow","max-snippet":"max-snippet:-1","max-image-preview":"max-image-preview:large","max-video-preview":"max-video-preview:-1"},"canonical":"https:\/\/redenoticiaz.com.br\/litoralsp\/2023\/10\/30\/dupla-assalta-cabines-de-cobranca-do-sistema-de-travessia-de-balsas-entre-santos-e-guaruja","og_locale":"pt_BR","og_type":"article","og_title":"Dupla assalta cabines de cobran\u00e7a do sistema de travessia de balsas\u00a0entre\u00a0Santos\u00a0e\u00a0Guaruj\u00e1 - Litoral SP","og_description":"Uma dupla assaltou as cabines de cobran\u00e7a do sistema de travessia de balsas entre Santos e Guaruj\u00e1 nesta segunda-feira (30).","og_url":"https:\/\/redenoticiaz.com.br\/litoralsp\/2023\/10\/30\/dupla-assalta-cabines-de-cobranca-do-sistema-de-travessia-de-balsas-entre-santos-e-guaruja","og_site_name":"Litoral SP","article_published_time":"2023-10-30T20:16:07+00:00","og_image":[{"width":984,"height":478,"url":"https:\/\/redenoticiaz.com.br\/litoralsp\/wp-content\/uploads\/sites\/3\/2022\/02\/travessia.jpeg","type":"image\/jpeg"}],"author":"Gustavo Silva","twitter_card":"summary_large_image","twitter_misc":{"Escrito por":"Gustavo Silva","Est. tempo de leitura":"1 minuto"},"schema":{"@context":"https:\/\/schema.org","@graph":[{"@type":"Article","@id":"https:\/\/redenoticiaz.com.br\/litoralsp\/2023\/10\/30\/dupla-assalta-cabines-de-cobranca-do-sistema-de-travessia-de-balsas-entre-santos-e-guaruja#article","isPartOf":{"@id":"https:\/\/redenoticiaz.com.br\/litoralsp\/2023\/10\/30\/dupla-assalta-cabines-de-cobranca-do-sistema-de-travessia-de-balsas-entre-santos-e-guaruja"},"author":{"name":"Gustavo Silva","@id":"https:\/\/redenoticiaz.com.br\/litoralsp\/#\/schema\/person\/16057b37a3c0ee6b096d7f887c566e2e"},"headline":"Dupla assalta cabines de cobran\u00e7a do sistema de travessia de balsas\u00a0entre\u00a0Santos\u00a0e\u00a0Guaruj\u00e1","datePublished":"2023-10-30T20:16:07+00:00","mainEntityOfPage":{"@id":"https:\/\/redenoticiaz.com.br\/litoralsp\/2023\/10\/30\/dupla-assalta-cabines-de-cobranca-do-sistema-de-travessia-de-balsas-entre-santos-e-guaruja"},"wordCount":160,"commentCount":0,"publisher":{"@id":"https:\/\/redenoticiaz.com.br\/litoralsp\/#organization"},"image":{"@id":"https:\/\/redenoticiaz.com.br\/litoralsp\/2023\/10\/30\/dupla-assalta-cabines-de-cobranca-do-sistema-de-travessia-de-balsas-entre-santos-e-guaruja#primaryimage"},"thumbnailUrl":"https:\/\/redenoticiaz.com.br\/litoralsp\/wp-content\/uploads\/sites\/3\/2022\/02\/travessia.jpeg","keywords":["Assalto","COBRAN\u00c7A","Guaruj\u00e1","Santos"],"articleSection":["Guaruj\u00e1","Pol\u00edcia","Santos"],"inLanguage":"pt-BR","potentialAction":[{"@type":"CommentAction","name":"Comment","target":["https:\/\/redenoticiaz.com.br\/litoralsp\/2023\/10\/30\/dupla-assalta-cabines-de-cobranca-do-sistema-de-travessia-de-balsas-entre-santos-e-guaruja#respond"]}]},{"@type":"WebPage","@id":"https:\/\/redenoticiaz.com.br\/litoralsp\/2023\/10\/30\/dupla-assalta-cabines-de-cobranca-do-sistema-de-travessia-de-balsas-entre-santos-e-guaruja","url":"https:\/\/redenoticiaz.com.br\/litoralsp\/2023\/10\/30\/dupla-assalta-cabines-de-cobranca-do-sistema-de-travessia-de-balsas-entre-santos-e-guaruja","name":"Dupla assalta cabines de cobran\u00e7a do sistema de travessia de balsas\u00a0entre\u00a0Santos\u00a0e\u00a0Guaruj\u00e1 - Litoral SP","isPartOf":{"@id":"https:\/\/redenoticiaz.com.br\/litoralsp\/#website"},"primaryImageOfPage":{"@id":"https:\/\/redenoticiaz.com.br\/litoralsp\/2023\/10\/30\/dupla-assalta-cabines-de-cobranca-do-sistema-de-travessia-de-balsas-entre-santos-e-guaruja#primaryimage"},"image":{"@id":"https:\/\/redenoticiaz.com.br\/litoralsp\/2023\/10\/30\/dupla-assalta-cabines-de-cobranca-do-sistema-de-travessia-de-balsas-entre-santos-e-guaruja#primaryimage"},"thumbnailUrl":"https:\/\/redenoticiaz.com.br\/litoralsp\/wp-content\/uploads\/sites\/3\/2022\/02\/travessia.jpeg","datePublished":"2023-10-30T20:16:07+00:00","description":"Uma dupla assaltou as cabines de cobran\u00e7a do sistema de travessia de balsas entre Santos e Guaruj\u00e1 nesta segunda-feira (30).","inLanguage":"pt-BR","potentialAction":[{"@type":"ReadAction","target":["https:\/\/redenoticiaz.com.br\/litoralsp\/2023\/10\/30\/dupla-assalta-cabines-de-cobranca-do-sistema-de-travessia-de-balsas-entre-santos-e-guaruja"]}]},{"@type":"ImageObject","inLanguage":"pt-BR","@id":"https:\/\/redenoticiaz.com.br\/litoralsp\/2023\/10\/30\/dupla-assalta-cabines-de-cobranca-do-sistema-de-travessia-de-balsas-entre-santos-e-guaruja#primaryimage","url":"https:\/\/redenoticiaz.com.br\/litoralsp\/wp-content\/uploads\/sites\/3\/2022\/02\/travessia.jpeg","contentUrl":"https:\/\/redenoticiaz.com.br\/litoralsp\/wp-content\/uploads\/sites\/3\/2022\/02\/travessia.jpeg","width":984,"height":478,"caption":"Cr\u00e9ditos: Divulga\u00e7\u00e3o\/Governo de S\u00e3o Paulo"},{"@type":"WebSite","@id":"https:\/\/redenoticiaz.com.br\/litoralsp\/#website","url":"https:\/\/redenoticiaz.com.br\/litoralsp\/","name":"Litoral SP","description":"Rede NoticiaZ","publisher":{"@id":"https:\/\/redenoticiaz.com.br\/litoralsp\/#organization"},"potentialAction":[{"@type":"SearchAction","target":{"@type":"EntryPoint","urlTemplate":"https:\/\/redenoticiaz.com.br\/litoralsp\/?s={search_term_string}"},"query-input":{"@type":"PropertyValueSpecification","valueRequired":true,"valueName":"search_term_string"}}],"inLanguage":"pt-BR"},{"@type":"Organization","@id":"https:\/\/redenoticiaz.com.br\/litoralsp\/#organization","name":"Litoral SP","url":"https:\/\/redenoticiaz.com.br\/litoralsp\/","logo":{"@type":"ImageObject","inLanguage":"pt-BR","@id":"https:\/\/redenoticiaz.com.br\/litoralsp\/#\/schema\/logo\/image\/","url":"https:\/\/redenoticiaz.com.br\/litoralsp\/wp-content\/uploads\/sites\/3\/2020\/11\/logo.jpg","contentUrl":"https:\/\/redenoticiaz.com.br\/litoralsp\/wp-content\/uploads\/sites\/3\/2020\/11\/logo.jpg","width":400,"height":250,"caption":"Litoral SP"},"image":{"@id":"https:\/\/redenoticiaz.com.br\/litoralsp\/#\/schema\/logo\/image\/"}},{"@type":"Person","@id":"https:\/\/redenoticiaz.com.br\/litoralsp\/#\/schema\/person\/16057b37a3c0ee6b096d7f887c566e2e","name":"Gustavo Silva","image":{"@type":"ImageObject","inLanguage":"pt-BR","@id":"https:\/\/secure.gravatar.com\/avatar\/3ee4e82f93b26de0a7cf4ea5eb7893da637ed6bb0c9170c58065944c56e28a33?s=96&d=mm&r=g","url":"https:\/\/secure.gravatar.com\/avatar\/3ee4e82f93b26de0a7cf4ea5eb7893da637ed6bb0c9170c58065944c56e28a33?s=96&d=mm&r=g","contentUrl":"https:\/\/secure.gravatar.com\/avatar\/3ee4e82f93b26de0a7cf4ea5eb7893da637ed6bb0c9170c58065944c56e28a33?s=96&d=mm&r=g","caption":"Gustavo Silva"},"url":"https:\/\/redenoticiaz.com.br\/litoralsp\/author\/gustavosilva"}]}},"_links":{"self":[{"href":"https:\/\/redenoticiaz.com.br\/litoralsp\/wp-json\/wp\/v2\/posts\/111749","targetHints":{"allow":["GET"]}}],"collection":[{"href":"https:\/\/redenoticiaz.com.br\/litoralsp\/wp-json\/wp\/v2\/posts"}],"about":[{"href":"https:\/\/redenoticiaz.com.br\/litoralsp\/wp-json\/wp\/v2\/types\/post"}],"author":[{"embeddable":true,"href":"https:\/\/redenoticiaz.com.br\/litoralsp\/wp-json\/wp\/v2\/users\/12"}],"replies":[{"embeddable":true,"href":"https:\/\/redenoticiaz.com.br\/litoralsp\/wp-json\/wp\/v2\/comments?post=111749"}],"version-history":[{"count":1,"href":"https:\/\/redenoticiaz.com.br\/litoralsp\/wp-json\/wp\/v2\/posts\/111749\/revisions"}],"predecessor-version":[{"id":111750,"href":"https:\/\/redenoticiaz.com.br\/litoralsp\/wp-json\/wp\/v2\/posts\/111749\/revisions\/111750"}],"wp:featuredmedia":[{"embeddable":true,"href":"https:\/\/redenoticiaz.com.br\/litoralsp\/wp-json\/wp\/v2\/media\/23099"}],"wp:attachment":[{"href":"https:\/\/redenoticiaz.com.br\/litoralsp\/wp-json\/wp\/v2\/media?parent=111749"}],"wp:term":[{"taxonomy":"category","embeddable":true,"href":"https:\/\/redenoticiaz.com.br\/litoralsp\/wp-json\/wp\/v2\/categories?post=111749"},{"taxonomy":"post_tag","embeddable":true,"href":"https:\/\/redenoticiaz.com.br\/litoralsp\/wp-json\/wp\/v2\/tags?post=111749"}],"curies":[{"name":"wp","href":"https:\/\/api.w.org\/{rel}","templated":true}]}}