{"id":111796,"date":"2023-10-31T17:00:38","date_gmt":"2023-10-31T20:00:38","guid":{"rendered":"https:\/\/redenoticiaz.com.br\/litoralsp\/?p=111796"},"modified":"2023-10-31T17:00:38","modified_gmt":"2023-10-31T20:00:38","slug":"estradas-do-litoral-paulista-devem-receber-mais-de-1-milhao-de-veiculos-no-feriado","status":"publish","type":"post","link":"https:\/\/redenoticiaz.com.br\/litoralsp\/2023\/10\/31\/estradas-do-litoral-paulista-devem-receber-mais-de-1-milhao-de-veiculos-no-feriado","title":{"rendered":"Estradas do Litoral Paulista devem receber mais de 1 milh\u00e3o de ve\u00edculos no feriado"},"content":{"rendered":"<p>As estradas do Litoral Paulista devem receber mais de 1 milh\u00e3o de ve\u00edculos no feriado segundo o Departamento de Estradas de Rodagem (DER).<\/p>\n<p>De acordo com as informa\u00e7\u00f5es, o n\u00famero \u00e9 v\u00e1lido para entre os dias 1\u00ba e 5 de novembro, e a opera\u00e7\u00e3o Finados se inicia \u00e1s 0h desta quarta-feira (1).<\/p>\n<p>Ainda de acordo com as informa\u00e7\u00f5es, viaturas ser\u00e3o posicionadas em pontos estrat\u00e9gicos como meio de refor\u00e7o operacional.<\/p>\n<p>Sendo assim, 417 agentes estar\u00e3o dispon\u00edveis assim como o suporte da frota de 355 ve\u00edculos de caminhonetes de inspe\u00e7\u00e3o, vans, motocicletas, guinchos leves e pesados.<\/p>\n<h2>Melhores hor\u00e1rios para viajar<\/h2>\n<p>Quarta-feira (1) \u2013 0h \u00e0s 12h\/ 22h \u00e0s 0h;<br \/>\nQuinta-feira (2) \u2013 0h \u00e0s 07h \/ 19h \u00e0s 0h;<br \/>\nSexta-feira (3) \u2013 0h \u00e0s 08h \/ 18h \u00e0s 0h;<br \/>\nS\u00e1bado (4) \u2013 0h \u00e0s 08h \/ 20h \u00e0s 0h;<br \/>\nDomingo (5) \u2013 0h \u00e0s 9h \/ 21h \u00e0s 0h.<\/p>\n<p><strong>Leia mais<\/strong><\/p>\n<p><a href=\"https:\/\/redenoticiaz.com.br\/litoralsp\/2022\/11\/01\/ate-95-mil-veiculos-devem-utilizar-o-sistema-anchieta-imigrantes-em-direcao-ao-litoral-paulista-no-feriado-de-finados\">At\u00e9 95 mil ve\u00edculos devem utilizar o Sistema Anchieta-Imigrantes em dire\u00e7\u00e3o ao litoral paulista no feriado de Finados<\/a><\/p>\n<p><a href=\"https:\/\/redenoticiaz.com.br\/litoralsp\/2022\/10\/31\/cemiterio-municipal-de-bertioga-conta-com-programacao-religiosa-para-o-dia-de-finados\">Cemit\u00e9rio Municipal de Bertioga conta com programa\u00e7\u00e3o religiosa para o Dia de Finados<\/a><\/p>\n","protected":false},"excerpt":{"rendered":"<p>As estradas do Litoral Paulista devem receber mais de 1 milh\u00e3o de ve\u00edculos no feriado segundo o Departamento de Estradas de Rodagem (DER). De acordo com as informa\u00e7\u00f5es, o n\u00famero \u00e9 v\u00e1lido para entre os dias 1\u00ba e 5 de novembro, e a opera\u00e7\u00e3o Finados se inicia \u00e1s 0h desta quarta-feira (1). Ainda de acordo &hellip;<\/p>\n","protected":false},"author":12,"featured_media":111797,"comment_status":"open","ping_status":"closed","sticky":false,"template":"","format":"standard","meta":{"footnotes":""},"categories":[187,180,5],"tags":[32836,39819],"class_list":["post-111796","post","type-post","status-publish","format-standard","has-post-thumbnail","hentry","category-guaruja","category-santos","category-transito","tag-estradas","tag-finados"],"yoast_head":"<!-- This site is optimized with the Yoast SEO plugin v27.5 - https:\/\/yoast.com\/product\/yoast-seo-wordpress\/ -->\n<title>Estradas do Litoral Paulista devem receber mais de 1 milh\u00e3o de ve\u00edculos no feriado - Litoral SP<\/title>\n<meta name=\"description\" content=\"As estradas do Litoral Paulista devem receber mais de 1 milh\u00e3o de ve\u00edculos no feriado segundo o Departamento de Estradas de Rodagem (DER).\" \/>\n<meta name=\"robots\" content=\"index, follow, max-snippet:-1, max-image-preview:large, max-video-preview:-1\" \/>\n<link rel=\"canonical\" href=\"https:\/\/redenoticiaz.com.br\/litoralsp\/2023\/10\/31\/estradas-do-litoral-paulista-devem-receber-mais-de-1-milhao-de-veiculos-no-feriado\" \/>\n<meta property=\"og:locale\" content=\"pt_BR\" \/>\n<meta property=\"og:type\" content=\"article\" \/>\n<meta property=\"og:title\" content=\"Estradas do Litoral Paulista devem receber mais de 1 milh\u00e3o de ve\u00edculos no feriado - Litoral SP\" \/>\n<meta property=\"og:description\" content=\"As estradas do Litoral Paulista devem receber mais de 1 milh\u00e3o de ve\u00edculos no feriado segundo o Departamento de Estradas de Rodagem (DER).\" \/>\n<meta property=\"og:url\" content=\"https:\/\/redenoticiaz.com.br\/litoralsp\/2023\/10\/31\/estradas-do-litoral-paulista-devem-receber-mais-de-1-milhao-de-veiculos-no-feriado\" \/>\n<meta property=\"og:site_name\" content=\"Litoral SP\" \/>\n<meta property=\"article:published_time\" content=\"2023-10-31T20:00:38+00:00\" \/>\n<meta property=\"og:image\" content=\"https:\/\/redenoticiaz.com.br\/litoralsp\/wp-content\/uploads\/sites\/3\/2023\/10\/via-dutra-30012101124.jpg\" \/>\n\t<meta property=\"og:image:width\" content=\"920\" \/>\n\t<meta property=\"og:image:height\" content=\"550\" \/>\n\t<meta property=\"og:image:type\" content=\"image\/jpeg\" \/>\n<meta name=\"author\" content=\"Gustavo Silva\" \/>\n<meta name=\"twitter:card\" content=\"summary_large_image\" \/>\n<meta name=\"twitter:label1\" content=\"Escrito por\" \/>\n\t<meta name=\"twitter:data1\" content=\"Gustavo Silva\" \/>\n\t<meta name=\"twitter:label2\" content=\"Est. tempo de leitura\" \/>\n\t<meta name=\"twitter:data2\" content=\"1 minuto\" \/>\n<script type=\"application\/ld+json\" class=\"yoast-schema-graph\">{\"@context\":\"https:\\\/\\\/schema.org\",\"@graph\":[{\"@type\":\"Article\",\"@id\":\"https:\\\/\\\/redenoticiaz.com.br\\\/litoralsp\\\/2023\\\/10\\\/31\\\/estradas-do-litoral-paulista-devem-receber-mais-de-1-milhao-de-veiculos-no-feriado#article\",\"isPartOf\":{\"@id\":\"https:\\\/\\\/redenoticiaz.com.br\\\/litoralsp\\\/2023\\\/10\\\/31\\\/estradas-do-litoral-paulista-devem-receber-mais-de-1-milhao-de-veiculos-no-feriado\"},\"author\":{\"name\":\"Gustavo Silva\",\"@id\":\"https:\\\/\\\/redenoticiaz.com.br\\\/litoralsp\\\/#\\\/schema\\\/person\\\/16057b37a3c0ee6b096d7f887c566e2e\"},\"headline\":\"Estradas do Litoral Paulista devem receber mais de 1 milh\u00e3o de ve\u00edculos no feriado\",\"datePublished\":\"2023-10-31T20:00:38+00:00\",\"mainEntityOfPage\":{\"@id\":\"https:\\\/\\\/redenoticiaz.com.br\\\/litoralsp\\\/2023\\\/10\\\/31\\\/estradas-do-litoral-paulista-devem-receber-mais-de-1-milhao-de-veiculos-no-feriado\"},\"wordCount\":193,\"commentCount\":0,\"publisher\":{\"@id\":\"https:\\\/\\\/redenoticiaz.com.br\\\/litoralsp\\\/#organization\"},\"image\":{\"@id\":\"https:\\\/\\\/redenoticiaz.com.br\\\/litoralsp\\\/2023\\\/10\\\/31\\\/estradas-do-litoral-paulista-devem-receber-mais-de-1-milhao-de-veiculos-no-feriado#primaryimage\"},\"thumbnailUrl\":\"https:\\\/\\\/redenoticiaz.com.br\\\/litoralsp\\\/wp-content\\\/uploads\\\/sites\\\/3\\\/2023\\\/10\\\/via-dutra-30012101124.jpg\",\"keywords\":[\"ESTRADAS\",\"FINADOS\"],\"articleSection\":[\"Guaruj\u00e1\",\"Santos\",\"Tr\u00e2nsito\"],\"inLanguage\":\"pt-BR\",\"potentialAction\":[{\"@type\":\"CommentAction\",\"name\":\"Comment\",\"target\":[\"https:\\\/\\\/redenoticiaz.com.br\\\/litoralsp\\\/2023\\\/10\\\/31\\\/estradas-do-litoral-paulista-devem-receber-mais-de-1-milhao-de-veiculos-no-feriado#respond\"]}]},{\"@type\":\"WebPage\",\"@id\":\"https:\\\/\\\/redenoticiaz.com.br\\\/litoralsp\\\/2023\\\/10\\\/31\\\/estradas-do-litoral-paulista-devem-receber-mais-de-1-milhao-de-veiculos-no-feriado\",\"url\":\"https:\\\/\\\/redenoticiaz.com.br\\\/litoralsp\\\/2023\\\/10\\\/31\\\/estradas-do-litoral-paulista-devem-receber-mais-de-1-milhao-de-veiculos-no-feriado\",\"name\":\"Estradas do Litoral Paulista devem receber mais de 1 milh\u00e3o de ve\u00edculos no feriado - Litoral SP\",\"isPartOf\":{\"@id\":\"https:\\\/\\\/redenoticiaz.com.br\\\/litoralsp\\\/#website\"},\"primaryImageOfPage\":{\"@id\":\"https:\\\/\\\/redenoticiaz.com.br\\\/litoralsp\\\/2023\\\/10\\\/31\\\/estradas-do-litoral-paulista-devem-receber-mais-de-1-milhao-de-veiculos-no-feriado#primaryimage\"},\"image\":{\"@id\":\"https:\\\/\\\/redenoticiaz.com.br\\\/litoralsp\\\/2023\\\/10\\\/31\\\/estradas-do-litoral-paulista-devem-receber-mais-de-1-milhao-de-veiculos-no-feriado#primaryimage\"},\"thumbnailUrl\":\"https:\\\/\\\/redenoticiaz.com.br\\\/litoralsp\\\/wp-content\\\/uploads\\\/sites\\\/3\\\/2023\\\/10\\\/via-dutra-30012101124.jpg\",\"datePublished\":\"2023-10-31T20:00:38+00:00\",\"description\":\"As estradas do Litoral Paulista devem receber mais de 1 milh\u00e3o de ve\u00edculos no feriado segundo o Departamento de Estradas de Rodagem (DER).\",\"inLanguage\":\"pt-BR\",\"potentialAction\":[{\"@type\":\"ReadAction\",\"target\":[\"https:\\\/\\\/redenoticiaz.com.br\\\/litoralsp\\\/2023\\\/10\\\/31\\\/estradas-do-litoral-paulista-devem-receber-mais-de-1-milhao-de-veiculos-no-feriado\"]}]},{\"@type\":\"ImageObject\",\"inLanguage\":\"pt-BR\",\"@id\":\"https:\\\/\\\/redenoticiaz.com.br\\\/litoralsp\\\/2023\\\/10\\\/31\\\/estradas-do-litoral-paulista-devem-receber-mais-de-1-milhao-de-veiculos-no-feriado#primaryimage\",\"url\":\"https:\\\/\\\/redenoticiaz.com.br\\\/litoralsp\\\/wp-content\\\/uploads\\\/sites\\\/3\\\/2023\\\/10\\\/via-dutra-30012101124.jpg\",\"contentUrl\":\"https:\\\/\\\/redenoticiaz.com.br\\\/litoralsp\\\/wp-content\\\/uploads\\\/sites\\\/3\\\/2023\\\/10\\\/via-dutra-30012101124.jpg\",\"width\":920,\"height\":550,\"caption\":\"Estradas do Litoral Paulista devem receber mais de 1 milh\u00e3o de ve\u00edculos no feriado\"},{\"@type\":\"WebSite\",\"@id\":\"https:\\\/\\\/redenoticiaz.com.br\\\/litoralsp\\\/#website\",\"url\":\"https:\\\/\\\/redenoticiaz.com.br\\\/litoralsp\\\/\",\"name\":\"Litoral SP\",\"description\":\"Rede NoticiaZ\",\"publisher\":{\"@id\":\"https:\\\/\\\/redenoticiaz.com.br\\\/litoralsp\\\/#organization\"},\"potentialAction\":[{\"@type\":\"SearchAction\",\"target\":{\"@type\":\"EntryPoint\",\"urlTemplate\":\"https:\\\/\\\/redenoticiaz.com.br\\\/litoralsp\\\/?s={search_term_string}\"},\"query-input\":{\"@type\":\"PropertyValueSpecification\",\"valueRequired\":true,\"valueName\":\"search_term_string\"}}],\"inLanguage\":\"pt-BR\"},{\"@type\":\"Organization\",\"@id\":\"https:\\\/\\\/redenoticiaz.com.br\\\/litoralsp\\\/#organization\",\"name\":\"Litoral SP\",\"url\":\"https:\\\/\\\/redenoticiaz.com.br\\\/litoralsp\\\/\",\"logo\":{\"@type\":\"ImageObject\",\"inLanguage\":\"pt-BR\",\"@id\":\"https:\\\/\\\/redenoticiaz.com.br\\\/litoralsp\\\/#\\\/schema\\\/logo\\\/image\\\/\",\"url\":\"https:\\\/\\\/redenoticiaz.com.br\\\/litoralsp\\\/wp-content\\\/uploads\\\/sites\\\/3\\\/2020\\\/11\\\/logo.jpg\",\"contentUrl\":\"https:\\\/\\\/redenoticiaz.com.br\\\/litoralsp\\\/wp-content\\\/uploads\\\/sites\\\/3\\\/2020\\\/11\\\/logo.jpg\",\"width\":400,\"height\":250,\"caption\":\"Litoral SP\"},\"image\":{\"@id\":\"https:\\\/\\\/redenoticiaz.com.br\\\/litoralsp\\\/#\\\/schema\\\/logo\\\/image\\\/\"}},{\"@type\":\"Person\",\"@id\":\"https:\\\/\\\/redenoticiaz.com.br\\\/litoralsp\\\/#\\\/schema\\\/person\\\/16057b37a3c0ee6b096d7f887c566e2e\",\"name\":\"Gustavo Silva\",\"image\":{\"@type\":\"ImageObject\",\"inLanguage\":\"pt-BR\",\"@id\":\"https:\\\/\\\/secure.gravatar.com\\\/avatar\\\/3ee4e82f93b26de0a7cf4ea5eb7893da637ed6bb0c9170c58065944c56e28a33?s=96&d=mm&r=g\",\"url\":\"https:\\\/\\\/secure.gravatar.com\\\/avatar\\\/3ee4e82f93b26de0a7cf4ea5eb7893da637ed6bb0c9170c58065944c56e28a33?s=96&d=mm&r=g\",\"contentUrl\":\"https:\\\/\\\/secure.gravatar.com\\\/avatar\\\/3ee4e82f93b26de0a7cf4ea5eb7893da637ed6bb0c9170c58065944c56e28a33?s=96&d=mm&r=g\",\"caption\":\"Gustavo Silva\"},\"url\":\"https:\\\/\\\/redenoticiaz.com.br\\\/litoralsp\\\/author\\\/gustavosilva\"}]}<\/script>\n<!-- \/ Yoast SEO plugin. -->","yoast_head_json":{"title":"Estradas do Litoral Paulista devem receber mais de 1 milh\u00e3o de ve\u00edculos no feriado - Litoral SP","description":"As estradas do Litoral Paulista devem receber mais de 1 milh\u00e3o de ve\u00edculos no feriado segundo o Departamento de Estradas de Rodagem (DER).","robots":{"index":"index","follow":"follow","max-snippet":"max-snippet:-1","max-image-preview":"max-image-preview:large","max-video-preview":"max-video-preview:-1"},"canonical":"https:\/\/redenoticiaz.com.br\/litoralsp\/2023\/10\/31\/estradas-do-litoral-paulista-devem-receber-mais-de-1-milhao-de-veiculos-no-feriado","og_locale":"pt_BR","og_type":"article","og_title":"Estradas do Litoral Paulista devem receber mais de 1 milh\u00e3o de ve\u00edculos no feriado - Litoral SP","og_description":"As estradas do Litoral Paulista devem receber mais de 1 milh\u00e3o de ve\u00edculos no feriado segundo o Departamento de Estradas de Rodagem (DER).","og_url":"https:\/\/redenoticiaz.com.br\/litoralsp\/2023\/10\/31\/estradas-do-litoral-paulista-devem-receber-mais-de-1-milhao-de-veiculos-no-feriado","og_site_name":"Litoral SP","article_published_time":"2023-10-31T20:00:38+00:00","og_image":[{"width":920,"height":550,"url":"https:\/\/redenoticiaz.com.br\/litoralsp\/wp-content\/uploads\/sites\/3\/2023\/10\/via-dutra-30012101124.jpg","type":"image\/jpeg"}],"author":"Gustavo Silva","twitter_card":"summary_large_image","twitter_misc":{"Escrito por":"Gustavo Silva","Est. tempo de leitura":"1 minuto"},"schema":{"@context":"https:\/\/schema.org","@graph":[{"@type":"Article","@id":"https:\/\/redenoticiaz.com.br\/litoralsp\/2023\/10\/31\/estradas-do-litoral-paulista-devem-receber-mais-de-1-milhao-de-veiculos-no-feriado#article","isPartOf":{"@id":"https:\/\/redenoticiaz.com.br\/litoralsp\/2023\/10\/31\/estradas-do-litoral-paulista-devem-receber-mais-de-1-milhao-de-veiculos-no-feriado"},"author":{"name":"Gustavo Silva","@id":"https:\/\/redenoticiaz.com.br\/litoralsp\/#\/schema\/person\/16057b37a3c0ee6b096d7f887c566e2e"},"headline":"Estradas do Litoral Paulista devem receber mais de 1 milh\u00e3o de ve\u00edculos no feriado","datePublished":"2023-10-31T20:00:38+00:00","mainEntityOfPage":{"@id":"https:\/\/redenoticiaz.com.br\/litoralsp\/2023\/10\/31\/estradas-do-litoral-paulista-devem-receber-mais-de-1-milhao-de-veiculos-no-feriado"},"wordCount":193,"commentCount":0,"publisher":{"@id":"https:\/\/redenoticiaz.com.br\/litoralsp\/#organization"},"image":{"@id":"https:\/\/redenoticiaz.com.br\/litoralsp\/2023\/10\/31\/estradas-do-litoral-paulista-devem-receber-mais-de-1-milhao-de-veiculos-no-feriado#primaryimage"},"thumbnailUrl":"https:\/\/redenoticiaz.com.br\/litoralsp\/wp-content\/uploads\/sites\/3\/2023\/10\/via-dutra-30012101124.jpg","keywords":["ESTRADAS","FINADOS"],"articleSection":["Guaruj\u00e1","Santos","Tr\u00e2nsito"],"inLanguage":"pt-BR","potentialAction":[{"@type":"CommentAction","name":"Comment","target":["https:\/\/redenoticiaz.com.br\/litoralsp\/2023\/10\/31\/estradas-do-litoral-paulista-devem-receber-mais-de-1-milhao-de-veiculos-no-feriado#respond"]}]},{"@type":"WebPage","@id":"https:\/\/redenoticiaz.com.br\/litoralsp\/2023\/10\/31\/estradas-do-litoral-paulista-devem-receber-mais-de-1-milhao-de-veiculos-no-feriado","url":"https:\/\/redenoticiaz.com.br\/litoralsp\/2023\/10\/31\/estradas-do-litoral-paulista-devem-receber-mais-de-1-milhao-de-veiculos-no-feriado","name":"Estradas do Litoral Paulista devem receber mais de 1 milh\u00e3o de ve\u00edculos no feriado - Litoral SP","isPartOf":{"@id":"https:\/\/redenoticiaz.com.br\/litoralsp\/#website"},"primaryImageOfPage":{"@id":"https:\/\/redenoticiaz.com.br\/litoralsp\/2023\/10\/31\/estradas-do-litoral-paulista-devem-receber-mais-de-1-milhao-de-veiculos-no-feriado#primaryimage"},"image":{"@id":"https:\/\/redenoticiaz.com.br\/litoralsp\/2023\/10\/31\/estradas-do-litoral-paulista-devem-receber-mais-de-1-milhao-de-veiculos-no-feriado#primaryimage"},"thumbnailUrl":"https:\/\/redenoticiaz.com.br\/litoralsp\/wp-content\/uploads\/sites\/3\/2023\/10\/via-dutra-30012101124.jpg","datePublished":"2023-10-31T20:00:38+00:00","description":"As estradas do Litoral Paulista devem receber mais de 1 milh\u00e3o de ve\u00edculos no feriado segundo o Departamento de Estradas de Rodagem (DER).","inLanguage":"pt-BR","potentialAction":[{"@type":"ReadAction","target":["https:\/\/redenoticiaz.com.br\/litoralsp\/2023\/10\/31\/estradas-do-litoral-paulista-devem-receber-mais-de-1-milhao-de-veiculos-no-feriado"]}]},{"@type":"ImageObject","inLanguage":"pt-BR","@id":"https:\/\/redenoticiaz.com.br\/litoralsp\/2023\/10\/31\/estradas-do-litoral-paulista-devem-receber-mais-de-1-milhao-de-veiculos-no-feriado#primaryimage","url":"https:\/\/redenoticiaz.com.br\/litoralsp\/wp-content\/uploads\/sites\/3\/2023\/10\/via-dutra-30012101124.jpg","contentUrl":"https:\/\/redenoticiaz.com.br\/litoralsp\/wp-content\/uploads\/sites\/3\/2023\/10\/via-dutra-30012101124.jpg","width":920,"height":550,"caption":"Estradas do Litoral Paulista devem receber mais de 1 milh\u00e3o de ve\u00edculos no feriado"},{"@type":"WebSite","@id":"https:\/\/redenoticiaz.com.br\/litoralsp\/#website","url":"https:\/\/redenoticiaz.com.br\/litoralsp\/","name":"Litoral SP","description":"Rede NoticiaZ","publisher":{"@id":"https:\/\/redenoticiaz.com.br\/litoralsp\/#organization"},"potentialAction":[{"@type":"SearchAction","target":{"@type":"EntryPoint","urlTemplate":"https:\/\/redenoticiaz.com.br\/litoralsp\/?s={search_term_string}"},"query-input":{"@type":"PropertyValueSpecification","valueRequired":true,"valueName":"search_term_string"}}],"inLanguage":"pt-BR"},{"@type":"Organization","@id":"https:\/\/redenoticiaz.com.br\/litoralsp\/#organization","name":"Litoral SP","url":"https:\/\/redenoticiaz.com.br\/litoralsp\/","logo":{"@type":"ImageObject","inLanguage":"pt-BR","@id":"https:\/\/redenoticiaz.com.br\/litoralsp\/#\/schema\/logo\/image\/","url":"https:\/\/redenoticiaz.com.br\/litoralsp\/wp-content\/uploads\/sites\/3\/2020\/11\/logo.jpg","contentUrl":"https:\/\/redenoticiaz.com.br\/litoralsp\/wp-content\/uploads\/sites\/3\/2020\/11\/logo.jpg","width":400,"height":250,"caption":"Litoral SP"},"image":{"@id":"https:\/\/redenoticiaz.com.br\/litoralsp\/#\/schema\/logo\/image\/"}},{"@type":"Person","@id":"https:\/\/redenoticiaz.com.br\/litoralsp\/#\/schema\/person\/16057b37a3c0ee6b096d7f887c566e2e","name":"Gustavo Silva","image":{"@type":"ImageObject","inLanguage":"pt-BR","@id":"https:\/\/secure.gravatar.com\/avatar\/3ee4e82f93b26de0a7cf4ea5eb7893da637ed6bb0c9170c58065944c56e28a33?s=96&d=mm&r=g","url":"https:\/\/secure.gravatar.com\/avatar\/3ee4e82f93b26de0a7cf4ea5eb7893da637ed6bb0c9170c58065944c56e28a33?s=96&d=mm&r=g","contentUrl":"https:\/\/secure.gravatar.com\/avatar\/3ee4e82f93b26de0a7cf4ea5eb7893da637ed6bb0c9170c58065944c56e28a33?s=96&d=mm&r=g","caption":"Gustavo Silva"},"url":"https:\/\/redenoticiaz.com.br\/litoralsp\/author\/gustavosilva"}]}},"_links":{"self":[{"href":"https:\/\/redenoticiaz.com.br\/litoralsp\/wp-json\/wp\/v2\/posts\/111796","targetHints":{"allow":["GET"]}}],"collection":[{"href":"https:\/\/redenoticiaz.com.br\/litoralsp\/wp-json\/wp\/v2\/posts"}],"about":[{"href":"https:\/\/redenoticiaz.com.br\/litoralsp\/wp-json\/wp\/v2\/types\/post"}],"author":[{"embeddable":true,"href":"https:\/\/redenoticiaz.com.br\/litoralsp\/wp-json\/wp\/v2\/users\/12"}],"replies":[{"embeddable":true,"href":"https:\/\/redenoticiaz.com.br\/litoralsp\/wp-json\/wp\/v2\/comments?post=111796"}],"version-history":[{"count":1,"href":"https:\/\/redenoticiaz.com.br\/litoralsp\/wp-json\/wp\/v2\/posts\/111796\/revisions"}],"predecessor-version":[{"id":111798,"href":"https:\/\/redenoticiaz.com.br\/litoralsp\/wp-json\/wp\/v2\/posts\/111796\/revisions\/111798"}],"wp:featuredmedia":[{"embeddable":true,"href":"https:\/\/redenoticiaz.com.br\/litoralsp\/wp-json\/wp\/v2\/media\/111797"}],"wp:attachment":[{"href":"https:\/\/redenoticiaz.com.br\/litoralsp\/wp-json\/wp\/v2\/media?parent=111796"}],"wp:term":[{"taxonomy":"category","embeddable":true,"href":"https:\/\/redenoticiaz.com.br\/litoralsp\/wp-json\/wp\/v2\/categories?post=111796"},{"taxonomy":"post_tag","embeddable":true,"href":"https:\/\/redenoticiaz.com.br\/litoralsp\/wp-json\/wp\/v2\/tags?post=111796"}],"curies":[{"name":"wp","href":"https:\/\/api.w.org\/{rel}","templated":true}]}}