{"id":111934,"date":"2023-11-06T14:42:59","date_gmt":"2023-11-06T17:42:59","guid":{"rendered":"https:\/\/redenoticiaz.com.br\/litoralsp\/2023\/11\/06\/500-mil-imoveis-continuam-sem-energia-na-grande-sao-paulo-apos-temporal"},"modified":"2023-11-06T14:53:06","modified_gmt":"2023-11-06T17:53:06","slug":"500-mil-imoveis-continuam-sem-energia-na-grande-sao-paulo-apos-temporal","status":"publish","type":"post","link":"https:\/\/redenoticiaz.com.br\/litoralsp\/2023\/11\/06\/500-mil-imoveis-continuam-sem-energia-na-grande-sao-paulo-apos-temporal","title":{"rendered":"500 mil im\u00f3veis continuam sem energia na grande S\u00e3o Paulo ap\u00f3s temporal"},"content":{"rendered":"<p>A Enel informou que 500 mil im\u00f3veis na Grande S\u00e3o Paulo ainda est\u00e3o sem energia, tr\u00eas dias ap\u00f3s o temporal que atingiu o estado. Destes, 413 mil est\u00e3o na capital, onde 12 escolas municipais n\u00e3o puderam abrir, e 77 sem\u00e1foros continuam desligados.<\/p>\n<p>A prefeitura ainda informou que 125 \u00e1rvores ca\u00eddas precisam ser desenergizadas para a remo\u00e7\u00e3o.<\/p>\n<p>O Procon de S\u00e3o Paulo abriu um procedimento preliminar para investigar as medidas adotadas pelas concession\u00e1rias de energia para resolver o apag\u00e3o. Cerca de 300 reclama\u00e7\u00f5es foram registradas na plataforma do Procon.<\/p>\n<p>O governo estadual notificou as empresas Enel, CPFL, Energisa, Elektro e EDP para esclarecimentos e medidas de ressarcimento, al\u00e9m de solicitar informa\u00e7\u00f5es sobre planos de conting\u00eancia e equipes de campo.<\/p>\n<p>O governo federal tamb\u00e9m notificar\u00e1 a Enel para obter explica\u00e7\u00f5es sobre a falta de energia em bairros da capital paulista e da Grande S\u00e3o Paulo.<\/p>\n<p>LEIA MAIS<\/p>\n<p><a href=\"https:\/\/redenoticiaz.com.br\/blog\/2023\/11\/06\/falta-de-energia-fecha-salas-de-vacinas-em-ubs-de-jundiai\">Falta de energia fecha salas de vacinas em UBS de Jundia\u00ed<\/a><\/p>\n<p><a href=\"https:\/\/redenoticiaz.com.br\/blog\/2023\/11\/05\/black-friday-2023-dicas-e-ferramentas-para-economizar-ao-maximo-e-nao-cair-em-golpes\">Black Friday 2023: dicas e ferramentas para economizar ao m\u00e1ximo e n\u00e3o cair em golpes<\/a><\/p>\n<p>&nbsp;<\/p>\n","protected":false},"excerpt":{"rendered":"<p>A Enel informou que 500 mil im\u00f3veis na Grande S\u00e3o Paulo ainda est\u00e3o sem energia, tr\u00eas dias ap\u00f3s o temporal que atingiu o estado. Destes, 413 mil est\u00e3o na capital, onde 12 escolas municipais n\u00e3o puderam abrir, e 77 sem\u00e1foros continuam desligados. A prefeitura ainda informou que 125 \u00e1rvores ca\u00eddas precisam ser desenergizadas para a &hellip;<\/p>\n","protected":false},"author":30,"featured_media":111935,"comment_status":"open","ping_status":"closed","sticky":false,"template":"","format":"standard","meta":{"footnotes":""},"categories":[54169,1579],"tags":[57729,43099,1451,65,7415],"class_list":["post-111934","post","type-post","status-publish","format-standard","has-post-thumbnail","hentry","category-habitacao","category-obras","tag-enel","tag-falta-de-energia","tag-procon","tag-sao-paulo","tag-temporal"],"yoast_head":"<!-- This site is optimized with the Yoast SEO plugin v27.5 - https:\/\/yoast.com\/product\/yoast-seo-wordpress\/ -->\n<title>500 mil im\u00f3veis continuam sem energia na grande S\u00e3o Paulo ap\u00f3s temporal - Litoral SP<\/title>\n<meta name=\"description\" content=\"A Enel informou que 500 mil im\u00f3veis na Grande S\u00e3o Paulo ainda est\u00e3o sem energia, tr\u00eas dias ap\u00f3s o temporal que atingiu o estado.\" \/>\n<meta name=\"robots\" content=\"index, follow, max-snippet:-1, max-image-preview:large, max-video-preview:-1\" \/>\n<link rel=\"canonical\" href=\"https:\/\/redenoticiaz.com.br\/litoralsp\/2023\/11\/06\/500-mil-imoveis-continuam-sem-energia-na-grande-sao-paulo-apos-temporal\" \/>\n<meta property=\"og:locale\" content=\"pt_BR\" \/>\n<meta property=\"og:type\" content=\"article\" \/>\n<meta property=\"og:title\" content=\"500 mil im\u00f3veis continuam sem energia na grande S\u00e3o Paulo ap\u00f3s temporal - Litoral SP\" \/>\n<meta property=\"og:description\" content=\"A Enel informou que 500 mil im\u00f3veis na Grande S\u00e3o Paulo ainda est\u00e3o sem energia, tr\u00eas dias ap\u00f3s o temporal que atingiu o estado.\" \/>\n<meta property=\"og:url\" content=\"https:\/\/redenoticiaz.com.br\/litoralsp\/2023\/11\/06\/500-mil-imoveis-continuam-sem-energia-na-grande-sao-paulo-apos-temporal\" \/>\n<meta property=\"og:site_name\" content=\"Litoral SP\" \/>\n<meta property=\"article:published_time\" content=\"2023-11-06T17:42:59+00:00\" \/>\n<meta property=\"article:modified_time\" content=\"2023-11-06T17:53:06+00:00\" \/>\n<meta property=\"og:image\" content=\"https:\/\/redenoticiaz.com.br\/litoralsp\/wp-content\/uploads\/sites\/3\/2023\/11\/Captura-de-tela-2023-11-06-144118.jpg?v=1699292529\" \/>\n\t<meta property=\"og:image:width\" content=\"805\" \/>\n\t<meta property=\"og:image:height\" content=\"478\" \/>\n\t<meta property=\"og:image:type\" content=\"image\/jpeg\" \/>\n<meta name=\"author\" content=\"Carina Reifonas\" \/>\n<meta name=\"twitter:card\" content=\"summary_large_image\" \/>\n<meta name=\"twitter:label1\" content=\"Escrito por\" \/>\n\t<meta name=\"twitter:data1\" content=\"Carina Reifonas\" \/>\n\t<meta name=\"twitter:label2\" content=\"Est. tempo de leitura\" \/>\n\t<meta name=\"twitter:data2\" content=\"1 minuto\" \/>\n<script type=\"application\/ld+json\" class=\"yoast-schema-graph\">{\"@context\":\"https:\\\/\\\/schema.org\",\"@graph\":[{\"@type\":\"Article\",\"@id\":\"https:\\\/\\\/redenoticiaz.com.br\\\/litoralsp\\\/2023\\\/11\\\/06\\\/500-mil-imoveis-continuam-sem-energia-na-grande-sao-paulo-apos-temporal#article\",\"isPartOf\":{\"@id\":\"https:\\\/\\\/redenoticiaz.com.br\\\/litoralsp\\\/2023\\\/11\\\/06\\\/500-mil-imoveis-continuam-sem-energia-na-grande-sao-paulo-apos-temporal\"},\"author\":{\"name\":\"Carina Reifonas\",\"@id\":\"https:\\\/\\\/redenoticiaz.com.br\\\/litoralsp\\\/#\\\/schema\\\/person\\\/1f84d6e94e6a62d2d81199d7503e9e90\"},\"headline\":\"500 mil im\u00f3veis continuam sem energia na grande S\u00e3o Paulo ap\u00f3s temporal\",\"datePublished\":\"2023-11-06T17:42:59+00:00\",\"dateModified\":\"2023-11-06T17:53:06+00:00\",\"mainEntityOfPage\":{\"@id\":\"https:\\\/\\\/redenoticiaz.com.br\\\/litoralsp\\\/2023\\\/11\\\/06\\\/500-mil-imoveis-continuam-sem-energia-na-grande-sao-paulo-apos-temporal\"},\"wordCount\":201,\"commentCount\":0,\"publisher\":{\"@id\":\"https:\\\/\\\/redenoticiaz.com.br\\\/litoralsp\\\/#organization\"},\"image\":{\"@id\":\"https:\\\/\\\/redenoticiaz.com.br\\\/litoralsp\\\/2023\\\/11\\\/06\\\/500-mil-imoveis-continuam-sem-energia-na-grande-sao-paulo-apos-temporal#primaryimage\"},\"thumbnailUrl\":\"https:\\\/\\\/redenoticiaz.com.br\\\/litoralsp\\\/wp-content\\\/uploads\\\/sites\\\/3\\\/2023\\\/11\\\/Captura-de-tela-2023-11-06-144118.jpg?v=1699292529\",\"keywords\":[\"enel\",\"FALTA DE ENERGIA\",\"PROCON\",\"S\u00e3o Paulo\",\"TEMPORAL\"],\"articleSection\":[\"Habita\u00e7\u00e3o\",\"Obras\"],\"inLanguage\":\"pt-BR\",\"potentialAction\":[{\"@type\":\"CommentAction\",\"name\":\"Comment\",\"target\":[\"https:\\\/\\\/redenoticiaz.com.br\\\/litoralsp\\\/2023\\\/11\\\/06\\\/500-mil-imoveis-continuam-sem-energia-na-grande-sao-paulo-apos-temporal#respond\"]}]},{\"@type\":\"WebPage\",\"@id\":\"https:\\\/\\\/redenoticiaz.com.br\\\/litoralsp\\\/2023\\\/11\\\/06\\\/500-mil-imoveis-continuam-sem-energia-na-grande-sao-paulo-apos-temporal\",\"url\":\"https:\\\/\\\/redenoticiaz.com.br\\\/litoralsp\\\/2023\\\/11\\\/06\\\/500-mil-imoveis-continuam-sem-energia-na-grande-sao-paulo-apos-temporal\",\"name\":\"500 mil im\u00f3veis continuam sem energia na grande S\u00e3o Paulo ap\u00f3s temporal - Litoral SP\",\"isPartOf\":{\"@id\":\"https:\\\/\\\/redenoticiaz.com.br\\\/litoralsp\\\/#website\"},\"primaryImageOfPage\":{\"@id\":\"https:\\\/\\\/redenoticiaz.com.br\\\/litoralsp\\\/2023\\\/11\\\/06\\\/500-mil-imoveis-continuam-sem-energia-na-grande-sao-paulo-apos-temporal#primaryimage\"},\"image\":{\"@id\":\"https:\\\/\\\/redenoticiaz.com.br\\\/litoralsp\\\/2023\\\/11\\\/06\\\/500-mil-imoveis-continuam-sem-energia-na-grande-sao-paulo-apos-temporal#primaryimage\"},\"thumbnailUrl\":\"https:\\\/\\\/redenoticiaz.com.br\\\/litoralsp\\\/wp-content\\\/uploads\\\/sites\\\/3\\\/2023\\\/11\\\/Captura-de-tela-2023-11-06-144118.jpg?v=1699292529\",\"datePublished\":\"2023-11-06T17:42:59+00:00\",\"dateModified\":\"2023-11-06T17:53:06+00:00\",\"description\":\"A Enel informou que 500 mil im\u00f3veis na Grande S\u00e3o Paulo ainda est\u00e3o sem energia, tr\u00eas dias ap\u00f3s o temporal que atingiu o estado.\",\"inLanguage\":\"pt-BR\",\"potentialAction\":[{\"@type\":\"ReadAction\",\"target\":[\"https:\\\/\\\/redenoticiaz.com.br\\\/litoralsp\\\/2023\\\/11\\\/06\\\/500-mil-imoveis-continuam-sem-energia-na-grande-sao-paulo-apos-temporal\"]}]},{\"@type\":\"ImageObject\",\"inLanguage\":\"pt-BR\",\"@id\":\"https:\\\/\\\/redenoticiaz.com.br\\\/litoralsp\\\/2023\\\/11\\\/06\\\/500-mil-imoveis-continuam-sem-energia-na-grande-sao-paulo-apos-temporal#primaryimage\",\"url\":\"https:\\\/\\\/redenoticiaz.com.br\\\/litoralsp\\\/wp-content\\\/uploads\\\/sites\\\/3\\\/2023\\\/11\\\/Captura-de-tela-2023-11-06-144118.jpg?v=1699292529\",\"contentUrl\":\"https:\\\/\\\/redenoticiaz.com.br\\\/litoralsp\\\/wp-content\\\/uploads\\\/sites\\\/3\\\/2023\\\/11\\\/Captura-de-tela-2023-11-06-144118.jpg?v=1699292529\",\"width\":805,\"height\":478,\"caption\":\"500 mil im\u00f3veis continuam sem energia na grande S\u00e3o Paulo ap\u00f3s temporal\"},{\"@type\":\"WebSite\",\"@id\":\"https:\\\/\\\/redenoticiaz.com.br\\\/litoralsp\\\/#website\",\"url\":\"https:\\\/\\\/redenoticiaz.com.br\\\/litoralsp\\\/\",\"name\":\"Litoral SP\",\"description\":\"Rede NoticiaZ\",\"publisher\":{\"@id\":\"https:\\\/\\\/redenoticiaz.com.br\\\/litoralsp\\\/#organization\"},\"potentialAction\":[{\"@type\":\"SearchAction\",\"target\":{\"@type\":\"EntryPoint\",\"urlTemplate\":\"https:\\\/\\\/redenoticiaz.com.br\\\/litoralsp\\\/?s={search_term_string}\"},\"query-input\":{\"@type\":\"PropertyValueSpecification\",\"valueRequired\":true,\"valueName\":\"search_term_string\"}}],\"inLanguage\":\"pt-BR\"},{\"@type\":\"Organization\",\"@id\":\"https:\\\/\\\/redenoticiaz.com.br\\\/litoralsp\\\/#organization\",\"name\":\"Litoral SP\",\"url\":\"https:\\\/\\\/redenoticiaz.com.br\\\/litoralsp\\\/\",\"logo\":{\"@type\":\"ImageObject\",\"inLanguage\":\"pt-BR\",\"@id\":\"https:\\\/\\\/redenoticiaz.com.br\\\/litoralsp\\\/#\\\/schema\\\/logo\\\/image\\\/\",\"url\":\"https:\\\/\\\/redenoticiaz.com.br\\\/litoralsp\\\/wp-content\\\/uploads\\\/sites\\\/3\\\/2020\\\/11\\\/logo.jpg\",\"contentUrl\":\"https:\\\/\\\/redenoticiaz.com.br\\\/litoralsp\\\/wp-content\\\/uploads\\\/sites\\\/3\\\/2020\\\/11\\\/logo.jpg\",\"width\":400,\"height\":250,\"caption\":\"Litoral SP\"},\"image\":{\"@id\":\"https:\\\/\\\/redenoticiaz.com.br\\\/litoralsp\\\/#\\\/schema\\\/logo\\\/image\\\/\"}},{\"@type\":\"Person\",\"@id\":\"https:\\\/\\\/redenoticiaz.com.br\\\/litoralsp\\\/#\\\/schema\\\/person\\\/1f84d6e94e6a62d2d81199d7503e9e90\",\"name\":\"Carina Reifonas\",\"image\":{\"@type\":\"ImageObject\",\"inLanguage\":\"pt-BR\",\"@id\":\"https:\\\/\\\/secure.gravatar.com\\\/avatar\\\/04c59859b23696cf867715880f81d5c037e60109730bdb4e6670ec2a2245bc97?s=96&d=mm&r=g\",\"url\":\"https:\\\/\\\/secure.gravatar.com\\\/avatar\\\/04c59859b23696cf867715880f81d5c037e60109730bdb4e6670ec2a2245bc97?s=96&d=mm&r=g\",\"contentUrl\":\"https:\\\/\\\/secure.gravatar.com\\\/avatar\\\/04c59859b23696cf867715880f81d5c037e60109730bdb4e6670ec2a2245bc97?s=96&d=mm&r=g\",\"caption\":\"Carina Reifonas\"},\"url\":\"https:\\\/\\\/redenoticiaz.com.br\\\/litoralsp\\\/author\\\/carinareifonas\"}]}<\/script>\n<!-- \/ Yoast SEO plugin. -->","yoast_head_json":{"title":"500 mil im\u00f3veis continuam sem energia na grande S\u00e3o Paulo ap\u00f3s temporal - Litoral SP","description":"A Enel informou que 500 mil im\u00f3veis na Grande S\u00e3o Paulo ainda est\u00e3o sem energia, tr\u00eas dias ap\u00f3s o temporal que atingiu o estado.","robots":{"index":"index","follow":"follow","max-snippet":"max-snippet:-1","max-image-preview":"max-image-preview:large","max-video-preview":"max-video-preview:-1"},"canonical":"https:\/\/redenoticiaz.com.br\/litoralsp\/2023\/11\/06\/500-mil-imoveis-continuam-sem-energia-na-grande-sao-paulo-apos-temporal","og_locale":"pt_BR","og_type":"article","og_title":"500 mil im\u00f3veis continuam sem energia na grande S\u00e3o Paulo ap\u00f3s temporal - Litoral SP","og_description":"A Enel informou que 500 mil im\u00f3veis na Grande S\u00e3o Paulo ainda est\u00e3o sem energia, tr\u00eas dias ap\u00f3s o temporal que atingiu o estado.","og_url":"https:\/\/redenoticiaz.com.br\/litoralsp\/2023\/11\/06\/500-mil-imoveis-continuam-sem-energia-na-grande-sao-paulo-apos-temporal","og_site_name":"Litoral SP","article_published_time":"2023-11-06T17:42:59+00:00","article_modified_time":"2023-11-06T17:53:06+00:00","og_image":[{"width":805,"height":478,"url":"https:\/\/redenoticiaz.com.br\/litoralsp\/wp-content\/uploads\/sites\/3\/2023\/11\/Captura-de-tela-2023-11-06-144118.jpg?v=1699292529","type":"image\/jpeg"}],"author":"Carina Reifonas","twitter_card":"summary_large_image","twitter_misc":{"Escrito por":"Carina Reifonas","Est. tempo de leitura":"1 minuto"},"schema":{"@context":"https:\/\/schema.org","@graph":[{"@type":"Article","@id":"https:\/\/redenoticiaz.com.br\/litoralsp\/2023\/11\/06\/500-mil-imoveis-continuam-sem-energia-na-grande-sao-paulo-apos-temporal#article","isPartOf":{"@id":"https:\/\/redenoticiaz.com.br\/litoralsp\/2023\/11\/06\/500-mil-imoveis-continuam-sem-energia-na-grande-sao-paulo-apos-temporal"},"author":{"name":"Carina Reifonas","@id":"https:\/\/redenoticiaz.com.br\/litoralsp\/#\/schema\/person\/1f84d6e94e6a62d2d81199d7503e9e90"},"headline":"500 mil im\u00f3veis continuam sem energia na grande S\u00e3o Paulo ap\u00f3s temporal","datePublished":"2023-11-06T17:42:59+00:00","dateModified":"2023-11-06T17:53:06+00:00","mainEntityOfPage":{"@id":"https:\/\/redenoticiaz.com.br\/litoralsp\/2023\/11\/06\/500-mil-imoveis-continuam-sem-energia-na-grande-sao-paulo-apos-temporal"},"wordCount":201,"commentCount":0,"publisher":{"@id":"https:\/\/redenoticiaz.com.br\/litoralsp\/#organization"},"image":{"@id":"https:\/\/redenoticiaz.com.br\/litoralsp\/2023\/11\/06\/500-mil-imoveis-continuam-sem-energia-na-grande-sao-paulo-apos-temporal#primaryimage"},"thumbnailUrl":"https:\/\/redenoticiaz.com.br\/litoralsp\/wp-content\/uploads\/sites\/3\/2023\/11\/Captura-de-tela-2023-11-06-144118.jpg?v=1699292529","keywords":["enel","FALTA DE ENERGIA","PROCON","S\u00e3o Paulo","TEMPORAL"],"articleSection":["Habita\u00e7\u00e3o","Obras"],"inLanguage":"pt-BR","potentialAction":[{"@type":"CommentAction","name":"Comment","target":["https:\/\/redenoticiaz.com.br\/litoralsp\/2023\/11\/06\/500-mil-imoveis-continuam-sem-energia-na-grande-sao-paulo-apos-temporal#respond"]}]},{"@type":"WebPage","@id":"https:\/\/redenoticiaz.com.br\/litoralsp\/2023\/11\/06\/500-mil-imoveis-continuam-sem-energia-na-grande-sao-paulo-apos-temporal","url":"https:\/\/redenoticiaz.com.br\/litoralsp\/2023\/11\/06\/500-mil-imoveis-continuam-sem-energia-na-grande-sao-paulo-apos-temporal","name":"500 mil im\u00f3veis continuam sem energia na grande S\u00e3o Paulo ap\u00f3s temporal - Litoral SP","isPartOf":{"@id":"https:\/\/redenoticiaz.com.br\/litoralsp\/#website"},"primaryImageOfPage":{"@id":"https:\/\/redenoticiaz.com.br\/litoralsp\/2023\/11\/06\/500-mil-imoveis-continuam-sem-energia-na-grande-sao-paulo-apos-temporal#primaryimage"},"image":{"@id":"https:\/\/redenoticiaz.com.br\/litoralsp\/2023\/11\/06\/500-mil-imoveis-continuam-sem-energia-na-grande-sao-paulo-apos-temporal#primaryimage"},"thumbnailUrl":"https:\/\/redenoticiaz.com.br\/litoralsp\/wp-content\/uploads\/sites\/3\/2023\/11\/Captura-de-tela-2023-11-06-144118.jpg?v=1699292529","datePublished":"2023-11-06T17:42:59+00:00","dateModified":"2023-11-06T17:53:06+00:00","description":"A Enel informou que 500 mil im\u00f3veis na Grande S\u00e3o Paulo ainda est\u00e3o sem energia, tr\u00eas dias ap\u00f3s o temporal que atingiu o estado.","inLanguage":"pt-BR","potentialAction":[{"@type":"ReadAction","target":["https:\/\/redenoticiaz.com.br\/litoralsp\/2023\/11\/06\/500-mil-imoveis-continuam-sem-energia-na-grande-sao-paulo-apos-temporal"]}]},{"@type":"ImageObject","inLanguage":"pt-BR","@id":"https:\/\/redenoticiaz.com.br\/litoralsp\/2023\/11\/06\/500-mil-imoveis-continuam-sem-energia-na-grande-sao-paulo-apos-temporal#primaryimage","url":"https:\/\/redenoticiaz.com.br\/litoralsp\/wp-content\/uploads\/sites\/3\/2023\/11\/Captura-de-tela-2023-11-06-144118.jpg?v=1699292529","contentUrl":"https:\/\/redenoticiaz.com.br\/litoralsp\/wp-content\/uploads\/sites\/3\/2023\/11\/Captura-de-tela-2023-11-06-144118.jpg?v=1699292529","width":805,"height":478,"caption":"500 mil im\u00f3veis continuam sem energia na grande S\u00e3o Paulo ap\u00f3s temporal"},{"@type":"WebSite","@id":"https:\/\/redenoticiaz.com.br\/litoralsp\/#website","url":"https:\/\/redenoticiaz.com.br\/litoralsp\/","name":"Litoral SP","description":"Rede NoticiaZ","publisher":{"@id":"https:\/\/redenoticiaz.com.br\/litoralsp\/#organization"},"potentialAction":[{"@type":"SearchAction","target":{"@type":"EntryPoint","urlTemplate":"https:\/\/redenoticiaz.com.br\/litoralsp\/?s={search_term_string}"},"query-input":{"@type":"PropertyValueSpecification","valueRequired":true,"valueName":"search_term_string"}}],"inLanguage":"pt-BR"},{"@type":"Organization","@id":"https:\/\/redenoticiaz.com.br\/litoralsp\/#organization","name":"Litoral SP","url":"https:\/\/redenoticiaz.com.br\/litoralsp\/","logo":{"@type":"ImageObject","inLanguage":"pt-BR","@id":"https:\/\/redenoticiaz.com.br\/litoralsp\/#\/schema\/logo\/image\/","url":"https:\/\/redenoticiaz.com.br\/litoralsp\/wp-content\/uploads\/sites\/3\/2020\/11\/logo.jpg","contentUrl":"https:\/\/redenoticiaz.com.br\/litoralsp\/wp-content\/uploads\/sites\/3\/2020\/11\/logo.jpg","width":400,"height":250,"caption":"Litoral SP"},"image":{"@id":"https:\/\/redenoticiaz.com.br\/litoralsp\/#\/schema\/logo\/image\/"}},{"@type":"Person","@id":"https:\/\/redenoticiaz.com.br\/litoralsp\/#\/schema\/person\/1f84d6e94e6a62d2d81199d7503e9e90","name":"Carina Reifonas","image":{"@type":"ImageObject","inLanguage":"pt-BR","@id":"https:\/\/secure.gravatar.com\/avatar\/04c59859b23696cf867715880f81d5c037e60109730bdb4e6670ec2a2245bc97?s=96&d=mm&r=g","url":"https:\/\/secure.gravatar.com\/avatar\/04c59859b23696cf867715880f81d5c037e60109730bdb4e6670ec2a2245bc97?s=96&d=mm&r=g","contentUrl":"https:\/\/secure.gravatar.com\/avatar\/04c59859b23696cf867715880f81d5c037e60109730bdb4e6670ec2a2245bc97?s=96&d=mm&r=g","caption":"Carina Reifonas"},"url":"https:\/\/redenoticiaz.com.br\/litoralsp\/author\/carinareifonas"}]}},"_links":{"self":[{"href":"https:\/\/redenoticiaz.com.br\/litoralsp\/wp-json\/wp\/v2\/posts\/111934","targetHints":{"allow":["GET"]}}],"collection":[{"href":"https:\/\/redenoticiaz.com.br\/litoralsp\/wp-json\/wp\/v2\/posts"}],"about":[{"href":"https:\/\/redenoticiaz.com.br\/litoralsp\/wp-json\/wp\/v2\/types\/post"}],"author":[{"embeddable":true,"href":"https:\/\/redenoticiaz.com.br\/litoralsp\/wp-json\/wp\/v2\/users\/30"}],"replies":[{"embeddable":true,"href":"https:\/\/redenoticiaz.com.br\/litoralsp\/wp-json\/wp\/v2\/comments?post=111934"}],"version-history":[{"count":1,"href":"https:\/\/redenoticiaz.com.br\/litoralsp\/wp-json\/wp\/v2\/posts\/111934\/revisions"}],"predecessor-version":[{"id":111936,"href":"https:\/\/redenoticiaz.com.br\/litoralsp\/wp-json\/wp\/v2\/posts\/111934\/revisions\/111936"}],"wp:featuredmedia":[{"embeddable":true,"href":"https:\/\/redenoticiaz.com.br\/litoralsp\/wp-json\/wp\/v2\/media\/111935"}],"wp:attachment":[{"href":"https:\/\/redenoticiaz.com.br\/litoralsp\/wp-json\/wp\/v2\/media?parent=111934"}],"wp:term":[{"taxonomy":"category","embeddable":true,"href":"https:\/\/redenoticiaz.com.br\/litoralsp\/wp-json\/wp\/v2\/categories?post=111934"},{"taxonomy":"post_tag","embeddable":true,"href":"https:\/\/redenoticiaz.com.br\/litoralsp\/wp-json\/wp\/v2\/tags?post=111934"}],"curies":[{"name":"wp","href":"https:\/\/api.w.org\/{rel}","templated":true}]}}