{"id":111983,"date":"2023-11-08T14:47:50","date_gmt":"2023-11-08T17:47:50","guid":{"rendered":"https:\/\/redenoticiaz.com.br\/litoralsp\/?p=111983"},"modified":"2023-11-08T14:47:50","modified_gmt":"2023-11-08T17:47:50","slug":"chega-a-10-o-numero-de-pessoas-detidas-por-furtos-e-roubos-em-santos","status":"publish","type":"post","link":"https:\/\/redenoticiaz.com.br\/litoralsp\/2023\/11\/08\/chega-a-10-o-numero-de-pessoas-detidas-por-furtos-e-roubos-em-santos","title":{"rendered":"Chega a 10 o n\u00famero de pessoas detidas por furtos e roubos em Santos"},"content":{"rendered":"<p>Na tarde do \u00faltimo s\u00e1bado (4), agentes da PM que atuam no CCO receberam a informa\u00e7\u00e3o via r\u00e1dio sobre um furto ocorrido na orla da Pompeia, com os autores se evadindo sentido S\u00e3o Vicente.<\/p>\n<p>De acordo com as informa\u00e7\u00f5es, as equipes do monitoramento passaram a vasculhar a \u00e1rea e conseguiram localizar quatro indiv\u00edduos de bicicleta na divisa Santos-S\u00e3o Vicente.<\/p>\n<p>Foi abordado desta vez\u00a0 um casal com duas crian\u00e7as pequenas.<\/p>\n<p>Ainda de acordo com as informa\u00e7\u00f5es, a fam\u00edlia \u00e9 cercada pelos infratores, que subtraem duas alian\u00e7as de ouro das v\u00edtimas, seguindo para a cidade vizinha.<\/p>\n<p>Ainda de acordo com as informa\u00e7\u00f5es, ap\u00f3s troca de informa\u00e7\u00f5es via r\u00e1dio pelos policiais sobre as caracter\u00edsticas dos jovens, bem como a integra\u00e7\u00e3o com o sistema de monitoramento da GCM de S\u00e3o Vicente, dois adolescentes e um homem foram detidos pelas guarni\u00e7\u00f5es.<\/p>\n<p>Sendo assim, os dois indiv\u00edduos foram apreendidos e responder\u00e3o por ato infracional an\u00e1logo ao crime de roubo. O homem, que \u00e9 foragido da Justi\u00e7a, tamb\u00e9m ficou preso.<\/p>\n<h4 id=\"menu1\">FIA\u00c7\u00c3O<\/h4>\n<p>Por fim, tamb\u00e9m no s\u00e1bado (5), agentes da GCM em patrulhamento no Centro foram alertados por um mun\u00edcipe sobre um indiv\u00edduo arrancando fia\u00e7\u00e3o de uma estrutura natalina na Policl\u00ednica Monte Serrat.<\/p>\n<p>Enfim, a guarni\u00e7\u00e3o se dirigiu at\u00e9 o local e visualizou um homem saindo apressadamente do local. O monitoramento do CCO, por sua vez, fazia o acompanhamento da ocorr\u00eancia e informou a localiza\u00e7\u00e3o exata do indiv\u00edduo, que acabou sendo preso e encaminhado \u00e0 delegacia.<\/p>\n<p><img decoding=\"async\" class=\"img-responsive\" src=\"https:\/\/www.santos.sp.gov.br\/static\/files_www\/files\/portal_files\/noticias\/whatsapp_image_2023-11-05_at_15.22.49.jpeg\" alt=\"\" \/><\/p>\n<p>Grande quantidade de fia\u00e7\u00e3o foi apreendida e devolvida \u00e0 unidade de sa\u00fade.<\/p>\n<h4 id=\"menu2\">PROCURADO<\/h4>\n<p>Em abordagem de pessoas em atitude suspeita na Rua Santa Catarina, no Jos\u00e9 Menino, uma guarni\u00e7\u00e3o da GCM deteve um homem procurado da justi\u00e7a.<\/p>\n<p>Ele tinha mandado expedido pela Justi\u00e7a de Campinas-SP este ano pelo crime de tr\u00e1fico de drogas. Ele foi encaminhado \u00e0 delegacia, ficando \u00e0 disposi\u00e7\u00e3o da justi\u00e7a.<\/p>\n<p><img decoding=\"async\" class=\"img-responsive\" src=\"https:\/\/www.santos.sp.gov.br\/static\/files_www\/files\/portal_files\/noticias\/whatsapp_image_2023-11-06_at_11.20.07.jpeg\" alt=\"\" \/><\/p>\n<p><strong>Leia mais<\/strong><\/p>\n<p><a href=\"https:\/\/redenoticiaz.com.br\/litoralsp\/2023\/11\/07\/incendio-atinge-fabrica-de-paes-congelados-em-santos\">Inc\u00eandio atinge f\u00e1brica de p\u00e3es congelados em Santos<\/a><\/p>\n<p><a href=\"https:\/\/redenoticiaz.com.br\/litoralsp\/2023\/11\/03\/video-telhado-da-santa-casa-de-santos-desaba-apos-temporal\">V\u00cdDEO \u2013 Telhado da Santa Casa de Santos desaba ap\u00f3s temporal<\/a><\/p>\n<p><a href=\"https:\/\/redenoticiaz.com.br\/litoralsp\/2023\/11\/03\/25-mil-pessoas-passaram-pelos-cemiterios-de-santos\">25 mil pessoas passaram pelos cemit\u00e9rios de Santos<\/a><\/p>\n","protected":false},"excerpt":{"rendered":"<p>Na tarde do \u00faltimo s\u00e1bado (4), agentes da PM que atuam no CCO receberam a informa\u00e7\u00e3o via r\u00e1dio sobre um furto ocorrido na orla da Pompeia, com os autores se evadindo sentido S\u00e3o Vicente. De acordo com as informa\u00e7\u00f5es, as equipes do monitoramento passaram a vasculhar a \u00e1rea e conseguiram localizar quatro indiv\u00edduos de bicicleta &hellip;<\/p>\n","protected":false},"author":12,"featured_media":111984,"comment_status":"open","ping_status":"closed","sticky":false,"template":"","format":"standard","meta":{"footnotes":""},"categories":[10,180],"tags":[63375,3891,986],"class_list":["post-111983","post","type-post","status-publish","format-standard","has-post-thumbnail","hentry","category-policia","category-santos","tag-detidos","tag-guarda-civil-municipal","tag-santos"],"yoast_head":"<!-- This site is optimized with the Yoast SEO plugin v27.5 - https:\/\/yoast.com\/product\/yoast-seo-wordpress\/ -->\n<title>Chega a 10 o n\u00famero de pessoas detidas por furtos e roubos em Santos - Litoral SP<\/title>\n<meta name=\"description\" content=\"Na tarde do \u00faltimo s\u00e1bado (4), agentes da PM que atuam no CCO receberam a informa\u00e7\u00e3o via r\u00e1dio sobre um furto ocorrido na orla da Pompeia, com os autores se evadindo sentido S\u00e3o Vicente.\" \/>\n<meta name=\"robots\" content=\"index, follow, max-snippet:-1, max-image-preview:large, max-video-preview:-1\" \/>\n<link rel=\"canonical\" href=\"https:\/\/redenoticiaz.com.br\/litoralsp\/2023\/11\/08\/chega-a-10-o-numero-de-pessoas-detidas-por-furtos-e-roubos-em-santos\" \/>\n<meta property=\"og:locale\" content=\"pt_BR\" \/>\n<meta property=\"og:type\" content=\"article\" \/>\n<meta property=\"og:title\" content=\"Chega a 10 o n\u00famero de pessoas detidas por furtos e roubos em Santos - Litoral SP\" \/>\n<meta property=\"og:description\" content=\"Na tarde do \u00faltimo s\u00e1bado (4), agentes da PM que atuam no CCO receberam a informa\u00e7\u00e3o via r\u00e1dio sobre um furto ocorrido na orla da Pompeia, com os autores se evadindo sentido S\u00e3o Vicente.\" \/>\n<meta property=\"og:url\" content=\"https:\/\/redenoticiaz.com.br\/litoralsp\/2023\/11\/08\/chega-a-10-o-numero-de-pessoas-detidas-por-furtos-e-roubos-em-santos\" \/>\n<meta property=\"og:site_name\" content=\"Litoral SP\" \/>\n<meta property=\"article:published_time\" content=\"2023-11-08T17:47:50+00:00\" \/>\n<meta property=\"og:image\" content=\"https:\/\/redenoticiaz.com.br\/litoralsp\/wp-content\/uploads\/sites\/3\/2023\/11\/whatsapp_image_2023-11-07_at_14.18.27.jpeg\" \/>\n\t<meta property=\"og:image:width\" content=\"1400\" \/>\n\t<meta property=\"og:image:height\" content=\"786\" \/>\n\t<meta property=\"og:image:type\" content=\"image\/jpeg\" \/>\n<meta name=\"author\" content=\"Gustavo Silva\" \/>\n<meta name=\"twitter:card\" content=\"summary_large_image\" \/>\n<meta name=\"twitter:label1\" content=\"Escrito por\" \/>\n\t<meta name=\"twitter:data1\" content=\"Gustavo Silva\" \/>\n\t<meta name=\"twitter:label2\" content=\"Est. tempo de leitura\" \/>\n\t<meta name=\"twitter:data2\" content=\"3 minutos\" \/>\n<script type=\"application\/ld+json\" class=\"yoast-schema-graph\">{\"@context\":\"https:\\\/\\\/schema.org\",\"@graph\":[{\"@type\":\"Article\",\"@id\":\"https:\\\/\\\/redenoticiaz.com.br\\\/litoralsp\\\/2023\\\/11\\\/08\\\/chega-a-10-o-numero-de-pessoas-detidas-por-furtos-e-roubos-em-santos#article\",\"isPartOf\":{\"@id\":\"https:\\\/\\\/redenoticiaz.com.br\\\/litoralsp\\\/2023\\\/11\\\/08\\\/chega-a-10-o-numero-de-pessoas-detidas-por-furtos-e-roubos-em-santos\"},\"author\":{\"name\":\"Gustavo Silva\",\"@id\":\"https:\\\/\\\/redenoticiaz.com.br\\\/litoralsp\\\/#\\\/schema\\\/person\\\/16057b37a3c0ee6b096d7f887c566e2e\"},\"headline\":\"Chega a 10 o n\u00famero de pessoas detidas por furtos e roubos em Santos\",\"datePublished\":\"2023-11-08T17:47:50+00:00\",\"mainEntityOfPage\":{\"@id\":\"https:\\\/\\\/redenoticiaz.com.br\\\/litoralsp\\\/2023\\\/11\\\/08\\\/chega-a-10-o-numero-de-pessoas-detidas-por-furtos-e-roubos-em-santos\"},\"wordCount\":384,\"commentCount\":0,\"publisher\":{\"@id\":\"https:\\\/\\\/redenoticiaz.com.br\\\/litoralsp\\\/#organization\"},\"image\":{\"@id\":\"https:\\\/\\\/redenoticiaz.com.br\\\/litoralsp\\\/2023\\\/11\\\/08\\\/chega-a-10-o-numero-de-pessoas-detidas-por-furtos-e-roubos-em-santos#primaryimage\"},\"thumbnailUrl\":\"https:\\\/\\\/redenoticiaz.com.br\\\/litoralsp\\\/wp-content\\\/uploads\\\/sites\\\/3\\\/2023\\\/11\\\/whatsapp_image_2023-11-07_at_14.18.27.jpeg\",\"keywords\":[\"detidos\",\"GUARDA CIVIL MUNICIPAL\",\"Santos\"],\"articleSection\":[\"Pol\u00edcia\",\"Santos\"],\"inLanguage\":\"pt-BR\",\"potentialAction\":[{\"@type\":\"CommentAction\",\"name\":\"Comment\",\"target\":[\"https:\\\/\\\/redenoticiaz.com.br\\\/litoralsp\\\/2023\\\/11\\\/08\\\/chega-a-10-o-numero-de-pessoas-detidas-por-furtos-e-roubos-em-santos#respond\"]}]},{\"@type\":\"WebPage\",\"@id\":\"https:\\\/\\\/redenoticiaz.com.br\\\/litoralsp\\\/2023\\\/11\\\/08\\\/chega-a-10-o-numero-de-pessoas-detidas-por-furtos-e-roubos-em-santos\",\"url\":\"https:\\\/\\\/redenoticiaz.com.br\\\/litoralsp\\\/2023\\\/11\\\/08\\\/chega-a-10-o-numero-de-pessoas-detidas-por-furtos-e-roubos-em-santos\",\"name\":\"Chega a 10 o n\u00famero de pessoas detidas por furtos e roubos em Santos - Litoral SP\",\"isPartOf\":{\"@id\":\"https:\\\/\\\/redenoticiaz.com.br\\\/litoralsp\\\/#website\"},\"primaryImageOfPage\":{\"@id\":\"https:\\\/\\\/redenoticiaz.com.br\\\/litoralsp\\\/2023\\\/11\\\/08\\\/chega-a-10-o-numero-de-pessoas-detidas-por-furtos-e-roubos-em-santos#primaryimage\"},\"image\":{\"@id\":\"https:\\\/\\\/redenoticiaz.com.br\\\/litoralsp\\\/2023\\\/11\\\/08\\\/chega-a-10-o-numero-de-pessoas-detidas-por-furtos-e-roubos-em-santos#primaryimage\"},\"thumbnailUrl\":\"https:\\\/\\\/redenoticiaz.com.br\\\/litoralsp\\\/wp-content\\\/uploads\\\/sites\\\/3\\\/2023\\\/11\\\/whatsapp_image_2023-11-07_at_14.18.27.jpeg\",\"datePublished\":\"2023-11-08T17:47:50+00:00\",\"description\":\"Na tarde do \u00faltimo s\u00e1bado (4), agentes da PM que atuam no CCO receberam a informa\u00e7\u00e3o via r\u00e1dio sobre um furto ocorrido na orla da Pompeia, com os autores se evadindo sentido S\u00e3o Vicente.\",\"inLanguage\":\"pt-BR\",\"potentialAction\":[{\"@type\":\"ReadAction\",\"target\":[\"https:\\\/\\\/redenoticiaz.com.br\\\/litoralsp\\\/2023\\\/11\\\/08\\\/chega-a-10-o-numero-de-pessoas-detidas-por-furtos-e-roubos-em-santos\"]}]},{\"@type\":\"ImageObject\",\"inLanguage\":\"pt-BR\",\"@id\":\"https:\\\/\\\/redenoticiaz.com.br\\\/litoralsp\\\/2023\\\/11\\\/08\\\/chega-a-10-o-numero-de-pessoas-detidas-por-furtos-e-roubos-em-santos#primaryimage\",\"url\":\"https:\\\/\\\/redenoticiaz.com.br\\\/litoralsp\\\/wp-content\\\/uploads\\\/sites\\\/3\\\/2023\\\/11\\\/whatsapp_image_2023-11-07_at_14.18.27.jpeg\",\"contentUrl\":\"https:\\\/\\\/redenoticiaz.com.br\\\/litoralsp\\\/wp-content\\\/uploads\\\/sites\\\/3\\\/2023\\\/11\\\/whatsapp_image_2023-11-07_at_14.18.27.jpeg\",\"width\":1400,\"height\":786,\"caption\":\"Chega a 10 o n\u00famero de pessoas detidas por furtos e roubos em Santos\"},{\"@type\":\"WebSite\",\"@id\":\"https:\\\/\\\/redenoticiaz.com.br\\\/litoralsp\\\/#website\",\"url\":\"https:\\\/\\\/redenoticiaz.com.br\\\/litoralsp\\\/\",\"name\":\"Litoral SP\",\"description\":\"Rede NoticiaZ\",\"publisher\":{\"@id\":\"https:\\\/\\\/redenoticiaz.com.br\\\/litoralsp\\\/#organization\"},\"potentialAction\":[{\"@type\":\"SearchAction\",\"target\":{\"@type\":\"EntryPoint\",\"urlTemplate\":\"https:\\\/\\\/redenoticiaz.com.br\\\/litoralsp\\\/?s={search_term_string}\"},\"query-input\":{\"@type\":\"PropertyValueSpecification\",\"valueRequired\":true,\"valueName\":\"search_term_string\"}}],\"inLanguage\":\"pt-BR\"},{\"@type\":\"Organization\",\"@id\":\"https:\\\/\\\/redenoticiaz.com.br\\\/litoralsp\\\/#organization\",\"name\":\"Litoral SP\",\"url\":\"https:\\\/\\\/redenoticiaz.com.br\\\/litoralsp\\\/\",\"logo\":{\"@type\":\"ImageObject\",\"inLanguage\":\"pt-BR\",\"@id\":\"https:\\\/\\\/redenoticiaz.com.br\\\/litoralsp\\\/#\\\/schema\\\/logo\\\/image\\\/\",\"url\":\"https:\\\/\\\/redenoticiaz.com.br\\\/litoralsp\\\/wp-content\\\/uploads\\\/sites\\\/3\\\/2020\\\/11\\\/logo.jpg\",\"contentUrl\":\"https:\\\/\\\/redenoticiaz.com.br\\\/litoralsp\\\/wp-content\\\/uploads\\\/sites\\\/3\\\/2020\\\/11\\\/logo.jpg\",\"width\":400,\"height\":250,\"caption\":\"Litoral SP\"},\"image\":{\"@id\":\"https:\\\/\\\/redenoticiaz.com.br\\\/litoralsp\\\/#\\\/schema\\\/logo\\\/image\\\/\"}},{\"@type\":\"Person\",\"@id\":\"https:\\\/\\\/redenoticiaz.com.br\\\/litoralsp\\\/#\\\/schema\\\/person\\\/16057b37a3c0ee6b096d7f887c566e2e\",\"name\":\"Gustavo Silva\",\"image\":{\"@type\":\"ImageObject\",\"inLanguage\":\"pt-BR\",\"@id\":\"https:\\\/\\\/secure.gravatar.com\\\/avatar\\\/3ee4e82f93b26de0a7cf4ea5eb7893da637ed6bb0c9170c58065944c56e28a33?s=96&d=mm&r=g\",\"url\":\"https:\\\/\\\/secure.gravatar.com\\\/avatar\\\/3ee4e82f93b26de0a7cf4ea5eb7893da637ed6bb0c9170c58065944c56e28a33?s=96&d=mm&r=g\",\"contentUrl\":\"https:\\\/\\\/secure.gravatar.com\\\/avatar\\\/3ee4e82f93b26de0a7cf4ea5eb7893da637ed6bb0c9170c58065944c56e28a33?s=96&d=mm&r=g\",\"caption\":\"Gustavo Silva\"},\"url\":\"https:\\\/\\\/redenoticiaz.com.br\\\/litoralsp\\\/author\\\/gustavosilva\"}]}<\/script>\n<!-- \/ Yoast SEO plugin. -->","yoast_head_json":{"title":"Chega a 10 o n\u00famero de pessoas detidas por furtos e roubos em Santos - Litoral SP","description":"Na tarde do \u00faltimo s\u00e1bado (4), agentes da PM que atuam no CCO receberam a informa\u00e7\u00e3o via r\u00e1dio sobre um furto ocorrido na orla da Pompeia, com os autores se evadindo sentido S\u00e3o Vicente.","robots":{"index":"index","follow":"follow","max-snippet":"max-snippet:-1","max-image-preview":"max-image-preview:large","max-video-preview":"max-video-preview:-1"},"canonical":"https:\/\/redenoticiaz.com.br\/litoralsp\/2023\/11\/08\/chega-a-10-o-numero-de-pessoas-detidas-por-furtos-e-roubos-em-santos","og_locale":"pt_BR","og_type":"article","og_title":"Chega a 10 o n\u00famero de pessoas detidas por furtos e roubos em Santos - Litoral SP","og_description":"Na tarde do \u00faltimo s\u00e1bado (4), agentes da PM que atuam no CCO receberam a informa\u00e7\u00e3o via r\u00e1dio sobre um furto ocorrido na orla da Pompeia, com os autores se evadindo sentido S\u00e3o Vicente.","og_url":"https:\/\/redenoticiaz.com.br\/litoralsp\/2023\/11\/08\/chega-a-10-o-numero-de-pessoas-detidas-por-furtos-e-roubos-em-santos","og_site_name":"Litoral SP","article_published_time":"2023-11-08T17:47:50+00:00","og_image":[{"width":1400,"height":786,"url":"https:\/\/redenoticiaz.com.br\/litoralsp\/wp-content\/uploads\/sites\/3\/2023\/11\/whatsapp_image_2023-11-07_at_14.18.27.jpeg","type":"image\/jpeg"}],"author":"Gustavo Silva","twitter_card":"summary_large_image","twitter_misc":{"Escrito por":"Gustavo Silva","Est. tempo de leitura":"3 minutos"},"schema":{"@context":"https:\/\/schema.org","@graph":[{"@type":"Article","@id":"https:\/\/redenoticiaz.com.br\/litoralsp\/2023\/11\/08\/chega-a-10-o-numero-de-pessoas-detidas-por-furtos-e-roubos-em-santos#article","isPartOf":{"@id":"https:\/\/redenoticiaz.com.br\/litoralsp\/2023\/11\/08\/chega-a-10-o-numero-de-pessoas-detidas-por-furtos-e-roubos-em-santos"},"author":{"name":"Gustavo Silva","@id":"https:\/\/redenoticiaz.com.br\/litoralsp\/#\/schema\/person\/16057b37a3c0ee6b096d7f887c566e2e"},"headline":"Chega a 10 o n\u00famero de pessoas detidas por furtos e roubos em Santos","datePublished":"2023-11-08T17:47:50+00:00","mainEntityOfPage":{"@id":"https:\/\/redenoticiaz.com.br\/litoralsp\/2023\/11\/08\/chega-a-10-o-numero-de-pessoas-detidas-por-furtos-e-roubos-em-santos"},"wordCount":384,"commentCount":0,"publisher":{"@id":"https:\/\/redenoticiaz.com.br\/litoralsp\/#organization"},"image":{"@id":"https:\/\/redenoticiaz.com.br\/litoralsp\/2023\/11\/08\/chega-a-10-o-numero-de-pessoas-detidas-por-furtos-e-roubos-em-santos#primaryimage"},"thumbnailUrl":"https:\/\/redenoticiaz.com.br\/litoralsp\/wp-content\/uploads\/sites\/3\/2023\/11\/whatsapp_image_2023-11-07_at_14.18.27.jpeg","keywords":["detidos","GUARDA CIVIL MUNICIPAL","Santos"],"articleSection":["Pol\u00edcia","Santos"],"inLanguage":"pt-BR","potentialAction":[{"@type":"CommentAction","name":"Comment","target":["https:\/\/redenoticiaz.com.br\/litoralsp\/2023\/11\/08\/chega-a-10-o-numero-de-pessoas-detidas-por-furtos-e-roubos-em-santos#respond"]}]},{"@type":"WebPage","@id":"https:\/\/redenoticiaz.com.br\/litoralsp\/2023\/11\/08\/chega-a-10-o-numero-de-pessoas-detidas-por-furtos-e-roubos-em-santos","url":"https:\/\/redenoticiaz.com.br\/litoralsp\/2023\/11\/08\/chega-a-10-o-numero-de-pessoas-detidas-por-furtos-e-roubos-em-santos","name":"Chega a 10 o n\u00famero de pessoas detidas por furtos e roubos em Santos - Litoral SP","isPartOf":{"@id":"https:\/\/redenoticiaz.com.br\/litoralsp\/#website"},"primaryImageOfPage":{"@id":"https:\/\/redenoticiaz.com.br\/litoralsp\/2023\/11\/08\/chega-a-10-o-numero-de-pessoas-detidas-por-furtos-e-roubos-em-santos#primaryimage"},"image":{"@id":"https:\/\/redenoticiaz.com.br\/litoralsp\/2023\/11\/08\/chega-a-10-o-numero-de-pessoas-detidas-por-furtos-e-roubos-em-santos#primaryimage"},"thumbnailUrl":"https:\/\/redenoticiaz.com.br\/litoralsp\/wp-content\/uploads\/sites\/3\/2023\/11\/whatsapp_image_2023-11-07_at_14.18.27.jpeg","datePublished":"2023-11-08T17:47:50+00:00","description":"Na tarde do \u00faltimo s\u00e1bado (4), agentes da PM que atuam no CCO receberam a informa\u00e7\u00e3o via r\u00e1dio sobre um furto ocorrido na orla da Pompeia, com os autores se evadindo sentido S\u00e3o Vicente.","inLanguage":"pt-BR","potentialAction":[{"@type":"ReadAction","target":["https:\/\/redenoticiaz.com.br\/litoralsp\/2023\/11\/08\/chega-a-10-o-numero-de-pessoas-detidas-por-furtos-e-roubos-em-santos"]}]},{"@type":"ImageObject","inLanguage":"pt-BR","@id":"https:\/\/redenoticiaz.com.br\/litoralsp\/2023\/11\/08\/chega-a-10-o-numero-de-pessoas-detidas-por-furtos-e-roubos-em-santos#primaryimage","url":"https:\/\/redenoticiaz.com.br\/litoralsp\/wp-content\/uploads\/sites\/3\/2023\/11\/whatsapp_image_2023-11-07_at_14.18.27.jpeg","contentUrl":"https:\/\/redenoticiaz.com.br\/litoralsp\/wp-content\/uploads\/sites\/3\/2023\/11\/whatsapp_image_2023-11-07_at_14.18.27.jpeg","width":1400,"height":786,"caption":"Chega a 10 o n\u00famero de pessoas detidas por furtos e roubos em Santos"},{"@type":"WebSite","@id":"https:\/\/redenoticiaz.com.br\/litoralsp\/#website","url":"https:\/\/redenoticiaz.com.br\/litoralsp\/","name":"Litoral SP","description":"Rede NoticiaZ","publisher":{"@id":"https:\/\/redenoticiaz.com.br\/litoralsp\/#organization"},"potentialAction":[{"@type":"SearchAction","target":{"@type":"EntryPoint","urlTemplate":"https:\/\/redenoticiaz.com.br\/litoralsp\/?s={search_term_string}"},"query-input":{"@type":"PropertyValueSpecification","valueRequired":true,"valueName":"search_term_string"}}],"inLanguage":"pt-BR"},{"@type":"Organization","@id":"https:\/\/redenoticiaz.com.br\/litoralsp\/#organization","name":"Litoral SP","url":"https:\/\/redenoticiaz.com.br\/litoralsp\/","logo":{"@type":"ImageObject","inLanguage":"pt-BR","@id":"https:\/\/redenoticiaz.com.br\/litoralsp\/#\/schema\/logo\/image\/","url":"https:\/\/redenoticiaz.com.br\/litoralsp\/wp-content\/uploads\/sites\/3\/2020\/11\/logo.jpg","contentUrl":"https:\/\/redenoticiaz.com.br\/litoralsp\/wp-content\/uploads\/sites\/3\/2020\/11\/logo.jpg","width":400,"height":250,"caption":"Litoral SP"},"image":{"@id":"https:\/\/redenoticiaz.com.br\/litoralsp\/#\/schema\/logo\/image\/"}},{"@type":"Person","@id":"https:\/\/redenoticiaz.com.br\/litoralsp\/#\/schema\/person\/16057b37a3c0ee6b096d7f887c566e2e","name":"Gustavo Silva","image":{"@type":"ImageObject","inLanguage":"pt-BR","@id":"https:\/\/secure.gravatar.com\/avatar\/3ee4e82f93b26de0a7cf4ea5eb7893da637ed6bb0c9170c58065944c56e28a33?s=96&d=mm&r=g","url":"https:\/\/secure.gravatar.com\/avatar\/3ee4e82f93b26de0a7cf4ea5eb7893da637ed6bb0c9170c58065944c56e28a33?s=96&d=mm&r=g","contentUrl":"https:\/\/secure.gravatar.com\/avatar\/3ee4e82f93b26de0a7cf4ea5eb7893da637ed6bb0c9170c58065944c56e28a33?s=96&d=mm&r=g","caption":"Gustavo Silva"},"url":"https:\/\/redenoticiaz.com.br\/litoralsp\/author\/gustavosilva"}]}},"_links":{"self":[{"href":"https:\/\/redenoticiaz.com.br\/litoralsp\/wp-json\/wp\/v2\/posts\/111983","targetHints":{"allow":["GET"]}}],"collection":[{"href":"https:\/\/redenoticiaz.com.br\/litoralsp\/wp-json\/wp\/v2\/posts"}],"about":[{"href":"https:\/\/redenoticiaz.com.br\/litoralsp\/wp-json\/wp\/v2\/types\/post"}],"author":[{"embeddable":true,"href":"https:\/\/redenoticiaz.com.br\/litoralsp\/wp-json\/wp\/v2\/users\/12"}],"replies":[{"embeddable":true,"href":"https:\/\/redenoticiaz.com.br\/litoralsp\/wp-json\/wp\/v2\/comments?post=111983"}],"version-history":[{"count":1,"href":"https:\/\/redenoticiaz.com.br\/litoralsp\/wp-json\/wp\/v2\/posts\/111983\/revisions"}],"predecessor-version":[{"id":111985,"href":"https:\/\/redenoticiaz.com.br\/litoralsp\/wp-json\/wp\/v2\/posts\/111983\/revisions\/111985"}],"wp:featuredmedia":[{"embeddable":true,"href":"https:\/\/redenoticiaz.com.br\/litoralsp\/wp-json\/wp\/v2\/media\/111984"}],"wp:attachment":[{"href":"https:\/\/redenoticiaz.com.br\/litoralsp\/wp-json\/wp\/v2\/media?parent=111983"}],"wp:term":[{"taxonomy":"category","embeddable":true,"href":"https:\/\/redenoticiaz.com.br\/litoralsp\/wp-json\/wp\/v2\/categories?post=111983"},{"taxonomy":"post_tag","embeddable":true,"href":"https:\/\/redenoticiaz.com.br\/litoralsp\/wp-json\/wp\/v2\/tags?post=111983"}],"curies":[{"name":"wp","href":"https:\/\/api.w.org\/{rel}","templated":true}]}}