{"id":111986,"date":"2023-11-08T15:22:09","date_gmt":"2023-11-08T18:22:09","guid":{"rendered":"https:\/\/redenoticiaz.com.br\/litoralsp\/?p=111986"},"modified":"2023-11-08T15:22:09","modified_gmt":"2023-11-08T18:22:09","slug":"caso-baccara-seguranca-e-dono-do-local-sao-condenados-a-16-anos-de-prisao","status":"publish","type":"post","link":"https:\/\/redenoticiaz.com.br\/litoralsp\/2023\/11\/08\/caso-baccara-seguranca-e-dono-do-local-sao-condenados-a-16-anos-de-prisao","title":{"rendered":"Caso Baccar\u00e1: Seguran\u00e7a e dono do local s\u00e3o condenados a 16 anos de pris\u00e3o"},"content":{"rendered":"<div id=\"chunk-2m12a\">\n<div class=\"mc-column content-text active-extra-styles \" data-block-type=\"unstyled\" data-block-weight=\"51\" data-block-id=\"2\">\n<p data-track-category=\"Link no Texto\" data-track-links=\"\">O Seguran\u00e7a e o dono do Baccar\u00e1 Bar e Backstage foram condenados a 16 anos de pris\u00e3opela morte de Lucas Martins de Paula em 2018.<\/p>\n<p data-track-category=\"Link no Texto\" data-track-links=\"\">De acordo com as informa\u00e7\u00f5es, a dupla estava presente no local quando na madrugada do dia 7 de julho Lucas Martins de Paula foi espancado.<\/p>\n<p data-track-category=\"Link no Texto\" data-track-links=\"\">O jovem teria se desentendido por conta da cobran\u00e7a de R$ 15 adicionais na comanda do jovem de 21 anos.<\/p>\n<p data-track-category=\"Link no Texto\" data-track-links=\"\">Ainda de acordo com as informa\u00e7\u00f5es, ap\u00f3s questionamentos sobre o valor da comanda, os seguran\u00e7as foram acionados e a confus\u00e3o teve inicio.<\/p>\n<p data-track-category=\"Link no Texto\" data-track-links=\"\">Sendo assim, Vitor Alves Karam\u00a0era propriet\u00e1rio do estabelecimento, enquanto\u00a0Sammy Barreto Callender\u00a0atuava como seguran\u00e7a.<\/p>\n<\/div>\n<\/div>\n<div class=\"wall protected-content\">\n<div id=\"chunk-7aeu6\">\n<div class=\"mc-column content-text active-extra-styles \" data-block-type=\"unstyled\" data-block-weight=\"67\" data-block-id=\"5\">\n<p class=\" content-text__container \" data-track-category=\"Link no Texto\" data-track-links=\"\"><strong>Leia mais<\/strong><\/p>\n<p data-track-category=\"Link no Texto\" data-track-links=\"\"><a href=\"https:\/\/redenoticiaz.com.br\/litoralsp\/2023\/09\/21\/caso-baccara-seguranca-que-espancou-jovem-em-santos-e-condenado-a-18-anos-de-prisao\">Caso Baccar\u00e1: Seguran\u00e7a que espancou jovem em Santos \u00e9 condenado a 18 anos de pris\u00e3o<\/a><\/p>\n<p data-track-category=\"Link no Texto\" data-track-links=\"\"><a href=\"https:\/\/redenoticiaz.com.br\/litoralsp\/2021\/11\/04\/seguranca-acusado-de-matar-jovem-em-balada-sofre-morte-subita\">Seguran\u00e7a acusado de matar jovem em balada sofre \u2018morte s\u00fabita\u2019<\/a><\/p>\n<div id=\"chunk-6g0gp\">\n<div class=\"mc-column content-text active-extra-styles \" data-block-type=\"unstyled\" data-block-weight=\"42\" data-block-id=\"9\"><\/div>\n<\/div>\n<\/div>\n<\/div>\n<\/div>\n","protected":false},"excerpt":{"rendered":"<p>O Seguran\u00e7a e o dono do Baccar\u00e1 Bar e Backstage foram condenados a 16 anos de pris\u00e3opela morte de Lucas Martins de Paula em 2018. De acordo com as informa\u00e7\u00f5es, a dupla estava presente no local quando na madrugada do dia 7 de julho Lucas Martins de Paula foi espancado. O jovem teria se desentendido &hellip;<\/p>\n","protected":false},"author":12,"featured_media":111987,"comment_status":"open","ping_status":"closed","sticky":false,"template":"","format":"standard","meta":{"footnotes":""},"categories":[10,180],"tags":[40459,67219,67533,986],"class_list":["post-111986","post","type-post","status-publish","format-standard","has-post-thumbnail","hentry","category-policia","category-santos","tag-baccara","tag-caso-baccara","tag-lucas-martins-de-paula","tag-santos"],"yoast_head":"<!-- This site is optimized with the Yoast SEO plugin v27.5 - https:\/\/yoast.com\/product\/yoast-seo-wordpress\/ -->\n<title>Caso Baccar\u00e1: Seguran\u00e7a e dono do local s\u00e3o condenados a 16 anos de pris\u00e3o - Litoral SP<\/title>\n<meta name=\"description\" content=\"O Seguran\u00e7a e o dono do Baccar\u00e1 Bar e Backstage foram condenados a 16 anos de pris\u00e3opela morte de Lucas Martins de Paula em 2018.\" \/>\n<meta name=\"robots\" content=\"index, follow, max-snippet:-1, max-image-preview:large, max-video-preview:-1\" \/>\n<link rel=\"canonical\" href=\"https:\/\/redenoticiaz.com.br\/litoralsp\/2023\/11\/08\/caso-baccara-seguranca-e-dono-do-local-sao-condenados-a-16-anos-de-prisao\" \/>\n<meta property=\"og:locale\" content=\"pt_BR\" \/>\n<meta property=\"og:type\" content=\"article\" \/>\n<meta property=\"og:title\" content=\"Caso Baccar\u00e1: Seguran\u00e7a e dono do local s\u00e3o condenados a 16 anos de pris\u00e3o - Litoral SP\" \/>\n<meta property=\"og:description\" content=\"O Seguran\u00e7a e o dono do Baccar\u00e1 Bar e Backstage foram condenados a 16 anos de pris\u00e3opela morte de Lucas Martins de Paula em 2018.\" \/>\n<meta property=\"og:url\" content=\"https:\/\/redenoticiaz.com.br\/litoralsp\/2023\/11\/08\/caso-baccara-seguranca-e-dono-do-local-sao-condenados-a-16-anos-de-prisao\" \/>\n<meta property=\"og:site_name\" content=\"Litoral SP\" \/>\n<meta property=\"article:published_time\" content=\"2023-11-08T18:22:09+00:00\" \/>\n<meta property=\"og:image\" content=\"https:\/\/redenoticiaz.com.br\/litoralsp\/wp-content\/uploads\/sites\/3\/2023\/11\/vitor-e-sammy.jpg\" \/>\n\t<meta property=\"og:image:width\" content=\"1000\" \/>\n\t<meta property=\"og:image:height\" content=\"667\" \/>\n\t<meta property=\"og:image:type\" content=\"image\/jpeg\" \/>\n<meta name=\"author\" content=\"Gustavo Silva\" \/>\n<meta name=\"twitter:card\" content=\"summary_large_image\" \/>\n<meta name=\"twitter:label1\" content=\"Escrito por\" \/>\n\t<meta name=\"twitter:data1\" content=\"Gustavo Silva\" \/>\n\t<meta name=\"twitter:label2\" content=\"Est. tempo de leitura\" \/>\n\t<meta name=\"twitter:data2\" content=\"1 minuto\" \/>\n<script type=\"application\/ld+json\" class=\"yoast-schema-graph\">{\"@context\":\"https:\\\/\\\/schema.org\",\"@graph\":[{\"@type\":\"Article\",\"@id\":\"https:\\\/\\\/redenoticiaz.com.br\\\/litoralsp\\\/2023\\\/11\\\/08\\\/caso-baccara-seguranca-e-dono-do-local-sao-condenados-a-16-anos-de-prisao#article\",\"isPartOf\":{\"@id\":\"https:\\\/\\\/redenoticiaz.com.br\\\/litoralsp\\\/2023\\\/11\\\/08\\\/caso-baccara-seguranca-e-dono-do-local-sao-condenados-a-16-anos-de-prisao\"},\"author\":{\"name\":\"Gustavo Silva\",\"@id\":\"https:\\\/\\\/redenoticiaz.com.br\\\/litoralsp\\\/#\\\/schema\\\/person\\\/16057b37a3c0ee6b096d7f887c566e2e\"},\"headline\":\"Caso Baccar\u00e1: Seguran\u00e7a e dono do local s\u00e3o condenados a 16 anos de pris\u00e3o\",\"datePublished\":\"2023-11-08T18:22:09+00:00\",\"mainEntityOfPage\":{\"@id\":\"https:\\\/\\\/redenoticiaz.com.br\\\/litoralsp\\\/2023\\\/11\\\/08\\\/caso-baccara-seguranca-e-dono-do-local-sao-condenados-a-16-anos-de-prisao\"},\"wordCount\":158,\"commentCount\":0,\"publisher\":{\"@id\":\"https:\\\/\\\/redenoticiaz.com.br\\\/litoralsp\\\/#organization\"},\"image\":{\"@id\":\"https:\\\/\\\/redenoticiaz.com.br\\\/litoralsp\\\/2023\\\/11\\\/08\\\/caso-baccara-seguranca-e-dono-do-local-sao-condenados-a-16-anos-de-prisao#primaryimage\"},\"thumbnailUrl\":\"https:\\\/\\\/redenoticiaz.com.br\\\/litoralsp\\\/wp-content\\\/uploads\\\/sites\\\/3\\\/2023\\\/11\\\/vitor-e-sammy.jpg\",\"keywords\":[\"BACCAR\u00c1\",\"Caso Baccar\u00e1\",\"Lucas Martins de Paula\",\"Santos\"],\"articleSection\":[\"Pol\u00edcia\",\"Santos\"],\"inLanguage\":\"pt-BR\",\"potentialAction\":[{\"@type\":\"CommentAction\",\"name\":\"Comment\",\"target\":[\"https:\\\/\\\/redenoticiaz.com.br\\\/litoralsp\\\/2023\\\/11\\\/08\\\/caso-baccara-seguranca-e-dono-do-local-sao-condenados-a-16-anos-de-prisao#respond\"]}]},{\"@type\":\"WebPage\",\"@id\":\"https:\\\/\\\/redenoticiaz.com.br\\\/litoralsp\\\/2023\\\/11\\\/08\\\/caso-baccara-seguranca-e-dono-do-local-sao-condenados-a-16-anos-de-prisao\",\"url\":\"https:\\\/\\\/redenoticiaz.com.br\\\/litoralsp\\\/2023\\\/11\\\/08\\\/caso-baccara-seguranca-e-dono-do-local-sao-condenados-a-16-anos-de-prisao\",\"name\":\"Caso Baccar\u00e1: Seguran\u00e7a e dono do local s\u00e3o condenados a 16 anos de pris\u00e3o - Litoral SP\",\"isPartOf\":{\"@id\":\"https:\\\/\\\/redenoticiaz.com.br\\\/litoralsp\\\/#website\"},\"primaryImageOfPage\":{\"@id\":\"https:\\\/\\\/redenoticiaz.com.br\\\/litoralsp\\\/2023\\\/11\\\/08\\\/caso-baccara-seguranca-e-dono-do-local-sao-condenados-a-16-anos-de-prisao#primaryimage\"},\"image\":{\"@id\":\"https:\\\/\\\/redenoticiaz.com.br\\\/litoralsp\\\/2023\\\/11\\\/08\\\/caso-baccara-seguranca-e-dono-do-local-sao-condenados-a-16-anos-de-prisao#primaryimage\"},\"thumbnailUrl\":\"https:\\\/\\\/redenoticiaz.com.br\\\/litoralsp\\\/wp-content\\\/uploads\\\/sites\\\/3\\\/2023\\\/11\\\/vitor-e-sammy.jpg\",\"datePublished\":\"2023-11-08T18:22:09+00:00\",\"description\":\"O Seguran\u00e7a e o dono do Baccar\u00e1 Bar e Backstage foram condenados a 16 anos de pris\u00e3opela morte de Lucas Martins de Paula em 2018.\",\"inLanguage\":\"pt-BR\",\"potentialAction\":[{\"@type\":\"ReadAction\",\"target\":[\"https:\\\/\\\/redenoticiaz.com.br\\\/litoralsp\\\/2023\\\/11\\\/08\\\/caso-baccara-seguranca-e-dono-do-local-sao-condenados-a-16-anos-de-prisao\"]}]},{\"@type\":\"ImageObject\",\"inLanguage\":\"pt-BR\",\"@id\":\"https:\\\/\\\/redenoticiaz.com.br\\\/litoralsp\\\/2023\\\/11\\\/08\\\/caso-baccara-seguranca-e-dono-do-local-sao-condenados-a-16-anos-de-prisao#primaryimage\",\"url\":\"https:\\\/\\\/redenoticiaz.com.br\\\/litoralsp\\\/wp-content\\\/uploads\\\/sites\\\/3\\\/2023\\\/11\\\/vitor-e-sammy.jpg\",\"contentUrl\":\"https:\\\/\\\/redenoticiaz.com.br\\\/litoralsp\\\/wp-content\\\/uploads\\\/sites\\\/3\\\/2023\\\/11\\\/vitor-e-sammy.jpg\",\"width\":1000,\"height\":667,\"caption\":\"Caso Baccar\u00e1: Seguran\u00e7a e dono do local s\u00e3o condenados a 16 anos de pris\u00e3o\"},{\"@type\":\"WebSite\",\"@id\":\"https:\\\/\\\/redenoticiaz.com.br\\\/litoralsp\\\/#website\",\"url\":\"https:\\\/\\\/redenoticiaz.com.br\\\/litoralsp\\\/\",\"name\":\"Litoral SP\",\"description\":\"Rede NoticiaZ\",\"publisher\":{\"@id\":\"https:\\\/\\\/redenoticiaz.com.br\\\/litoralsp\\\/#organization\"},\"potentialAction\":[{\"@type\":\"SearchAction\",\"target\":{\"@type\":\"EntryPoint\",\"urlTemplate\":\"https:\\\/\\\/redenoticiaz.com.br\\\/litoralsp\\\/?s={search_term_string}\"},\"query-input\":{\"@type\":\"PropertyValueSpecification\",\"valueRequired\":true,\"valueName\":\"search_term_string\"}}],\"inLanguage\":\"pt-BR\"},{\"@type\":\"Organization\",\"@id\":\"https:\\\/\\\/redenoticiaz.com.br\\\/litoralsp\\\/#organization\",\"name\":\"Litoral SP\",\"url\":\"https:\\\/\\\/redenoticiaz.com.br\\\/litoralsp\\\/\",\"logo\":{\"@type\":\"ImageObject\",\"inLanguage\":\"pt-BR\",\"@id\":\"https:\\\/\\\/redenoticiaz.com.br\\\/litoralsp\\\/#\\\/schema\\\/logo\\\/image\\\/\",\"url\":\"https:\\\/\\\/redenoticiaz.com.br\\\/litoralsp\\\/wp-content\\\/uploads\\\/sites\\\/3\\\/2020\\\/11\\\/logo.jpg\",\"contentUrl\":\"https:\\\/\\\/redenoticiaz.com.br\\\/litoralsp\\\/wp-content\\\/uploads\\\/sites\\\/3\\\/2020\\\/11\\\/logo.jpg\",\"width\":400,\"height\":250,\"caption\":\"Litoral SP\"},\"image\":{\"@id\":\"https:\\\/\\\/redenoticiaz.com.br\\\/litoralsp\\\/#\\\/schema\\\/logo\\\/image\\\/\"}},{\"@type\":\"Person\",\"@id\":\"https:\\\/\\\/redenoticiaz.com.br\\\/litoralsp\\\/#\\\/schema\\\/person\\\/16057b37a3c0ee6b096d7f887c566e2e\",\"name\":\"Gustavo Silva\",\"image\":{\"@type\":\"ImageObject\",\"inLanguage\":\"pt-BR\",\"@id\":\"https:\\\/\\\/secure.gravatar.com\\\/avatar\\\/3ee4e82f93b26de0a7cf4ea5eb7893da637ed6bb0c9170c58065944c56e28a33?s=96&d=mm&r=g\",\"url\":\"https:\\\/\\\/secure.gravatar.com\\\/avatar\\\/3ee4e82f93b26de0a7cf4ea5eb7893da637ed6bb0c9170c58065944c56e28a33?s=96&d=mm&r=g\",\"contentUrl\":\"https:\\\/\\\/secure.gravatar.com\\\/avatar\\\/3ee4e82f93b26de0a7cf4ea5eb7893da637ed6bb0c9170c58065944c56e28a33?s=96&d=mm&r=g\",\"caption\":\"Gustavo Silva\"},\"url\":\"https:\\\/\\\/redenoticiaz.com.br\\\/litoralsp\\\/author\\\/gustavosilva\"}]}<\/script>\n<!-- \/ Yoast SEO plugin. -->","yoast_head_json":{"title":"Caso Baccar\u00e1: Seguran\u00e7a e dono do local s\u00e3o condenados a 16 anos de pris\u00e3o - Litoral SP","description":"O Seguran\u00e7a e o dono do Baccar\u00e1 Bar e Backstage foram condenados a 16 anos de pris\u00e3opela morte de Lucas Martins de Paula em 2018.","robots":{"index":"index","follow":"follow","max-snippet":"max-snippet:-1","max-image-preview":"max-image-preview:large","max-video-preview":"max-video-preview:-1"},"canonical":"https:\/\/redenoticiaz.com.br\/litoralsp\/2023\/11\/08\/caso-baccara-seguranca-e-dono-do-local-sao-condenados-a-16-anos-de-prisao","og_locale":"pt_BR","og_type":"article","og_title":"Caso Baccar\u00e1: Seguran\u00e7a e dono do local s\u00e3o condenados a 16 anos de pris\u00e3o - Litoral SP","og_description":"O Seguran\u00e7a e o dono do Baccar\u00e1 Bar e Backstage foram condenados a 16 anos de pris\u00e3opela morte de Lucas Martins de Paula em 2018.","og_url":"https:\/\/redenoticiaz.com.br\/litoralsp\/2023\/11\/08\/caso-baccara-seguranca-e-dono-do-local-sao-condenados-a-16-anos-de-prisao","og_site_name":"Litoral SP","article_published_time":"2023-11-08T18:22:09+00:00","og_image":[{"width":1000,"height":667,"url":"https:\/\/redenoticiaz.com.br\/litoralsp\/wp-content\/uploads\/sites\/3\/2023\/11\/vitor-e-sammy.jpg","type":"image\/jpeg"}],"author":"Gustavo Silva","twitter_card":"summary_large_image","twitter_misc":{"Escrito por":"Gustavo Silva","Est. tempo de leitura":"1 minuto"},"schema":{"@context":"https:\/\/schema.org","@graph":[{"@type":"Article","@id":"https:\/\/redenoticiaz.com.br\/litoralsp\/2023\/11\/08\/caso-baccara-seguranca-e-dono-do-local-sao-condenados-a-16-anos-de-prisao#article","isPartOf":{"@id":"https:\/\/redenoticiaz.com.br\/litoralsp\/2023\/11\/08\/caso-baccara-seguranca-e-dono-do-local-sao-condenados-a-16-anos-de-prisao"},"author":{"name":"Gustavo Silva","@id":"https:\/\/redenoticiaz.com.br\/litoralsp\/#\/schema\/person\/16057b37a3c0ee6b096d7f887c566e2e"},"headline":"Caso Baccar\u00e1: Seguran\u00e7a e dono do local s\u00e3o condenados a 16 anos de pris\u00e3o","datePublished":"2023-11-08T18:22:09+00:00","mainEntityOfPage":{"@id":"https:\/\/redenoticiaz.com.br\/litoralsp\/2023\/11\/08\/caso-baccara-seguranca-e-dono-do-local-sao-condenados-a-16-anos-de-prisao"},"wordCount":158,"commentCount":0,"publisher":{"@id":"https:\/\/redenoticiaz.com.br\/litoralsp\/#organization"},"image":{"@id":"https:\/\/redenoticiaz.com.br\/litoralsp\/2023\/11\/08\/caso-baccara-seguranca-e-dono-do-local-sao-condenados-a-16-anos-de-prisao#primaryimage"},"thumbnailUrl":"https:\/\/redenoticiaz.com.br\/litoralsp\/wp-content\/uploads\/sites\/3\/2023\/11\/vitor-e-sammy.jpg","keywords":["BACCAR\u00c1","Caso Baccar\u00e1","Lucas Martins de Paula","Santos"],"articleSection":["Pol\u00edcia","Santos"],"inLanguage":"pt-BR","potentialAction":[{"@type":"CommentAction","name":"Comment","target":["https:\/\/redenoticiaz.com.br\/litoralsp\/2023\/11\/08\/caso-baccara-seguranca-e-dono-do-local-sao-condenados-a-16-anos-de-prisao#respond"]}]},{"@type":"WebPage","@id":"https:\/\/redenoticiaz.com.br\/litoralsp\/2023\/11\/08\/caso-baccara-seguranca-e-dono-do-local-sao-condenados-a-16-anos-de-prisao","url":"https:\/\/redenoticiaz.com.br\/litoralsp\/2023\/11\/08\/caso-baccara-seguranca-e-dono-do-local-sao-condenados-a-16-anos-de-prisao","name":"Caso Baccar\u00e1: Seguran\u00e7a e dono do local s\u00e3o condenados a 16 anos de pris\u00e3o - Litoral SP","isPartOf":{"@id":"https:\/\/redenoticiaz.com.br\/litoralsp\/#website"},"primaryImageOfPage":{"@id":"https:\/\/redenoticiaz.com.br\/litoralsp\/2023\/11\/08\/caso-baccara-seguranca-e-dono-do-local-sao-condenados-a-16-anos-de-prisao#primaryimage"},"image":{"@id":"https:\/\/redenoticiaz.com.br\/litoralsp\/2023\/11\/08\/caso-baccara-seguranca-e-dono-do-local-sao-condenados-a-16-anos-de-prisao#primaryimage"},"thumbnailUrl":"https:\/\/redenoticiaz.com.br\/litoralsp\/wp-content\/uploads\/sites\/3\/2023\/11\/vitor-e-sammy.jpg","datePublished":"2023-11-08T18:22:09+00:00","description":"O Seguran\u00e7a e o dono do Baccar\u00e1 Bar e Backstage foram condenados a 16 anos de pris\u00e3opela morte de Lucas Martins de Paula em 2018.","inLanguage":"pt-BR","potentialAction":[{"@type":"ReadAction","target":["https:\/\/redenoticiaz.com.br\/litoralsp\/2023\/11\/08\/caso-baccara-seguranca-e-dono-do-local-sao-condenados-a-16-anos-de-prisao"]}]},{"@type":"ImageObject","inLanguage":"pt-BR","@id":"https:\/\/redenoticiaz.com.br\/litoralsp\/2023\/11\/08\/caso-baccara-seguranca-e-dono-do-local-sao-condenados-a-16-anos-de-prisao#primaryimage","url":"https:\/\/redenoticiaz.com.br\/litoralsp\/wp-content\/uploads\/sites\/3\/2023\/11\/vitor-e-sammy.jpg","contentUrl":"https:\/\/redenoticiaz.com.br\/litoralsp\/wp-content\/uploads\/sites\/3\/2023\/11\/vitor-e-sammy.jpg","width":1000,"height":667,"caption":"Caso Baccar\u00e1: Seguran\u00e7a e dono do local s\u00e3o condenados a 16 anos de pris\u00e3o"},{"@type":"WebSite","@id":"https:\/\/redenoticiaz.com.br\/litoralsp\/#website","url":"https:\/\/redenoticiaz.com.br\/litoralsp\/","name":"Litoral SP","description":"Rede NoticiaZ","publisher":{"@id":"https:\/\/redenoticiaz.com.br\/litoralsp\/#organization"},"potentialAction":[{"@type":"SearchAction","target":{"@type":"EntryPoint","urlTemplate":"https:\/\/redenoticiaz.com.br\/litoralsp\/?s={search_term_string}"},"query-input":{"@type":"PropertyValueSpecification","valueRequired":true,"valueName":"search_term_string"}}],"inLanguage":"pt-BR"},{"@type":"Organization","@id":"https:\/\/redenoticiaz.com.br\/litoralsp\/#organization","name":"Litoral SP","url":"https:\/\/redenoticiaz.com.br\/litoralsp\/","logo":{"@type":"ImageObject","inLanguage":"pt-BR","@id":"https:\/\/redenoticiaz.com.br\/litoralsp\/#\/schema\/logo\/image\/","url":"https:\/\/redenoticiaz.com.br\/litoralsp\/wp-content\/uploads\/sites\/3\/2020\/11\/logo.jpg","contentUrl":"https:\/\/redenoticiaz.com.br\/litoralsp\/wp-content\/uploads\/sites\/3\/2020\/11\/logo.jpg","width":400,"height":250,"caption":"Litoral SP"},"image":{"@id":"https:\/\/redenoticiaz.com.br\/litoralsp\/#\/schema\/logo\/image\/"}},{"@type":"Person","@id":"https:\/\/redenoticiaz.com.br\/litoralsp\/#\/schema\/person\/16057b37a3c0ee6b096d7f887c566e2e","name":"Gustavo Silva","image":{"@type":"ImageObject","inLanguage":"pt-BR","@id":"https:\/\/secure.gravatar.com\/avatar\/3ee4e82f93b26de0a7cf4ea5eb7893da637ed6bb0c9170c58065944c56e28a33?s=96&d=mm&r=g","url":"https:\/\/secure.gravatar.com\/avatar\/3ee4e82f93b26de0a7cf4ea5eb7893da637ed6bb0c9170c58065944c56e28a33?s=96&d=mm&r=g","contentUrl":"https:\/\/secure.gravatar.com\/avatar\/3ee4e82f93b26de0a7cf4ea5eb7893da637ed6bb0c9170c58065944c56e28a33?s=96&d=mm&r=g","caption":"Gustavo Silva"},"url":"https:\/\/redenoticiaz.com.br\/litoralsp\/author\/gustavosilva"}]}},"_links":{"self":[{"href":"https:\/\/redenoticiaz.com.br\/litoralsp\/wp-json\/wp\/v2\/posts\/111986","targetHints":{"allow":["GET"]}}],"collection":[{"href":"https:\/\/redenoticiaz.com.br\/litoralsp\/wp-json\/wp\/v2\/posts"}],"about":[{"href":"https:\/\/redenoticiaz.com.br\/litoralsp\/wp-json\/wp\/v2\/types\/post"}],"author":[{"embeddable":true,"href":"https:\/\/redenoticiaz.com.br\/litoralsp\/wp-json\/wp\/v2\/users\/12"}],"replies":[{"embeddable":true,"href":"https:\/\/redenoticiaz.com.br\/litoralsp\/wp-json\/wp\/v2\/comments?post=111986"}],"version-history":[{"count":1,"href":"https:\/\/redenoticiaz.com.br\/litoralsp\/wp-json\/wp\/v2\/posts\/111986\/revisions"}],"predecessor-version":[{"id":111988,"href":"https:\/\/redenoticiaz.com.br\/litoralsp\/wp-json\/wp\/v2\/posts\/111986\/revisions\/111988"}],"wp:featuredmedia":[{"embeddable":true,"href":"https:\/\/redenoticiaz.com.br\/litoralsp\/wp-json\/wp\/v2\/media\/111987"}],"wp:attachment":[{"href":"https:\/\/redenoticiaz.com.br\/litoralsp\/wp-json\/wp\/v2\/media?parent=111986"}],"wp:term":[{"taxonomy":"category","embeddable":true,"href":"https:\/\/redenoticiaz.com.br\/litoralsp\/wp-json\/wp\/v2\/categories?post=111986"},{"taxonomy":"post_tag","embeddable":true,"href":"https:\/\/redenoticiaz.com.br\/litoralsp\/wp-json\/wp\/v2\/tags?post=111986"}],"curies":[{"name":"wp","href":"https:\/\/api.w.org\/{rel}","templated":true}]}}