{"id":112100,"date":"2023-11-13T16:07:55","date_gmt":"2023-11-13T19:07:55","guid":{"rendered":"https:\/\/redenoticiaz.com.br\/litoralsp\/2023\/11\/13\/marido-de-ana-hickmann-alexandre-correa-confessa-agressao"},"modified":"2023-11-13T16:29:35","modified_gmt":"2023-11-13T19:29:35","slug":"marido-de-ana-hickmann-alexandre-correa-confessa-agressao","status":"publish","type":"post","link":"https:\/\/redenoticiaz.com.br\/litoralsp\/2023\/11\/13\/marido-de-ana-hickmann-alexandre-correa-confessa-agressao","title":{"rendered":"Marido de Ana Hickmann, Alexandre Correa confessa agress\u00e3o"},"content":{"rendered":"<p>Alexandre Corr\u00eaa, marido de Ana Hickmann, confessou ter agredido a apresentadora, resultando no registro de um boletim de ocorr\u00eancia por les\u00e3o corporal e viol\u00eancia dom\u00e9stica.<\/p>\n<p>Em entrevista ao Splash, Corr\u00eaa admitiu ter negado inicialmente os fatos, sentindo-se desesperado ao ver a not\u00edcia divulgada.<\/p>\n<p>Apesar de admitir alguns pontos da situa\u00e7\u00e3o, ele negou ter amea\u00e7ado Ana Hickmann com cabe\u00e7adas, afirmando que essa parte n\u00e3o procede. O futuro do casamento, segundo Corr\u00eaa, est\u00e1 nas m\u00e3os da apresentadora, deixando a decis\u00e3o a cargo dela.<\/p>\n<p>&#8220;Quando eu vi aquela nota, eu entrei em total desespero e neguei. Mentiu? Menti. Ponto. Ou eu omiti o fato? Omiti. Eu estava numa estrada, desesperado, desnorteado. Estava perdido. Falei: &#8216;meu Deus do c\u00e9u. Que coisa?&#8217; Desculpa o vocabul\u00e1rio: &#8216;que cagada que aconteceu. Por que eu n\u00e3o discuti, por que eu n\u00e3o me levantei da mesa, por que eu n\u00e3o fui para o canto, n\u00e3o fui tomar uma \u00e1gua? Porque eu n\u00e3o fui bater a cabe\u00e7a na parede. Sei l\u00e1. Mas j\u00e1 foi&#8221;, explicou ele ao Splash.<\/p>\n<h3>O CASO<\/h3>\n<p>A apresentadora Ana Hickmann registrou um boletim de ocorr\u00eancia contra o marido, Alexandre Correa, no \u00faltimo s\u00e1bado (11) por les\u00e3o corporal e viol\u00eancia dom\u00e9stica. O crime teria acontecido na casa do casal em um condom\u00ednio em Itu, S\u00e3o Paulo.<\/p>\n<p><b>LEIA MAIS<\/b><\/p>\n<p><b><a href=\"https:\/\/redenoticiaz.com.br\/blog\/2023\/11\/13\/video-leao-foge-de-circo-e-coloca-cidade-em-alerta\">V\u00cdDEO \u2013 Le\u00e3o foge de circo e coloca cidade em alerta<\/a><br \/>\n<\/b><\/p>\n<p><b><a href=\"https:\/\/redenoticiaz.com.br\/blog\/2023\/11\/13\/video-gerente-de-futebol-do-corinthians-tenta-invadir-cabine-do-var\">V\u00cdDEO \u2013 Gerente de futebol do Corinthians tenta invadir cabine do VAR<\/a><br \/>\n<\/b><\/p>\n<p>&nbsp;<\/p>\n","protected":false},"excerpt":{"rendered":"<p>Alexandre Corr\u00eaa, marido de Ana Hickmann, confessou ter agredido a apresentadora, resultando no registro de um boletim de ocorr\u00eancia por les\u00e3o corporal e viol\u00eancia dom\u00e9stica. Em entrevista ao Splash, Corr\u00eaa admitiu ter negado inicialmente os fatos, sentindo-se desesperado ao ver a not\u00edcia divulgada. Apesar de admitir alguns pontos da situa\u00e7\u00e3o, ele negou ter amea\u00e7ado Ana &hellip;<\/p>\n","protected":false},"author":30,"featured_media":112101,"comment_status":"open","ping_status":"closed","sticky":false,"template":"","format":"standard","meta":{"footnotes":""},"categories":[60954,10],"tags":[1544,67570,67571],"class_list":["post-112100","post","type-post","status-publish","format-standard","has-post-thumbnail","hentry","category-celebridades","category-policia","tag-agressao","tag-alexandre-correa","tag-ana-hickmann"],"yoast_head":"<!-- This site is optimized with the Yoast SEO plugin v27.4 - https:\/\/yoast.com\/product\/yoast-seo-wordpress\/ -->\n<title>Marido de Ana Hickmann, Alexandre Correa confessa agress\u00e3o - Litoral SP<\/title>\n<meta name=\"description\" content=\"Alexandre Corr\u00eaa, confessou ter agredido a apresentadora Ana Hickmann, que registro de um boletim de ocorr\u00eancia por les\u00e3o corporal.\" \/>\n<meta name=\"robots\" content=\"index, follow, max-snippet:-1, max-image-preview:large, max-video-preview:-1\" \/>\n<link rel=\"canonical\" href=\"https:\/\/redenoticiaz.com.br\/litoralsp\/2023\/11\/13\/marido-de-ana-hickmann-alexandre-correa-confessa-agressao\" \/>\n<meta property=\"og:locale\" content=\"pt_BR\" \/>\n<meta property=\"og:type\" content=\"article\" \/>\n<meta property=\"og:title\" content=\"Marido de Ana Hickmann, Alexandre Correa confessa agress\u00e3o - Litoral SP\" \/>\n<meta property=\"og:description\" content=\"Alexandre Corr\u00eaa, confessou ter agredido a apresentadora Ana Hickmann, que registro de um boletim de ocorr\u00eancia por les\u00e3o corporal.\" \/>\n<meta property=\"og:url\" content=\"https:\/\/redenoticiaz.com.br\/litoralsp\/2023\/11\/13\/marido-de-ana-hickmann-alexandre-correa-confessa-agressao\" \/>\n<meta property=\"og:site_name\" content=\"Litoral SP\" \/>\n<meta property=\"article:published_time\" content=\"2023-11-13T19:07:55+00:00\" \/>\n<meta property=\"article:modified_time\" content=\"2023-11-13T19:29:35+00:00\" \/>\n<meta property=\"og:image\" content=\"https:\/\/redenoticiaz.com.br\/litoralsp\/wp-content\/uploads\/sites\/3\/2023\/11\/Captura-de-tela-2023-11-13-155447.jpg?v=1699902439\" \/>\n\t<meta property=\"og:image:width\" content=\"515\" \/>\n\t<meta property=\"og:image:height\" content=\"384\" \/>\n\t<meta property=\"og:image:type\" content=\"image\/jpeg\" \/>\n<meta name=\"author\" content=\"Carina Reifonas\" \/>\n<meta name=\"twitter:card\" content=\"summary_large_image\" \/>\n<meta name=\"twitter:label1\" content=\"Escrito por\" \/>\n\t<meta name=\"twitter:data1\" content=\"Carina Reifonas\" \/>\n\t<meta name=\"twitter:label2\" content=\"Est. tempo de leitura\" \/>\n\t<meta name=\"twitter:data2\" content=\"2 minutos\" \/>\n<script type=\"application\/ld+json\" class=\"yoast-schema-graph\">{\"@context\":\"https:\\\/\\\/schema.org\",\"@graph\":[{\"@type\":\"Article\",\"@id\":\"https:\\\/\\\/redenoticiaz.com.br\\\/litoralsp\\\/2023\\\/11\\\/13\\\/marido-de-ana-hickmann-alexandre-correa-confessa-agressao#article\",\"isPartOf\":{\"@id\":\"https:\\\/\\\/redenoticiaz.com.br\\\/litoralsp\\\/2023\\\/11\\\/13\\\/marido-de-ana-hickmann-alexandre-correa-confessa-agressao\"},\"author\":{\"name\":\"Carina Reifonas\",\"@id\":\"https:\\\/\\\/redenoticiaz.com.br\\\/litoralsp\\\/#\\\/schema\\\/person\\\/1f84d6e94e6a62d2d81199d7503e9e90\"},\"headline\":\"Marido de Ana Hickmann, Alexandre Correa confessa agress\u00e3o\",\"datePublished\":\"2023-11-13T19:07:55+00:00\",\"dateModified\":\"2023-11-13T19:29:35+00:00\",\"mainEntityOfPage\":{\"@id\":\"https:\\\/\\\/redenoticiaz.com.br\\\/litoralsp\\\/2023\\\/11\\\/13\\\/marido-de-ana-hickmann-alexandre-correa-confessa-agressao\"},\"wordCount\":273,\"commentCount\":0,\"publisher\":{\"@id\":\"https:\\\/\\\/redenoticiaz.com.br\\\/litoralsp\\\/#organization\"},\"image\":{\"@id\":\"https:\\\/\\\/redenoticiaz.com.br\\\/litoralsp\\\/2023\\\/11\\\/13\\\/marido-de-ana-hickmann-alexandre-correa-confessa-agressao#primaryimage\"},\"thumbnailUrl\":\"https:\\\/\\\/redenoticiaz.com.br\\\/litoralsp\\\/wp-content\\\/uploads\\\/sites\\\/3\\\/2023\\\/11\\\/Captura-de-tela-2023-11-13-155447.jpg?v=1699902439\",\"keywords\":[\"AGRESS\u00c3O\",\"alexandre correa\",\"Ana Hickmann\"],\"articleSection\":[\"Celebridades\",\"Pol\u00edcia\"],\"inLanguage\":\"pt-BR\",\"potentialAction\":[{\"@type\":\"CommentAction\",\"name\":\"Comment\",\"target\":[\"https:\\\/\\\/redenoticiaz.com.br\\\/litoralsp\\\/2023\\\/11\\\/13\\\/marido-de-ana-hickmann-alexandre-correa-confessa-agressao#respond\"]}]},{\"@type\":\"WebPage\",\"@id\":\"https:\\\/\\\/redenoticiaz.com.br\\\/litoralsp\\\/2023\\\/11\\\/13\\\/marido-de-ana-hickmann-alexandre-correa-confessa-agressao\",\"url\":\"https:\\\/\\\/redenoticiaz.com.br\\\/litoralsp\\\/2023\\\/11\\\/13\\\/marido-de-ana-hickmann-alexandre-correa-confessa-agressao\",\"name\":\"Marido de Ana Hickmann, Alexandre Correa confessa agress\u00e3o - Litoral SP\",\"isPartOf\":{\"@id\":\"https:\\\/\\\/redenoticiaz.com.br\\\/litoralsp\\\/#website\"},\"primaryImageOfPage\":{\"@id\":\"https:\\\/\\\/redenoticiaz.com.br\\\/litoralsp\\\/2023\\\/11\\\/13\\\/marido-de-ana-hickmann-alexandre-correa-confessa-agressao#primaryimage\"},\"image\":{\"@id\":\"https:\\\/\\\/redenoticiaz.com.br\\\/litoralsp\\\/2023\\\/11\\\/13\\\/marido-de-ana-hickmann-alexandre-correa-confessa-agressao#primaryimage\"},\"thumbnailUrl\":\"https:\\\/\\\/redenoticiaz.com.br\\\/litoralsp\\\/wp-content\\\/uploads\\\/sites\\\/3\\\/2023\\\/11\\\/Captura-de-tela-2023-11-13-155447.jpg?v=1699902439\",\"datePublished\":\"2023-11-13T19:07:55+00:00\",\"dateModified\":\"2023-11-13T19:29:35+00:00\",\"description\":\"Alexandre Corr\u00eaa, confessou ter agredido a apresentadora Ana Hickmann, que registro de um boletim de ocorr\u00eancia por les\u00e3o corporal.\",\"inLanguage\":\"pt-BR\",\"potentialAction\":[{\"@type\":\"ReadAction\",\"target\":[\"https:\\\/\\\/redenoticiaz.com.br\\\/litoralsp\\\/2023\\\/11\\\/13\\\/marido-de-ana-hickmann-alexandre-correa-confessa-agressao\"]}]},{\"@type\":\"ImageObject\",\"inLanguage\":\"pt-BR\",\"@id\":\"https:\\\/\\\/redenoticiaz.com.br\\\/litoralsp\\\/2023\\\/11\\\/13\\\/marido-de-ana-hickmann-alexandre-correa-confessa-agressao#primaryimage\",\"url\":\"https:\\\/\\\/redenoticiaz.com.br\\\/litoralsp\\\/wp-content\\\/uploads\\\/sites\\\/3\\\/2023\\\/11\\\/Captura-de-tela-2023-11-13-155447.jpg?v=1699902439\",\"contentUrl\":\"https:\\\/\\\/redenoticiaz.com.br\\\/litoralsp\\\/wp-content\\\/uploads\\\/sites\\\/3\\\/2023\\\/11\\\/Captura-de-tela-2023-11-13-155447.jpg?v=1699902439\",\"width\":515,\"height\":384,\"caption\":\"Marido de Ana Hickmann, Alexandre Correa confessa agress\u00e3o\"},{\"@type\":\"WebSite\",\"@id\":\"https:\\\/\\\/redenoticiaz.com.br\\\/litoralsp\\\/#website\",\"url\":\"https:\\\/\\\/redenoticiaz.com.br\\\/litoralsp\\\/\",\"name\":\"Litoral SP\",\"description\":\"Rede NoticiaZ\",\"publisher\":{\"@id\":\"https:\\\/\\\/redenoticiaz.com.br\\\/litoralsp\\\/#organization\"},\"potentialAction\":[{\"@type\":\"SearchAction\",\"target\":{\"@type\":\"EntryPoint\",\"urlTemplate\":\"https:\\\/\\\/redenoticiaz.com.br\\\/litoralsp\\\/?s={search_term_string}\"},\"query-input\":{\"@type\":\"PropertyValueSpecification\",\"valueRequired\":true,\"valueName\":\"search_term_string\"}}],\"inLanguage\":\"pt-BR\"},{\"@type\":\"Organization\",\"@id\":\"https:\\\/\\\/redenoticiaz.com.br\\\/litoralsp\\\/#organization\",\"name\":\"Litoral SP\",\"url\":\"https:\\\/\\\/redenoticiaz.com.br\\\/litoralsp\\\/\",\"logo\":{\"@type\":\"ImageObject\",\"inLanguage\":\"pt-BR\",\"@id\":\"https:\\\/\\\/redenoticiaz.com.br\\\/litoralsp\\\/#\\\/schema\\\/logo\\\/image\\\/\",\"url\":\"https:\\\/\\\/redenoticiaz.com.br\\\/litoralsp\\\/wp-content\\\/uploads\\\/sites\\\/3\\\/2020\\\/11\\\/logo.jpg\",\"contentUrl\":\"https:\\\/\\\/redenoticiaz.com.br\\\/litoralsp\\\/wp-content\\\/uploads\\\/sites\\\/3\\\/2020\\\/11\\\/logo.jpg\",\"width\":400,\"height\":250,\"caption\":\"Litoral SP\"},\"image\":{\"@id\":\"https:\\\/\\\/redenoticiaz.com.br\\\/litoralsp\\\/#\\\/schema\\\/logo\\\/image\\\/\"}},{\"@type\":\"Person\",\"@id\":\"https:\\\/\\\/redenoticiaz.com.br\\\/litoralsp\\\/#\\\/schema\\\/person\\\/1f84d6e94e6a62d2d81199d7503e9e90\",\"name\":\"Carina Reifonas\",\"image\":{\"@type\":\"ImageObject\",\"inLanguage\":\"pt-BR\",\"@id\":\"https:\\\/\\\/secure.gravatar.com\\\/avatar\\\/04c59859b23696cf867715880f81d5c037e60109730bdb4e6670ec2a2245bc97?s=96&d=mm&r=g\",\"url\":\"https:\\\/\\\/secure.gravatar.com\\\/avatar\\\/04c59859b23696cf867715880f81d5c037e60109730bdb4e6670ec2a2245bc97?s=96&d=mm&r=g\",\"contentUrl\":\"https:\\\/\\\/secure.gravatar.com\\\/avatar\\\/04c59859b23696cf867715880f81d5c037e60109730bdb4e6670ec2a2245bc97?s=96&d=mm&r=g\",\"caption\":\"Carina Reifonas\"},\"url\":\"https:\\\/\\\/redenoticiaz.com.br\\\/litoralsp\\\/author\\\/carinareifonas\"}]}<\/script>\n<!-- \/ Yoast SEO plugin. -->","yoast_head_json":{"title":"Marido de Ana Hickmann, Alexandre Correa confessa agress\u00e3o - Litoral SP","description":"Alexandre Corr\u00eaa, confessou ter agredido a apresentadora Ana Hickmann, que registro de um boletim de ocorr\u00eancia por les\u00e3o corporal.","robots":{"index":"index","follow":"follow","max-snippet":"max-snippet:-1","max-image-preview":"max-image-preview:large","max-video-preview":"max-video-preview:-1"},"canonical":"https:\/\/redenoticiaz.com.br\/litoralsp\/2023\/11\/13\/marido-de-ana-hickmann-alexandre-correa-confessa-agressao","og_locale":"pt_BR","og_type":"article","og_title":"Marido de Ana Hickmann, Alexandre Correa confessa agress\u00e3o - Litoral SP","og_description":"Alexandre Corr\u00eaa, confessou ter agredido a apresentadora Ana Hickmann, que registro de um boletim de ocorr\u00eancia por les\u00e3o corporal.","og_url":"https:\/\/redenoticiaz.com.br\/litoralsp\/2023\/11\/13\/marido-de-ana-hickmann-alexandre-correa-confessa-agressao","og_site_name":"Litoral SP","article_published_time":"2023-11-13T19:07:55+00:00","article_modified_time":"2023-11-13T19:29:35+00:00","og_image":[{"width":515,"height":384,"url":"https:\/\/redenoticiaz.com.br\/litoralsp\/wp-content\/uploads\/sites\/3\/2023\/11\/Captura-de-tela-2023-11-13-155447.jpg?v=1699902439","type":"image\/jpeg"}],"author":"Carina Reifonas","twitter_card":"summary_large_image","twitter_misc":{"Escrito por":"Carina Reifonas","Est. tempo de leitura":"2 minutos"},"schema":{"@context":"https:\/\/schema.org","@graph":[{"@type":"Article","@id":"https:\/\/redenoticiaz.com.br\/litoralsp\/2023\/11\/13\/marido-de-ana-hickmann-alexandre-correa-confessa-agressao#article","isPartOf":{"@id":"https:\/\/redenoticiaz.com.br\/litoralsp\/2023\/11\/13\/marido-de-ana-hickmann-alexandre-correa-confessa-agressao"},"author":{"name":"Carina Reifonas","@id":"https:\/\/redenoticiaz.com.br\/litoralsp\/#\/schema\/person\/1f84d6e94e6a62d2d81199d7503e9e90"},"headline":"Marido de Ana Hickmann, Alexandre Correa confessa agress\u00e3o","datePublished":"2023-11-13T19:07:55+00:00","dateModified":"2023-11-13T19:29:35+00:00","mainEntityOfPage":{"@id":"https:\/\/redenoticiaz.com.br\/litoralsp\/2023\/11\/13\/marido-de-ana-hickmann-alexandre-correa-confessa-agressao"},"wordCount":273,"commentCount":0,"publisher":{"@id":"https:\/\/redenoticiaz.com.br\/litoralsp\/#organization"},"image":{"@id":"https:\/\/redenoticiaz.com.br\/litoralsp\/2023\/11\/13\/marido-de-ana-hickmann-alexandre-correa-confessa-agressao#primaryimage"},"thumbnailUrl":"https:\/\/redenoticiaz.com.br\/litoralsp\/wp-content\/uploads\/sites\/3\/2023\/11\/Captura-de-tela-2023-11-13-155447.jpg?v=1699902439","keywords":["AGRESS\u00c3O","alexandre correa","Ana Hickmann"],"articleSection":["Celebridades","Pol\u00edcia"],"inLanguage":"pt-BR","potentialAction":[{"@type":"CommentAction","name":"Comment","target":["https:\/\/redenoticiaz.com.br\/litoralsp\/2023\/11\/13\/marido-de-ana-hickmann-alexandre-correa-confessa-agressao#respond"]}]},{"@type":"WebPage","@id":"https:\/\/redenoticiaz.com.br\/litoralsp\/2023\/11\/13\/marido-de-ana-hickmann-alexandre-correa-confessa-agressao","url":"https:\/\/redenoticiaz.com.br\/litoralsp\/2023\/11\/13\/marido-de-ana-hickmann-alexandre-correa-confessa-agressao","name":"Marido de Ana Hickmann, Alexandre Correa confessa agress\u00e3o - Litoral SP","isPartOf":{"@id":"https:\/\/redenoticiaz.com.br\/litoralsp\/#website"},"primaryImageOfPage":{"@id":"https:\/\/redenoticiaz.com.br\/litoralsp\/2023\/11\/13\/marido-de-ana-hickmann-alexandre-correa-confessa-agressao#primaryimage"},"image":{"@id":"https:\/\/redenoticiaz.com.br\/litoralsp\/2023\/11\/13\/marido-de-ana-hickmann-alexandre-correa-confessa-agressao#primaryimage"},"thumbnailUrl":"https:\/\/redenoticiaz.com.br\/litoralsp\/wp-content\/uploads\/sites\/3\/2023\/11\/Captura-de-tela-2023-11-13-155447.jpg?v=1699902439","datePublished":"2023-11-13T19:07:55+00:00","dateModified":"2023-11-13T19:29:35+00:00","description":"Alexandre Corr\u00eaa, confessou ter agredido a apresentadora Ana Hickmann, que registro de um boletim de ocorr\u00eancia por les\u00e3o corporal.","inLanguage":"pt-BR","potentialAction":[{"@type":"ReadAction","target":["https:\/\/redenoticiaz.com.br\/litoralsp\/2023\/11\/13\/marido-de-ana-hickmann-alexandre-correa-confessa-agressao"]}]},{"@type":"ImageObject","inLanguage":"pt-BR","@id":"https:\/\/redenoticiaz.com.br\/litoralsp\/2023\/11\/13\/marido-de-ana-hickmann-alexandre-correa-confessa-agressao#primaryimage","url":"https:\/\/redenoticiaz.com.br\/litoralsp\/wp-content\/uploads\/sites\/3\/2023\/11\/Captura-de-tela-2023-11-13-155447.jpg?v=1699902439","contentUrl":"https:\/\/redenoticiaz.com.br\/litoralsp\/wp-content\/uploads\/sites\/3\/2023\/11\/Captura-de-tela-2023-11-13-155447.jpg?v=1699902439","width":515,"height":384,"caption":"Marido de Ana Hickmann, Alexandre Correa confessa agress\u00e3o"},{"@type":"WebSite","@id":"https:\/\/redenoticiaz.com.br\/litoralsp\/#website","url":"https:\/\/redenoticiaz.com.br\/litoralsp\/","name":"Litoral SP","description":"Rede NoticiaZ","publisher":{"@id":"https:\/\/redenoticiaz.com.br\/litoralsp\/#organization"},"potentialAction":[{"@type":"SearchAction","target":{"@type":"EntryPoint","urlTemplate":"https:\/\/redenoticiaz.com.br\/litoralsp\/?s={search_term_string}"},"query-input":{"@type":"PropertyValueSpecification","valueRequired":true,"valueName":"search_term_string"}}],"inLanguage":"pt-BR"},{"@type":"Organization","@id":"https:\/\/redenoticiaz.com.br\/litoralsp\/#organization","name":"Litoral SP","url":"https:\/\/redenoticiaz.com.br\/litoralsp\/","logo":{"@type":"ImageObject","inLanguage":"pt-BR","@id":"https:\/\/redenoticiaz.com.br\/litoralsp\/#\/schema\/logo\/image\/","url":"https:\/\/redenoticiaz.com.br\/litoralsp\/wp-content\/uploads\/sites\/3\/2020\/11\/logo.jpg","contentUrl":"https:\/\/redenoticiaz.com.br\/litoralsp\/wp-content\/uploads\/sites\/3\/2020\/11\/logo.jpg","width":400,"height":250,"caption":"Litoral SP"},"image":{"@id":"https:\/\/redenoticiaz.com.br\/litoralsp\/#\/schema\/logo\/image\/"}},{"@type":"Person","@id":"https:\/\/redenoticiaz.com.br\/litoralsp\/#\/schema\/person\/1f84d6e94e6a62d2d81199d7503e9e90","name":"Carina Reifonas","image":{"@type":"ImageObject","inLanguage":"pt-BR","@id":"https:\/\/secure.gravatar.com\/avatar\/04c59859b23696cf867715880f81d5c037e60109730bdb4e6670ec2a2245bc97?s=96&d=mm&r=g","url":"https:\/\/secure.gravatar.com\/avatar\/04c59859b23696cf867715880f81d5c037e60109730bdb4e6670ec2a2245bc97?s=96&d=mm&r=g","contentUrl":"https:\/\/secure.gravatar.com\/avatar\/04c59859b23696cf867715880f81d5c037e60109730bdb4e6670ec2a2245bc97?s=96&d=mm&r=g","caption":"Carina Reifonas"},"url":"https:\/\/redenoticiaz.com.br\/litoralsp\/author\/carinareifonas"}]}},"_links":{"self":[{"href":"https:\/\/redenoticiaz.com.br\/litoralsp\/wp-json\/wp\/v2\/posts\/112100","targetHints":{"allow":["GET"]}}],"collection":[{"href":"https:\/\/redenoticiaz.com.br\/litoralsp\/wp-json\/wp\/v2\/posts"}],"about":[{"href":"https:\/\/redenoticiaz.com.br\/litoralsp\/wp-json\/wp\/v2\/types\/post"}],"author":[{"embeddable":true,"href":"https:\/\/redenoticiaz.com.br\/litoralsp\/wp-json\/wp\/v2\/users\/30"}],"replies":[{"embeddable":true,"href":"https:\/\/redenoticiaz.com.br\/litoralsp\/wp-json\/wp\/v2\/comments?post=112100"}],"version-history":[{"count":0,"href":"https:\/\/redenoticiaz.com.br\/litoralsp\/wp-json\/wp\/v2\/posts\/112100\/revisions"}],"wp:featuredmedia":[{"embeddable":true,"href":"https:\/\/redenoticiaz.com.br\/litoralsp\/wp-json\/wp\/v2\/media\/112101"}],"wp:attachment":[{"href":"https:\/\/redenoticiaz.com.br\/litoralsp\/wp-json\/wp\/v2\/media?parent=112100"}],"wp:term":[{"taxonomy":"category","embeddable":true,"href":"https:\/\/redenoticiaz.com.br\/litoralsp\/wp-json\/wp\/v2\/categories?post=112100"},{"taxonomy":"post_tag","embeddable":true,"href":"https:\/\/redenoticiaz.com.br\/litoralsp\/wp-json\/wp\/v2\/tags?post=112100"}],"curies":[{"name":"wp","href":"https:\/\/api.w.org\/{rel}","templated":true}]}}