{"id":112151,"date":"2023-11-15T18:38:20","date_gmt":"2023-11-15T21:38:20","guid":{"rendered":"https:\/\/redenoticiaz.com.br\/litoralsp\/2023\/11\/15\/video-ana-hickmann-aparece-pela-primeira-vez-apos-agressao-do-marido"},"modified":"2023-11-15T18:40:35","modified_gmt":"2023-11-15T21:40:35","slug":"video-ana-hickmann-aparece-pela-primeira-vez-apos-agressao-do-marido","status":"publish","type":"post","link":"https:\/\/redenoticiaz.com.br\/litoralsp\/2023\/11\/15\/video-ana-hickmann-aparece-pela-primeira-vez-apos-agressao-do-marido","title":{"rendered":"V\u00cdDEO \u2013 Ana Hickmann aparece pela primeira vez ap\u00f3s agress\u00e3o do marido"},"content":{"rendered":"<p>A apresentadora Ana Hickmann aparece pela primeira vez ap\u00f3s agress\u00e3o do marido e reservou o momento para agradecer o apoio e afirmou que ir\u00e1 lutar pelas suas empresas e fam\u00edlia.<\/p>\n<p>De acordo com as informa\u00e7\u00f5es, Hickmann divulgou dois v\u00eddeos em seu Instagram afirmando que deixou de usar as redes sociais nos \u00faltimos dias.<\/p>\n<blockquote><p>&#8220;Sempre fui uma pessoa feliz, batalhadora, guerreira, e n\u00e3o \u00e9 agora que vou parar. Tem coisa que acontece na nossa vida que faz a gente ficar mais forte. Sou mulher, m\u00e3e, e isso nunca vai mudar. Tenho muito orgulho.\u00a0<span class=\"highlight highlighted\">Vou lutar pela minha vida, pelo meu filho, pelos meus neg\u00f3cios, e todos aqueles que me amam de verdade<\/span>&#8230; estava precisando desse espa\u00e7o&#8221;<\/p><\/blockquote>\n<div class=\"wp-playlist wp-video-playlist wp-playlist-light\">\n\t\t<video controls=\"controls\" preload=\"none\" width=\"640\"\n\t\t height=\"1138\"\t><\/video>\n\t<div class=\"wp-playlist-next\"><\/div>\n\t<div class=\"wp-playlist-prev\"><\/div>\n\t<noscript>\n\t<ol>\n\t\t<li><a href='https:\/\/redenoticiaz.com.br\/litoralsp\/wp-content\/uploads\/sites\/3\/2023\/11\/WhatsApp-Video-2023-11-15-at-18.12.58.mp4'>WhatsApp Video 2023-11-15 at 18.12.58<\/a><\/li><li><a href='https:\/\/redenoticiaz.com.br\/litoralsp\/wp-content\/uploads\/sites\/3\/2023\/11\/WhatsApp-Video-2023-11-15-at-18.12.55.mp4'>WhatsApp Video 2023-11-15 at 18.12.55<\/a><\/li>\t<\/ol>\n\t<\/noscript>\n\t<script type=\"application\/json\" class=\"wp-playlist-script\">{\"type\":\"video\",\"tracklist\":true,\"tracknumbers\":true,\"images\":true,\"artists\":true,\"tracks\":[{\"src\":\"https:\/\/redenoticiaz.com.br\/litoralsp\/wp-content\/uploads\/sites\/3\/2023\/11\/WhatsApp-Video-2023-11-15-at-18.12.58.mp4\",\"type\":\"video\/mp4\",\"title\":\"WhatsApp Video 2023-11-15 at 18.12.58\",\"caption\":\"\",\"description\":\"\",\"meta\":{\"length_formatted\":\"0:51\"},\"dimensions\":{\"original\":{\"width\":720,\"height\":1280},\"resized\":{\"width\":640,\"height\":1138}},\"image\":{\"src\":\"https:\/\/redenoticiaz.com.br\/litoralsp\/wp-includes\/images\/media\/video.svg\",\"width\":48,\"height\":64},\"thumb\":{\"src\":\"https:\/\/redenoticiaz.com.br\/litoralsp\/wp-includes\/images\/media\/video.svg\",\"width\":48,\"height\":64}},{\"src\":\"https:\/\/redenoticiaz.com.br\/litoralsp\/wp-content\/uploads\/sites\/3\/2023\/11\/WhatsApp-Video-2023-11-15-at-18.12.55.mp4\",\"type\":\"video\/mp4\",\"title\":\"WhatsApp Video 2023-11-15 at 18.12.55\",\"caption\":\"\",\"description\":\"\",\"meta\":{\"length_formatted\":\"1:00\"},\"dimensions\":{\"original\":{\"width\":720,\"height\":1280},\"resized\":{\"width\":640,\"height\":1138}},\"image\":{\"src\":\"https:\/\/redenoticiaz.com.br\/litoralsp\/wp-includes\/images\/media\/video.svg\",\"width\":48,\"height\":64},\"thumb\":{\"src\":\"https:\/\/redenoticiaz.com.br\/litoralsp\/wp-includes\/images\/media\/video.svg\",\"width\":48,\"height\":64}}]}<\/script>\n<\/div>\n\t\n<h2>O caso<\/h2>\n<p>A apresentadora Ana Hickmann relatou cabe\u00e7adas e amea\u00e7as do marido a Pol\u00edcia.<\/p>\n<p>De acordo com as informa\u00e7\u00f5es, no boletim de ocorr\u00eancia \u00e9 descrito que uma discuss\u00e3o teria come\u00e7ado por volta de 15h30, e Alexandre Correa teria partido para cima de Hickmann na cozinha.<\/p>\n<p>Ainda de acordo com as informa\u00e7\u00f5es, a apresentadora relatou ter sido atingida na cabe\u00e7a e pressionada contra a parede por ele.<\/p>\n<p>Sendo assim, o epis\u00f3dio teria sido presenciado at\u00e9 mesmo pelo filho de Ana Hickmann e Alexandre Correa, de apenas nove anos de idade.<\/p>\n<p><strong>Leia mais<\/strong><\/p>\n<p><a href=\"https:\/\/redenoticiaz.com.br\/blog\/2023\/11\/12\/ana-hickmann-relatou-cabecadas-e-ameacas-do-marido-a-policia\">Ana Hickmann relatou cabe\u00e7adas e amea\u00e7as do marido a Pol\u00edcia<\/a><\/p>\n<p><a href=\"https:\/\/redenoticiaz.com.br\/blog\/2023\/11\/13\/marido-de-ana-hickmann-alexandre-correa-confessa-agressao\">Marido de Ana Hickmann, Alexandre Correa confessa agress\u00e3o<\/a><\/p>\n","protected":false},"excerpt":{"rendered":"<p>A apresentadora Ana Hickmann aparece pela primeira vez ap\u00f3s agress\u00e3o do marido e reservou o momento para agradecer o apoio e afirmou que ir\u00e1 lutar pelas suas empresas e fam\u00edlia. De acordo com as informa\u00e7\u00f5es, Hickmann divulgou dois v\u00eddeos em seu Instagram afirmando que deixou de usar as redes sociais nos \u00faltimos dias. &#8220;Sempre fui &hellip;<\/p>\n","protected":false},"author":12,"featured_media":112152,"comment_status":"open","ping_status":"closed","sticky":false,"template":"","format":"standard","meta":{"footnotes":""},"categories":[60954,170],"tags":[1544,67570,67571],"class_list":["post-112151","post","type-post","status-publish","format-standard","has-post-thumbnail","hentry","category-celebridades","category-entretenimento","tag-agressao","tag-alexandre-correa","tag-ana-hickmann"],"yoast_head":"<!-- This site is optimized with the Yoast SEO plugin v27.4 - https:\/\/yoast.com\/product\/yoast-seo-wordpress\/ -->\n<title>V\u00cdDEO \u2013 Ana Hickmann aparece pela primeira vez ap\u00f3s agress\u00e3o do marido - Litoral SP<\/title>\n<meta name=\"description\" content=\"A apresentadora Ana Hickmann aparece pela primeira vez ap\u00f3s agress\u00e3o do marido e reservou o momento para agradecer o apoio e afirmou que ir\u00e1 lutar pelas suas empresas e fam\u00edlia.\" \/>\n<meta name=\"robots\" content=\"index, follow, max-snippet:-1, max-image-preview:large, max-video-preview:-1\" \/>\n<link rel=\"canonical\" href=\"https:\/\/redenoticiaz.com.br\/litoralsp\/2023\/11\/15\/video-ana-hickmann-aparece-pela-primeira-vez-apos-agressao-do-marido\" \/>\n<meta property=\"og:locale\" content=\"pt_BR\" \/>\n<meta property=\"og:type\" content=\"article\" \/>\n<meta property=\"og:title\" content=\"V\u00cdDEO \u2013 Ana Hickmann aparece pela primeira vez ap\u00f3s agress\u00e3o do marido - Litoral SP\" \/>\n<meta property=\"og:description\" content=\"A apresentadora Ana Hickmann aparece pela primeira vez ap\u00f3s agress\u00e3o do marido e reservou o momento para agradecer o apoio e afirmou que ir\u00e1 lutar pelas suas empresas e fam\u00edlia.\" \/>\n<meta property=\"og:url\" content=\"https:\/\/redenoticiaz.com.br\/litoralsp\/2023\/11\/15\/video-ana-hickmann-aparece-pela-primeira-vez-apos-agressao-do-marido\" \/>\n<meta property=\"og:site_name\" content=\"Litoral SP\" \/>\n<meta property=\"article:published_time\" content=\"2023-11-15T21:38:20+00:00\" \/>\n<meta property=\"article:modified_time\" content=\"2023-11-15T21:40:35+00:00\" \/>\n<meta property=\"og:image\" content=\"https:\/\/redenoticiaz.com.br\/litoralsp\/wp-content\/uploads\/sites\/3\/2023\/11\/ana-hickmann-1.jpg?v=1700084285\" \/>\n\t<meta property=\"og:image:width\" content=\"984\" \/>\n\t<meta property=\"og:image:height\" content=\"620\" \/>\n\t<meta property=\"og:image:type\" content=\"image\/jpeg\" \/>\n<meta name=\"author\" content=\"Gustavo Silva\" \/>\n<meta name=\"twitter:card\" content=\"summary_large_image\" \/>\n<meta name=\"twitter:label1\" content=\"Escrito por\" \/>\n\t<meta name=\"twitter:data1\" content=\"Gustavo Silva\" \/>\n\t<meta name=\"twitter:label2\" content=\"Est. tempo de leitura\" \/>\n\t<meta name=\"twitter:data2\" content=\"1 minuto\" \/>\n<script type=\"application\/ld+json\" class=\"yoast-schema-graph\">{\"@context\":\"https:\\\/\\\/schema.org\",\"@graph\":[{\"@type\":\"Article\",\"@id\":\"https:\\\/\\\/redenoticiaz.com.br\\\/litoralsp\\\/2023\\\/11\\\/15\\\/video-ana-hickmann-aparece-pela-primeira-vez-apos-agressao-do-marido#article\",\"isPartOf\":{\"@id\":\"https:\\\/\\\/redenoticiaz.com.br\\\/litoralsp\\\/2023\\\/11\\\/15\\\/video-ana-hickmann-aparece-pela-primeira-vez-apos-agressao-do-marido\"},\"author\":{\"name\":\"Gustavo Silva\",\"@id\":\"https:\\\/\\\/redenoticiaz.com.br\\\/litoralsp\\\/#\\\/schema\\\/person\\\/16057b37a3c0ee6b096d7f887c566e2e\"},\"headline\":\"V\u00cdDEO \u2013 Ana Hickmann aparece pela primeira vez ap\u00f3s agress\u00e3o do marido\",\"datePublished\":\"2023-11-15T21:38:20+00:00\",\"dateModified\":\"2023-11-15T21:40:35+00:00\",\"mainEntityOfPage\":{\"@id\":\"https:\\\/\\\/redenoticiaz.com.br\\\/litoralsp\\\/2023\\\/11\\\/15\\\/video-ana-hickmann-aparece-pela-primeira-vez-apos-agressao-do-marido\"},\"wordCount\":263,\"commentCount\":0,\"publisher\":{\"@id\":\"https:\\\/\\\/redenoticiaz.com.br\\\/litoralsp\\\/#organization\"},\"image\":{\"@id\":\"https:\\\/\\\/redenoticiaz.com.br\\\/litoralsp\\\/2023\\\/11\\\/15\\\/video-ana-hickmann-aparece-pela-primeira-vez-apos-agressao-do-marido#primaryimage\"},\"thumbnailUrl\":\"https:\\\/\\\/redenoticiaz.com.br\\\/litoralsp\\\/wp-content\\\/uploads\\\/sites\\\/3\\\/2023\\\/11\\\/ana-hickmann-1.jpg?v=1700084285\",\"keywords\":[\"AGRESS\u00c3O\",\"alexandre correa\",\"Ana Hickmann\"],\"articleSection\":[\"Celebridades\",\"Entretenimento\"],\"inLanguage\":\"pt-BR\",\"potentialAction\":[{\"@type\":\"CommentAction\",\"name\":\"Comment\",\"target\":[\"https:\\\/\\\/redenoticiaz.com.br\\\/litoralsp\\\/2023\\\/11\\\/15\\\/video-ana-hickmann-aparece-pela-primeira-vez-apos-agressao-do-marido#respond\"]}]},{\"@type\":\"WebPage\",\"@id\":\"https:\\\/\\\/redenoticiaz.com.br\\\/litoralsp\\\/2023\\\/11\\\/15\\\/video-ana-hickmann-aparece-pela-primeira-vez-apos-agressao-do-marido\",\"url\":\"https:\\\/\\\/redenoticiaz.com.br\\\/litoralsp\\\/2023\\\/11\\\/15\\\/video-ana-hickmann-aparece-pela-primeira-vez-apos-agressao-do-marido\",\"name\":\"V\u00cdDEO \u2013 Ana Hickmann aparece pela primeira vez ap\u00f3s agress\u00e3o do marido - Litoral SP\",\"isPartOf\":{\"@id\":\"https:\\\/\\\/redenoticiaz.com.br\\\/litoralsp\\\/#website\"},\"primaryImageOfPage\":{\"@id\":\"https:\\\/\\\/redenoticiaz.com.br\\\/litoralsp\\\/2023\\\/11\\\/15\\\/video-ana-hickmann-aparece-pela-primeira-vez-apos-agressao-do-marido#primaryimage\"},\"image\":{\"@id\":\"https:\\\/\\\/redenoticiaz.com.br\\\/litoralsp\\\/2023\\\/11\\\/15\\\/video-ana-hickmann-aparece-pela-primeira-vez-apos-agressao-do-marido#primaryimage\"},\"thumbnailUrl\":\"https:\\\/\\\/redenoticiaz.com.br\\\/litoralsp\\\/wp-content\\\/uploads\\\/sites\\\/3\\\/2023\\\/11\\\/ana-hickmann-1.jpg?v=1700084285\",\"datePublished\":\"2023-11-15T21:38:20+00:00\",\"dateModified\":\"2023-11-15T21:40:35+00:00\",\"description\":\"A apresentadora Ana Hickmann aparece pela primeira vez ap\u00f3s agress\u00e3o do marido e reservou o momento para agradecer o apoio e afirmou que ir\u00e1 lutar pelas suas empresas e fam\u00edlia.\",\"inLanguage\":\"pt-BR\",\"potentialAction\":[{\"@type\":\"ReadAction\",\"target\":[\"https:\\\/\\\/redenoticiaz.com.br\\\/litoralsp\\\/2023\\\/11\\\/15\\\/video-ana-hickmann-aparece-pela-primeira-vez-apos-agressao-do-marido\"]}]},{\"@type\":\"ImageObject\",\"inLanguage\":\"pt-BR\",\"@id\":\"https:\\\/\\\/redenoticiaz.com.br\\\/litoralsp\\\/2023\\\/11\\\/15\\\/video-ana-hickmann-aparece-pela-primeira-vez-apos-agressao-do-marido#primaryimage\",\"url\":\"https:\\\/\\\/redenoticiaz.com.br\\\/litoralsp\\\/wp-content\\\/uploads\\\/sites\\\/3\\\/2023\\\/11\\\/ana-hickmann-1.jpg?v=1700084285\",\"contentUrl\":\"https:\\\/\\\/redenoticiaz.com.br\\\/litoralsp\\\/wp-content\\\/uploads\\\/sites\\\/3\\\/2023\\\/11\\\/ana-hickmann-1.jpg?v=1700084285\",\"width\":984,\"height\":620,\"caption\":\"V\u00cdDEO - Ana Hickmann aparece pela primeira vez ap\u00f3s agress\u00e3o do marido\"},{\"@type\":\"WebSite\",\"@id\":\"https:\\\/\\\/redenoticiaz.com.br\\\/litoralsp\\\/#website\",\"url\":\"https:\\\/\\\/redenoticiaz.com.br\\\/litoralsp\\\/\",\"name\":\"Litoral SP\",\"description\":\"Rede NoticiaZ\",\"publisher\":{\"@id\":\"https:\\\/\\\/redenoticiaz.com.br\\\/litoralsp\\\/#organization\"},\"potentialAction\":[{\"@type\":\"SearchAction\",\"target\":{\"@type\":\"EntryPoint\",\"urlTemplate\":\"https:\\\/\\\/redenoticiaz.com.br\\\/litoralsp\\\/?s={search_term_string}\"},\"query-input\":{\"@type\":\"PropertyValueSpecification\",\"valueRequired\":true,\"valueName\":\"search_term_string\"}}],\"inLanguage\":\"pt-BR\"},{\"@type\":\"Organization\",\"@id\":\"https:\\\/\\\/redenoticiaz.com.br\\\/litoralsp\\\/#organization\",\"name\":\"Litoral SP\",\"url\":\"https:\\\/\\\/redenoticiaz.com.br\\\/litoralsp\\\/\",\"logo\":{\"@type\":\"ImageObject\",\"inLanguage\":\"pt-BR\",\"@id\":\"https:\\\/\\\/redenoticiaz.com.br\\\/litoralsp\\\/#\\\/schema\\\/logo\\\/image\\\/\",\"url\":\"https:\\\/\\\/redenoticiaz.com.br\\\/litoralsp\\\/wp-content\\\/uploads\\\/sites\\\/3\\\/2020\\\/11\\\/logo.jpg\",\"contentUrl\":\"https:\\\/\\\/redenoticiaz.com.br\\\/litoralsp\\\/wp-content\\\/uploads\\\/sites\\\/3\\\/2020\\\/11\\\/logo.jpg\",\"width\":400,\"height\":250,\"caption\":\"Litoral SP\"},\"image\":{\"@id\":\"https:\\\/\\\/redenoticiaz.com.br\\\/litoralsp\\\/#\\\/schema\\\/logo\\\/image\\\/\"}},{\"@type\":\"Person\",\"@id\":\"https:\\\/\\\/redenoticiaz.com.br\\\/litoralsp\\\/#\\\/schema\\\/person\\\/16057b37a3c0ee6b096d7f887c566e2e\",\"name\":\"Gustavo Silva\",\"image\":{\"@type\":\"ImageObject\",\"inLanguage\":\"pt-BR\",\"@id\":\"https:\\\/\\\/secure.gravatar.com\\\/avatar\\\/3ee4e82f93b26de0a7cf4ea5eb7893da637ed6bb0c9170c58065944c56e28a33?s=96&d=mm&r=g\",\"url\":\"https:\\\/\\\/secure.gravatar.com\\\/avatar\\\/3ee4e82f93b26de0a7cf4ea5eb7893da637ed6bb0c9170c58065944c56e28a33?s=96&d=mm&r=g\",\"contentUrl\":\"https:\\\/\\\/secure.gravatar.com\\\/avatar\\\/3ee4e82f93b26de0a7cf4ea5eb7893da637ed6bb0c9170c58065944c56e28a33?s=96&d=mm&r=g\",\"caption\":\"Gustavo Silva\"},\"url\":\"https:\\\/\\\/redenoticiaz.com.br\\\/litoralsp\\\/author\\\/gustavosilva\"}]}<\/script>\n<!-- \/ Yoast SEO plugin. -->","yoast_head_json":{"title":"V\u00cdDEO \u2013 Ana Hickmann aparece pela primeira vez ap\u00f3s agress\u00e3o do marido - Litoral SP","description":"A apresentadora Ana Hickmann aparece pela primeira vez ap\u00f3s agress\u00e3o do marido e reservou o momento para agradecer o apoio e afirmou que ir\u00e1 lutar pelas suas empresas e fam\u00edlia.","robots":{"index":"index","follow":"follow","max-snippet":"max-snippet:-1","max-image-preview":"max-image-preview:large","max-video-preview":"max-video-preview:-1"},"canonical":"https:\/\/redenoticiaz.com.br\/litoralsp\/2023\/11\/15\/video-ana-hickmann-aparece-pela-primeira-vez-apos-agressao-do-marido","og_locale":"pt_BR","og_type":"article","og_title":"V\u00cdDEO \u2013 Ana Hickmann aparece pela primeira vez ap\u00f3s agress\u00e3o do marido - Litoral SP","og_description":"A apresentadora Ana Hickmann aparece pela primeira vez ap\u00f3s agress\u00e3o do marido e reservou o momento para agradecer o apoio e afirmou que ir\u00e1 lutar pelas suas empresas e fam\u00edlia.","og_url":"https:\/\/redenoticiaz.com.br\/litoralsp\/2023\/11\/15\/video-ana-hickmann-aparece-pela-primeira-vez-apos-agressao-do-marido","og_site_name":"Litoral SP","article_published_time":"2023-11-15T21:38:20+00:00","article_modified_time":"2023-11-15T21:40:35+00:00","og_image":[{"width":984,"height":620,"url":"https:\/\/redenoticiaz.com.br\/litoralsp\/wp-content\/uploads\/sites\/3\/2023\/11\/ana-hickmann-1.jpg?v=1700084285","type":"image\/jpeg"}],"author":"Gustavo Silva","twitter_card":"summary_large_image","twitter_misc":{"Escrito por":"Gustavo Silva","Est. tempo de leitura":"1 minuto"},"schema":{"@context":"https:\/\/schema.org","@graph":[{"@type":"Article","@id":"https:\/\/redenoticiaz.com.br\/litoralsp\/2023\/11\/15\/video-ana-hickmann-aparece-pela-primeira-vez-apos-agressao-do-marido#article","isPartOf":{"@id":"https:\/\/redenoticiaz.com.br\/litoralsp\/2023\/11\/15\/video-ana-hickmann-aparece-pela-primeira-vez-apos-agressao-do-marido"},"author":{"name":"Gustavo Silva","@id":"https:\/\/redenoticiaz.com.br\/litoralsp\/#\/schema\/person\/16057b37a3c0ee6b096d7f887c566e2e"},"headline":"V\u00cdDEO \u2013 Ana Hickmann aparece pela primeira vez ap\u00f3s agress\u00e3o do marido","datePublished":"2023-11-15T21:38:20+00:00","dateModified":"2023-11-15T21:40:35+00:00","mainEntityOfPage":{"@id":"https:\/\/redenoticiaz.com.br\/litoralsp\/2023\/11\/15\/video-ana-hickmann-aparece-pela-primeira-vez-apos-agressao-do-marido"},"wordCount":263,"commentCount":0,"publisher":{"@id":"https:\/\/redenoticiaz.com.br\/litoralsp\/#organization"},"image":{"@id":"https:\/\/redenoticiaz.com.br\/litoralsp\/2023\/11\/15\/video-ana-hickmann-aparece-pela-primeira-vez-apos-agressao-do-marido#primaryimage"},"thumbnailUrl":"https:\/\/redenoticiaz.com.br\/litoralsp\/wp-content\/uploads\/sites\/3\/2023\/11\/ana-hickmann-1.jpg?v=1700084285","keywords":["AGRESS\u00c3O","alexandre correa","Ana Hickmann"],"articleSection":["Celebridades","Entretenimento"],"inLanguage":"pt-BR","potentialAction":[{"@type":"CommentAction","name":"Comment","target":["https:\/\/redenoticiaz.com.br\/litoralsp\/2023\/11\/15\/video-ana-hickmann-aparece-pela-primeira-vez-apos-agressao-do-marido#respond"]}]},{"@type":"WebPage","@id":"https:\/\/redenoticiaz.com.br\/litoralsp\/2023\/11\/15\/video-ana-hickmann-aparece-pela-primeira-vez-apos-agressao-do-marido","url":"https:\/\/redenoticiaz.com.br\/litoralsp\/2023\/11\/15\/video-ana-hickmann-aparece-pela-primeira-vez-apos-agressao-do-marido","name":"V\u00cdDEO \u2013 Ana Hickmann aparece pela primeira vez ap\u00f3s agress\u00e3o do marido - Litoral SP","isPartOf":{"@id":"https:\/\/redenoticiaz.com.br\/litoralsp\/#website"},"primaryImageOfPage":{"@id":"https:\/\/redenoticiaz.com.br\/litoralsp\/2023\/11\/15\/video-ana-hickmann-aparece-pela-primeira-vez-apos-agressao-do-marido#primaryimage"},"image":{"@id":"https:\/\/redenoticiaz.com.br\/litoralsp\/2023\/11\/15\/video-ana-hickmann-aparece-pela-primeira-vez-apos-agressao-do-marido#primaryimage"},"thumbnailUrl":"https:\/\/redenoticiaz.com.br\/litoralsp\/wp-content\/uploads\/sites\/3\/2023\/11\/ana-hickmann-1.jpg?v=1700084285","datePublished":"2023-11-15T21:38:20+00:00","dateModified":"2023-11-15T21:40:35+00:00","description":"A apresentadora Ana Hickmann aparece pela primeira vez ap\u00f3s agress\u00e3o do marido e reservou o momento para agradecer o apoio e afirmou que ir\u00e1 lutar pelas suas empresas e fam\u00edlia.","inLanguage":"pt-BR","potentialAction":[{"@type":"ReadAction","target":["https:\/\/redenoticiaz.com.br\/litoralsp\/2023\/11\/15\/video-ana-hickmann-aparece-pela-primeira-vez-apos-agressao-do-marido"]}]},{"@type":"ImageObject","inLanguage":"pt-BR","@id":"https:\/\/redenoticiaz.com.br\/litoralsp\/2023\/11\/15\/video-ana-hickmann-aparece-pela-primeira-vez-apos-agressao-do-marido#primaryimage","url":"https:\/\/redenoticiaz.com.br\/litoralsp\/wp-content\/uploads\/sites\/3\/2023\/11\/ana-hickmann-1.jpg?v=1700084285","contentUrl":"https:\/\/redenoticiaz.com.br\/litoralsp\/wp-content\/uploads\/sites\/3\/2023\/11\/ana-hickmann-1.jpg?v=1700084285","width":984,"height":620,"caption":"V\u00cdDEO - Ana Hickmann aparece pela primeira vez ap\u00f3s agress\u00e3o do marido"},{"@type":"WebSite","@id":"https:\/\/redenoticiaz.com.br\/litoralsp\/#website","url":"https:\/\/redenoticiaz.com.br\/litoralsp\/","name":"Litoral SP","description":"Rede NoticiaZ","publisher":{"@id":"https:\/\/redenoticiaz.com.br\/litoralsp\/#organization"},"potentialAction":[{"@type":"SearchAction","target":{"@type":"EntryPoint","urlTemplate":"https:\/\/redenoticiaz.com.br\/litoralsp\/?s={search_term_string}"},"query-input":{"@type":"PropertyValueSpecification","valueRequired":true,"valueName":"search_term_string"}}],"inLanguage":"pt-BR"},{"@type":"Organization","@id":"https:\/\/redenoticiaz.com.br\/litoralsp\/#organization","name":"Litoral SP","url":"https:\/\/redenoticiaz.com.br\/litoralsp\/","logo":{"@type":"ImageObject","inLanguage":"pt-BR","@id":"https:\/\/redenoticiaz.com.br\/litoralsp\/#\/schema\/logo\/image\/","url":"https:\/\/redenoticiaz.com.br\/litoralsp\/wp-content\/uploads\/sites\/3\/2020\/11\/logo.jpg","contentUrl":"https:\/\/redenoticiaz.com.br\/litoralsp\/wp-content\/uploads\/sites\/3\/2020\/11\/logo.jpg","width":400,"height":250,"caption":"Litoral SP"},"image":{"@id":"https:\/\/redenoticiaz.com.br\/litoralsp\/#\/schema\/logo\/image\/"}},{"@type":"Person","@id":"https:\/\/redenoticiaz.com.br\/litoralsp\/#\/schema\/person\/16057b37a3c0ee6b096d7f887c566e2e","name":"Gustavo Silva","image":{"@type":"ImageObject","inLanguage":"pt-BR","@id":"https:\/\/secure.gravatar.com\/avatar\/3ee4e82f93b26de0a7cf4ea5eb7893da637ed6bb0c9170c58065944c56e28a33?s=96&d=mm&r=g","url":"https:\/\/secure.gravatar.com\/avatar\/3ee4e82f93b26de0a7cf4ea5eb7893da637ed6bb0c9170c58065944c56e28a33?s=96&d=mm&r=g","contentUrl":"https:\/\/secure.gravatar.com\/avatar\/3ee4e82f93b26de0a7cf4ea5eb7893da637ed6bb0c9170c58065944c56e28a33?s=96&d=mm&r=g","caption":"Gustavo Silva"},"url":"https:\/\/redenoticiaz.com.br\/litoralsp\/author\/gustavosilva"}]}},"_links":{"self":[{"href":"https:\/\/redenoticiaz.com.br\/litoralsp\/wp-json\/wp\/v2\/posts\/112151","targetHints":{"allow":["GET"]}}],"collection":[{"href":"https:\/\/redenoticiaz.com.br\/litoralsp\/wp-json\/wp\/v2\/posts"}],"about":[{"href":"https:\/\/redenoticiaz.com.br\/litoralsp\/wp-json\/wp\/v2\/types\/post"}],"author":[{"embeddable":true,"href":"https:\/\/redenoticiaz.com.br\/litoralsp\/wp-json\/wp\/v2\/users\/12"}],"replies":[{"embeddable":true,"href":"https:\/\/redenoticiaz.com.br\/litoralsp\/wp-json\/wp\/v2\/comments?post=112151"}],"version-history":[{"count":1,"href":"https:\/\/redenoticiaz.com.br\/litoralsp\/wp-json\/wp\/v2\/posts\/112151\/revisions"}],"predecessor-version":[{"id":112155,"href":"https:\/\/redenoticiaz.com.br\/litoralsp\/wp-json\/wp\/v2\/posts\/112151\/revisions\/112155"}],"wp:featuredmedia":[{"embeddable":true,"href":"https:\/\/redenoticiaz.com.br\/litoralsp\/wp-json\/wp\/v2\/media\/112152"}],"wp:attachment":[{"href":"https:\/\/redenoticiaz.com.br\/litoralsp\/wp-json\/wp\/v2\/media?parent=112151"}],"wp:term":[{"taxonomy":"category","embeddable":true,"href":"https:\/\/redenoticiaz.com.br\/litoralsp\/wp-json\/wp\/v2\/categories?post=112151"},{"taxonomy":"post_tag","embeddable":true,"href":"https:\/\/redenoticiaz.com.br\/litoralsp\/wp-json\/wp\/v2\/tags?post=112151"}],"curies":[{"name":"wp","href":"https:\/\/api.w.org\/{rel}","templated":true}]}}