{"id":112157,"date":"2023-11-15T18:51:26","date_gmt":"2023-11-15T21:51:26","guid":{"rendered":"https:\/\/redenoticiaz.com.br\/litoralsp\/2023\/11\/15\/crianca-de-2-anos-morre-apos-ser-esquecida-em-van-escolar"},"modified":"2023-11-15T18:53:55","modified_gmt":"2023-11-15T21:53:55","slug":"crianca-de-2-anos-morre-apos-ser-esquecida-em-van-escolar","status":"publish","type":"post","link":"https:\/\/redenoticiaz.com.br\/litoralsp\/2023\/11\/15\/crianca-de-2-anos-morre-apos-ser-esquecida-em-van-escolar","title":{"rendered":"Crian\u00e7a de 2 anos morre ap\u00f3s ser esquecida em van escolar"},"content":{"rendered":"<p>Uma crian\u00e7a de 2 anos morreu ap\u00f3s ser esquecida em uma van escolar na Vila Maria, Zona Norte de S\u00e3o Paulo nesta \u00faltima ter\u00e7a-feira (15).<\/p>\n<p>De acordo com as informa\u00e7\u00f5es, a crian\u00e7a deveria ter sido entregue na escola no per\u00edodo da manh\u00e3, mas n\u00e3o apareceu neste dia para estudar.<\/p>\n<p>Durante a tarde o dono da van lembrou da crian\u00e7a e foi at\u00e9 o ve\u00edculo e o encontrou aparentemente sem vida.<\/p>\n<p>Sendo assim, ele chegou a levar o menino at\u00e9 o hospital Municipal Vereador Jos\u00e9 Storopolli, no Parque Novo Mundo, sem vida, por volta das 16h20.<\/p>\n<p>Por fim, a suspeita \u00e9 de que a v\u00edtima tenha vindo a \u00f3bito devido ao forte calor registrado nesta ter\u00e7a-feira na capital paulista tenha sido a causa da morte.<\/p>\n<p><img loading=\"lazy\" decoding=\"async\" class=\"aligncenter size-medium wp-image-112158\" src=\"https:\/\/redenoticiaz.com.br\/litoralsp\/wp-content\/uploads\/sites\/3\/2023\/11\/microsoftteams-image-3--390x203.jpg\" alt=\"Crian\u00e7a de 2 anos morre ap\u00f3s ser esquecida em van escolar\" width=\"390\" height=\"203\" \/><\/p>\n<p>Segundo o Centro de Gerenciamento de Emerg\u00eancias Clim\u00e1ticas de S\u00e3o Paulo (CGE), a tarde foi de forte calor, com term\u00f4metros em m\u00e9dia dos 37,3\u00b0C, e os menores valores de umidade relativa do ar pr\u00f3ximos aos 21%. A Defesa Civil tinha decretado estado de alerta na capital.<\/p>\n<div class=\"wall protected-content\">\n<div id=\"chunk-67bfk\">\n<div class=\"mc-column content-text active-extra-styles \" data-block-type=\"unstyled\" data-block-weight=\"44\" data-block-id=\"5\">\n<div id=\"chunk-27pcs\">\n<div class=\"mc-column content-text active-extra-styles \" data-block-type=\"unstyled\" data-block-weight=\"36\" data-block-id=\"7\">\n<p class=\" content-text__container \" data-track-category=\"Link no Texto\" data-track-links=\"\"><strong>Leia mais<\/strong><\/p>\n<p data-track-category=\"Link no Texto\" data-track-links=\"\"><a href=\"https:\/\/redenoticiaz.com.br\/blog\/2023\/11\/14\/defesa-civil-emite-alerta-para-nova-onda-de-calor-em-campo-limpo\">Defesa Civil emite alerta para nova onda de calor em Campo Limpo<\/a><\/p>\n<p data-track-category=\"Link no Texto\" data-track-links=\"\"><a href=\"https:\/\/redenoticiaz.com.br\/blog\/2023\/11\/09\/defesa-civil-do-estado-de-sao-paulo-emite-alerta-sobre-onda-de-calor-extrema\">Defesa Civil do Estado de S\u00e3o Paulo emite alerta sobre onda de calor extrema<\/a><\/p>\n<\/div>\n<\/div>\n<\/div>\n<\/div>\n<div id=\"chunk-72idj\">\n<div class=\"content-ads content-ads--reveal\" data-block-type=\"ads\" data-block-id=\"6\">\n<div id=\"banner_materia2\" class=\"tag-manager-publicidade-container mc-has-reveal mc-has-ad-lazyload tag-manager-publicidade-banner_materia2 tag-manager-publicidade-container--carregado tag-manager-publicidade-container--visivel\" data-id=\"banner_materia2\" data-google-query-id=\"CJeYwIX9xoIDFXCGlQIdHrEF_A\"><\/div>\n<\/div>\n<\/div>\n<\/div>\n","protected":false},"excerpt":{"rendered":"<p>Uma crian\u00e7a de 2 anos morreu ap\u00f3s ser esquecida em uma van escolar na Vila Maria, Zona Norte de S\u00e3o Paulo nesta \u00faltima ter\u00e7a-feira (15). De acordo com as informa\u00e7\u00f5es, a crian\u00e7a deveria ter sido entregue na escola no per\u00edodo da manh\u00e3, mas n\u00e3o apareceu neste dia para estudar. Durante a tarde o dono da &hellip;<\/p>\n","protected":false},"author":12,"featured_media":112160,"comment_status":"open","ping_status":"closed","sticky":false,"template":"","format":"standard","meta":{"footnotes":""},"categories":[10],"tags":[9778,9645,67583],"class_list":["post-112157","post","type-post","status-publish","format-standard","has-post-thumbnail","hentry","category-policia","tag-calor","tag-crianca","tag-van-escolar"],"yoast_head":"<!-- This site is optimized with the Yoast SEO plugin v27.4 - https:\/\/yoast.com\/product\/yoast-seo-wordpress\/ -->\n<title>Crian\u00e7a de 2 anos morre ap\u00f3s ser esquecida em van escolar - Litoral SP<\/title>\n<meta name=\"description\" content=\"Uma crian\u00e7a de 2 anos morreu ap\u00f3s ser esquecida em uma van escolar na Vila Maria, Zona Norte de S\u00e3o Paulo nesta \u00faltima ter\u00e7a-feira (15).\" \/>\n<meta name=\"robots\" content=\"index, follow, max-snippet:-1, max-image-preview:large, max-video-preview:-1\" \/>\n<link rel=\"canonical\" href=\"https:\/\/redenoticiaz.com.br\/litoralsp\/2023\/11\/15\/crianca-de-2-anos-morre-apos-ser-esquecida-em-van-escolar\" \/>\n<meta property=\"og:locale\" content=\"pt_BR\" \/>\n<meta property=\"og:type\" content=\"article\" \/>\n<meta property=\"og:title\" content=\"Crian\u00e7a de 2 anos morre ap\u00f3s ser esquecida em van escolar - Litoral SP\" \/>\n<meta property=\"og:description\" content=\"Uma crian\u00e7a de 2 anos morreu ap\u00f3s ser esquecida em uma van escolar na Vila Maria, Zona Norte de S\u00e3o Paulo nesta \u00faltima ter\u00e7a-feira (15).\" \/>\n<meta property=\"og:url\" content=\"https:\/\/redenoticiaz.com.br\/litoralsp\/2023\/11\/15\/crianca-de-2-anos-morre-apos-ser-esquecida-em-van-escolar\" \/>\n<meta property=\"og:site_name\" content=\"Litoral SP\" \/>\n<meta property=\"article:published_time\" content=\"2023-11-15T21:51:26+00:00\" \/>\n<meta property=\"article:modified_time\" content=\"2023-11-15T21:53:55+00:00\" \/>\n<meta property=\"og:image\" content=\"https:\/\/redenoticiaz.com.br\/litoralsp\/wp-content\/uploads\/sites\/3\/2023\/11\/microsoftteams-image-3-.jpg?v=1700085034\" \/>\n\t<meta property=\"og:image:width\" content=\"984\" \/>\n\t<meta property=\"og:image:height\" content=\"512\" \/>\n\t<meta property=\"og:image:type\" content=\"image\/jpeg\" \/>\n<meta name=\"author\" content=\"Gustavo Silva\" \/>\n<meta name=\"twitter:card\" content=\"summary_large_image\" \/>\n<meta name=\"twitter:label1\" content=\"Escrito por\" \/>\n\t<meta name=\"twitter:data1\" content=\"Gustavo Silva\" \/>\n\t<meta name=\"twitter:label2\" content=\"Est. tempo de leitura\" \/>\n\t<meta name=\"twitter:data2\" content=\"2 minutos\" \/>\n<script type=\"application\/ld+json\" class=\"yoast-schema-graph\">{\"@context\":\"https:\\\/\\\/schema.org\",\"@graph\":[{\"@type\":\"Article\",\"@id\":\"https:\\\/\\\/redenoticiaz.com.br\\\/litoralsp\\\/2023\\\/11\\\/15\\\/crianca-de-2-anos-morre-apos-ser-esquecida-em-van-escolar#article\",\"isPartOf\":{\"@id\":\"https:\\\/\\\/redenoticiaz.com.br\\\/litoralsp\\\/2023\\\/11\\\/15\\\/crianca-de-2-anos-morre-apos-ser-esquecida-em-van-escolar\"},\"author\":{\"name\":\"Gustavo Silva\",\"@id\":\"https:\\\/\\\/redenoticiaz.com.br\\\/litoralsp\\\/#\\\/schema\\\/person\\\/16057b37a3c0ee6b096d7f887c566e2e\"},\"headline\":\"Crian\u00e7a de 2 anos morre ap\u00f3s ser esquecida em van escolar\",\"datePublished\":\"2023-11-15T21:51:26+00:00\",\"dateModified\":\"2023-11-15T21:53:55+00:00\",\"mainEntityOfPage\":{\"@id\":\"https:\\\/\\\/redenoticiaz.com.br\\\/litoralsp\\\/2023\\\/11\\\/15\\\/crianca-de-2-anos-morre-apos-ser-esquecida-em-van-escolar\"},\"wordCount\":225,\"commentCount\":0,\"publisher\":{\"@id\":\"https:\\\/\\\/redenoticiaz.com.br\\\/litoralsp\\\/#organization\"},\"image\":{\"@id\":\"https:\\\/\\\/redenoticiaz.com.br\\\/litoralsp\\\/2023\\\/11\\\/15\\\/crianca-de-2-anos-morre-apos-ser-esquecida-em-van-escolar#primaryimage\"},\"thumbnailUrl\":\"https:\\\/\\\/redenoticiaz.com.br\\\/litoralsp\\\/wp-content\\\/uploads\\\/sites\\\/3\\\/2023\\\/11\\\/17000514266554b9e26adf7_1700051426_3x2_md.jpg?v=1700085194\",\"keywords\":[\"CALOR\",\"CRIAN\u00c7A\",\"van escolar\"],\"articleSection\":[\"Pol\u00edcia\"],\"inLanguage\":\"pt-BR\",\"potentialAction\":[{\"@type\":\"CommentAction\",\"name\":\"Comment\",\"target\":[\"https:\\\/\\\/redenoticiaz.com.br\\\/litoralsp\\\/2023\\\/11\\\/15\\\/crianca-de-2-anos-morre-apos-ser-esquecida-em-van-escolar#respond\"]}]},{\"@type\":\"WebPage\",\"@id\":\"https:\\\/\\\/redenoticiaz.com.br\\\/litoralsp\\\/2023\\\/11\\\/15\\\/crianca-de-2-anos-morre-apos-ser-esquecida-em-van-escolar\",\"url\":\"https:\\\/\\\/redenoticiaz.com.br\\\/litoralsp\\\/2023\\\/11\\\/15\\\/crianca-de-2-anos-morre-apos-ser-esquecida-em-van-escolar\",\"name\":\"Crian\u00e7a de 2 anos morre ap\u00f3s ser esquecida em van escolar - Litoral SP\",\"isPartOf\":{\"@id\":\"https:\\\/\\\/redenoticiaz.com.br\\\/litoralsp\\\/#website\"},\"primaryImageOfPage\":{\"@id\":\"https:\\\/\\\/redenoticiaz.com.br\\\/litoralsp\\\/2023\\\/11\\\/15\\\/crianca-de-2-anos-morre-apos-ser-esquecida-em-van-escolar#primaryimage\"},\"image\":{\"@id\":\"https:\\\/\\\/redenoticiaz.com.br\\\/litoralsp\\\/2023\\\/11\\\/15\\\/crianca-de-2-anos-morre-apos-ser-esquecida-em-van-escolar#primaryimage\"},\"thumbnailUrl\":\"https:\\\/\\\/redenoticiaz.com.br\\\/litoralsp\\\/wp-content\\\/uploads\\\/sites\\\/3\\\/2023\\\/11\\\/17000514266554b9e26adf7_1700051426_3x2_md.jpg?v=1700085194\",\"datePublished\":\"2023-11-15T21:51:26+00:00\",\"dateModified\":\"2023-11-15T21:53:55+00:00\",\"description\":\"Uma crian\u00e7a de 2 anos morreu ap\u00f3s ser esquecida em uma van escolar na Vila Maria, Zona Norte de S\u00e3o Paulo nesta \u00faltima ter\u00e7a-feira (15).\",\"inLanguage\":\"pt-BR\",\"potentialAction\":[{\"@type\":\"ReadAction\",\"target\":[\"https:\\\/\\\/redenoticiaz.com.br\\\/litoralsp\\\/2023\\\/11\\\/15\\\/crianca-de-2-anos-morre-apos-ser-esquecida-em-van-escolar\"]}]},{\"@type\":\"ImageObject\",\"inLanguage\":\"pt-BR\",\"@id\":\"https:\\\/\\\/redenoticiaz.com.br\\\/litoralsp\\\/2023\\\/11\\\/15\\\/crianca-de-2-anos-morre-apos-ser-esquecida-em-van-escolar#primaryimage\",\"url\":\"https:\\\/\\\/redenoticiaz.com.br\\\/litoralsp\\\/wp-content\\\/uploads\\\/sites\\\/3\\\/2023\\\/11\\\/17000514266554b9e26adf7_1700051426_3x2_md.jpg?v=1700085194\",\"contentUrl\":\"https:\\\/\\\/redenoticiaz.com.br\\\/litoralsp\\\/wp-content\\\/uploads\\\/sites\\\/3\\\/2023\\\/11\\\/17000514266554b9e26adf7_1700051426_3x2_md.jpg?v=1700085194\",\"width\":768,\"height\":513,\"caption\":\"Crian\u00e7a de 2 anos morre ap\u00f3s ser esquecida em van escolar\"},{\"@type\":\"WebSite\",\"@id\":\"https:\\\/\\\/redenoticiaz.com.br\\\/litoralsp\\\/#website\",\"url\":\"https:\\\/\\\/redenoticiaz.com.br\\\/litoralsp\\\/\",\"name\":\"Litoral SP\",\"description\":\"Rede NoticiaZ\",\"publisher\":{\"@id\":\"https:\\\/\\\/redenoticiaz.com.br\\\/litoralsp\\\/#organization\"},\"potentialAction\":[{\"@type\":\"SearchAction\",\"target\":{\"@type\":\"EntryPoint\",\"urlTemplate\":\"https:\\\/\\\/redenoticiaz.com.br\\\/litoralsp\\\/?s={search_term_string}\"},\"query-input\":{\"@type\":\"PropertyValueSpecification\",\"valueRequired\":true,\"valueName\":\"search_term_string\"}}],\"inLanguage\":\"pt-BR\"},{\"@type\":\"Organization\",\"@id\":\"https:\\\/\\\/redenoticiaz.com.br\\\/litoralsp\\\/#organization\",\"name\":\"Litoral SP\",\"url\":\"https:\\\/\\\/redenoticiaz.com.br\\\/litoralsp\\\/\",\"logo\":{\"@type\":\"ImageObject\",\"inLanguage\":\"pt-BR\",\"@id\":\"https:\\\/\\\/redenoticiaz.com.br\\\/litoralsp\\\/#\\\/schema\\\/logo\\\/image\\\/\",\"url\":\"https:\\\/\\\/redenoticiaz.com.br\\\/litoralsp\\\/wp-content\\\/uploads\\\/sites\\\/3\\\/2020\\\/11\\\/logo.jpg\",\"contentUrl\":\"https:\\\/\\\/redenoticiaz.com.br\\\/litoralsp\\\/wp-content\\\/uploads\\\/sites\\\/3\\\/2020\\\/11\\\/logo.jpg\",\"width\":400,\"height\":250,\"caption\":\"Litoral SP\"},\"image\":{\"@id\":\"https:\\\/\\\/redenoticiaz.com.br\\\/litoralsp\\\/#\\\/schema\\\/logo\\\/image\\\/\"}},{\"@type\":\"Person\",\"@id\":\"https:\\\/\\\/redenoticiaz.com.br\\\/litoralsp\\\/#\\\/schema\\\/person\\\/16057b37a3c0ee6b096d7f887c566e2e\",\"name\":\"Gustavo Silva\",\"image\":{\"@type\":\"ImageObject\",\"inLanguage\":\"pt-BR\",\"@id\":\"https:\\\/\\\/secure.gravatar.com\\\/avatar\\\/3ee4e82f93b26de0a7cf4ea5eb7893da637ed6bb0c9170c58065944c56e28a33?s=96&d=mm&r=g\",\"url\":\"https:\\\/\\\/secure.gravatar.com\\\/avatar\\\/3ee4e82f93b26de0a7cf4ea5eb7893da637ed6bb0c9170c58065944c56e28a33?s=96&d=mm&r=g\",\"contentUrl\":\"https:\\\/\\\/secure.gravatar.com\\\/avatar\\\/3ee4e82f93b26de0a7cf4ea5eb7893da637ed6bb0c9170c58065944c56e28a33?s=96&d=mm&r=g\",\"caption\":\"Gustavo Silva\"},\"url\":\"https:\\\/\\\/redenoticiaz.com.br\\\/litoralsp\\\/author\\\/gustavosilva\"}]}<\/script>\n<!-- \/ Yoast SEO plugin. -->","yoast_head_json":{"title":"Crian\u00e7a de 2 anos morre ap\u00f3s ser esquecida em van escolar - Litoral SP","description":"Uma crian\u00e7a de 2 anos morreu ap\u00f3s ser esquecida em uma van escolar na Vila Maria, Zona Norte de S\u00e3o Paulo nesta \u00faltima ter\u00e7a-feira (15).","robots":{"index":"index","follow":"follow","max-snippet":"max-snippet:-1","max-image-preview":"max-image-preview:large","max-video-preview":"max-video-preview:-1"},"canonical":"https:\/\/redenoticiaz.com.br\/litoralsp\/2023\/11\/15\/crianca-de-2-anos-morre-apos-ser-esquecida-em-van-escolar","og_locale":"pt_BR","og_type":"article","og_title":"Crian\u00e7a de 2 anos morre ap\u00f3s ser esquecida em van escolar - Litoral SP","og_description":"Uma crian\u00e7a de 2 anos morreu ap\u00f3s ser esquecida em uma van escolar na Vila Maria, Zona Norte de S\u00e3o Paulo nesta \u00faltima ter\u00e7a-feira (15).","og_url":"https:\/\/redenoticiaz.com.br\/litoralsp\/2023\/11\/15\/crianca-de-2-anos-morre-apos-ser-esquecida-em-van-escolar","og_site_name":"Litoral SP","article_published_time":"2023-11-15T21:51:26+00:00","article_modified_time":"2023-11-15T21:53:55+00:00","og_image":[{"width":984,"height":512,"url":"https:\/\/redenoticiaz.com.br\/litoralsp\/wp-content\/uploads\/sites\/3\/2023\/11\/microsoftteams-image-3-.jpg?v=1700085034","type":"image\/jpeg"}],"author":"Gustavo Silva","twitter_card":"summary_large_image","twitter_misc":{"Escrito por":"Gustavo Silva","Est. tempo de leitura":"2 minutos"},"schema":{"@context":"https:\/\/schema.org","@graph":[{"@type":"Article","@id":"https:\/\/redenoticiaz.com.br\/litoralsp\/2023\/11\/15\/crianca-de-2-anos-morre-apos-ser-esquecida-em-van-escolar#article","isPartOf":{"@id":"https:\/\/redenoticiaz.com.br\/litoralsp\/2023\/11\/15\/crianca-de-2-anos-morre-apos-ser-esquecida-em-van-escolar"},"author":{"name":"Gustavo Silva","@id":"https:\/\/redenoticiaz.com.br\/litoralsp\/#\/schema\/person\/16057b37a3c0ee6b096d7f887c566e2e"},"headline":"Crian\u00e7a de 2 anos morre ap\u00f3s ser esquecida em van escolar","datePublished":"2023-11-15T21:51:26+00:00","dateModified":"2023-11-15T21:53:55+00:00","mainEntityOfPage":{"@id":"https:\/\/redenoticiaz.com.br\/litoralsp\/2023\/11\/15\/crianca-de-2-anos-morre-apos-ser-esquecida-em-van-escolar"},"wordCount":225,"commentCount":0,"publisher":{"@id":"https:\/\/redenoticiaz.com.br\/litoralsp\/#organization"},"image":{"@id":"https:\/\/redenoticiaz.com.br\/litoralsp\/2023\/11\/15\/crianca-de-2-anos-morre-apos-ser-esquecida-em-van-escolar#primaryimage"},"thumbnailUrl":"https:\/\/redenoticiaz.com.br\/litoralsp\/wp-content\/uploads\/sites\/3\/2023\/11\/17000514266554b9e26adf7_1700051426_3x2_md.jpg?v=1700085194","keywords":["CALOR","CRIAN\u00c7A","van escolar"],"articleSection":["Pol\u00edcia"],"inLanguage":"pt-BR","potentialAction":[{"@type":"CommentAction","name":"Comment","target":["https:\/\/redenoticiaz.com.br\/litoralsp\/2023\/11\/15\/crianca-de-2-anos-morre-apos-ser-esquecida-em-van-escolar#respond"]}]},{"@type":"WebPage","@id":"https:\/\/redenoticiaz.com.br\/litoralsp\/2023\/11\/15\/crianca-de-2-anos-morre-apos-ser-esquecida-em-van-escolar","url":"https:\/\/redenoticiaz.com.br\/litoralsp\/2023\/11\/15\/crianca-de-2-anos-morre-apos-ser-esquecida-em-van-escolar","name":"Crian\u00e7a de 2 anos morre ap\u00f3s ser esquecida em van escolar - Litoral SP","isPartOf":{"@id":"https:\/\/redenoticiaz.com.br\/litoralsp\/#website"},"primaryImageOfPage":{"@id":"https:\/\/redenoticiaz.com.br\/litoralsp\/2023\/11\/15\/crianca-de-2-anos-morre-apos-ser-esquecida-em-van-escolar#primaryimage"},"image":{"@id":"https:\/\/redenoticiaz.com.br\/litoralsp\/2023\/11\/15\/crianca-de-2-anos-morre-apos-ser-esquecida-em-van-escolar#primaryimage"},"thumbnailUrl":"https:\/\/redenoticiaz.com.br\/litoralsp\/wp-content\/uploads\/sites\/3\/2023\/11\/17000514266554b9e26adf7_1700051426_3x2_md.jpg?v=1700085194","datePublished":"2023-11-15T21:51:26+00:00","dateModified":"2023-11-15T21:53:55+00:00","description":"Uma crian\u00e7a de 2 anos morreu ap\u00f3s ser esquecida em uma van escolar na Vila Maria, Zona Norte de S\u00e3o Paulo nesta \u00faltima ter\u00e7a-feira (15).","inLanguage":"pt-BR","potentialAction":[{"@type":"ReadAction","target":["https:\/\/redenoticiaz.com.br\/litoralsp\/2023\/11\/15\/crianca-de-2-anos-morre-apos-ser-esquecida-em-van-escolar"]}]},{"@type":"ImageObject","inLanguage":"pt-BR","@id":"https:\/\/redenoticiaz.com.br\/litoralsp\/2023\/11\/15\/crianca-de-2-anos-morre-apos-ser-esquecida-em-van-escolar#primaryimage","url":"https:\/\/redenoticiaz.com.br\/litoralsp\/wp-content\/uploads\/sites\/3\/2023\/11\/17000514266554b9e26adf7_1700051426_3x2_md.jpg?v=1700085194","contentUrl":"https:\/\/redenoticiaz.com.br\/litoralsp\/wp-content\/uploads\/sites\/3\/2023\/11\/17000514266554b9e26adf7_1700051426_3x2_md.jpg?v=1700085194","width":768,"height":513,"caption":"Crian\u00e7a de 2 anos morre ap\u00f3s ser esquecida em van escolar"},{"@type":"WebSite","@id":"https:\/\/redenoticiaz.com.br\/litoralsp\/#website","url":"https:\/\/redenoticiaz.com.br\/litoralsp\/","name":"Litoral SP","description":"Rede NoticiaZ","publisher":{"@id":"https:\/\/redenoticiaz.com.br\/litoralsp\/#organization"},"potentialAction":[{"@type":"SearchAction","target":{"@type":"EntryPoint","urlTemplate":"https:\/\/redenoticiaz.com.br\/litoralsp\/?s={search_term_string}"},"query-input":{"@type":"PropertyValueSpecification","valueRequired":true,"valueName":"search_term_string"}}],"inLanguage":"pt-BR"},{"@type":"Organization","@id":"https:\/\/redenoticiaz.com.br\/litoralsp\/#organization","name":"Litoral SP","url":"https:\/\/redenoticiaz.com.br\/litoralsp\/","logo":{"@type":"ImageObject","inLanguage":"pt-BR","@id":"https:\/\/redenoticiaz.com.br\/litoralsp\/#\/schema\/logo\/image\/","url":"https:\/\/redenoticiaz.com.br\/litoralsp\/wp-content\/uploads\/sites\/3\/2020\/11\/logo.jpg","contentUrl":"https:\/\/redenoticiaz.com.br\/litoralsp\/wp-content\/uploads\/sites\/3\/2020\/11\/logo.jpg","width":400,"height":250,"caption":"Litoral SP"},"image":{"@id":"https:\/\/redenoticiaz.com.br\/litoralsp\/#\/schema\/logo\/image\/"}},{"@type":"Person","@id":"https:\/\/redenoticiaz.com.br\/litoralsp\/#\/schema\/person\/16057b37a3c0ee6b096d7f887c566e2e","name":"Gustavo Silva","image":{"@type":"ImageObject","inLanguage":"pt-BR","@id":"https:\/\/secure.gravatar.com\/avatar\/3ee4e82f93b26de0a7cf4ea5eb7893da637ed6bb0c9170c58065944c56e28a33?s=96&d=mm&r=g","url":"https:\/\/secure.gravatar.com\/avatar\/3ee4e82f93b26de0a7cf4ea5eb7893da637ed6bb0c9170c58065944c56e28a33?s=96&d=mm&r=g","contentUrl":"https:\/\/secure.gravatar.com\/avatar\/3ee4e82f93b26de0a7cf4ea5eb7893da637ed6bb0c9170c58065944c56e28a33?s=96&d=mm&r=g","caption":"Gustavo Silva"},"url":"https:\/\/redenoticiaz.com.br\/litoralsp\/author\/gustavosilva"}]}},"_links":{"self":[{"href":"https:\/\/redenoticiaz.com.br\/litoralsp\/wp-json\/wp\/v2\/posts\/112157","targetHints":{"allow":["GET"]}}],"collection":[{"href":"https:\/\/redenoticiaz.com.br\/litoralsp\/wp-json\/wp\/v2\/posts"}],"about":[{"href":"https:\/\/redenoticiaz.com.br\/litoralsp\/wp-json\/wp\/v2\/types\/post"}],"author":[{"embeddable":true,"href":"https:\/\/redenoticiaz.com.br\/litoralsp\/wp-json\/wp\/v2\/users\/12"}],"replies":[{"embeddable":true,"href":"https:\/\/redenoticiaz.com.br\/litoralsp\/wp-json\/wp\/v2\/comments?post=112157"}],"version-history":[{"count":4,"href":"https:\/\/redenoticiaz.com.br\/litoralsp\/wp-json\/wp\/v2\/posts\/112157\/revisions"}],"predecessor-version":[{"id":112163,"href":"https:\/\/redenoticiaz.com.br\/litoralsp\/wp-json\/wp\/v2\/posts\/112157\/revisions\/112163"}],"wp:featuredmedia":[{"embeddable":true,"href":"https:\/\/redenoticiaz.com.br\/litoralsp\/wp-json\/wp\/v2\/media\/112160"}],"wp:attachment":[{"href":"https:\/\/redenoticiaz.com.br\/litoralsp\/wp-json\/wp\/v2\/media?parent=112157"}],"wp:term":[{"taxonomy":"category","embeddable":true,"href":"https:\/\/redenoticiaz.com.br\/litoralsp\/wp-json\/wp\/v2\/categories?post=112157"},{"taxonomy":"post_tag","embeddable":true,"href":"https:\/\/redenoticiaz.com.br\/litoralsp\/wp-json\/wp\/v2\/tags?post=112157"}],"curies":[{"name":"wp","href":"https:\/\/api.w.org\/{rel}","templated":true}]}}