{"id":112197,"date":"2023-11-19T10:00:51","date_gmt":"2023-11-19T13:00:51","guid":{"rendered":"https:\/\/redenoticiaz.com.br\/litoralsp\/?p=112197"},"modified":"2023-11-16T22:53:26","modified_gmt":"2023-11-17T01:53:26","slug":"__trashed","status":"publish","type":"post","link":"https:\/\/redenoticiaz.com.br\/litoralsp\/2023\/11\/19\/__trashed","title":{"rendered":"V\u00edtimas de trabalho escravo por mais de 20 anos ser\u00e3o indenizadas"},"content":{"rendered":"<p>Os irm\u00e3os Marinalva Santos e Mauroz\u00e3 Santos obtiveram na Justi\u00e7a do Trabalho (Vara de Barra do Gar\u00e7as \u2013 MT) o direito \u00e0 repara\u00e7\u00e3o financeira por explora\u00e7\u00e3o de trabalho an\u00e1logo \u00e0 escravid\u00e3o na Fazenda Canoeiro, no sudeste de Mato Grosso, a 510 quil\u00f4metros de Cuiab\u00e1.<img decoding=\"async\" src=\"https:\/\/agenciabrasil.ebc.com.br\/ebc.png?id=1567017&amp;o=node\" \/><img decoding=\"async\" src=\"https:\/\/agenciabrasil.ebc.com.br\/ebc.gif?id=1567017&amp;o=node\" \/><\/p>\n<p>De acordo com procurador \u00c1llysson Scorsafava, do Minist\u00e9rio P\u00fablico do Trabalho (MPT), Marinalva e Mauroz\u00e3, hoje com 47 e 53 anos respectivamente, s\u00e3o explorados pela produtora de hortifruti, localizada na \u00e1rea rural da cidade de Pontal do Araguaia, pelo menos desde 1998, quando o pai deles faleceu.<\/p>\n<p>O MPT registrou em a\u00e7\u00e3o na Justi\u00e7a que as v\u00edtimas n\u00e3o podiam deixar a fazenda, n\u00e3o recebiam sal\u00e1rio, n\u00e3o gozavam folga ou f\u00e9rias, sofriam agress\u00f5es cont\u00ednuas, eram mal alimentados e n\u00e3o tinham acesso a banheiro, roupa limpa e equipamento de prote\u00e7\u00e3o individual. No caso de Marinalva, constam relatos de abuso sexual e de apropria\u00e7\u00e3o ilegal do cr\u00e9dito do Benef\u00edcio de Presta\u00e7\u00e3o Continuada (BPC), pago desde 2000.<\/p>\n<p>Os irm\u00e3os n\u00e3o sabem exatamente quando come\u00e7aram a trabalhar na fazenda. \u201cEles apresentavam um quadro mental bastante confuso\u201d, lembra o procurador. Segundo Scorsafava, laudo do Centro de Refer\u00eancia da Assist\u00eancia Social (Cras) de Pontal do Araguaia assinala que as v\u00edtimas t\u00eam \u201cdefici\u00eancia intelectual.\u201d<\/p>\n<p>Foi a partir de den\u00fancias recebidas que o Cras tomou conhecimento da situa\u00e7\u00e3o das duas v\u00edtimas e acionou a Pol\u00edcia Militar para o resgate, em dezembro de 2019. Al\u00e9m dos dois irm\u00e3os, foi resgatado na mesma fazenda, em janeiro de 2020, Rafael dos Santos, filho de Marinalva. Os tr\u00eas trabalhadores s\u00e3o negros.<\/p>\n<p>Conforme divulgado pelo MPT na internet, a Fazenda Canoeiro pertence \u00e0 Odete Maria da Silva e aos seus filhos Lucimar Justino da Silva e Vera L\u00facia Justina Ata\u00edde. Em acordo de concilia\u00e7\u00e3o na Justi\u00e7a do Trabalho, eles concordaram em fazer o registo dos tr\u00eas em carteira de trabalho.<\/p>\n<p>No caso de Marinalva e Mauroz\u00e3, a anota\u00e7\u00e3o ser\u00e1 do per\u00edodo de 08\/11\/1998 a 03\/03\/2020. No caso de Rafael, o per\u00edodo ser\u00e1 de 21\/12\/2010 a 11\/02\/2020. O registro ser\u00e1 na fun\u00e7\u00e3o de servi\u00e7os gerais, com remunera\u00e7\u00e3o de um sal\u00e1rio m\u00ednimo nacional. Eles tamb\u00e9m ter\u00e3o direito ao seguro-desemprego.<\/p>\n<p>Em nota, o MPT informa que para o pagamento das indeniza\u00e7\u00f5es dos direitos trabalhistas e dos danos causados aos trabalhadores, os r\u00e9us concordaram em vender o equivalente a um alqueire de terra (equivalente a 4,84 hectares no Mato Grosso) at\u00e9 janeiro do pr\u00f3ximo ano. Caso n\u00e3o a \u00e1rea n\u00e3o seja vendida, ser\u00e1 penhorada para leil\u00e3o judicial. Por quest\u00e3o de seguran\u00e7a das v\u00edtimas, n\u00e3o foi informado o valor total que receber\u00e3o.<\/p>\n<p>As repara\u00e7\u00f5es s\u00e3o resultado de A\u00e7\u00e3o Civil P\u00fablica do Minist\u00e9rio P\u00fablico do Trabalho. Os r\u00e9us poder\u00e3o ser ainda condenados em a\u00e7\u00e3o criminal movida pelo Minist\u00e9rio P\u00fablico Federal no Tribunal Regional Federal da 1\u00aa Regi\u00e3o (TRF1).<\/p>\n<p>Leia mais<\/p>\n<p><a href=\"https:\/\/redenoticiaz.com.br\/blog\/2023\/03\/19\/somente-em-2023-mais-de-500-vitimas-de-trabalho-analogo-a-escravidao-foram-resgatadas\">Somente em 2023, mais de 500 v\u00edtimas de trabalho an\u00e1logo \u00e0 escravid\u00e3o foram resgatadas<br \/>\n<\/a><\/p>\n<p><a href=\"https:\/\/redenoticiaz.com.br\/blog\/2022\/12\/08\/casal-e-acusado-de-manter-idosa-em-situacao-analoga-a-escravidao-por-27-anos\">Campanha de Multivacina\u00e7\u00e3o \u00e9 prorrogada at\u00e9 dezembro em Jundia\u00ed<\/a><\/p>\n","protected":false},"excerpt":{"rendered":"<p>Os irm\u00e3os Marinalva Santos e Mauroz\u00e3 Santos obtiveram na Justi\u00e7a do Trabalho (Vara de Barra do Gar\u00e7as \u2013 MT) o direito \u00e0 repara\u00e7\u00e3o financeira por explora\u00e7\u00e3o de trabalho an\u00e1logo \u00e0 escravid\u00e3o na Fazenda Canoeiro, no sudeste de Mato Grosso, a 510 quil\u00f4metros de Cuiab\u00e1. De acordo com procurador \u00c1llysson Scorsafava, do Minist\u00e9rio P\u00fablico do Trabalho &hellip;<\/p>\n","protected":false},"author":12,"featured_media":102656,"comment_status":"open","ping_status":"closed","sticky":false,"template":"","format":"standard","meta":{"footnotes":""},"categories":[10278,1625],"tags":[25518,62878,58,31446],"class_list":["post-112197","post","type-post","status-publish","format-standard","has-post-thumbnail","hentry","category-cidadania","category-direitos-humanos","tag-empresas-podem-doar-para-pesquisa-contra-dovid","tag-escravidao","tag-pesquisa","tag-trabalho"],"yoast_head":"<!-- This site is optimized with the Yoast SEO plugin v27.4 - https:\/\/yoast.com\/product\/yoast-seo-wordpress\/ -->\n<title>V\u00edtimas de trabalho escravo por mais de 20 anos ser\u00e3o indenizadas - Litoral SP<\/title>\n<meta name=\"description\" content=\"Os irm\u00e3os Marinalva Santos e Mauroz\u00e3 Santos obtiveram na Justi\u00e7a do Trabalho (Vara de Barra do Gar\u00e7as \u2013 MT) o direito \u00e0 repara\u00e7\u00e3o financeira por explora\u00e7\u00e3o de trabalho an\u00e1logo \u00e0 escravid\u00e3o na Fazenda Canoeiro, no sudeste de Mato Grosso, a 510 quil\u00f4metros de Cuiab\u00e1.\" \/>\n<meta name=\"robots\" content=\"index, follow, max-snippet:-1, max-image-preview:large, max-video-preview:-1\" \/>\n<link rel=\"canonical\" href=\"https:\/\/redenoticiaz.com.br\/litoralsp\/2023\/11\/19\/__trashed\" \/>\n<meta property=\"og:locale\" content=\"pt_BR\" \/>\n<meta property=\"og:type\" content=\"article\" \/>\n<meta property=\"og:title\" content=\"V\u00edtimas de trabalho escravo por mais de 20 anos ser\u00e3o indenizadas - Litoral SP\" \/>\n<meta property=\"og:description\" content=\"Os irm\u00e3os Marinalva Santos e Mauroz\u00e3 Santos obtiveram na Justi\u00e7a do Trabalho (Vara de Barra do Gar\u00e7as \u2013 MT) o direito \u00e0 repara\u00e7\u00e3o financeira por explora\u00e7\u00e3o de trabalho an\u00e1logo \u00e0 escravid\u00e3o na Fazenda Canoeiro, no sudeste de Mato Grosso, a 510 quil\u00f4metros de Cuiab\u00e1.\" \/>\n<meta property=\"og:url\" content=\"https:\/\/redenoticiaz.com.br\/litoralsp\/2023\/11\/19\/__trashed\" \/>\n<meta property=\"og:site_name\" content=\"Litoral SP\" \/>\n<meta property=\"article:published_time\" content=\"2023-11-19T13:00:51+00:00\" \/>\n<meta property=\"og:image\" content=\"https:\/\/redenoticiaz.com.br\/litoralsp\/wp-content\/uploads\/sites\/3\/2023\/03\/image_6487327_2.jpg\" \/>\n\t<meta property=\"og:image:width\" content=\"1170\" \/>\n\t<meta property=\"og:image:height\" content=\"700\" \/>\n\t<meta property=\"og:image:type\" content=\"image\/jpeg\" \/>\n<meta name=\"author\" content=\"Gustavo Silva\" \/>\n<meta name=\"twitter:card\" content=\"summary_large_image\" \/>\n<meta name=\"twitter:label1\" content=\"Escrito por\" \/>\n\t<meta name=\"twitter:data1\" content=\"Gustavo Silva\" \/>\n\t<meta name=\"twitter:label2\" content=\"Est. tempo de leitura\" \/>\n\t<meta name=\"twitter:data2\" content=\"4 minutos\" \/>\n<script type=\"application\/ld+json\" class=\"yoast-schema-graph\">{\"@context\":\"https:\\\/\\\/schema.org\",\"@graph\":[{\"@type\":\"Article\",\"@id\":\"https:\\\/\\\/redenoticiaz.com.br\\\/litoralsp\\\/2023\\\/11\\\/19\\\/__trashed#article\",\"isPartOf\":{\"@id\":\"https:\\\/\\\/redenoticiaz.com.br\\\/litoralsp\\\/2023\\\/11\\\/19\\\/__trashed\"},\"author\":{\"name\":\"Gustavo Silva\",\"@id\":\"https:\\\/\\\/redenoticiaz.com.br\\\/litoralsp\\\/#\\\/schema\\\/person\\\/16057b37a3c0ee6b096d7f887c566e2e\"},\"headline\":\"V\u00edtimas de trabalho escravo por mais de 20 anos ser\u00e3o indenizadas\",\"datePublished\":\"2023-11-19T13:00:51+00:00\",\"mainEntityOfPage\":{\"@id\":\"https:\\\/\\\/redenoticiaz.com.br\\\/litoralsp\\\/2023\\\/11\\\/19\\\/__trashed\"},\"wordCount\":553,\"commentCount\":0,\"publisher\":{\"@id\":\"https:\\\/\\\/redenoticiaz.com.br\\\/litoralsp\\\/#organization\"},\"image\":{\"@id\":\"https:\\\/\\\/redenoticiaz.com.br\\\/litoralsp\\\/2023\\\/11\\\/19\\\/__trashed#primaryimage\"},\"thumbnailUrl\":\"https:\\\/\\\/redenoticiaz.com.br\\\/litoralsp\\\/wp-content\\\/uploads\\\/sites\\\/3\\\/2023\\\/03\\\/image_6487327_2.jpg\",\"keywords\":[\"empresas podem doar para pesquisa contra dovid\",\"escravid\u00e3o\",\"pesquisa\",\"trabalho\"],\"articleSection\":[\"Cidadania\",\"Direitos Humanos\"],\"inLanguage\":\"pt-BR\",\"potentialAction\":[{\"@type\":\"CommentAction\",\"name\":\"Comment\",\"target\":[\"https:\\\/\\\/redenoticiaz.com.br\\\/litoralsp\\\/2023\\\/11\\\/19\\\/__trashed#respond\"]}]},{\"@type\":\"WebPage\",\"@id\":\"https:\\\/\\\/redenoticiaz.com.br\\\/litoralsp\\\/2023\\\/11\\\/19\\\/__trashed\",\"url\":\"https:\\\/\\\/redenoticiaz.com.br\\\/litoralsp\\\/2023\\\/11\\\/19\\\/__trashed\",\"name\":\"V\u00edtimas de trabalho escravo por mais de 20 anos ser\u00e3o indenizadas - Litoral SP\",\"isPartOf\":{\"@id\":\"https:\\\/\\\/redenoticiaz.com.br\\\/litoralsp\\\/#website\"},\"primaryImageOfPage\":{\"@id\":\"https:\\\/\\\/redenoticiaz.com.br\\\/litoralsp\\\/2023\\\/11\\\/19\\\/__trashed#primaryimage\"},\"image\":{\"@id\":\"https:\\\/\\\/redenoticiaz.com.br\\\/litoralsp\\\/2023\\\/11\\\/19\\\/__trashed#primaryimage\"},\"thumbnailUrl\":\"https:\\\/\\\/redenoticiaz.com.br\\\/litoralsp\\\/wp-content\\\/uploads\\\/sites\\\/3\\\/2023\\\/03\\\/image_6487327_2.jpg\",\"datePublished\":\"2023-11-19T13:00:51+00:00\",\"description\":\"Os irm\u00e3os Marinalva Santos e Mauroz\u00e3 Santos obtiveram na Justi\u00e7a do Trabalho (Vara de Barra do Gar\u00e7as \u2013 MT) o direito \u00e0 repara\u00e7\u00e3o financeira por explora\u00e7\u00e3o de trabalho an\u00e1logo \u00e0 escravid\u00e3o na Fazenda Canoeiro, no sudeste de Mato Grosso, a 510 quil\u00f4metros de Cuiab\u00e1.\",\"inLanguage\":\"pt-BR\",\"potentialAction\":[{\"@type\":\"ReadAction\",\"target\":[\"https:\\\/\\\/redenoticiaz.com.br\\\/litoralsp\\\/2023\\\/11\\\/19\\\/__trashed\"]}]},{\"@type\":\"ImageObject\",\"inLanguage\":\"pt-BR\",\"@id\":\"https:\\\/\\\/redenoticiaz.com.br\\\/litoralsp\\\/2023\\\/11\\\/19\\\/__trashed#primaryimage\",\"url\":\"https:\\\/\\\/redenoticiaz.com.br\\\/litoralsp\\\/wp-content\\\/uploads\\\/sites\\\/3\\\/2023\\\/03\\\/image_6487327_2.jpg\",\"contentUrl\":\"https:\\\/\\\/redenoticiaz.com.br\\\/litoralsp\\\/wp-content\\\/uploads\\\/sites\\\/3\\\/2023\\\/03\\\/image_6487327_2.jpg\",\"width\":1170,\"height\":700,\"caption\":\"523 v\u00edtimas de trabalho an\u00e1logo \u00e0 escravid\u00e3o foram resgatadas. Cr\u00e9dito: Reprodu\u00e7\u00e3o\"},{\"@type\":\"WebSite\",\"@id\":\"https:\\\/\\\/redenoticiaz.com.br\\\/litoralsp\\\/#website\",\"url\":\"https:\\\/\\\/redenoticiaz.com.br\\\/litoralsp\\\/\",\"name\":\"Litoral SP\",\"description\":\"Rede NoticiaZ\",\"publisher\":{\"@id\":\"https:\\\/\\\/redenoticiaz.com.br\\\/litoralsp\\\/#organization\"},\"potentialAction\":[{\"@type\":\"SearchAction\",\"target\":{\"@type\":\"EntryPoint\",\"urlTemplate\":\"https:\\\/\\\/redenoticiaz.com.br\\\/litoralsp\\\/?s={search_term_string}\"},\"query-input\":{\"@type\":\"PropertyValueSpecification\",\"valueRequired\":true,\"valueName\":\"search_term_string\"}}],\"inLanguage\":\"pt-BR\"},{\"@type\":\"Organization\",\"@id\":\"https:\\\/\\\/redenoticiaz.com.br\\\/litoralsp\\\/#organization\",\"name\":\"Litoral SP\",\"url\":\"https:\\\/\\\/redenoticiaz.com.br\\\/litoralsp\\\/\",\"logo\":{\"@type\":\"ImageObject\",\"inLanguage\":\"pt-BR\",\"@id\":\"https:\\\/\\\/redenoticiaz.com.br\\\/litoralsp\\\/#\\\/schema\\\/logo\\\/image\\\/\",\"url\":\"https:\\\/\\\/redenoticiaz.com.br\\\/litoralsp\\\/wp-content\\\/uploads\\\/sites\\\/3\\\/2020\\\/11\\\/logo.jpg\",\"contentUrl\":\"https:\\\/\\\/redenoticiaz.com.br\\\/litoralsp\\\/wp-content\\\/uploads\\\/sites\\\/3\\\/2020\\\/11\\\/logo.jpg\",\"width\":400,\"height\":250,\"caption\":\"Litoral SP\"},\"image\":{\"@id\":\"https:\\\/\\\/redenoticiaz.com.br\\\/litoralsp\\\/#\\\/schema\\\/logo\\\/image\\\/\"}},{\"@type\":\"Person\",\"@id\":\"https:\\\/\\\/redenoticiaz.com.br\\\/litoralsp\\\/#\\\/schema\\\/person\\\/16057b37a3c0ee6b096d7f887c566e2e\",\"name\":\"Gustavo Silva\",\"image\":{\"@type\":\"ImageObject\",\"inLanguage\":\"pt-BR\",\"@id\":\"https:\\\/\\\/secure.gravatar.com\\\/avatar\\\/3ee4e82f93b26de0a7cf4ea5eb7893da637ed6bb0c9170c58065944c56e28a33?s=96&d=mm&r=g\",\"url\":\"https:\\\/\\\/secure.gravatar.com\\\/avatar\\\/3ee4e82f93b26de0a7cf4ea5eb7893da637ed6bb0c9170c58065944c56e28a33?s=96&d=mm&r=g\",\"contentUrl\":\"https:\\\/\\\/secure.gravatar.com\\\/avatar\\\/3ee4e82f93b26de0a7cf4ea5eb7893da637ed6bb0c9170c58065944c56e28a33?s=96&d=mm&r=g\",\"caption\":\"Gustavo Silva\"},\"url\":\"https:\\\/\\\/redenoticiaz.com.br\\\/litoralsp\\\/author\\\/gustavosilva\"}]}<\/script>\n<!-- \/ Yoast SEO plugin. -->","yoast_head_json":{"title":"V\u00edtimas de trabalho escravo por mais de 20 anos ser\u00e3o indenizadas - Litoral SP","description":"Os irm\u00e3os Marinalva Santos e Mauroz\u00e3 Santos obtiveram na Justi\u00e7a do Trabalho (Vara de Barra do Gar\u00e7as \u2013 MT) o direito \u00e0 repara\u00e7\u00e3o financeira por explora\u00e7\u00e3o de trabalho an\u00e1logo \u00e0 escravid\u00e3o na Fazenda Canoeiro, no sudeste de Mato Grosso, a 510 quil\u00f4metros de Cuiab\u00e1.","robots":{"index":"index","follow":"follow","max-snippet":"max-snippet:-1","max-image-preview":"max-image-preview:large","max-video-preview":"max-video-preview:-1"},"canonical":"https:\/\/redenoticiaz.com.br\/litoralsp\/2023\/11\/19\/__trashed","og_locale":"pt_BR","og_type":"article","og_title":"V\u00edtimas de trabalho escravo por mais de 20 anos ser\u00e3o indenizadas - Litoral SP","og_description":"Os irm\u00e3os Marinalva Santos e Mauroz\u00e3 Santos obtiveram na Justi\u00e7a do Trabalho (Vara de Barra do Gar\u00e7as \u2013 MT) o direito \u00e0 repara\u00e7\u00e3o financeira por explora\u00e7\u00e3o de trabalho an\u00e1logo \u00e0 escravid\u00e3o na Fazenda Canoeiro, no sudeste de Mato Grosso, a 510 quil\u00f4metros de Cuiab\u00e1.","og_url":"https:\/\/redenoticiaz.com.br\/litoralsp\/2023\/11\/19\/__trashed","og_site_name":"Litoral SP","article_published_time":"2023-11-19T13:00:51+00:00","og_image":[{"width":1170,"height":700,"url":"https:\/\/redenoticiaz.com.br\/litoralsp\/wp-content\/uploads\/sites\/3\/2023\/03\/image_6487327_2.jpg","type":"image\/jpeg"}],"author":"Gustavo Silva","twitter_card":"summary_large_image","twitter_misc":{"Escrito por":"Gustavo Silva","Est. tempo de leitura":"4 minutos"},"schema":{"@context":"https:\/\/schema.org","@graph":[{"@type":"Article","@id":"https:\/\/redenoticiaz.com.br\/litoralsp\/2023\/11\/19\/__trashed#article","isPartOf":{"@id":"https:\/\/redenoticiaz.com.br\/litoralsp\/2023\/11\/19\/__trashed"},"author":{"name":"Gustavo Silva","@id":"https:\/\/redenoticiaz.com.br\/litoralsp\/#\/schema\/person\/16057b37a3c0ee6b096d7f887c566e2e"},"headline":"V\u00edtimas de trabalho escravo por mais de 20 anos ser\u00e3o indenizadas","datePublished":"2023-11-19T13:00:51+00:00","mainEntityOfPage":{"@id":"https:\/\/redenoticiaz.com.br\/litoralsp\/2023\/11\/19\/__trashed"},"wordCount":553,"commentCount":0,"publisher":{"@id":"https:\/\/redenoticiaz.com.br\/litoralsp\/#organization"},"image":{"@id":"https:\/\/redenoticiaz.com.br\/litoralsp\/2023\/11\/19\/__trashed#primaryimage"},"thumbnailUrl":"https:\/\/redenoticiaz.com.br\/litoralsp\/wp-content\/uploads\/sites\/3\/2023\/03\/image_6487327_2.jpg","keywords":["empresas podem doar para pesquisa contra dovid","escravid\u00e3o","pesquisa","trabalho"],"articleSection":["Cidadania","Direitos Humanos"],"inLanguage":"pt-BR","potentialAction":[{"@type":"CommentAction","name":"Comment","target":["https:\/\/redenoticiaz.com.br\/litoralsp\/2023\/11\/19\/__trashed#respond"]}]},{"@type":"WebPage","@id":"https:\/\/redenoticiaz.com.br\/litoralsp\/2023\/11\/19\/__trashed","url":"https:\/\/redenoticiaz.com.br\/litoralsp\/2023\/11\/19\/__trashed","name":"V\u00edtimas de trabalho escravo por mais de 20 anos ser\u00e3o indenizadas - Litoral SP","isPartOf":{"@id":"https:\/\/redenoticiaz.com.br\/litoralsp\/#website"},"primaryImageOfPage":{"@id":"https:\/\/redenoticiaz.com.br\/litoralsp\/2023\/11\/19\/__trashed#primaryimage"},"image":{"@id":"https:\/\/redenoticiaz.com.br\/litoralsp\/2023\/11\/19\/__trashed#primaryimage"},"thumbnailUrl":"https:\/\/redenoticiaz.com.br\/litoralsp\/wp-content\/uploads\/sites\/3\/2023\/03\/image_6487327_2.jpg","datePublished":"2023-11-19T13:00:51+00:00","description":"Os irm\u00e3os Marinalva Santos e Mauroz\u00e3 Santos obtiveram na Justi\u00e7a do Trabalho (Vara de Barra do Gar\u00e7as \u2013 MT) o direito \u00e0 repara\u00e7\u00e3o financeira por explora\u00e7\u00e3o de trabalho an\u00e1logo \u00e0 escravid\u00e3o na Fazenda Canoeiro, no sudeste de Mato Grosso, a 510 quil\u00f4metros de Cuiab\u00e1.","inLanguage":"pt-BR","potentialAction":[{"@type":"ReadAction","target":["https:\/\/redenoticiaz.com.br\/litoralsp\/2023\/11\/19\/__trashed"]}]},{"@type":"ImageObject","inLanguage":"pt-BR","@id":"https:\/\/redenoticiaz.com.br\/litoralsp\/2023\/11\/19\/__trashed#primaryimage","url":"https:\/\/redenoticiaz.com.br\/litoralsp\/wp-content\/uploads\/sites\/3\/2023\/03\/image_6487327_2.jpg","contentUrl":"https:\/\/redenoticiaz.com.br\/litoralsp\/wp-content\/uploads\/sites\/3\/2023\/03\/image_6487327_2.jpg","width":1170,"height":700,"caption":"523 v\u00edtimas de trabalho an\u00e1logo \u00e0 escravid\u00e3o foram resgatadas. Cr\u00e9dito: Reprodu\u00e7\u00e3o"},{"@type":"WebSite","@id":"https:\/\/redenoticiaz.com.br\/litoralsp\/#website","url":"https:\/\/redenoticiaz.com.br\/litoralsp\/","name":"Litoral SP","description":"Rede NoticiaZ","publisher":{"@id":"https:\/\/redenoticiaz.com.br\/litoralsp\/#organization"},"potentialAction":[{"@type":"SearchAction","target":{"@type":"EntryPoint","urlTemplate":"https:\/\/redenoticiaz.com.br\/litoralsp\/?s={search_term_string}"},"query-input":{"@type":"PropertyValueSpecification","valueRequired":true,"valueName":"search_term_string"}}],"inLanguage":"pt-BR"},{"@type":"Organization","@id":"https:\/\/redenoticiaz.com.br\/litoralsp\/#organization","name":"Litoral SP","url":"https:\/\/redenoticiaz.com.br\/litoralsp\/","logo":{"@type":"ImageObject","inLanguage":"pt-BR","@id":"https:\/\/redenoticiaz.com.br\/litoralsp\/#\/schema\/logo\/image\/","url":"https:\/\/redenoticiaz.com.br\/litoralsp\/wp-content\/uploads\/sites\/3\/2020\/11\/logo.jpg","contentUrl":"https:\/\/redenoticiaz.com.br\/litoralsp\/wp-content\/uploads\/sites\/3\/2020\/11\/logo.jpg","width":400,"height":250,"caption":"Litoral SP"},"image":{"@id":"https:\/\/redenoticiaz.com.br\/litoralsp\/#\/schema\/logo\/image\/"}},{"@type":"Person","@id":"https:\/\/redenoticiaz.com.br\/litoralsp\/#\/schema\/person\/16057b37a3c0ee6b096d7f887c566e2e","name":"Gustavo Silva","image":{"@type":"ImageObject","inLanguage":"pt-BR","@id":"https:\/\/secure.gravatar.com\/avatar\/3ee4e82f93b26de0a7cf4ea5eb7893da637ed6bb0c9170c58065944c56e28a33?s=96&d=mm&r=g","url":"https:\/\/secure.gravatar.com\/avatar\/3ee4e82f93b26de0a7cf4ea5eb7893da637ed6bb0c9170c58065944c56e28a33?s=96&d=mm&r=g","contentUrl":"https:\/\/secure.gravatar.com\/avatar\/3ee4e82f93b26de0a7cf4ea5eb7893da637ed6bb0c9170c58065944c56e28a33?s=96&d=mm&r=g","caption":"Gustavo Silva"},"url":"https:\/\/redenoticiaz.com.br\/litoralsp\/author\/gustavosilva"}]}},"_links":{"self":[{"href":"https:\/\/redenoticiaz.com.br\/litoralsp\/wp-json\/wp\/v2\/posts\/112197","targetHints":{"allow":["GET"]}}],"collection":[{"href":"https:\/\/redenoticiaz.com.br\/litoralsp\/wp-json\/wp\/v2\/posts"}],"about":[{"href":"https:\/\/redenoticiaz.com.br\/litoralsp\/wp-json\/wp\/v2\/types\/post"}],"author":[{"embeddable":true,"href":"https:\/\/redenoticiaz.com.br\/litoralsp\/wp-json\/wp\/v2\/users\/12"}],"replies":[{"embeddable":true,"href":"https:\/\/redenoticiaz.com.br\/litoralsp\/wp-json\/wp\/v2\/comments?post=112197"}],"version-history":[{"count":1,"href":"https:\/\/redenoticiaz.com.br\/litoralsp\/wp-json\/wp\/v2\/posts\/112197\/revisions"}],"predecessor-version":[{"id":112235,"href":"https:\/\/redenoticiaz.com.br\/litoralsp\/wp-json\/wp\/v2\/posts\/112197\/revisions\/112235"}],"wp:featuredmedia":[{"embeddable":true,"href":"https:\/\/redenoticiaz.com.br\/litoralsp\/wp-json\/wp\/v2\/media\/102656"}],"wp:attachment":[{"href":"https:\/\/redenoticiaz.com.br\/litoralsp\/wp-json\/wp\/v2\/media?parent=112197"}],"wp:term":[{"taxonomy":"category","embeddable":true,"href":"https:\/\/redenoticiaz.com.br\/litoralsp\/wp-json\/wp\/v2\/categories?post=112197"},{"taxonomy":"post_tag","embeddable":true,"href":"https:\/\/redenoticiaz.com.br\/litoralsp\/wp-json\/wp\/v2\/tags?post=112197"}],"curies":[{"name":"wp","href":"https:\/\/api.w.org\/{rel}","templated":true}]}}