{"id":112208,"date":"2023-11-17T15:50:47","date_gmt":"2023-11-17T18:50:47","guid":{"rendered":"https:\/\/redenoticiaz.com.br\/litoralsp\/?p=112208"},"modified":"2023-11-17T15:50:47","modified_gmt":"2023-11-17T18:50:47","slug":"santos-pode-ter-ventos-de-ate-100km-h","status":"publish","type":"post","link":"https:\/\/redenoticiaz.com.br\/litoralsp\/2023\/11\/17\/santos-pode-ter-ventos-de-ate-100km-h","title":{"rendered":"Santos pode ter ventos de at\u00e9 100km\/h"},"content":{"rendered":"<p>Rajadas de vento de at\u00e9 100km\/h podem atingir Santos neste s\u00e1bado (18), a partir das 18h. O alerta \u00e9 da Defesa Civil da Cidade, com base nos modelos de previs\u00e3o meteorol\u00f3gica.<\/p>\n<p>De acordo com as informa\u00e7\u00f5es, ao ser informado deste cen\u00e1rio, o prefeito Rog\u00e9rio Santos reuniu nesta sexta-feira (17) equipes da Defesa Civil, Corpo de Bombeiros, da empresa fornecedora de energia el\u00e9trica, das prefeituras regionais e da CET-Santos para pedir a\u00e7\u00f5es integradas visando a seguran\u00e7a dos moradores.<\/p>\n<p>Ainda de acordo com as informa\u00e7\u00f5es, entre s\u00e1bado (18) e segunda-feira (20), a previs\u00e3o \u00e9 de pancadas de chuvas de at\u00e9 80 mil\u00edmetros na Cidade.<\/p>\n<p>Sendo assim, a Defesa Civil est\u00e1 enviando alertas aos moradores de \u00e1reas de risco para sinais como rachaduras em encostas. A CET-Santos e as prefeituras regionais v\u00e3o ter representantes coordenando as a\u00e7\u00f5es no Centro de Controle Operacional (CCO), no Pa\u00e7o Municipal.<\/p>\n<p>Enfim, os \u00faltimos modelos de previs\u00e3o apontam probabilidade de ventos de 80km\/h a 100km\/h no s\u00e1bado, no per\u00edodo entre 18h e 21h.<\/p>\n<p>Gerente de Rela\u00e7\u00f5es Institucionais da CPFL, Jos\u00e9 Ricardo Ribeiro afirma que a empresa estar\u00e1 de plant\u00e3o no fim de semana com 34 equipes, reunindo 65 colaboradores, para eventuais a\u00e7\u00f5es de restabelecimento do fornecimento de energia el\u00e9trica.<\/p>\n<p><strong>Leia mais<\/strong><\/p>\n<p><a href=\"https:\/\/redenoticiaz.com.br\/blog\/2023\/09\/20\/domingo-aereo-celebra-150-anos-de-santos-dumont\">Domingo A\u00e9reo celebra 150 anos de Santos Dumont<\/a><\/p>\n<p><a href=\"https:\/\/redenoticiaz.com.br\/blog\/2023\/09\/14\/ex-jogador-de-futebol-sergio-chulapa-e-preso-por-nao-pagar-pensao-e-solto-com-ajuda-do-santos\">Ex-jogador de futebol Sergio Chulapa \u00e9 preso por n\u00e3o pagar pens\u00e3o e solto com ajuda do Santos<\/a><\/p>\n","protected":false},"excerpt":{"rendered":"<p>Rajadas de vento de at\u00e9 100km\/h podem atingir Santos neste s\u00e1bado (18), a partir das 18h. O alerta \u00e9 da Defesa Civil da Cidade, com base nos modelos de previs\u00e3o meteorol\u00f3gica. De acordo com as informa\u00e7\u00f5es, ao ser informado deste cen\u00e1rio, o prefeito Rog\u00e9rio Santos reuniu nesta sexta-feira (17) equipes da Defesa Civil, Corpo de &hellip;<\/p>\n","protected":false},"author":12,"featured_media":0,"comment_status":"open","ping_status":"closed","sticky":false,"template":"","format":"standard","meta":{"footnotes":""},"categories":[26798,180],"tags":[5380,5316,986],"class_list":["post-112208","post","type-post","status-publish","format-standard","hentry","category-climatologia","category-santos","tag-cet-santos","tag-corpo-de-bombeiros","tag-santos"],"yoast_head":"<!-- This site is optimized with the Yoast SEO plugin v27.4 - https:\/\/yoast.com\/product\/yoast-seo-wordpress\/ -->\n<title>Santos pode ter ventos de at\u00e9 100km\/h - Litoral SP<\/title>\n<meta name=\"description\" content=\"Rajadas de vento de at\u00e9 100km\/h podem atingir Santos neste s\u00e1bado (18), a partir das 18h. O alerta \u00e9 da Defesa Civil da Cidade, com base nos modelos de previs\u00e3o meteorol\u00f3gica.\" \/>\n<meta name=\"robots\" content=\"index, follow, max-snippet:-1, max-image-preview:large, max-video-preview:-1\" \/>\n<link rel=\"canonical\" href=\"https:\/\/redenoticiaz.com.br\/litoralsp\/2023\/11\/17\/santos-pode-ter-ventos-de-ate-100km-h\" \/>\n<meta property=\"og:locale\" content=\"pt_BR\" \/>\n<meta property=\"og:type\" content=\"article\" \/>\n<meta property=\"og:title\" content=\"Santos pode ter ventos de at\u00e9 100km\/h - Litoral SP\" \/>\n<meta property=\"og:description\" content=\"Rajadas de vento de at\u00e9 100km\/h podem atingir Santos neste s\u00e1bado (18), a partir das 18h. O alerta \u00e9 da Defesa Civil da Cidade, com base nos modelos de previs\u00e3o meteorol\u00f3gica.\" \/>\n<meta property=\"og:url\" content=\"https:\/\/redenoticiaz.com.br\/litoralsp\/2023\/11\/17\/santos-pode-ter-ventos-de-ate-100km-h\" \/>\n<meta property=\"og:site_name\" content=\"Litoral SP\" \/>\n<meta property=\"article:published_time\" content=\"2023-11-17T18:50:47+00:00\" \/>\n<meta name=\"author\" content=\"Gustavo Silva\" \/>\n<meta name=\"twitter:card\" content=\"summary_large_image\" \/>\n<meta name=\"twitter:label1\" content=\"Escrito por\" \/>\n\t<meta name=\"twitter:data1\" content=\"Gustavo Silva\" \/>\n\t<meta name=\"twitter:label2\" content=\"Est. tempo de leitura\" \/>\n\t<meta name=\"twitter:data2\" content=\"2 minutos\" \/>\n<script type=\"application\/ld+json\" class=\"yoast-schema-graph\">{\"@context\":\"https:\\\/\\\/schema.org\",\"@graph\":[{\"@type\":\"Article\",\"@id\":\"https:\\\/\\\/redenoticiaz.com.br\\\/litoralsp\\\/2023\\\/11\\\/17\\\/santos-pode-ter-ventos-de-ate-100km-h#article\",\"isPartOf\":{\"@id\":\"https:\\\/\\\/redenoticiaz.com.br\\\/litoralsp\\\/2023\\\/11\\\/17\\\/santos-pode-ter-ventos-de-ate-100km-h\"},\"author\":{\"name\":\"Gustavo Silva\",\"@id\":\"https:\\\/\\\/redenoticiaz.com.br\\\/litoralsp\\\/#\\\/schema\\\/person\\\/16057b37a3c0ee6b096d7f887c566e2e\"},\"headline\":\"Santos pode ter ventos de at\u00e9 100km\\\/h\",\"datePublished\":\"2023-11-17T18:50:47+00:00\",\"mainEntityOfPage\":{\"@id\":\"https:\\\/\\\/redenoticiaz.com.br\\\/litoralsp\\\/2023\\\/11\\\/17\\\/santos-pode-ter-ventos-de-ate-100km-h\"},\"wordCount\":254,\"commentCount\":0,\"publisher\":{\"@id\":\"https:\\\/\\\/redenoticiaz.com.br\\\/litoralsp\\\/#organization\"},\"keywords\":[\"CET-SANTOS\",\"CORPO DE BOMBEIROS\",\"Santos\"],\"articleSection\":[\"Climatologia\",\"Santos\"],\"inLanguage\":\"pt-BR\",\"potentialAction\":[{\"@type\":\"CommentAction\",\"name\":\"Comment\",\"target\":[\"https:\\\/\\\/redenoticiaz.com.br\\\/litoralsp\\\/2023\\\/11\\\/17\\\/santos-pode-ter-ventos-de-ate-100km-h#respond\"]}]},{\"@type\":\"WebPage\",\"@id\":\"https:\\\/\\\/redenoticiaz.com.br\\\/litoralsp\\\/2023\\\/11\\\/17\\\/santos-pode-ter-ventos-de-ate-100km-h\",\"url\":\"https:\\\/\\\/redenoticiaz.com.br\\\/litoralsp\\\/2023\\\/11\\\/17\\\/santos-pode-ter-ventos-de-ate-100km-h\",\"name\":\"Santos pode ter ventos de at\u00e9 100km\\\/h - Litoral SP\",\"isPartOf\":{\"@id\":\"https:\\\/\\\/redenoticiaz.com.br\\\/litoralsp\\\/#website\"},\"datePublished\":\"2023-11-17T18:50:47+00:00\",\"description\":\"Rajadas de vento de at\u00e9 100km\\\/h podem atingir Santos neste s\u00e1bado (18), a partir das 18h. O alerta \u00e9 da Defesa Civil da Cidade, com base nos modelos de previs\u00e3o meteorol\u00f3gica.\",\"inLanguage\":\"pt-BR\",\"potentialAction\":[{\"@type\":\"ReadAction\",\"target\":[\"https:\\\/\\\/redenoticiaz.com.br\\\/litoralsp\\\/2023\\\/11\\\/17\\\/santos-pode-ter-ventos-de-ate-100km-h\"]}]},{\"@type\":\"WebSite\",\"@id\":\"https:\\\/\\\/redenoticiaz.com.br\\\/litoralsp\\\/#website\",\"url\":\"https:\\\/\\\/redenoticiaz.com.br\\\/litoralsp\\\/\",\"name\":\"Litoral SP\",\"description\":\"Rede NoticiaZ\",\"publisher\":{\"@id\":\"https:\\\/\\\/redenoticiaz.com.br\\\/litoralsp\\\/#organization\"},\"potentialAction\":[{\"@type\":\"SearchAction\",\"target\":{\"@type\":\"EntryPoint\",\"urlTemplate\":\"https:\\\/\\\/redenoticiaz.com.br\\\/litoralsp\\\/?s={search_term_string}\"},\"query-input\":{\"@type\":\"PropertyValueSpecification\",\"valueRequired\":true,\"valueName\":\"search_term_string\"}}],\"inLanguage\":\"pt-BR\"},{\"@type\":\"Organization\",\"@id\":\"https:\\\/\\\/redenoticiaz.com.br\\\/litoralsp\\\/#organization\",\"name\":\"Litoral SP\",\"url\":\"https:\\\/\\\/redenoticiaz.com.br\\\/litoralsp\\\/\",\"logo\":{\"@type\":\"ImageObject\",\"inLanguage\":\"pt-BR\",\"@id\":\"https:\\\/\\\/redenoticiaz.com.br\\\/litoralsp\\\/#\\\/schema\\\/logo\\\/image\\\/\",\"url\":\"https:\\\/\\\/redenoticiaz.com.br\\\/litoralsp\\\/wp-content\\\/uploads\\\/sites\\\/3\\\/2020\\\/11\\\/logo.jpg\",\"contentUrl\":\"https:\\\/\\\/redenoticiaz.com.br\\\/litoralsp\\\/wp-content\\\/uploads\\\/sites\\\/3\\\/2020\\\/11\\\/logo.jpg\",\"width\":400,\"height\":250,\"caption\":\"Litoral SP\"},\"image\":{\"@id\":\"https:\\\/\\\/redenoticiaz.com.br\\\/litoralsp\\\/#\\\/schema\\\/logo\\\/image\\\/\"}},{\"@type\":\"Person\",\"@id\":\"https:\\\/\\\/redenoticiaz.com.br\\\/litoralsp\\\/#\\\/schema\\\/person\\\/16057b37a3c0ee6b096d7f887c566e2e\",\"name\":\"Gustavo Silva\",\"image\":{\"@type\":\"ImageObject\",\"inLanguage\":\"pt-BR\",\"@id\":\"https:\\\/\\\/secure.gravatar.com\\\/avatar\\\/3ee4e82f93b26de0a7cf4ea5eb7893da637ed6bb0c9170c58065944c56e28a33?s=96&d=mm&r=g\",\"url\":\"https:\\\/\\\/secure.gravatar.com\\\/avatar\\\/3ee4e82f93b26de0a7cf4ea5eb7893da637ed6bb0c9170c58065944c56e28a33?s=96&d=mm&r=g\",\"contentUrl\":\"https:\\\/\\\/secure.gravatar.com\\\/avatar\\\/3ee4e82f93b26de0a7cf4ea5eb7893da637ed6bb0c9170c58065944c56e28a33?s=96&d=mm&r=g\",\"caption\":\"Gustavo Silva\"},\"url\":\"https:\\\/\\\/redenoticiaz.com.br\\\/litoralsp\\\/author\\\/gustavosilva\"}]}<\/script>\n<!-- \/ Yoast SEO plugin. -->","yoast_head_json":{"title":"Santos pode ter ventos de at\u00e9 100km\/h - Litoral SP","description":"Rajadas de vento de at\u00e9 100km\/h podem atingir Santos neste s\u00e1bado (18), a partir das 18h. O alerta \u00e9 da Defesa Civil da Cidade, com base nos modelos de previs\u00e3o meteorol\u00f3gica.","robots":{"index":"index","follow":"follow","max-snippet":"max-snippet:-1","max-image-preview":"max-image-preview:large","max-video-preview":"max-video-preview:-1"},"canonical":"https:\/\/redenoticiaz.com.br\/litoralsp\/2023\/11\/17\/santos-pode-ter-ventos-de-ate-100km-h","og_locale":"pt_BR","og_type":"article","og_title":"Santos pode ter ventos de at\u00e9 100km\/h - Litoral SP","og_description":"Rajadas de vento de at\u00e9 100km\/h podem atingir Santos neste s\u00e1bado (18), a partir das 18h. O alerta \u00e9 da Defesa Civil da Cidade, com base nos modelos de previs\u00e3o meteorol\u00f3gica.","og_url":"https:\/\/redenoticiaz.com.br\/litoralsp\/2023\/11\/17\/santos-pode-ter-ventos-de-ate-100km-h","og_site_name":"Litoral SP","article_published_time":"2023-11-17T18:50:47+00:00","author":"Gustavo Silva","twitter_card":"summary_large_image","twitter_misc":{"Escrito por":"Gustavo Silva","Est. tempo de leitura":"2 minutos"},"schema":{"@context":"https:\/\/schema.org","@graph":[{"@type":"Article","@id":"https:\/\/redenoticiaz.com.br\/litoralsp\/2023\/11\/17\/santos-pode-ter-ventos-de-ate-100km-h#article","isPartOf":{"@id":"https:\/\/redenoticiaz.com.br\/litoralsp\/2023\/11\/17\/santos-pode-ter-ventos-de-ate-100km-h"},"author":{"name":"Gustavo Silva","@id":"https:\/\/redenoticiaz.com.br\/litoralsp\/#\/schema\/person\/16057b37a3c0ee6b096d7f887c566e2e"},"headline":"Santos pode ter ventos de at\u00e9 100km\/h","datePublished":"2023-11-17T18:50:47+00:00","mainEntityOfPage":{"@id":"https:\/\/redenoticiaz.com.br\/litoralsp\/2023\/11\/17\/santos-pode-ter-ventos-de-ate-100km-h"},"wordCount":254,"commentCount":0,"publisher":{"@id":"https:\/\/redenoticiaz.com.br\/litoralsp\/#organization"},"keywords":["CET-SANTOS","CORPO DE BOMBEIROS","Santos"],"articleSection":["Climatologia","Santos"],"inLanguage":"pt-BR","potentialAction":[{"@type":"CommentAction","name":"Comment","target":["https:\/\/redenoticiaz.com.br\/litoralsp\/2023\/11\/17\/santos-pode-ter-ventos-de-ate-100km-h#respond"]}]},{"@type":"WebPage","@id":"https:\/\/redenoticiaz.com.br\/litoralsp\/2023\/11\/17\/santos-pode-ter-ventos-de-ate-100km-h","url":"https:\/\/redenoticiaz.com.br\/litoralsp\/2023\/11\/17\/santos-pode-ter-ventos-de-ate-100km-h","name":"Santos pode ter ventos de at\u00e9 100km\/h - Litoral SP","isPartOf":{"@id":"https:\/\/redenoticiaz.com.br\/litoralsp\/#website"},"datePublished":"2023-11-17T18:50:47+00:00","description":"Rajadas de vento de at\u00e9 100km\/h podem atingir Santos neste s\u00e1bado (18), a partir das 18h. O alerta \u00e9 da Defesa Civil da Cidade, com base nos modelos de previs\u00e3o meteorol\u00f3gica.","inLanguage":"pt-BR","potentialAction":[{"@type":"ReadAction","target":["https:\/\/redenoticiaz.com.br\/litoralsp\/2023\/11\/17\/santos-pode-ter-ventos-de-ate-100km-h"]}]},{"@type":"WebSite","@id":"https:\/\/redenoticiaz.com.br\/litoralsp\/#website","url":"https:\/\/redenoticiaz.com.br\/litoralsp\/","name":"Litoral SP","description":"Rede NoticiaZ","publisher":{"@id":"https:\/\/redenoticiaz.com.br\/litoralsp\/#organization"},"potentialAction":[{"@type":"SearchAction","target":{"@type":"EntryPoint","urlTemplate":"https:\/\/redenoticiaz.com.br\/litoralsp\/?s={search_term_string}"},"query-input":{"@type":"PropertyValueSpecification","valueRequired":true,"valueName":"search_term_string"}}],"inLanguage":"pt-BR"},{"@type":"Organization","@id":"https:\/\/redenoticiaz.com.br\/litoralsp\/#organization","name":"Litoral SP","url":"https:\/\/redenoticiaz.com.br\/litoralsp\/","logo":{"@type":"ImageObject","inLanguage":"pt-BR","@id":"https:\/\/redenoticiaz.com.br\/litoralsp\/#\/schema\/logo\/image\/","url":"https:\/\/redenoticiaz.com.br\/litoralsp\/wp-content\/uploads\/sites\/3\/2020\/11\/logo.jpg","contentUrl":"https:\/\/redenoticiaz.com.br\/litoralsp\/wp-content\/uploads\/sites\/3\/2020\/11\/logo.jpg","width":400,"height":250,"caption":"Litoral SP"},"image":{"@id":"https:\/\/redenoticiaz.com.br\/litoralsp\/#\/schema\/logo\/image\/"}},{"@type":"Person","@id":"https:\/\/redenoticiaz.com.br\/litoralsp\/#\/schema\/person\/16057b37a3c0ee6b096d7f887c566e2e","name":"Gustavo Silva","image":{"@type":"ImageObject","inLanguage":"pt-BR","@id":"https:\/\/secure.gravatar.com\/avatar\/3ee4e82f93b26de0a7cf4ea5eb7893da637ed6bb0c9170c58065944c56e28a33?s=96&d=mm&r=g","url":"https:\/\/secure.gravatar.com\/avatar\/3ee4e82f93b26de0a7cf4ea5eb7893da637ed6bb0c9170c58065944c56e28a33?s=96&d=mm&r=g","contentUrl":"https:\/\/secure.gravatar.com\/avatar\/3ee4e82f93b26de0a7cf4ea5eb7893da637ed6bb0c9170c58065944c56e28a33?s=96&d=mm&r=g","caption":"Gustavo Silva"},"url":"https:\/\/redenoticiaz.com.br\/litoralsp\/author\/gustavosilva"}]}},"_links":{"self":[{"href":"https:\/\/redenoticiaz.com.br\/litoralsp\/wp-json\/wp\/v2\/posts\/112208","targetHints":{"allow":["GET"]}}],"collection":[{"href":"https:\/\/redenoticiaz.com.br\/litoralsp\/wp-json\/wp\/v2\/posts"}],"about":[{"href":"https:\/\/redenoticiaz.com.br\/litoralsp\/wp-json\/wp\/v2\/types\/post"}],"author":[{"embeddable":true,"href":"https:\/\/redenoticiaz.com.br\/litoralsp\/wp-json\/wp\/v2\/users\/12"}],"replies":[{"embeddable":true,"href":"https:\/\/redenoticiaz.com.br\/litoralsp\/wp-json\/wp\/v2\/comments?post=112208"}],"version-history":[{"count":1,"href":"https:\/\/redenoticiaz.com.br\/litoralsp\/wp-json\/wp\/v2\/posts\/112208\/revisions"}],"predecessor-version":[{"id":112209,"href":"https:\/\/redenoticiaz.com.br\/litoralsp\/wp-json\/wp\/v2\/posts\/112208\/revisions\/112209"}],"wp:attachment":[{"href":"https:\/\/redenoticiaz.com.br\/litoralsp\/wp-json\/wp\/v2\/media?parent=112208"}],"wp:term":[{"taxonomy":"category","embeddable":true,"href":"https:\/\/redenoticiaz.com.br\/litoralsp\/wp-json\/wp\/v2\/categories?post=112208"},{"taxonomy":"post_tag","embeddable":true,"href":"https:\/\/redenoticiaz.com.br\/litoralsp\/wp-json\/wp\/v2\/tags?post=112208"}],"curies":[{"name":"wp","href":"https:\/\/api.w.org\/{rel}","templated":true}]}}