{"id":112210,"date":"2023-11-17T16:09:37","date_gmt":"2023-11-17T19:09:37","guid":{"rendered":"https:\/\/redenoticiaz.com.br\/litoralsp\/?p=112210"},"modified":"2023-11-17T16:09:37","modified_gmt":"2023-11-17T19:09:37","slug":"papai-noel-desembarca-no-miramar-shopping-neste-final-de-semana","status":"publish","type":"post","link":"https:\/\/redenoticiaz.com.br\/litoralsp\/2023\/11\/17\/papai-noel-desembarca-no-miramar-shopping-neste-final-de-semana","title":{"rendered":"Papai Noel desembarca no Miramar Shopping neste final de semana"},"content":{"rendered":"<p>O Papai Noel chega ao <strong>Miramar Shopping<\/strong> neste s\u00e1bado (18), a partir das 18 horas, com os encantos do <strong>\u201cNatal dos Anjos\u201d<\/strong>. Para receber o Bom Velhinho, o grupo <strong>\u2018Hora de Brincar\u2019<\/strong> faz um show multicolorido com personagens famosos, que vai encantar a todos.<\/p>\n<p>De acordo com as informa\u00e7\u00f5es. em seu trono iluminado e decorado com elementos cl\u00e1ssicos, o papai nel ficar\u00e1 dispon\u00edvel para receber pedidos e tirar fotos.<\/p>\n<p>Ainda de acordo com as informa\u00e7\u00f5es, de segundas a s\u00e1bados, das 14 \u00e0s 21 horas; e aos domingos e feriados, das 15 \u00e0s 21 horas, e no dia 24 de dezembro, v\u00e9spera de Natal, das 14 \u00e0s 18 horas.<\/p>\n<p>O shopping vai se transformar numa verdadeira vila natalina, com enfeites cl\u00e1ssicos, pres\u00e9pio cheio de mem\u00f3ria afetiva, fest\u00f5es e la\u00e7os.De acordo com as informa\u00e7\u00f5es, o destaque \u00e9 a presen\u00e7a de lumin\u00e1rias douradas com um mix de luz e sombras no v\u00e3o central, trazendo uma atmosfera diferenciada por todo <em>mall<\/em>.<\/p>\n<p>A tradicional \u00e1rvore de Natal traz la\u00e7os de veludo, flores, bolas vermelhas, verdes, douradas e brancas e milhares de luzes brilhantes.<\/p>\n<p>Sendo assim, o <strong>Miramar Shopping<\/strong> est\u00e1 na Rua Euclides da Cunha, 21 &#8211; Gonzaga, Santos.<\/p>\n<p><strong>Leia mais<\/strong><\/p>\n<p><a href=\"https:\/\/redenoticiaz.com.br\/litoralsp\/2023\/11\/02\/parada-de-natal-sera-realizada-no-litoral-paulista\">Parada de Natal ser\u00e1 realizada no Litoral Paulista<\/a><\/p>\n<p><a href=\"https:\/\/redenoticiaz.com.br\/litoralsp\/2022\/12\/26\/deu-ruim-no-presente-de-natal-procon-explica-o-que-deve-ser-feito\">Deu ruim no presente de Natal? Procon explica o que deve ser feito<\/a><\/p>\n","protected":false},"excerpt":{"rendered":"<p>O Papai Noel chega ao Miramar Shopping neste s\u00e1bado (18), a partir das 18 horas, com os encantos do \u201cNatal dos Anjos\u201d. Para receber o Bom Velhinho, o grupo \u2018Hora de Brincar\u2019 faz um show multicolorido com personagens famosos, que vai encantar a todos. De acordo com as informa\u00e7\u00f5es. em seu trono iluminado e decorado &hellip;<\/p>\n","protected":false},"author":12,"featured_media":112211,"comment_status":"open","ping_status":"closed","sticky":false,"template":"","format":"standard","meta":{"footnotes":""},"categories":[169,2001,180],"tags":[66293,60385,67555,40707],"class_list":["post-112210","post","type-post","status-publish","format-standard","has-post-thumbnail","hentry","category-cultura","category-cultura-e-musica","category-santos","tag-classicos","tag-fotos","tag-miramar","tag-papai-noel"],"yoast_head":"<!-- This site is optimized with the Yoast SEO plugin v27.5 - https:\/\/yoast.com\/product\/yoast-seo-wordpress\/ -->\n<title>Papai Noel desembarca no Miramar Shopping neste final de semana - Litoral SP<\/title>\n<meta name=\"description\" content=\"O Papai Noel chega ao Miramar Shopping neste s\u00e1bado (18), a partir das 18 horas, com os encantos do \u201cNatal dos Anjos\u201d.\" \/>\n<meta name=\"robots\" content=\"index, follow, max-snippet:-1, max-image-preview:large, max-video-preview:-1\" \/>\n<link rel=\"canonical\" href=\"https:\/\/redenoticiaz.com.br\/litoralsp\/2023\/11\/17\/papai-noel-desembarca-no-miramar-shopping-neste-final-de-semana\" \/>\n<meta property=\"og:locale\" content=\"pt_BR\" \/>\n<meta property=\"og:type\" content=\"article\" \/>\n<meta property=\"og:title\" content=\"Papai Noel desembarca no Miramar Shopping neste final de semana - Litoral SP\" \/>\n<meta property=\"og:description\" content=\"O Papai Noel chega ao Miramar Shopping neste s\u00e1bado (18), a partir das 18 horas, com os encantos do \u201cNatal dos Anjos\u201d.\" \/>\n<meta property=\"og:url\" content=\"https:\/\/redenoticiaz.com.br\/litoralsp\/2023\/11\/17\/papai-noel-desembarca-no-miramar-shopping-neste-final-de-semana\" \/>\n<meta property=\"og:site_name\" content=\"Litoral SP\" \/>\n<meta property=\"article:published_time\" content=\"2023-11-17T19:09:37+00:00\" \/>\n<meta property=\"og:image\" content=\"https:\/\/redenoticiaz.com.br\/litoralsp\/wp-content\/uploads\/sites\/3\/2023\/11\/edfd.jpg\" \/>\n\t<meta property=\"og:image:width\" content=\"458\" \/>\n\t<meta property=\"og:image:height\" content=\"322\" \/>\n\t<meta property=\"og:image:type\" content=\"image\/jpeg\" \/>\n<meta name=\"author\" content=\"Gustavo Silva\" \/>\n<meta name=\"twitter:card\" content=\"summary_large_image\" \/>\n<meta name=\"twitter:label1\" content=\"Escrito por\" \/>\n\t<meta name=\"twitter:data1\" content=\"Gustavo Silva\" \/>\n\t<meta name=\"twitter:label2\" content=\"Est. tempo de leitura\" \/>\n\t<meta name=\"twitter:data2\" content=\"2 minutos\" \/>\n<script type=\"application\/ld+json\" class=\"yoast-schema-graph\">{\"@context\":\"https:\\\/\\\/schema.org\",\"@graph\":[{\"@type\":\"Article\",\"@id\":\"https:\\\/\\\/redenoticiaz.com.br\\\/litoralsp\\\/2023\\\/11\\\/17\\\/papai-noel-desembarca-no-miramar-shopping-neste-final-de-semana#article\",\"isPartOf\":{\"@id\":\"https:\\\/\\\/redenoticiaz.com.br\\\/litoralsp\\\/2023\\\/11\\\/17\\\/papai-noel-desembarca-no-miramar-shopping-neste-final-de-semana\"},\"author\":{\"name\":\"Gustavo Silva\",\"@id\":\"https:\\\/\\\/redenoticiaz.com.br\\\/litoralsp\\\/#\\\/schema\\\/person\\\/16057b37a3c0ee6b096d7f887c566e2e\"},\"headline\":\"Papai Noel desembarca no Miramar Shopping neste final de semana\",\"datePublished\":\"2023-11-17T19:09:37+00:00\",\"mainEntityOfPage\":{\"@id\":\"https:\\\/\\\/redenoticiaz.com.br\\\/litoralsp\\\/2023\\\/11\\\/17\\\/papai-noel-desembarca-no-miramar-shopping-neste-final-de-semana\"},\"wordCount\":233,\"commentCount\":0,\"publisher\":{\"@id\":\"https:\\\/\\\/redenoticiaz.com.br\\\/litoralsp\\\/#organization\"},\"image\":{\"@id\":\"https:\\\/\\\/redenoticiaz.com.br\\\/litoralsp\\\/2023\\\/11\\\/17\\\/papai-noel-desembarca-no-miramar-shopping-neste-final-de-semana#primaryimage\"},\"thumbnailUrl\":\"https:\\\/\\\/redenoticiaz.com.br\\\/litoralsp\\\/wp-content\\\/uploads\\\/sites\\\/3\\\/2023\\\/11\\\/edfd.jpg\",\"keywords\":[\"CL\u00c1SSICOS\",\"FOTOS\",\"miramar\",\"PAPAI NOEL\"],\"articleSection\":[\"Cultura\",\"Cultura e M\u00fasica\",\"Santos\"],\"inLanguage\":\"pt-BR\",\"potentialAction\":[{\"@type\":\"CommentAction\",\"name\":\"Comment\",\"target\":[\"https:\\\/\\\/redenoticiaz.com.br\\\/litoralsp\\\/2023\\\/11\\\/17\\\/papai-noel-desembarca-no-miramar-shopping-neste-final-de-semana#respond\"]}]},{\"@type\":\"WebPage\",\"@id\":\"https:\\\/\\\/redenoticiaz.com.br\\\/litoralsp\\\/2023\\\/11\\\/17\\\/papai-noel-desembarca-no-miramar-shopping-neste-final-de-semana\",\"url\":\"https:\\\/\\\/redenoticiaz.com.br\\\/litoralsp\\\/2023\\\/11\\\/17\\\/papai-noel-desembarca-no-miramar-shopping-neste-final-de-semana\",\"name\":\"Papai Noel desembarca no Miramar Shopping neste final de semana - Litoral SP\",\"isPartOf\":{\"@id\":\"https:\\\/\\\/redenoticiaz.com.br\\\/litoralsp\\\/#website\"},\"primaryImageOfPage\":{\"@id\":\"https:\\\/\\\/redenoticiaz.com.br\\\/litoralsp\\\/2023\\\/11\\\/17\\\/papai-noel-desembarca-no-miramar-shopping-neste-final-de-semana#primaryimage\"},\"image\":{\"@id\":\"https:\\\/\\\/redenoticiaz.com.br\\\/litoralsp\\\/2023\\\/11\\\/17\\\/papai-noel-desembarca-no-miramar-shopping-neste-final-de-semana#primaryimage\"},\"thumbnailUrl\":\"https:\\\/\\\/redenoticiaz.com.br\\\/litoralsp\\\/wp-content\\\/uploads\\\/sites\\\/3\\\/2023\\\/11\\\/edfd.jpg\",\"datePublished\":\"2023-11-17T19:09:37+00:00\",\"description\":\"O Papai Noel chega ao Miramar Shopping neste s\u00e1bado (18), a partir das 18 horas, com os encantos do \u201cNatal dos Anjos\u201d.\",\"inLanguage\":\"pt-BR\",\"potentialAction\":[{\"@type\":\"ReadAction\",\"target\":[\"https:\\\/\\\/redenoticiaz.com.br\\\/litoralsp\\\/2023\\\/11\\\/17\\\/papai-noel-desembarca-no-miramar-shopping-neste-final-de-semana\"]}]},{\"@type\":\"ImageObject\",\"inLanguage\":\"pt-BR\",\"@id\":\"https:\\\/\\\/redenoticiaz.com.br\\\/litoralsp\\\/2023\\\/11\\\/17\\\/papai-noel-desembarca-no-miramar-shopping-neste-final-de-semana#primaryimage\",\"url\":\"https:\\\/\\\/redenoticiaz.com.br\\\/litoralsp\\\/wp-content\\\/uploads\\\/sites\\\/3\\\/2023\\\/11\\\/edfd.jpg\",\"contentUrl\":\"https:\\\/\\\/redenoticiaz.com.br\\\/litoralsp\\\/wp-content\\\/uploads\\\/sites\\\/3\\\/2023\\\/11\\\/edfd.jpg\",\"width\":458,\"height\":322,\"caption\":\"Papai Noel desembarca no Miramar Shopping neste final de semana\"},{\"@type\":\"WebSite\",\"@id\":\"https:\\\/\\\/redenoticiaz.com.br\\\/litoralsp\\\/#website\",\"url\":\"https:\\\/\\\/redenoticiaz.com.br\\\/litoralsp\\\/\",\"name\":\"Litoral SP\",\"description\":\"Rede NoticiaZ\",\"publisher\":{\"@id\":\"https:\\\/\\\/redenoticiaz.com.br\\\/litoralsp\\\/#organization\"},\"potentialAction\":[{\"@type\":\"SearchAction\",\"target\":{\"@type\":\"EntryPoint\",\"urlTemplate\":\"https:\\\/\\\/redenoticiaz.com.br\\\/litoralsp\\\/?s={search_term_string}\"},\"query-input\":{\"@type\":\"PropertyValueSpecification\",\"valueRequired\":true,\"valueName\":\"search_term_string\"}}],\"inLanguage\":\"pt-BR\"},{\"@type\":\"Organization\",\"@id\":\"https:\\\/\\\/redenoticiaz.com.br\\\/litoralsp\\\/#organization\",\"name\":\"Litoral SP\",\"url\":\"https:\\\/\\\/redenoticiaz.com.br\\\/litoralsp\\\/\",\"logo\":{\"@type\":\"ImageObject\",\"inLanguage\":\"pt-BR\",\"@id\":\"https:\\\/\\\/redenoticiaz.com.br\\\/litoralsp\\\/#\\\/schema\\\/logo\\\/image\\\/\",\"url\":\"https:\\\/\\\/redenoticiaz.com.br\\\/litoralsp\\\/wp-content\\\/uploads\\\/sites\\\/3\\\/2020\\\/11\\\/logo.jpg\",\"contentUrl\":\"https:\\\/\\\/redenoticiaz.com.br\\\/litoralsp\\\/wp-content\\\/uploads\\\/sites\\\/3\\\/2020\\\/11\\\/logo.jpg\",\"width\":400,\"height\":250,\"caption\":\"Litoral SP\"},\"image\":{\"@id\":\"https:\\\/\\\/redenoticiaz.com.br\\\/litoralsp\\\/#\\\/schema\\\/logo\\\/image\\\/\"}},{\"@type\":\"Person\",\"@id\":\"https:\\\/\\\/redenoticiaz.com.br\\\/litoralsp\\\/#\\\/schema\\\/person\\\/16057b37a3c0ee6b096d7f887c566e2e\",\"name\":\"Gustavo Silva\",\"image\":{\"@type\":\"ImageObject\",\"inLanguage\":\"pt-BR\",\"@id\":\"https:\\\/\\\/secure.gravatar.com\\\/avatar\\\/3ee4e82f93b26de0a7cf4ea5eb7893da637ed6bb0c9170c58065944c56e28a33?s=96&d=mm&r=g\",\"url\":\"https:\\\/\\\/secure.gravatar.com\\\/avatar\\\/3ee4e82f93b26de0a7cf4ea5eb7893da637ed6bb0c9170c58065944c56e28a33?s=96&d=mm&r=g\",\"contentUrl\":\"https:\\\/\\\/secure.gravatar.com\\\/avatar\\\/3ee4e82f93b26de0a7cf4ea5eb7893da637ed6bb0c9170c58065944c56e28a33?s=96&d=mm&r=g\",\"caption\":\"Gustavo Silva\"},\"url\":\"https:\\\/\\\/redenoticiaz.com.br\\\/litoralsp\\\/author\\\/gustavosilva\"}]}<\/script>\n<!-- \/ Yoast SEO plugin. -->","yoast_head_json":{"title":"Papai Noel desembarca no Miramar Shopping neste final de semana - Litoral SP","description":"O Papai Noel chega ao Miramar Shopping neste s\u00e1bado (18), a partir das 18 horas, com os encantos do \u201cNatal dos Anjos\u201d.","robots":{"index":"index","follow":"follow","max-snippet":"max-snippet:-1","max-image-preview":"max-image-preview:large","max-video-preview":"max-video-preview:-1"},"canonical":"https:\/\/redenoticiaz.com.br\/litoralsp\/2023\/11\/17\/papai-noel-desembarca-no-miramar-shopping-neste-final-de-semana","og_locale":"pt_BR","og_type":"article","og_title":"Papai Noel desembarca no Miramar Shopping neste final de semana - Litoral SP","og_description":"O Papai Noel chega ao Miramar Shopping neste s\u00e1bado (18), a partir das 18 horas, com os encantos do \u201cNatal dos Anjos\u201d.","og_url":"https:\/\/redenoticiaz.com.br\/litoralsp\/2023\/11\/17\/papai-noel-desembarca-no-miramar-shopping-neste-final-de-semana","og_site_name":"Litoral SP","article_published_time":"2023-11-17T19:09:37+00:00","og_image":[{"width":458,"height":322,"url":"https:\/\/redenoticiaz.com.br\/litoralsp\/wp-content\/uploads\/sites\/3\/2023\/11\/edfd.jpg","type":"image\/jpeg"}],"author":"Gustavo Silva","twitter_card":"summary_large_image","twitter_misc":{"Escrito por":"Gustavo Silva","Est. tempo de leitura":"2 minutos"},"schema":{"@context":"https:\/\/schema.org","@graph":[{"@type":"Article","@id":"https:\/\/redenoticiaz.com.br\/litoralsp\/2023\/11\/17\/papai-noel-desembarca-no-miramar-shopping-neste-final-de-semana#article","isPartOf":{"@id":"https:\/\/redenoticiaz.com.br\/litoralsp\/2023\/11\/17\/papai-noel-desembarca-no-miramar-shopping-neste-final-de-semana"},"author":{"name":"Gustavo Silva","@id":"https:\/\/redenoticiaz.com.br\/litoralsp\/#\/schema\/person\/16057b37a3c0ee6b096d7f887c566e2e"},"headline":"Papai Noel desembarca no Miramar Shopping neste final de semana","datePublished":"2023-11-17T19:09:37+00:00","mainEntityOfPage":{"@id":"https:\/\/redenoticiaz.com.br\/litoralsp\/2023\/11\/17\/papai-noel-desembarca-no-miramar-shopping-neste-final-de-semana"},"wordCount":233,"commentCount":0,"publisher":{"@id":"https:\/\/redenoticiaz.com.br\/litoralsp\/#organization"},"image":{"@id":"https:\/\/redenoticiaz.com.br\/litoralsp\/2023\/11\/17\/papai-noel-desembarca-no-miramar-shopping-neste-final-de-semana#primaryimage"},"thumbnailUrl":"https:\/\/redenoticiaz.com.br\/litoralsp\/wp-content\/uploads\/sites\/3\/2023\/11\/edfd.jpg","keywords":["CL\u00c1SSICOS","FOTOS","miramar","PAPAI NOEL"],"articleSection":["Cultura","Cultura e M\u00fasica","Santos"],"inLanguage":"pt-BR","potentialAction":[{"@type":"CommentAction","name":"Comment","target":["https:\/\/redenoticiaz.com.br\/litoralsp\/2023\/11\/17\/papai-noel-desembarca-no-miramar-shopping-neste-final-de-semana#respond"]}]},{"@type":"WebPage","@id":"https:\/\/redenoticiaz.com.br\/litoralsp\/2023\/11\/17\/papai-noel-desembarca-no-miramar-shopping-neste-final-de-semana","url":"https:\/\/redenoticiaz.com.br\/litoralsp\/2023\/11\/17\/papai-noel-desembarca-no-miramar-shopping-neste-final-de-semana","name":"Papai Noel desembarca no Miramar Shopping neste final de semana - Litoral SP","isPartOf":{"@id":"https:\/\/redenoticiaz.com.br\/litoralsp\/#website"},"primaryImageOfPage":{"@id":"https:\/\/redenoticiaz.com.br\/litoralsp\/2023\/11\/17\/papai-noel-desembarca-no-miramar-shopping-neste-final-de-semana#primaryimage"},"image":{"@id":"https:\/\/redenoticiaz.com.br\/litoralsp\/2023\/11\/17\/papai-noel-desembarca-no-miramar-shopping-neste-final-de-semana#primaryimage"},"thumbnailUrl":"https:\/\/redenoticiaz.com.br\/litoralsp\/wp-content\/uploads\/sites\/3\/2023\/11\/edfd.jpg","datePublished":"2023-11-17T19:09:37+00:00","description":"O Papai Noel chega ao Miramar Shopping neste s\u00e1bado (18), a partir das 18 horas, com os encantos do \u201cNatal dos Anjos\u201d.","inLanguage":"pt-BR","potentialAction":[{"@type":"ReadAction","target":["https:\/\/redenoticiaz.com.br\/litoralsp\/2023\/11\/17\/papai-noel-desembarca-no-miramar-shopping-neste-final-de-semana"]}]},{"@type":"ImageObject","inLanguage":"pt-BR","@id":"https:\/\/redenoticiaz.com.br\/litoralsp\/2023\/11\/17\/papai-noel-desembarca-no-miramar-shopping-neste-final-de-semana#primaryimage","url":"https:\/\/redenoticiaz.com.br\/litoralsp\/wp-content\/uploads\/sites\/3\/2023\/11\/edfd.jpg","contentUrl":"https:\/\/redenoticiaz.com.br\/litoralsp\/wp-content\/uploads\/sites\/3\/2023\/11\/edfd.jpg","width":458,"height":322,"caption":"Papai Noel desembarca no Miramar Shopping neste final de semana"},{"@type":"WebSite","@id":"https:\/\/redenoticiaz.com.br\/litoralsp\/#website","url":"https:\/\/redenoticiaz.com.br\/litoralsp\/","name":"Litoral SP","description":"Rede NoticiaZ","publisher":{"@id":"https:\/\/redenoticiaz.com.br\/litoralsp\/#organization"},"potentialAction":[{"@type":"SearchAction","target":{"@type":"EntryPoint","urlTemplate":"https:\/\/redenoticiaz.com.br\/litoralsp\/?s={search_term_string}"},"query-input":{"@type":"PropertyValueSpecification","valueRequired":true,"valueName":"search_term_string"}}],"inLanguage":"pt-BR"},{"@type":"Organization","@id":"https:\/\/redenoticiaz.com.br\/litoralsp\/#organization","name":"Litoral SP","url":"https:\/\/redenoticiaz.com.br\/litoralsp\/","logo":{"@type":"ImageObject","inLanguage":"pt-BR","@id":"https:\/\/redenoticiaz.com.br\/litoralsp\/#\/schema\/logo\/image\/","url":"https:\/\/redenoticiaz.com.br\/litoralsp\/wp-content\/uploads\/sites\/3\/2020\/11\/logo.jpg","contentUrl":"https:\/\/redenoticiaz.com.br\/litoralsp\/wp-content\/uploads\/sites\/3\/2020\/11\/logo.jpg","width":400,"height":250,"caption":"Litoral SP"},"image":{"@id":"https:\/\/redenoticiaz.com.br\/litoralsp\/#\/schema\/logo\/image\/"}},{"@type":"Person","@id":"https:\/\/redenoticiaz.com.br\/litoralsp\/#\/schema\/person\/16057b37a3c0ee6b096d7f887c566e2e","name":"Gustavo Silva","image":{"@type":"ImageObject","inLanguage":"pt-BR","@id":"https:\/\/secure.gravatar.com\/avatar\/3ee4e82f93b26de0a7cf4ea5eb7893da637ed6bb0c9170c58065944c56e28a33?s=96&d=mm&r=g","url":"https:\/\/secure.gravatar.com\/avatar\/3ee4e82f93b26de0a7cf4ea5eb7893da637ed6bb0c9170c58065944c56e28a33?s=96&d=mm&r=g","contentUrl":"https:\/\/secure.gravatar.com\/avatar\/3ee4e82f93b26de0a7cf4ea5eb7893da637ed6bb0c9170c58065944c56e28a33?s=96&d=mm&r=g","caption":"Gustavo Silva"},"url":"https:\/\/redenoticiaz.com.br\/litoralsp\/author\/gustavosilva"}]}},"_links":{"self":[{"href":"https:\/\/redenoticiaz.com.br\/litoralsp\/wp-json\/wp\/v2\/posts\/112210","targetHints":{"allow":["GET"]}}],"collection":[{"href":"https:\/\/redenoticiaz.com.br\/litoralsp\/wp-json\/wp\/v2\/posts"}],"about":[{"href":"https:\/\/redenoticiaz.com.br\/litoralsp\/wp-json\/wp\/v2\/types\/post"}],"author":[{"embeddable":true,"href":"https:\/\/redenoticiaz.com.br\/litoralsp\/wp-json\/wp\/v2\/users\/12"}],"replies":[{"embeddable":true,"href":"https:\/\/redenoticiaz.com.br\/litoralsp\/wp-json\/wp\/v2\/comments?post=112210"}],"version-history":[{"count":1,"href":"https:\/\/redenoticiaz.com.br\/litoralsp\/wp-json\/wp\/v2\/posts\/112210\/revisions"}],"predecessor-version":[{"id":112212,"href":"https:\/\/redenoticiaz.com.br\/litoralsp\/wp-json\/wp\/v2\/posts\/112210\/revisions\/112212"}],"wp:featuredmedia":[{"embeddable":true,"href":"https:\/\/redenoticiaz.com.br\/litoralsp\/wp-json\/wp\/v2\/media\/112211"}],"wp:attachment":[{"href":"https:\/\/redenoticiaz.com.br\/litoralsp\/wp-json\/wp\/v2\/media?parent=112210"}],"wp:term":[{"taxonomy":"category","embeddable":true,"href":"https:\/\/redenoticiaz.com.br\/litoralsp\/wp-json\/wp\/v2\/categories?post=112210"},{"taxonomy":"post_tag","embeddable":true,"href":"https:\/\/redenoticiaz.com.br\/litoralsp\/wp-json\/wp\/v2\/tags?post=112210"}],"curies":[{"name":"wp","href":"https:\/\/api.w.org\/{rel}","templated":true}]}}