{"id":11222,"date":"2021-07-09T20:17:48","date_gmt":"2021-07-09T23:17:48","guid":{"rendered":"https:\/\/redenoticiaz.com.br\/litoralsp\/2021\/07\/09\/pandas-gigantes-deixam-a-lista-de-ameaca-de-extincao"},"modified":"2021-07-09T20:20:09","modified_gmt":"2021-07-09T23:20:09","slug":"pandas-gigantes-deixam-a-lista-de-ameaca-de-extincao","status":"publish","type":"post","link":"https:\/\/redenoticiaz.com.br\/litoralsp\/2021\/07\/09\/pandas-gigantes-deixam-a-lista-de-ameaca-de-extincao","title":{"rendered":"Pandas gigantes deixam a lista de amea\u00e7a de extin\u00e7\u00e3o"},"content":{"rendered":"<p>Al\u00edvio para a natureza. Os <strong>pandas gigantes<\/strong>, que eram considerados amea\u00e7ados de extin\u00e7\u00e3o, j\u00e1 n\u00e3o est\u00e3o mais nesta lista. As autoridades da <a href=\"https:\/\/pt.wikipedia.org\/wiki\/China\">China<\/a> confirmaram as informa\u00e7\u00f5es. Contudo a aten\u00e7\u00e3o deve ser redobrada, j\u00e1 que eles ainda est\u00e3o em situa\u00e7\u00e3o vulner\u00e1vel.<\/p>\n<div class=\"mc-column content-text active-extra-styles \" data-block-type=\"unstyled\" data-block-weight=\"18\" data-block-id=\"4\">\n<p class=\"content-text__container \" data-track-category=\"Link no Texto\" data-track-links=\"\">A mudan\u00e7a de classifica\u00e7\u00e3o se deu \u00e0 medida que o n\u00famero de pandas na natureza atingiu 1,8 mil. Especialistas dizem que o pa\u00eds asi\u00e1tico conseguiu salvar seu animal mais ic\u00f4nico por meio de esfor\u00e7os de conserva\u00e7\u00e3o de longo prazo, incluindo a expans\u00e3o de seus habitats.<\/p>\n<div class=\"mc-column content-text active-extra-styles \" data-block-type=\"unstyled\" data-block-weight=\"20\" data-block-id=\"8\">\n<p class=\"content-text__container \" data-track-category=\"Link no Texto\" data-track-links=\"\">A\u00a0China considera os pandas um tesouro nacional, mas tamb\u00e9m os empresta (ou aluga) a outros pa\u00edses como ferramentas diplom\u00e1ticas. A recente atualiza\u00e7\u00e3o da classifica\u00e7\u00e3o &#8220;reflete a melhoria das condi\u00e7\u00f5es de vida e os esfor\u00e7os da China em manter seus habitats integrados&#8221;, afirmou em entrevista coletiva Cui Shuhong, chefe do Minist\u00e9rio de Ecologia e Meio Ambiente e do Departamento de Conserva\u00e7\u00e3o da Natureza e Ecologia.<\/p>\n<\/div>\n<div class=\"mc-column content-text active-extra-styles \" data-block-type=\"unstyled\" data-block-weight=\"40\" data-block-id=\"11\">\n<p class=\"content-text__container \" data-track-category=\"Link no Texto\" data-track-links=\"\">A nova classifica\u00e7\u00e3o foi anunciada poucos anos depois de a Uni\u00e3o Internacional para a Conserva\u00e7\u00e3o da Natureza (IUCN, na sigla em ingl\u00eas) ter removido o animal de sua lista de esp\u00e9cies amea\u00e7adas de extin\u00e7\u00e3o e classific\u00e1-lo como &#8220;vulner\u00e1vel&#8221; em 2016.<\/p>\n<h3 data-track-category=\"Link no Texto\">As a\u00e7\u00f5es para que o n\u00famero de pandas crescessem<\/h3>\n<\/div>\n<div class=\"mc-column content-text active-extra-styles \" data-block-type=\"unstyled\" data-block-weight=\"26\" data-block-id=\"12\">\n<p class=\"content-text__container \" data-track-category=\"Link no Texto\" data-track-links=\"\">Na \u00e9poca, no entanto, as autoridades chinesas contestaram a decis\u00e3o, dizendo que poderia induzir as pessoas a acreditar que os esfor\u00e7os de conserva\u00e7\u00e3o poderiam ser relaxados. \u00c9 a primeira vez, portanto, que o status do animal foi alterado na lista ambiental chinesa de esp\u00e9cies amea\u00e7adas de extin\u00e7\u00e3o, que utiliza padr\u00f5es semelhantes aos da IUCN, com sede na Su\u00ed\u00e7a.<\/p>\n<div class=\"mc-column content-text active-extra-styles \" data-block-type=\"unstyled\" data-block-weight=\"23\" data-block-id=\"17\">\n<p class=\"content-text__container \" data-track-category=\"Link no Texto\" data-track-links=\"\">De acordo com especialistas, o sucesso se deve em grande parte aos esfor\u00e7os chineses para recriar e repovoar as florestas de bambu. O bambu representa cerca de 99% da alimenta\u00e7\u00e3o dos pandas \u2014 sem ele, \u00e9 prov\u00e1vel que morram de fome. Os zool\u00f3gicos tamb\u00e9m t\u00eam tentado aumentar o n\u00famero de pandas por meio de m\u00e9todos de reprodu\u00e7\u00e3o em cativeiro.<\/p>\n<p data-track-category=\"Link no Texto\" data-track-links=\"\"><strong>LEIA TAMB\u00c9M<\/strong><\/p>\n<p data-track-category=\"Link no Texto\" data-track-links=\"\"><a href=\"https:\/\/redenoticiaz.com.br\/blog\/2021\/06\/06\/baleia-jubarte-fica-presa-em-sao-sebastiao-e-e-salva\">Baleia jubarte fica presa em S\u00e3o Sebasti\u00e3o e \u00e9 salva<\/a><\/p>\n<\/div>\n<\/div>\n<\/div>\n","protected":false},"excerpt":{"rendered":"<p>Al\u00edvio para a natureza. Os pandas gigantes, que eram considerados amea\u00e7ados de extin\u00e7\u00e3o, j\u00e1 n\u00e3o est\u00e3o mais nesta lista. As autoridades da China confirmaram as informa\u00e7\u00f5es. Contudo a aten\u00e7\u00e3o deve ser redobrada, j\u00e1 que eles ainda est\u00e3o em situa\u00e7\u00e3o vulner\u00e1vel. A mudan\u00e7a de classifica\u00e7\u00e3o se deu \u00e0 medida que o n\u00famero de pandas na natureza &hellip;<\/p>\n","protected":false},"author":6,"featured_media":11223,"comment_status":"open","ping_status":"closed","sticky":false,"template":"","format":"standard","meta":{"footnotes":""},"categories":[1487,84],"tags":[27496,9221,27497,27498,27499],"class_list":["post-11222","post","type-post","status-publish","format-standard","has-post-thumbnail","hentry","category-meio-ambiente","category-mundo","tag-aumento-da-populacao","tag-china","tag-fora-de-ameaca-de-extincao","tag-panda-gigante","tag-situacao-vulneravel"],"yoast_head":"<!-- This site is optimized with the Yoast SEO plugin v27.5 - https:\/\/yoast.com\/product\/yoast-seo-wordpress\/ -->\n<title>Pandas gigantes deixam a lista de amea\u00e7a de extin\u00e7\u00e3o - Litoral SP<\/title>\n<meta name=\"description\" content=\"Al\u00edvio para a natureza. Os pandas gigantes, que eram considerados amea\u00e7ados de extin\u00e7\u00e3o, j\u00e1 n\u00e3o est\u00e3o mais nesta lista. As\" \/>\n<meta name=\"robots\" content=\"index, follow, max-snippet:-1, max-image-preview:large, max-video-preview:-1\" \/>\n<link rel=\"canonical\" href=\"https:\/\/redenoticiaz.com.br\/litoralsp\/2021\/07\/09\/pandas-gigantes-deixam-a-lista-de-ameaca-de-extincao\" \/>\n<meta property=\"og:locale\" content=\"pt_BR\" \/>\n<meta property=\"og:type\" content=\"article\" \/>\n<meta property=\"og:title\" content=\"Pandas gigantes deixam a lista de amea\u00e7a de extin\u00e7\u00e3o - Litoral SP\" \/>\n<meta property=\"og:description\" content=\"Al\u00edvio para a natureza. Os pandas gigantes, que eram considerados amea\u00e7ados de extin\u00e7\u00e3o, j\u00e1 n\u00e3o est\u00e3o mais nesta lista. As\" \/>\n<meta property=\"og:url\" content=\"https:\/\/redenoticiaz.com.br\/litoralsp\/2021\/07\/09\/pandas-gigantes-deixam-a-lista-de-ameaca-de-extincao\" \/>\n<meta property=\"og:site_name\" content=\"Litoral SP\" \/>\n<meta property=\"article:published_time\" content=\"2021-07-09T23:17:48+00:00\" \/>\n<meta property=\"article:modified_time\" content=\"2021-07-09T23:20:09+00:00\" \/>\n<meta property=\"og:image\" content=\"https:\/\/redenoticiaz.com.br\/litoralsp\/wp-content\/uploads\/sites\/3\/2021\/07\/panda.jpg\" \/>\n\t<meta property=\"og:image:width\" content=\"1000\" \/>\n\t<meta property=\"og:image:height\" content=\"563\" \/>\n\t<meta property=\"og:image:type\" content=\"image\/jpeg\" \/>\n<meta name=\"author\" content=\"Leonardo Francisco\" \/>\n<meta name=\"twitter:card\" content=\"summary_large_image\" \/>\n<meta name=\"twitter:label1\" content=\"Escrito por\" \/>\n\t<meta name=\"twitter:data1\" content=\"Leonardo Francisco\" \/>\n\t<meta name=\"twitter:label2\" content=\"Est. tempo de leitura\" \/>\n\t<meta name=\"twitter:data2\" content=\"2 minutos\" \/>\n<script type=\"application\/ld+json\" class=\"yoast-schema-graph\">{\"@context\":\"https:\\\/\\\/schema.org\",\"@graph\":[{\"@type\":\"Article\",\"@id\":\"https:\\\/\\\/redenoticiaz.com.br\\\/litoralsp\\\/2021\\\/07\\\/09\\\/pandas-gigantes-deixam-a-lista-de-ameaca-de-extincao#article\",\"isPartOf\":{\"@id\":\"https:\\\/\\\/redenoticiaz.com.br\\\/litoralsp\\\/2021\\\/07\\\/09\\\/pandas-gigantes-deixam-a-lista-de-ameaca-de-extincao\"},\"author\":{\"name\":\"Leonardo Francisco\",\"@id\":\"https:\\\/\\\/redenoticiaz.com.br\\\/litoralsp\\\/#\\\/schema\\\/person\\\/0f0b8a5bdafefe82841e07ae8d81ecb3\"},\"headline\":\"Pandas gigantes deixam a lista de amea\u00e7a de extin\u00e7\u00e3o\",\"datePublished\":\"2021-07-09T23:17:48+00:00\",\"dateModified\":\"2021-07-09T23:20:09+00:00\",\"mainEntityOfPage\":{\"@id\":\"https:\\\/\\\/redenoticiaz.com.br\\\/litoralsp\\\/2021\\\/07\\\/09\\\/pandas-gigantes-deixam-a-lista-de-ameaca-de-extincao\"},\"wordCount\":390,\"commentCount\":0,\"publisher\":{\"@id\":\"https:\\\/\\\/redenoticiaz.com.br\\\/litoralsp\\\/#organization\"},\"image\":{\"@id\":\"https:\\\/\\\/redenoticiaz.com.br\\\/litoralsp\\\/2021\\\/07\\\/09\\\/pandas-gigantes-deixam-a-lista-de-ameaca-de-extincao#primaryimage\"},\"thumbnailUrl\":\"https:\\\/\\\/redenoticiaz.com.br\\\/litoralsp\\\/wp-content\\\/uploads\\\/sites\\\/3\\\/2021\\\/07\\\/panda.jpg\",\"keywords\":[\"AUMENTO DA POPULA\u00c7\u00c3O\",\"China\",\"FORA DE AMEA\u00c7A DE EXTIN\u00c7\u00c3O\",\"PANDA GIGANTE\",\"SITUA\u00c7\u00c3O VULNER\u00c1VEL\"],\"articleSection\":[\"Meio Ambiente\",\"Mundo\"],\"inLanguage\":\"pt-BR\",\"potentialAction\":[{\"@type\":\"CommentAction\",\"name\":\"Comment\",\"target\":[\"https:\\\/\\\/redenoticiaz.com.br\\\/litoralsp\\\/2021\\\/07\\\/09\\\/pandas-gigantes-deixam-a-lista-de-ameaca-de-extincao#respond\"]}]},{\"@type\":\"WebPage\",\"@id\":\"https:\\\/\\\/redenoticiaz.com.br\\\/litoralsp\\\/2021\\\/07\\\/09\\\/pandas-gigantes-deixam-a-lista-de-ameaca-de-extincao\",\"url\":\"https:\\\/\\\/redenoticiaz.com.br\\\/litoralsp\\\/2021\\\/07\\\/09\\\/pandas-gigantes-deixam-a-lista-de-ameaca-de-extincao\",\"name\":\"Pandas gigantes deixam a lista de amea\u00e7a de extin\u00e7\u00e3o - Litoral SP\",\"isPartOf\":{\"@id\":\"https:\\\/\\\/redenoticiaz.com.br\\\/litoralsp\\\/#website\"},\"primaryImageOfPage\":{\"@id\":\"https:\\\/\\\/redenoticiaz.com.br\\\/litoralsp\\\/2021\\\/07\\\/09\\\/pandas-gigantes-deixam-a-lista-de-ameaca-de-extincao#primaryimage\"},\"image\":{\"@id\":\"https:\\\/\\\/redenoticiaz.com.br\\\/litoralsp\\\/2021\\\/07\\\/09\\\/pandas-gigantes-deixam-a-lista-de-ameaca-de-extincao#primaryimage\"},\"thumbnailUrl\":\"https:\\\/\\\/redenoticiaz.com.br\\\/litoralsp\\\/wp-content\\\/uploads\\\/sites\\\/3\\\/2021\\\/07\\\/panda.jpg\",\"datePublished\":\"2021-07-09T23:17:48+00:00\",\"dateModified\":\"2021-07-09T23:20:09+00:00\",\"description\":\"Al\u00edvio para a natureza. Os pandas gigantes, que eram considerados amea\u00e7ados de extin\u00e7\u00e3o, j\u00e1 n\u00e3o est\u00e3o mais nesta lista. As\",\"inLanguage\":\"pt-BR\",\"potentialAction\":[{\"@type\":\"ReadAction\",\"target\":[\"https:\\\/\\\/redenoticiaz.com.br\\\/litoralsp\\\/2021\\\/07\\\/09\\\/pandas-gigantes-deixam-a-lista-de-ameaca-de-extincao\"]}]},{\"@type\":\"ImageObject\",\"inLanguage\":\"pt-BR\",\"@id\":\"https:\\\/\\\/redenoticiaz.com.br\\\/litoralsp\\\/2021\\\/07\\\/09\\\/pandas-gigantes-deixam-a-lista-de-ameaca-de-extincao#primaryimage\",\"url\":\"https:\\\/\\\/redenoticiaz.com.br\\\/litoralsp\\\/wp-content\\\/uploads\\\/sites\\\/3\\\/2021\\\/07\\\/panda.jpg\",\"contentUrl\":\"https:\\\/\\\/redenoticiaz.com.br\\\/litoralsp\\\/wp-content\\\/uploads\\\/sites\\\/3\\\/2021\\\/07\\\/panda.jpg\",\"width\":1000,\"height\":563,\"caption\":\"Apesar da melhora, mam\u00edferos ainda est\u00e3o em situa\u00e7\u00e3o vulner\u00e1vel. Cr\u00e9ditos: BBC\"},{\"@type\":\"WebSite\",\"@id\":\"https:\\\/\\\/redenoticiaz.com.br\\\/litoralsp\\\/#website\",\"url\":\"https:\\\/\\\/redenoticiaz.com.br\\\/litoralsp\\\/\",\"name\":\"Litoral SP\",\"description\":\"Rede NoticiaZ\",\"publisher\":{\"@id\":\"https:\\\/\\\/redenoticiaz.com.br\\\/litoralsp\\\/#organization\"},\"potentialAction\":[{\"@type\":\"SearchAction\",\"target\":{\"@type\":\"EntryPoint\",\"urlTemplate\":\"https:\\\/\\\/redenoticiaz.com.br\\\/litoralsp\\\/?s={search_term_string}\"},\"query-input\":{\"@type\":\"PropertyValueSpecification\",\"valueRequired\":true,\"valueName\":\"search_term_string\"}}],\"inLanguage\":\"pt-BR\"},{\"@type\":\"Organization\",\"@id\":\"https:\\\/\\\/redenoticiaz.com.br\\\/litoralsp\\\/#organization\",\"name\":\"Litoral SP\",\"url\":\"https:\\\/\\\/redenoticiaz.com.br\\\/litoralsp\\\/\",\"logo\":{\"@type\":\"ImageObject\",\"inLanguage\":\"pt-BR\",\"@id\":\"https:\\\/\\\/redenoticiaz.com.br\\\/litoralsp\\\/#\\\/schema\\\/logo\\\/image\\\/\",\"url\":\"https:\\\/\\\/redenoticiaz.com.br\\\/litoralsp\\\/wp-content\\\/uploads\\\/sites\\\/3\\\/2020\\\/11\\\/logo.jpg\",\"contentUrl\":\"https:\\\/\\\/redenoticiaz.com.br\\\/litoralsp\\\/wp-content\\\/uploads\\\/sites\\\/3\\\/2020\\\/11\\\/logo.jpg\",\"width\":400,\"height\":250,\"caption\":\"Litoral SP\"},\"image\":{\"@id\":\"https:\\\/\\\/redenoticiaz.com.br\\\/litoralsp\\\/#\\\/schema\\\/logo\\\/image\\\/\"}},{\"@type\":\"Person\",\"@id\":\"https:\\\/\\\/redenoticiaz.com.br\\\/litoralsp\\\/#\\\/schema\\\/person\\\/0f0b8a5bdafefe82841e07ae8d81ecb3\",\"name\":\"Leonardo Francisco\",\"image\":{\"@type\":\"ImageObject\",\"inLanguage\":\"pt-BR\",\"@id\":\"https:\\\/\\\/secure.gravatar.com\\\/avatar\\\/a7358cb406a99b682ec6df1e77e31ae82e63601f6784e8a3df411d72b37864da?s=96&d=mm&r=g\",\"url\":\"https:\\\/\\\/secure.gravatar.com\\\/avatar\\\/a7358cb406a99b682ec6df1e77e31ae82e63601f6784e8a3df411d72b37864da?s=96&d=mm&r=g\",\"contentUrl\":\"https:\\\/\\\/secure.gravatar.com\\\/avatar\\\/a7358cb406a99b682ec6df1e77e31ae82e63601f6784e8a3df411d72b37864da?s=96&d=mm&r=g\",\"caption\":\"Leonardo Francisco\"},\"url\":\"https:\\\/\\\/redenoticiaz.com.br\\\/litoralsp\\\/author\\\/leonardo-francisco\"}]}<\/script>\n<!-- \/ Yoast SEO plugin. -->","yoast_head_json":{"title":"Pandas gigantes deixam a lista de amea\u00e7a de extin\u00e7\u00e3o - Litoral SP","description":"Al\u00edvio para a natureza. Os pandas gigantes, que eram considerados amea\u00e7ados de extin\u00e7\u00e3o, j\u00e1 n\u00e3o est\u00e3o mais nesta lista. As","robots":{"index":"index","follow":"follow","max-snippet":"max-snippet:-1","max-image-preview":"max-image-preview:large","max-video-preview":"max-video-preview:-1"},"canonical":"https:\/\/redenoticiaz.com.br\/litoralsp\/2021\/07\/09\/pandas-gigantes-deixam-a-lista-de-ameaca-de-extincao","og_locale":"pt_BR","og_type":"article","og_title":"Pandas gigantes deixam a lista de amea\u00e7a de extin\u00e7\u00e3o - Litoral SP","og_description":"Al\u00edvio para a natureza. Os pandas gigantes, que eram considerados amea\u00e7ados de extin\u00e7\u00e3o, j\u00e1 n\u00e3o est\u00e3o mais nesta lista. As","og_url":"https:\/\/redenoticiaz.com.br\/litoralsp\/2021\/07\/09\/pandas-gigantes-deixam-a-lista-de-ameaca-de-extincao","og_site_name":"Litoral SP","article_published_time":"2021-07-09T23:17:48+00:00","article_modified_time":"2021-07-09T23:20:09+00:00","og_image":[{"width":1000,"height":563,"url":"https:\/\/redenoticiaz.com.br\/litoralsp\/wp-content\/uploads\/sites\/3\/2021\/07\/panda.jpg","type":"image\/jpeg"}],"author":"Leonardo Francisco","twitter_card":"summary_large_image","twitter_misc":{"Escrito por":"Leonardo Francisco","Est. tempo de leitura":"2 minutos"},"schema":{"@context":"https:\/\/schema.org","@graph":[{"@type":"Article","@id":"https:\/\/redenoticiaz.com.br\/litoralsp\/2021\/07\/09\/pandas-gigantes-deixam-a-lista-de-ameaca-de-extincao#article","isPartOf":{"@id":"https:\/\/redenoticiaz.com.br\/litoralsp\/2021\/07\/09\/pandas-gigantes-deixam-a-lista-de-ameaca-de-extincao"},"author":{"name":"Leonardo Francisco","@id":"https:\/\/redenoticiaz.com.br\/litoralsp\/#\/schema\/person\/0f0b8a5bdafefe82841e07ae8d81ecb3"},"headline":"Pandas gigantes deixam a lista de amea\u00e7a de extin\u00e7\u00e3o","datePublished":"2021-07-09T23:17:48+00:00","dateModified":"2021-07-09T23:20:09+00:00","mainEntityOfPage":{"@id":"https:\/\/redenoticiaz.com.br\/litoralsp\/2021\/07\/09\/pandas-gigantes-deixam-a-lista-de-ameaca-de-extincao"},"wordCount":390,"commentCount":0,"publisher":{"@id":"https:\/\/redenoticiaz.com.br\/litoralsp\/#organization"},"image":{"@id":"https:\/\/redenoticiaz.com.br\/litoralsp\/2021\/07\/09\/pandas-gigantes-deixam-a-lista-de-ameaca-de-extincao#primaryimage"},"thumbnailUrl":"https:\/\/redenoticiaz.com.br\/litoralsp\/wp-content\/uploads\/sites\/3\/2021\/07\/panda.jpg","keywords":["AUMENTO DA POPULA\u00c7\u00c3O","China","FORA DE AMEA\u00c7A DE EXTIN\u00c7\u00c3O","PANDA GIGANTE","SITUA\u00c7\u00c3O VULNER\u00c1VEL"],"articleSection":["Meio Ambiente","Mundo"],"inLanguage":"pt-BR","potentialAction":[{"@type":"CommentAction","name":"Comment","target":["https:\/\/redenoticiaz.com.br\/litoralsp\/2021\/07\/09\/pandas-gigantes-deixam-a-lista-de-ameaca-de-extincao#respond"]}]},{"@type":"WebPage","@id":"https:\/\/redenoticiaz.com.br\/litoralsp\/2021\/07\/09\/pandas-gigantes-deixam-a-lista-de-ameaca-de-extincao","url":"https:\/\/redenoticiaz.com.br\/litoralsp\/2021\/07\/09\/pandas-gigantes-deixam-a-lista-de-ameaca-de-extincao","name":"Pandas gigantes deixam a lista de amea\u00e7a de extin\u00e7\u00e3o - Litoral SP","isPartOf":{"@id":"https:\/\/redenoticiaz.com.br\/litoralsp\/#website"},"primaryImageOfPage":{"@id":"https:\/\/redenoticiaz.com.br\/litoralsp\/2021\/07\/09\/pandas-gigantes-deixam-a-lista-de-ameaca-de-extincao#primaryimage"},"image":{"@id":"https:\/\/redenoticiaz.com.br\/litoralsp\/2021\/07\/09\/pandas-gigantes-deixam-a-lista-de-ameaca-de-extincao#primaryimage"},"thumbnailUrl":"https:\/\/redenoticiaz.com.br\/litoralsp\/wp-content\/uploads\/sites\/3\/2021\/07\/panda.jpg","datePublished":"2021-07-09T23:17:48+00:00","dateModified":"2021-07-09T23:20:09+00:00","description":"Al\u00edvio para a natureza. Os pandas gigantes, que eram considerados amea\u00e7ados de extin\u00e7\u00e3o, j\u00e1 n\u00e3o est\u00e3o mais nesta lista. As","inLanguage":"pt-BR","potentialAction":[{"@type":"ReadAction","target":["https:\/\/redenoticiaz.com.br\/litoralsp\/2021\/07\/09\/pandas-gigantes-deixam-a-lista-de-ameaca-de-extincao"]}]},{"@type":"ImageObject","inLanguage":"pt-BR","@id":"https:\/\/redenoticiaz.com.br\/litoralsp\/2021\/07\/09\/pandas-gigantes-deixam-a-lista-de-ameaca-de-extincao#primaryimage","url":"https:\/\/redenoticiaz.com.br\/litoralsp\/wp-content\/uploads\/sites\/3\/2021\/07\/panda.jpg","contentUrl":"https:\/\/redenoticiaz.com.br\/litoralsp\/wp-content\/uploads\/sites\/3\/2021\/07\/panda.jpg","width":1000,"height":563,"caption":"Apesar da melhora, mam\u00edferos ainda est\u00e3o em situa\u00e7\u00e3o vulner\u00e1vel. Cr\u00e9ditos: BBC"},{"@type":"WebSite","@id":"https:\/\/redenoticiaz.com.br\/litoralsp\/#website","url":"https:\/\/redenoticiaz.com.br\/litoralsp\/","name":"Litoral SP","description":"Rede NoticiaZ","publisher":{"@id":"https:\/\/redenoticiaz.com.br\/litoralsp\/#organization"},"potentialAction":[{"@type":"SearchAction","target":{"@type":"EntryPoint","urlTemplate":"https:\/\/redenoticiaz.com.br\/litoralsp\/?s={search_term_string}"},"query-input":{"@type":"PropertyValueSpecification","valueRequired":true,"valueName":"search_term_string"}}],"inLanguage":"pt-BR"},{"@type":"Organization","@id":"https:\/\/redenoticiaz.com.br\/litoralsp\/#organization","name":"Litoral SP","url":"https:\/\/redenoticiaz.com.br\/litoralsp\/","logo":{"@type":"ImageObject","inLanguage":"pt-BR","@id":"https:\/\/redenoticiaz.com.br\/litoralsp\/#\/schema\/logo\/image\/","url":"https:\/\/redenoticiaz.com.br\/litoralsp\/wp-content\/uploads\/sites\/3\/2020\/11\/logo.jpg","contentUrl":"https:\/\/redenoticiaz.com.br\/litoralsp\/wp-content\/uploads\/sites\/3\/2020\/11\/logo.jpg","width":400,"height":250,"caption":"Litoral SP"},"image":{"@id":"https:\/\/redenoticiaz.com.br\/litoralsp\/#\/schema\/logo\/image\/"}},{"@type":"Person","@id":"https:\/\/redenoticiaz.com.br\/litoralsp\/#\/schema\/person\/0f0b8a5bdafefe82841e07ae8d81ecb3","name":"Leonardo Francisco","image":{"@type":"ImageObject","inLanguage":"pt-BR","@id":"https:\/\/secure.gravatar.com\/avatar\/a7358cb406a99b682ec6df1e77e31ae82e63601f6784e8a3df411d72b37864da?s=96&d=mm&r=g","url":"https:\/\/secure.gravatar.com\/avatar\/a7358cb406a99b682ec6df1e77e31ae82e63601f6784e8a3df411d72b37864da?s=96&d=mm&r=g","contentUrl":"https:\/\/secure.gravatar.com\/avatar\/a7358cb406a99b682ec6df1e77e31ae82e63601f6784e8a3df411d72b37864da?s=96&d=mm&r=g","caption":"Leonardo Francisco"},"url":"https:\/\/redenoticiaz.com.br\/litoralsp\/author\/leonardo-francisco"}]}},"_links":{"self":[{"href":"https:\/\/redenoticiaz.com.br\/litoralsp\/wp-json\/wp\/v2\/posts\/11222","targetHints":{"allow":["GET"]}}],"collection":[{"href":"https:\/\/redenoticiaz.com.br\/litoralsp\/wp-json\/wp\/v2\/posts"}],"about":[{"href":"https:\/\/redenoticiaz.com.br\/litoralsp\/wp-json\/wp\/v2\/types\/post"}],"author":[{"embeddable":true,"href":"https:\/\/redenoticiaz.com.br\/litoralsp\/wp-json\/wp\/v2\/users\/6"}],"replies":[{"embeddable":true,"href":"https:\/\/redenoticiaz.com.br\/litoralsp\/wp-json\/wp\/v2\/comments?post=11222"}],"version-history":[{"count":1,"href":"https:\/\/redenoticiaz.com.br\/litoralsp\/wp-json\/wp\/v2\/posts\/11222\/revisions"}],"predecessor-version":[{"id":11224,"href":"https:\/\/redenoticiaz.com.br\/litoralsp\/wp-json\/wp\/v2\/posts\/11222\/revisions\/11224"}],"wp:featuredmedia":[{"embeddable":true,"href":"https:\/\/redenoticiaz.com.br\/litoralsp\/wp-json\/wp\/v2\/media\/11223"}],"wp:attachment":[{"href":"https:\/\/redenoticiaz.com.br\/litoralsp\/wp-json\/wp\/v2\/media?parent=11222"}],"wp:term":[{"taxonomy":"category","embeddable":true,"href":"https:\/\/redenoticiaz.com.br\/litoralsp\/wp-json\/wp\/v2\/categories?post=11222"},{"taxonomy":"post_tag","embeddable":true,"href":"https:\/\/redenoticiaz.com.br\/litoralsp\/wp-json\/wp\/v2\/tags?post=11222"}],"curies":[{"name":"wp","href":"https:\/\/api.w.org\/{rel}","templated":true}]}}