{"id":112294,"date":"2023-11-22T15:57:35","date_gmt":"2023-11-22T18:57:35","guid":{"rendered":"https:\/\/redenoticiaz.com.br\/litoralsp\/2023\/11\/22\/video-cantora-do-calcinha-preta-mostra-os-seios-para-o-publico-em-show"},"modified":"2023-11-22T16:06:26","modified_gmt":"2023-11-22T19:06:26","slug":"video-cantora-do-calcinha-preta-mostra-os-seios-para-o-publico-em-show","status":"publish","type":"post","link":"https:\/\/redenoticiaz.com.br\/litoralsp\/2023\/11\/22\/video-cantora-do-calcinha-preta-mostra-os-seios-para-o-publico-em-show","title":{"rendered":"V\u00cdDEO \u2013 Cantora do Calcinha Preta mostra os seios para o p\u00fablico em show"},"content":{"rendered":"<p>A Cantora do Calcinha Preta, Silv\u00e2nia Aquino mostrou os seios para o p\u00fablico em show ap\u00f3s realizar cirurgia para colocar silicone.<\/p>\n<p>De acordo com as informa\u00e7\u00f5es, a cantora foi gravada abrindo o z\u00edper de sua blusa e segurou os seios para mostrar o resultado.<\/p>\n<p>\u201cO m\u00e9dico s\u00f3 me autorizou a mostrar os peitos. Vou abaixar o z\u00edper e mostrar logo pra todo mundo. Voc\u00eas querem que eu fa\u00e7a isso? T\u00e1 inchado\u201d<\/p>\n<div class=\"wp-playlist wp-video-playlist wp-playlist-light\">\n\t\t<video controls=\"controls\" preload=\"none\" width=\"640\"\n\t\t height=\"811\"\t><\/video>\n\t<div class=\"wp-playlist-next\"><\/div>\n\t<div class=\"wp-playlist-prev\"><\/div>\n\t<noscript>\n\t<ol>\n\t\t<li><a href='https:\/\/redenoticiaz.com.br\/litoralsp\/wp-content\/uploads\/sites\/3\/2023\/11\/WhatsApp-Video-2023-11-22-at-15.50.39.mp4'>V\u00cdDEO - Cantora do Calcinha Preta mostra os seios para o p\u00fablico em show<\/a><\/li>\t<\/ol>\n\t<\/noscript>\n\t<script type=\"application\/json\" class=\"wp-playlist-script\">{\"type\":\"video\",\"tracklist\":true,\"tracknumbers\":true,\"images\":true,\"artists\":true,\"tracks\":[{\"src\":\"https:\/\/redenoticiaz.com.br\/litoralsp\/wp-content\/uploads\/sites\/3\/2023\/11\/WhatsApp-Video-2023-11-22-at-15.50.39.mp4\",\"type\":\"video\/mp4\",\"title\":\"V\\u00cdDEO - Cantora do Calcinha Preta mostra os seios para o p\\u00fablico em show\",\"caption\":\"\",\"description\":\"\",\"meta\":{\"length_formatted\":\"0:15\"},\"dimensions\":{\"original\":{\"width\":480,\"height\":608},\"resized\":{\"width\":640,\"height\":811}},\"image\":{\"src\":\"https:\/\/redenoticiaz.com.br\/litoralsp\/wp-includes\/images\/media\/video.svg\",\"width\":48,\"height\":64},\"thumb\":{\"src\":\"https:\/\/redenoticiaz.com.br\/litoralsp\/wp-includes\/images\/media\/video.svg\",\"width\":48,\"height\":64}}]}<\/script>\n<\/div>\n\t\n<p class=\" content-text__container \" data-track-category=\"Link no Texto\" data-track-links=\"\" data-mrf-recirculation=\"Article links\">Ainda de acordo com as informa\u00e7\u00f5es, ela afirmou que fez a cirurgia como prepara\u00e7\u00e3o para a grava\u00e7\u00e3o de seu novo DVD.<\/p>\n<p data-track-category=\"Link no Texto\" data-track-links=\"\" data-mrf-recirculation=\"Article links\">&#8220;\u00c9 uma dor da peste isso! Estou toda cortada, inchada, com a barriga dormente\u2026 o peito d\u00f3i, e o silicone n\u00e3o foi para o lugar dele ainda\u201d<\/p>\n<div id=\"taboola-mid-article-saiba-mais\" class=\"mc-column taboola-related-content trc_related_container trc_spotlight_widget tbl-feed-container tbl-feed-frame-DIVIDER editoraglobo-revistaquem-feededitoraglobo-revistaquem-feed render-late-effect\" data-mrf-recirculation=\"Taboola\" data-feed-container-num=\"1\" data-feed-main-container-id=\"taboola-mid-article-saiba-mais\" data-parent-placement-name=\"Mid Article Saiba Mais\" data-pub-lang=\"pt\">\n<div class=\"mc-column content-text active-extra-styles \" data-block-type=\"unstyled\" data-block-weight=\"43\" data-block-id=\"5\">\n<p class=\" content-text__container \" data-track-category=\"Link no Texto\" data-track-links=\"\" data-mrf-recirculation=\"Article links\"><strong>Leia mais<\/strong><\/p>\n<p data-track-category=\"Link no Texto\" data-track-links=\"\" data-mrf-recirculation=\"Article links\"><a href=\"https:\/\/redenoticiaz.com.br\/blog\/2023\/10\/19\/video-anitta-faz-sexo-no-chuveiro-em-novo-clipe\">V\u00cdDEO \u2013 Anitta faz sexo no chuveiro em novo clipe<\/a><\/p>\n<\/div>\n<div class=\"mc-column content-text active-extra-styles\" data-block-type=\"raw\" data-block-weight=\"3\" data-block-id=\"6\">\n<p class=\"content-text__container\" style=\"text-align: left\" data-mrf-recirculation=\"Article links\"><a href=\"https:\/\/redenoticiaz.com.br\/blog\/2023\/09\/14\/video-modelo-que-simulou-sexo-oral-em-anitta-e-confirmado-em-a-fazenda-15\">V\u00cdDEO \u2013 Modelo que simulou sexo oral em Anitta \u00e9 confirmado em A Fazenda 15<\/a><\/p>\n<div class=\"content-intertitle\"><\/div>\n<\/div>\n<\/div>\n","protected":false},"excerpt":{"rendered":"<p>A Cantora do Calcinha Preta, Silv\u00e2nia Aquino mostrou os seios para o p\u00fablico em show ap\u00f3s realizar cirurgia para colocar silicone. De acordo com as informa\u00e7\u00f5es, a cantora foi gravada abrindo o z\u00edper de sua blusa e segurou os seios para mostrar o resultado. \u201cO m\u00e9dico s\u00f3 me autorizou a mostrar os peitos. Vou abaixar &hellip;<\/p>\n","protected":false},"author":12,"featured_media":112296,"comment_status":"open","ping_status":"closed","sticky":false,"template":"","format":"standard","meta":{"footnotes":""},"categories":[60954,170],"tags":[5073,62655,67605,67606],"class_list":["post-112294","post","type-post","status-publish","format-standard","has-post-thumbnail","hentry","category-celebridades","category-entretenimento","tag-calcinha-preta","tag-seios","tag-silicone","tag-silvania"],"yoast_head":"<!-- This site is optimized with the Yoast SEO plugin v27.4 - https:\/\/yoast.com\/product\/yoast-seo-wordpress\/ -->\n<title>V\u00cdDEO \u2013 Cantora do Calcinha Preta mostra os seios para o p\u00fablico em show - Litoral SP<\/title>\n<meta name=\"description\" content=\"A Cantora do Calcinha Preta, Silv\u00e2nia Aquino mostrou os seios para o p\u00fablico em show ap\u00f3s realizar cirurgia para colocar silicone.\" \/>\n<meta name=\"robots\" content=\"index, follow, max-snippet:-1, max-image-preview:large, max-video-preview:-1\" \/>\n<link rel=\"canonical\" href=\"https:\/\/redenoticiaz.com.br\/litoralsp\/2023\/11\/22\/video-cantora-do-calcinha-preta-mostra-os-seios-para-o-publico-em-show\" \/>\n<meta property=\"og:locale\" content=\"pt_BR\" \/>\n<meta property=\"og:type\" content=\"article\" \/>\n<meta property=\"og:title\" content=\"V\u00cdDEO \u2013 Cantora do Calcinha Preta mostra os seios para o p\u00fablico em show - Litoral SP\" \/>\n<meta property=\"og:description\" content=\"A Cantora do Calcinha Preta, Silv\u00e2nia Aquino mostrou os seios para o p\u00fablico em show ap\u00f3s realizar cirurgia para colocar silicone.\" \/>\n<meta property=\"og:url\" content=\"https:\/\/redenoticiaz.com.br\/litoralsp\/2023\/11\/22\/video-cantora-do-calcinha-preta-mostra-os-seios-para-o-publico-em-show\" \/>\n<meta property=\"og:site_name\" content=\"Litoral SP\" \/>\n<meta property=\"article:published_time\" content=\"2023-11-22T18:57:35+00:00\" \/>\n<meta property=\"article:modified_time\" content=\"2023-11-22T19:06:26+00:00\" \/>\n<meta property=\"og:image\" content=\"https:\/\/redenoticiaz.com.br\/litoralsp\/wp-content\/uploads\/sites\/3\/2023\/11\/whatsapp-image-2023-11-22-at-08.02.11-1-.jpg?v=1700678919\" \/>\n\t<meta property=\"og:image:width\" content=\"888\" \/>\n\t<meta property=\"og:image:height\" content=\"666\" \/>\n\t<meta property=\"og:image:type\" content=\"image\/jpeg\" \/>\n<meta name=\"author\" content=\"Gustavo Silva\" \/>\n<meta name=\"twitter:card\" content=\"summary_large_image\" \/>\n<meta name=\"twitter:label1\" content=\"Escrito por\" \/>\n\t<meta name=\"twitter:data1\" content=\"Gustavo Silva\" \/>\n\t<meta name=\"twitter:label2\" content=\"Est. tempo de leitura\" \/>\n\t<meta name=\"twitter:data2\" content=\"1 minuto\" \/>\n<script type=\"application\/ld+json\" class=\"yoast-schema-graph\">{\"@context\":\"https:\\\/\\\/schema.org\",\"@graph\":[{\"@type\":\"Article\",\"@id\":\"https:\\\/\\\/redenoticiaz.com.br\\\/litoralsp\\\/2023\\\/11\\\/22\\\/video-cantora-do-calcinha-preta-mostra-os-seios-para-o-publico-em-show#article\",\"isPartOf\":{\"@id\":\"https:\\\/\\\/redenoticiaz.com.br\\\/litoralsp\\\/2023\\\/11\\\/22\\\/video-cantora-do-calcinha-preta-mostra-os-seios-para-o-publico-em-show\"},\"author\":{\"name\":\"Gustavo Silva\",\"@id\":\"https:\\\/\\\/redenoticiaz.com.br\\\/litoralsp\\\/#\\\/schema\\\/person\\\/16057b37a3c0ee6b096d7f887c566e2e\"},\"headline\":\"V\u00cdDEO \u2013 Cantora do Calcinha Preta mostra os seios para o p\u00fablico em show\",\"datePublished\":\"2023-11-22T18:57:35+00:00\",\"dateModified\":\"2023-11-22T19:06:26+00:00\",\"mainEntityOfPage\":{\"@id\":\"https:\\\/\\\/redenoticiaz.com.br\\\/litoralsp\\\/2023\\\/11\\\/22\\\/video-cantora-do-calcinha-preta-mostra-os-seios-para-o-publico-em-show\"},\"wordCount\":176,\"commentCount\":0,\"publisher\":{\"@id\":\"https:\\\/\\\/redenoticiaz.com.br\\\/litoralsp\\\/#organization\"},\"image\":{\"@id\":\"https:\\\/\\\/redenoticiaz.com.br\\\/litoralsp\\\/2023\\\/11\\\/22\\\/video-cantora-do-calcinha-preta-mostra-os-seios-para-o-publico-em-show#primaryimage\"},\"thumbnailUrl\":\"https:\\\/\\\/redenoticiaz.com.br\\\/litoralsp\\\/wp-content\\\/uploads\\\/sites\\\/3\\\/2023\\\/11\\\/whatsapp-image-2023-11-22-at-08.02.11-1-.jpg?v=1700678919\",\"keywords\":[\"CALCINHA PRETA\",\"SEIOS\",\"silicone\",\"silv\u00e2nia\"],\"articleSection\":[\"Celebridades\",\"Entretenimento\"],\"inLanguage\":\"pt-BR\",\"potentialAction\":[{\"@type\":\"CommentAction\",\"name\":\"Comment\",\"target\":[\"https:\\\/\\\/redenoticiaz.com.br\\\/litoralsp\\\/2023\\\/11\\\/22\\\/video-cantora-do-calcinha-preta-mostra-os-seios-para-o-publico-em-show#respond\"]}]},{\"@type\":\"WebPage\",\"@id\":\"https:\\\/\\\/redenoticiaz.com.br\\\/litoralsp\\\/2023\\\/11\\\/22\\\/video-cantora-do-calcinha-preta-mostra-os-seios-para-o-publico-em-show\",\"url\":\"https:\\\/\\\/redenoticiaz.com.br\\\/litoralsp\\\/2023\\\/11\\\/22\\\/video-cantora-do-calcinha-preta-mostra-os-seios-para-o-publico-em-show\",\"name\":\"V\u00cdDEO \u2013 Cantora do Calcinha Preta mostra os seios para o p\u00fablico em show - Litoral SP\",\"isPartOf\":{\"@id\":\"https:\\\/\\\/redenoticiaz.com.br\\\/litoralsp\\\/#website\"},\"primaryImageOfPage\":{\"@id\":\"https:\\\/\\\/redenoticiaz.com.br\\\/litoralsp\\\/2023\\\/11\\\/22\\\/video-cantora-do-calcinha-preta-mostra-os-seios-para-o-publico-em-show#primaryimage\"},\"image\":{\"@id\":\"https:\\\/\\\/redenoticiaz.com.br\\\/litoralsp\\\/2023\\\/11\\\/22\\\/video-cantora-do-calcinha-preta-mostra-os-seios-para-o-publico-em-show#primaryimage\"},\"thumbnailUrl\":\"https:\\\/\\\/redenoticiaz.com.br\\\/litoralsp\\\/wp-content\\\/uploads\\\/sites\\\/3\\\/2023\\\/11\\\/whatsapp-image-2023-11-22-at-08.02.11-1-.jpg?v=1700678919\",\"datePublished\":\"2023-11-22T18:57:35+00:00\",\"dateModified\":\"2023-11-22T19:06:26+00:00\",\"description\":\"A Cantora do Calcinha Preta, Silv\u00e2nia Aquino mostrou os seios para o p\u00fablico em show ap\u00f3s realizar cirurgia para colocar silicone.\",\"inLanguage\":\"pt-BR\",\"potentialAction\":[{\"@type\":\"ReadAction\",\"target\":[\"https:\\\/\\\/redenoticiaz.com.br\\\/litoralsp\\\/2023\\\/11\\\/22\\\/video-cantora-do-calcinha-preta-mostra-os-seios-para-o-publico-em-show\"]}]},{\"@type\":\"ImageObject\",\"inLanguage\":\"pt-BR\",\"@id\":\"https:\\\/\\\/redenoticiaz.com.br\\\/litoralsp\\\/2023\\\/11\\\/22\\\/video-cantora-do-calcinha-preta-mostra-os-seios-para-o-publico-em-show#primaryimage\",\"url\":\"https:\\\/\\\/redenoticiaz.com.br\\\/litoralsp\\\/wp-content\\\/uploads\\\/sites\\\/3\\\/2023\\\/11\\\/whatsapp-image-2023-11-22-at-08.02.11-1-.jpg?v=1700678919\",\"contentUrl\":\"https:\\\/\\\/redenoticiaz.com.br\\\/litoralsp\\\/wp-content\\\/uploads\\\/sites\\\/3\\\/2023\\\/11\\\/whatsapp-image-2023-11-22-at-08.02.11-1-.jpg?v=1700678919\",\"width\":888,\"height\":666,\"caption\":\"V\u00cdDEO - Cantora do Calcinha Preta mostra os seios para o p\u00fablico em show\"},{\"@type\":\"WebSite\",\"@id\":\"https:\\\/\\\/redenoticiaz.com.br\\\/litoralsp\\\/#website\",\"url\":\"https:\\\/\\\/redenoticiaz.com.br\\\/litoralsp\\\/\",\"name\":\"Litoral SP\",\"description\":\"Rede NoticiaZ\",\"publisher\":{\"@id\":\"https:\\\/\\\/redenoticiaz.com.br\\\/litoralsp\\\/#organization\"},\"potentialAction\":[{\"@type\":\"SearchAction\",\"target\":{\"@type\":\"EntryPoint\",\"urlTemplate\":\"https:\\\/\\\/redenoticiaz.com.br\\\/litoralsp\\\/?s={search_term_string}\"},\"query-input\":{\"@type\":\"PropertyValueSpecification\",\"valueRequired\":true,\"valueName\":\"search_term_string\"}}],\"inLanguage\":\"pt-BR\"},{\"@type\":\"Organization\",\"@id\":\"https:\\\/\\\/redenoticiaz.com.br\\\/litoralsp\\\/#organization\",\"name\":\"Litoral SP\",\"url\":\"https:\\\/\\\/redenoticiaz.com.br\\\/litoralsp\\\/\",\"logo\":{\"@type\":\"ImageObject\",\"inLanguage\":\"pt-BR\",\"@id\":\"https:\\\/\\\/redenoticiaz.com.br\\\/litoralsp\\\/#\\\/schema\\\/logo\\\/image\\\/\",\"url\":\"https:\\\/\\\/redenoticiaz.com.br\\\/litoralsp\\\/wp-content\\\/uploads\\\/sites\\\/3\\\/2020\\\/11\\\/logo.jpg\",\"contentUrl\":\"https:\\\/\\\/redenoticiaz.com.br\\\/litoralsp\\\/wp-content\\\/uploads\\\/sites\\\/3\\\/2020\\\/11\\\/logo.jpg\",\"width\":400,\"height\":250,\"caption\":\"Litoral SP\"},\"image\":{\"@id\":\"https:\\\/\\\/redenoticiaz.com.br\\\/litoralsp\\\/#\\\/schema\\\/logo\\\/image\\\/\"}},{\"@type\":\"Person\",\"@id\":\"https:\\\/\\\/redenoticiaz.com.br\\\/litoralsp\\\/#\\\/schema\\\/person\\\/16057b37a3c0ee6b096d7f887c566e2e\",\"name\":\"Gustavo Silva\",\"image\":{\"@type\":\"ImageObject\",\"inLanguage\":\"pt-BR\",\"@id\":\"https:\\\/\\\/secure.gravatar.com\\\/avatar\\\/3ee4e82f93b26de0a7cf4ea5eb7893da637ed6bb0c9170c58065944c56e28a33?s=96&d=mm&r=g\",\"url\":\"https:\\\/\\\/secure.gravatar.com\\\/avatar\\\/3ee4e82f93b26de0a7cf4ea5eb7893da637ed6bb0c9170c58065944c56e28a33?s=96&d=mm&r=g\",\"contentUrl\":\"https:\\\/\\\/secure.gravatar.com\\\/avatar\\\/3ee4e82f93b26de0a7cf4ea5eb7893da637ed6bb0c9170c58065944c56e28a33?s=96&d=mm&r=g\",\"caption\":\"Gustavo Silva\"},\"url\":\"https:\\\/\\\/redenoticiaz.com.br\\\/litoralsp\\\/author\\\/gustavosilva\"}]}<\/script>\n<!-- \/ Yoast SEO plugin. -->","yoast_head_json":{"title":"V\u00cdDEO \u2013 Cantora do Calcinha Preta mostra os seios para o p\u00fablico em show - Litoral SP","description":"A Cantora do Calcinha Preta, Silv\u00e2nia Aquino mostrou os seios para o p\u00fablico em show ap\u00f3s realizar cirurgia para colocar silicone.","robots":{"index":"index","follow":"follow","max-snippet":"max-snippet:-1","max-image-preview":"max-image-preview:large","max-video-preview":"max-video-preview:-1"},"canonical":"https:\/\/redenoticiaz.com.br\/litoralsp\/2023\/11\/22\/video-cantora-do-calcinha-preta-mostra-os-seios-para-o-publico-em-show","og_locale":"pt_BR","og_type":"article","og_title":"V\u00cdDEO \u2013 Cantora do Calcinha Preta mostra os seios para o p\u00fablico em show - Litoral SP","og_description":"A Cantora do Calcinha Preta, Silv\u00e2nia Aquino mostrou os seios para o p\u00fablico em show ap\u00f3s realizar cirurgia para colocar silicone.","og_url":"https:\/\/redenoticiaz.com.br\/litoralsp\/2023\/11\/22\/video-cantora-do-calcinha-preta-mostra-os-seios-para-o-publico-em-show","og_site_name":"Litoral SP","article_published_time":"2023-11-22T18:57:35+00:00","article_modified_time":"2023-11-22T19:06:26+00:00","og_image":[{"width":888,"height":666,"url":"https:\/\/redenoticiaz.com.br\/litoralsp\/wp-content\/uploads\/sites\/3\/2023\/11\/whatsapp-image-2023-11-22-at-08.02.11-1-.jpg?v=1700678919","type":"image\/jpeg"}],"author":"Gustavo Silva","twitter_card":"summary_large_image","twitter_misc":{"Escrito por":"Gustavo Silva","Est. tempo de leitura":"1 minuto"},"schema":{"@context":"https:\/\/schema.org","@graph":[{"@type":"Article","@id":"https:\/\/redenoticiaz.com.br\/litoralsp\/2023\/11\/22\/video-cantora-do-calcinha-preta-mostra-os-seios-para-o-publico-em-show#article","isPartOf":{"@id":"https:\/\/redenoticiaz.com.br\/litoralsp\/2023\/11\/22\/video-cantora-do-calcinha-preta-mostra-os-seios-para-o-publico-em-show"},"author":{"name":"Gustavo Silva","@id":"https:\/\/redenoticiaz.com.br\/litoralsp\/#\/schema\/person\/16057b37a3c0ee6b096d7f887c566e2e"},"headline":"V\u00cdDEO \u2013 Cantora do Calcinha Preta mostra os seios para o p\u00fablico em show","datePublished":"2023-11-22T18:57:35+00:00","dateModified":"2023-11-22T19:06:26+00:00","mainEntityOfPage":{"@id":"https:\/\/redenoticiaz.com.br\/litoralsp\/2023\/11\/22\/video-cantora-do-calcinha-preta-mostra-os-seios-para-o-publico-em-show"},"wordCount":176,"commentCount":0,"publisher":{"@id":"https:\/\/redenoticiaz.com.br\/litoralsp\/#organization"},"image":{"@id":"https:\/\/redenoticiaz.com.br\/litoralsp\/2023\/11\/22\/video-cantora-do-calcinha-preta-mostra-os-seios-para-o-publico-em-show#primaryimage"},"thumbnailUrl":"https:\/\/redenoticiaz.com.br\/litoralsp\/wp-content\/uploads\/sites\/3\/2023\/11\/whatsapp-image-2023-11-22-at-08.02.11-1-.jpg?v=1700678919","keywords":["CALCINHA PRETA","SEIOS","silicone","silv\u00e2nia"],"articleSection":["Celebridades","Entretenimento"],"inLanguage":"pt-BR","potentialAction":[{"@type":"CommentAction","name":"Comment","target":["https:\/\/redenoticiaz.com.br\/litoralsp\/2023\/11\/22\/video-cantora-do-calcinha-preta-mostra-os-seios-para-o-publico-em-show#respond"]}]},{"@type":"WebPage","@id":"https:\/\/redenoticiaz.com.br\/litoralsp\/2023\/11\/22\/video-cantora-do-calcinha-preta-mostra-os-seios-para-o-publico-em-show","url":"https:\/\/redenoticiaz.com.br\/litoralsp\/2023\/11\/22\/video-cantora-do-calcinha-preta-mostra-os-seios-para-o-publico-em-show","name":"V\u00cdDEO \u2013 Cantora do Calcinha Preta mostra os seios para o p\u00fablico em show - Litoral SP","isPartOf":{"@id":"https:\/\/redenoticiaz.com.br\/litoralsp\/#website"},"primaryImageOfPage":{"@id":"https:\/\/redenoticiaz.com.br\/litoralsp\/2023\/11\/22\/video-cantora-do-calcinha-preta-mostra-os-seios-para-o-publico-em-show#primaryimage"},"image":{"@id":"https:\/\/redenoticiaz.com.br\/litoralsp\/2023\/11\/22\/video-cantora-do-calcinha-preta-mostra-os-seios-para-o-publico-em-show#primaryimage"},"thumbnailUrl":"https:\/\/redenoticiaz.com.br\/litoralsp\/wp-content\/uploads\/sites\/3\/2023\/11\/whatsapp-image-2023-11-22-at-08.02.11-1-.jpg?v=1700678919","datePublished":"2023-11-22T18:57:35+00:00","dateModified":"2023-11-22T19:06:26+00:00","description":"A Cantora do Calcinha Preta, Silv\u00e2nia Aquino mostrou os seios para o p\u00fablico em show ap\u00f3s realizar cirurgia para colocar silicone.","inLanguage":"pt-BR","potentialAction":[{"@type":"ReadAction","target":["https:\/\/redenoticiaz.com.br\/litoralsp\/2023\/11\/22\/video-cantora-do-calcinha-preta-mostra-os-seios-para-o-publico-em-show"]}]},{"@type":"ImageObject","inLanguage":"pt-BR","@id":"https:\/\/redenoticiaz.com.br\/litoralsp\/2023\/11\/22\/video-cantora-do-calcinha-preta-mostra-os-seios-para-o-publico-em-show#primaryimage","url":"https:\/\/redenoticiaz.com.br\/litoralsp\/wp-content\/uploads\/sites\/3\/2023\/11\/whatsapp-image-2023-11-22-at-08.02.11-1-.jpg?v=1700678919","contentUrl":"https:\/\/redenoticiaz.com.br\/litoralsp\/wp-content\/uploads\/sites\/3\/2023\/11\/whatsapp-image-2023-11-22-at-08.02.11-1-.jpg?v=1700678919","width":888,"height":666,"caption":"V\u00cdDEO - Cantora do Calcinha Preta mostra os seios para o p\u00fablico em show"},{"@type":"WebSite","@id":"https:\/\/redenoticiaz.com.br\/litoralsp\/#website","url":"https:\/\/redenoticiaz.com.br\/litoralsp\/","name":"Litoral SP","description":"Rede NoticiaZ","publisher":{"@id":"https:\/\/redenoticiaz.com.br\/litoralsp\/#organization"},"potentialAction":[{"@type":"SearchAction","target":{"@type":"EntryPoint","urlTemplate":"https:\/\/redenoticiaz.com.br\/litoralsp\/?s={search_term_string}"},"query-input":{"@type":"PropertyValueSpecification","valueRequired":true,"valueName":"search_term_string"}}],"inLanguage":"pt-BR"},{"@type":"Organization","@id":"https:\/\/redenoticiaz.com.br\/litoralsp\/#organization","name":"Litoral SP","url":"https:\/\/redenoticiaz.com.br\/litoralsp\/","logo":{"@type":"ImageObject","inLanguage":"pt-BR","@id":"https:\/\/redenoticiaz.com.br\/litoralsp\/#\/schema\/logo\/image\/","url":"https:\/\/redenoticiaz.com.br\/litoralsp\/wp-content\/uploads\/sites\/3\/2020\/11\/logo.jpg","contentUrl":"https:\/\/redenoticiaz.com.br\/litoralsp\/wp-content\/uploads\/sites\/3\/2020\/11\/logo.jpg","width":400,"height":250,"caption":"Litoral SP"},"image":{"@id":"https:\/\/redenoticiaz.com.br\/litoralsp\/#\/schema\/logo\/image\/"}},{"@type":"Person","@id":"https:\/\/redenoticiaz.com.br\/litoralsp\/#\/schema\/person\/16057b37a3c0ee6b096d7f887c566e2e","name":"Gustavo Silva","image":{"@type":"ImageObject","inLanguage":"pt-BR","@id":"https:\/\/secure.gravatar.com\/avatar\/3ee4e82f93b26de0a7cf4ea5eb7893da637ed6bb0c9170c58065944c56e28a33?s=96&d=mm&r=g","url":"https:\/\/secure.gravatar.com\/avatar\/3ee4e82f93b26de0a7cf4ea5eb7893da637ed6bb0c9170c58065944c56e28a33?s=96&d=mm&r=g","contentUrl":"https:\/\/secure.gravatar.com\/avatar\/3ee4e82f93b26de0a7cf4ea5eb7893da637ed6bb0c9170c58065944c56e28a33?s=96&d=mm&r=g","caption":"Gustavo Silva"},"url":"https:\/\/redenoticiaz.com.br\/litoralsp\/author\/gustavosilva"}]}},"_links":{"self":[{"href":"https:\/\/redenoticiaz.com.br\/litoralsp\/wp-json\/wp\/v2\/posts\/112294","targetHints":{"allow":["GET"]}}],"collection":[{"href":"https:\/\/redenoticiaz.com.br\/litoralsp\/wp-json\/wp\/v2\/posts"}],"about":[{"href":"https:\/\/redenoticiaz.com.br\/litoralsp\/wp-json\/wp\/v2\/types\/post"}],"author":[{"embeddable":true,"href":"https:\/\/redenoticiaz.com.br\/litoralsp\/wp-json\/wp\/v2\/users\/12"}],"replies":[{"embeddable":true,"href":"https:\/\/redenoticiaz.com.br\/litoralsp\/wp-json\/wp\/v2\/comments?post=112294"}],"version-history":[{"count":1,"href":"https:\/\/redenoticiaz.com.br\/litoralsp\/wp-json\/wp\/v2\/posts\/112294\/revisions"}],"predecessor-version":[{"id":112301,"href":"https:\/\/redenoticiaz.com.br\/litoralsp\/wp-json\/wp\/v2\/posts\/112294\/revisions\/112301"}],"wp:featuredmedia":[{"embeddable":true,"href":"https:\/\/redenoticiaz.com.br\/litoralsp\/wp-json\/wp\/v2\/media\/112296"}],"wp:attachment":[{"href":"https:\/\/redenoticiaz.com.br\/litoralsp\/wp-json\/wp\/v2\/media?parent=112294"}],"wp:term":[{"taxonomy":"category","embeddable":true,"href":"https:\/\/redenoticiaz.com.br\/litoralsp\/wp-json\/wp\/v2\/categories?post=112294"},{"taxonomy":"post_tag","embeddable":true,"href":"https:\/\/redenoticiaz.com.br\/litoralsp\/wp-json\/wp\/v2\/tags?post=112294"}],"curies":[{"name":"wp","href":"https:\/\/api.w.org\/{rel}","templated":true}]}}