{"id":112464,"date":"2023-11-27T16:31:14","date_gmt":"2023-11-27T19:31:14","guid":{"rendered":"https:\/\/redenoticiaz.com.br\/litoralsp\/?p=112464"},"modified":"2023-11-27T16:38:09","modified_gmt":"2023-11-27T19:38:09","slug":"acidente-grave-deixa-carreta-onibus-e-carro-destruidos","status":"publish","type":"post","link":"https:\/\/redenoticiaz.com.br\/litoralsp\/2023\/11\/27\/acidente-grave-deixa-carreta-onibus-e-carro-destruidos","title":{"rendered":"Acidente grave deixa carreta, onibus e carro destru\u00eddos"},"content":{"rendered":"<p>Uma carreta e um \u00f4nibus intermunicipal se envolveram em um grave acidente na manh\u00e3 deste domingo, na avenida perimetral, no bairro do macuco, em Santos.<\/p>\n<p>Segundo informa\u00e7\u00f5es, por volta das 8h, os ve\u00edculos colidiram e, com o impacto, um poste de energia chegou a cair em cima de um carro.<\/p>\n<p>De acordo com a autoridade portu\u00e1ria de santos (aps), que realizou o atendimento da ocorr\u00eancia, a carreta seguia pela avenida sentido ponta da praia quando atingiu o \u00f4nibus que cruzava a via, saindo da avenida senador dantas para acessar a avenida s\u00e9rgio da costa matte.<\/p>\n<p>Segundo a empresa metropolitana de transportes urbanos de s\u00e3o paulo (emtu), o caminh\u00e3o avan\u00e7ou o sinal vermelho na avenida em alta velocidade e colidiu com o \u00f4nibus que fazia o cruzamento.<\/p>\n<p>O motorista do coletivo foi levado com ferimentos para a santa casa.<\/p>\n<p><strong>Leia mais<\/strong><\/p>\n<p><a href=\"https:\/\/redenoticiaz.com.br\/litoralsp\/2023\/11\/25\/dupla-suspeita-de-trafico-de-drogas-em-santos-e-presa\">Dupla suspeita de tr\u00e1fico de drogas em Santos \u00e9 presa<\/a><\/p>\n<p><a href=\"https:\/\/redenoticiaz.com.br\/litoralsp\/2023\/11\/21\/gcm-de-santos-detem-dois-apos-furtos-nos-ultimos-dias\">GCM de Santos det\u00eam dois ap\u00f3s furtos nos \u00faltimos dias<\/a><\/p>\n<p><a href=\"https:\/\/redenoticiaz.com.br\/litoralsp\/2023\/11\/20\/sabesp-alerta-para-abastecimento-em-morros-de-santos\">Sabesp alerta para abastecimento em morros de Santos<\/a><\/p>\n","protected":false},"excerpt":{"rendered":"<p>Uma carreta e um \u00f4nibus intermunicipal se envolveram em um grave acidente na manh\u00e3 deste domingo, na avenida perimetral, no bairro do macuco, em Santos. Segundo informa\u00e7\u00f5es, por volta das 8h, os ve\u00edculos colidiram e, com o impacto, um poste de energia chegou a cair em cima de um carro. De acordo com a autoridade &hellip;<\/p>\n","protected":false},"author":12,"featured_media":112466,"comment_status":"open","ping_status":"closed","sticky":false,"template":"","format":"standard","meta":{"footnotes":""},"categories":[10,180],"tags":[7,67638,28010],"class_list":["post-112464","post","type-post","status-publish","format-standard","has-post-thumbnail","hentry","category-policia","category-santos","tag-acidente","tag-carro-destruidos","tag-perimetral"],"yoast_head":"<!-- This site is optimized with the Yoast SEO plugin v27.4 - https:\/\/yoast.com\/product\/yoast-seo-wordpress\/ -->\n<title>Acidente grave deixa carreta, onibus e carro destru\u00eddos - Litoral SP<\/title>\n<meta name=\"description\" content=\"Uma carreta e um \u00f4nibus intermunicipal se envolveram em um grave acidente na manh\u00e3 deste domingo, na avenida perimetral, no bairro do macuco, em Santos.\" \/>\n<meta name=\"robots\" content=\"index, follow, max-snippet:-1, max-image-preview:large, max-video-preview:-1\" \/>\n<link rel=\"canonical\" href=\"https:\/\/redenoticiaz.com.br\/litoralsp\/2023\/11\/27\/acidente-grave-deixa-carreta-onibus-e-carro-destruidos\" \/>\n<meta property=\"og:locale\" content=\"pt_BR\" \/>\n<meta property=\"og:type\" content=\"article\" \/>\n<meta property=\"og:title\" content=\"Acidente grave deixa carreta, onibus e carro destru\u00eddos - Litoral SP\" \/>\n<meta property=\"og:description\" content=\"Uma carreta e um \u00f4nibus intermunicipal se envolveram em um grave acidente na manh\u00e3 deste domingo, na avenida perimetral, no bairro do macuco, em Santos.\" \/>\n<meta property=\"og:url\" content=\"https:\/\/redenoticiaz.com.br\/litoralsp\/2023\/11\/27\/acidente-grave-deixa-carreta-onibus-e-carro-destruidos\" \/>\n<meta property=\"og:site_name\" content=\"Litoral SP\" \/>\n<meta property=\"article:published_time\" content=\"2023-11-27T19:31:14+00:00\" \/>\n<meta property=\"article:modified_time\" content=\"2023-11-27T19:38:09+00:00\" \/>\n<meta property=\"og:image\" content=\"https:\/\/redenoticiaz.com.br\/litoralsp\/wp-content\/uploads\/sites\/3\/2023\/11\/img2959712411459.jpg\" \/>\n\t<meta property=\"og:image:width\" content=\"897\" \/>\n\t<meta property=\"og:image:height\" content=\"600\" \/>\n\t<meta property=\"og:image:type\" content=\"image\/jpeg\" \/>\n<meta name=\"author\" content=\"Gustavo Silva\" \/>\n<meta name=\"twitter:card\" content=\"summary_large_image\" \/>\n<meta name=\"twitter:label1\" content=\"Escrito por\" \/>\n\t<meta name=\"twitter:data1\" content=\"Gustavo Silva\" \/>\n\t<meta name=\"twitter:label2\" content=\"Est. tempo de leitura\" \/>\n\t<meta name=\"twitter:data2\" content=\"1 minuto\" \/>\n<script type=\"application\/ld+json\" class=\"yoast-schema-graph\">{\"@context\":\"https:\\\/\\\/schema.org\",\"@graph\":[{\"@type\":\"Article\",\"@id\":\"https:\\\/\\\/redenoticiaz.com.br\\\/litoralsp\\\/2023\\\/11\\\/27\\\/acidente-grave-deixa-carreta-onibus-e-carro-destruidos#article\",\"isPartOf\":{\"@id\":\"https:\\\/\\\/redenoticiaz.com.br\\\/litoralsp\\\/2023\\\/11\\\/27\\\/acidente-grave-deixa-carreta-onibus-e-carro-destruidos\"},\"author\":{\"name\":\"Gustavo Silva\",\"@id\":\"https:\\\/\\\/redenoticiaz.com.br\\\/litoralsp\\\/#\\\/schema\\\/person\\\/16057b37a3c0ee6b096d7f887c566e2e\"},\"headline\":\"Acidente grave deixa carreta, onibus e carro destru\u00eddos\",\"datePublished\":\"2023-11-27T19:31:14+00:00\",\"dateModified\":\"2023-11-27T19:38:09+00:00\",\"mainEntityOfPage\":{\"@id\":\"https:\\\/\\\/redenoticiaz.com.br\\\/litoralsp\\\/2023\\\/11\\\/27\\\/acidente-grave-deixa-carreta-onibus-e-carro-destruidos\"},\"wordCount\":187,\"commentCount\":0,\"publisher\":{\"@id\":\"https:\\\/\\\/redenoticiaz.com.br\\\/litoralsp\\\/#organization\"},\"image\":{\"@id\":\"https:\\\/\\\/redenoticiaz.com.br\\\/litoralsp\\\/2023\\\/11\\\/27\\\/acidente-grave-deixa-carreta-onibus-e-carro-destruidos#primaryimage\"},\"thumbnailUrl\":\"https:\\\/\\\/redenoticiaz.com.br\\\/litoralsp\\\/wp-content\\\/uploads\\\/sites\\\/3\\\/2023\\\/11\\\/img2959712411459.jpg\",\"keywords\":[\"acidente\",\"carro destru\u00eddos\",\"PERIMETRAL\"],\"articleSection\":[\"Pol\u00edcia\",\"Santos\"],\"inLanguage\":\"pt-BR\",\"potentialAction\":[{\"@type\":\"CommentAction\",\"name\":\"Comment\",\"target\":[\"https:\\\/\\\/redenoticiaz.com.br\\\/litoralsp\\\/2023\\\/11\\\/27\\\/acidente-grave-deixa-carreta-onibus-e-carro-destruidos#respond\"]}]},{\"@type\":\"WebPage\",\"@id\":\"https:\\\/\\\/redenoticiaz.com.br\\\/litoralsp\\\/2023\\\/11\\\/27\\\/acidente-grave-deixa-carreta-onibus-e-carro-destruidos\",\"url\":\"https:\\\/\\\/redenoticiaz.com.br\\\/litoralsp\\\/2023\\\/11\\\/27\\\/acidente-grave-deixa-carreta-onibus-e-carro-destruidos\",\"name\":\"Acidente grave deixa carreta, onibus e carro destru\u00eddos - Litoral SP\",\"isPartOf\":{\"@id\":\"https:\\\/\\\/redenoticiaz.com.br\\\/litoralsp\\\/#website\"},\"primaryImageOfPage\":{\"@id\":\"https:\\\/\\\/redenoticiaz.com.br\\\/litoralsp\\\/2023\\\/11\\\/27\\\/acidente-grave-deixa-carreta-onibus-e-carro-destruidos#primaryimage\"},\"image\":{\"@id\":\"https:\\\/\\\/redenoticiaz.com.br\\\/litoralsp\\\/2023\\\/11\\\/27\\\/acidente-grave-deixa-carreta-onibus-e-carro-destruidos#primaryimage\"},\"thumbnailUrl\":\"https:\\\/\\\/redenoticiaz.com.br\\\/litoralsp\\\/wp-content\\\/uploads\\\/sites\\\/3\\\/2023\\\/11\\\/img2959712411459.jpg\",\"datePublished\":\"2023-11-27T19:31:14+00:00\",\"dateModified\":\"2023-11-27T19:38:09+00:00\",\"description\":\"Uma carreta e um \u00f4nibus intermunicipal se envolveram em um grave acidente na manh\u00e3 deste domingo, na avenida perimetral, no bairro do macuco, em Santos.\",\"inLanguage\":\"pt-BR\",\"potentialAction\":[{\"@type\":\"ReadAction\",\"target\":[\"https:\\\/\\\/redenoticiaz.com.br\\\/litoralsp\\\/2023\\\/11\\\/27\\\/acidente-grave-deixa-carreta-onibus-e-carro-destruidos\"]}]},{\"@type\":\"ImageObject\",\"inLanguage\":\"pt-BR\",\"@id\":\"https:\\\/\\\/redenoticiaz.com.br\\\/litoralsp\\\/2023\\\/11\\\/27\\\/acidente-grave-deixa-carreta-onibus-e-carro-destruidos#primaryimage\",\"url\":\"https:\\\/\\\/redenoticiaz.com.br\\\/litoralsp\\\/wp-content\\\/uploads\\\/sites\\\/3\\\/2023\\\/11\\\/img2959712411459.jpg\",\"contentUrl\":\"https:\\\/\\\/redenoticiaz.com.br\\\/litoralsp\\\/wp-content\\\/uploads\\\/sites\\\/3\\\/2023\\\/11\\\/img2959712411459.jpg\",\"width\":897,\"height\":600},{\"@type\":\"WebSite\",\"@id\":\"https:\\\/\\\/redenoticiaz.com.br\\\/litoralsp\\\/#website\",\"url\":\"https:\\\/\\\/redenoticiaz.com.br\\\/litoralsp\\\/\",\"name\":\"Litoral SP\",\"description\":\"Rede NoticiaZ\",\"publisher\":{\"@id\":\"https:\\\/\\\/redenoticiaz.com.br\\\/litoralsp\\\/#organization\"},\"potentialAction\":[{\"@type\":\"SearchAction\",\"target\":{\"@type\":\"EntryPoint\",\"urlTemplate\":\"https:\\\/\\\/redenoticiaz.com.br\\\/litoralsp\\\/?s={search_term_string}\"},\"query-input\":{\"@type\":\"PropertyValueSpecification\",\"valueRequired\":true,\"valueName\":\"search_term_string\"}}],\"inLanguage\":\"pt-BR\"},{\"@type\":\"Organization\",\"@id\":\"https:\\\/\\\/redenoticiaz.com.br\\\/litoralsp\\\/#organization\",\"name\":\"Litoral SP\",\"url\":\"https:\\\/\\\/redenoticiaz.com.br\\\/litoralsp\\\/\",\"logo\":{\"@type\":\"ImageObject\",\"inLanguage\":\"pt-BR\",\"@id\":\"https:\\\/\\\/redenoticiaz.com.br\\\/litoralsp\\\/#\\\/schema\\\/logo\\\/image\\\/\",\"url\":\"https:\\\/\\\/redenoticiaz.com.br\\\/litoralsp\\\/wp-content\\\/uploads\\\/sites\\\/3\\\/2020\\\/11\\\/logo.jpg\",\"contentUrl\":\"https:\\\/\\\/redenoticiaz.com.br\\\/litoralsp\\\/wp-content\\\/uploads\\\/sites\\\/3\\\/2020\\\/11\\\/logo.jpg\",\"width\":400,\"height\":250,\"caption\":\"Litoral SP\"},\"image\":{\"@id\":\"https:\\\/\\\/redenoticiaz.com.br\\\/litoralsp\\\/#\\\/schema\\\/logo\\\/image\\\/\"}},{\"@type\":\"Person\",\"@id\":\"https:\\\/\\\/redenoticiaz.com.br\\\/litoralsp\\\/#\\\/schema\\\/person\\\/16057b37a3c0ee6b096d7f887c566e2e\",\"name\":\"Gustavo Silva\",\"image\":{\"@type\":\"ImageObject\",\"inLanguage\":\"pt-BR\",\"@id\":\"https:\\\/\\\/secure.gravatar.com\\\/avatar\\\/3ee4e82f93b26de0a7cf4ea5eb7893da637ed6bb0c9170c58065944c56e28a33?s=96&d=mm&r=g\",\"url\":\"https:\\\/\\\/secure.gravatar.com\\\/avatar\\\/3ee4e82f93b26de0a7cf4ea5eb7893da637ed6bb0c9170c58065944c56e28a33?s=96&d=mm&r=g\",\"contentUrl\":\"https:\\\/\\\/secure.gravatar.com\\\/avatar\\\/3ee4e82f93b26de0a7cf4ea5eb7893da637ed6bb0c9170c58065944c56e28a33?s=96&d=mm&r=g\",\"caption\":\"Gustavo Silva\"},\"url\":\"https:\\\/\\\/redenoticiaz.com.br\\\/litoralsp\\\/author\\\/gustavosilva\"}]}<\/script>\n<!-- \/ Yoast SEO plugin. -->","yoast_head_json":{"title":"Acidente grave deixa carreta, onibus e carro destru\u00eddos - Litoral SP","description":"Uma carreta e um \u00f4nibus intermunicipal se envolveram em um grave acidente na manh\u00e3 deste domingo, na avenida perimetral, no bairro do macuco, em Santos.","robots":{"index":"index","follow":"follow","max-snippet":"max-snippet:-1","max-image-preview":"max-image-preview:large","max-video-preview":"max-video-preview:-1"},"canonical":"https:\/\/redenoticiaz.com.br\/litoralsp\/2023\/11\/27\/acidente-grave-deixa-carreta-onibus-e-carro-destruidos","og_locale":"pt_BR","og_type":"article","og_title":"Acidente grave deixa carreta, onibus e carro destru\u00eddos - Litoral SP","og_description":"Uma carreta e um \u00f4nibus intermunicipal se envolveram em um grave acidente na manh\u00e3 deste domingo, na avenida perimetral, no bairro do macuco, em Santos.","og_url":"https:\/\/redenoticiaz.com.br\/litoralsp\/2023\/11\/27\/acidente-grave-deixa-carreta-onibus-e-carro-destruidos","og_site_name":"Litoral SP","article_published_time":"2023-11-27T19:31:14+00:00","article_modified_time":"2023-11-27T19:38:09+00:00","og_image":[{"width":897,"height":600,"url":"https:\/\/redenoticiaz.com.br\/litoralsp\/wp-content\/uploads\/sites\/3\/2023\/11\/img2959712411459.jpg","type":"image\/jpeg"}],"author":"Gustavo Silva","twitter_card":"summary_large_image","twitter_misc":{"Escrito por":"Gustavo Silva","Est. tempo de leitura":"1 minuto"},"schema":{"@context":"https:\/\/schema.org","@graph":[{"@type":"Article","@id":"https:\/\/redenoticiaz.com.br\/litoralsp\/2023\/11\/27\/acidente-grave-deixa-carreta-onibus-e-carro-destruidos#article","isPartOf":{"@id":"https:\/\/redenoticiaz.com.br\/litoralsp\/2023\/11\/27\/acidente-grave-deixa-carreta-onibus-e-carro-destruidos"},"author":{"name":"Gustavo Silva","@id":"https:\/\/redenoticiaz.com.br\/litoralsp\/#\/schema\/person\/16057b37a3c0ee6b096d7f887c566e2e"},"headline":"Acidente grave deixa carreta, onibus e carro destru\u00eddos","datePublished":"2023-11-27T19:31:14+00:00","dateModified":"2023-11-27T19:38:09+00:00","mainEntityOfPage":{"@id":"https:\/\/redenoticiaz.com.br\/litoralsp\/2023\/11\/27\/acidente-grave-deixa-carreta-onibus-e-carro-destruidos"},"wordCount":187,"commentCount":0,"publisher":{"@id":"https:\/\/redenoticiaz.com.br\/litoralsp\/#organization"},"image":{"@id":"https:\/\/redenoticiaz.com.br\/litoralsp\/2023\/11\/27\/acidente-grave-deixa-carreta-onibus-e-carro-destruidos#primaryimage"},"thumbnailUrl":"https:\/\/redenoticiaz.com.br\/litoralsp\/wp-content\/uploads\/sites\/3\/2023\/11\/img2959712411459.jpg","keywords":["acidente","carro destru\u00eddos","PERIMETRAL"],"articleSection":["Pol\u00edcia","Santos"],"inLanguage":"pt-BR","potentialAction":[{"@type":"CommentAction","name":"Comment","target":["https:\/\/redenoticiaz.com.br\/litoralsp\/2023\/11\/27\/acidente-grave-deixa-carreta-onibus-e-carro-destruidos#respond"]}]},{"@type":"WebPage","@id":"https:\/\/redenoticiaz.com.br\/litoralsp\/2023\/11\/27\/acidente-grave-deixa-carreta-onibus-e-carro-destruidos","url":"https:\/\/redenoticiaz.com.br\/litoralsp\/2023\/11\/27\/acidente-grave-deixa-carreta-onibus-e-carro-destruidos","name":"Acidente grave deixa carreta, onibus e carro destru\u00eddos - Litoral SP","isPartOf":{"@id":"https:\/\/redenoticiaz.com.br\/litoralsp\/#website"},"primaryImageOfPage":{"@id":"https:\/\/redenoticiaz.com.br\/litoralsp\/2023\/11\/27\/acidente-grave-deixa-carreta-onibus-e-carro-destruidos#primaryimage"},"image":{"@id":"https:\/\/redenoticiaz.com.br\/litoralsp\/2023\/11\/27\/acidente-grave-deixa-carreta-onibus-e-carro-destruidos#primaryimage"},"thumbnailUrl":"https:\/\/redenoticiaz.com.br\/litoralsp\/wp-content\/uploads\/sites\/3\/2023\/11\/img2959712411459.jpg","datePublished":"2023-11-27T19:31:14+00:00","dateModified":"2023-11-27T19:38:09+00:00","description":"Uma carreta e um \u00f4nibus intermunicipal se envolveram em um grave acidente na manh\u00e3 deste domingo, na avenida perimetral, no bairro do macuco, em Santos.","inLanguage":"pt-BR","potentialAction":[{"@type":"ReadAction","target":["https:\/\/redenoticiaz.com.br\/litoralsp\/2023\/11\/27\/acidente-grave-deixa-carreta-onibus-e-carro-destruidos"]}]},{"@type":"ImageObject","inLanguage":"pt-BR","@id":"https:\/\/redenoticiaz.com.br\/litoralsp\/2023\/11\/27\/acidente-grave-deixa-carreta-onibus-e-carro-destruidos#primaryimage","url":"https:\/\/redenoticiaz.com.br\/litoralsp\/wp-content\/uploads\/sites\/3\/2023\/11\/img2959712411459.jpg","contentUrl":"https:\/\/redenoticiaz.com.br\/litoralsp\/wp-content\/uploads\/sites\/3\/2023\/11\/img2959712411459.jpg","width":897,"height":600},{"@type":"WebSite","@id":"https:\/\/redenoticiaz.com.br\/litoralsp\/#website","url":"https:\/\/redenoticiaz.com.br\/litoralsp\/","name":"Litoral SP","description":"Rede NoticiaZ","publisher":{"@id":"https:\/\/redenoticiaz.com.br\/litoralsp\/#organization"},"potentialAction":[{"@type":"SearchAction","target":{"@type":"EntryPoint","urlTemplate":"https:\/\/redenoticiaz.com.br\/litoralsp\/?s={search_term_string}"},"query-input":{"@type":"PropertyValueSpecification","valueRequired":true,"valueName":"search_term_string"}}],"inLanguage":"pt-BR"},{"@type":"Organization","@id":"https:\/\/redenoticiaz.com.br\/litoralsp\/#organization","name":"Litoral SP","url":"https:\/\/redenoticiaz.com.br\/litoralsp\/","logo":{"@type":"ImageObject","inLanguage":"pt-BR","@id":"https:\/\/redenoticiaz.com.br\/litoralsp\/#\/schema\/logo\/image\/","url":"https:\/\/redenoticiaz.com.br\/litoralsp\/wp-content\/uploads\/sites\/3\/2020\/11\/logo.jpg","contentUrl":"https:\/\/redenoticiaz.com.br\/litoralsp\/wp-content\/uploads\/sites\/3\/2020\/11\/logo.jpg","width":400,"height":250,"caption":"Litoral SP"},"image":{"@id":"https:\/\/redenoticiaz.com.br\/litoralsp\/#\/schema\/logo\/image\/"}},{"@type":"Person","@id":"https:\/\/redenoticiaz.com.br\/litoralsp\/#\/schema\/person\/16057b37a3c0ee6b096d7f887c566e2e","name":"Gustavo Silva","image":{"@type":"ImageObject","inLanguage":"pt-BR","@id":"https:\/\/secure.gravatar.com\/avatar\/3ee4e82f93b26de0a7cf4ea5eb7893da637ed6bb0c9170c58065944c56e28a33?s=96&d=mm&r=g","url":"https:\/\/secure.gravatar.com\/avatar\/3ee4e82f93b26de0a7cf4ea5eb7893da637ed6bb0c9170c58065944c56e28a33?s=96&d=mm&r=g","contentUrl":"https:\/\/secure.gravatar.com\/avatar\/3ee4e82f93b26de0a7cf4ea5eb7893da637ed6bb0c9170c58065944c56e28a33?s=96&d=mm&r=g","caption":"Gustavo Silva"},"url":"https:\/\/redenoticiaz.com.br\/litoralsp\/author\/gustavosilva"}]}},"_links":{"self":[{"href":"https:\/\/redenoticiaz.com.br\/litoralsp\/wp-json\/wp\/v2\/posts\/112464","targetHints":{"allow":["GET"]}}],"collection":[{"href":"https:\/\/redenoticiaz.com.br\/litoralsp\/wp-json\/wp\/v2\/posts"}],"about":[{"href":"https:\/\/redenoticiaz.com.br\/litoralsp\/wp-json\/wp\/v2\/types\/post"}],"author":[{"embeddable":true,"href":"https:\/\/redenoticiaz.com.br\/litoralsp\/wp-json\/wp\/v2\/users\/12"}],"replies":[{"embeddable":true,"href":"https:\/\/redenoticiaz.com.br\/litoralsp\/wp-json\/wp\/v2\/comments?post=112464"}],"version-history":[{"count":1,"href":"https:\/\/redenoticiaz.com.br\/litoralsp\/wp-json\/wp\/v2\/posts\/112464\/revisions"}],"predecessor-version":[{"id":112465,"href":"https:\/\/redenoticiaz.com.br\/litoralsp\/wp-json\/wp\/v2\/posts\/112464\/revisions\/112465"}],"wp:featuredmedia":[{"embeddable":true,"href":"https:\/\/redenoticiaz.com.br\/litoralsp\/wp-json\/wp\/v2\/media\/112466"}],"wp:attachment":[{"href":"https:\/\/redenoticiaz.com.br\/litoralsp\/wp-json\/wp\/v2\/media?parent=112464"}],"wp:term":[{"taxonomy":"category","embeddable":true,"href":"https:\/\/redenoticiaz.com.br\/litoralsp\/wp-json\/wp\/v2\/categories?post=112464"},{"taxonomy":"post_tag","embeddable":true,"href":"https:\/\/redenoticiaz.com.br\/litoralsp\/wp-json\/wp\/v2\/tags?post=112464"}],"curies":[{"name":"wp","href":"https:\/\/api.w.org\/{rel}","templated":true}]}}