{"id":112469,"date":"2023-11-27T18:01:20","date_gmt":"2023-11-27T21:01:20","guid":{"rendered":"https:\/\/redenoticiaz.com.br\/litoralsp\/2023\/11\/27\/inclusao-digital-para-idosos-ainda-enfrenta-desafios"},"modified":"2023-11-27T18:01:20","modified_gmt":"2023-11-27T21:01:20","slug":"inclusao-digital-para-idosos-ainda-enfrenta-desafios","status":"publish","type":"post","link":"https:\/\/redenoticiaz.com.br\/litoralsp\/2023\/11\/27\/inclusao-digital-para-idosos-ainda-enfrenta-desafios","title":{"rendered":"Inclus\u00e3o digital para idosos ainda enfrenta desafios"},"content":{"rendered":"<p>*Por Meire Cachioni<\/p>\n<p>A revolu\u00e7\u00e3o tecnol\u00f3gica transformou drasticamente a vida de todos. Alterou n\u00e3o apenas as formas de produ\u00e7\u00e3o, como o modo de comunica\u00e7\u00e3o e conv\u00edvio social, entre outros. Mesmo ap\u00f3s o dram\u00e1tico epis\u00f3dio da Pandemia, o Brasil ainda n\u00e3o possui pol\u00edticas p\u00fablicas para incluir a popula\u00e7\u00e3o idosa que vive \u00e0 margem da era digital.<\/p>\n<p>Muitos s\u00e3o os documentos que mencionam a import\u00e2ncia da inclus\u00e3o da pessoa idosa, como o Estatuto do Idoso, que prev\u00ea no Art. 21. que \u201co Poder P\u00fablico criar\u00e1 oportunidades de acesso do idoso \u00e0 educa\u00e7\u00e3o, adequando curr\u00edculos, metodologias e material did\u00e1tico aos programas educacionais a ele destinados\u201d ou \u201cEnvelhecimento Ativo: um marco pol\u00edtico em resposta \u00e0 revolu\u00e7\u00e3o da longevidade\u201d (2015), que indica \u201ca promo\u00e7\u00e3o da inclus\u00e3o digital por meio do acesso \u00e0 Internet e do treinamento como uma forma de facilitar a participa\u00e7\u00e3o de pessoas que foram exclu\u00eddas da vida c\u00edvica\u201d. No entanto, a inclus\u00e3o digital da pessoa idosa ainda est\u00e1 limitada a pequenas a\u00e7\u00f5es pontuais como oficinas espec\u00edficas em centros culturais ou espa\u00e7os abertos para o p\u00fablico em geral, como os Telecentros.<\/p>\n<p>De fato, essas estrat\u00e9gias est\u00e3o longe de garantir o direito ao acesso \u00e0s tecnologias de informa\u00e7\u00e3o e comunica\u00e7\u00e3o, uma vez que n\u00e3o se dedicam especificamente ao processo de ensino-aprendizagem voltado \u00e0 pessoa idosa e, nem t\u00e3o pouco, \u00e0 alfabetiza\u00e7\u00e3o e letramento digital. Atuam na resolu\u00e7\u00e3o de problemas ou em situa\u00e7\u00f5es espec\u00edficas para o interessado, sem a preocupa\u00e7\u00e3o em explicar como solucion\u00e1-lo, mas fazendo por ele.<\/p>\n<p>O acesso \u00e0 informa\u00e7\u00e3o \u00e9 uma das bases da democracia. Estar exclu\u00eddo digitalmente, em pleno no s\u00e9culo XXI, \u00e9 estar exclu\u00eddo da sociedade. Nesse contexto, torna-se imprescind\u00edvel uma mudan\u00e7a e o governo sabe disso. \u00c9 fundamental que pol\u00edticas sejam criadas e se adaptem \u00e0s necessidades das pessoas idosas, em constante mudan\u00e7a, com projetos que incluam a sociedade em geral.<\/p>\n<p>Algumas iniciativas que desempenham um papel importante na promo\u00e7\u00e3o da inclus\u00e3o digital da pessoa idosa, oferecendo capacita\u00e7\u00e3o, na tentativa de diminuir a lacuna digital, s\u00e3o as criadas a partir de parcerias entre institui\u00e7\u00f5es sem fins lucrativos, governo e empresas. Para superar muitos desafios nesta \u00e1rea \u00e9 necess\u00e1rio um esfor\u00e7o conjunto. O Fundo Municipal do Idoso \u2013 FMDI -possibilita o financiamento de projetos para assegurar os direitos da pessoa idosa, com recursos de empresas que podem ser deduzidos do Imposto de Renda.<\/p>\n<p>O FMID tem ajudado nas iniciativas de inclus\u00e3o digital dos 60+, que necessitam de investimentos em equipamentos e em profissionais qualificados e aptos ao trabalho com alunos mais velhos, que entendam que o processo de ensino-aprendizagem nessa faixa et\u00e1ria \u00e9 diferente. Al\u00e9m disso, \u00e9 necess\u00e1rio um ambiente adequado, iluminado, acess\u00edvel, facilitador e amig\u00e1vel, de prefer\u00eancia, com oportunidades de conv\u00edvio intergeracional.<\/p>\n<p>A Casa Ondina Lobo &#8212; institui\u00e7\u00e3o sem fins lucrativos, que ao longo de seus 73 anos atende idosos em situa\u00e7\u00e3o de vulnerabilidade social &#8212; se empenhou para atingir esses prop\u00f3sitos em seu projeto Comunica\u00e7\u00e3o em Movimento (aprovado pelo FMID e em fase de capta\u00e7\u00e3o de recursos). Entende que atuar dentro do territ\u00f3rio do aluno, permite maior ades\u00e3o e engajamento para o letramento, al\u00e9m de oferecer cursos de capacita\u00e7\u00e3o para os profissionais interessados em trabalhar com o tema. Com formato absolutamente inovador, o Comunica\u00e7\u00e3o em Movimento inclui um \u00f4nibus itinerante, devidamente equipado tecnologicamente, que ser\u00e1 a sede de aulas de inclus\u00e3o digital para pessoas 60+ em bairros de vulnerabilidade social da cidade de S\u00e3o Paulo. Tamb\u00e9m faz parte da iniciativa a forma\u00e7\u00e3o de gestores de Institui\u00e7\u00f5es de Longa Perman\u00eancia para Idosos \u2013 ILPIs, para que promovam esse mesmo aprendizado aos idosos residentes de suas institui\u00e7\u00f5es.<\/p>\n<p>Permitir novas modalidades educacionais para o letramento digital dentro de um modelo itinerante de ensino-aprendizagem em territ\u00f3rios vulner\u00e1veis, como o apresentado pela Casa Ondina Lobo e chancelado pelo FMID e pelo Conselho Municipal dos Direitos da Pessoa Idosa (CMI), potencializa a democratiza\u00e7\u00e3o do conhecimento e promove protagonismo da pessoa idosa. Favorece o combate aos estere\u00f3tipos e preconceitos relacionados \u00e0 idade, incentiva a participa\u00e7\u00e3o ativa dos idosos na era digital.<br \/>\nPara refor\u00e7ar a import\u00e2ncia de programas como esse, a pesquisa Observat\u00f3rio Febraban-IPESPE aponta que os aspectos que mais contribu\u00edram com a inclus\u00e3o digital dos mais velhos (24% dos idosos) foram os cursos e treinamentos voltados para esse p\u00fablico. \u00c9 preciso exp\u00f4-los a essa nova linguagem. A idade n\u00e3o \u00e9 empecilho para o aprendizado. As pessoas mais velhas, ou aquelas que n\u00e3o tiveram a oportunidade de aprender essa nova forma de viver, perdem a autonomia em rela\u00e7\u00e3o a grande quantidade de op\u00e7\u00f5es que temos hoje (em qualquer situa\u00e7\u00e3o), deixam de participar e de sentirem-se pertencentes a essa era, podendo provocar in\u00fameros conflitos internos e externos, inclusive problemas de sa\u00fade.<\/p>\n<p>S\u00e3o in\u00fameros os estudos dos resultados, impactos e os efeitos de Programas de Inclus\u00e3o Digital na Performance Cognitiva de pessoas idosas, inclusive desenvolvidos pela USP \u2013 Universidade de S\u00e3o Paulo, que observam o uso da tecnologia e seus benef\u00edcios \u00e0 vida ps\u00edquica, f\u00edsica e social das pessoas idosas, a partir das intera\u00e7\u00f5es sociais, praticidade em tarefas e atividades cotidianas. A literatura cient\u00edfica, nacional e internacional, t\u00eam publicado iniciativas com os resultados positivos na preven\u00e7\u00e3o de poss\u00edveis doen\u00e7as, como a depress\u00e3o.<br \/>\nEsse tipo de iniciativa de fato, n\u00e3o beneficia apenas o aprendente, mas todo o seu entorno e contexto familiar. O letramento digital e a educa\u00e7\u00e3o midi\u00e1tica promovem maior autonomia e independ\u00eancia, o que libera a fam\u00edlia de muitos afazeres.<\/p>\n<p>Outro aspecto importante tamb\u00e9m precisa ser observado. Conforme a Pesquisa Nacional Por Amostra em Domic\u00edlio &#8211; PNAD Cont\u00ednua, quase 60% de pessoas idosas acessam a internet, um aumento de 12,7% de 2019 para 2021. No entanto, ter acesso ou possuir um equipamento\/dispositivo n\u00e3o significa ser letrado ou usar a tecnologia de modo cr\u00edtico. O PNAD mensura se houve acesso pelo participante da pesquisa e o que foi acessado, mas n\u00e3o indica como foi esse acesso ou se foi realizado de forma segura e consciente.<\/p>\n<p>A evolu\u00e7\u00e3o tem ocorrido em partes &#8211; tecnicamente existe mais oferta de acesso, por\u00e9m vivemos em uma bolha tecnol\u00f3gica. As pessoas que mais t\u00eam acesso digital s\u00e3o ainda as mais estudadas e com melhor situa\u00e7\u00e3o socioecon\u00f4mica. Fora da bolha, mesmo aqui na cidade de S\u00e3o Paulo, nos territ\u00f3rios mais distantes do centro, encontramos pessoas idosas que n\u00e3o t\u00eam celular ou que n\u00e3o sabem utiliz\u00e1-lo.<\/p>\n<p>Por todos esses motivos, \u00e9 importante que empresas fiquem atentas aos melhores projetos do FMID. E, at\u00e9 Dezembro deste ano (s\u00f3 at\u00e9 dezembro), quando acontece o per\u00edodo de direcionamento do Imposto de Renda para utiliza\u00e7\u00e3o em Fundos P\u00fablicos, elas poder\u00e3o selecionar um desses projetos.<\/p>\n<p>Investir em programas para pessoas idosas \u00e9 uma necessidade crescente, e as empresas desempenham um papel significativo para ajudar a atender a essa demanda social, que promover\u00e1 um grande impacto na comunidade. Dessa forma, as empresas demonstram um compromisso com a Responsabilidade Social, o que fortalece a sua imagem, mostra sua preocupa\u00e7\u00e3o com quest\u00f5es sociais e com o bem-estar da comunidade, al\u00e9m de alavancar a sua marca junto aos consumidores, funcion\u00e1rios e investidores.<\/p>\n<p><img loading=\"lazy\" decoding=\"async\" class=\"size-medium wp-image-112470 alignleft\" src=\"https:\/\/redenoticiaz.com.br\/litoralsp\/wp-content\/uploads\/sites\/3\/2023\/11\/Imagem-do-WhatsApp-de-2023-11-27-as-12.10.43_d37576dd-147x220.jpg\" alt=\"\" width=\"147\" height=\"220\" \/><\/p>\n<p>Meire Cachioni \u2013 Profa. Associada da Universidade de S\u00e3o Paulo &#8211; USP; Vice coordenadora do Programa de P\u00f3s-Gradua\u00e7\u00e3o em Gerontologia da USP; Coordenadora do Programa USP 60+ EACH USP; Doutora em Gerontologia na Faculdade de Educa\u00e7\u00e3o &#8211; Unicamp; P\u00f3s-doutora em Gerontologia, Universidade do Porto, Portugal.<\/p>\n<p>&nbsp;<\/p>\n<p>&nbsp;<\/p>\n<p>LEIA MAIS<\/p>\n<p><a href=\"https:\/\/redenoticiaz.com.br\/blog\/2023\/11\/27\/eleicoes-suplementares-em-itupeva-acontecem-esta-semana\">Elei\u00e7\u00f5es suplementares em Itupeva acontecem esta semana<\/a><\/p>\n<p><a href=\"https:\/\/redenoticiaz.com.br\/blog\/2023\/10\/28\/doutor-em-educacao-questiona-politica-de-inclusao-adotada-em-escolas-brasileiras\">Doutor em Educa\u00e7\u00e3o questiona pol\u00edtica de inclus\u00e3o adotada em escolas brasileiras<\/a><\/p>\n","protected":false},"excerpt":{"rendered":"<p>*Por Meire Cachioni A revolu\u00e7\u00e3o tecnol\u00f3gica transformou drasticamente a vida de todos. Alterou n\u00e3o apenas as formas de produ\u00e7\u00e3o, como o modo de comunica\u00e7\u00e3o e conv\u00edvio social, entre outros. Mesmo ap\u00f3s o dram\u00e1tico epis\u00f3dio da Pandemia, o Brasil ainda n\u00e3o possui pol\u00edticas p\u00fablicas para incluir a popula\u00e7\u00e3o idosa que vive \u00e0 margem da era digital. &hellip;<\/p>\n","protected":false},"author":30,"featured_media":102578,"comment_status":"open","ping_status":"closed","sticky":false,"template":"","format":"standard","meta":{"footnotes":""},"categories":[1625,937],"tags":[51336,8195,56040,63702],"class_list":["post-112469","post","type-post","status-publish","format-standard","has-post-thumbnail","hentry","category-direitos-humanos","category-tecnologia","tag-digital","tag-idoso","tag-inclusao","tag-tecnologias"],"yoast_head":"<!-- This site is optimized with the Yoast SEO plugin v27.4 - https:\/\/yoast.com\/product\/yoast-seo-wordpress\/ -->\n<title>Inclus\u00e3o digital para idosos ainda enfrenta desafios - Litoral SP<\/title>\n<meta name=\"description\" content=\"O Brasil ainda n\u00e3o possui pol\u00edticas p\u00fablicas para incluir a popula\u00e7\u00e3o idosa que vive \u00e0 margem da era digital.\" \/>\n<meta name=\"robots\" content=\"index, follow, max-snippet:-1, max-image-preview:large, max-video-preview:-1\" \/>\n<link rel=\"canonical\" href=\"https:\/\/redenoticiaz.com.br\/litoralsp\/2023\/11\/27\/inclusao-digital-para-idosos-ainda-enfrenta-desafios\" \/>\n<meta property=\"og:locale\" content=\"pt_BR\" \/>\n<meta property=\"og:type\" content=\"article\" \/>\n<meta property=\"og:title\" content=\"Inclus\u00e3o digital para idosos ainda enfrenta desafios - Litoral SP\" \/>\n<meta property=\"og:description\" content=\"O Brasil ainda n\u00e3o possui pol\u00edticas p\u00fablicas para incluir a popula\u00e7\u00e3o idosa que vive \u00e0 margem da era digital.\" \/>\n<meta property=\"og:url\" content=\"https:\/\/redenoticiaz.com.br\/litoralsp\/2023\/11\/27\/inclusao-digital-para-idosos-ainda-enfrenta-desafios\" \/>\n<meta property=\"og:site_name\" content=\"Litoral SP\" \/>\n<meta property=\"article:published_time\" content=\"2023-11-27T21:01:20+00:00\" \/>\n<meta property=\"og:image\" content=\"https:\/\/redenoticiaz.com.br\/litoralsp\/wp-content\/uploads\/sites\/3\/2023\/03\/idoso.jpeg\" \/>\n\t<meta property=\"og:image:width\" content=\"720\" \/>\n\t<meta property=\"og:image:height\" content=\"549\" \/>\n\t<meta property=\"og:image:type\" content=\"image\/jpeg\" \/>\n<meta name=\"author\" content=\"Carina Reifonas\" \/>\n<meta name=\"twitter:card\" content=\"summary_large_image\" \/>\n<meta name=\"twitter:label1\" content=\"Escrito por\" \/>\n\t<meta name=\"twitter:data1\" content=\"Carina Reifonas\" \/>\n\t<meta name=\"twitter:label2\" content=\"Est. tempo de leitura\" \/>\n\t<meta name=\"twitter:data2\" content=\"7 minutos\" \/>\n<script type=\"application\/ld+json\" class=\"yoast-schema-graph\">{\"@context\":\"https:\\\/\\\/schema.org\",\"@graph\":[{\"@type\":\"Article\",\"@id\":\"https:\\\/\\\/redenoticiaz.com.br\\\/litoralsp\\\/2023\\\/11\\\/27\\\/inclusao-digital-para-idosos-ainda-enfrenta-desafios#article\",\"isPartOf\":{\"@id\":\"https:\\\/\\\/redenoticiaz.com.br\\\/litoralsp\\\/2023\\\/11\\\/27\\\/inclusao-digital-para-idosos-ainda-enfrenta-desafios\"},\"author\":{\"name\":\"Carina Reifonas\",\"@id\":\"https:\\\/\\\/redenoticiaz.com.br\\\/litoralsp\\\/#\\\/schema\\\/person\\\/1f84d6e94e6a62d2d81199d7503e9e90\"},\"headline\":\"Inclus\u00e3o digital para idosos ainda enfrenta desafios\",\"datePublished\":\"2023-11-27T21:01:20+00:00\",\"mainEntityOfPage\":{\"@id\":\"https:\\\/\\\/redenoticiaz.com.br\\\/litoralsp\\\/2023\\\/11\\\/27\\\/inclusao-digital-para-idosos-ainda-enfrenta-desafios\"},\"wordCount\":1348,\"commentCount\":0,\"publisher\":{\"@id\":\"https:\\\/\\\/redenoticiaz.com.br\\\/litoralsp\\\/#organization\"},\"image\":{\"@id\":\"https:\\\/\\\/redenoticiaz.com.br\\\/litoralsp\\\/2023\\\/11\\\/27\\\/inclusao-digital-para-idosos-ainda-enfrenta-desafios#primaryimage\"},\"thumbnailUrl\":\"https:\\\/\\\/redenoticiaz.com.br\\\/litoralsp\\\/wp-content\\\/uploads\\\/sites\\\/3\\\/2023\\\/03\\\/idoso.jpeg\",\"keywords\":[\"digital\",\"IDOSO\",\"INCLUS\u00c3O\",\"TECNOLOGIAS\"],\"articleSection\":[\"Direitos Humanos\",\"Tecnologia\"],\"inLanguage\":\"pt-BR\",\"potentialAction\":[{\"@type\":\"CommentAction\",\"name\":\"Comment\",\"target\":[\"https:\\\/\\\/redenoticiaz.com.br\\\/litoralsp\\\/2023\\\/11\\\/27\\\/inclusao-digital-para-idosos-ainda-enfrenta-desafios#respond\"]}]},{\"@type\":\"WebPage\",\"@id\":\"https:\\\/\\\/redenoticiaz.com.br\\\/litoralsp\\\/2023\\\/11\\\/27\\\/inclusao-digital-para-idosos-ainda-enfrenta-desafios\",\"url\":\"https:\\\/\\\/redenoticiaz.com.br\\\/litoralsp\\\/2023\\\/11\\\/27\\\/inclusao-digital-para-idosos-ainda-enfrenta-desafios\",\"name\":\"Inclus\u00e3o digital para idosos ainda enfrenta desafios - Litoral SP\",\"isPartOf\":{\"@id\":\"https:\\\/\\\/redenoticiaz.com.br\\\/litoralsp\\\/#website\"},\"primaryImageOfPage\":{\"@id\":\"https:\\\/\\\/redenoticiaz.com.br\\\/litoralsp\\\/2023\\\/11\\\/27\\\/inclusao-digital-para-idosos-ainda-enfrenta-desafios#primaryimage\"},\"image\":{\"@id\":\"https:\\\/\\\/redenoticiaz.com.br\\\/litoralsp\\\/2023\\\/11\\\/27\\\/inclusao-digital-para-idosos-ainda-enfrenta-desafios#primaryimage\"},\"thumbnailUrl\":\"https:\\\/\\\/redenoticiaz.com.br\\\/litoralsp\\\/wp-content\\\/uploads\\\/sites\\\/3\\\/2023\\\/03\\\/idoso.jpeg\",\"datePublished\":\"2023-11-27T21:01:20+00:00\",\"description\":\"O Brasil ainda n\u00e3o possui pol\u00edticas p\u00fablicas para incluir a popula\u00e7\u00e3o idosa que vive \u00e0 margem da era digital.\",\"inLanguage\":\"pt-BR\",\"potentialAction\":[{\"@type\":\"ReadAction\",\"target\":[\"https:\\\/\\\/redenoticiaz.com.br\\\/litoralsp\\\/2023\\\/11\\\/27\\\/inclusao-digital-para-idosos-ainda-enfrenta-desafios\"]}]},{\"@type\":\"ImageObject\",\"inLanguage\":\"pt-BR\",\"@id\":\"https:\\\/\\\/redenoticiaz.com.br\\\/litoralsp\\\/2023\\\/11\\\/27\\\/inclusao-digital-para-idosos-ainda-enfrenta-desafios#primaryimage\",\"url\":\"https:\\\/\\\/redenoticiaz.com.br\\\/litoralsp\\\/wp-content\\\/uploads\\\/sites\\\/3\\\/2023\\\/03\\\/idoso.jpeg\",\"contentUrl\":\"https:\\\/\\\/redenoticiaz.com.br\\\/litoralsp\\\/wp-content\\\/uploads\\\/sites\\\/3\\\/2023\\\/03\\\/idoso.jpeg\",\"width\":720,\"height\":549,\"caption\":\"Cr\u00e9ditos: Divulga\u00e7\u00e3o\\\/Prefeitura de S\u00e3o Vicente\"},{\"@type\":\"WebSite\",\"@id\":\"https:\\\/\\\/redenoticiaz.com.br\\\/litoralsp\\\/#website\",\"url\":\"https:\\\/\\\/redenoticiaz.com.br\\\/litoralsp\\\/\",\"name\":\"Litoral SP\",\"description\":\"Rede NoticiaZ\",\"publisher\":{\"@id\":\"https:\\\/\\\/redenoticiaz.com.br\\\/litoralsp\\\/#organization\"},\"potentialAction\":[{\"@type\":\"SearchAction\",\"target\":{\"@type\":\"EntryPoint\",\"urlTemplate\":\"https:\\\/\\\/redenoticiaz.com.br\\\/litoralsp\\\/?s={search_term_string}\"},\"query-input\":{\"@type\":\"PropertyValueSpecification\",\"valueRequired\":true,\"valueName\":\"search_term_string\"}}],\"inLanguage\":\"pt-BR\"},{\"@type\":\"Organization\",\"@id\":\"https:\\\/\\\/redenoticiaz.com.br\\\/litoralsp\\\/#organization\",\"name\":\"Litoral SP\",\"url\":\"https:\\\/\\\/redenoticiaz.com.br\\\/litoralsp\\\/\",\"logo\":{\"@type\":\"ImageObject\",\"inLanguage\":\"pt-BR\",\"@id\":\"https:\\\/\\\/redenoticiaz.com.br\\\/litoralsp\\\/#\\\/schema\\\/logo\\\/image\\\/\",\"url\":\"https:\\\/\\\/redenoticiaz.com.br\\\/litoralsp\\\/wp-content\\\/uploads\\\/sites\\\/3\\\/2020\\\/11\\\/logo.jpg\",\"contentUrl\":\"https:\\\/\\\/redenoticiaz.com.br\\\/litoralsp\\\/wp-content\\\/uploads\\\/sites\\\/3\\\/2020\\\/11\\\/logo.jpg\",\"width\":400,\"height\":250,\"caption\":\"Litoral SP\"},\"image\":{\"@id\":\"https:\\\/\\\/redenoticiaz.com.br\\\/litoralsp\\\/#\\\/schema\\\/logo\\\/image\\\/\"}},{\"@type\":\"Person\",\"@id\":\"https:\\\/\\\/redenoticiaz.com.br\\\/litoralsp\\\/#\\\/schema\\\/person\\\/1f84d6e94e6a62d2d81199d7503e9e90\",\"name\":\"Carina Reifonas\",\"image\":{\"@type\":\"ImageObject\",\"inLanguage\":\"pt-BR\",\"@id\":\"https:\\\/\\\/secure.gravatar.com\\\/avatar\\\/04c59859b23696cf867715880f81d5c037e60109730bdb4e6670ec2a2245bc97?s=96&d=mm&r=g\",\"url\":\"https:\\\/\\\/secure.gravatar.com\\\/avatar\\\/04c59859b23696cf867715880f81d5c037e60109730bdb4e6670ec2a2245bc97?s=96&d=mm&r=g\",\"contentUrl\":\"https:\\\/\\\/secure.gravatar.com\\\/avatar\\\/04c59859b23696cf867715880f81d5c037e60109730bdb4e6670ec2a2245bc97?s=96&d=mm&r=g\",\"caption\":\"Carina Reifonas\"},\"url\":\"https:\\\/\\\/redenoticiaz.com.br\\\/litoralsp\\\/author\\\/carinareifonas\"}]}<\/script>\n<!-- \/ Yoast SEO plugin. -->","yoast_head_json":{"title":"Inclus\u00e3o digital para idosos ainda enfrenta desafios - Litoral SP","description":"O Brasil ainda n\u00e3o possui pol\u00edticas p\u00fablicas para incluir a popula\u00e7\u00e3o idosa que vive \u00e0 margem da era digital.","robots":{"index":"index","follow":"follow","max-snippet":"max-snippet:-1","max-image-preview":"max-image-preview:large","max-video-preview":"max-video-preview:-1"},"canonical":"https:\/\/redenoticiaz.com.br\/litoralsp\/2023\/11\/27\/inclusao-digital-para-idosos-ainda-enfrenta-desafios","og_locale":"pt_BR","og_type":"article","og_title":"Inclus\u00e3o digital para idosos ainda enfrenta desafios - Litoral SP","og_description":"O Brasil ainda n\u00e3o possui pol\u00edticas p\u00fablicas para incluir a popula\u00e7\u00e3o idosa que vive \u00e0 margem da era digital.","og_url":"https:\/\/redenoticiaz.com.br\/litoralsp\/2023\/11\/27\/inclusao-digital-para-idosos-ainda-enfrenta-desafios","og_site_name":"Litoral SP","article_published_time":"2023-11-27T21:01:20+00:00","og_image":[{"width":720,"height":549,"url":"https:\/\/redenoticiaz.com.br\/litoralsp\/wp-content\/uploads\/sites\/3\/2023\/03\/idoso.jpeg","type":"image\/jpeg"}],"author":"Carina Reifonas","twitter_card":"summary_large_image","twitter_misc":{"Escrito por":"Carina Reifonas","Est. tempo de leitura":"7 minutos"},"schema":{"@context":"https:\/\/schema.org","@graph":[{"@type":"Article","@id":"https:\/\/redenoticiaz.com.br\/litoralsp\/2023\/11\/27\/inclusao-digital-para-idosos-ainda-enfrenta-desafios#article","isPartOf":{"@id":"https:\/\/redenoticiaz.com.br\/litoralsp\/2023\/11\/27\/inclusao-digital-para-idosos-ainda-enfrenta-desafios"},"author":{"name":"Carina Reifonas","@id":"https:\/\/redenoticiaz.com.br\/litoralsp\/#\/schema\/person\/1f84d6e94e6a62d2d81199d7503e9e90"},"headline":"Inclus\u00e3o digital para idosos ainda enfrenta desafios","datePublished":"2023-11-27T21:01:20+00:00","mainEntityOfPage":{"@id":"https:\/\/redenoticiaz.com.br\/litoralsp\/2023\/11\/27\/inclusao-digital-para-idosos-ainda-enfrenta-desafios"},"wordCount":1348,"commentCount":0,"publisher":{"@id":"https:\/\/redenoticiaz.com.br\/litoralsp\/#organization"},"image":{"@id":"https:\/\/redenoticiaz.com.br\/litoralsp\/2023\/11\/27\/inclusao-digital-para-idosos-ainda-enfrenta-desafios#primaryimage"},"thumbnailUrl":"https:\/\/redenoticiaz.com.br\/litoralsp\/wp-content\/uploads\/sites\/3\/2023\/03\/idoso.jpeg","keywords":["digital","IDOSO","INCLUS\u00c3O","TECNOLOGIAS"],"articleSection":["Direitos Humanos","Tecnologia"],"inLanguage":"pt-BR","potentialAction":[{"@type":"CommentAction","name":"Comment","target":["https:\/\/redenoticiaz.com.br\/litoralsp\/2023\/11\/27\/inclusao-digital-para-idosos-ainda-enfrenta-desafios#respond"]}]},{"@type":"WebPage","@id":"https:\/\/redenoticiaz.com.br\/litoralsp\/2023\/11\/27\/inclusao-digital-para-idosos-ainda-enfrenta-desafios","url":"https:\/\/redenoticiaz.com.br\/litoralsp\/2023\/11\/27\/inclusao-digital-para-idosos-ainda-enfrenta-desafios","name":"Inclus\u00e3o digital para idosos ainda enfrenta desafios - Litoral SP","isPartOf":{"@id":"https:\/\/redenoticiaz.com.br\/litoralsp\/#website"},"primaryImageOfPage":{"@id":"https:\/\/redenoticiaz.com.br\/litoralsp\/2023\/11\/27\/inclusao-digital-para-idosos-ainda-enfrenta-desafios#primaryimage"},"image":{"@id":"https:\/\/redenoticiaz.com.br\/litoralsp\/2023\/11\/27\/inclusao-digital-para-idosos-ainda-enfrenta-desafios#primaryimage"},"thumbnailUrl":"https:\/\/redenoticiaz.com.br\/litoralsp\/wp-content\/uploads\/sites\/3\/2023\/03\/idoso.jpeg","datePublished":"2023-11-27T21:01:20+00:00","description":"O Brasil ainda n\u00e3o possui pol\u00edticas p\u00fablicas para incluir a popula\u00e7\u00e3o idosa que vive \u00e0 margem da era digital.","inLanguage":"pt-BR","potentialAction":[{"@type":"ReadAction","target":["https:\/\/redenoticiaz.com.br\/litoralsp\/2023\/11\/27\/inclusao-digital-para-idosos-ainda-enfrenta-desafios"]}]},{"@type":"ImageObject","inLanguage":"pt-BR","@id":"https:\/\/redenoticiaz.com.br\/litoralsp\/2023\/11\/27\/inclusao-digital-para-idosos-ainda-enfrenta-desafios#primaryimage","url":"https:\/\/redenoticiaz.com.br\/litoralsp\/wp-content\/uploads\/sites\/3\/2023\/03\/idoso.jpeg","contentUrl":"https:\/\/redenoticiaz.com.br\/litoralsp\/wp-content\/uploads\/sites\/3\/2023\/03\/idoso.jpeg","width":720,"height":549,"caption":"Cr\u00e9ditos: Divulga\u00e7\u00e3o\/Prefeitura de S\u00e3o Vicente"},{"@type":"WebSite","@id":"https:\/\/redenoticiaz.com.br\/litoralsp\/#website","url":"https:\/\/redenoticiaz.com.br\/litoralsp\/","name":"Litoral SP","description":"Rede NoticiaZ","publisher":{"@id":"https:\/\/redenoticiaz.com.br\/litoralsp\/#organization"},"potentialAction":[{"@type":"SearchAction","target":{"@type":"EntryPoint","urlTemplate":"https:\/\/redenoticiaz.com.br\/litoralsp\/?s={search_term_string}"},"query-input":{"@type":"PropertyValueSpecification","valueRequired":true,"valueName":"search_term_string"}}],"inLanguage":"pt-BR"},{"@type":"Organization","@id":"https:\/\/redenoticiaz.com.br\/litoralsp\/#organization","name":"Litoral SP","url":"https:\/\/redenoticiaz.com.br\/litoralsp\/","logo":{"@type":"ImageObject","inLanguage":"pt-BR","@id":"https:\/\/redenoticiaz.com.br\/litoralsp\/#\/schema\/logo\/image\/","url":"https:\/\/redenoticiaz.com.br\/litoralsp\/wp-content\/uploads\/sites\/3\/2020\/11\/logo.jpg","contentUrl":"https:\/\/redenoticiaz.com.br\/litoralsp\/wp-content\/uploads\/sites\/3\/2020\/11\/logo.jpg","width":400,"height":250,"caption":"Litoral SP"},"image":{"@id":"https:\/\/redenoticiaz.com.br\/litoralsp\/#\/schema\/logo\/image\/"}},{"@type":"Person","@id":"https:\/\/redenoticiaz.com.br\/litoralsp\/#\/schema\/person\/1f84d6e94e6a62d2d81199d7503e9e90","name":"Carina Reifonas","image":{"@type":"ImageObject","inLanguage":"pt-BR","@id":"https:\/\/secure.gravatar.com\/avatar\/04c59859b23696cf867715880f81d5c037e60109730bdb4e6670ec2a2245bc97?s=96&d=mm&r=g","url":"https:\/\/secure.gravatar.com\/avatar\/04c59859b23696cf867715880f81d5c037e60109730bdb4e6670ec2a2245bc97?s=96&d=mm&r=g","contentUrl":"https:\/\/secure.gravatar.com\/avatar\/04c59859b23696cf867715880f81d5c037e60109730bdb4e6670ec2a2245bc97?s=96&d=mm&r=g","caption":"Carina Reifonas"},"url":"https:\/\/redenoticiaz.com.br\/litoralsp\/author\/carinareifonas"}]}},"_links":{"self":[{"href":"https:\/\/redenoticiaz.com.br\/litoralsp\/wp-json\/wp\/v2\/posts\/112469","targetHints":{"allow":["GET"]}}],"collection":[{"href":"https:\/\/redenoticiaz.com.br\/litoralsp\/wp-json\/wp\/v2\/posts"}],"about":[{"href":"https:\/\/redenoticiaz.com.br\/litoralsp\/wp-json\/wp\/v2\/types\/post"}],"author":[{"embeddable":true,"href":"https:\/\/redenoticiaz.com.br\/litoralsp\/wp-json\/wp\/v2\/users\/30"}],"replies":[{"embeddable":true,"href":"https:\/\/redenoticiaz.com.br\/litoralsp\/wp-json\/wp\/v2\/comments?post=112469"}],"version-history":[{"count":1,"href":"https:\/\/redenoticiaz.com.br\/litoralsp\/wp-json\/wp\/v2\/posts\/112469\/revisions"}],"predecessor-version":[{"id":112471,"href":"https:\/\/redenoticiaz.com.br\/litoralsp\/wp-json\/wp\/v2\/posts\/112469\/revisions\/112471"}],"wp:featuredmedia":[{"embeddable":true,"href":"https:\/\/redenoticiaz.com.br\/litoralsp\/wp-json\/wp\/v2\/media\/102578"}],"wp:attachment":[{"href":"https:\/\/redenoticiaz.com.br\/litoralsp\/wp-json\/wp\/v2\/media?parent=112469"}],"wp:term":[{"taxonomy":"category","embeddable":true,"href":"https:\/\/redenoticiaz.com.br\/litoralsp\/wp-json\/wp\/v2\/categories?post=112469"},{"taxonomy":"post_tag","embeddable":true,"href":"https:\/\/redenoticiaz.com.br\/litoralsp\/wp-json\/wp\/v2\/tags?post=112469"}],"curies":[{"name":"wp","href":"https:\/\/api.w.org\/{rel}","templated":true}]}}