{"id":112576,"date":"2023-12-01T19:21:01","date_gmt":"2023-12-01T22:21:01","guid":{"rendered":"https:\/\/redenoticiaz.com.br\/litoralsp\/?p=112576"},"modified":"2023-12-01T19:21:01","modified_gmt":"2023-12-01T22:21:01","slug":"ministerio-publico-pede-esclarecimentos-a-guaruja-sobre-taxa-a-turistas","status":"publish","type":"post","link":"https:\/\/redenoticiaz.com.br\/litoralsp\/2023\/12\/01\/ministerio-publico-pede-esclarecimentos-a-guaruja-sobre-taxa-a-turistas","title":{"rendered":"Minist\u00e9rio P\u00fablico pede esclarecimentos a Guaruj\u00e1 sobre taxa a turistas"},"content":{"rendered":"<div id=\"chunk-9o2jk\">\n<div class=\"mc-column content-text active-extra-styles \" data-block-type=\"unstyled\" data-block-weight=\"80\" data-block-id=\"2\">\n<p data-track-category=\"Link no Texto\" data-track-links=\"\">O Minist\u00e9rio P\u00fablico pediu esclarecimentos a Guaruj\u00e1 sobre taxa a turistas de fora da baixada santista, fixada em R$4,26 por ve\u00edculo que ficar mais de 3 horas na cidade.<\/p>\n<p data-track-category=\"Link no Texto\" data-track-links=\"\">De acordo com as informa\u00e7\u00f5es, Elaborado pela Secretaria Municipal de Meio Ambiente (Semam) tem objetivo de garantir a preserva\u00e7\u00e3o ambiental da cidade.<\/p>\n<p data-track-category=\"Link no Texto\" data-track-links=\"\">Ainda de acordo com as informa\u00e7\u00f5es, o projeto foi apresentado na \u00faltima semana a popula\u00e7\u00e3o em uma audi\u00eancia p\u00fablica.<\/p>\n<p data-track-category=\"Link no Texto\" data-track-links=\"\">A taxa visa diminuir o impacto dos cerca de 1kg a 1,6kg de lixo produzido por pessoa que visita a cidade durante a alta temporada.<\/p>\n<p data-track-category=\"Link no Texto\" data-track-links=\"\">A cidade recebe cerca de &#8216;1 milh\u00e3o de turistas durante a semanas do Natal e Ano Novo.<\/p>\n<\/div>\n<\/div>\n<p data-track-category=\"Link no Texto\" data-track-links=\"\">Por fim, a Associa\u00e7\u00e3o Viva Guaruj\u00e1, apontou irregularidades sobre a audi\u00eancia p\u00fablica e o \u00f3rg\u00e3o estadual instaurou uma not\u00edcia de fato para pedir esclarecimentos.<\/p>\n<div id=\"chunk-oo4l\">\n<div class=\"mc-column content-text active-extra-styles \" data-block-type=\"unstyled\" data-block-weight=\"41\" data-block-id=\"17\">\n<p class=\" content-text__container \" data-track-category=\"Link no Texto\" data-track-links=\"\">O presidente da Associa\u00e7\u00e3o Aguaviva, Jos\u00e9 Manoel Ferreira Gon\u00e7alves, defendeu que h\u00e1 controv\u00e9rsias e impacto econ\u00f4mico na ideia porque os turistas j\u00e1 contribuem significativamente para a economia local. Afinal, consumem &#8220;intensivamente&#8221; em hot\u00e9is, restaurantes e com\u00e9rcio das cidades que visitam.<\/p>\n<\/div>\n<\/div>\n<div id=\"chunk-15l4h\">\n<div class=\"mc-column content-text active-extra-styles \" data-block-type=\"unstyled\" data-block-weight=\"60\" data-block-id=\"18\">Leia mais<\/div>\n<\/div>\n<div data-block-type=\"unstyled\" data-block-weight=\"60\" data-block-id=\"18\"><a href=\"https:\/\/redenoticiaz.com.br\/litoralsp\/2023\/11\/28\/corpo-de-turista-e-achado-em-praia-de-guaruja\">Corpo de turista \u00e9 achado em praia de Guaruj\u00e1<\/a><\/div>\n<div data-block-type=\"unstyled\" data-block-weight=\"60\" data-block-id=\"18\"><a href=\"https:\/\/redenoticiaz.com.br\/litoralsp\/2023\/11\/30\/prefeito-de-guaruja-e-denunciado-por-envolvimento-em-fraudes-a-licitacoes\">Prefeito de Guaruj\u00e1 \u00e9 denunciado por envolvimento em fraudes a licita\u00e7\u00f5es<\/a><\/div>\n","protected":false},"excerpt":{"rendered":"<p>O Minist\u00e9rio P\u00fablico pediu esclarecimentos a Guaruj\u00e1 sobre taxa a turistas de fora da baixada santista, fixada em R$4,26 por ve\u00edculo que ficar mais de 3 horas na cidade. De acordo com as informa\u00e7\u00f5es, Elaborado pela Secretaria Municipal de Meio Ambiente (Semam) tem objetivo de garantir a preserva\u00e7\u00e3o ambiental da cidade. Ainda de acordo com &hellip;<\/p>\n","protected":false},"author":12,"featured_media":111597,"comment_status":"open","ping_status":"closed","sticky":false,"template":"","format":"standard","meta":{"footnotes":""},"categories":[187,1487],"tags":[6426,12263,101],"class_list":["post-112576","post","type-post","status-publish","format-standard","has-post-thumbnail","hentry","category-guaruja","category-meio-ambiente","tag-guaruja-2","tag-meio-ambiente","tag-natal"],"yoast_head":"<!-- This site is optimized with the Yoast SEO plugin v27.4 - https:\/\/yoast.com\/product\/yoast-seo-wordpress\/ -->\n<title>Minist\u00e9rio P\u00fablico pede esclarecimentos a Guaruj\u00e1 sobre taxa a turistas - Litoral SP<\/title>\n<meta name=\"description\" content=\"O Minist\u00e9rio P\u00fablico pediu esclarecimentos a Guaruj\u00e1 sobre taxa a turistas de fora da baixada santista, fixada em R$4,26 por ve\u00edculo que ficar mais de 3 horas na cidade.\" \/>\n<meta name=\"robots\" content=\"index, follow, max-snippet:-1, max-image-preview:large, max-video-preview:-1\" \/>\n<link rel=\"canonical\" href=\"https:\/\/redenoticiaz.com.br\/litoralsp\/2023\/12\/01\/ministerio-publico-pede-esclarecimentos-a-guaruja-sobre-taxa-a-turistas\" \/>\n<meta property=\"og:locale\" content=\"pt_BR\" \/>\n<meta property=\"og:type\" content=\"article\" \/>\n<meta property=\"og:title\" content=\"Minist\u00e9rio P\u00fablico pede esclarecimentos a Guaruj\u00e1 sobre taxa a turistas - Litoral SP\" \/>\n<meta property=\"og:description\" content=\"O Minist\u00e9rio P\u00fablico pediu esclarecimentos a Guaruj\u00e1 sobre taxa a turistas de fora da baixada santista, fixada em R$4,26 por ve\u00edculo que ficar mais de 3 horas na cidade.\" \/>\n<meta property=\"og:url\" content=\"https:\/\/redenoticiaz.com.br\/litoralsp\/2023\/12\/01\/ministerio-publico-pede-esclarecimentos-a-guaruja-sobre-taxa-a-turistas\" \/>\n<meta property=\"og:site_name\" content=\"Litoral SP\" \/>\n<meta property=\"article:published_time\" content=\"2023-12-01T22:21:01+00:00\" \/>\n<meta property=\"og:image\" content=\"https:\/\/redenoticiaz.com.br\/litoralsp\/wp-content\/uploads\/sites\/3\/2023\/10\/53181362068_0221cf8767_k-1024x576-1.jpg\" \/>\n\t<meta property=\"og:image:width\" content=\"1024\" \/>\n\t<meta property=\"og:image:height\" content=\"576\" \/>\n\t<meta property=\"og:image:type\" content=\"image\/jpeg\" \/>\n<meta name=\"author\" content=\"Gustavo Silva\" \/>\n<meta name=\"twitter:card\" content=\"summary_large_image\" \/>\n<meta name=\"twitter:label1\" content=\"Escrito por\" \/>\n\t<meta name=\"twitter:data1\" content=\"Gustavo Silva\" \/>\n\t<meta name=\"twitter:label2\" content=\"Est. tempo de leitura\" \/>\n\t<meta name=\"twitter:data2\" content=\"2 minutos\" \/>\n<script type=\"application\/ld+json\" class=\"yoast-schema-graph\">{\"@context\":\"https:\\\/\\\/schema.org\",\"@graph\":[{\"@type\":\"Article\",\"@id\":\"https:\\\/\\\/redenoticiaz.com.br\\\/litoralsp\\\/2023\\\/12\\\/01\\\/ministerio-publico-pede-esclarecimentos-a-guaruja-sobre-taxa-a-turistas#article\",\"isPartOf\":{\"@id\":\"https:\\\/\\\/redenoticiaz.com.br\\\/litoralsp\\\/2023\\\/12\\\/01\\\/ministerio-publico-pede-esclarecimentos-a-guaruja-sobre-taxa-a-turistas\"},\"author\":{\"name\":\"Gustavo Silva\",\"@id\":\"https:\\\/\\\/redenoticiaz.com.br\\\/litoralsp\\\/#\\\/schema\\\/person\\\/16057b37a3c0ee6b096d7f887c566e2e\"},\"headline\":\"Minist\u00e9rio P\u00fablico pede esclarecimentos a Guaruj\u00e1 sobre taxa a turistas\",\"datePublished\":\"2023-12-01T22:21:01+00:00\",\"mainEntityOfPage\":{\"@id\":\"https:\\\/\\\/redenoticiaz.com.br\\\/litoralsp\\\/2023\\\/12\\\/01\\\/ministerio-publico-pede-esclarecimentos-a-guaruja-sobre-taxa-a-turistas\"},\"wordCount\":228,\"commentCount\":0,\"publisher\":{\"@id\":\"https:\\\/\\\/redenoticiaz.com.br\\\/litoralsp\\\/#organization\"},\"image\":{\"@id\":\"https:\\\/\\\/redenoticiaz.com.br\\\/litoralsp\\\/2023\\\/12\\\/01\\\/ministerio-publico-pede-esclarecimentos-a-guaruja-sobre-taxa-a-turistas#primaryimage\"},\"thumbnailUrl\":\"https:\\\/\\\/redenoticiaz.com.br\\\/litoralsp\\\/wp-content\\\/uploads\\\/sites\\\/3\\\/2023\\\/10\\\/53181362068_0221cf8767_k-1024x576-1.jpg\",\"keywords\":[\"Guaruj\u00e1\",\"MEIO AMBIENTE\",\"NATAL\"],\"articleSection\":[\"Guaruj\u00e1\",\"Meio Ambiente\"],\"inLanguage\":\"pt-BR\",\"potentialAction\":[{\"@type\":\"CommentAction\",\"name\":\"Comment\",\"target\":[\"https:\\\/\\\/redenoticiaz.com.br\\\/litoralsp\\\/2023\\\/12\\\/01\\\/ministerio-publico-pede-esclarecimentos-a-guaruja-sobre-taxa-a-turistas#respond\"]}]},{\"@type\":\"WebPage\",\"@id\":\"https:\\\/\\\/redenoticiaz.com.br\\\/litoralsp\\\/2023\\\/12\\\/01\\\/ministerio-publico-pede-esclarecimentos-a-guaruja-sobre-taxa-a-turistas\",\"url\":\"https:\\\/\\\/redenoticiaz.com.br\\\/litoralsp\\\/2023\\\/12\\\/01\\\/ministerio-publico-pede-esclarecimentos-a-guaruja-sobre-taxa-a-turistas\",\"name\":\"Minist\u00e9rio P\u00fablico pede esclarecimentos a Guaruj\u00e1 sobre taxa a turistas - Litoral SP\",\"isPartOf\":{\"@id\":\"https:\\\/\\\/redenoticiaz.com.br\\\/litoralsp\\\/#website\"},\"primaryImageOfPage\":{\"@id\":\"https:\\\/\\\/redenoticiaz.com.br\\\/litoralsp\\\/2023\\\/12\\\/01\\\/ministerio-publico-pede-esclarecimentos-a-guaruja-sobre-taxa-a-turistas#primaryimage\"},\"image\":{\"@id\":\"https:\\\/\\\/redenoticiaz.com.br\\\/litoralsp\\\/2023\\\/12\\\/01\\\/ministerio-publico-pede-esclarecimentos-a-guaruja-sobre-taxa-a-turistas#primaryimage\"},\"thumbnailUrl\":\"https:\\\/\\\/redenoticiaz.com.br\\\/litoralsp\\\/wp-content\\\/uploads\\\/sites\\\/3\\\/2023\\\/10\\\/53181362068_0221cf8767_k-1024x576-1.jpg\",\"datePublished\":\"2023-12-01T22:21:01+00:00\",\"description\":\"O Minist\u00e9rio P\u00fablico pediu esclarecimentos a Guaruj\u00e1 sobre taxa a turistas de fora da baixada santista, fixada em R$4,26 por ve\u00edculo que ficar mais de 3 horas na cidade.\",\"inLanguage\":\"pt-BR\",\"potentialAction\":[{\"@type\":\"ReadAction\",\"target\":[\"https:\\\/\\\/redenoticiaz.com.br\\\/litoralsp\\\/2023\\\/12\\\/01\\\/ministerio-publico-pede-esclarecimentos-a-guaruja-sobre-taxa-a-turistas\"]}]},{\"@type\":\"ImageObject\",\"inLanguage\":\"pt-BR\",\"@id\":\"https:\\\/\\\/redenoticiaz.com.br\\\/litoralsp\\\/2023\\\/12\\\/01\\\/ministerio-publico-pede-esclarecimentos-a-guaruja-sobre-taxa-a-turistas#primaryimage\",\"url\":\"https:\\\/\\\/redenoticiaz.com.br\\\/litoralsp\\\/wp-content\\\/uploads\\\/sites\\\/3\\\/2023\\\/10\\\/53181362068_0221cf8767_k-1024x576-1.jpg\",\"contentUrl\":\"https:\\\/\\\/redenoticiaz.com.br\\\/litoralsp\\\/wp-content\\\/uploads\\\/sites\\\/3\\\/2023\\\/10\\\/53181362068_0221cf8767_k-1024x576-1.jpg\",\"width\":1024,\"height\":576,\"caption\":\"Guaruj\u00e1 decide adotar medidas restritivas at\u00e9 o fim deste ano\"},{\"@type\":\"WebSite\",\"@id\":\"https:\\\/\\\/redenoticiaz.com.br\\\/litoralsp\\\/#website\",\"url\":\"https:\\\/\\\/redenoticiaz.com.br\\\/litoralsp\\\/\",\"name\":\"Litoral SP\",\"description\":\"Rede NoticiaZ\",\"publisher\":{\"@id\":\"https:\\\/\\\/redenoticiaz.com.br\\\/litoralsp\\\/#organization\"},\"potentialAction\":[{\"@type\":\"SearchAction\",\"target\":{\"@type\":\"EntryPoint\",\"urlTemplate\":\"https:\\\/\\\/redenoticiaz.com.br\\\/litoralsp\\\/?s={search_term_string}\"},\"query-input\":{\"@type\":\"PropertyValueSpecification\",\"valueRequired\":true,\"valueName\":\"search_term_string\"}}],\"inLanguage\":\"pt-BR\"},{\"@type\":\"Organization\",\"@id\":\"https:\\\/\\\/redenoticiaz.com.br\\\/litoralsp\\\/#organization\",\"name\":\"Litoral SP\",\"url\":\"https:\\\/\\\/redenoticiaz.com.br\\\/litoralsp\\\/\",\"logo\":{\"@type\":\"ImageObject\",\"inLanguage\":\"pt-BR\",\"@id\":\"https:\\\/\\\/redenoticiaz.com.br\\\/litoralsp\\\/#\\\/schema\\\/logo\\\/image\\\/\",\"url\":\"https:\\\/\\\/redenoticiaz.com.br\\\/litoralsp\\\/wp-content\\\/uploads\\\/sites\\\/3\\\/2020\\\/11\\\/logo.jpg\",\"contentUrl\":\"https:\\\/\\\/redenoticiaz.com.br\\\/litoralsp\\\/wp-content\\\/uploads\\\/sites\\\/3\\\/2020\\\/11\\\/logo.jpg\",\"width\":400,\"height\":250,\"caption\":\"Litoral SP\"},\"image\":{\"@id\":\"https:\\\/\\\/redenoticiaz.com.br\\\/litoralsp\\\/#\\\/schema\\\/logo\\\/image\\\/\"}},{\"@type\":\"Person\",\"@id\":\"https:\\\/\\\/redenoticiaz.com.br\\\/litoralsp\\\/#\\\/schema\\\/person\\\/16057b37a3c0ee6b096d7f887c566e2e\",\"name\":\"Gustavo Silva\",\"image\":{\"@type\":\"ImageObject\",\"inLanguage\":\"pt-BR\",\"@id\":\"https:\\\/\\\/secure.gravatar.com\\\/avatar\\\/3ee4e82f93b26de0a7cf4ea5eb7893da637ed6bb0c9170c58065944c56e28a33?s=96&d=mm&r=g\",\"url\":\"https:\\\/\\\/secure.gravatar.com\\\/avatar\\\/3ee4e82f93b26de0a7cf4ea5eb7893da637ed6bb0c9170c58065944c56e28a33?s=96&d=mm&r=g\",\"contentUrl\":\"https:\\\/\\\/secure.gravatar.com\\\/avatar\\\/3ee4e82f93b26de0a7cf4ea5eb7893da637ed6bb0c9170c58065944c56e28a33?s=96&d=mm&r=g\",\"caption\":\"Gustavo Silva\"},\"url\":\"https:\\\/\\\/redenoticiaz.com.br\\\/litoralsp\\\/author\\\/gustavosilva\"}]}<\/script>\n<!-- \/ Yoast SEO plugin. -->","yoast_head_json":{"title":"Minist\u00e9rio P\u00fablico pede esclarecimentos a Guaruj\u00e1 sobre taxa a turistas - Litoral SP","description":"O Minist\u00e9rio P\u00fablico pediu esclarecimentos a Guaruj\u00e1 sobre taxa a turistas de fora da baixada santista, fixada em R$4,26 por ve\u00edculo que ficar mais de 3 horas na cidade.","robots":{"index":"index","follow":"follow","max-snippet":"max-snippet:-1","max-image-preview":"max-image-preview:large","max-video-preview":"max-video-preview:-1"},"canonical":"https:\/\/redenoticiaz.com.br\/litoralsp\/2023\/12\/01\/ministerio-publico-pede-esclarecimentos-a-guaruja-sobre-taxa-a-turistas","og_locale":"pt_BR","og_type":"article","og_title":"Minist\u00e9rio P\u00fablico pede esclarecimentos a Guaruj\u00e1 sobre taxa a turistas - Litoral SP","og_description":"O Minist\u00e9rio P\u00fablico pediu esclarecimentos a Guaruj\u00e1 sobre taxa a turistas de fora da baixada santista, fixada em R$4,26 por ve\u00edculo que ficar mais de 3 horas na cidade.","og_url":"https:\/\/redenoticiaz.com.br\/litoralsp\/2023\/12\/01\/ministerio-publico-pede-esclarecimentos-a-guaruja-sobre-taxa-a-turistas","og_site_name":"Litoral SP","article_published_time":"2023-12-01T22:21:01+00:00","og_image":[{"width":1024,"height":576,"url":"https:\/\/redenoticiaz.com.br\/litoralsp\/wp-content\/uploads\/sites\/3\/2023\/10\/53181362068_0221cf8767_k-1024x576-1.jpg","type":"image\/jpeg"}],"author":"Gustavo Silva","twitter_card":"summary_large_image","twitter_misc":{"Escrito por":"Gustavo Silva","Est. tempo de leitura":"2 minutos"},"schema":{"@context":"https:\/\/schema.org","@graph":[{"@type":"Article","@id":"https:\/\/redenoticiaz.com.br\/litoralsp\/2023\/12\/01\/ministerio-publico-pede-esclarecimentos-a-guaruja-sobre-taxa-a-turistas#article","isPartOf":{"@id":"https:\/\/redenoticiaz.com.br\/litoralsp\/2023\/12\/01\/ministerio-publico-pede-esclarecimentos-a-guaruja-sobre-taxa-a-turistas"},"author":{"name":"Gustavo Silva","@id":"https:\/\/redenoticiaz.com.br\/litoralsp\/#\/schema\/person\/16057b37a3c0ee6b096d7f887c566e2e"},"headline":"Minist\u00e9rio P\u00fablico pede esclarecimentos a Guaruj\u00e1 sobre taxa a turistas","datePublished":"2023-12-01T22:21:01+00:00","mainEntityOfPage":{"@id":"https:\/\/redenoticiaz.com.br\/litoralsp\/2023\/12\/01\/ministerio-publico-pede-esclarecimentos-a-guaruja-sobre-taxa-a-turistas"},"wordCount":228,"commentCount":0,"publisher":{"@id":"https:\/\/redenoticiaz.com.br\/litoralsp\/#organization"},"image":{"@id":"https:\/\/redenoticiaz.com.br\/litoralsp\/2023\/12\/01\/ministerio-publico-pede-esclarecimentos-a-guaruja-sobre-taxa-a-turistas#primaryimage"},"thumbnailUrl":"https:\/\/redenoticiaz.com.br\/litoralsp\/wp-content\/uploads\/sites\/3\/2023\/10\/53181362068_0221cf8767_k-1024x576-1.jpg","keywords":["Guaruj\u00e1","MEIO AMBIENTE","NATAL"],"articleSection":["Guaruj\u00e1","Meio Ambiente"],"inLanguage":"pt-BR","potentialAction":[{"@type":"CommentAction","name":"Comment","target":["https:\/\/redenoticiaz.com.br\/litoralsp\/2023\/12\/01\/ministerio-publico-pede-esclarecimentos-a-guaruja-sobre-taxa-a-turistas#respond"]}]},{"@type":"WebPage","@id":"https:\/\/redenoticiaz.com.br\/litoralsp\/2023\/12\/01\/ministerio-publico-pede-esclarecimentos-a-guaruja-sobre-taxa-a-turistas","url":"https:\/\/redenoticiaz.com.br\/litoralsp\/2023\/12\/01\/ministerio-publico-pede-esclarecimentos-a-guaruja-sobre-taxa-a-turistas","name":"Minist\u00e9rio P\u00fablico pede esclarecimentos a Guaruj\u00e1 sobre taxa a turistas - Litoral SP","isPartOf":{"@id":"https:\/\/redenoticiaz.com.br\/litoralsp\/#website"},"primaryImageOfPage":{"@id":"https:\/\/redenoticiaz.com.br\/litoralsp\/2023\/12\/01\/ministerio-publico-pede-esclarecimentos-a-guaruja-sobre-taxa-a-turistas#primaryimage"},"image":{"@id":"https:\/\/redenoticiaz.com.br\/litoralsp\/2023\/12\/01\/ministerio-publico-pede-esclarecimentos-a-guaruja-sobre-taxa-a-turistas#primaryimage"},"thumbnailUrl":"https:\/\/redenoticiaz.com.br\/litoralsp\/wp-content\/uploads\/sites\/3\/2023\/10\/53181362068_0221cf8767_k-1024x576-1.jpg","datePublished":"2023-12-01T22:21:01+00:00","description":"O Minist\u00e9rio P\u00fablico pediu esclarecimentos a Guaruj\u00e1 sobre taxa a turistas de fora da baixada santista, fixada em R$4,26 por ve\u00edculo que ficar mais de 3 horas na cidade.","inLanguage":"pt-BR","potentialAction":[{"@type":"ReadAction","target":["https:\/\/redenoticiaz.com.br\/litoralsp\/2023\/12\/01\/ministerio-publico-pede-esclarecimentos-a-guaruja-sobre-taxa-a-turistas"]}]},{"@type":"ImageObject","inLanguage":"pt-BR","@id":"https:\/\/redenoticiaz.com.br\/litoralsp\/2023\/12\/01\/ministerio-publico-pede-esclarecimentos-a-guaruja-sobre-taxa-a-turistas#primaryimage","url":"https:\/\/redenoticiaz.com.br\/litoralsp\/wp-content\/uploads\/sites\/3\/2023\/10\/53181362068_0221cf8767_k-1024x576-1.jpg","contentUrl":"https:\/\/redenoticiaz.com.br\/litoralsp\/wp-content\/uploads\/sites\/3\/2023\/10\/53181362068_0221cf8767_k-1024x576-1.jpg","width":1024,"height":576,"caption":"Guaruj\u00e1 decide adotar medidas restritivas at\u00e9 o fim deste ano"},{"@type":"WebSite","@id":"https:\/\/redenoticiaz.com.br\/litoralsp\/#website","url":"https:\/\/redenoticiaz.com.br\/litoralsp\/","name":"Litoral SP","description":"Rede NoticiaZ","publisher":{"@id":"https:\/\/redenoticiaz.com.br\/litoralsp\/#organization"},"potentialAction":[{"@type":"SearchAction","target":{"@type":"EntryPoint","urlTemplate":"https:\/\/redenoticiaz.com.br\/litoralsp\/?s={search_term_string}"},"query-input":{"@type":"PropertyValueSpecification","valueRequired":true,"valueName":"search_term_string"}}],"inLanguage":"pt-BR"},{"@type":"Organization","@id":"https:\/\/redenoticiaz.com.br\/litoralsp\/#organization","name":"Litoral SP","url":"https:\/\/redenoticiaz.com.br\/litoralsp\/","logo":{"@type":"ImageObject","inLanguage":"pt-BR","@id":"https:\/\/redenoticiaz.com.br\/litoralsp\/#\/schema\/logo\/image\/","url":"https:\/\/redenoticiaz.com.br\/litoralsp\/wp-content\/uploads\/sites\/3\/2020\/11\/logo.jpg","contentUrl":"https:\/\/redenoticiaz.com.br\/litoralsp\/wp-content\/uploads\/sites\/3\/2020\/11\/logo.jpg","width":400,"height":250,"caption":"Litoral SP"},"image":{"@id":"https:\/\/redenoticiaz.com.br\/litoralsp\/#\/schema\/logo\/image\/"}},{"@type":"Person","@id":"https:\/\/redenoticiaz.com.br\/litoralsp\/#\/schema\/person\/16057b37a3c0ee6b096d7f887c566e2e","name":"Gustavo Silva","image":{"@type":"ImageObject","inLanguage":"pt-BR","@id":"https:\/\/secure.gravatar.com\/avatar\/3ee4e82f93b26de0a7cf4ea5eb7893da637ed6bb0c9170c58065944c56e28a33?s=96&d=mm&r=g","url":"https:\/\/secure.gravatar.com\/avatar\/3ee4e82f93b26de0a7cf4ea5eb7893da637ed6bb0c9170c58065944c56e28a33?s=96&d=mm&r=g","contentUrl":"https:\/\/secure.gravatar.com\/avatar\/3ee4e82f93b26de0a7cf4ea5eb7893da637ed6bb0c9170c58065944c56e28a33?s=96&d=mm&r=g","caption":"Gustavo Silva"},"url":"https:\/\/redenoticiaz.com.br\/litoralsp\/author\/gustavosilva"}]}},"_links":{"self":[{"href":"https:\/\/redenoticiaz.com.br\/litoralsp\/wp-json\/wp\/v2\/posts\/112576","targetHints":{"allow":["GET"]}}],"collection":[{"href":"https:\/\/redenoticiaz.com.br\/litoralsp\/wp-json\/wp\/v2\/posts"}],"about":[{"href":"https:\/\/redenoticiaz.com.br\/litoralsp\/wp-json\/wp\/v2\/types\/post"}],"author":[{"embeddable":true,"href":"https:\/\/redenoticiaz.com.br\/litoralsp\/wp-json\/wp\/v2\/users\/12"}],"replies":[{"embeddable":true,"href":"https:\/\/redenoticiaz.com.br\/litoralsp\/wp-json\/wp\/v2\/comments?post=112576"}],"version-history":[{"count":1,"href":"https:\/\/redenoticiaz.com.br\/litoralsp\/wp-json\/wp\/v2\/posts\/112576\/revisions"}],"predecessor-version":[{"id":112577,"href":"https:\/\/redenoticiaz.com.br\/litoralsp\/wp-json\/wp\/v2\/posts\/112576\/revisions\/112577"}],"wp:featuredmedia":[{"embeddable":true,"href":"https:\/\/redenoticiaz.com.br\/litoralsp\/wp-json\/wp\/v2\/media\/111597"}],"wp:attachment":[{"href":"https:\/\/redenoticiaz.com.br\/litoralsp\/wp-json\/wp\/v2\/media?parent=112576"}],"wp:term":[{"taxonomy":"category","embeddable":true,"href":"https:\/\/redenoticiaz.com.br\/litoralsp\/wp-json\/wp\/v2\/categories?post=112576"},{"taxonomy":"post_tag","embeddable":true,"href":"https:\/\/redenoticiaz.com.br\/litoralsp\/wp-json\/wp\/v2\/tags?post=112576"}],"curies":[{"name":"wp","href":"https:\/\/api.w.org\/{rel}","templated":true}]}}