{"id":112589,"date":"2023-12-02T12:36:16","date_gmt":"2023-12-02T15:36:16","guid":{"rendered":"https:\/\/redenoticiaz.com.br\/litoralsp\/?p=112589"},"modified":"2023-12-02T12:36:16","modified_gmt":"2023-12-02T15:36:16","slug":"crianca-e-constrangida-a-ficar-seminua-em-estadio-durante-amistoso-feminino","status":"publish","type":"post","link":"https:\/\/redenoticiaz.com.br\/litoralsp\/2023\/12\/02\/crianca-e-constrangida-a-ficar-seminua-em-estadio-durante-amistoso-feminino","title":{"rendered":"Crian\u00e7a \u00e9 constrangida a ficar seminua em est\u00e1dio durante amistoso feminino"},"content":{"rendered":"<p>Uma crian\u00e7a de 3 anos foi constrangida ao ser for\u00e7ada a ficar seminua, usando apenas cueca, ap\u00f3s ser impedida de entrar no est\u00e1dio vestindo o uniforme do Corinthians para assistir ao amistoso feminino entre Brasil e Jap\u00e3o.<\/p>\n<p>O incidente, que aconteceu na quinta (30), foi relatado pela m\u00e3e, e pela madrinha, em suas redes sociais. O menino, foi proibido de entrar com a camisa do time, mesmo ap\u00f3s tentativas de argumenta\u00e7\u00e3o por parte da m\u00e3e.<\/p>\n<p>Segundo a m\u00e3e da crian\u00e7a, quando chegaram ao est\u00e1dio, seu filho foi impedido de entrar vestindo o uniforme do Corinthians. A mulher tentou argumentar, dizendo que na Olimp\u00edada ele j\u00e1 havia entrado no est\u00e1dio com a camisa do time, inclusive outras amigas tamb\u00e9m.<\/p>\n<figure id=\"attachment_112590\" aria-describedby=\"caption-attachment-112590\" style=\"width: 300px\" class=\"wp-caption alignleft\"><img loading=\"lazy\" decoding=\"async\" class=\"size-medium wp-image-112590\" src=\"https:\/\/redenoticiaz.com.br\/litoralsp\/wp-content\/uploads\/sites\/3\/2023\/12\/crianca-de-3-anos-02122023092607663-300x164.jpeg\" alt=\"\" width=\"300\" height=\"164\" srcset=\"https:\/\/redenoticiaz.com.br\/litoralsp\/wp-content\/uploads\/sites\/3\/2023\/12\/crianca-de-3-anos-02122023092607663-300x164.jpeg 300w, https:\/\/redenoticiaz.com.br\/litoralsp\/wp-content\/uploads\/sites\/3\/2023\/12\/crianca-de-3-anos-02122023092607663.jpeg 442w\" sizes=\"auto, (max-width: 300px) 100vw, 300px\" \/><figcaption id=\"caption-attachment-112590\" class=\"wp-caption-text\">Crian\u00e7a \u00e9 constrangida a ficar seminua em est\u00e1dio durante amistoso feminino<\/figcaption><\/figure>\n<p>Quando questionou o que deveria ser feito e se o menino entraria sem roupa, o seguran\u00e7a consultou algu\u00e9m pelo r\u00e1dio e confirmou essa orienta\u00e7\u00e3o.\u00a0 Ainda, informou que a torcida do Brasil ficaria no setor oeste, por\u00e9m ele n\u00e3o poderia entrar de jeito nenhum com a camisa do Corinthians.<\/p>\n<p>O constrangimento foi registrado pela m\u00e3e como evid\u00eancia do ocorrido.<\/p>\n<p>&nbsp;<\/p>\n<p>LEIA MAIS<\/p>\n<p><a href=\"https:\/\/redenoticiaz.com.br\/litoralsp\/2023\/12\/02\/motoristas-lotam-rodovias-rumo-litoral-de-sp\">Motoristas lotam rodovias rumo Litoral de SP<\/a><\/p>\n<p><a href=\"https:\/\/redenoticiaz.com.br\/litoralsp\/2023\/12\/02\/expectativa-de-vida-sobe-para-755-anos-apos-queda-na-pandemia\">Expectativa de vida sobe para 75,5 anos ap\u00f3s queda na pandemia<\/a><\/p>\n","protected":false},"excerpt":{"rendered":"<p>Uma crian\u00e7a de 3 anos foi constrangida ao ser for\u00e7ada a ficar seminua, usando apenas cueca, ap\u00f3s ser impedida de entrar no est\u00e1dio vestindo o uniforme do Corinthians para assistir ao amistoso feminino entre Brasil e Jap\u00e3o. O incidente, que aconteceu na quinta (30), foi relatado pela m\u00e3e, e pela madrinha, em suas redes sociais. &hellip;<\/p>\n","protected":false},"author":30,"featured_media":112591,"comment_status":"open","ping_status":"closed","sticky":false,"template":"","format":"standard","meta":{"footnotes":""},"categories":[35],"tags":[56855,67668,50566,49820],"class_list":["post-112589","post","type-post","status-publish","format-standard","has-post-thumbnail","hentry","category-esporte","tag-amistoso","tag-brasil-e-japao","tag-estadio","tag-feminino"],"yoast_head":"<!-- This site is optimized with the Yoast SEO plugin v27.5 - https:\/\/yoast.com\/product\/yoast-seo-wordpress\/ -->\n<title>Crian\u00e7a \u00e9 constrangida a ficar seminua em est\u00e1dio durante amistoso feminino - Litoral SP<\/title>\n<meta name=\"description\" content=\"Uma crian\u00e7a de 3 anos foi constrangida ao ser for\u00e7ada a ficar seminua, usando apenas cueca, ap\u00f3s ser impedida de entrar no est\u00e1dio...\" \/>\n<meta name=\"robots\" content=\"index, follow, max-snippet:-1, max-image-preview:large, max-video-preview:-1\" \/>\n<link rel=\"canonical\" href=\"https:\/\/redenoticiaz.com.br\/litoralsp\/2023\/12\/02\/crianca-e-constrangida-a-ficar-seminua-em-estadio-durante-amistoso-feminino\" \/>\n<meta property=\"og:locale\" content=\"pt_BR\" \/>\n<meta property=\"og:type\" content=\"article\" \/>\n<meta property=\"og:title\" content=\"Crian\u00e7a \u00e9 constrangida a ficar seminua em est\u00e1dio durante amistoso feminino - Litoral SP\" \/>\n<meta property=\"og:description\" content=\"Uma crian\u00e7a de 3 anos foi constrangida ao ser for\u00e7ada a ficar seminua, usando apenas cueca, ap\u00f3s ser impedida de entrar no est\u00e1dio...\" \/>\n<meta property=\"og:url\" content=\"https:\/\/redenoticiaz.com.br\/litoralsp\/2023\/12\/02\/crianca-e-constrangida-a-ficar-seminua-em-estadio-durante-amistoso-feminino\" \/>\n<meta property=\"og:site_name\" content=\"Litoral SP\" \/>\n<meta property=\"article:published_time\" content=\"2023-12-02T15:36:16+00:00\" \/>\n<meta property=\"og:image\" content=\"https:\/\/redenoticiaz.com.br\/litoralsp\/wp-content\/uploads\/sites\/3\/2023\/12\/Captura-de-tela-2023-12-02-123500.png\" \/>\n\t<meta property=\"og:image:width\" content=\"701\" \/>\n\t<meta property=\"og:image:height\" content=\"442\" \/>\n\t<meta property=\"og:image:type\" content=\"image\/png\" \/>\n<meta name=\"author\" content=\"Carina Reifonas\" \/>\n<meta name=\"twitter:card\" content=\"summary_large_image\" \/>\n<meta name=\"twitter:label1\" content=\"Escrito por\" \/>\n\t<meta name=\"twitter:data1\" content=\"Carina Reifonas\" \/>\n\t<meta name=\"twitter:label2\" content=\"Est. tempo de leitura\" \/>\n\t<meta name=\"twitter:data2\" content=\"2 minutos\" \/>\n<script type=\"application\/ld+json\" class=\"yoast-schema-graph\">{\"@context\":\"https:\\\/\\\/schema.org\",\"@graph\":[{\"@type\":\"Article\",\"@id\":\"https:\\\/\\\/redenoticiaz.com.br\\\/litoralsp\\\/2023\\\/12\\\/02\\\/crianca-e-constrangida-a-ficar-seminua-em-estadio-durante-amistoso-feminino#article\",\"isPartOf\":{\"@id\":\"https:\\\/\\\/redenoticiaz.com.br\\\/litoralsp\\\/2023\\\/12\\\/02\\\/crianca-e-constrangida-a-ficar-seminua-em-estadio-durante-amistoso-feminino\"},\"author\":{\"name\":\"Carina Reifonas\",\"@id\":\"https:\\\/\\\/redenoticiaz.com.br\\\/litoralsp\\\/#\\\/schema\\\/person\\\/1f84d6e94e6a62d2d81199d7503e9e90\"},\"headline\":\"Crian\u00e7a \u00e9 constrangida a ficar seminua em est\u00e1dio durante amistoso feminino\",\"datePublished\":\"2023-12-02T15:36:16+00:00\",\"mainEntityOfPage\":{\"@id\":\"https:\\\/\\\/redenoticiaz.com.br\\\/litoralsp\\\/2023\\\/12\\\/02\\\/crianca-e-constrangida-a-ficar-seminua-em-estadio-durante-amistoso-feminino\"},\"wordCount\":249,\"commentCount\":0,\"publisher\":{\"@id\":\"https:\\\/\\\/redenoticiaz.com.br\\\/litoralsp\\\/#organization\"},\"image\":{\"@id\":\"https:\\\/\\\/redenoticiaz.com.br\\\/litoralsp\\\/2023\\\/12\\\/02\\\/crianca-e-constrangida-a-ficar-seminua-em-estadio-durante-amistoso-feminino#primaryimage\"},\"thumbnailUrl\":\"https:\\\/\\\/redenoticiaz.com.br\\\/litoralsp\\\/wp-content\\\/uploads\\\/sites\\\/3\\\/2023\\\/12\\\/Captura-de-tela-2023-12-02-123500.png\",\"keywords\":[\"AMISTOSO\",\"Brasil e Jap\u00e3o\",\"EST\u00c1DIO\",\"Feminino\"],\"articleSection\":[\"Esporte\"],\"inLanguage\":\"pt-BR\",\"potentialAction\":[{\"@type\":\"CommentAction\",\"name\":\"Comment\",\"target\":[\"https:\\\/\\\/redenoticiaz.com.br\\\/litoralsp\\\/2023\\\/12\\\/02\\\/crianca-e-constrangida-a-ficar-seminua-em-estadio-durante-amistoso-feminino#respond\"]}]},{\"@type\":\"WebPage\",\"@id\":\"https:\\\/\\\/redenoticiaz.com.br\\\/litoralsp\\\/2023\\\/12\\\/02\\\/crianca-e-constrangida-a-ficar-seminua-em-estadio-durante-amistoso-feminino\",\"url\":\"https:\\\/\\\/redenoticiaz.com.br\\\/litoralsp\\\/2023\\\/12\\\/02\\\/crianca-e-constrangida-a-ficar-seminua-em-estadio-durante-amistoso-feminino\",\"name\":\"Crian\u00e7a \u00e9 constrangida a ficar seminua em est\u00e1dio durante amistoso feminino - Litoral SP\",\"isPartOf\":{\"@id\":\"https:\\\/\\\/redenoticiaz.com.br\\\/litoralsp\\\/#website\"},\"primaryImageOfPage\":{\"@id\":\"https:\\\/\\\/redenoticiaz.com.br\\\/litoralsp\\\/2023\\\/12\\\/02\\\/crianca-e-constrangida-a-ficar-seminua-em-estadio-durante-amistoso-feminino#primaryimage\"},\"image\":{\"@id\":\"https:\\\/\\\/redenoticiaz.com.br\\\/litoralsp\\\/2023\\\/12\\\/02\\\/crianca-e-constrangida-a-ficar-seminua-em-estadio-durante-amistoso-feminino#primaryimage\"},\"thumbnailUrl\":\"https:\\\/\\\/redenoticiaz.com.br\\\/litoralsp\\\/wp-content\\\/uploads\\\/sites\\\/3\\\/2023\\\/12\\\/Captura-de-tela-2023-12-02-123500.png\",\"datePublished\":\"2023-12-02T15:36:16+00:00\",\"description\":\"Uma crian\u00e7a de 3 anos foi constrangida ao ser for\u00e7ada a ficar seminua, usando apenas cueca, ap\u00f3s ser impedida de entrar no est\u00e1dio...\",\"inLanguage\":\"pt-BR\",\"potentialAction\":[{\"@type\":\"ReadAction\",\"target\":[\"https:\\\/\\\/redenoticiaz.com.br\\\/litoralsp\\\/2023\\\/12\\\/02\\\/crianca-e-constrangida-a-ficar-seminua-em-estadio-durante-amistoso-feminino\"]}]},{\"@type\":\"ImageObject\",\"inLanguage\":\"pt-BR\",\"@id\":\"https:\\\/\\\/redenoticiaz.com.br\\\/litoralsp\\\/2023\\\/12\\\/02\\\/crianca-e-constrangida-a-ficar-seminua-em-estadio-durante-amistoso-feminino#primaryimage\",\"url\":\"https:\\\/\\\/redenoticiaz.com.br\\\/litoralsp\\\/wp-content\\\/uploads\\\/sites\\\/3\\\/2023\\\/12\\\/Captura-de-tela-2023-12-02-123500.png\",\"contentUrl\":\"https:\\\/\\\/redenoticiaz.com.br\\\/litoralsp\\\/wp-content\\\/uploads\\\/sites\\\/3\\\/2023\\\/12\\\/Captura-de-tela-2023-12-02-123500.png\",\"width\":701,\"height\":442,\"caption\":\"Foto: Eduardo Carmim\\\/Photo Premium\\\/Gazeta Press\"},{\"@type\":\"WebSite\",\"@id\":\"https:\\\/\\\/redenoticiaz.com.br\\\/litoralsp\\\/#website\",\"url\":\"https:\\\/\\\/redenoticiaz.com.br\\\/litoralsp\\\/\",\"name\":\"Litoral SP\",\"description\":\"Rede NoticiaZ\",\"publisher\":{\"@id\":\"https:\\\/\\\/redenoticiaz.com.br\\\/litoralsp\\\/#organization\"},\"potentialAction\":[{\"@type\":\"SearchAction\",\"target\":{\"@type\":\"EntryPoint\",\"urlTemplate\":\"https:\\\/\\\/redenoticiaz.com.br\\\/litoralsp\\\/?s={search_term_string}\"},\"query-input\":{\"@type\":\"PropertyValueSpecification\",\"valueRequired\":true,\"valueName\":\"search_term_string\"}}],\"inLanguage\":\"pt-BR\"},{\"@type\":\"Organization\",\"@id\":\"https:\\\/\\\/redenoticiaz.com.br\\\/litoralsp\\\/#organization\",\"name\":\"Litoral SP\",\"url\":\"https:\\\/\\\/redenoticiaz.com.br\\\/litoralsp\\\/\",\"logo\":{\"@type\":\"ImageObject\",\"inLanguage\":\"pt-BR\",\"@id\":\"https:\\\/\\\/redenoticiaz.com.br\\\/litoralsp\\\/#\\\/schema\\\/logo\\\/image\\\/\",\"url\":\"https:\\\/\\\/redenoticiaz.com.br\\\/litoralsp\\\/wp-content\\\/uploads\\\/sites\\\/3\\\/2020\\\/11\\\/logo.jpg\",\"contentUrl\":\"https:\\\/\\\/redenoticiaz.com.br\\\/litoralsp\\\/wp-content\\\/uploads\\\/sites\\\/3\\\/2020\\\/11\\\/logo.jpg\",\"width\":400,\"height\":250,\"caption\":\"Litoral SP\"},\"image\":{\"@id\":\"https:\\\/\\\/redenoticiaz.com.br\\\/litoralsp\\\/#\\\/schema\\\/logo\\\/image\\\/\"}},{\"@type\":\"Person\",\"@id\":\"https:\\\/\\\/redenoticiaz.com.br\\\/litoralsp\\\/#\\\/schema\\\/person\\\/1f84d6e94e6a62d2d81199d7503e9e90\",\"name\":\"Carina Reifonas\",\"image\":{\"@type\":\"ImageObject\",\"inLanguage\":\"pt-BR\",\"@id\":\"https:\\\/\\\/secure.gravatar.com\\\/avatar\\\/04c59859b23696cf867715880f81d5c037e60109730bdb4e6670ec2a2245bc97?s=96&d=mm&r=g\",\"url\":\"https:\\\/\\\/secure.gravatar.com\\\/avatar\\\/04c59859b23696cf867715880f81d5c037e60109730bdb4e6670ec2a2245bc97?s=96&d=mm&r=g\",\"contentUrl\":\"https:\\\/\\\/secure.gravatar.com\\\/avatar\\\/04c59859b23696cf867715880f81d5c037e60109730bdb4e6670ec2a2245bc97?s=96&d=mm&r=g\",\"caption\":\"Carina Reifonas\"},\"url\":\"https:\\\/\\\/redenoticiaz.com.br\\\/litoralsp\\\/author\\\/carinareifonas\"}]}<\/script>\n<!-- \/ Yoast SEO plugin. -->","yoast_head_json":{"title":"Crian\u00e7a \u00e9 constrangida a ficar seminua em est\u00e1dio durante amistoso feminino - Litoral SP","description":"Uma crian\u00e7a de 3 anos foi constrangida ao ser for\u00e7ada a ficar seminua, usando apenas cueca, ap\u00f3s ser impedida de entrar no est\u00e1dio...","robots":{"index":"index","follow":"follow","max-snippet":"max-snippet:-1","max-image-preview":"max-image-preview:large","max-video-preview":"max-video-preview:-1"},"canonical":"https:\/\/redenoticiaz.com.br\/litoralsp\/2023\/12\/02\/crianca-e-constrangida-a-ficar-seminua-em-estadio-durante-amistoso-feminino","og_locale":"pt_BR","og_type":"article","og_title":"Crian\u00e7a \u00e9 constrangida a ficar seminua em est\u00e1dio durante amistoso feminino - Litoral SP","og_description":"Uma crian\u00e7a de 3 anos foi constrangida ao ser for\u00e7ada a ficar seminua, usando apenas cueca, ap\u00f3s ser impedida de entrar no est\u00e1dio...","og_url":"https:\/\/redenoticiaz.com.br\/litoralsp\/2023\/12\/02\/crianca-e-constrangida-a-ficar-seminua-em-estadio-durante-amistoso-feminino","og_site_name":"Litoral SP","article_published_time":"2023-12-02T15:36:16+00:00","og_image":[{"width":701,"height":442,"url":"https:\/\/redenoticiaz.com.br\/litoralsp\/wp-content\/uploads\/sites\/3\/2023\/12\/Captura-de-tela-2023-12-02-123500.png","type":"image\/png"}],"author":"Carina Reifonas","twitter_card":"summary_large_image","twitter_misc":{"Escrito por":"Carina Reifonas","Est. tempo de leitura":"2 minutos"},"schema":{"@context":"https:\/\/schema.org","@graph":[{"@type":"Article","@id":"https:\/\/redenoticiaz.com.br\/litoralsp\/2023\/12\/02\/crianca-e-constrangida-a-ficar-seminua-em-estadio-durante-amistoso-feminino#article","isPartOf":{"@id":"https:\/\/redenoticiaz.com.br\/litoralsp\/2023\/12\/02\/crianca-e-constrangida-a-ficar-seminua-em-estadio-durante-amistoso-feminino"},"author":{"name":"Carina Reifonas","@id":"https:\/\/redenoticiaz.com.br\/litoralsp\/#\/schema\/person\/1f84d6e94e6a62d2d81199d7503e9e90"},"headline":"Crian\u00e7a \u00e9 constrangida a ficar seminua em est\u00e1dio durante amistoso feminino","datePublished":"2023-12-02T15:36:16+00:00","mainEntityOfPage":{"@id":"https:\/\/redenoticiaz.com.br\/litoralsp\/2023\/12\/02\/crianca-e-constrangida-a-ficar-seminua-em-estadio-durante-amistoso-feminino"},"wordCount":249,"commentCount":0,"publisher":{"@id":"https:\/\/redenoticiaz.com.br\/litoralsp\/#organization"},"image":{"@id":"https:\/\/redenoticiaz.com.br\/litoralsp\/2023\/12\/02\/crianca-e-constrangida-a-ficar-seminua-em-estadio-durante-amistoso-feminino#primaryimage"},"thumbnailUrl":"https:\/\/redenoticiaz.com.br\/litoralsp\/wp-content\/uploads\/sites\/3\/2023\/12\/Captura-de-tela-2023-12-02-123500.png","keywords":["AMISTOSO","Brasil e Jap\u00e3o","EST\u00c1DIO","Feminino"],"articleSection":["Esporte"],"inLanguage":"pt-BR","potentialAction":[{"@type":"CommentAction","name":"Comment","target":["https:\/\/redenoticiaz.com.br\/litoralsp\/2023\/12\/02\/crianca-e-constrangida-a-ficar-seminua-em-estadio-durante-amistoso-feminino#respond"]}]},{"@type":"WebPage","@id":"https:\/\/redenoticiaz.com.br\/litoralsp\/2023\/12\/02\/crianca-e-constrangida-a-ficar-seminua-em-estadio-durante-amistoso-feminino","url":"https:\/\/redenoticiaz.com.br\/litoralsp\/2023\/12\/02\/crianca-e-constrangida-a-ficar-seminua-em-estadio-durante-amistoso-feminino","name":"Crian\u00e7a \u00e9 constrangida a ficar seminua em est\u00e1dio durante amistoso feminino - Litoral SP","isPartOf":{"@id":"https:\/\/redenoticiaz.com.br\/litoralsp\/#website"},"primaryImageOfPage":{"@id":"https:\/\/redenoticiaz.com.br\/litoralsp\/2023\/12\/02\/crianca-e-constrangida-a-ficar-seminua-em-estadio-durante-amistoso-feminino#primaryimage"},"image":{"@id":"https:\/\/redenoticiaz.com.br\/litoralsp\/2023\/12\/02\/crianca-e-constrangida-a-ficar-seminua-em-estadio-durante-amistoso-feminino#primaryimage"},"thumbnailUrl":"https:\/\/redenoticiaz.com.br\/litoralsp\/wp-content\/uploads\/sites\/3\/2023\/12\/Captura-de-tela-2023-12-02-123500.png","datePublished":"2023-12-02T15:36:16+00:00","description":"Uma crian\u00e7a de 3 anos foi constrangida ao ser for\u00e7ada a ficar seminua, usando apenas cueca, ap\u00f3s ser impedida de entrar no est\u00e1dio...","inLanguage":"pt-BR","potentialAction":[{"@type":"ReadAction","target":["https:\/\/redenoticiaz.com.br\/litoralsp\/2023\/12\/02\/crianca-e-constrangida-a-ficar-seminua-em-estadio-durante-amistoso-feminino"]}]},{"@type":"ImageObject","inLanguage":"pt-BR","@id":"https:\/\/redenoticiaz.com.br\/litoralsp\/2023\/12\/02\/crianca-e-constrangida-a-ficar-seminua-em-estadio-durante-amistoso-feminino#primaryimage","url":"https:\/\/redenoticiaz.com.br\/litoralsp\/wp-content\/uploads\/sites\/3\/2023\/12\/Captura-de-tela-2023-12-02-123500.png","contentUrl":"https:\/\/redenoticiaz.com.br\/litoralsp\/wp-content\/uploads\/sites\/3\/2023\/12\/Captura-de-tela-2023-12-02-123500.png","width":701,"height":442,"caption":"Foto: Eduardo Carmim\/Photo Premium\/Gazeta Press"},{"@type":"WebSite","@id":"https:\/\/redenoticiaz.com.br\/litoralsp\/#website","url":"https:\/\/redenoticiaz.com.br\/litoralsp\/","name":"Litoral SP","description":"Rede NoticiaZ","publisher":{"@id":"https:\/\/redenoticiaz.com.br\/litoralsp\/#organization"},"potentialAction":[{"@type":"SearchAction","target":{"@type":"EntryPoint","urlTemplate":"https:\/\/redenoticiaz.com.br\/litoralsp\/?s={search_term_string}"},"query-input":{"@type":"PropertyValueSpecification","valueRequired":true,"valueName":"search_term_string"}}],"inLanguage":"pt-BR"},{"@type":"Organization","@id":"https:\/\/redenoticiaz.com.br\/litoralsp\/#organization","name":"Litoral SP","url":"https:\/\/redenoticiaz.com.br\/litoralsp\/","logo":{"@type":"ImageObject","inLanguage":"pt-BR","@id":"https:\/\/redenoticiaz.com.br\/litoralsp\/#\/schema\/logo\/image\/","url":"https:\/\/redenoticiaz.com.br\/litoralsp\/wp-content\/uploads\/sites\/3\/2020\/11\/logo.jpg","contentUrl":"https:\/\/redenoticiaz.com.br\/litoralsp\/wp-content\/uploads\/sites\/3\/2020\/11\/logo.jpg","width":400,"height":250,"caption":"Litoral SP"},"image":{"@id":"https:\/\/redenoticiaz.com.br\/litoralsp\/#\/schema\/logo\/image\/"}},{"@type":"Person","@id":"https:\/\/redenoticiaz.com.br\/litoralsp\/#\/schema\/person\/1f84d6e94e6a62d2d81199d7503e9e90","name":"Carina Reifonas","image":{"@type":"ImageObject","inLanguage":"pt-BR","@id":"https:\/\/secure.gravatar.com\/avatar\/04c59859b23696cf867715880f81d5c037e60109730bdb4e6670ec2a2245bc97?s=96&d=mm&r=g","url":"https:\/\/secure.gravatar.com\/avatar\/04c59859b23696cf867715880f81d5c037e60109730bdb4e6670ec2a2245bc97?s=96&d=mm&r=g","contentUrl":"https:\/\/secure.gravatar.com\/avatar\/04c59859b23696cf867715880f81d5c037e60109730bdb4e6670ec2a2245bc97?s=96&d=mm&r=g","caption":"Carina Reifonas"},"url":"https:\/\/redenoticiaz.com.br\/litoralsp\/author\/carinareifonas"}]}},"_links":{"self":[{"href":"https:\/\/redenoticiaz.com.br\/litoralsp\/wp-json\/wp\/v2\/posts\/112589","targetHints":{"allow":["GET"]}}],"collection":[{"href":"https:\/\/redenoticiaz.com.br\/litoralsp\/wp-json\/wp\/v2\/posts"}],"about":[{"href":"https:\/\/redenoticiaz.com.br\/litoralsp\/wp-json\/wp\/v2\/types\/post"}],"author":[{"embeddable":true,"href":"https:\/\/redenoticiaz.com.br\/litoralsp\/wp-json\/wp\/v2\/users\/30"}],"replies":[{"embeddable":true,"href":"https:\/\/redenoticiaz.com.br\/litoralsp\/wp-json\/wp\/v2\/comments?post=112589"}],"version-history":[{"count":1,"href":"https:\/\/redenoticiaz.com.br\/litoralsp\/wp-json\/wp\/v2\/posts\/112589\/revisions"}],"predecessor-version":[{"id":112592,"href":"https:\/\/redenoticiaz.com.br\/litoralsp\/wp-json\/wp\/v2\/posts\/112589\/revisions\/112592"}],"wp:featuredmedia":[{"embeddable":true,"href":"https:\/\/redenoticiaz.com.br\/litoralsp\/wp-json\/wp\/v2\/media\/112591"}],"wp:attachment":[{"href":"https:\/\/redenoticiaz.com.br\/litoralsp\/wp-json\/wp\/v2\/media?parent=112589"}],"wp:term":[{"taxonomy":"category","embeddable":true,"href":"https:\/\/redenoticiaz.com.br\/litoralsp\/wp-json\/wp\/v2\/categories?post=112589"},{"taxonomy":"post_tag","embeddable":true,"href":"https:\/\/redenoticiaz.com.br\/litoralsp\/wp-json\/wp\/v2\/tags?post=112589"}],"curies":[{"name":"wp","href":"https:\/\/api.w.org\/{rel}","templated":true}]}}