{"id":112649,"date":"2023-12-04T20:35:01","date_gmt":"2023-12-04T23:35:01","guid":{"rendered":"https:\/\/redenoticiaz.com.br\/litoralsp\/?p=112649"},"modified":"2023-12-04T20:35:01","modified_gmt":"2023-12-04T23:35:01","slug":"guarda-municipal-de-santos-detem-homem-procurado-pela-justica-por-trafico-de-drogas","status":"publish","type":"post","link":"https:\/\/redenoticiaz.com.br\/litoralsp\/2023\/12\/04\/guarda-municipal-de-santos-detem-homem-procurado-pela-justica-por-trafico-de-drogas","title":{"rendered":"Guarda Municipal de Santos det\u00e9m homem procurado pela justi\u00e7a por tr\u00e1fico de drogas"},"content":{"rendered":"<p>Agentes da Guarda Civil Municipal (GCM) de Santos prenderam, na manh\u00e3 de domingo (3), na orla da Pompeia, um homem procurado pela justi\u00e7a por tr\u00e1fico de entorpecentes.<\/p>\n<p>Uma equipe da GCM efetuava patrulhamento preventivo pela regi\u00e3o quando avistou dois homens dispensando uma sacola pl\u00e1stica no ch\u00e3o pr\u00f3ximo ao banco da praia.<\/p>\n<p>Desconfiados com a atitude da dupla, os guardas municipais desceram da viatura e foram verificar o que havia dentro da sacola.<\/p>\n<p>Ao perceberem a a\u00e7\u00e3o dos guardas, um dos homens se evadiu do local, enquanto o outro acabou sendo capturado pela equipe. Durante busca pessoal, foram encontrados R$300 em dinheiro. Posteriormente, em consulta de documentos tamb\u00e9m foi constatado que o acusado \u00e9 foragido da justi\u00e7a, com mandado de pris\u00e3o expedido neste ano.<\/p>\n<p>Ele foi encaminhado para a Central de Pol\u00edcia Judici\u00e1ria (CPJ) e apresentado \u00e0 autoridade de plant\u00e3o, onde foi configurado o crime de tr\u00e1fico de entorpecentes, ficando \u00e0 disposi\u00e7\u00e3o da Justi\u00e7a.<\/p>\n<p><strong>Leia mais<\/strong><\/p>\n<p><a href=\"https:\/\/redenoticiaz.com.br\/litoralsp\/2023\/12\/04\/operacao-prende-empresario-ligado-a-alexandre-pires-em-santos\">Opera\u00e7\u00e3o prende empres\u00e1rio ligado a Alexandre Pires em Santos<\/a><\/p>\n<p><a href=\"https:\/\/redenoticiaz.com.br\/litoralsp\/2023\/12\/03\/video-mina-em-maceio-ja-afundou-169m-em-cinco-dias\">V\u00cdDEO \u2013 Brasileiros disputam o Campeonato Mundial de tiro Shotgun na Tail\u00e2ndia<\/a><\/p>\n","protected":false},"excerpt":{"rendered":"<p>Agentes da Guarda Civil Municipal (GCM) de Santos prenderam, na manh\u00e3 de domingo (3), na orla da Pompeia, um homem procurado pela justi\u00e7a por tr\u00e1fico de entorpecentes. Uma equipe da GCM efetuava patrulhamento preventivo pela regi\u00e3o quando avistou dois homens dispensando uma sacola pl\u00e1stica no ch\u00e3o pr\u00f3ximo ao banco da praia. Desconfiados com a atitude &hellip;<\/p>\n","protected":false},"author":12,"featured_media":112650,"comment_status":"open","ping_status":"closed","sticky":false,"template":"","format":"standard","meta":{"footnotes":""},"categories":[180],"tags":[31827,61216,61],"class_list":["post-112649","post","type-post","status-publish","format-standard","has-post-thumbnail","hentry","category-santos","tag-entorpecentes","tag-pompeia","tag-trafico-de-drogas"],"yoast_head":"<!-- This site is optimized with the Yoast SEO plugin v27.5 - https:\/\/yoast.com\/product\/yoast-seo-wordpress\/ -->\n<title>Guarda Municipal de Santos det\u00e9m homem procurado pela justi\u00e7a por tr\u00e1fico de drogas - Litoral SP<\/title>\n<meta name=\"description\" content=\"Agentes da Guarda Civil Municipal (GCM) de Santos prenderam, na manh\u00e3 de domingo (3), na orla da Pompeia, um homem procurado pela justi\u00e7a por tr\u00e1fico de entorpecentes.\u00a0\" \/>\n<meta name=\"robots\" content=\"index, follow, max-snippet:-1, max-image-preview:large, max-video-preview:-1\" \/>\n<link rel=\"canonical\" href=\"https:\/\/redenoticiaz.com.br\/litoralsp\/2023\/12\/04\/guarda-municipal-de-santos-detem-homem-procurado-pela-justica-por-trafico-de-drogas\" \/>\n<meta property=\"og:locale\" content=\"pt_BR\" \/>\n<meta property=\"og:type\" content=\"article\" \/>\n<meta property=\"og:title\" content=\"Guarda Municipal de Santos det\u00e9m homem procurado pela justi\u00e7a por tr\u00e1fico de drogas - Litoral SP\" \/>\n<meta property=\"og:description\" content=\"Agentes da Guarda Civil Municipal (GCM) de Santos prenderam, na manh\u00e3 de domingo (3), na orla da Pompeia, um homem procurado pela justi\u00e7a por tr\u00e1fico de entorpecentes.\u00a0\" \/>\n<meta property=\"og:url\" content=\"https:\/\/redenoticiaz.com.br\/litoralsp\/2023\/12\/04\/guarda-municipal-de-santos-detem-homem-procurado-pela-justica-por-trafico-de-drogas\" \/>\n<meta property=\"og:site_name\" content=\"Litoral SP\" \/>\n<meta property=\"article:published_time\" content=\"2023-12-04T23:35:01+00:00\" \/>\n<meta property=\"og:image\" content=\"https:\/\/redenoticiaz.com.br\/litoralsp\/wp-content\/uploads\/sites\/3\/2023\/12\/whatsapp_image_2023-12-04_at_11.53.33.jpeg\" \/>\n\t<meta property=\"og:image:width\" content=\"1400\" \/>\n\t<meta property=\"og:image:height\" content=\"788\" \/>\n\t<meta property=\"og:image:type\" content=\"image\/jpeg\" \/>\n<meta name=\"author\" content=\"Gustavo Silva\" \/>\n<meta name=\"twitter:card\" content=\"summary_large_image\" \/>\n<meta name=\"twitter:label1\" content=\"Escrito por\" \/>\n\t<meta name=\"twitter:data1\" content=\"Gustavo Silva\" \/>\n\t<meta name=\"twitter:label2\" content=\"Est. tempo de leitura\" \/>\n\t<meta name=\"twitter:data2\" content=\"1 minuto\" \/>\n<script type=\"application\/ld+json\" class=\"yoast-schema-graph\">{\"@context\":\"https:\\\/\\\/schema.org\",\"@graph\":[{\"@type\":\"Article\",\"@id\":\"https:\\\/\\\/redenoticiaz.com.br\\\/litoralsp\\\/2023\\\/12\\\/04\\\/guarda-municipal-de-santos-detem-homem-procurado-pela-justica-por-trafico-de-drogas#article\",\"isPartOf\":{\"@id\":\"https:\\\/\\\/redenoticiaz.com.br\\\/litoralsp\\\/2023\\\/12\\\/04\\\/guarda-municipal-de-santos-detem-homem-procurado-pela-justica-por-trafico-de-drogas\"},\"author\":{\"name\":\"Gustavo Silva\",\"@id\":\"https:\\\/\\\/redenoticiaz.com.br\\\/litoralsp\\\/#\\\/schema\\\/person\\\/16057b37a3c0ee6b096d7f887c566e2e\"},\"headline\":\"Guarda Municipal de Santos det\u00e9m homem procurado pela justi\u00e7a por tr\u00e1fico de drogas\",\"datePublished\":\"2023-12-04T23:35:01+00:00\",\"mainEntityOfPage\":{\"@id\":\"https:\\\/\\\/redenoticiaz.com.br\\\/litoralsp\\\/2023\\\/12\\\/04\\\/guarda-municipal-de-santos-detem-homem-procurado-pela-justica-por-trafico-de-drogas\"},\"wordCount\":207,\"commentCount\":0,\"publisher\":{\"@id\":\"https:\\\/\\\/redenoticiaz.com.br\\\/litoralsp\\\/#organization\"},\"image\":{\"@id\":\"https:\\\/\\\/redenoticiaz.com.br\\\/litoralsp\\\/2023\\\/12\\\/04\\\/guarda-municipal-de-santos-detem-homem-procurado-pela-justica-por-trafico-de-drogas#primaryimage\"},\"thumbnailUrl\":\"https:\\\/\\\/redenoticiaz.com.br\\\/litoralsp\\\/wp-content\\\/uploads\\\/sites\\\/3\\\/2023\\\/12\\\/whatsapp_image_2023-12-04_at_11.53.33.jpeg\",\"keywords\":[\"ENTORPECENTES\",\"POMP\u00c9IA\",\"TR\u00c1FICO DE DROGAS\"],\"articleSection\":[\"Santos\"],\"inLanguage\":\"pt-BR\",\"potentialAction\":[{\"@type\":\"CommentAction\",\"name\":\"Comment\",\"target\":[\"https:\\\/\\\/redenoticiaz.com.br\\\/litoralsp\\\/2023\\\/12\\\/04\\\/guarda-municipal-de-santos-detem-homem-procurado-pela-justica-por-trafico-de-drogas#respond\"]}]},{\"@type\":\"WebPage\",\"@id\":\"https:\\\/\\\/redenoticiaz.com.br\\\/litoralsp\\\/2023\\\/12\\\/04\\\/guarda-municipal-de-santos-detem-homem-procurado-pela-justica-por-trafico-de-drogas\",\"url\":\"https:\\\/\\\/redenoticiaz.com.br\\\/litoralsp\\\/2023\\\/12\\\/04\\\/guarda-municipal-de-santos-detem-homem-procurado-pela-justica-por-trafico-de-drogas\",\"name\":\"Guarda Municipal de Santos det\u00e9m homem procurado pela justi\u00e7a por tr\u00e1fico de drogas - Litoral SP\",\"isPartOf\":{\"@id\":\"https:\\\/\\\/redenoticiaz.com.br\\\/litoralsp\\\/#website\"},\"primaryImageOfPage\":{\"@id\":\"https:\\\/\\\/redenoticiaz.com.br\\\/litoralsp\\\/2023\\\/12\\\/04\\\/guarda-municipal-de-santos-detem-homem-procurado-pela-justica-por-trafico-de-drogas#primaryimage\"},\"image\":{\"@id\":\"https:\\\/\\\/redenoticiaz.com.br\\\/litoralsp\\\/2023\\\/12\\\/04\\\/guarda-municipal-de-santos-detem-homem-procurado-pela-justica-por-trafico-de-drogas#primaryimage\"},\"thumbnailUrl\":\"https:\\\/\\\/redenoticiaz.com.br\\\/litoralsp\\\/wp-content\\\/uploads\\\/sites\\\/3\\\/2023\\\/12\\\/whatsapp_image_2023-12-04_at_11.53.33.jpeg\",\"datePublished\":\"2023-12-04T23:35:01+00:00\",\"description\":\"Agentes da Guarda Civil Municipal (GCM) de Santos prenderam, na manh\u00e3 de domingo (3), na orla da Pompeia, um homem procurado pela justi\u00e7a por tr\u00e1fico de entorpecentes.\u00a0\",\"inLanguage\":\"pt-BR\",\"potentialAction\":[{\"@type\":\"ReadAction\",\"target\":[\"https:\\\/\\\/redenoticiaz.com.br\\\/litoralsp\\\/2023\\\/12\\\/04\\\/guarda-municipal-de-santos-detem-homem-procurado-pela-justica-por-trafico-de-drogas\"]}]},{\"@type\":\"ImageObject\",\"inLanguage\":\"pt-BR\",\"@id\":\"https:\\\/\\\/redenoticiaz.com.br\\\/litoralsp\\\/2023\\\/12\\\/04\\\/guarda-municipal-de-santos-detem-homem-procurado-pela-justica-por-trafico-de-drogas#primaryimage\",\"url\":\"https:\\\/\\\/redenoticiaz.com.br\\\/litoralsp\\\/wp-content\\\/uploads\\\/sites\\\/3\\\/2023\\\/12\\\/whatsapp_image_2023-12-04_at_11.53.33.jpeg\",\"contentUrl\":\"https:\\\/\\\/redenoticiaz.com.br\\\/litoralsp\\\/wp-content\\\/uploads\\\/sites\\\/3\\\/2023\\\/12\\\/whatsapp_image_2023-12-04_at_11.53.33.jpeg\",\"width\":1400,\"height\":788},{\"@type\":\"WebSite\",\"@id\":\"https:\\\/\\\/redenoticiaz.com.br\\\/litoralsp\\\/#website\",\"url\":\"https:\\\/\\\/redenoticiaz.com.br\\\/litoralsp\\\/\",\"name\":\"Litoral SP\",\"description\":\"Rede NoticiaZ\",\"publisher\":{\"@id\":\"https:\\\/\\\/redenoticiaz.com.br\\\/litoralsp\\\/#organization\"},\"potentialAction\":[{\"@type\":\"SearchAction\",\"target\":{\"@type\":\"EntryPoint\",\"urlTemplate\":\"https:\\\/\\\/redenoticiaz.com.br\\\/litoralsp\\\/?s={search_term_string}\"},\"query-input\":{\"@type\":\"PropertyValueSpecification\",\"valueRequired\":true,\"valueName\":\"search_term_string\"}}],\"inLanguage\":\"pt-BR\"},{\"@type\":\"Organization\",\"@id\":\"https:\\\/\\\/redenoticiaz.com.br\\\/litoralsp\\\/#organization\",\"name\":\"Litoral SP\",\"url\":\"https:\\\/\\\/redenoticiaz.com.br\\\/litoralsp\\\/\",\"logo\":{\"@type\":\"ImageObject\",\"inLanguage\":\"pt-BR\",\"@id\":\"https:\\\/\\\/redenoticiaz.com.br\\\/litoralsp\\\/#\\\/schema\\\/logo\\\/image\\\/\",\"url\":\"https:\\\/\\\/redenoticiaz.com.br\\\/litoralsp\\\/wp-content\\\/uploads\\\/sites\\\/3\\\/2020\\\/11\\\/logo.jpg\",\"contentUrl\":\"https:\\\/\\\/redenoticiaz.com.br\\\/litoralsp\\\/wp-content\\\/uploads\\\/sites\\\/3\\\/2020\\\/11\\\/logo.jpg\",\"width\":400,\"height\":250,\"caption\":\"Litoral SP\"},\"image\":{\"@id\":\"https:\\\/\\\/redenoticiaz.com.br\\\/litoralsp\\\/#\\\/schema\\\/logo\\\/image\\\/\"}},{\"@type\":\"Person\",\"@id\":\"https:\\\/\\\/redenoticiaz.com.br\\\/litoralsp\\\/#\\\/schema\\\/person\\\/16057b37a3c0ee6b096d7f887c566e2e\",\"name\":\"Gustavo Silva\",\"image\":{\"@type\":\"ImageObject\",\"inLanguage\":\"pt-BR\",\"@id\":\"https:\\\/\\\/secure.gravatar.com\\\/avatar\\\/3ee4e82f93b26de0a7cf4ea5eb7893da637ed6bb0c9170c58065944c56e28a33?s=96&d=mm&r=g\",\"url\":\"https:\\\/\\\/secure.gravatar.com\\\/avatar\\\/3ee4e82f93b26de0a7cf4ea5eb7893da637ed6bb0c9170c58065944c56e28a33?s=96&d=mm&r=g\",\"contentUrl\":\"https:\\\/\\\/secure.gravatar.com\\\/avatar\\\/3ee4e82f93b26de0a7cf4ea5eb7893da637ed6bb0c9170c58065944c56e28a33?s=96&d=mm&r=g\",\"caption\":\"Gustavo Silva\"},\"url\":\"https:\\\/\\\/redenoticiaz.com.br\\\/litoralsp\\\/author\\\/gustavosilva\"}]}<\/script>\n<!-- \/ Yoast SEO plugin. -->","yoast_head_json":{"title":"Guarda Municipal de Santos det\u00e9m homem procurado pela justi\u00e7a por tr\u00e1fico de drogas - Litoral SP","description":"Agentes da Guarda Civil Municipal (GCM) de Santos prenderam, na manh\u00e3 de domingo (3), na orla da Pompeia, um homem procurado pela justi\u00e7a por tr\u00e1fico de entorpecentes.\u00a0","robots":{"index":"index","follow":"follow","max-snippet":"max-snippet:-1","max-image-preview":"max-image-preview:large","max-video-preview":"max-video-preview:-1"},"canonical":"https:\/\/redenoticiaz.com.br\/litoralsp\/2023\/12\/04\/guarda-municipal-de-santos-detem-homem-procurado-pela-justica-por-trafico-de-drogas","og_locale":"pt_BR","og_type":"article","og_title":"Guarda Municipal de Santos det\u00e9m homem procurado pela justi\u00e7a por tr\u00e1fico de drogas - Litoral SP","og_description":"Agentes da Guarda Civil Municipal (GCM) de Santos prenderam, na manh\u00e3 de domingo (3), na orla da Pompeia, um homem procurado pela justi\u00e7a por tr\u00e1fico de entorpecentes.\u00a0","og_url":"https:\/\/redenoticiaz.com.br\/litoralsp\/2023\/12\/04\/guarda-municipal-de-santos-detem-homem-procurado-pela-justica-por-trafico-de-drogas","og_site_name":"Litoral SP","article_published_time":"2023-12-04T23:35:01+00:00","og_image":[{"width":1400,"height":788,"url":"https:\/\/redenoticiaz.com.br\/litoralsp\/wp-content\/uploads\/sites\/3\/2023\/12\/whatsapp_image_2023-12-04_at_11.53.33.jpeg","type":"image\/jpeg"}],"author":"Gustavo Silva","twitter_card":"summary_large_image","twitter_misc":{"Escrito por":"Gustavo Silva","Est. tempo de leitura":"1 minuto"},"schema":{"@context":"https:\/\/schema.org","@graph":[{"@type":"Article","@id":"https:\/\/redenoticiaz.com.br\/litoralsp\/2023\/12\/04\/guarda-municipal-de-santos-detem-homem-procurado-pela-justica-por-trafico-de-drogas#article","isPartOf":{"@id":"https:\/\/redenoticiaz.com.br\/litoralsp\/2023\/12\/04\/guarda-municipal-de-santos-detem-homem-procurado-pela-justica-por-trafico-de-drogas"},"author":{"name":"Gustavo Silva","@id":"https:\/\/redenoticiaz.com.br\/litoralsp\/#\/schema\/person\/16057b37a3c0ee6b096d7f887c566e2e"},"headline":"Guarda Municipal de Santos det\u00e9m homem procurado pela justi\u00e7a por tr\u00e1fico de drogas","datePublished":"2023-12-04T23:35:01+00:00","mainEntityOfPage":{"@id":"https:\/\/redenoticiaz.com.br\/litoralsp\/2023\/12\/04\/guarda-municipal-de-santos-detem-homem-procurado-pela-justica-por-trafico-de-drogas"},"wordCount":207,"commentCount":0,"publisher":{"@id":"https:\/\/redenoticiaz.com.br\/litoralsp\/#organization"},"image":{"@id":"https:\/\/redenoticiaz.com.br\/litoralsp\/2023\/12\/04\/guarda-municipal-de-santos-detem-homem-procurado-pela-justica-por-trafico-de-drogas#primaryimage"},"thumbnailUrl":"https:\/\/redenoticiaz.com.br\/litoralsp\/wp-content\/uploads\/sites\/3\/2023\/12\/whatsapp_image_2023-12-04_at_11.53.33.jpeg","keywords":["ENTORPECENTES","POMP\u00c9IA","TR\u00c1FICO DE DROGAS"],"articleSection":["Santos"],"inLanguage":"pt-BR","potentialAction":[{"@type":"CommentAction","name":"Comment","target":["https:\/\/redenoticiaz.com.br\/litoralsp\/2023\/12\/04\/guarda-municipal-de-santos-detem-homem-procurado-pela-justica-por-trafico-de-drogas#respond"]}]},{"@type":"WebPage","@id":"https:\/\/redenoticiaz.com.br\/litoralsp\/2023\/12\/04\/guarda-municipal-de-santos-detem-homem-procurado-pela-justica-por-trafico-de-drogas","url":"https:\/\/redenoticiaz.com.br\/litoralsp\/2023\/12\/04\/guarda-municipal-de-santos-detem-homem-procurado-pela-justica-por-trafico-de-drogas","name":"Guarda Municipal de Santos det\u00e9m homem procurado pela justi\u00e7a por tr\u00e1fico de drogas - Litoral SP","isPartOf":{"@id":"https:\/\/redenoticiaz.com.br\/litoralsp\/#website"},"primaryImageOfPage":{"@id":"https:\/\/redenoticiaz.com.br\/litoralsp\/2023\/12\/04\/guarda-municipal-de-santos-detem-homem-procurado-pela-justica-por-trafico-de-drogas#primaryimage"},"image":{"@id":"https:\/\/redenoticiaz.com.br\/litoralsp\/2023\/12\/04\/guarda-municipal-de-santos-detem-homem-procurado-pela-justica-por-trafico-de-drogas#primaryimage"},"thumbnailUrl":"https:\/\/redenoticiaz.com.br\/litoralsp\/wp-content\/uploads\/sites\/3\/2023\/12\/whatsapp_image_2023-12-04_at_11.53.33.jpeg","datePublished":"2023-12-04T23:35:01+00:00","description":"Agentes da Guarda Civil Municipal (GCM) de Santos prenderam, na manh\u00e3 de domingo (3), na orla da Pompeia, um homem procurado pela justi\u00e7a por tr\u00e1fico de entorpecentes.\u00a0","inLanguage":"pt-BR","potentialAction":[{"@type":"ReadAction","target":["https:\/\/redenoticiaz.com.br\/litoralsp\/2023\/12\/04\/guarda-municipal-de-santos-detem-homem-procurado-pela-justica-por-trafico-de-drogas"]}]},{"@type":"ImageObject","inLanguage":"pt-BR","@id":"https:\/\/redenoticiaz.com.br\/litoralsp\/2023\/12\/04\/guarda-municipal-de-santos-detem-homem-procurado-pela-justica-por-trafico-de-drogas#primaryimage","url":"https:\/\/redenoticiaz.com.br\/litoralsp\/wp-content\/uploads\/sites\/3\/2023\/12\/whatsapp_image_2023-12-04_at_11.53.33.jpeg","contentUrl":"https:\/\/redenoticiaz.com.br\/litoralsp\/wp-content\/uploads\/sites\/3\/2023\/12\/whatsapp_image_2023-12-04_at_11.53.33.jpeg","width":1400,"height":788},{"@type":"WebSite","@id":"https:\/\/redenoticiaz.com.br\/litoralsp\/#website","url":"https:\/\/redenoticiaz.com.br\/litoralsp\/","name":"Litoral SP","description":"Rede NoticiaZ","publisher":{"@id":"https:\/\/redenoticiaz.com.br\/litoralsp\/#organization"},"potentialAction":[{"@type":"SearchAction","target":{"@type":"EntryPoint","urlTemplate":"https:\/\/redenoticiaz.com.br\/litoralsp\/?s={search_term_string}"},"query-input":{"@type":"PropertyValueSpecification","valueRequired":true,"valueName":"search_term_string"}}],"inLanguage":"pt-BR"},{"@type":"Organization","@id":"https:\/\/redenoticiaz.com.br\/litoralsp\/#organization","name":"Litoral SP","url":"https:\/\/redenoticiaz.com.br\/litoralsp\/","logo":{"@type":"ImageObject","inLanguage":"pt-BR","@id":"https:\/\/redenoticiaz.com.br\/litoralsp\/#\/schema\/logo\/image\/","url":"https:\/\/redenoticiaz.com.br\/litoralsp\/wp-content\/uploads\/sites\/3\/2020\/11\/logo.jpg","contentUrl":"https:\/\/redenoticiaz.com.br\/litoralsp\/wp-content\/uploads\/sites\/3\/2020\/11\/logo.jpg","width":400,"height":250,"caption":"Litoral SP"},"image":{"@id":"https:\/\/redenoticiaz.com.br\/litoralsp\/#\/schema\/logo\/image\/"}},{"@type":"Person","@id":"https:\/\/redenoticiaz.com.br\/litoralsp\/#\/schema\/person\/16057b37a3c0ee6b096d7f887c566e2e","name":"Gustavo Silva","image":{"@type":"ImageObject","inLanguage":"pt-BR","@id":"https:\/\/secure.gravatar.com\/avatar\/3ee4e82f93b26de0a7cf4ea5eb7893da637ed6bb0c9170c58065944c56e28a33?s=96&d=mm&r=g","url":"https:\/\/secure.gravatar.com\/avatar\/3ee4e82f93b26de0a7cf4ea5eb7893da637ed6bb0c9170c58065944c56e28a33?s=96&d=mm&r=g","contentUrl":"https:\/\/secure.gravatar.com\/avatar\/3ee4e82f93b26de0a7cf4ea5eb7893da637ed6bb0c9170c58065944c56e28a33?s=96&d=mm&r=g","caption":"Gustavo Silva"},"url":"https:\/\/redenoticiaz.com.br\/litoralsp\/author\/gustavosilva"}]}},"_links":{"self":[{"href":"https:\/\/redenoticiaz.com.br\/litoralsp\/wp-json\/wp\/v2\/posts\/112649","targetHints":{"allow":["GET"]}}],"collection":[{"href":"https:\/\/redenoticiaz.com.br\/litoralsp\/wp-json\/wp\/v2\/posts"}],"about":[{"href":"https:\/\/redenoticiaz.com.br\/litoralsp\/wp-json\/wp\/v2\/types\/post"}],"author":[{"embeddable":true,"href":"https:\/\/redenoticiaz.com.br\/litoralsp\/wp-json\/wp\/v2\/users\/12"}],"replies":[{"embeddable":true,"href":"https:\/\/redenoticiaz.com.br\/litoralsp\/wp-json\/wp\/v2\/comments?post=112649"}],"version-history":[{"count":1,"href":"https:\/\/redenoticiaz.com.br\/litoralsp\/wp-json\/wp\/v2\/posts\/112649\/revisions"}],"predecessor-version":[{"id":112651,"href":"https:\/\/redenoticiaz.com.br\/litoralsp\/wp-json\/wp\/v2\/posts\/112649\/revisions\/112651"}],"wp:featuredmedia":[{"embeddable":true,"href":"https:\/\/redenoticiaz.com.br\/litoralsp\/wp-json\/wp\/v2\/media\/112650"}],"wp:attachment":[{"href":"https:\/\/redenoticiaz.com.br\/litoralsp\/wp-json\/wp\/v2\/media?parent=112649"}],"wp:term":[{"taxonomy":"category","embeddable":true,"href":"https:\/\/redenoticiaz.com.br\/litoralsp\/wp-json\/wp\/v2\/categories?post=112649"},{"taxonomy":"post_tag","embeddable":true,"href":"https:\/\/redenoticiaz.com.br\/litoralsp\/wp-json\/wp\/v2\/tags?post=112649"}],"curies":[{"name":"wp","href":"https:\/\/api.w.org\/{rel}","templated":true}]}}