{"id":112757,"date":"2023-12-10T11:00:29","date_gmt":"2023-12-10T14:00:29","guid":{"rendered":"https:\/\/redenoticiaz.com.br\/litoralsp\/?p=112757"},"modified":"2023-12-07T21:27:27","modified_gmt":"2023-12-08T00:27:27","slug":"brasileiros-ainda-nao-sacaram-r-752-bilhoes-de-valores-a-receber","status":"publish","type":"post","link":"https:\/\/redenoticiaz.com.br\/litoralsp\/2023\/12\/10\/brasileiros-ainda-nao-sacaram-r-752-bilhoes-de-valores-a-receber","title":{"rendered":"Brasileiros ainda n\u00e3o sacaram R$ 7,52 bilh\u00f5es de valores a receber"},"content":{"rendered":"<p>Os brasileiros ainda n\u00e3o sacaram R$ 7,52 bilh\u00f5es em recursos esquecidos no sistema financeiro at\u00e9 o fim de outubro, divulgou nesta quinta-feira (7), em Bras\u00edlia, o Banco Central (BC). At\u00e9 agora, o\u00a0<a href=\"http:\/\/valoresareceber.bcb.gov.br\/publico\" target=\"_blank\" rel=\"noopener\">Sistema de Valores a Receber (SVR)<\/a>\u00a0devolveu R$ 5,31 bilh\u00f5es de um total de R$ 12,83 bilh\u00f5es postos \u00e0 disposi\u00e7\u00e3o pelas institui\u00e7\u00f5es financeiras.<img decoding=\"async\" src=\"https:\/\/agenciabrasil.ebc.com.br\/ebc.png?id=1571143&amp;o=node\" \/><img decoding=\"async\" src=\"https:\/\/agenciabrasil.ebc.com.br\/ebc.gif?id=1571143&amp;o=node\" \/><\/p>\n<p>As estat\u00edsticas do SVR s\u00e3o divulgadas com dois meses de defasagem. Em rela\u00e7\u00e3o ao n\u00famero de benefici\u00e1rios, at\u00e9 o fim de outubro 16.847.044 correntistas haviam resgatado valores. Isso representa apenas 27,85% do total de 60.492.862 correntistas inclu\u00eddos na lista desde o in\u00edcio do programa, em fevereiro do ano passado.<\/p>\n<p>Entre os que j\u00e1 retiraram valores, 16.035.064 s\u00e3o pessoas f\u00edsicas e 811.980 s\u00e3o pessoas jur\u00eddicas. Entre os que ainda n\u00e3o fizeram o resgate, 40.583.355 s\u00e3o pessoas f\u00edsicas e 3.062.463 s\u00e3o pessoas jur\u00eddicas.<\/p>\n<p>A maior parte das pessoas e empresas que ainda n\u00e3o fizeram o saque t\u00eam direito a pequenas quantias. Os valores a receber de at\u00e9 R$ 10 concentram 62,98% dos benefici\u00e1rios. Os valores entre R$ 10,01 e R$ 100 correspondem a 25,71% dos correntistas. As quantias entre R$ 100,01 e R$ 1 mil representam 9,64% dos clientes. S\u00f3 1,68% tem direito a receber mais de R$ 1 mil.<\/p>\n<p>Depois de ficar fora do ar por quase um ano, o SVR foi reaberto em mar\u00e7o de 2023, com novas fontes de recursos, um novo sistema de agendamento e a possibilidade de resgate de valores de pessoas falecidas. Em mar\u00e7o, informou o Banco Central, foram resgatados R$ 505 milh\u00f5es esquecidos. Em outubro, foram retirados R$ 178 milh\u00f5es, queda em rela\u00e7\u00e3o ao m\u00eas anterior, quando tinham sido resgatados R$ 264 milh\u00f5es.<\/p>\n<p><strong>Leia mais<\/strong><\/p>\n<p><a href=\"https:\/\/redenoticiaz.com.br\/blog\/2023\/11\/25\/mutirao-do-ministerio-da-fazenda-e-bancos-busca-ampliar-renegociacao-de-dividas\">Mutir\u00e3o do Minist\u00e9rio da Fazenda e bancos busca ampliar renegocia\u00e7\u00e3o de d\u00edvidas<\/a><\/p>\n<p><a href=\"https:\/\/redenoticiaz.com.br\/blog\/2023\/11\/01\/tentativa-de-assalto-a-banco-causa-panico\">Tentativa de assalto a banco causa p\u00e2nico<\/a><\/p>\n","protected":false},"excerpt":{"rendered":"<p>Os brasileiros ainda n\u00e3o sacaram R$ 7,52 bilh\u00f5es em recursos esquecidos no sistema financeiro at\u00e9 o fim de outubro, divulgou nesta quinta-feira (7), em Bras\u00edlia, o Banco Central (BC). At\u00e9 agora, o\u00a0Sistema de Valores a Receber (SVR)\u00a0devolveu R$ 5,31 bilh\u00f5es de um total de R$ 12,83 bilh\u00f5es postos \u00e0 disposi\u00e7\u00e3o pelas institui\u00e7\u00f5es financeiras. As estat\u00edsticas &hellip;<\/p>\n","protected":false},"author":12,"featured_media":112758,"comment_status":"open","ping_status":"closed","sticky":false,"template":"","format":"standard","meta":{"footnotes":""},"categories":[97],"tags":[31576,63843],"class_list":["post-112757","post","type-post","status-publish","format-standard","has-post-thumbnail","hentry","category-economia","tag-brasileiros","tag-saque"],"yoast_head":"<!-- This site is optimized with the Yoast SEO plugin v27.4 - https:\/\/yoast.com\/product\/yoast-seo-wordpress\/ -->\n<title>Brasileiros ainda n\u00e3o sacaram R$ 7,52 bilh\u00f5es de valores a receber - Litoral SP<\/title>\n<meta name=\"description\" content=\"Os brasileiros ainda n\u00e3o sacaram R$ 7,52 bilh\u00f5es em recursos esquecidos no sistema financeiro at\u00e9 o fim de outubro, divulgou nesta quinta-feira (7), em Bras\u00edlia, o Banco Central (BC).\" \/>\n<meta name=\"robots\" content=\"index, follow, max-snippet:-1, max-image-preview:large, max-video-preview:-1\" \/>\n<link rel=\"canonical\" href=\"https:\/\/redenoticiaz.com.br\/litoralsp\/2023\/12\/10\/brasileiros-ainda-nao-sacaram-r-752-bilhoes-de-valores-a-receber\" \/>\n<meta property=\"og:locale\" content=\"pt_BR\" \/>\n<meta property=\"og:type\" content=\"article\" \/>\n<meta property=\"og:title\" content=\"Brasileiros ainda n\u00e3o sacaram R$ 7,52 bilh\u00f5es de valores a receber - Litoral SP\" \/>\n<meta property=\"og:description\" content=\"Os brasileiros ainda n\u00e3o sacaram R$ 7,52 bilh\u00f5es em recursos esquecidos no sistema financeiro at\u00e9 o fim de outubro, divulgou nesta quinta-feira (7), em Bras\u00edlia, o Banco Central (BC).\" \/>\n<meta property=\"og:url\" content=\"https:\/\/redenoticiaz.com.br\/litoralsp\/2023\/12\/10\/brasileiros-ainda-nao-sacaram-r-752-bilhoes-de-valores-a-receber\" \/>\n<meta property=\"og:site_name\" content=\"Litoral SP\" \/>\n<meta property=\"article:published_time\" content=\"2023-12-10T14:00:29+00:00\" \/>\n<meta property=\"og:image\" content=\"https:\/\/redenoticiaz.com.br\/litoralsp\/wp-content\/uploads\/sites\/3\/2023\/12\/real_moedadinheiro_jfcrz_abr_1701220044_1.jpg?v=1693353750\" \/>\n\t<meta property=\"og:image:width\" content=\"1170\" \/>\n\t<meta property=\"og:image:height\" content=\"700\" \/>\n\t<meta property=\"og:image:type\" content=\"image\/jpeg\" \/>\n<meta name=\"author\" content=\"Gustavo Silva\" \/>\n<meta name=\"twitter:card\" content=\"summary_large_image\" \/>\n<meta name=\"twitter:label1\" content=\"Escrito por\" \/>\n\t<meta name=\"twitter:data1\" content=\"Gustavo Silva\" \/>\n\t<meta name=\"twitter:label2\" content=\"Est. tempo de leitura\" \/>\n\t<meta name=\"twitter:data2\" content=\"3 minutos\" \/>\n<script type=\"application\/ld+json\" class=\"yoast-schema-graph\">{\"@context\":\"https:\\\/\\\/schema.org\",\"@graph\":[{\"@type\":\"Article\",\"@id\":\"https:\\\/\\\/redenoticiaz.com.br\\\/litoralsp\\\/2023\\\/12\\\/10\\\/brasileiros-ainda-nao-sacaram-r-752-bilhoes-de-valores-a-receber#article\",\"isPartOf\":{\"@id\":\"https:\\\/\\\/redenoticiaz.com.br\\\/litoralsp\\\/2023\\\/12\\\/10\\\/brasileiros-ainda-nao-sacaram-r-752-bilhoes-de-valores-a-receber\"},\"author\":{\"name\":\"Gustavo Silva\",\"@id\":\"https:\\\/\\\/redenoticiaz.com.br\\\/litoralsp\\\/#\\\/schema\\\/person\\\/16057b37a3c0ee6b096d7f887c566e2e\"},\"headline\":\"Brasileiros ainda n\u00e3o sacaram R$ 7,52 bilh\u00f5es de valores a receber\",\"datePublished\":\"2023-12-10T14:00:29+00:00\",\"mainEntityOfPage\":{\"@id\":\"https:\\\/\\\/redenoticiaz.com.br\\\/litoralsp\\\/2023\\\/12\\\/10\\\/brasileiros-ainda-nao-sacaram-r-752-bilhoes-de-valores-a-receber\"},\"wordCount\":318,\"commentCount\":0,\"publisher\":{\"@id\":\"https:\\\/\\\/redenoticiaz.com.br\\\/litoralsp\\\/#organization\"},\"image\":{\"@id\":\"https:\\\/\\\/redenoticiaz.com.br\\\/litoralsp\\\/2023\\\/12\\\/10\\\/brasileiros-ainda-nao-sacaram-r-752-bilhoes-de-valores-a-receber#primaryimage\"},\"thumbnailUrl\":\"https:\\\/\\\/redenoticiaz.com.br\\\/litoralsp\\\/wp-content\\\/uploads\\\/sites\\\/3\\\/2023\\\/12\\\/real_moedadinheiro_jfcrz_abr_1701220044_1.jpg?v=1693353750\",\"keywords\":[\"BRASILEIROS\",\"SAQUE\"],\"articleSection\":[\"Economia\"],\"inLanguage\":\"pt-BR\",\"potentialAction\":[{\"@type\":\"CommentAction\",\"name\":\"Comment\",\"target\":[\"https:\\\/\\\/redenoticiaz.com.br\\\/litoralsp\\\/2023\\\/12\\\/10\\\/brasileiros-ainda-nao-sacaram-r-752-bilhoes-de-valores-a-receber#respond\"]}]},{\"@type\":\"WebPage\",\"@id\":\"https:\\\/\\\/redenoticiaz.com.br\\\/litoralsp\\\/2023\\\/12\\\/10\\\/brasileiros-ainda-nao-sacaram-r-752-bilhoes-de-valores-a-receber\",\"url\":\"https:\\\/\\\/redenoticiaz.com.br\\\/litoralsp\\\/2023\\\/12\\\/10\\\/brasileiros-ainda-nao-sacaram-r-752-bilhoes-de-valores-a-receber\",\"name\":\"Brasileiros ainda n\u00e3o sacaram R$ 7,52 bilh\u00f5es de valores a receber - Litoral SP\",\"isPartOf\":{\"@id\":\"https:\\\/\\\/redenoticiaz.com.br\\\/litoralsp\\\/#website\"},\"primaryImageOfPage\":{\"@id\":\"https:\\\/\\\/redenoticiaz.com.br\\\/litoralsp\\\/2023\\\/12\\\/10\\\/brasileiros-ainda-nao-sacaram-r-752-bilhoes-de-valores-a-receber#primaryimage\"},\"image\":{\"@id\":\"https:\\\/\\\/redenoticiaz.com.br\\\/litoralsp\\\/2023\\\/12\\\/10\\\/brasileiros-ainda-nao-sacaram-r-752-bilhoes-de-valores-a-receber#primaryimage\"},\"thumbnailUrl\":\"https:\\\/\\\/redenoticiaz.com.br\\\/litoralsp\\\/wp-content\\\/uploads\\\/sites\\\/3\\\/2023\\\/12\\\/real_moedadinheiro_jfcrz_abr_1701220044_1.jpg?v=1693353750\",\"datePublished\":\"2023-12-10T14:00:29+00:00\",\"description\":\"Os brasileiros ainda n\u00e3o sacaram R$ 7,52 bilh\u00f5es em recursos esquecidos no sistema financeiro at\u00e9 o fim de outubro, divulgou nesta quinta-feira (7), em Bras\u00edlia, o Banco Central (BC).\",\"inLanguage\":\"pt-BR\",\"potentialAction\":[{\"@type\":\"ReadAction\",\"target\":[\"https:\\\/\\\/redenoticiaz.com.br\\\/litoralsp\\\/2023\\\/12\\\/10\\\/brasileiros-ainda-nao-sacaram-r-752-bilhoes-de-valores-a-receber\"]}]},{\"@type\":\"ImageObject\",\"inLanguage\":\"pt-BR\",\"@id\":\"https:\\\/\\\/redenoticiaz.com.br\\\/litoralsp\\\/2023\\\/12\\\/10\\\/brasileiros-ainda-nao-sacaram-r-752-bilhoes-de-valores-a-receber#primaryimage\",\"url\":\"https:\\\/\\\/redenoticiaz.com.br\\\/litoralsp\\\/wp-content\\\/uploads\\\/sites\\\/3\\\/2023\\\/12\\\/real_moedadinheiro_jfcrz_abr_1701220044_1.jpg?v=1693353750\",\"contentUrl\":\"https:\\\/\\\/redenoticiaz.com.br\\\/litoralsp\\\/wp-content\\\/uploads\\\/sites\\\/3\\\/2023\\\/12\\\/real_moedadinheiro_jfcrz_abr_1701220044_1.jpg?v=1693353750\",\"width\":1170,\"height\":700,\"caption\":\"D\u00edvida P\u00fablica cai 0,8% em julho e mant\u00e9m-se abaixo de R$ 6,2 tri\"},{\"@type\":\"WebSite\",\"@id\":\"https:\\\/\\\/redenoticiaz.com.br\\\/litoralsp\\\/#website\",\"url\":\"https:\\\/\\\/redenoticiaz.com.br\\\/litoralsp\\\/\",\"name\":\"Litoral SP\",\"description\":\"Rede NoticiaZ\",\"publisher\":{\"@id\":\"https:\\\/\\\/redenoticiaz.com.br\\\/litoralsp\\\/#organization\"},\"potentialAction\":[{\"@type\":\"SearchAction\",\"target\":{\"@type\":\"EntryPoint\",\"urlTemplate\":\"https:\\\/\\\/redenoticiaz.com.br\\\/litoralsp\\\/?s={search_term_string}\"},\"query-input\":{\"@type\":\"PropertyValueSpecification\",\"valueRequired\":true,\"valueName\":\"search_term_string\"}}],\"inLanguage\":\"pt-BR\"},{\"@type\":\"Organization\",\"@id\":\"https:\\\/\\\/redenoticiaz.com.br\\\/litoralsp\\\/#organization\",\"name\":\"Litoral SP\",\"url\":\"https:\\\/\\\/redenoticiaz.com.br\\\/litoralsp\\\/\",\"logo\":{\"@type\":\"ImageObject\",\"inLanguage\":\"pt-BR\",\"@id\":\"https:\\\/\\\/redenoticiaz.com.br\\\/litoralsp\\\/#\\\/schema\\\/logo\\\/image\\\/\",\"url\":\"https:\\\/\\\/redenoticiaz.com.br\\\/litoralsp\\\/wp-content\\\/uploads\\\/sites\\\/3\\\/2020\\\/11\\\/logo.jpg\",\"contentUrl\":\"https:\\\/\\\/redenoticiaz.com.br\\\/litoralsp\\\/wp-content\\\/uploads\\\/sites\\\/3\\\/2020\\\/11\\\/logo.jpg\",\"width\":400,\"height\":250,\"caption\":\"Litoral SP\"},\"image\":{\"@id\":\"https:\\\/\\\/redenoticiaz.com.br\\\/litoralsp\\\/#\\\/schema\\\/logo\\\/image\\\/\"}},{\"@type\":\"Person\",\"@id\":\"https:\\\/\\\/redenoticiaz.com.br\\\/litoralsp\\\/#\\\/schema\\\/person\\\/16057b37a3c0ee6b096d7f887c566e2e\",\"name\":\"Gustavo Silva\",\"image\":{\"@type\":\"ImageObject\",\"inLanguage\":\"pt-BR\",\"@id\":\"https:\\\/\\\/secure.gravatar.com\\\/avatar\\\/3ee4e82f93b26de0a7cf4ea5eb7893da637ed6bb0c9170c58065944c56e28a33?s=96&d=mm&r=g\",\"url\":\"https:\\\/\\\/secure.gravatar.com\\\/avatar\\\/3ee4e82f93b26de0a7cf4ea5eb7893da637ed6bb0c9170c58065944c56e28a33?s=96&d=mm&r=g\",\"contentUrl\":\"https:\\\/\\\/secure.gravatar.com\\\/avatar\\\/3ee4e82f93b26de0a7cf4ea5eb7893da637ed6bb0c9170c58065944c56e28a33?s=96&d=mm&r=g\",\"caption\":\"Gustavo Silva\"},\"url\":\"https:\\\/\\\/redenoticiaz.com.br\\\/litoralsp\\\/author\\\/gustavosilva\"}]}<\/script>\n<!-- \/ Yoast SEO plugin. -->","yoast_head_json":{"title":"Brasileiros ainda n\u00e3o sacaram R$ 7,52 bilh\u00f5es de valores a receber - Litoral SP","description":"Os brasileiros ainda n\u00e3o sacaram R$ 7,52 bilh\u00f5es em recursos esquecidos no sistema financeiro at\u00e9 o fim de outubro, divulgou nesta quinta-feira (7), em Bras\u00edlia, o Banco Central (BC).","robots":{"index":"index","follow":"follow","max-snippet":"max-snippet:-1","max-image-preview":"max-image-preview:large","max-video-preview":"max-video-preview:-1"},"canonical":"https:\/\/redenoticiaz.com.br\/litoralsp\/2023\/12\/10\/brasileiros-ainda-nao-sacaram-r-752-bilhoes-de-valores-a-receber","og_locale":"pt_BR","og_type":"article","og_title":"Brasileiros ainda n\u00e3o sacaram R$ 7,52 bilh\u00f5es de valores a receber - Litoral SP","og_description":"Os brasileiros ainda n\u00e3o sacaram R$ 7,52 bilh\u00f5es em recursos esquecidos no sistema financeiro at\u00e9 o fim de outubro, divulgou nesta quinta-feira (7), em Bras\u00edlia, o Banco Central (BC).","og_url":"https:\/\/redenoticiaz.com.br\/litoralsp\/2023\/12\/10\/brasileiros-ainda-nao-sacaram-r-752-bilhoes-de-valores-a-receber","og_site_name":"Litoral SP","article_published_time":"2023-12-10T14:00:29+00:00","og_image":[{"width":1170,"height":700,"url":"https:\/\/redenoticiaz.com.br\/litoralsp\/wp-content\/uploads\/sites\/3\/2023\/12\/real_moedadinheiro_jfcrz_abr_1701220044_1.jpg?v=1693353750","type":"image\/jpeg"}],"author":"Gustavo Silva","twitter_card":"summary_large_image","twitter_misc":{"Escrito por":"Gustavo Silva","Est. tempo de leitura":"3 minutos"},"schema":{"@context":"https:\/\/schema.org","@graph":[{"@type":"Article","@id":"https:\/\/redenoticiaz.com.br\/litoralsp\/2023\/12\/10\/brasileiros-ainda-nao-sacaram-r-752-bilhoes-de-valores-a-receber#article","isPartOf":{"@id":"https:\/\/redenoticiaz.com.br\/litoralsp\/2023\/12\/10\/brasileiros-ainda-nao-sacaram-r-752-bilhoes-de-valores-a-receber"},"author":{"name":"Gustavo Silva","@id":"https:\/\/redenoticiaz.com.br\/litoralsp\/#\/schema\/person\/16057b37a3c0ee6b096d7f887c566e2e"},"headline":"Brasileiros ainda n\u00e3o sacaram R$ 7,52 bilh\u00f5es de valores a receber","datePublished":"2023-12-10T14:00:29+00:00","mainEntityOfPage":{"@id":"https:\/\/redenoticiaz.com.br\/litoralsp\/2023\/12\/10\/brasileiros-ainda-nao-sacaram-r-752-bilhoes-de-valores-a-receber"},"wordCount":318,"commentCount":0,"publisher":{"@id":"https:\/\/redenoticiaz.com.br\/litoralsp\/#organization"},"image":{"@id":"https:\/\/redenoticiaz.com.br\/litoralsp\/2023\/12\/10\/brasileiros-ainda-nao-sacaram-r-752-bilhoes-de-valores-a-receber#primaryimage"},"thumbnailUrl":"https:\/\/redenoticiaz.com.br\/litoralsp\/wp-content\/uploads\/sites\/3\/2023\/12\/real_moedadinheiro_jfcrz_abr_1701220044_1.jpg?v=1693353750","keywords":["BRASILEIROS","SAQUE"],"articleSection":["Economia"],"inLanguage":"pt-BR","potentialAction":[{"@type":"CommentAction","name":"Comment","target":["https:\/\/redenoticiaz.com.br\/litoralsp\/2023\/12\/10\/brasileiros-ainda-nao-sacaram-r-752-bilhoes-de-valores-a-receber#respond"]}]},{"@type":"WebPage","@id":"https:\/\/redenoticiaz.com.br\/litoralsp\/2023\/12\/10\/brasileiros-ainda-nao-sacaram-r-752-bilhoes-de-valores-a-receber","url":"https:\/\/redenoticiaz.com.br\/litoralsp\/2023\/12\/10\/brasileiros-ainda-nao-sacaram-r-752-bilhoes-de-valores-a-receber","name":"Brasileiros ainda n\u00e3o sacaram R$ 7,52 bilh\u00f5es de valores a receber - Litoral SP","isPartOf":{"@id":"https:\/\/redenoticiaz.com.br\/litoralsp\/#website"},"primaryImageOfPage":{"@id":"https:\/\/redenoticiaz.com.br\/litoralsp\/2023\/12\/10\/brasileiros-ainda-nao-sacaram-r-752-bilhoes-de-valores-a-receber#primaryimage"},"image":{"@id":"https:\/\/redenoticiaz.com.br\/litoralsp\/2023\/12\/10\/brasileiros-ainda-nao-sacaram-r-752-bilhoes-de-valores-a-receber#primaryimage"},"thumbnailUrl":"https:\/\/redenoticiaz.com.br\/litoralsp\/wp-content\/uploads\/sites\/3\/2023\/12\/real_moedadinheiro_jfcrz_abr_1701220044_1.jpg?v=1693353750","datePublished":"2023-12-10T14:00:29+00:00","description":"Os brasileiros ainda n\u00e3o sacaram R$ 7,52 bilh\u00f5es em recursos esquecidos no sistema financeiro at\u00e9 o fim de outubro, divulgou nesta quinta-feira (7), em Bras\u00edlia, o Banco Central (BC).","inLanguage":"pt-BR","potentialAction":[{"@type":"ReadAction","target":["https:\/\/redenoticiaz.com.br\/litoralsp\/2023\/12\/10\/brasileiros-ainda-nao-sacaram-r-752-bilhoes-de-valores-a-receber"]}]},{"@type":"ImageObject","inLanguage":"pt-BR","@id":"https:\/\/redenoticiaz.com.br\/litoralsp\/2023\/12\/10\/brasileiros-ainda-nao-sacaram-r-752-bilhoes-de-valores-a-receber#primaryimage","url":"https:\/\/redenoticiaz.com.br\/litoralsp\/wp-content\/uploads\/sites\/3\/2023\/12\/real_moedadinheiro_jfcrz_abr_1701220044_1.jpg?v=1693353750","contentUrl":"https:\/\/redenoticiaz.com.br\/litoralsp\/wp-content\/uploads\/sites\/3\/2023\/12\/real_moedadinheiro_jfcrz_abr_1701220044_1.jpg?v=1693353750","width":1170,"height":700,"caption":"D\u00edvida P\u00fablica cai 0,8% em julho e mant\u00e9m-se abaixo de R$ 6,2 tri"},{"@type":"WebSite","@id":"https:\/\/redenoticiaz.com.br\/litoralsp\/#website","url":"https:\/\/redenoticiaz.com.br\/litoralsp\/","name":"Litoral SP","description":"Rede NoticiaZ","publisher":{"@id":"https:\/\/redenoticiaz.com.br\/litoralsp\/#organization"},"potentialAction":[{"@type":"SearchAction","target":{"@type":"EntryPoint","urlTemplate":"https:\/\/redenoticiaz.com.br\/litoralsp\/?s={search_term_string}"},"query-input":{"@type":"PropertyValueSpecification","valueRequired":true,"valueName":"search_term_string"}}],"inLanguage":"pt-BR"},{"@type":"Organization","@id":"https:\/\/redenoticiaz.com.br\/litoralsp\/#organization","name":"Litoral SP","url":"https:\/\/redenoticiaz.com.br\/litoralsp\/","logo":{"@type":"ImageObject","inLanguage":"pt-BR","@id":"https:\/\/redenoticiaz.com.br\/litoralsp\/#\/schema\/logo\/image\/","url":"https:\/\/redenoticiaz.com.br\/litoralsp\/wp-content\/uploads\/sites\/3\/2020\/11\/logo.jpg","contentUrl":"https:\/\/redenoticiaz.com.br\/litoralsp\/wp-content\/uploads\/sites\/3\/2020\/11\/logo.jpg","width":400,"height":250,"caption":"Litoral SP"},"image":{"@id":"https:\/\/redenoticiaz.com.br\/litoralsp\/#\/schema\/logo\/image\/"}},{"@type":"Person","@id":"https:\/\/redenoticiaz.com.br\/litoralsp\/#\/schema\/person\/16057b37a3c0ee6b096d7f887c566e2e","name":"Gustavo Silva","image":{"@type":"ImageObject","inLanguage":"pt-BR","@id":"https:\/\/secure.gravatar.com\/avatar\/3ee4e82f93b26de0a7cf4ea5eb7893da637ed6bb0c9170c58065944c56e28a33?s=96&d=mm&r=g","url":"https:\/\/secure.gravatar.com\/avatar\/3ee4e82f93b26de0a7cf4ea5eb7893da637ed6bb0c9170c58065944c56e28a33?s=96&d=mm&r=g","contentUrl":"https:\/\/secure.gravatar.com\/avatar\/3ee4e82f93b26de0a7cf4ea5eb7893da637ed6bb0c9170c58065944c56e28a33?s=96&d=mm&r=g","caption":"Gustavo Silva"},"url":"https:\/\/redenoticiaz.com.br\/litoralsp\/author\/gustavosilva"}]}},"_links":{"self":[{"href":"https:\/\/redenoticiaz.com.br\/litoralsp\/wp-json\/wp\/v2\/posts\/112757","targetHints":{"allow":["GET"]}}],"collection":[{"href":"https:\/\/redenoticiaz.com.br\/litoralsp\/wp-json\/wp\/v2\/posts"}],"about":[{"href":"https:\/\/redenoticiaz.com.br\/litoralsp\/wp-json\/wp\/v2\/types\/post"}],"author":[{"embeddable":true,"href":"https:\/\/redenoticiaz.com.br\/litoralsp\/wp-json\/wp\/v2\/users\/12"}],"replies":[{"embeddable":true,"href":"https:\/\/redenoticiaz.com.br\/litoralsp\/wp-json\/wp\/v2\/comments?post=112757"}],"version-history":[{"count":1,"href":"https:\/\/redenoticiaz.com.br\/litoralsp\/wp-json\/wp\/v2\/posts\/112757\/revisions"}],"predecessor-version":[{"id":112759,"href":"https:\/\/redenoticiaz.com.br\/litoralsp\/wp-json\/wp\/v2\/posts\/112757\/revisions\/112759"}],"wp:featuredmedia":[{"embeddable":true,"href":"https:\/\/redenoticiaz.com.br\/litoralsp\/wp-json\/wp\/v2\/media\/112758"}],"wp:attachment":[{"href":"https:\/\/redenoticiaz.com.br\/litoralsp\/wp-json\/wp\/v2\/media?parent=112757"}],"wp:term":[{"taxonomy":"category","embeddable":true,"href":"https:\/\/redenoticiaz.com.br\/litoralsp\/wp-json\/wp\/v2\/categories?post=112757"},{"taxonomy":"post_tag","embeddable":true,"href":"https:\/\/redenoticiaz.com.br\/litoralsp\/wp-json\/wp\/v2\/tags?post=112757"}],"curies":[{"name":"wp","href":"https:\/\/api.w.org\/{rel}","templated":true}]}}