{"id":11289,"date":"2021-07-11T17:03:31","date_gmt":"2021-07-11T20:03:31","guid":{"rendered":"https:\/\/redenoticiaz.com.br\/litoralsp\/2021\/07\/11\/nos-acrescimos-sao-paulo-vence-o-bahia-e-embala-no-brasileirao"},"modified":"2021-07-11T17:06:02","modified_gmt":"2021-07-11T20:06:02","slug":"nos-acrescimos-sao-paulo-vence-o-bahia-e-embala-no-brasileirao","status":"publish","type":"post","link":"https:\/\/redenoticiaz.com.br\/litoralsp\/2021\/07\/11\/nos-acrescimos-sao-paulo-vence-o-bahia-e-embala-no-brasileirao","title":{"rendered":"Nos acr\u00e9scimos, S\u00e3o Paulo vence o Bahia e embala no Brasileir\u00e3o"},"content":{"rendered":"<p>A fase do <strong>S\u00e3o Paulo<\/strong> mudou nesta semana. Foram duas vit\u00f3rias em quatro dias e o Tricolor, al\u00e9m de afastar a possibilidade de rebaixamento no <a href=\"https:\/\/www.cbf.com.br\/\">Campeonato Brasileiro<\/a>, d\u00e1 moral para o primeiro compromisso das oitavas de final da Libertadores. O <strong>Bahia<\/strong> foi superado com um gol nos acr\u00e9scimos.<\/p>\n<p>O t\u00e9cnico Hern\u00e1n Crespo optou por poupar alguns dos titulares, como Luan, Ben\u00edtez e Eder. Ainda assim o S\u00e3o Paulo dominou as a\u00e7\u00f5es. S\u00f3 que o Bahia foi perigoso logo aos 12 minutos, quando Patrick recebeu de Gilberto e ficou de frente para o gol, em chance clara para o Bahia. N\u00e3o fosse a cabe\u00e7a salvadora de Diego, quase em cima da linha, o time visitante teria sa\u00eddo na frente.<\/p>\n<p>Esse foi um resumo do primeiro tempo: o S\u00e3o Paulo mais dominante, com posse de bola, e o Bahia \u00e0 espreita de uma oportunidade em escapadas r\u00e1pidas. A equipe da casa teve chances, como em finaliza\u00e7\u00e3o de Gabriel Sara, em batida de Vitor Bueno, em chute cruzado de Reinaldo. Mas quem amea\u00e7ou de verdade foi o Bahia. Al\u00e9m do lance salvo por Diego, amea\u00e7ou com uma bomba de Thaciano, no travess\u00e3o de Tiago Volpi.<\/p>\n<h3>Etapa final<\/h3>\n<p>O S\u00e3o Paulo voltou para o segundo tempo disposto a pressionar o Bahia. Em cinco minutos, j\u00e1 lamentava duas chances perdidas.Primeiro em chute de Sara que estourou nas costas de Matheus Bahia, depois em cruzamento de Igor Vin\u00edcius que ningu\u00e9m chegou a tempo de concluir.<\/p>\n<p>O time comandado por Crespo seguiu em cima, tentando deixar o advers\u00e1rio nas cordas, mas n\u00e3o dava jeito de transformar a superioridade em gol. O treinador resolveu mexer na equipe. Tirou Pablo e colocou Galeano, depois tirou Igor Vin\u00edcius e colocou Ben\u00edtez, que estava sendo preservado no banco.<\/p>\n<p>O Bahia abdicou de atacar. E pagou caro. Aos 35, Ben\u00edtez desviou para Galeano, que perdeu o gol cara a cara com o goleiro Matheus Teixeira. A puni\u00e7\u00e3o tardou, mas n\u00e3o falhou. Nos acr\u00e9scimos, Reinaldo dominou com tranquilidade e mandou na cabe\u00e7a de Liziero, que completou para o gol, aos 46 minutos.<\/p>\n<p>O S\u00e3o Paulo volta a campo pelo Brasileir\u00e3o no s\u00e1bado, \u00e0s 17h, novamente em casa, contra o Fortaleza. O Bahia, no domingo, recebe o Flamengo, \u00e0s 18h15. Mas antes o time paulista volta \u00e0 Libertadores. Na ter\u00e7a-feira, \u00e0s 21h30, pega o Racing no Morumbi pelo jogo de ida das oitavas de final.<\/p>\n<h3>Bragantino fica no empate<\/h3>\n<p><strong>Red Bull Bragantino e Athletico Paranaense<\/strong> fizeram um confronto direto por briga por vaga na Libertadores da Am\u00e9rica, mas tamb\u00e9m para seguirem vivos na disputa pelo t\u00edtulo do Brasileir\u00e3o. E o primeiro tempo foi de um jogo bem agitado.<\/p>\n<p>Desde o in\u00edcio, as equipes procuraram bastante o gol, mas tiveram dificuldade em furar a zaga do rival. Aos 27, o Massa Bruta roubou a bola no meio campo e Alerrandro foi acionado rapidamente. O atacante dominou e bateu no \u00e2ngulo esquerdo de Bento para abrir o placar. O Furac\u00e3o aumentou o volume e insistiu at\u00e9 o fim do primeiro tempo. A recompensa veio no \u00faltimo lance da primeira etapa. Nik\u00e3o recebeu de Terans e, com um belo chute, empatou.<\/p>\n<p>J\u00e1 no segundo tempo, a partida seguiu bem intensa. O Bragantino foi melhor at\u00e9 os 15 minutos, mas quem assustou foi o Athletico, com boa chance perdida por Nik\u00e3o e uma bomba de Richard. Na terceira, saiu. Richard roubou a bola, Terans tabelou com Vitinho e concluiu na \u00e1rea para a virada rubro-negra.<\/p>\n<figure id=\"attachment_62840\" aria-describedby=\"caption-attachment-62840\" style=\"width: 390px\" class=\"wp-caption alignleft\"><img loading=\"lazy\" decoding=\"async\" class=\"size-medium wp-image-62840\" src=\"https:\/\/redenoticiaz.com.br\/wp-content\/uploads\/2021\/07\/braga-390x220.jpeg\" alt=\"\" width=\"390\" height=\"220\" \/><figcaption id=\"caption-attachment-62840\" class=\"wp-caption-text\">Os dois times ca\u00edram na tabela, mas seguem na briga por Libertadores<\/figcaption><\/figure>\n<p>O Braga n\u00e3o se abateu e foi para cima. Bento fez grande defesa em finaliza\u00e7\u00e3o de Leandrinho, mas n\u00e3o salvou a seguinte. Lucas Evangelista deu \u00f3timo passe para Ytalo, que invadiu a \u00e1rea e tocou com categoria por cima do goleiro. No fim, Pedrinho desperdi\u00e7ou chance, na \u00e1rea, de virar para o Bragantino.<\/p>\n<p>O Athletico foi ultrapassado pelo Atl\u00e9tico-MG e \u00e9 o quarto colocado, com 20 pontos, mas ainda pode ser ultrapassado pelo Fortaleza, que recebe o Corinthians, no complemento da rodada. O Bragantino se mant\u00e9m na vice-lideran\u00e7a, com 23 pontos.<\/p>\n<p>Na pr\u00f3xima rodada, o Athletico enfrenta o Cear\u00e1 no s\u00e1bado, \u00e0s 17h, no Castel\u00e3o. Antes, o time atleticano encara o Am\u00e9rica de Cali pelo jogo de ida das oitavas de final da Sul-Americana, na ter\u00e7a-feira, na Col\u00f4mbia. O Bragantino recebe o Santos no domingo, \u00e0s 20h30, no Nabi Abi Chedid.<\/p>\n<p><strong>LEIA TAMB\u00c9M<\/strong><\/p>\n<p><a href=\"https:\/\/redenoticiaz.com.br\/blog\/2021\/07\/10\/palmeiras-bate-o-santos-em-classico-eletrizante-pelo-brasileirao\">Palmeiras bate o Santos em cl\u00e1ssico eletrizante pelo Brasileir\u00e3o<\/a><\/p>\n","protected":false},"excerpt":{"rendered":"<p>A fase do S\u00e3o Paulo mudou nesta semana. Foram duas vit\u00f3rias em quatro dias e o Tricolor, al\u00e9m de afastar a possibilidade de rebaixamento no Campeonato Brasileiro, d\u00e1 moral para o primeiro compromisso das oitavas de final da Libertadores. O Bahia foi superado com um gol nos acr\u00e9scimos. O t\u00e9cnico Hern\u00e1n Crespo optou por poupar &hellip;<\/p>\n","protected":false},"author":6,"featured_media":11290,"comment_status":"open","ping_status":"closed","sticky":false,"template":"","format":"standard","meta":{"footnotes":""},"categories":[35],"tags":[2905,24152,3088,24074,4509,10557],"class_list":["post-11289","post","type-post","status-publish","format-standard","has-post-thumbnail","hentry","category-esporte","tag-athletico-paranaense","tag-brasileirao-2021","tag-campeonato-brasileiro","tag-ec-bahia","tag-red-bull-bragantino","tag-sao-paulo-fc"],"yoast_head":"<!-- This site is optimized with the Yoast SEO plugin v27.4 - https:\/\/yoast.com\/product\/yoast-seo-wordpress\/ -->\n<title>Nos acr\u00e9scimos, S\u00e3o Paulo vence o Bahia e embala no Brasileir\u00e3o - Litoral SP<\/title>\n<meta name=\"description\" content=\"A fase do S\u00e3o Paulo mudou nesta semana. Foram duas vit\u00f3rias em quatro dias e o Tricolor, al\u00e9m de afastar a possibilidade\" \/>\n<meta name=\"robots\" content=\"index, follow, max-snippet:-1, max-image-preview:large, max-video-preview:-1\" \/>\n<link rel=\"canonical\" href=\"https:\/\/redenoticiaz.com.br\/litoralsp\/2021\/07\/11\/nos-acrescimos-sao-paulo-vence-o-bahia-e-embala-no-brasileirao\" \/>\n<meta property=\"og:locale\" content=\"pt_BR\" \/>\n<meta property=\"og:type\" content=\"article\" \/>\n<meta property=\"og:title\" content=\"Nos acr\u00e9scimos, S\u00e3o Paulo vence o Bahia e embala no Brasileir\u00e3o - Litoral SP\" \/>\n<meta property=\"og:description\" content=\"A fase do S\u00e3o Paulo mudou nesta semana. Foram duas vit\u00f3rias em quatro dias e o Tricolor, al\u00e9m de afastar a possibilidade\" \/>\n<meta property=\"og:url\" content=\"https:\/\/redenoticiaz.com.br\/litoralsp\/2021\/07\/11\/nos-acrescimos-sao-paulo-vence-o-bahia-e-embala-no-brasileirao\" \/>\n<meta property=\"og:site_name\" content=\"Litoral SP\" \/>\n<meta property=\"article:published_time\" content=\"2021-07-11T20:03:31+00:00\" \/>\n<meta property=\"article:modified_time\" content=\"2021-07-11T20:06:02+00:00\" \/>\n<meta property=\"og:image\" content=\"https:\/\/redenoticiaz.com.br\/litoralsp\/wp-content\/uploads\/sites\/3\/2021\/07\/sp.jpg\" \/>\n\t<meta property=\"og:image:width\" content=\"640\" \/>\n\t<meta property=\"og:image:height\" content=\"360\" \/>\n\t<meta property=\"og:image:type\" content=\"image\/jpeg\" \/>\n<meta name=\"author\" content=\"Leonardo Francisco\" \/>\n<meta name=\"twitter:card\" content=\"summary_large_image\" \/>\n<meta name=\"twitter:label1\" content=\"Escrito por\" \/>\n\t<meta name=\"twitter:data1\" content=\"Leonardo Francisco\" \/>\n\t<meta name=\"twitter:label2\" content=\"Est. tempo de leitura\" \/>\n\t<meta name=\"twitter:data2\" content=\"4 minutos\" \/>\n<script type=\"application\/ld+json\" class=\"yoast-schema-graph\">{\"@context\":\"https:\\\/\\\/schema.org\",\"@graph\":[{\"@type\":\"Article\",\"@id\":\"https:\\\/\\\/redenoticiaz.com.br\\\/litoralsp\\\/2021\\\/07\\\/11\\\/nos-acrescimos-sao-paulo-vence-o-bahia-e-embala-no-brasileirao#article\",\"isPartOf\":{\"@id\":\"https:\\\/\\\/redenoticiaz.com.br\\\/litoralsp\\\/2021\\\/07\\\/11\\\/nos-acrescimos-sao-paulo-vence-o-bahia-e-embala-no-brasileirao\"},\"author\":{\"name\":\"Leonardo Francisco\",\"@id\":\"https:\\\/\\\/redenoticiaz.com.br\\\/litoralsp\\\/#\\\/schema\\\/person\\\/0f0b8a5bdafefe82841e07ae8d81ecb3\"},\"headline\":\"Nos acr\u00e9scimos, S\u00e3o Paulo vence o Bahia e embala no Brasileir\u00e3o\",\"datePublished\":\"2021-07-11T20:03:31+00:00\",\"dateModified\":\"2021-07-11T20:06:02+00:00\",\"mainEntityOfPage\":{\"@id\":\"https:\\\/\\\/redenoticiaz.com.br\\\/litoralsp\\\/2021\\\/07\\\/11\\\/nos-acrescimos-sao-paulo-vence-o-bahia-e-embala-no-brasileirao\"},\"wordCount\":803,\"commentCount\":0,\"publisher\":{\"@id\":\"https:\\\/\\\/redenoticiaz.com.br\\\/litoralsp\\\/#organization\"},\"image\":{\"@id\":\"https:\\\/\\\/redenoticiaz.com.br\\\/litoralsp\\\/2021\\\/07\\\/11\\\/nos-acrescimos-sao-paulo-vence-o-bahia-e-embala-no-brasileirao#primaryimage\"},\"thumbnailUrl\":\"https:\\\/\\\/redenoticiaz.com.br\\\/litoralsp\\\/wp-content\\\/uploads\\\/sites\\\/3\\\/2021\\\/07\\\/sp.jpg\",\"keywords\":[\"ATHLETICO PARANAENSE\",\"BRASILEIR\u00c3O 2021\",\"CAMPEONATO BRASILEIRO\",\"EC BAHIA\",\"RED BULL BRAGANTINO\",\"S\u00c3O PAULO FC\"],\"articleSection\":[\"Esporte\"],\"inLanguage\":\"pt-BR\",\"potentialAction\":[{\"@type\":\"CommentAction\",\"name\":\"Comment\",\"target\":[\"https:\\\/\\\/redenoticiaz.com.br\\\/litoralsp\\\/2021\\\/07\\\/11\\\/nos-acrescimos-sao-paulo-vence-o-bahia-e-embala-no-brasileirao#respond\"]}]},{\"@type\":\"WebPage\",\"@id\":\"https:\\\/\\\/redenoticiaz.com.br\\\/litoralsp\\\/2021\\\/07\\\/11\\\/nos-acrescimos-sao-paulo-vence-o-bahia-e-embala-no-brasileirao\",\"url\":\"https:\\\/\\\/redenoticiaz.com.br\\\/litoralsp\\\/2021\\\/07\\\/11\\\/nos-acrescimos-sao-paulo-vence-o-bahia-e-embala-no-brasileirao\",\"name\":\"Nos acr\u00e9scimos, S\u00e3o Paulo vence o Bahia e embala no Brasileir\u00e3o - Litoral SP\",\"isPartOf\":{\"@id\":\"https:\\\/\\\/redenoticiaz.com.br\\\/litoralsp\\\/#website\"},\"primaryImageOfPage\":{\"@id\":\"https:\\\/\\\/redenoticiaz.com.br\\\/litoralsp\\\/2021\\\/07\\\/11\\\/nos-acrescimos-sao-paulo-vence-o-bahia-e-embala-no-brasileirao#primaryimage\"},\"image\":{\"@id\":\"https:\\\/\\\/redenoticiaz.com.br\\\/litoralsp\\\/2021\\\/07\\\/11\\\/nos-acrescimos-sao-paulo-vence-o-bahia-e-embala-no-brasileirao#primaryimage\"},\"thumbnailUrl\":\"https:\\\/\\\/redenoticiaz.com.br\\\/litoralsp\\\/wp-content\\\/uploads\\\/sites\\\/3\\\/2021\\\/07\\\/sp.jpg\",\"datePublished\":\"2021-07-11T20:03:31+00:00\",\"dateModified\":\"2021-07-11T20:06:02+00:00\",\"description\":\"A fase do S\u00e3o Paulo mudou nesta semana. Foram duas vit\u00f3rias em quatro dias e o Tricolor, al\u00e9m de afastar a possibilidade\",\"inLanguage\":\"pt-BR\",\"potentialAction\":[{\"@type\":\"ReadAction\",\"target\":[\"https:\\\/\\\/redenoticiaz.com.br\\\/litoralsp\\\/2021\\\/07\\\/11\\\/nos-acrescimos-sao-paulo-vence-o-bahia-e-embala-no-brasileirao\"]}]},{\"@type\":\"ImageObject\",\"inLanguage\":\"pt-BR\",\"@id\":\"https:\\\/\\\/redenoticiaz.com.br\\\/litoralsp\\\/2021\\\/07\\\/11\\\/nos-acrescimos-sao-paulo-vence-o-bahia-e-embala-no-brasileirao#primaryimage\",\"url\":\"https:\\\/\\\/redenoticiaz.com.br\\\/litoralsp\\\/wp-content\\\/uploads\\\/sites\\\/3\\\/2021\\\/07\\\/sp.jpg\",\"contentUrl\":\"https:\\\/\\\/redenoticiaz.com.br\\\/litoralsp\\\/wp-content\\\/uploads\\\/sites\\\/3\\\/2021\\\/07\\\/sp.jpg\",\"width\":640,\"height\":360,\"caption\":\"Tricolor j\u00e1 ocupa a 11\u00aa posi\u00e7\u00e3o na tabela do Campeonato Brasileiro.\"},{\"@type\":\"WebSite\",\"@id\":\"https:\\\/\\\/redenoticiaz.com.br\\\/litoralsp\\\/#website\",\"url\":\"https:\\\/\\\/redenoticiaz.com.br\\\/litoralsp\\\/\",\"name\":\"Litoral SP\",\"description\":\"Rede NoticiaZ\",\"publisher\":{\"@id\":\"https:\\\/\\\/redenoticiaz.com.br\\\/litoralsp\\\/#organization\"},\"potentialAction\":[{\"@type\":\"SearchAction\",\"target\":{\"@type\":\"EntryPoint\",\"urlTemplate\":\"https:\\\/\\\/redenoticiaz.com.br\\\/litoralsp\\\/?s={search_term_string}\"},\"query-input\":{\"@type\":\"PropertyValueSpecification\",\"valueRequired\":true,\"valueName\":\"search_term_string\"}}],\"inLanguage\":\"pt-BR\"},{\"@type\":\"Organization\",\"@id\":\"https:\\\/\\\/redenoticiaz.com.br\\\/litoralsp\\\/#organization\",\"name\":\"Litoral SP\",\"url\":\"https:\\\/\\\/redenoticiaz.com.br\\\/litoralsp\\\/\",\"logo\":{\"@type\":\"ImageObject\",\"inLanguage\":\"pt-BR\",\"@id\":\"https:\\\/\\\/redenoticiaz.com.br\\\/litoralsp\\\/#\\\/schema\\\/logo\\\/image\\\/\",\"url\":\"https:\\\/\\\/redenoticiaz.com.br\\\/litoralsp\\\/wp-content\\\/uploads\\\/sites\\\/3\\\/2020\\\/11\\\/logo.jpg\",\"contentUrl\":\"https:\\\/\\\/redenoticiaz.com.br\\\/litoralsp\\\/wp-content\\\/uploads\\\/sites\\\/3\\\/2020\\\/11\\\/logo.jpg\",\"width\":400,\"height\":250,\"caption\":\"Litoral SP\"},\"image\":{\"@id\":\"https:\\\/\\\/redenoticiaz.com.br\\\/litoralsp\\\/#\\\/schema\\\/logo\\\/image\\\/\"}},{\"@type\":\"Person\",\"@id\":\"https:\\\/\\\/redenoticiaz.com.br\\\/litoralsp\\\/#\\\/schema\\\/person\\\/0f0b8a5bdafefe82841e07ae8d81ecb3\",\"name\":\"Leonardo Francisco\",\"image\":{\"@type\":\"ImageObject\",\"inLanguage\":\"pt-BR\",\"@id\":\"https:\\\/\\\/secure.gravatar.com\\\/avatar\\\/a7358cb406a99b682ec6df1e77e31ae82e63601f6784e8a3df411d72b37864da?s=96&d=mm&r=g\",\"url\":\"https:\\\/\\\/secure.gravatar.com\\\/avatar\\\/a7358cb406a99b682ec6df1e77e31ae82e63601f6784e8a3df411d72b37864da?s=96&d=mm&r=g\",\"contentUrl\":\"https:\\\/\\\/secure.gravatar.com\\\/avatar\\\/a7358cb406a99b682ec6df1e77e31ae82e63601f6784e8a3df411d72b37864da?s=96&d=mm&r=g\",\"caption\":\"Leonardo Francisco\"},\"url\":\"https:\\\/\\\/redenoticiaz.com.br\\\/litoralsp\\\/author\\\/leonardo-francisco\"}]}<\/script>\n<!-- \/ Yoast SEO plugin. -->","yoast_head_json":{"title":"Nos acr\u00e9scimos, S\u00e3o Paulo vence o Bahia e embala no Brasileir\u00e3o - Litoral SP","description":"A fase do S\u00e3o Paulo mudou nesta semana. Foram duas vit\u00f3rias em quatro dias e o Tricolor, al\u00e9m de afastar a possibilidade","robots":{"index":"index","follow":"follow","max-snippet":"max-snippet:-1","max-image-preview":"max-image-preview:large","max-video-preview":"max-video-preview:-1"},"canonical":"https:\/\/redenoticiaz.com.br\/litoralsp\/2021\/07\/11\/nos-acrescimos-sao-paulo-vence-o-bahia-e-embala-no-brasileirao","og_locale":"pt_BR","og_type":"article","og_title":"Nos acr\u00e9scimos, S\u00e3o Paulo vence o Bahia e embala no Brasileir\u00e3o - Litoral SP","og_description":"A fase do S\u00e3o Paulo mudou nesta semana. Foram duas vit\u00f3rias em quatro dias e o Tricolor, al\u00e9m de afastar a possibilidade","og_url":"https:\/\/redenoticiaz.com.br\/litoralsp\/2021\/07\/11\/nos-acrescimos-sao-paulo-vence-o-bahia-e-embala-no-brasileirao","og_site_name":"Litoral SP","article_published_time":"2021-07-11T20:03:31+00:00","article_modified_time":"2021-07-11T20:06:02+00:00","og_image":[{"width":640,"height":360,"url":"https:\/\/redenoticiaz.com.br\/litoralsp\/wp-content\/uploads\/sites\/3\/2021\/07\/sp.jpg","type":"image\/jpeg"}],"author":"Leonardo Francisco","twitter_card":"summary_large_image","twitter_misc":{"Escrito por":"Leonardo Francisco","Est. tempo de leitura":"4 minutos"},"schema":{"@context":"https:\/\/schema.org","@graph":[{"@type":"Article","@id":"https:\/\/redenoticiaz.com.br\/litoralsp\/2021\/07\/11\/nos-acrescimos-sao-paulo-vence-o-bahia-e-embala-no-brasileirao#article","isPartOf":{"@id":"https:\/\/redenoticiaz.com.br\/litoralsp\/2021\/07\/11\/nos-acrescimos-sao-paulo-vence-o-bahia-e-embala-no-brasileirao"},"author":{"name":"Leonardo Francisco","@id":"https:\/\/redenoticiaz.com.br\/litoralsp\/#\/schema\/person\/0f0b8a5bdafefe82841e07ae8d81ecb3"},"headline":"Nos acr\u00e9scimos, S\u00e3o Paulo vence o Bahia e embala no Brasileir\u00e3o","datePublished":"2021-07-11T20:03:31+00:00","dateModified":"2021-07-11T20:06:02+00:00","mainEntityOfPage":{"@id":"https:\/\/redenoticiaz.com.br\/litoralsp\/2021\/07\/11\/nos-acrescimos-sao-paulo-vence-o-bahia-e-embala-no-brasileirao"},"wordCount":803,"commentCount":0,"publisher":{"@id":"https:\/\/redenoticiaz.com.br\/litoralsp\/#organization"},"image":{"@id":"https:\/\/redenoticiaz.com.br\/litoralsp\/2021\/07\/11\/nos-acrescimos-sao-paulo-vence-o-bahia-e-embala-no-brasileirao#primaryimage"},"thumbnailUrl":"https:\/\/redenoticiaz.com.br\/litoralsp\/wp-content\/uploads\/sites\/3\/2021\/07\/sp.jpg","keywords":["ATHLETICO PARANAENSE","BRASILEIR\u00c3O 2021","CAMPEONATO BRASILEIRO","EC BAHIA","RED BULL BRAGANTINO","S\u00c3O PAULO FC"],"articleSection":["Esporte"],"inLanguage":"pt-BR","potentialAction":[{"@type":"CommentAction","name":"Comment","target":["https:\/\/redenoticiaz.com.br\/litoralsp\/2021\/07\/11\/nos-acrescimos-sao-paulo-vence-o-bahia-e-embala-no-brasileirao#respond"]}]},{"@type":"WebPage","@id":"https:\/\/redenoticiaz.com.br\/litoralsp\/2021\/07\/11\/nos-acrescimos-sao-paulo-vence-o-bahia-e-embala-no-brasileirao","url":"https:\/\/redenoticiaz.com.br\/litoralsp\/2021\/07\/11\/nos-acrescimos-sao-paulo-vence-o-bahia-e-embala-no-brasileirao","name":"Nos acr\u00e9scimos, S\u00e3o Paulo vence o Bahia e embala no Brasileir\u00e3o - Litoral SP","isPartOf":{"@id":"https:\/\/redenoticiaz.com.br\/litoralsp\/#website"},"primaryImageOfPage":{"@id":"https:\/\/redenoticiaz.com.br\/litoralsp\/2021\/07\/11\/nos-acrescimos-sao-paulo-vence-o-bahia-e-embala-no-brasileirao#primaryimage"},"image":{"@id":"https:\/\/redenoticiaz.com.br\/litoralsp\/2021\/07\/11\/nos-acrescimos-sao-paulo-vence-o-bahia-e-embala-no-brasileirao#primaryimage"},"thumbnailUrl":"https:\/\/redenoticiaz.com.br\/litoralsp\/wp-content\/uploads\/sites\/3\/2021\/07\/sp.jpg","datePublished":"2021-07-11T20:03:31+00:00","dateModified":"2021-07-11T20:06:02+00:00","description":"A fase do S\u00e3o Paulo mudou nesta semana. Foram duas vit\u00f3rias em quatro dias e o Tricolor, al\u00e9m de afastar a possibilidade","inLanguage":"pt-BR","potentialAction":[{"@type":"ReadAction","target":["https:\/\/redenoticiaz.com.br\/litoralsp\/2021\/07\/11\/nos-acrescimos-sao-paulo-vence-o-bahia-e-embala-no-brasileirao"]}]},{"@type":"ImageObject","inLanguage":"pt-BR","@id":"https:\/\/redenoticiaz.com.br\/litoralsp\/2021\/07\/11\/nos-acrescimos-sao-paulo-vence-o-bahia-e-embala-no-brasileirao#primaryimage","url":"https:\/\/redenoticiaz.com.br\/litoralsp\/wp-content\/uploads\/sites\/3\/2021\/07\/sp.jpg","contentUrl":"https:\/\/redenoticiaz.com.br\/litoralsp\/wp-content\/uploads\/sites\/3\/2021\/07\/sp.jpg","width":640,"height":360,"caption":"Tricolor j\u00e1 ocupa a 11\u00aa posi\u00e7\u00e3o na tabela do Campeonato Brasileiro."},{"@type":"WebSite","@id":"https:\/\/redenoticiaz.com.br\/litoralsp\/#website","url":"https:\/\/redenoticiaz.com.br\/litoralsp\/","name":"Litoral SP","description":"Rede NoticiaZ","publisher":{"@id":"https:\/\/redenoticiaz.com.br\/litoralsp\/#organization"},"potentialAction":[{"@type":"SearchAction","target":{"@type":"EntryPoint","urlTemplate":"https:\/\/redenoticiaz.com.br\/litoralsp\/?s={search_term_string}"},"query-input":{"@type":"PropertyValueSpecification","valueRequired":true,"valueName":"search_term_string"}}],"inLanguage":"pt-BR"},{"@type":"Organization","@id":"https:\/\/redenoticiaz.com.br\/litoralsp\/#organization","name":"Litoral SP","url":"https:\/\/redenoticiaz.com.br\/litoralsp\/","logo":{"@type":"ImageObject","inLanguage":"pt-BR","@id":"https:\/\/redenoticiaz.com.br\/litoralsp\/#\/schema\/logo\/image\/","url":"https:\/\/redenoticiaz.com.br\/litoralsp\/wp-content\/uploads\/sites\/3\/2020\/11\/logo.jpg","contentUrl":"https:\/\/redenoticiaz.com.br\/litoralsp\/wp-content\/uploads\/sites\/3\/2020\/11\/logo.jpg","width":400,"height":250,"caption":"Litoral SP"},"image":{"@id":"https:\/\/redenoticiaz.com.br\/litoralsp\/#\/schema\/logo\/image\/"}},{"@type":"Person","@id":"https:\/\/redenoticiaz.com.br\/litoralsp\/#\/schema\/person\/0f0b8a5bdafefe82841e07ae8d81ecb3","name":"Leonardo Francisco","image":{"@type":"ImageObject","inLanguage":"pt-BR","@id":"https:\/\/secure.gravatar.com\/avatar\/a7358cb406a99b682ec6df1e77e31ae82e63601f6784e8a3df411d72b37864da?s=96&d=mm&r=g","url":"https:\/\/secure.gravatar.com\/avatar\/a7358cb406a99b682ec6df1e77e31ae82e63601f6784e8a3df411d72b37864da?s=96&d=mm&r=g","contentUrl":"https:\/\/secure.gravatar.com\/avatar\/a7358cb406a99b682ec6df1e77e31ae82e63601f6784e8a3df411d72b37864da?s=96&d=mm&r=g","caption":"Leonardo Francisco"},"url":"https:\/\/redenoticiaz.com.br\/litoralsp\/author\/leonardo-francisco"}]}},"_links":{"self":[{"href":"https:\/\/redenoticiaz.com.br\/litoralsp\/wp-json\/wp\/v2\/posts\/11289","targetHints":{"allow":["GET"]}}],"collection":[{"href":"https:\/\/redenoticiaz.com.br\/litoralsp\/wp-json\/wp\/v2\/posts"}],"about":[{"href":"https:\/\/redenoticiaz.com.br\/litoralsp\/wp-json\/wp\/v2\/types\/post"}],"author":[{"embeddable":true,"href":"https:\/\/redenoticiaz.com.br\/litoralsp\/wp-json\/wp\/v2\/users\/6"}],"replies":[{"embeddable":true,"href":"https:\/\/redenoticiaz.com.br\/litoralsp\/wp-json\/wp\/v2\/comments?post=11289"}],"version-history":[{"count":1,"href":"https:\/\/redenoticiaz.com.br\/litoralsp\/wp-json\/wp\/v2\/posts\/11289\/revisions"}],"predecessor-version":[{"id":11291,"href":"https:\/\/redenoticiaz.com.br\/litoralsp\/wp-json\/wp\/v2\/posts\/11289\/revisions\/11291"}],"wp:featuredmedia":[{"embeddable":true,"href":"https:\/\/redenoticiaz.com.br\/litoralsp\/wp-json\/wp\/v2\/media\/11290"}],"wp:attachment":[{"href":"https:\/\/redenoticiaz.com.br\/litoralsp\/wp-json\/wp\/v2\/media?parent=11289"}],"wp:term":[{"taxonomy":"category","embeddable":true,"href":"https:\/\/redenoticiaz.com.br\/litoralsp\/wp-json\/wp\/v2\/categories?post=11289"},{"taxonomy":"post_tag","embeddable":true,"href":"https:\/\/redenoticiaz.com.br\/litoralsp\/wp-json\/wp\/v2\/tags?post=11289"}],"curies":[{"name":"wp","href":"https:\/\/api.w.org\/{rel}","templated":true}]}}