{"id":112909,"date":"2023-12-13T18:41:58","date_gmt":"2023-12-13T21:41:58","guid":{"rendered":"https:\/\/redenoticiaz.com.br\/litoralsp\/?p=112909"},"modified":"2023-12-13T18:41:58","modified_gmt":"2023-12-13T21:41:58","slug":"santos-reduz-em-28-as-mortes-no-transito-e-nao-registra-vitimas-fatais-envolvendo-ciclistas","status":"publish","type":"post","link":"https:\/\/redenoticiaz.com.br\/litoralsp\/2023\/12\/13\/santos-reduz-em-28-as-mortes-no-transito-e-nao-registra-vitimas-fatais-envolvendo-ciclistas","title":{"rendered":"Santos reduz em 28% as mortes no tr\u00e2nsito e n\u00e3o registra v\u00edtimas fatais envolvendo ciclistas"},"content":{"rendered":"<p>Santos conseguiu reduzir em 28% o n\u00famero de v\u00edtimas fatais no tr\u00e2nsito nos 10 primeiros meses deste ano, em compara\u00e7\u00e3o ao mesmo per\u00edodo em 2022.<\/p>\n<p>Entre janeiro e outubro de 2023, foram 18 \u00f3bitos registrados contra 25 no ano passado, com destaque para a queda expressiva de mortes envolvendo motociclistas e zero registros de \u00f3bitos de ciclistas.<\/p>\n<p>Os dados do Infosiga mostram que a Cidade, que vinha de alta incid\u00eancia de mortes envolvendo usu\u00e1rios de motos, teve grande queda, com 12 casos nos primeiros dez meses de 2022 e sete, no mesmo per\u00edodo, em 2023. O mesmo ocorreu em rela\u00e7\u00e3o a ciclistas, com redu\u00e7\u00e3o de oito \u00f3bitos para zero.<\/p>\n<p>Entre as atividades da Semana Nacional do Tr\u00e2nsito (setembro) deste ano, a Companhia promoveu a\u00e7\u00f5es direcionadas para os dois segmentos.<\/p>\n<p>O levantamento do Infosiga referente aos 10 meses de 2023 inclui, ainda, 10 casos fatais com pedestres e um relacionado a acidente com autom\u00f3vel, totalizando 18 \u00f3bitos.<\/p>\n<p><strong>Leia mais<\/strong><\/p>\n<p><a href=\"https:\/\/redenoticiaz.com.br\/litoralsp\/2023\/12\/12\/emprestimo-de-r-550-milhoes-e-feito-a-prefeitura-de-santos-para-programa-de-macrodrenagem\">Empr\u00e9stimo de R$ 550 milh\u00f5es \u00e9 feito a Prefeitura de Santos para Programa de Macrodrenagem<\/a><\/p>\n<p><a href=\"https:\/\/redenoticiaz.com.br\/litoralsp\/2023\/12\/11\/guardas-municipais-de-santos-detem-homem-por-porte-de-entorpecentes\">Guardas municipais de Santos det\u00eam homem por porte de entorpecentes<\/a><\/p>\n<p><a href=\"https:\/\/redenoticiaz.com.br\/litoralsp\/2023\/12\/09\/marcelo-teixeira-e-o-novo-presidente-do-santos-futebol-clube\">Marcelo Teixeira \u00e9 o novo Presidente do Santos Futebol Clube<\/a><\/p>\n","protected":false},"excerpt":{"rendered":"<p>Santos conseguiu reduzir em 28% o n\u00famero de v\u00edtimas fatais no tr\u00e2nsito nos 10 primeiros meses deste ano, em compara\u00e7\u00e3o ao mesmo per\u00edodo em 2022. Entre janeiro e outubro de 2023, foram 18 \u00f3bitos registrados contra 25 no ano passado, com destaque para a queda expressiva de mortes envolvendo motociclistas e zero registros de \u00f3bitos &hellip;<\/p>\n","protected":false},"author":12,"featured_media":112910,"comment_status":"open","ping_status":"closed","sticky":false,"template":"","format":"standard","meta":{"footnotes":""},"categories":[180],"tags":[7,15331,986],"class_list":["post-112909","post","type-post","status-publish","format-standard","has-post-thumbnail","hentry","category-santos","tag-acidente","tag-bicicleta","tag-santos"],"yoast_head":"<!-- This site is optimized with the Yoast SEO plugin v27.5 - https:\/\/yoast.com\/product\/yoast-seo-wordpress\/ -->\n<title>Santos reduz em 28% as mortes no tr\u00e2nsito e n\u00e3o registra v\u00edtimas fatais envolvendo ciclistas - Litoral SP<\/title>\n<meta name=\"description\" content=\"Santos conseguiu reduzir em 28% o n\u00famero de v\u00edtimas fatais no tr\u00e2nsito nos 10 primeiros meses deste ano, em compara\u00e7\u00e3o ao mesmo per\u00edodo em 2022.\" \/>\n<meta name=\"robots\" content=\"index, follow, max-snippet:-1, max-image-preview:large, max-video-preview:-1\" \/>\n<link rel=\"canonical\" href=\"https:\/\/redenoticiaz.com.br\/litoralsp\/2023\/12\/13\/santos-reduz-em-28-as-mortes-no-transito-e-nao-registra-vitimas-fatais-envolvendo-ciclistas\" \/>\n<meta property=\"og:locale\" content=\"pt_BR\" \/>\n<meta property=\"og:type\" content=\"article\" \/>\n<meta property=\"og:title\" content=\"Santos reduz em 28% as mortes no tr\u00e2nsito e n\u00e3o registra v\u00edtimas fatais envolvendo ciclistas - Litoral SP\" \/>\n<meta property=\"og:description\" content=\"Santos conseguiu reduzir em 28% o n\u00famero de v\u00edtimas fatais no tr\u00e2nsito nos 10 primeiros meses deste ano, em compara\u00e7\u00e3o ao mesmo per\u00edodo em 2022.\" \/>\n<meta property=\"og:url\" content=\"https:\/\/redenoticiaz.com.br\/litoralsp\/2023\/12\/13\/santos-reduz-em-28-as-mortes-no-transito-e-nao-registra-vitimas-fatais-envolvendo-ciclistas\" \/>\n<meta property=\"og:site_name\" content=\"Litoral SP\" \/>\n<meta property=\"article:published_time\" content=\"2023-12-13T21:41:58+00:00\" \/>\n<meta property=\"og:image\" content=\"https:\/\/redenoticiaz.com.br\/litoralsp\/wp-content\/uploads\/sites\/3\/2023\/12\/moto1-1.jpeg\" \/>\n\t<meta property=\"og:image:width\" content=\"1024\" \/>\n\t<meta property=\"og:image:height\" content=\"589\" \/>\n\t<meta property=\"og:image:type\" content=\"image\/jpeg\" \/>\n<meta name=\"author\" content=\"Gustavo Silva\" \/>\n<meta name=\"twitter:card\" content=\"summary_large_image\" \/>\n<meta name=\"twitter:label1\" content=\"Escrito por\" \/>\n\t<meta name=\"twitter:data1\" content=\"Gustavo Silva\" \/>\n\t<meta name=\"twitter:label2\" content=\"Est. tempo de leitura\" \/>\n\t<meta name=\"twitter:data2\" content=\"2 minutos\" \/>\n<script type=\"application\/ld+json\" class=\"yoast-schema-graph\">{\"@context\":\"https:\\\/\\\/schema.org\",\"@graph\":[{\"@type\":\"Article\",\"@id\":\"https:\\\/\\\/redenoticiaz.com.br\\\/litoralsp\\\/2023\\\/12\\\/13\\\/santos-reduz-em-28-as-mortes-no-transito-e-nao-registra-vitimas-fatais-envolvendo-ciclistas#article\",\"isPartOf\":{\"@id\":\"https:\\\/\\\/redenoticiaz.com.br\\\/litoralsp\\\/2023\\\/12\\\/13\\\/santos-reduz-em-28-as-mortes-no-transito-e-nao-registra-vitimas-fatais-envolvendo-ciclistas\"},\"author\":{\"name\":\"Gustavo Silva\",\"@id\":\"https:\\\/\\\/redenoticiaz.com.br\\\/litoralsp\\\/#\\\/schema\\\/person\\\/16057b37a3c0ee6b096d7f887c566e2e\"},\"headline\":\"Santos reduz em 28% as mortes no tr\u00e2nsito e n\u00e3o registra v\u00edtimas fatais envolvendo ciclistas\",\"datePublished\":\"2023-12-13T21:41:58+00:00\",\"mainEntityOfPage\":{\"@id\":\"https:\\\/\\\/redenoticiaz.com.br\\\/litoralsp\\\/2023\\\/12\\\/13\\\/santos-reduz-em-28-as-mortes-no-transito-e-nao-registra-vitimas-fatais-envolvendo-ciclistas\"},\"wordCount\":210,\"commentCount\":0,\"publisher\":{\"@id\":\"https:\\\/\\\/redenoticiaz.com.br\\\/litoralsp\\\/#organization\"},\"image\":{\"@id\":\"https:\\\/\\\/redenoticiaz.com.br\\\/litoralsp\\\/2023\\\/12\\\/13\\\/santos-reduz-em-28-as-mortes-no-transito-e-nao-registra-vitimas-fatais-envolvendo-ciclistas#primaryimage\"},\"thumbnailUrl\":\"https:\\\/\\\/redenoticiaz.com.br\\\/litoralsp\\\/wp-content\\\/uploads\\\/sites\\\/3\\\/2023\\\/12\\\/moto1-1.jpeg\",\"keywords\":[\"acidente\",\"BICICLETA\",\"Santos\"],\"articleSection\":[\"Santos\"],\"inLanguage\":\"pt-BR\",\"potentialAction\":[{\"@type\":\"CommentAction\",\"name\":\"Comment\",\"target\":[\"https:\\\/\\\/redenoticiaz.com.br\\\/litoralsp\\\/2023\\\/12\\\/13\\\/santos-reduz-em-28-as-mortes-no-transito-e-nao-registra-vitimas-fatais-envolvendo-ciclistas#respond\"]}]},{\"@type\":\"WebPage\",\"@id\":\"https:\\\/\\\/redenoticiaz.com.br\\\/litoralsp\\\/2023\\\/12\\\/13\\\/santos-reduz-em-28-as-mortes-no-transito-e-nao-registra-vitimas-fatais-envolvendo-ciclistas\",\"url\":\"https:\\\/\\\/redenoticiaz.com.br\\\/litoralsp\\\/2023\\\/12\\\/13\\\/santos-reduz-em-28-as-mortes-no-transito-e-nao-registra-vitimas-fatais-envolvendo-ciclistas\",\"name\":\"Santos reduz em 28% as mortes no tr\u00e2nsito e n\u00e3o registra v\u00edtimas fatais envolvendo ciclistas - Litoral SP\",\"isPartOf\":{\"@id\":\"https:\\\/\\\/redenoticiaz.com.br\\\/litoralsp\\\/#website\"},\"primaryImageOfPage\":{\"@id\":\"https:\\\/\\\/redenoticiaz.com.br\\\/litoralsp\\\/2023\\\/12\\\/13\\\/santos-reduz-em-28-as-mortes-no-transito-e-nao-registra-vitimas-fatais-envolvendo-ciclistas#primaryimage\"},\"image\":{\"@id\":\"https:\\\/\\\/redenoticiaz.com.br\\\/litoralsp\\\/2023\\\/12\\\/13\\\/santos-reduz-em-28-as-mortes-no-transito-e-nao-registra-vitimas-fatais-envolvendo-ciclistas#primaryimage\"},\"thumbnailUrl\":\"https:\\\/\\\/redenoticiaz.com.br\\\/litoralsp\\\/wp-content\\\/uploads\\\/sites\\\/3\\\/2023\\\/12\\\/moto1-1.jpeg\",\"datePublished\":\"2023-12-13T21:41:58+00:00\",\"description\":\"Santos conseguiu reduzir em 28% o n\u00famero de v\u00edtimas fatais no tr\u00e2nsito nos 10 primeiros meses deste ano, em compara\u00e7\u00e3o ao mesmo per\u00edodo em 2022.\",\"inLanguage\":\"pt-BR\",\"potentialAction\":[{\"@type\":\"ReadAction\",\"target\":[\"https:\\\/\\\/redenoticiaz.com.br\\\/litoralsp\\\/2023\\\/12\\\/13\\\/santos-reduz-em-28-as-mortes-no-transito-e-nao-registra-vitimas-fatais-envolvendo-ciclistas\"]}]},{\"@type\":\"ImageObject\",\"inLanguage\":\"pt-BR\",\"@id\":\"https:\\\/\\\/redenoticiaz.com.br\\\/litoralsp\\\/2023\\\/12\\\/13\\\/santos-reduz-em-28-as-mortes-no-transito-e-nao-registra-vitimas-fatais-envolvendo-ciclistas#primaryimage\",\"url\":\"https:\\\/\\\/redenoticiaz.com.br\\\/litoralsp\\\/wp-content\\\/uploads\\\/sites\\\/3\\\/2023\\\/12\\\/moto1-1.jpeg\",\"contentUrl\":\"https:\\\/\\\/redenoticiaz.com.br\\\/litoralsp\\\/wp-content\\\/uploads\\\/sites\\\/3\\\/2023\\\/12\\\/moto1-1.jpeg\",\"width\":1024,\"height\":589,\"caption\":\"Santos reduz em 28% as mortes no tr\u00e2nsito e n\u00e3o registra v\u00edtimas fatais envolvendo ciclistas\"},{\"@type\":\"WebSite\",\"@id\":\"https:\\\/\\\/redenoticiaz.com.br\\\/litoralsp\\\/#website\",\"url\":\"https:\\\/\\\/redenoticiaz.com.br\\\/litoralsp\\\/\",\"name\":\"Litoral SP\",\"description\":\"Rede NoticiaZ\",\"publisher\":{\"@id\":\"https:\\\/\\\/redenoticiaz.com.br\\\/litoralsp\\\/#organization\"},\"potentialAction\":[{\"@type\":\"SearchAction\",\"target\":{\"@type\":\"EntryPoint\",\"urlTemplate\":\"https:\\\/\\\/redenoticiaz.com.br\\\/litoralsp\\\/?s={search_term_string}\"},\"query-input\":{\"@type\":\"PropertyValueSpecification\",\"valueRequired\":true,\"valueName\":\"search_term_string\"}}],\"inLanguage\":\"pt-BR\"},{\"@type\":\"Organization\",\"@id\":\"https:\\\/\\\/redenoticiaz.com.br\\\/litoralsp\\\/#organization\",\"name\":\"Litoral SP\",\"url\":\"https:\\\/\\\/redenoticiaz.com.br\\\/litoralsp\\\/\",\"logo\":{\"@type\":\"ImageObject\",\"inLanguage\":\"pt-BR\",\"@id\":\"https:\\\/\\\/redenoticiaz.com.br\\\/litoralsp\\\/#\\\/schema\\\/logo\\\/image\\\/\",\"url\":\"https:\\\/\\\/redenoticiaz.com.br\\\/litoralsp\\\/wp-content\\\/uploads\\\/sites\\\/3\\\/2020\\\/11\\\/logo.jpg\",\"contentUrl\":\"https:\\\/\\\/redenoticiaz.com.br\\\/litoralsp\\\/wp-content\\\/uploads\\\/sites\\\/3\\\/2020\\\/11\\\/logo.jpg\",\"width\":400,\"height\":250,\"caption\":\"Litoral SP\"},\"image\":{\"@id\":\"https:\\\/\\\/redenoticiaz.com.br\\\/litoralsp\\\/#\\\/schema\\\/logo\\\/image\\\/\"}},{\"@type\":\"Person\",\"@id\":\"https:\\\/\\\/redenoticiaz.com.br\\\/litoralsp\\\/#\\\/schema\\\/person\\\/16057b37a3c0ee6b096d7f887c566e2e\",\"name\":\"Gustavo Silva\",\"image\":{\"@type\":\"ImageObject\",\"inLanguage\":\"pt-BR\",\"@id\":\"https:\\\/\\\/secure.gravatar.com\\\/avatar\\\/3ee4e82f93b26de0a7cf4ea5eb7893da637ed6bb0c9170c58065944c56e28a33?s=96&d=mm&r=g\",\"url\":\"https:\\\/\\\/secure.gravatar.com\\\/avatar\\\/3ee4e82f93b26de0a7cf4ea5eb7893da637ed6bb0c9170c58065944c56e28a33?s=96&d=mm&r=g\",\"contentUrl\":\"https:\\\/\\\/secure.gravatar.com\\\/avatar\\\/3ee4e82f93b26de0a7cf4ea5eb7893da637ed6bb0c9170c58065944c56e28a33?s=96&d=mm&r=g\",\"caption\":\"Gustavo Silva\"},\"url\":\"https:\\\/\\\/redenoticiaz.com.br\\\/litoralsp\\\/author\\\/gustavosilva\"}]}<\/script>\n<!-- \/ Yoast SEO plugin. -->","yoast_head_json":{"title":"Santos reduz em 28% as mortes no tr\u00e2nsito e n\u00e3o registra v\u00edtimas fatais envolvendo ciclistas - Litoral SP","description":"Santos conseguiu reduzir em 28% o n\u00famero de v\u00edtimas fatais no tr\u00e2nsito nos 10 primeiros meses deste ano, em compara\u00e7\u00e3o ao mesmo per\u00edodo em 2022.","robots":{"index":"index","follow":"follow","max-snippet":"max-snippet:-1","max-image-preview":"max-image-preview:large","max-video-preview":"max-video-preview:-1"},"canonical":"https:\/\/redenoticiaz.com.br\/litoralsp\/2023\/12\/13\/santos-reduz-em-28-as-mortes-no-transito-e-nao-registra-vitimas-fatais-envolvendo-ciclistas","og_locale":"pt_BR","og_type":"article","og_title":"Santos reduz em 28% as mortes no tr\u00e2nsito e n\u00e3o registra v\u00edtimas fatais envolvendo ciclistas - Litoral SP","og_description":"Santos conseguiu reduzir em 28% o n\u00famero de v\u00edtimas fatais no tr\u00e2nsito nos 10 primeiros meses deste ano, em compara\u00e7\u00e3o ao mesmo per\u00edodo em 2022.","og_url":"https:\/\/redenoticiaz.com.br\/litoralsp\/2023\/12\/13\/santos-reduz-em-28-as-mortes-no-transito-e-nao-registra-vitimas-fatais-envolvendo-ciclistas","og_site_name":"Litoral SP","article_published_time":"2023-12-13T21:41:58+00:00","og_image":[{"width":1024,"height":589,"url":"https:\/\/redenoticiaz.com.br\/litoralsp\/wp-content\/uploads\/sites\/3\/2023\/12\/moto1-1.jpeg","type":"image\/jpeg"}],"author":"Gustavo Silva","twitter_card":"summary_large_image","twitter_misc":{"Escrito por":"Gustavo Silva","Est. tempo de leitura":"2 minutos"},"schema":{"@context":"https:\/\/schema.org","@graph":[{"@type":"Article","@id":"https:\/\/redenoticiaz.com.br\/litoralsp\/2023\/12\/13\/santos-reduz-em-28-as-mortes-no-transito-e-nao-registra-vitimas-fatais-envolvendo-ciclistas#article","isPartOf":{"@id":"https:\/\/redenoticiaz.com.br\/litoralsp\/2023\/12\/13\/santos-reduz-em-28-as-mortes-no-transito-e-nao-registra-vitimas-fatais-envolvendo-ciclistas"},"author":{"name":"Gustavo Silva","@id":"https:\/\/redenoticiaz.com.br\/litoralsp\/#\/schema\/person\/16057b37a3c0ee6b096d7f887c566e2e"},"headline":"Santos reduz em 28% as mortes no tr\u00e2nsito e n\u00e3o registra v\u00edtimas fatais envolvendo ciclistas","datePublished":"2023-12-13T21:41:58+00:00","mainEntityOfPage":{"@id":"https:\/\/redenoticiaz.com.br\/litoralsp\/2023\/12\/13\/santos-reduz-em-28-as-mortes-no-transito-e-nao-registra-vitimas-fatais-envolvendo-ciclistas"},"wordCount":210,"commentCount":0,"publisher":{"@id":"https:\/\/redenoticiaz.com.br\/litoralsp\/#organization"},"image":{"@id":"https:\/\/redenoticiaz.com.br\/litoralsp\/2023\/12\/13\/santos-reduz-em-28-as-mortes-no-transito-e-nao-registra-vitimas-fatais-envolvendo-ciclistas#primaryimage"},"thumbnailUrl":"https:\/\/redenoticiaz.com.br\/litoralsp\/wp-content\/uploads\/sites\/3\/2023\/12\/moto1-1.jpeg","keywords":["acidente","BICICLETA","Santos"],"articleSection":["Santos"],"inLanguage":"pt-BR","potentialAction":[{"@type":"CommentAction","name":"Comment","target":["https:\/\/redenoticiaz.com.br\/litoralsp\/2023\/12\/13\/santos-reduz-em-28-as-mortes-no-transito-e-nao-registra-vitimas-fatais-envolvendo-ciclistas#respond"]}]},{"@type":"WebPage","@id":"https:\/\/redenoticiaz.com.br\/litoralsp\/2023\/12\/13\/santos-reduz-em-28-as-mortes-no-transito-e-nao-registra-vitimas-fatais-envolvendo-ciclistas","url":"https:\/\/redenoticiaz.com.br\/litoralsp\/2023\/12\/13\/santos-reduz-em-28-as-mortes-no-transito-e-nao-registra-vitimas-fatais-envolvendo-ciclistas","name":"Santos reduz em 28% as mortes no tr\u00e2nsito e n\u00e3o registra v\u00edtimas fatais envolvendo ciclistas - Litoral SP","isPartOf":{"@id":"https:\/\/redenoticiaz.com.br\/litoralsp\/#website"},"primaryImageOfPage":{"@id":"https:\/\/redenoticiaz.com.br\/litoralsp\/2023\/12\/13\/santos-reduz-em-28-as-mortes-no-transito-e-nao-registra-vitimas-fatais-envolvendo-ciclistas#primaryimage"},"image":{"@id":"https:\/\/redenoticiaz.com.br\/litoralsp\/2023\/12\/13\/santos-reduz-em-28-as-mortes-no-transito-e-nao-registra-vitimas-fatais-envolvendo-ciclistas#primaryimage"},"thumbnailUrl":"https:\/\/redenoticiaz.com.br\/litoralsp\/wp-content\/uploads\/sites\/3\/2023\/12\/moto1-1.jpeg","datePublished":"2023-12-13T21:41:58+00:00","description":"Santos conseguiu reduzir em 28% o n\u00famero de v\u00edtimas fatais no tr\u00e2nsito nos 10 primeiros meses deste ano, em compara\u00e7\u00e3o ao mesmo per\u00edodo em 2022.","inLanguage":"pt-BR","potentialAction":[{"@type":"ReadAction","target":["https:\/\/redenoticiaz.com.br\/litoralsp\/2023\/12\/13\/santos-reduz-em-28-as-mortes-no-transito-e-nao-registra-vitimas-fatais-envolvendo-ciclistas"]}]},{"@type":"ImageObject","inLanguage":"pt-BR","@id":"https:\/\/redenoticiaz.com.br\/litoralsp\/2023\/12\/13\/santos-reduz-em-28-as-mortes-no-transito-e-nao-registra-vitimas-fatais-envolvendo-ciclistas#primaryimage","url":"https:\/\/redenoticiaz.com.br\/litoralsp\/wp-content\/uploads\/sites\/3\/2023\/12\/moto1-1.jpeg","contentUrl":"https:\/\/redenoticiaz.com.br\/litoralsp\/wp-content\/uploads\/sites\/3\/2023\/12\/moto1-1.jpeg","width":1024,"height":589,"caption":"Santos reduz em 28% as mortes no tr\u00e2nsito e n\u00e3o registra v\u00edtimas fatais envolvendo ciclistas"},{"@type":"WebSite","@id":"https:\/\/redenoticiaz.com.br\/litoralsp\/#website","url":"https:\/\/redenoticiaz.com.br\/litoralsp\/","name":"Litoral SP","description":"Rede NoticiaZ","publisher":{"@id":"https:\/\/redenoticiaz.com.br\/litoralsp\/#organization"},"potentialAction":[{"@type":"SearchAction","target":{"@type":"EntryPoint","urlTemplate":"https:\/\/redenoticiaz.com.br\/litoralsp\/?s={search_term_string}"},"query-input":{"@type":"PropertyValueSpecification","valueRequired":true,"valueName":"search_term_string"}}],"inLanguage":"pt-BR"},{"@type":"Organization","@id":"https:\/\/redenoticiaz.com.br\/litoralsp\/#organization","name":"Litoral SP","url":"https:\/\/redenoticiaz.com.br\/litoralsp\/","logo":{"@type":"ImageObject","inLanguage":"pt-BR","@id":"https:\/\/redenoticiaz.com.br\/litoralsp\/#\/schema\/logo\/image\/","url":"https:\/\/redenoticiaz.com.br\/litoralsp\/wp-content\/uploads\/sites\/3\/2020\/11\/logo.jpg","contentUrl":"https:\/\/redenoticiaz.com.br\/litoralsp\/wp-content\/uploads\/sites\/3\/2020\/11\/logo.jpg","width":400,"height":250,"caption":"Litoral SP"},"image":{"@id":"https:\/\/redenoticiaz.com.br\/litoralsp\/#\/schema\/logo\/image\/"}},{"@type":"Person","@id":"https:\/\/redenoticiaz.com.br\/litoralsp\/#\/schema\/person\/16057b37a3c0ee6b096d7f887c566e2e","name":"Gustavo Silva","image":{"@type":"ImageObject","inLanguage":"pt-BR","@id":"https:\/\/secure.gravatar.com\/avatar\/3ee4e82f93b26de0a7cf4ea5eb7893da637ed6bb0c9170c58065944c56e28a33?s=96&d=mm&r=g","url":"https:\/\/secure.gravatar.com\/avatar\/3ee4e82f93b26de0a7cf4ea5eb7893da637ed6bb0c9170c58065944c56e28a33?s=96&d=mm&r=g","contentUrl":"https:\/\/secure.gravatar.com\/avatar\/3ee4e82f93b26de0a7cf4ea5eb7893da637ed6bb0c9170c58065944c56e28a33?s=96&d=mm&r=g","caption":"Gustavo Silva"},"url":"https:\/\/redenoticiaz.com.br\/litoralsp\/author\/gustavosilva"}]}},"_links":{"self":[{"href":"https:\/\/redenoticiaz.com.br\/litoralsp\/wp-json\/wp\/v2\/posts\/112909","targetHints":{"allow":["GET"]}}],"collection":[{"href":"https:\/\/redenoticiaz.com.br\/litoralsp\/wp-json\/wp\/v2\/posts"}],"about":[{"href":"https:\/\/redenoticiaz.com.br\/litoralsp\/wp-json\/wp\/v2\/types\/post"}],"author":[{"embeddable":true,"href":"https:\/\/redenoticiaz.com.br\/litoralsp\/wp-json\/wp\/v2\/users\/12"}],"replies":[{"embeddable":true,"href":"https:\/\/redenoticiaz.com.br\/litoralsp\/wp-json\/wp\/v2\/comments?post=112909"}],"version-history":[{"count":1,"href":"https:\/\/redenoticiaz.com.br\/litoralsp\/wp-json\/wp\/v2\/posts\/112909\/revisions"}],"predecessor-version":[{"id":112911,"href":"https:\/\/redenoticiaz.com.br\/litoralsp\/wp-json\/wp\/v2\/posts\/112909\/revisions\/112911"}],"wp:featuredmedia":[{"embeddable":true,"href":"https:\/\/redenoticiaz.com.br\/litoralsp\/wp-json\/wp\/v2\/media\/112910"}],"wp:attachment":[{"href":"https:\/\/redenoticiaz.com.br\/litoralsp\/wp-json\/wp\/v2\/media?parent=112909"}],"wp:term":[{"taxonomy":"category","embeddable":true,"href":"https:\/\/redenoticiaz.com.br\/litoralsp\/wp-json\/wp\/v2\/categories?post=112909"},{"taxonomy":"post_tag","embeddable":true,"href":"https:\/\/redenoticiaz.com.br\/litoralsp\/wp-json\/wp\/v2\/tags?post=112909"}],"curies":[{"name":"wp","href":"https:\/\/api.w.org\/{rel}","templated":true}]}}