{"id":11292,"date":"2021-07-11T19:16:07","date_gmt":"2021-07-11T22:16:07","guid":{"rendered":"https:\/\/redenoticiaz.com.br\/litoralsp\/2021\/07\/11\/nos-penaltis-italia-fatura-a-eurocopa-contra-a-inglaterra"},"modified":"2021-07-11T19:20:14","modified_gmt":"2021-07-11T22:20:14","slug":"nos-penaltis-italia-fatura-a-eurocopa-contra-a-inglaterra","status":"publish","type":"post","link":"https:\/\/redenoticiaz.com.br\/litoralsp\/2021\/07\/11\/nos-penaltis-italia-fatura-a-eurocopa-contra-a-inglaterra","title":{"rendered":"Nos p\u00eanaltis, It\u00e1lia fatura a Eurocopa contra a Inglaterra"},"content":{"rendered":"<p>Sobrou emo\u00e7\u00e3o na final da <a href=\"https:\/\/pt.uefa.com\/\">Eurocopa<\/a> 2020, disputada em 2021. Ap\u00f3s empate no tempo normal por 1 a 1, a <strong>It\u00e1lia<\/strong> superou a <strong>Inglaterra<\/strong> nos p\u00eanaltis e voltou a vencer a competi\u00e7\u00e3o depois de 53 anos, em Wembley. A \u00faltima conquista ocorreu na edi\u00e7\u00e3o de 1968.<\/p>\n<p>No primeiro tempo a It\u00e1lia teve amplo dom\u00ednio, seja de posse de bola ou de finaliza\u00e7\u00f5es a gol. Foram seis chutes contra apenas uma tentativa dos Ingleses. Contudo, a Inglaterra foi eficiente e logo nos primeiros minutos. Ao avan\u00e7ar em velocidade, Kane tocou para Trippier, que cruzou para Shaw abrir o placar. Ap\u00f3s isso, a Azzurra martelou e martelou para chegar ao empate. Mas a defesa inglesa foi mais eficaz e terminou a primeira etapa com vantagem.<\/p>\n<p>Veio o segundo tempo e a It\u00e1lia seguiu pressionando para buscar o empate. O caminho dos ingleses foi apostar no erro do advers\u00e1rio para ampliar o placar. Os italianos n\u00e3o se entregaram e criaram mais chances de gol. At\u00e9 que aos 21 minutos, veio o empate. Depois de escanteio batido pelo brasileiro naturalizado italiano, Emerson, a bola ficou viva na \u00e1rea, Verratti cabeceou a bola na trave e Bonucci empatou.<\/p>\n<h3>Prorroga\u00e7\u00e3o e p\u00eanaltis<\/h3>\n<p>A It\u00e1lia tentou mais umas chances para virar o jogo, s\u00f3 que a Inglaterra conseguiu resistir as investidas da Azzurra e o jogo foi para a prorroga\u00e7\u00e3o. Os italianos seguiram com mais posse de bola e sendo perigosos. Contudo os ingleses seguiram se defendendo bem e criaram poucas chances. A decis\u00e3o foi para os p\u00eanaltis.<\/p>\n<p>Nas penalidades, a estrela de Donnarumma brilhou e defendeu duas cobran\u00e7as de p\u00eanaltis. O goleiro da Inglaterra, Pickford tamb\u00e9m fez duas defesas, mas Rashford bateu a bola na trave. Com o placar de 3 a 2 na decis\u00e3o de p\u00eanaltis, a It\u00e1lia volta a ser campe\u00e3 da Eurocopa, ap\u00f3s 53 anos. A \u00faltima conquista aconteceu em 1968.<\/p>\n<p>J\u00e1 os ingleses, que buscavam o t\u00edtulo in\u00e9dito da Eurocopa, ter\u00e3o de esperar mais tr\u00eas anos para sonhar com a conquista. O foco agora \u00e9 a classifica\u00e7\u00e3o rumo \u00e0 Copa do Mundo do Catar 2022.<\/p>\n<p><strong>LEIA TAMB\u00c9M<\/strong><\/p>\n<p><a href=\"https:\/\/redenoticiaz.com.br\/blog\/2021\/07\/11\/argentina-supera-o-brasil-e-e-campea-da-copa-america\">Argentina supera o Brasil e \u00e9 campe\u00e3 da Copa Am\u00e9rica<\/a><\/p>\n","protected":false},"excerpt":{"rendered":"<p>Sobrou emo\u00e7\u00e3o na final da Eurocopa 2020, disputada em 2021. Ap\u00f3s empate no tempo normal por 1 a 1, a It\u00e1lia superou a Inglaterra nos p\u00eanaltis e voltou a vencer a competi\u00e7\u00e3o depois de 53 anos, em Wembley. A \u00faltima conquista ocorreu na edi\u00e7\u00e3o de 1968. No primeiro tempo a It\u00e1lia teve amplo dom\u00ednio, seja &hellip;<\/p>\n","protected":false},"author":6,"featured_media":11293,"comment_status":"open","ping_status":"closed","sticky":false,"template":"","format":"standard","meta":{"footnotes":""},"categories":[35],"tags":[27619,11556,27620,19495,19413,27621,27622],"class_list":["post-11292","post","type-post","status-publish","format-standard","has-post-thumbnail","hentry","category-esporte","tag-azzurra","tag-decisao-de-penaltis","tag-eurocopa-2020","tag-inglaterra","tag-italia","tag-italia-campea","tag-wembley"],"yoast_head":"<!-- This site is optimized with the Yoast SEO plugin v27.5 - https:\/\/yoast.com\/product\/yoast-seo-wordpress\/ -->\n<title>Nos p\u00eanaltis, It\u00e1lia fatura a Eurocopa contra a Inglaterra - Litoral SP<\/title>\n<meta name=\"description\" content=\"Sobrou emo\u00e7\u00e3o na final da Eurocopa 2020, disputada em 2021. Ap\u00f3s empate no tempo normal por 1 a 1, a It\u00e1lia superou a Inglaterra\" \/>\n<meta name=\"robots\" content=\"index, follow, max-snippet:-1, max-image-preview:large, max-video-preview:-1\" \/>\n<link rel=\"canonical\" href=\"https:\/\/redenoticiaz.com.br\/litoralsp\/2021\/07\/11\/nos-penaltis-italia-fatura-a-eurocopa-contra-a-inglaterra\" \/>\n<meta property=\"og:locale\" content=\"pt_BR\" \/>\n<meta property=\"og:type\" content=\"article\" \/>\n<meta property=\"og:title\" content=\"Nos p\u00eanaltis, It\u00e1lia fatura a Eurocopa contra a Inglaterra - Litoral SP\" \/>\n<meta property=\"og:description\" content=\"Sobrou emo\u00e7\u00e3o na final da Eurocopa 2020, disputada em 2021. Ap\u00f3s empate no tempo normal por 1 a 1, a It\u00e1lia superou a Inglaterra\" \/>\n<meta property=\"og:url\" content=\"https:\/\/redenoticiaz.com.br\/litoralsp\/2021\/07\/11\/nos-penaltis-italia-fatura-a-eurocopa-contra-a-inglaterra\" \/>\n<meta property=\"og:site_name\" content=\"Litoral SP\" \/>\n<meta property=\"article:published_time\" content=\"2021-07-11T22:16:07+00:00\" \/>\n<meta property=\"article:modified_time\" content=\"2021-07-11T22:20:14+00:00\" \/>\n<meta property=\"og:image\" content=\"https:\/\/redenoticiaz.com.br\/litoralsp\/wp-content\/uploads\/sites\/3\/2021\/07\/italia.jpg\" \/>\n\t<meta property=\"og:image:width\" content=\"640\" \/>\n\t<meta property=\"og:image:height\" content=\"360\" \/>\n\t<meta property=\"og:image:type\" content=\"image\/jpeg\" \/>\n<meta name=\"author\" content=\"Leonardo Francisco\" \/>\n<meta name=\"twitter:card\" content=\"summary_large_image\" \/>\n<meta name=\"twitter:label1\" content=\"Escrito por\" \/>\n\t<meta name=\"twitter:data1\" content=\"Leonardo Francisco\" \/>\n\t<meta name=\"twitter:label2\" content=\"Est. tempo de leitura\" \/>\n\t<meta name=\"twitter:data2\" content=\"2 minutos\" \/>\n<script type=\"application\/ld+json\" class=\"yoast-schema-graph\">{\"@context\":\"https:\\\/\\\/schema.org\",\"@graph\":[{\"@type\":\"Article\",\"@id\":\"https:\\\/\\\/redenoticiaz.com.br\\\/litoralsp\\\/2021\\\/07\\\/11\\\/nos-penaltis-italia-fatura-a-eurocopa-contra-a-inglaterra#article\",\"isPartOf\":{\"@id\":\"https:\\\/\\\/redenoticiaz.com.br\\\/litoralsp\\\/2021\\\/07\\\/11\\\/nos-penaltis-italia-fatura-a-eurocopa-contra-a-inglaterra\"},\"author\":{\"name\":\"Leonardo Francisco\",\"@id\":\"https:\\\/\\\/redenoticiaz.com.br\\\/litoralsp\\\/#\\\/schema\\\/person\\\/0f0b8a5bdafefe82841e07ae8d81ecb3\"},\"headline\":\"Nos p\u00eanaltis, It\u00e1lia fatura a Eurocopa contra a Inglaterra\",\"datePublished\":\"2021-07-11T22:16:07+00:00\",\"dateModified\":\"2021-07-11T22:20:14+00:00\",\"mainEntityOfPage\":{\"@id\":\"https:\\\/\\\/redenoticiaz.com.br\\\/litoralsp\\\/2021\\\/07\\\/11\\\/nos-penaltis-italia-fatura-a-eurocopa-contra-a-inglaterra\"},\"wordCount\":385,\"commentCount\":0,\"publisher\":{\"@id\":\"https:\\\/\\\/redenoticiaz.com.br\\\/litoralsp\\\/#organization\"},\"image\":{\"@id\":\"https:\\\/\\\/redenoticiaz.com.br\\\/litoralsp\\\/2021\\\/07\\\/11\\\/nos-penaltis-italia-fatura-a-eurocopa-contra-a-inglaterra#primaryimage\"},\"thumbnailUrl\":\"https:\\\/\\\/redenoticiaz.com.br\\\/litoralsp\\\/wp-content\\\/uploads\\\/sites\\\/3\\\/2021\\\/07\\\/italia.jpg\",\"keywords\":[\"AZZURRA\",\"DECIS\u00c3O DE PENALTIS\",\"EUROCOPA 2020\",\"INGLATERRA\",\"It\u00e1lia\",\"IT\u00c1LIA CAMPE\u00c3\",\"WEMBLEY\"],\"articleSection\":[\"Esporte\"],\"inLanguage\":\"pt-BR\",\"potentialAction\":[{\"@type\":\"CommentAction\",\"name\":\"Comment\",\"target\":[\"https:\\\/\\\/redenoticiaz.com.br\\\/litoralsp\\\/2021\\\/07\\\/11\\\/nos-penaltis-italia-fatura-a-eurocopa-contra-a-inglaterra#respond\"]}]},{\"@type\":\"WebPage\",\"@id\":\"https:\\\/\\\/redenoticiaz.com.br\\\/litoralsp\\\/2021\\\/07\\\/11\\\/nos-penaltis-italia-fatura-a-eurocopa-contra-a-inglaterra\",\"url\":\"https:\\\/\\\/redenoticiaz.com.br\\\/litoralsp\\\/2021\\\/07\\\/11\\\/nos-penaltis-italia-fatura-a-eurocopa-contra-a-inglaterra\",\"name\":\"Nos p\u00eanaltis, It\u00e1lia fatura a Eurocopa contra a Inglaterra - Litoral SP\",\"isPartOf\":{\"@id\":\"https:\\\/\\\/redenoticiaz.com.br\\\/litoralsp\\\/#website\"},\"primaryImageOfPage\":{\"@id\":\"https:\\\/\\\/redenoticiaz.com.br\\\/litoralsp\\\/2021\\\/07\\\/11\\\/nos-penaltis-italia-fatura-a-eurocopa-contra-a-inglaterra#primaryimage\"},\"image\":{\"@id\":\"https:\\\/\\\/redenoticiaz.com.br\\\/litoralsp\\\/2021\\\/07\\\/11\\\/nos-penaltis-italia-fatura-a-eurocopa-contra-a-inglaterra#primaryimage\"},\"thumbnailUrl\":\"https:\\\/\\\/redenoticiaz.com.br\\\/litoralsp\\\/wp-content\\\/uploads\\\/sites\\\/3\\\/2021\\\/07\\\/italia.jpg\",\"datePublished\":\"2021-07-11T22:16:07+00:00\",\"dateModified\":\"2021-07-11T22:20:14+00:00\",\"description\":\"Sobrou emo\u00e7\u00e3o na final da Eurocopa 2020, disputada em 2021. Ap\u00f3s empate no tempo normal por 1 a 1, a It\u00e1lia superou a Inglaterra\",\"inLanguage\":\"pt-BR\",\"potentialAction\":[{\"@type\":\"ReadAction\",\"target\":[\"https:\\\/\\\/redenoticiaz.com.br\\\/litoralsp\\\/2021\\\/07\\\/11\\\/nos-penaltis-italia-fatura-a-eurocopa-contra-a-inglaterra\"]}]},{\"@type\":\"ImageObject\",\"inLanguage\":\"pt-BR\",\"@id\":\"https:\\\/\\\/redenoticiaz.com.br\\\/litoralsp\\\/2021\\\/07\\\/11\\\/nos-penaltis-italia-fatura-a-eurocopa-contra-a-inglaterra#primaryimage\",\"url\":\"https:\\\/\\\/redenoticiaz.com.br\\\/litoralsp\\\/wp-content\\\/uploads\\\/sites\\\/3\\\/2021\\\/07\\\/italia.jpg\",\"contentUrl\":\"https:\\\/\\\/redenoticiaz.com.br\\\/litoralsp\\\/wp-content\\\/uploads\\\/sites\\\/3\\\/2021\\\/07\\\/italia.jpg\",\"width\":640,\"height\":360,\"caption\":\"Equipe Azzurra conseguiu a segunda conquista da Euro em sua hist\u00f3ria.\"},{\"@type\":\"WebSite\",\"@id\":\"https:\\\/\\\/redenoticiaz.com.br\\\/litoralsp\\\/#website\",\"url\":\"https:\\\/\\\/redenoticiaz.com.br\\\/litoralsp\\\/\",\"name\":\"Litoral SP\",\"description\":\"Rede NoticiaZ\",\"publisher\":{\"@id\":\"https:\\\/\\\/redenoticiaz.com.br\\\/litoralsp\\\/#organization\"},\"potentialAction\":[{\"@type\":\"SearchAction\",\"target\":{\"@type\":\"EntryPoint\",\"urlTemplate\":\"https:\\\/\\\/redenoticiaz.com.br\\\/litoralsp\\\/?s={search_term_string}\"},\"query-input\":{\"@type\":\"PropertyValueSpecification\",\"valueRequired\":true,\"valueName\":\"search_term_string\"}}],\"inLanguage\":\"pt-BR\"},{\"@type\":\"Organization\",\"@id\":\"https:\\\/\\\/redenoticiaz.com.br\\\/litoralsp\\\/#organization\",\"name\":\"Litoral SP\",\"url\":\"https:\\\/\\\/redenoticiaz.com.br\\\/litoralsp\\\/\",\"logo\":{\"@type\":\"ImageObject\",\"inLanguage\":\"pt-BR\",\"@id\":\"https:\\\/\\\/redenoticiaz.com.br\\\/litoralsp\\\/#\\\/schema\\\/logo\\\/image\\\/\",\"url\":\"https:\\\/\\\/redenoticiaz.com.br\\\/litoralsp\\\/wp-content\\\/uploads\\\/sites\\\/3\\\/2020\\\/11\\\/logo.jpg\",\"contentUrl\":\"https:\\\/\\\/redenoticiaz.com.br\\\/litoralsp\\\/wp-content\\\/uploads\\\/sites\\\/3\\\/2020\\\/11\\\/logo.jpg\",\"width\":400,\"height\":250,\"caption\":\"Litoral SP\"},\"image\":{\"@id\":\"https:\\\/\\\/redenoticiaz.com.br\\\/litoralsp\\\/#\\\/schema\\\/logo\\\/image\\\/\"}},{\"@type\":\"Person\",\"@id\":\"https:\\\/\\\/redenoticiaz.com.br\\\/litoralsp\\\/#\\\/schema\\\/person\\\/0f0b8a5bdafefe82841e07ae8d81ecb3\",\"name\":\"Leonardo Francisco\",\"image\":{\"@type\":\"ImageObject\",\"inLanguage\":\"pt-BR\",\"@id\":\"https:\\\/\\\/secure.gravatar.com\\\/avatar\\\/a7358cb406a99b682ec6df1e77e31ae82e63601f6784e8a3df411d72b37864da?s=96&d=mm&r=g\",\"url\":\"https:\\\/\\\/secure.gravatar.com\\\/avatar\\\/a7358cb406a99b682ec6df1e77e31ae82e63601f6784e8a3df411d72b37864da?s=96&d=mm&r=g\",\"contentUrl\":\"https:\\\/\\\/secure.gravatar.com\\\/avatar\\\/a7358cb406a99b682ec6df1e77e31ae82e63601f6784e8a3df411d72b37864da?s=96&d=mm&r=g\",\"caption\":\"Leonardo Francisco\"},\"url\":\"https:\\\/\\\/redenoticiaz.com.br\\\/litoralsp\\\/author\\\/leonardo-francisco\"}]}<\/script>\n<!-- \/ Yoast SEO plugin. -->","yoast_head_json":{"title":"Nos p\u00eanaltis, It\u00e1lia fatura a Eurocopa contra a Inglaterra - Litoral SP","description":"Sobrou emo\u00e7\u00e3o na final da Eurocopa 2020, disputada em 2021. Ap\u00f3s empate no tempo normal por 1 a 1, a It\u00e1lia superou a Inglaterra","robots":{"index":"index","follow":"follow","max-snippet":"max-snippet:-1","max-image-preview":"max-image-preview:large","max-video-preview":"max-video-preview:-1"},"canonical":"https:\/\/redenoticiaz.com.br\/litoralsp\/2021\/07\/11\/nos-penaltis-italia-fatura-a-eurocopa-contra-a-inglaterra","og_locale":"pt_BR","og_type":"article","og_title":"Nos p\u00eanaltis, It\u00e1lia fatura a Eurocopa contra a Inglaterra - Litoral SP","og_description":"Sobrou emo\u00e7\u00e3o na final da Eurocopa 2020, disputada em 2021. Ap\u00f3s empate no tempo normal por 1 a 1, a It\u00e1lia superou a Inglaterra","og_url":"https:\/\/redenoticiaz.com.br\/litoralsp\/2021\/07\/11\/nos-penaltis-italia-fatura-a-eurocopa-contra-a-inglaterra","og_site_name":"Litoral SP","article_published_time":"2021-07-11T22:16:07+00:00","article_modified_time":"2021-07-11T22:20:14+00:00","og_image":[{"width":640,"height":360,"url":"https:\/\/redenoticiaz.com.br\/litoralsp\/wp-content\/uploads\/sites\/3\/2021\/07\/italia.jpg","type":"image\/jpeg"}],"author":"Leonardo Francisco","twitter_card":"summary_large_image","twitter_misc":{"Escrito por":"Leonardo Francisco","Est. tempo de leitura":"2 minutos"},"schema":{"@context":"https:\/\/schema.org","@graph":[{"@type":"Article","@id":"https:\/\/redenoticiaz.com.br\/litoralsp\/2021\/07\/11\/nos-penaltis-italia-fatura-a-eurocopa-contra-a-inglaterra#article","isPartOf":{"@id":"https:\/\/redenoticiaz.com.br\/litoralsp\/2021\/07\/11\/nos-penaltis-italia-fatura-a-eurocopa-contra-a-inglaterra"},"author":{"name":"Leonardo Francisco","@id":"https:\/\/redenoticiaz.com.br\/litoralsp\/#\/schema\/person\/0f0b8a5bdafefe82841e07ae8d81ecb3"},"headline":"Nos p\u00eanaltis, It\u00e1lia fatura a Eurocopa contra a Inglaterra","datePublished":"2021-07-11T22:16:07+00:00","dateModified":"2021-07-11T22:20:14+00:00","mainEntityOfPage":{"@id":"https:\/\/redenoticiaz.com.br\/litoralsp\/2021\/07\/11\/nos-penaltis-italia-fatura-a-eurocopa-contra-a-inglaterra"},"wordCount":385,"commentCount":0,"publisher":{"@id":"https:\/\/redenoticiaz.com.br\/litoralsp\/#organization"},"image":{"@id":"https:\/\/redenoticiaz.com.br\/litoralsp\/2021\/07\/11\/nos-penaltis-italia-fatura-a-eurocopa-contra-a-inglaterra#primaryimage"},"thumbnailUrl":"https:\/\/redenoticiaz.com.br\/litoralsp\/wp-content\/uploads\/sites\/3\/2021\/07\/italia.jpg","keywords":["AZZURRA","DECIS\u00c3O DE PENALTIS","EUROCOPA 2020","INGLATERRA","It\u00e1lia","IT\u00c1LIA CAMPE\u00c3","WEMBLEY"],"articleSection":["Esporte"],"inLanguage":"pt-BR","potentialAction":[{"@type":"CommentAction","name":"Comment","target":["https:\/\/redenoticiaz.com.br\/litoralsp\/2021\/07\/11\/nos-penaltis-italia-fatura-a-eurocopa-contra-a-inglaterra#respond"]}]},{"@type":"WebPage","@id":"https:\/\/redenoticiaz.com.br\/litoralsp\/2021\/07\/11\/nos-penaltis-italia-fatura-a-eurocopa-contra-a-inglaterra","url":"https:\/\/redenoticiaz.com.br\/litoralsp\/2021\/07\/11\/nos-penaltis-italia-fatura-a-eurocopa-contra-a-inglaterra","name":"Nos p\u00eanaltis, It\u00e1lia fatura a Eurocopa contra a Inglaterra - Litoral SP","isPartOf":{"@id":"https:\/\/redenoticiaz.com.br\/litoralsp\/#website"},"primaryImageOfPage":{"@id":"https:\/\/redenoticiaz.com.br\/litoralsp\/2021\/07\/11\/nos-penaltis-italia-fatura-a-eurocopa-contra-a-inglaterra#primaryimage"},"image":{"@id":"https:\/\/redenoticiaz.com.br\/litoralsp\/2021\/07\/11\/nos-penaltis-italia-fatura-a-eurocopa-contra-a-inglaterra#primaryimage"},"thumbnailUrl":"https:\/\/redenoticiaz.com.br\/litoralsp\/wp-content\/uploads\/sites\/3\/2021\/07\/italia.jpg","datePublished":"2021-07-11T22:16:07+00:00","dateModified":"2021-07-11T22:20:14+00:00","description":"Sobrou emo\u00e7\u00e3o na final da Eurocopa 2020, disputada em 2021. Ap\u00f3s empate no tempo normal por 1 a 1, a It\u00e1lia superou a Inglaterra","inLanguage":"pt-BR","potentialAction":[{"@type":"ReadAction","target":["https:\/\/redenoticiaz.com.br\/litoralsp\/2021\/07\/11\/nos-penaltis-italia-fatura-a-eurocopa-contra-a-inglaterra"]}]},{"@type":"ImageObject","inLanguage":"pt-BR","@id":"https:\/\/redenoticiaz.com.br\/litoralsp\/2021\/07\/11\/nos-penaltis-italia-fatura-a-eurocopa-contra-a-inglaterra#primaryimage","url":"https:\/\/redenoticiaz.com.br\/litoralsp\/wp-content\/uploads\/sites\/3\/2021\/07\/italia.jpg","contentUrl":"https:\/\/redenoticiaz.com.br\/litoralsp\/wp-content\/uploads\/sites\/3\/2021\/07\/italia.jpg","width":640,"height":360,"caption":"Equipe Azzurra conseguiu a segunda conquista da Euro em sua hist\u00f3ria."},{"@type":"WebSite","@id":"https:\/\/redenoticiaz.com.br\/litoralsp\/#website","url":"https:\/\/redenoticiaz.com.br\/litoralsp\/","name":"Litoral SP","description":"Rede NoticiaZ","publisher":{"@id":"https:\/\/redenoticiaz.com.br\/litoralsp\/#organization"},"potentialAction":[{"@type":"SearchAction","target":{"@type":"EntryPoint","urlTemplate":"https:\/\/redenoticiaz.com.br\/litoralsp\/?s={search_term_string}"},"query-input":{"@type":"PropertyValueSpecification","valueRequired":true,"valueName":"search_term_string"}}],"inLanguage":"pt-BR"},{"@type":"Organization","@id":"https:\/\/redenoticiaz.com.br\/litoralsp\/#organization","name":"Litoral SP","url":"https:\/\/redenoticiaz.com.br\/litoralsp\/","logo":{"@type":"ImageObject","inLanguage":"pt-BR","@id":"https:\/\/redenoticiaz.com.br\/litoralsp\/#\/schema\/logo\/image\/","url":"https:\/\/redenoticiaz.com.br\/litoralsp\/wp-content\/uploads\/sites\/3\/2020\/11\/logo.jpg","contentUrl":"https:\/\/redenoticiaz.com.br\/litoralsp\/wp-content\/uploads\/sites\/3\/2020\/11\/logo.jpg","width":400,"height":250,"caption":"Litoral SP"},"image":{"@id":"https:\/\/redenoticiaz.com.br\/litoralsp\/#\/schema\/logo\/image\/"}},{"@type":"Person","@id":"https:\/\/redenoticiaz.com.br\/litoralsp\/#\/schema\/person\/0f0b8a5bdafefe82841e07ae8d81ecb3","name":"Leonardo Francisco","image":{"@type":"ImageObject","inLanguage":"pt-BR","@id":"https:\/\/secure.gravatar.com\/avatar\/a7358cb406a99b682ec6df1e77e31ae82e63601f6784e8a3df411d72b37864da?s=96&d=mm&r=g","url":"https:\/\/secure.gravatar.com\/avatar\/a7358cb406a99b682ec6df1e77e31ae82e63601f6784e8a3df411d72b37864da?s=96&d=mm&r=g","contentUrl":"https:\/\/secure.gravatar.com\/avatar\/a7358cb406a99b682ec6df1e77e31ae82e63601f6784e8a3df411d72b37864da?s=96&d=mm&r=g","caption":"Leonardo Francisco"},"url":"https:\/\/redenoticiaz.com.br\/litoralsp\/author\/leonardo-francisco"}]}},"_links":{"self":[{"href":"https:\/\/redenoticiaz.com.br\/litoralsp\/wp-json\/wp\/v2\/posts\/11292","targetHints":{"allow":["GET"]}}],"collection":[{"href":"https:\/\/redenoticiaz.com.br\/litoralsp\/wp-json\/wp\/v2\/posts"}],"about":[{"href":"https:\/\/redenoticiaz.com.br\/litoralsp\/wp-json\/wp\/v2\/types\/post"}],"author":[{"embeddable":true,"href":"https:\/\/redenoticiaz.com.br\/litoralsp\/wp-json\/wp\/v2\/users\/6"}],"replies":[{"embeddable":true,"href":"https:\/\/redenoticiaz.com.br\/litoralsp\/wp-json\/wp\/v2\/comments?post=11292"}],"version-history":[{"count":1,"href":"https:\/\/redenoticiaz.com.br\/litoralsp\/wp-json\/wp\/v2\/posts\/11292\/revisions"}],"predecessor-version":[{"id":11294,"href":"https:\/\/redenoticiaz.com.br\/litoralsp\/wp-json\/wp\/v2\/posts\/11292\/revisions\/11294"}],"wp:featuredmedia":[{"embeddable":true,"href":"https:\/\/redenoticiaz.com.br\/litoralsp\/wp-json\/wp\/v2\/media\/11293"}],"wp:attachment":[{"href":"https:\/\/redenoticiaz.com.br\/litoralsp\/wp-json\/wp\/v2\/media?parent=11292"}],"wp:term":[{"taxonomy":"category","embeddable":true,"href":"https:\/\/redenoticiaz.com.br\/litoralsp\/wp-json\/wp\/v2\/categories?post=11292"},{"taxonomy":"post_tag","embeddable":true,"href":"https:\/\/redenoticiaz.com.br\/litoralsp\/wp-json\/wp\/v2\/tags?post=11292"}],"curies":[{"name":"wp","href":"https:\/\/api.w.org\/{rel}","templated":true}]}}