{"id":112958,"date":"2023-12-15T16:40:34","date_gmt":"2023-12-15T19:40:34","guid":{"rendered":"https:\/\/redenoticiaz.com.br\/litoralsp\/2023\/12\/15\/video-pessoas-ficam-penduradas-de-cabeca-para-baixo-em-montanha-russa"},"modified":"2023-12-15T16:43:47","modified_gmt":"2023-12-15T19:43:47","slug":"video-pessoas-ficam-penduradas-de-cabeca-para-baixo-em-montanha-russa","status":"publish","type":"post","link":"https:\/\/redenoticiaz.com.br\/litoralsp\/2023\/12\/15\/video-pessoas-ficam-penduradas-de-cabeca-para-baixo-em-montanha-russa","title":{"rendered":"V\u00cdDEO &#8211; Pessoas ficam penduradas de cabe\u00e7a para baixo em montanha-russa"},"content":{"rendered":"<p>Dezenas de pessoas vivenciaram momentos de tens\u00e3o ao ficarem penduradas de cabe\u00e7a para baixo em uma montanha-russa com defeito no Universal Studios Japan.<\/p>\n<p>O incidente ocorreu no passeio &#8216;Flying Dinosaur&#8217;, onde um v\u00eddeo gravado por uma testemunha mostra o carrinho travado com todos os visitantes nesta posi\u00e7\u00e3o.<\/p>\n<p>A NHK, emissora japonesa, relatou que o passeio parou em um dos pontos mais altos, com 46 metros de altura, de acordo com o site do parque.<\/p>\n<p>Os trabalhadores agiram rapidamente, conduzindo os passageiros presos para um local seguro, sem deixar ningu\u00e9m ferido.<\/p>\n<div style=\"width: 640px;\" class=\"wp-video\"><video class=\"wp-video-shortcode\" id=\"video-112958-1\" width=\"640\" height=\"864\" preload=\"metadata\" controls=\"controls\"><source type=\"video\/mp4\" src=\"https:\/\/redenoticiaz.com.br\/litoralsp\/wp-content\/uploads\/sites\/3\/2023\/12\/VIDEO-Pessoas-ficam-penduradas-de-cabeca-para-baixo-em-montanha-russa-.mp4?_=1\" \/><a href=\"https:\/\/redenoticiaz.com.br\/litoralsp\/wp-content\/uploads\/sites\/3\/2023\/12\/VIDEO-Pessoas-ficam-penduradas-de-cabeca-para-baixo-em-montanha-russa-.mp4\">https:\/\/redenoticiaz.com.br\/litoralsp\/wp-content\/uploads\/sites\/3\/2023\/12\/VIDEO-Pessoas-ficam-penduradas-de-cabeca-para-baixo-em-montanha-russa-.mp4<\/a><\/video><\/div>\n<p>LEIA MAIS<\/p>\n<p><a href=\"https:\/\/redenoticiaz.com.br\/blog\/2023\/12\/15\/video-equipe-do-centro-seguro-celebra-aniversario-de-2-anos-de-maria-valentina\">V\u00cdDEO \u2013 Equipe do Centro Seguro celebra anivers\u00e1rio de 2 anos de Maria Valentina<\/a><\/p>\n<p><a href=\"https:\/\/redenoticiaz.com.br\/blog\/2023\/12\/12\/video-grupo-criminoso-ataca-carro-forte-e-provoca-explosao\">V\u00cdDEO \u2013 Grupo criminoso ataca carro-forte e provoca explos\u00e3o<\/a><\/p>\n<p>&nbsp;<\/p>\n","protected":false},"excerpt":{"rendered":"<p>Dezenas de pessoas vivenciaram momentos de tens\u00e3o ao ficarem penduradas de cabe\u00e7a para baixo em uma montanha-russa com defeito no Universal Studios Japan. O incidente ocorreu no passeio &#8216;Flying Dinosaur&#8217;, onde um v\u00eddeo gravado por uma testemunha mostra o carrinho travado com todos os visitantes nesta posi\u00e7\u00e3o. A NHK, emissora japonesa, relatou que o passeio &hellip;<\/p>\n","protected":false},"author":30,"featured_media":112960,"comment_status":"open","ping_status":"closed","sticky":false,"template":"","format":"standard","meta":{"footnotes":""},"categories":[84,10],"tags":[2917,28407],"class_list":["post-112958","post","type-post","status-publish","format-standard","has-post-thumbnail","hentry","category-mundo","category-policia","tag-japao","tag-montanha-russa"],"yoast_head":"<!-- This site is optimized with the Yoast SEO plugin v27.4 - https:\/\/yoast.com\/product\/yoast-seo-wordpress\/ -->\n<title>V\u00cdDEO &#8211; Pessoas ficam penduradas de cabe\u00e7a para baixo em montanha-russa - Litoral SP<\/title>\n<meta name=\"description\" content=\"Dezenas de pessoas vivenciaram momentos de tens\u00e3o ao ficarem penduradas de cabe\u00e7a para baixo em uma montanha-russa.\" \/>\n<meta name=\"robots\" content=\"index, follow, max-snippet:-1, max-image-preview:large, max-video-preview:-1\" \/>\n<link rel=\"canonical\" href=\"https:\/\/redenoticiaz.com.br\/litoralsp\/2023\/12\/15\/video-pessoas-ficam-penduradas-de-cabeca-para-baixo-em-montanha-russa\" \/>\n<meta property=\"og:locale\" content=\"pt_BR\" \/>\n<meta property=\"og:type\" content=\"article\" \/>\n<meta property=\"og:title\" content=\"V\u00cdDEO &#8211; Pessoas ficam penduradas de cabe\u00e7a para baixo em montanha-russa - Litoral SP\" \/>\n<meta property=\"og:description\" content=\"Dezenas de pessoas vivenciaram momentos de tens\u00e3o ao ficarem penduradas de cabe\u00e7a para baixo em uma montanha-russa.\" \/>\n<meta property=\"og:url\" content=\"https:\/\/redenoticiaz.com.br\/litoralsp\/2023\/12\/15\/video-pessoas-ficam-penduradas-de-cabeca-para-baixo-em-montanha-russa\" \/>\n<meta property=\"og:site_name\" content=\"Litoral SP\" \/>\n<meta property=\"article:published_time\" content=\"2023-12-15T19:40:34+00:00\" \/>\n<meta property=\"article:modified_time\" content=\"2023-12-15T19:43:47+00:00\" \/>\n<meta property=\"og:image\" content=\"https:\/\/redenoticiaz.com.br\/litoralsp\/wp-content\/uploads\/sites\/3\/2023\/12\/Captura-de-tela-2023-12-15-163048.jpg?v=1702668922\" \/>\n\t<meta property=\"og:image:width\" content=\"618\" \/>\n\t<meta property=\"og:image:height\" content=\"507\" \/>\n\t<meta property=\"og:image:type\" content=\"image\/jpeg\" \/>\n<meta name=\"author\" content=\"Carina Reifonas\" \/>\n<meta name=\"twitter:card\" content=\"summary_large_image\" \/>\n<meta name=\"twitter:label1\" content=\"Escrito por\" \/>\n\t<meta name=\"twitter:data1\" content=\"Carina Reifonas\" \/>\n\t<meta name=\"twitter:label2\" content=\"Est. tempo de leitura\" \/>\n\t<meta name=\"twitter:data2\" content=\"1 minuto\" \/>\n<script type=\"application\/ld+json\" class=\"yoast-schema-graph\">{\"@context\":\"https:\\\/\\\/schema.org\",\"@graph\":[{\"@type\":\"Article\",\"@id\":\"https:\\\/\\\/redenoticiaz.com.br\\\/litoralsp\\\/2023\\\/12\\\/15\\\/video-pessoas-ficam-penduradas-de-cabeca-para-baixo-em-montanha-russa#article\",\"isPartOf\":{\"@id\":\"https:\\\/\\\/redenoticiaz.com.br\\\/litoralsp\\\/2023\\\/12\\\/15\\\/video-pessoas-ficam-penduradas-de-cabeca-para-baixo-em-montanha-russa\"},\"author\":{\"name\":\"Carina Reifonas\",\"@id\":\"https:\\\/\\\/redenoticiaz.com.br\\\/litoralsp\\\/#\\\/schema\\\/person\\\/1f84d6e94e6a62d2d81199d7503e9e90\"},\"headline\":\"V\u00cdDEO &#8211; Pessoas ficam penduradas de cabe\u00e7a para baixo em montanha-russa\",\"datePublished\":\"2023-12-15T19:40:34+00:00\",\"dateModified\":\"2023-12-15T19:43:47+00:00\",\"mainEntityOfPage\":{\"@id\":\"https:\\\/\\\/redenoticiaz.com.br\\\/litoralsp\\\/2023\\\/12\\\/15\\\/video-pessoas-ficam-penduradas-de-cabeca-para-baixo-em-montanha-russa\"},\"wordCount\":148,\"commentCount\":0,\"publisher\":{\"@id\":\"https:\\\/\\\/redenoticiaz.com.br\\\/litoralsp\\\/#organization\"},\"image\":{\"@id\":\"https:\\\/\\\/redenoticiaz.com.br\\\/litoralsp\\\/2023\\\/12\\\/15\\\/video-pessoas-ficam-penduradas-de-cabeca-para-baixo-em-montanha-russa#primaryimage\"},\"thumbnailUrl\":\"https:\\\/\\\/redenoticiaz.com.br\\\/litoralsp\\\/wp-content\\\/uploads\\\/sites\\\/3\\\/2023\\\/12\\\/Captura-de-tela-2023-12-15-163048.jpg?v=1702668922\",\"keywords\":[\"JAP\u00c3O\",\"MONTANHA-RUSSA\"],\"articleSection\":[\"Mundo\",\"Pol\u00edcia\"],\"inLanguage\":\"pt-BR\",\"potentialAction\":[{\"@type\":\"CommentAction\",\"name\":\"Comment\",\"target\":[\"https:\\\/\\\/redenoticiaz.com.br\\\/litoralsp\\\/2023\\\/12\\\/15\\\/video-pessoas-ficam-penduradas-de-cabeca-para-baixo-em-montanha-russa#respond\"]}]},{\"@type\":\"WebPage\",\"@id\":\"https:\\\/\\\/redenoticiaz.com.br\\\/litoralsp\\\/2023\\\/12\\\/15\\\/video-pessoas-ficam-penduradas-de-cabeca-para-baixo-em-montanha-russa\",\"url\":\"https:\\\/\\\/redenoticiaz.com.br\\\/litoralsp\\\/2023\\\/12\\\/15\\\/video-pessoas-ficam-penduradas-de-cabeca-para-baixo-em-montanha-russa\",\"name\":\"V\u00cdDEO &#8211; Pessoas ficam penduradas de cabe\u00e7a para baixo em montanha-russa - Litoral SP\",\"isPartOf\":{\"@id\":\"https:\\\/\\\/redenoticiaz.com.br\\\/litoralsp\\\/#website\"},\"primaryImageOfPage\":{\"@id\":\"https:\\\/\\\/redenoticiaz.com.br\\\/litoralsp\\\/2023\\\/12\\\/15\\\/video-pessoas-ficam-penduradas-de-cabeca-para-baixo-em-montanha-russa#primaryimage\"},\"image\":{\"@id\":\"https:\\\/\\\/redenoticiaz.com.br\\\/litoralsp\\\/2023\\\/12\\\/15\\\/video-pessoas-ficam-penduradas-de-cabeca-para-baixo-em-montanha-russa#primaryimage\"},\"thumbnailUrl\":\"https:\\\/\\\/redenoticiaz.com.br\\\/litoralsp\\\/wp-content\\\/uploads\\\/sites\\\/3\\\/2023\\\/12\\\/Captura-de-tela-2023-12-15-163048.jpg?v=1702668922\",\"datePublished\":\"2023-12-15T19:40:34+00:00\",\"dateModified\":\"2023-12-15T19:43:47+00:00\",\"description\":\"Dezenas de pessoas vivenciaram momentos de tens\u00e3o ao ficarem penduradas de cabe\u00e7a para baixo em uma montanha-russa.\",\"inLanguage\":\"pt-BR\",\"potentialAction\":[{\"@type\":\"ReadAction\",\"target\":[\"https:\\\/\\\/redenoticiaz.com.br\\\/litoralsp\\\/2023\\\/12\\\/15\\\/video-pessoas-ficam-penduradas-de-cabeca-para-baixo-em-montanha-russa\"]}]},{\"@type\":\"ImageObject\",\"inLanguage\":\"pt-BR\",\"@id\":\"https:\\\/\\\/redenoticiaz.com.br\\\/litoralsp\\\/2023\\\/12\\\/15\\\/video-pessoas-ficam-penduradas-de-cabeca-para-baixo-em-montanha-russa#primaryimage\",\"url\":\"https:\\\/\\\/redenoticiaz.com.br\\\/litoralsp\\\/wp-content\\\/uploads\\\/sites\\\/3\\\/2023\\\/12\\\/Captura-de-tela-2023-12-15-163048.jpg?v=1702668922\",\"contentUrl\":\"https:\\\/\\\/redenoticiaz.com.br\\\/litoralsp\\\/wp-content\\\/uploads\\\/sites\\\/3\\\/2023\\\/12\\\/Captura-de-tela-2023-12-15-163048.jpg?v=1702668922\",\"width\":618,\"height\":507,\"caption\":\"Pessoas ficam penduradas de cabe\u00e7a para baixo em montanha-russa\"},{\"@type\":\"WebSite\",\"@id\":\"https:\\\/\\\/redenoticiaz.com.br\\\/litoralsp\\\/#website\",\"url\":\"https:\\\/\\\/redenoticiaz.com.br\\\/litoralsp\\\/\",\"name\":\"Litoral SP\",\"description\":\"Rede NoticiaZ\",\"publisher\":{\"@id\":\"https:\\\/\\\/redenoticiaz.com.br\\\/litoralsp\\\/#organization\"},\"potentialAction\":[{\"@type\":\"SearchAction\",\"target\":{\"@type\":\"EntryPoint\",\"urlTemplate\":\"https:\\\/\\\/redenoticiaz.com.br\\\/litoralsp\\\/?s={search_term_string}\"},\"query-input\":{\"@type\":\"PropertyValueSpecification\",\"valueRequired\":true,\"valueName\":\"search_term_string\"}}],\"inLanguage\":\"pt-BR\"},{\"@type\":\"Organization\",\"@id\":\"https:\\\/\\\/redenoticiaz.com.br\\\/litoralsp\\\/#organization\",\"name\":\"Litoral SP\",\"url\":\"https:\\\/\\\/redenoticiaz.com.br\\\/litoralsp\\\/\",\"logo\":{\"@type\":\"ImageObject\",\"inLanguage\":\"pt-BR\",\"@id\":\"https:\\\/\\\/redenoticiaz.com.br\\\/litoralsp\\\/#\\\/schema\\\/logo\\\/image\\\/\",\"url\":\"https:\\\/\\\/redenoticiaz.com.br\\\/litoralsp\\\/wp-content\\\/uploads\\\/sites\\\/3\\\/2020\\\/11\\\/logo.jpg\",\"contentUrl\":\"https:\\\/\\\/redenoticiaz.com.br\\\/litoralsp\\\/wp-content\\\/uploads\\\/sites\\\/3\\\/2020\\\/11\\\/logo.jpg\",\"width\":400,\"height\":250,\"caption\":\"Litoral SP\"},\"image\":{\"@id\":\"https:\\\/\\\/redenoticiaz.com.br\\\/litoralsp\\\/#\\\/schema\\\/logo\\\/image\\\/\"}},{\"@type\":\"Person\",\"@id\":\"https:\\\/\\\/redenoticiaz.com.br\\\/litoralsp\\\/#\\\/schema\\\/person\\\/1f84d6e94e6a62d2d81199d7503e9e90\",\"name\":\"Carina Reifonas\",\"image\":{\"@type\":\"ImageObject\",\"inLanguage\":\"pt-BR\",\"@id\":\"https:\\\/\\\/secure.gravatar.com\\\/avatar\\\/04c59859b23696cf867715880f81d5c037e60109730bdb4e6670ec2a2245bc97?s=96&d=mm&r=g\",\"url\":\"https:\\\/\\\/secure.gravatar.com\\\/avatar\\\/04c59859b23696cf867715880f81d5c037e60109730bdb4e6670ec2a2245bc97?s=96&d=mm&r=g\",\"contentUrl\":\"https:\\\/\\\/secure.gravatar.com\\\/avatar\\\/04c59859b23696cf867715880f81d5c037e60109730bdb4e6670ec2a2245bc97?s=96&d=mm&r=g\",\"caption\":\"Carina Reifonas\"},\"url\":\"https:\\\/\\\/redenoticiaz.com.br\\\/litoralsp\\\/author\\\/carinareifonas\"}]}<\/script>\n<!-- \/ Yoast SEO plugin. -->","yoast_head_json":{"title":"V\u00cdDEO &#8211; Pessoas ficam penduradas de cabe\u00e7a para baixo em montanha-russa - Litoral SP","description":"Dezenas de pessoas vivenciaram momentos de tens\u00e3o ao ficarem penduradas de cabe\u00e7a para baixo em uma montanha-russa.","robots":{"index":"index","follow":"follow","max-snippet":"max-snippet:-1","max-image-preview":"max-image-preview:large","max-video-preview":"max-video-preview:-1"},"canonical":"https:\/\/redenoticiaz.com.br\/litoralsp\/2023\/12\/15\/video-pessoas-ficam-penduradas-de-cabeca-para-baixo-em-montanha-russa","og_locale":"pt_BR","og_type":"article","og_title":"V\u00cdDEO &#8211; Pessoas ficam penduradas de cabe\u00e7a para baixo em montanha-russa - Litoral SP","og_description":"Dezenas de pessoas vivenciaram momentos de tens\u00e3o ao ficarem penduradas de cabe\u00e7a para baixo em uma montanha-russa.","og_url":"https:\/\/redenoticiaz.com.br\/litoralsp\/2023\/12\/15\/video-pessoas-ficam-penduradas-de-cabeca-para-baixo-em-montanha-russa","og_site_name":"Litoral SP","article_published_time":"2023-12-15T19:40:34+00:00","article_modified_time":"2023-12-15T19:43:47+00:00","og_image":[{"width":618,"height":507,"url":"https:\/\/redenoticiaz.com.br\/litoralsp\/wp-content\/uploads\/sites\/3\/2023\/12\/Captura-de-tela-2023-12-15-163048.jpg?v=1702668922","type":"image\/jpeg"}],"author":"Carina Reifonas","twitter_card":"summary_large_image","twitter_misc":{"Escrito por":"Carina Reifonas","Est. tempo de leitura":"1 minuto"},"schema":{"@context":"https:\/\/schema.org","@graph":[{"@type":"Article","@id":"https:\/\/redenoticiaz.com.br\/litoralsp\/2023\/12\/15\/video-pessoas-ficam-penduradas-de-cabeca-para-baixo-em-montanha-russa#article","isPartOf":{"@id":"https:\/\/redenoticiaz.com.br\/litoralsp\/2023\/12\/15\/video-pessoas-ficam-penduradas-de-cabeca-para-baixo-em-montanha-russa"},"author":{"name":"Carina Reifonas","@id":"https:\/\/redenoticiaz.com.br\/litoralsp\/#\/schema\/person\/1f84d6e94e6a62d2d81199d7503e9e90"},"headline":"V\u00cdDEO &#8211; Pessoas ficam penduradas de cabe\u00e7a para baixo em montanha-russa","datePublished":"2023-12-15T19:40:34+00:00","dateModified":"2023-12-15T19:43:47+00:00","mainEntityOfPage":{"@id":"https:\/\/redenoticiaz.com.br\/litoralsp\/2023\/12\/15\/video-pessoas-ficam-penduradas-de-cabeca-para-baixo-em-montanha-russa"},"wordCount":148,"commentCount":0,"publisher":{"@id":"https:\/\/redenoticiaz.com.br\/litoralsp\/#organization"},"image":{"@id":"https:\/\/redenoticiaz.com.br\/litoralsp\/2023\/12\/15\/video-pessoas-ficam-penduradas-de-cabeca-para-baixo-em-montanha-russa#primaryimage"},"thumbnailUrl":"https:\/\/redenoticiaz.com.br\/litoralsp\/wp-content\/uploads\/sites\/3\/2023\/12\/Captura-de-tela-2023-12-15-163048.jpg?v=1702668922","keywords":["JAP\u00c3O","MONTANHA-RUSSA"],"articleSection":["Mundo","Pol\u00edcia"],"inLanguage":"pt-BR","potentialAction":[{"@type":"CommentAction","name":"Comment","target":["https:\/\/redenoticiaz.com.br\/litoralsp\/2023\/12\/15\/video-pessoas-ficam-penduradas-de-cabeca-para-baixo-em-montanha-russa#respond"]}]},{"@type":"WebPage","@id":"https:\/\/redenoticiaz.com.br\/litoralsp\/2023\/12\/15\/video-pessoas-ficam-penduradas-de-cabeca-para-baixo-em-montanha-russa","url":"https:\/\/redenoticiaz.com.br\/litoralsp\/2023\/12\/15\/video-pessoas-ficam-penduradas-de-cabeca-para-baixo-em-montanha-russa","name":"V\u00cdDEO &#8211; Pessoas ficam penduradas de cabe\u00e7a para baixo em montanha-russa - Litoral SP","isPartOf":{"@id":"https:\/\/redenoticiaz.com.br\/litoralsp\/#website"},"primaryImageOfPage":{"@id":"https:\/\/redenoticiaz.com.br\/litoralsp\/2023\/12\/15\/video-pessoas-ficam-penduradas-de-cabeca-para-baixo-em-montanha-russa#primaryimage"},"image":{"@id":"https:\/\/redenoticiaz.com.br\/litoralsp\/2023\/12\/15\/video-pessoas-ficam-penduradas-de-cabeca-para-baixo-em-montanha-russa#primaryimage"},"thumbnailUrl":"https:\/\/redenoticiaz.com.br\/litoralsp\/wp-content\/uploads\/sites\/3\/2023\/12\/Captura-de-tela-2023-12-15-163048.jpg?v=1702668922","datePublished":"2023-12-15T19:40:34+00:00","dateModified":"2023-12-15T19:43:47+00:00","description":"Dezenas de pessoas vivenciaram momentos de tens\u00e3o ao ficarem penduradas de cabe\u00e7a para baixo em uma montanha-russa.","inLanguage":"pt-BR","potentialAction":[{"@type":"ReadAction","target":["https:\/\/redenoticiaz.com.br\/litoralsp\/2023\/12\/15\/video-pessoas-ficam-penduradas-de-cabeca-para-baixo-em-montanha-russa"]}]},{"@type":"ImageObject","inLanguage":"pt-BR","@id":"https:\/\/redenoticiaz.com.br\/litoralsp\/2023\/12\/15\/video-pessoas-ficam-penduradas-de-cabeca-para-baixo-em-montanha-russa#primaryimage","url":"https:\/\/redenoticiaz.com.br\/litoralsp\/wp-content\/uploads\/sites\/3\/2023\/12\/Captura-de-tela-2023-12-15-163048.jpg?v=1702668922","contentUrl":"https:\/\/redenoticiaz.com.br\/litoralsp\/wp-content\/uploads\/sites\/3\/2023\/12\/Captura-de-tela-2023-12-15-163048.jpg?v=1702668922","width":618,"height":507,"caption":"Pessoas ficam penduradas de cabe\u00e7a para baixo em montanha-russa"},{"@type":"WebSite","@id":"https:\/\/redenoticiaz.com.br\/litoralsp\/#website","url":"https:\/\/redenoticiaz.com.br\/litoralsp\/","name":"Litoral SP","description":"Rede NoticiaZ","publisher":{"@id":"https:\/\/redenoticiaz.com.br\/litoralsp\/#organization"},"potentialAction":[{"@type":"SearchAction","target":{"@type":"EntryPoint","urlTemplate":"https:\/\/redenoticiaz.com.br\/litoralsp\/?s={search_term_string}"},"query-input":{"@type":"PropertyValueSpecification","valueRequired":true,"valueName":"search_term_string"}}],"inLanguage":"pt-BR"},{"@type":"Organization","@id":"https:\/\/redenoticiaz.com.br\/litoralsp\/#organization","name":"Litoral SP","url":"https:\/\/redenoticiaz.com.br\/litoralsp\/","logo":{"@type":"ImageObject","inLanguage":"pt-BR","@id":"https:\/\/redenoticiaz.com.br\/litoralsp\/#\/schema\/logo\/image\/","url":"https:\/\/redenoticiaz.com.br\/litoralsp\/wp-content\/uploads\/sites\/3\/2020\/11\/logo.jpg","contentUrl":"https:\/\/redenoticiaz.com.br\/litoralsp\/wp-content\/uploads\/sites\/3\/2020\/11\/logo.jpg","width":400,"height":250,"caption":"Litoral SP"},"image":{"@id":"https:\/\/redenoticiaz.com.br\/litoralsp\/#\/schema\/logo\/image\/"}},{"@type":"Person","@id":"https:\/\/redenoticiaz.com.br\/litoralsp\/#\/schema\/person\/1f84d6e94e6a62d2d81199d7503e9e90","name":"Carina Reifonas","image":{"@type":"ImageObject","inLanguage":"pt-BR","@id":"https:\/\/secure.gravatar.com\/avatar\/04c59859b23696cf867715880f81d5c037e60109730bdb4e6670ec2a2245bc97?s=96&d=mm&r=g","url":"https:\/\/secure.gravatar.com\/avatar\/04c59859b23696cf867715880f81d5c037e60109730bdb4e6670ec2a2245bc97?s=96&d=mm&r=g","contentUrl":"https:\/\/secure.gravatar.com\/avatar\/04c59859b23696cf867715880f81d5c037e60109730bdb4e6670ec2a2245bc97?s=96&d=mm&r=g","caption":"Carina Reifonas"},"url":"https:\/\/redenoticiaz.com.br\/litoralsp\/author\/carinareifonas"}]}},"_links":{"self":[{"href":"https:\/\/redenoticiaz.com.br\/litoralsp\/wp-json\/wp\/v2\/posts\/112958","targetHints":{"allow":["GET"]}}],"collection":[{"href":"https:\/\/redenoticiaz.com.br\/litoralsp\/wp-json\/wp\/v2\/posts"}],"about":[{"href":"https:\/\/redenoticiaz.com.br\/litoralsp\/wp-json\/wp\/v2\/types\/post"}],"author":[{"embeddable":true,"href":"https:\/\/redenoticiaz.com.br\/litoralsp\/wp-json\/wp\/v2\/users\/30"}],"replies":[{"embeddable":true,"href":"https:\/\/redenoticiaz.com.br\/litoralsp\/wp-json\/wp\/v2\/comments?post=112958"}],"version-history":[{"count":1,"href":"https:\/\/redenoticiaz.com.br\/litoralsp\/wp-json\/wp\/v2\/posts\/112958\/revisions"}],"predecessor-version":[{"id":112962,"href":"https:\/\/redenoticiaz.com.br\/litoralsp\/wp-json\/wp\/v2\/posts\/112958\/revisions\/112962"}],"wp:featuredmedia":[{"embeddable":true,"href":"https:\/\/redenoticiaz.com.br\/litoralsp\/wp-json\/wp\/v2\/media\/112960"}],"wp:attachment":[{"href":"https:\/\/redenoticiaz.com.br\/litoralsp\/wp-json\/wp\/v2\/media?parent=112958"}],"wp:term":[{"taxonomy":"category","embeddable":true,"href":"https:\/\/redenoticiaz.com.br\/litoralsp\/wp-json\/wp\/v2\/categories?post=112958"},{"taxonomy":"post_tag","embeddable":true,"href":"https:\/\/redenoticiaz.com.br\/litoralsp\/wp-json\/wp\/v2\/tags?post=112958"}],"curies":[{"name":"wp","href":"https:\/\/api.w.org\/{rel}","templated":true}]}}