{"id":112977,"date":"2023-12-15T21:03:35","date_gmt":"2023-12-16T00:03:35","guid":{"rendered":"https:\/\/redenoticiaz.com.br\/litoralsp\/?p=112977"},"modified":"2023-12-15T21:03:35","modified_gmt":"2023-12-16T00:03:35","slug":"gusttavo-lima-e-a-grande-atracao-da-programacao-de-pre-reveillon-do-complexo-jequitimar-em-guaruja","status":"publish","type":"post","link":"https:\/\/redenoticiaz.com.br\/litoralsp\/2023\/12\/15\/gusttavo-lima-e-a-grande-atracao-da-programacao-de-pre-reveillon-do-complexo-jequitimar-em-guaruja","title":{"rendered":"Gusttavo Lima \u00e9 a grande atra\u00e7\u00e3o da programa\u00e7\u00e3o de pr\u00e9-R\u00e9veillon do complexo Jequitimar, em Guaruj\u00e1"},"content":{"rendered":"<p>Para animar a chegada de 2024 e fazer a esta\u00e7\u00e3o mais quente do ano ferver, o<strong> Hotel Jequitimar<\/strong> realiza uma extensa programa\u00e7\u00e3o com artistas de peso em seu complexo.<\/p>\n<p>Para muitos, o ano de 2024 j\u00e1 come\u00e7a com os festejos de pr\u00e9-R\u00e9veillon. Os pagodeiros do <strong>Inimigos do HP<\/strong> sobem ao palco do <strong>Caf\u00e9 de la Musique<\/strong>, no dia 28. Sem perder o ritmo, <strong>Bruno Diegues<\/strong> continua a festa no dia 29. A abertura da casa acontece sempre a partir das 22 horas.<\/p>\n<p>J\u00e1 na <strong>Arena Jequitimar<\/strong>, o sertanejo <strong>Gusttavo Lima<\/strong> ser\u00e1 a grande atra\u00e7\u00e3o do <strong>Festival<\/strong> <strong>\u2018Sunset On The Beach\u2019<\/strong>, que acontece no dia 30. Com a tem\u00e1tica <strong>\u2018Embaixador White Sunset\u2019<\/strong>, a estrela vem com um repert\u00f3rio cheio de sucessos do mundo sertanejo, como<strong> \u2018Canudinho\u2019<\/strong>, <strong>\u2018Oi Vida<\/strong>\u2019, <strong>\u2018Solteiro Frustrado\u2019<\/strong>, <strong>\u2018Saudade da Minha Vida\u2019<\/strong>,<strong> \u2018Termina Comigo Antes\u2019<\/strong> e muito mais. O festival come\u00e7a a partir das 15 horas, com o esquenta do ator e cantor <strong>Thiago Martins <\/strong>e DJs convidados.<\/p>\n<p>No R\u00e9veillon, dia 31, \u00e0s 20 horas, a sexta edi\u00e7\u00e3o do<strong> R\u00e9veillon Caf\u00e9 de la Musique<\/strong> prepara a estreia do novo ano com o p\u00e9 direito, com os integrantes do <strong>Jeito Moleque<\/strong>, a <strong>DJ Carol Seubert<\/strong>, <strong>DJ Gringo Salles <\/strong>e as <strong>DJs G\u00eameas Castro<\/strong>.<\/p>\n<p>A partir das 23 horas, o <strong>Baile da Favorita <\/strong>desce a serra para invadir o Guaruj\u00e1. No <strong>OnStage<\/strong>, os artistas <strong>MC Kekel<\/strong>,<strong> Matheuzinho<\/strong>,<strong> Bruno Diegues<\/strong> e as<strong> DJs G\u00eameas Castro<\/strong> v\u00e3o ajudar na contagem regressiva para 2024. Durante a festa, tamb\u00e9m ter\u00e1 <em>open bar<\/em> <em>premium<\/em>.<\/p>\n<h2><strong>Ano novo<\/strong><\/h2>\n<p>O embalo promete ser ainda mais forte em 2024 no <strong>Caf\u00e9 De La Musique<\/strong>. No dia 06\/01, o grupo <strong>Inimigos do HP<\/strong> agita tudo no <strong>\u2018Welcome 2024\u2019<\/strong>. No dia 13\/01, o cantor <strong>Thiago Martins<\/strong> traz seu pagode para o show<strong> \u2018Rio 40\u00ba\u2019<\/strong>. No dia 20\/01, a banda <strong>Jeito Moleque<\/strong> d\u00e1 os primeiros sinais da folia mais esperada do ano com o evento <strong>\u2018Grito de Carnaval\u2019<\/strong>. Informa\u00e7\u00f5es sobre ingressos ser\u00e3o divulgadas em breve.<\/p>\n<h3><strong>ingressos<\/strong><\/h3>\n<p>Os ingressos para os shows Pr\u00e9-R\u00e9veillon no <strong>Caf\u00e9 de la Musique<\/strong> e o <strong>Baile da Favorita<\/strong> est\u00e3o \u00e0 venda no site<a href=\"http:\/\/www.sympla.com.br\/\"> Sympla<\/a>. Para o \u2018<strong>Sunset On The Beach \u2013 Embaixador White Sunset\u2019<\/strong>, os ingressos podem ser adquiridos no site<a href=\"https:\/\/baladapp.com.br\/a\/embaixador-white-sunset-pre-reveillon-guaruja-sp-30-de-dezembro-de-2023\/4343\"> Balada App.<\/a> Para todos os setores, a modalidade meia entrada acontece da troca de 1kg de alimento n\u00e3o perec\u00edvel no dia do evento.<\/p>\n<p>Hor\u00e1rios, setores, mapa do evento e mais detalhes podem ser conferidos nos\u00a0 sites de venda.<\/p>\n<p>Leia mais<\/p>\n<p><a href=\"https:\/\/redenoticiaz.com.br\/litoralsp\/2023\/12\/09\/gusttavo-lima-se-apresenta-neste-final-de-semana-em-jundiai\">Gusttavo Lima se apresenta neste final de semana em Jundia\u00ed<\/a><\/p>\n<p><a href=\"https:\/\/redenoticiaz.com.br\/litoralsp\/2023\/12\/14\/corpo-de-turista-e-encontrado-em-praia-de-guaruja\">Corpo de turista \u00e9 encontrado em Praia de Guaruj\u00e1<\/a><\/p>\n","protected":false},"excerpt":{"rendered":"<p>Para animar a chegada de 2024 e fazer a esta\u00e7\u00e3o mais quente do ano ferver, o Hotel Jequitimar realiza uma extensa programa\u00e7\u00e3o com artistas de peso em seu complexo. Para muitos, o ano de 2024 j\u00e1 come\u00e7a com os festejos de pr\u00e9-R\u00e9veillon. Os pagodeiros do Inimigos do HP sobem ao palco do Caf\u00e9 de la &hellip;<\/p>\n","protected":false},"author":12,"featured_media":25946,"comment_status":"open","ping_status":"closed","sticky":false,"template":"","format":"standard","meta":{"footnotes":""},"categories":[2001,187],"tags":[53146],"class_list":["post-112977","post","type-post","status-publish","format-standard","has-post-thumbnail","hentry","category-cultura-e-musica","category-guaruja","tag-gusttavo-lima"],"yoast_head":"<!-- This site is optimized with the Yoast SEO plugin v27.5 - https:\/\/yoast.com\/product\/yoast-seo-wordpress\/ -->\n<title>Gusttavo Lima \u00e9 a grande atra\u00e7\u00e3o da programa\u00e7\u00e3o de pr\u00e9-R\u00e9veillon do complexo Jequitimar, em Guaruj\u00e1 - Litoral SP<\/title>\n<meta name=\"description\" content=\"Para animar a chegada de 2024 e fazer a esta\u00e7\u00e3o mais quente do ano ferver, o Hotel Jequitimar realiza uma extensa programa\u00e7\u00e3o com artistas de peso em seu complexo.\" \/>\n<meta name=\"robots\" content=\"index, follow, max-snippet:-1, max-image-preview:large, max-video-preview:-1\" \/>\n<link rel=\"canonical\" href=\"https:\/\/redenoticiaz.com.br\/litoralsp\/2023\/12\/15\/gusttavo-lima-e-a-grande-atracao-da-programacao-de-pre-reveillon-do-complexo-jequitimar-em-guaruja\" \/>\n<meta property=\"og:locale\" content=\"pt_BR\" \/>\n<meta property=\"og:type\" content=\"article\" \/>\n<meta property=\"og:title\" content=\"Gusttavo Lima \u00e9 a grande atra\u00e7\u00e3o da programa\u00e7\u00e3o de pr\u00e9-R\u00e9veillon do complexo Jequitimar, em Guaruj\u00e1 - Litoral SP\" \/>\n<meta property=\"og:description\" content=\"Para animar a chegada de 2024 e fazer a esta\u00e7\u00e3o mais quente do ano ferver, o Hotel Jequitimar realiza uma extensa programa\u00e7\u00e3o com artistas de peso em seu complexo.\" \/>\n<meta property=\"og:url\" content=\"https:\/\/redenoticiaz.com.br\/litoralsp\/2023\/12\/15\/gusttavo-lima-e-a-grande-atracao-da-programacao-de-pre-reveillon-do-complexo-jequitimar-em-guaruja\" \/>\n<meta property=\"og:site_name\" content=\"Litoral SP\" \/>\n<meta property=\"article:published_time\" content=\"2023-12-16T00:03:35+00:00\" \/>\n<meta property=\"og:image\" content=\"https:\/\/redenoticiaz.com.br\/litoralsp\/wp-content\/uploads\/sites\/3\/2022\/04\/2022-04-02.png\" \/>\n\t<meta property=\"og:image:width\" content=\"498\" \/>\n\t<meta property=\"og:image:height\" content=\"326\" \/>\n\t<meta property=\"og:image:type\" content=\"image\/png\" \/>\n<meta name=\"author\" content=\"Gustavo Silva\" \/>\n<meta name=\"twitter:card\" content=\"summary_large_image\" \/>\n<meta name=\"twitter:label1\" content=\"Escrito por\" \/>\n\t<meta name=\"twitter:data1\" content=\"Gustavo Silva\" \/>\n\t<meta name=\"twitter:label2\" content=\"Est. tempo de leitura\" \/>\n\t<meta name=\"twitter:data2\" content=\"3 minutos\" \/>\n<script type=\"application\/ld+json\" class=\"yoast-schema-graph\">{\"@context\":\"https:\\\/\\\/schema.org\",\"@graph\":[{\"@type\":\"Article\",\"@id\":\"https:\\\/\\\/redenoticiaz.com.br\\\/litoralsp\\\/2023\\\/12\\\/15\\\/gusttavo-lima-e-a-grande-atracao-da-programacao-de-pre-reveillon-do-complexo-jequitimar-em-guaruja#article\",\"isPartOf\":{\"@id\":\"https:\\\/\\\/redenoticiaz.com.br\\\/litoralsp\\\/2023\\\/12\\\/15\\\/gusttavo-lima-e-a-grande-atracao-da-programacao-de-pre-reveillon-do-complexo-jequitimar-em-guaruja\"},\"author\":{\"name\":\"Gustavo Silva\",\"@id\":\"https:\\\/\\\/redenoticiaz.com.br\\\/litoralsp\\\/#\\\/schema\\\/person\\\/16057b37a3c0ee6b096d7f887c566e2e\"},\"headline\":\"Gusttavo Lima \u00e9 a grande atra\u00e7\u00e3o da programa\u00e7\u00e3o de pr\u00e9-R\u00e9veillon do complexo Jequitimar, em Guaruj\u00e1\",\"datePublished\":\"2023-12-16T00:03:35+00:00\",\"mainEntityOfPage\":{\"@id\":\"https:\\\/\\\/redenoticiaz.com.br\\\/litoralsp\\\/2023\\\/12\\\/15\\\/gusttavo-lima-e-a-grande-atracao-da-programacao-de-pre-reveillon-do-complexo-jequitimar-em-guaruja\"},\"wordCount\":443,\"commentCount\":0,\"publisher\":{\"@id\":\"https:\\\/\\\/redenoticiaz.com.br\\\/litoralsp\\\/#organization\"},\"image\":{\"@id\":\"https:\\\/\\\/redenoticiaz.com.br\\\/litoralsp\\\/2023\\\/12\\\/15\\\/gusttavo-lima-e-a-grande-atracao-da-programacao-de-pre-reveillon-do-complexo-jequitimar-em-guaruja#primaryimage\"},\"thumbnailUrl\":\"https:\\\/\\\/redenoticiaz.com.br\\\/litoralsp\\\/wp-content\\\/uploads\\\/sites\\\/3\\\/2022\\\/04\\\/2022-04-02.png\",\"keywords\":[\"GUSTTAVO LIMA\"],\"articleSection\":[\"Cultura e M\u00fasica\",\"Guaruj\u00e1\"],\"inLanguage\":\"pt-BR\",\"potentialAction\":[{\"@type\":\"CommentAction\",\"name\":\"Comment\",\"target\":[\"https:\\\/\\\/redenoticiaz.com.br\\\/litoralsp\\\/2023\\\/12\\\/15\\\/gusttavo-lima-e-a-grande-atracao-da-programacao-de-pre-reveillon-do-complexo-jequitimar-em-guaruja#respond\"]}]},{\"@type\":\"WebPage\",\"@id\":\"https:\\\/\\\/redenoticiaz.com.br\\\/litoralsp\\\/2023\\\/12\\\/15\\\/gusttavo-lima-e-a-grande-atracao-da-programacao-de-pre-reveillon-do-complexo-jequitimar-em-guaruja\",\"url\":\"https:\\\/\\\/redenoticiaz.com.br\\\/litoralsp\\\/2023\\\/12\\\/15\\\/gusttavo-lima-e-a-grande-atracao-da-programacao-de-pre-reveillon-do-complexo-jequitimar-em-guaruja\",\"name\":\"Gusttavo Lima \u00e9 a grande atra\u00e7\u00e3o da programa\u00e7\u00e3o de pr\u00e9-R\u00e9veillon do complexo Jequitimar, em Guaruj\u00e1 - Litoral SP\",\"isPartOf\":{\"@id\":\"https:\\\/\\\/redenoticiaz.com.br\\\/litoralsp\\\/#website\"},\"primaryImageOfPage\":{\"@id\":\"https:\\\/\\\/redenoticiaz.com.br\\\/litoralsp\\\/2023\\\/12\\\/15\\\/gusttavo-lima-e-a-grande-atracao-da-programacao-de-pre-reveillon-do-complexo-jequitimar-em-guaruja#primaryimage\"},\"image\":{\"@id\":\"https:\\\/\\\/redenoticiaz.com.br\\\/litoralsp\\\/2023\\\/12\\\/15\\\/gusttavo-lima-e-a-grande-atracao-da-programacao-de-pre-reveillon-do-complexo-jequitimar-em-guaruja#primaryimage\"},\"thumbnailUrl\":\"https:\\\/\\\/redenoticiaz.com.br\\\/litoralsp\\\/wp-content\\\/uploads\\\/sites\\\/3\\\/2022\\\/04\\\/2022-04-02.png\",\"datePublished\":\"2023-12-16T00:03:35+00:00\",\"description\":\"Para animar a chegada de 2024 e fazer a esta\u00e7\u00e3o mais quente do ano ferver, o Hotel Jequitimar realiza uma extensa programa\u00e7\u00e3o com artistas de peso em seu complexo.\",\"inLanguage\":\"pt-BR\",\"potentialAction\":[{\"@type\":\"ReadAction\",\"target\":[\"https:\\\/\\\/redenoticiaz.com.br\\\/litoralsp\\\/2023\\\/12\\\/15\\\/gusttavo-lima-e-a-grande-atracao-da-programacao-de-pre-reveillon-do-complexo-jequitimar-em-guaruja\"]}]},{\"@type\":\"ImageObject\",\"inLanguage\":\"pt-BR\",\"@id\":\"https:\\\/\\\/redenoticiaz.com.br\\\/litoralsp\\\/2023\\\/12\\\/15\\\/gusttavo-lima-e-a-grande-atracao-da-programacao-de-pre-reveillon-do-complexo-jequitimar-em-guaruja#primaryimage\",\"url\":\"https:\\\/\\\/redenoticiaz.com.br\\\/litoralsp\\\/wp-content\\\/uploads\\\/sites\\\/3\\\/2022\\\/04\\\/2022-04-02.png\",\"contentUrl\":\"https:\\\/\\\/redenoticiaz.com.br\\\/litoralsp\\\/wp-content\\\/uploads\\\/sites\\\/3\\\/2022\\\/04\\\/2022-04-02.png\",\"width\":498,\"height\":326,\"caption\":\"Saiba os detalhes. Foto: Reprodu\u00e7\u00e3o\"},{\"@type\":\"WebSite\",\"@id\":\"https:\\\/\\\/redenoticiaz.com.br\\\/litoralsp\\\/#website\",\"url\":\"https:\\\/\\\/redenoticiaz.com.br\\\/litoralsp\\\/\",\"name\":\"Litoral SP\",\"description\":\"Rede NoticiaZ\",\"publisher\":{\"@id\":\"https:\\\/\\\/redenoticiaz.com.br\\\/litoralsp\\\/#organization\"},\"potentialAction\":[{\"@type\":\"SearchAction\",\"target\":{\"@type\":\"EntryPoint\",\"urlTemplate\":\"https:\\\/\\\/redenoticiaz.com.br\\\/litoralsp\\\/?s={search_term_string}\"},\"query-input\":{\"@type\":\"PropertyValueSpecification\",\"valueRequired\":true,\"valueName\":\"search_term_string\"}}],\"inLanguage\":\"pt-BR\"},{\"@type\":\"Organization\",\"@id\":\"https:\\\/\\\/redenoticiaz.com.br\\\/litoralsp\\\/#organization\",\"name\":\"Litoral SP\",\"url\":\"https:\\\/\\\/redenoticiaz.com.br\\\/litoralsp\\\/\",\"logo\":{\"@type\":\"ImageObject\",\"inLanguage\":\"pt-BR\",\"@id\":\"https:\\\/\\\/redenoticiaz.com.br\\\/litoralsp\\\/#\\\/schema\\\/logo\\\/image\\\/\",\"url\":\"https:\\\/\\\/redenoticiaz.com.br\\\/litoralsp\\\/wp-content\\\/uploads\\\/sites\\\/3\\\/2020\\\/11\\\/logo.jpg\",\"contentUrl\":\"https:\\\/\\\/redenoticiaz.com.br\\\/litoralsp\\\/wp-content\\\/uploads\\\/sites\\\/3\\\/2020\\\/11\\\/logo.jpg\",\"width\":400,\"height\":250,\"caption\":\"Litoral SP\"},\"image\":{\"@id\":\"https:\\\/\\\/redenoticiaz.com.br\\\/litoralsp\\\/#\\\/schema\\\/logo\\\/image\\\/\"}},{\"@type\":\"Person\",\"@id\":\"https:\\\/\\\/redenoticiaz.com.br\\\/litoralsp\\\/#\\\/schema\\\/person\\\/16057b37a3c0ee6b096d7f887c566e2e\",\"name\":\"Gustavo Silva\",\"image\":{\"@type\":\"ImageObject\",\"inLanguage\":\"pt-BR\",\"@id\":\"https:\\\/\\\/secure.gravatar.com\\\/avatar\\\/3ee4e82f93b26de0a7cf4ea5eb7893da637ed6bb0c9170c58065944c56e28a33?s=96&d=mm&r=g\",\"url\":\"https:\\\/\\\/secure.gravatar.com\\\/avatar\\\/3ee4e82f93b26de0a7cf4ea5eb7893da637ed6bb0c9170c58065944c56e28a33?s=96&d=mm&r=g\",\"contentUrl\":\"https:\\\/\\\/secure.gravatar.com\\\/avatar\\\/3ee4e82f93b26de0a7cf4ea5eb7893da637ed6bb0c9170c58065944c56e28a33?s=96&d=mm&r=g\",\"caption\":\"Gustavo Silva\"},\"url\":\"https:\\\/\\\/redenoticiaz.com.br\\\/litoralsp\\\/author\\\/gustavosilva\"}]}<\/script>\n<!-- \/ Yoast SEO plugin. -->","yoast_head_json":{"title":"Gusttavo Lima \u00e9 a grande atra\u00e7\u00e3o da programa\u00e7\u00e3o de pr\u00e9-R\u00e9veillon do complexo Jequitimar, em Guaruj\u00e1 - Litoral SP","description":"Para animar a chegada de 2024 e fazer a esta\u00e7\u00e3o mais quente do ano ferver, o Hotel Jequitimar realiza uma extensa programa\u00e7\u00e3o com artistas de peso em seu complexo.","robots":{"index":"index","follow":"follow","max-snippet":"max-snippet:-1","max-image-preview":"max-image-preview:large","max-video-preview":"max-video-preview:-1"},"canonical":"https:\/\/redenoticiaz.com.br\/litoralsp\/2023\/12\/15\/gusttavo-lima-e-a-grande-atracao-da-programacao-de-pre-reveillon-do-complexo-jequitimar-em-guaruja","og_locale":"pt_BR","og_type":"article","og_title":"Gusttavo Lima \u00e9 a grande atra\u00e7\u00e3o da programa\u00e7\u00e3o de pr\u00e9-R\u00e9veillon do complexo Jequitimar, em Guaruj\u00e1 - Litoral SP","og_description":"Para animar a chegada de 2024 e fazer a esta\u00e7\u00e3o mais quente do ano ferver, o Hotel Jequitimar realiza uma extensa programa\u00e7\u00e3o com artistas de peso em seu complexo.","og_url":"https:\/\/redenoticiaz.com.br\/litoralsp\/2023\/12\/15\/gusttavo-lima-e-a-grande-atracao-da-programacao-de-pre-reveillon-do-complexo-jequitimar-em-guaruja","og_site_name":"Litoral SP","article_published_time":"2023-12-16T00:03:35+00:00","og_image":[{"width":498,"height":326,"url":"https:\/\/redenoticiaz.com.br\/litoralsp\/wp-content\/uploads\/sites\/3\/2022\/04\/2022-04-02.png","type":"image\/png"}],"author":"Gustavo Silva","twitter_card":"summary_large_image","twitter_misc":{"Escrito por":"Gustavo Silva","Est. tempo de leitura":"3 minutos"},"schema":{"@context":"https:\/\/schema.org","@graph":[{"@type":"Article","@id":"https:\/\/redenoticiaz.com.br\/litoralsp\/2023\/12\/15\/gusttavo-lima-e-a-grande-atracao-da-programacao-de-pre-reveillon-do-complexo-jequitimar-em-guaruja#article","isPartOf":{"@id":"https:\/\/redenoticiaz.com.br\/litoralsp\/2023\/12\/15\/gusttavo-lima-e-a-grande-atracao-da-programacao-de-pre-reveillon-do-complexo-jequitimar-em-guaruja"},"author":{"name":"Gustavo Silva","@id":"https:\/\/redenoticiaz.com.br\/litoralsp\/#\/schema\/person\/16057b37a3c0ee6b096d7f887c566e2e"},"headline":"Gusttavo Lima \u00e9 a grande atra\u00e7\u00e3o da programa\u00e7\u00e3o de pr\u00e9-R\u00e9veillon do complexo Jequitimar, em Guaruj\u00e1","datePublished":"2023-12-16T00:03:35+00:00","mainEntityOfPage":{"@id":"https:\/\/redenoticiaz.com.br\/litoralsp\/2023\/12\/15\/gusttavo-lima-e-a-grande-atracao-da-programacao-de-pre-reveillon-do-complexo-jequitimar-em-guaruja"},"wordCount":443,"commentCount":0,"publisher":{"@id":"https:\/\/redenoticiaz.com.br\/litoralsp\/#organization"},"image":{"@id":"https:\/\/redenoticiaz.com.br\/litoralsp\/2023\/12\/15\/gusttavo-lima-e-a-grande-atracao-da-programacao-de-pre-reveillon-do-complexo-jequitimar-em-guaruja#primaryimage"},"thumbnailUrl":"https:\/\/redenoticiaz.com.br\/litoralsp\/wp-content\/uploads\/sites\/3\/2022\/04\/2022-04-02.png","keywords":["GUSTTAVO LIMA"],"articleSection":["Cultura e M\u00fasica","Guaruj\u00e1"],"inLanguage":"pt-BR","potentialAction":[{"@type":"CommentAction","name":"Comment","target":["https:\/\/redenoticiaz.com.br\/litoralsp\/2023\/12\/15\/gusttavo-lima-e-a-grande-atracao-da-programacao-de-pre-reveillon-do-complexo-jequitimar-em-guaruja#respond"]}]},{"@type":"WebPage","@id":"https:\/\/redenoticiaz.com.br\/litoralsp\/2023\/12\/15\/gusttavo-lima-e-a-grande-atracao-da-programacao-de-pre-reveillon-do-complexo-jequitimar-em-guaruja","url":"https:\/\/redenoticiaz.com.br\/litoralsp\/2023\/12\/15\/gusttavo-lima-e-a-grande-atracao-da-programacao-de-pre-reveillon-do-complexo-jequitimar-em-guaruja","name":"Gusttavo Lima \u00e9 a grande atra\u00e7\u00e3o da programa\u00e7\u00e3o de pr\u00e9-R\u00e9veillon do complexo Jequitimar, em Guaruj\u00e1 - Litoral SP","isPartOf":{"@id":"https:\/\/redenoticiaz.com.br\/litoralsp\/#website"},"primaryImageOfPage":{"@id":"https:\/\/redenoticiaz.com.br\/litoralsp\/2023\/12\/15\/gusttavo-lima-e-a-grande-atracao-da-programacao-de-pre-reveillon-do-complexo-jequitimar-em-guaruja#primaryimage"},"image":{"@id":"https:\/\/redenoticiaz.com.br\/litoralsp\/2023\/12\/15\/gusttavo-lima-e-a-grande-atracao-da-programacao-de-pre-reveillon-do-complexo-jequitimar-em-guaruja#primaryimage"},"thumbnailUrl":"https:\/\/redenoticiaz.com.br\/litoralsp\/wp-content\/uploads\/sites\/3\/2022\/04\/2022-04-02.png","datePublished":"2023-12-16T00:03:35+00:00","description":"Para animar a chegada de 2024 e fazer a esta\u00e7\u00e3o mais quente do ano ferver, o Hotel Jequitimar realiza uma extensa programa\u00e7\u00e3o com artistas de peso em seu complexo.","inLanguage":"pt-BR","potentialAction":[{"@type":"ReadAction","target":["https:\/\/redenoticiaz.com.br\/litoralsp\/2023\/12\/15\/gusttavo-lima-e-a-grande-atracao-da-programacao-de-pre-reveillon-do-complexo-jequitimar-em-guaruja"]}]},{"@type":"ImageObject","inLanguage":"pt-BR","@id":"https:\/\/redenoticiaz.com.br\/litoralsp\/2023\/12\/15\/gusttavo-lima-e-a-grande-atracao-da-programacao-de-pre-reveillon-do-complexo-jequitimar-em-guaruja#primaryimage","url":"https:\/\/redenoticiaz.com.br\/litoralsp\/wp-content\/uploads\/sites\/3\/2022\/04\/2022-04-02.png","contentUrl":"https:\/\/redenoticiaz.com.br\/litoralsp\/wp-content\/uploads\/sites\/3\/2022\/04\/2022-04-02.png","width":498,"height":326,"caption":"Saiba os detalhes. Foto: Reprodu\u00e7\u00e3o"},{"@type":"WebSite","@id":"https:\/\/redenoticiaz.com.br\/litoralsp\/#website","url":"https:\/\/redenoticiaz.com.br\/litoralsp\/","name":"Litoral SP","description":"Rede NoticiaZ","publisher":{"@id":"https:\/\/redenoticiaz.com.br\/litoralsp\/#organization"},"potentialAction":[{"@type":"SearchAction","target":{"@type":"EntryPoint","urlTemplate":"https:\/\/redenoticiaz.com.br\/litoralsp\/?s={search_term_string}"},"query-input":{"@type":"PropertyValueSpecification","valueRequired":true,"valueName":"search_term_string"}}],"inLanguage":"pt-BR"},{"@type":"Organization","@id":"https:\/\/redenoticiaz.com.br\/litoralsp\/#organization","name":"Litoral SP","url":"https:\/\/redenoticiaz.com.br\/litoralsp\/","logo":{"@type":"ImageObject","inLanguage":"pt-BR","@id":"https:\/\/redenoticiaz.com.br\/litoralsp\/#\/schema\/logo\/image\/","url":"https:\/\/redenoticiaz.com.br\/litoralsp\/wp-content\/uploads\/sites\/3\/2020\/11\/logo.jpg","contentUrl":"https:\/\/redenoticiaz.com.br\/litoralsp\/wp-content\/uploads\/sites\/3\/2020\/11\/logo.jpg","width":400,"height":250,"caption":"Litoral SP"},"image":{"@id":"https:\/\/redenoticiaz.com.br\/litoralsp\/#\/schema\/logo\/image\/"}},{"@type":"Person","@id":"https:\/\/redenoticiaz.com.br\/litoralsp\/#\/schema\/person\/16057b37a3c0ee6b096d7f887c566e2e","name":"Gustavo Silva","image":{"@type":"ImageObject","inLanguage":"pt-BR","@id":"https:\/\/secure.gravatar.com\/avatar\/3ee4e82f93b26de0a7cf4ea5eb7893da637ed6bb0c9170c58065944c56e28a33?s=96&d=mm&r=g","url":"https:\/\/secure.gravatar.com\/avatar\/3ee4e82f93b26de0a7cf4ea5eb7893da637ed6bb0c9170c58065944c56e28a33?s=96&d=mm&r=g","contentUrl":"https:\/\/secure.gravatar.com\/avatar\/3ee4e82f93b26de0a7cf4ea5eb7893da637ed6bb0c9170c58065944c56e28a33?s=96&d=mm&r=g","caption":"Gustavo Silva"},"url":"https:\/\/redenoticiaz.com.br\/litoralsp\/author\/gustavosilva"}]}},"_links":{"self":[{"href":"https:\/\/redenoticiaz.com.br\/litoralsp\/wp-json\/wp\/v2\/posts\/112977","targetHints":{"allow":["GET"]}}],"collection":[{"href":"https:\/\/redenoticiaz.com.br\/litoralsp\/wp-json\/wp\/v2\/posts"}],"about":[{"href":"https:\/\/redenoticiaz.com.br\/litoralsp\/wp-json\/wp\/v2\/types\/post"}],"author":[{"embeddable":true,"href":"https:\/\/redenoticiaz.com.br\/litoralsp\/wp-json\/wp\/v2\/users\/12"}],"replies":[{"embeddable":true,"href":"https:\/\/redenoticiaz.com.br\/litoralsp\/wp-json\/wp\/v2\/comments?post=112977"}],"version-history":[{"count":1,"href":"https:\/\/redenoticiaz.com.br\/litoralsp\/wp-json\/wp\/v2\/posts\/112977\/revisions"}],"predecessor-version":[{"id":112980,"href":"https:\/\/redenoticiaz.com.br\/litoralsp\/wp-json\/wp\/v2\/posts\/112977\/revisions\/112980"}],"wp:featuredmedia":[{"embeddable":true,"href":"https:\/\/redenoticiaz.com.br\/litoralsp\/wp-json\/wp\/v2\/media\/25946"}],"wp:attachment":[{"href":"https:\/\/redenoticiaz.com.br\/litoralsp\/wp-json\/wp\/v2\/media?parent=112977"}],"wp:term":[{"taxonomy":"category","embeddable":true,"href":"https:\/\/redenoticiaz.com.br\/litoralsp\/wp-json\/wp\/v2\/categories?post=112977"},{"taxonomy":"post_tag","embeddable":true,"href":"https:\/\/redenoticiaz.com.br\/litoralsp\/wp-json\/wp\/v2\/tags?post=112977"}],"curies":[{"name":"wp","href":"https:\/\/api.w.org\/{rel}","templated":true}]}}