{"id":112994,"date":"2023-12-16T14:51:43","date_gmt":"2023-12-16T17:51:43","guid":{"rendered":"https:\/\/redenoticiaz.com.br\/litoralsp\/?p=112994"},"modified":"2023-12-16T14:51:43","modified_gmt":"2023-12-16T17:51:43","slug":"governador-de-sp-planeja-terceira-pista-no-sistema-anchieta-imigrantes","status":"publish","type":"post","link":"https:\/\/redenoticiaz.com.br\/litoralsp\/2023\/12\/16\/governador-de-sp-planeja-terceira-pista-no-sistema-anchieta-imigrantes","title":{"rendered":"Governador de SP Planeja terceira pista no sistema Anchieta-Imigrantes"},"content":{"rendered":"<p>O governador de S\u00e3o Paulo, Tarc\u00edsio de Freitas, anunciou \u00e0 deputada Solange Freitas um projeto para adicionar uma terceira pista ao Sistema Anchieta-Imigrantes.<\/p>\n<p>Ele tamb\u00e9m mencionou planos para um segundo viaduto em Santos e uma via perimetral, visando melhorar o tr\u00e1fego na regi\u00e3o portu\u00e1ria.<\/p>\n<p>A terceira pista ser\u00e1 incorporada \u00e0 concess\u00e3o da Imigrantes, com a Ecovias encarregada do projeto, e as obras est\u00e3o previstas para come\u00e7ar em aproximadamente um ano e meio. Al\u00e9m disso, est\u00e1 sendo estudada a implementa\u00e7\u00e3o do sistema &#8216;free-flow&#8217; de cobran\u00e7a eletr\u00f4nica de ped\u00e1gio no Sistema Anchieta-Imigrantes, proporcionando tarifas din\u00e2micas baseadas no trecho percorrido ou varia\u00e7\u00e3o de valores em hor\u00e1rios espec\u00edficos.<\/p>\n<p>LEIA MAIS<\/p>\n<p><a href=\"https:\/\/redenoticiaz.com.br\/litoralsp\/2023\/12\/16\/matthew-perry-relatorio-toxicologico-revela-causa-da-morte-do-ator\">Matthew Perry: relat\u00f3rio toxicol\u00f3gico revela causa da morte do ator<\/a><\/p>\n<p><a href=\"https:\/\/redenoticiaz.com.br\/litoralsp\/2023\/12\/16\/video-adolescente-ameaca-incendiar-casa-de-acolhimento\">V\u00cdDEO \u2013 Adolescente amea\u00e7a incendiar casa de acolhimento<\/a><\/p>\n","protected":false},"excerpt":{"rendered":"<p>O governador de S\u00e3o Paulo, Tarc\u00edsio de Freitas, anunciou \u00e0 deputada Solange Freitas um projeto para adicionar uma terceira pista ao Sistema Anchieta-Imigrantes. Ele tamb\u00e9m mencionou planos para um segundo viaduto em Santos e uma via perimetral, visando melhorar o tr\u00e1fego na regi\u00e3o portu\u00e1ria. A terceira pista ser\u00e1 incorporada \u00e0 concess\u00e3o da Imigrantes, com a &hellip;<\/p>\n","protected":false},"author":30,"featured_media":112995,"comment_status":"open","ping_status":"closed","sticky":false,"template":"","format":"standard","meta":{"footnotes":""},"categories":[1579,180],"tags":[32837,31216],"class_list":["post-112994","post","type-post","status-publish","format-standard","has-post-thumbnail","hentry","category-obras","category-santos","tag-anchieta","tag-imigrantes"],"yoast_head":"<!-- This site is optimized with the Yoast SEO plugin v27.4 - https:\/\/yoast.com\/product\/yoast-seo-wordpress\/ -->\n<title>Governador de SP Planeja terceira pista no sistema Anchieta-Imigrantes - Litoral SP<\/title>\n<meta name=\"description\" content=\"O governador de S\u00e3o Paulo, Tarc\u00edsio de Freitas, anunciou \u00e0 deputada Solange Freitas um projeto para adicionar uma terceira pista ao Sistema Anchieta-Imigrantes.\" \/>\n<meta name=\"robots\" content=\"index, follow, max-snippet:-1, max-image-preview:large, max-video-preview:-1\" \/>\n<link rel=\"canonical\" href=\"https:\/\/redenoticiaz.com.br\/litoralsp\/2023\/12\/16\/governador-de-sp-planeja-terceira-pista-no-sistema-anchieta-imigrantes\" \/>\n<meta property=\"og:locale\" content=\"pt_BR\" \/>\n<meta property=\"og:type\" content=\"article\" \/>\n<meta property=\"og:title\" content=\"Governador de SP Planeja terceira pista no sistema Anchieta-Imigrantes - Litoral SP\" \/>\n<meta property=\"og:description\" content=\"O governador de S\u00e3o Paulo, Tarc\u00edsio de Freitas, anunciou \u00e0 deputada Solange Freitas um projeto para adicionar uma terceira pista ao Sistema Anchieta-Imigrantes.\" \/>\n<meta property=\"og:url\" content=\"https:\/\/redenoticiaz.com.br\/litoralsp\/2023\/12\/16\/governador-de-sp-planeja-terceira-pista-no-sistema-anchieta-imigrantes\" \/>\n<meta property=\"og:site_name\" content=\"Litoral SP\" \/>\n<meta property=\"article:published_time\" content=\"2023-12-16T17:51:43+00:00\" \/>\n<meta property=\"og:image\" content=\"https:\/\/redenoticiaz.com.br\/litoralsp\/wp-content\/uploads\/sites\/3\/2023\/12\/Captura-de-tela-2023-12-16-144148.png\" \/>\n\t<meta property=\"og:image:width\" content=\"605\" \/>\n\t<meta property=\"og:image:height\" content=\"397\" \/>\n\t<meta property=\"og:image:type\" content=\"image\/png\" \/>\n<meta name=\"author\" content=\"Carina Reifonas\" \/>\n<meta name=\"twitter:card\" content=\"summary_large_image\" \/>\n<meta name=\"twitter:label1\" content=\"Escrito por\" \/>\n\t<meta name=\"twitter:data1\" content=\"Carina Reifonas\" \/>\n\t<meta name=\"twitter:label2\" content=\"Est. tempo de leitura\" \/>\n\t<meta name=\"twitter:data2\" content=\"1 minuto\" \/>\n<script type=\"application\/ld+json\" class=\"yoast-schema-graph\">{\"@context\":\"https:\\\/\\\/schema.org\",\"@graph\":[{\"@type\":\"Article\",\"@id\":\"https:\\\/\\\/redenoticiaz.com.br\\\/litoralsp\\\/2023\\\/12\\\/16\\\/governador-de-sp-planeja-terceira-pista-no-sistema-anchieta-imigrantes#article\",\"isPartOf\":{\"@id\":\"https:\\\/\\\/redenoticiaz.com.br\\\/litoralsp\\\/2023\\\/12\\\/16\\\/governador-de-sp-planeja-terceira-pista-no-sistema-anchieta-imigrantes\"},\"author\":{\"name\":\"Carina Reifonas\",\"@id\":\"https:\\\/\\\/redenoticiaz.com.br\\\/litoralsp\\\/#\\\/schema\\\/person\\\/1f84d6e94e6a62d2d81199d7503e9e90\"},\"headline\":\"Governador de SP Planeja terceira pista no sistema Anchieta-Imigrantes\",\"datePublished\":\"2023-12-16T17:51:43+00:00\",\"mainEntityOfPage\":{\"@id\":\"https:\\\/\\\/redenoticiaz.com.br\\\/litoralsp\\\/2023\\\/12\\\/16\\\/governador-de-sp-planeja-terceira-pista-no-sistema-anchieta-imigrantes\"},\"wordCount\":152,\"commentCount\":0,\"publisher\":{\"@id\":\"https:\\\/\\\/redenoticiaz.com.br\\\/litoralsp\\\/#organization\"},\"image\":{\"@id\":\"https:\\\/\\\/redenoticiaz.com.br\\\/litoralsp\\\/2023\\\/12\\\/16\\\/governador-de-sp-planeja-terceira-pista-no-sistema-anchieta-imigrantes#primaryimage\"},\"thumbnailUrl\":\"https:\\\/\\\/redenoticiaz.com.br\\\/litoralsp\\\/wp-content\\\/uploads\\\/sites\\\/3\\\/2023\\\/12\\\/Captura-de-tela-2023-12-16-144148.png\",\"keywords\":[\"ANCHIETA\",\"IMIGRANTES\"],\"articleSection\":[\"Obras\",\"Santos\"],\"inLanguage\":\"pt-BR\",\"potentialAction\":[{\"@type\":\"CommentAction\",\"name\":\"Comment\",\"target\":[\"https:\\\/\\\/redenoticiaz.com.br\\\/litoralsp\\\/2023\\\/12\\\/16\\\/governador-de-sp-planeja-terceira-pista-no-sistema-anchieta-imigrantes#respond\"]}]},{\"@type\":\"WebPage\",\"@id\":\"https:\\\/\\\/redenoticiaz.com.br\\\/litoralsp\\\/2023\\\/12\\\/16\\\/governador-de-sp-planeja-terceira-pista-no-sistema-anchieta-imigrantes\",\"url\":\"https:\\\/\\\/redenoticiaz.com.br\\\/litoralsp\\\/2023\\\/12\\\/16\\\/governador-de-sp-planeja-terceira-pista-no-sistema-anchieta-imigrantes\",\"name\":\"Governador de SP Planeja terceira pista no sistema Anchieta-Imigrantes - Litoral SP\",\"isPartOf\":{\"@id\":\"https:\\\/\\\/redenoticiaz.com.br\\\/litoralsp\\\/#website\"},\"primaryImageOfPage\":{\"@id\":\"https:\\\/\\\/redenoticiaz.com.br\\\/litoralsp\\\/2023\\\/12\\\/16\\\/governador-de-sp-planeja-terceira-pista-no-sistema-anchieta-imigrantes#primaryimage\"},\"image\":{\"@id\":\"https:\\\/\\\/redenoticiaz.com.br\\\/litoralsp\\\/2023\\\/12\\\/16\\\/governador-de-sp-planeja-terceira-pista-no-sistema-anchieta-imigrantes#primaryimage\"},\"thumbnailUrl\":\"https:\\\/\\\/redenoticiaz.com.br\\\/litoralsp\\\/wp-content\\\/uploads\\\/sites\\\/3\\\/2023\\\/12\\\/Captura-de-tela-2023-12-16-144148.png\",\"datePublished\":\"2023-12-16T17:51:43+00:00\",\"description\":\"O governador de S\u00e3o Paulo, Tarc\u00edsio de Freitas, anunciou \u00e0 deputada Solange Freitas um projeto para adicionar uma terceira pista ao Sistema Anchieta-Imigrantes.\",\"inLanguage\":\"pt-BR\",\"potentialAction\":[{\"@type\":\"ReadAction\",\"target\":[\"https:\\\/\\\/redenoticiaz.com.br\\\/litoralsp\\\/2023\\\/12\\\/16\\\/governador-de-sp-planeja-terceira-pista-no-sistema-anchieta-imigrantes\"]}]},{\"@type\":\"ImageObject\",\"inLanguage\":\"pt-BR\",\"@id\":\"https:\\\/\\\/redenoticiaz.com.br\\\/litoralsp\\\/2023\\\/12\\\/16\\\/governador-de-sp-planeja-terceira-pista-no-sistema-anchieta-imigrantes#primaryimage\",\"url\":\"https:\\\/\\\/redenoticiaz.com.br\\\/litoralsp\\\/wp-content\\\/uploads\\\/sites\\\/3\\\/2023\\\/12\\\/Captura-de-tela-2023-12-16-144148.png\",\"contentUrl\":\"https:\\\/\\\/redenoticiaz.com.br\\\/litoralsp\\\/wp-content\\\/uploads\\\/sites\\\/3\\\/2023\\\/12\\\/Captura-de-tela-2023-12-16-144148.png\",\"width\":605,\"height\":397,\"caption\":\"Governador de SP Planeja terceira pista no sistema Anchieta-Imigrantes\"},{\"@type\":\"WebSite\",\"@id\":\"https:\\\/\\\/redenoticiaz.com.br\\\/litoralsp\\\/#website\",\"url\":\"https:\\\/\\\/redenoticiaz.com.br\\\/litoralsp\\\/\",\"name\":\"Litoral SP\",\"description\":\"Rede NoticiaZ\",\"publisher\":{\"@id\":\"https:\\\/\\\/redenoticiaz.com.br\\\/litoralsp\\\/#organization\"},\"potentialAction\":[{\"@type\":\"SearchAction\",\"target\":{\"@type\":\"EntryPoint\",\"urlTemplate\":\"https:\\\/\\\/redenoticiaz.com.br\\\/litoralsp\\\/?s={search_term_string}\"},\"query-input\":{\"@type\":\"PropertyValueSpecification\",\"valueRequired\":true,\"valueName\":\"search_term_string\"}}],\"inLanguage\":\"pt-BR\"},{\"@type\":\"Organization\",\"@id\":\"https:\\\/\\\/redenoticiaz.com.br\\\/litoralsp\\\/#organization\",\"name\":\"Litoral SP\",\"url\":\"https:\\\/\\\/redenoticiaz.com.br\\\/litoralsp\\\/\",\"logo\":{\"@type\":\"ImageObject\",\"inLanguage\":\"pt-BR\",\"@id\":\"https:\\\/\\\/redenoticiaz.com.br\\\/litoralsp\\\/#\\\/schema\\\/logo\\\/image\\\/\",\"url\":\"https:\\\/\\\/redenoticiaz.com.br\\\/litoralsp\\\/wp-content\\\/uploads\\\/sites\\\/3\\\/2020\\\/11\\\/logo.jpg\",\"contentUrl\":\"https:\\\/\\\/redenoticiaz.com.br\\\/litoralsp\\\/wp-content\\\/uploads\\\/sites\\\/3\\\/2020\\\/11\\\/logo.jpg\",\"width\":400,\"height\":250,\"caption\":\"Litoral SP\"},\"image\":{\"@id\":\"https:\\\/\\\/redenoticiaz.com.br\\\/litoralsp\\\/#\\\/schema\\\/logo\\\/image\\\/\"}},{\"@type\":\"Person\",\"@id\":\"https:\\\/\\\/redenoticiaz.com.br\\\/litoralsp\\\/#\\\/schema\\\/person\\\/1f84d6e94e6a62d2d81199d7503e9e90\",\"name\":\"Carina Reifonas\",\"image\":{\"@type\":\"ImageObject\",\"inLanguage\":\"pt-BR\",\"@id\":\"https:\\\/\\\/secure.gravatar.com\\\/avatar\\\/04c59859b23696cf867715880f81d5c037e60109730bdb4e6670ec2a2245bc97?s=96&d=mm&r=g\",\"url\":\"https:\\\/\\\/secure.gravatar.com\\\/avatar\\\/04c59859b23696cf867715880f81d5c037e60109730bdb4e6670ec2a2245bc97?s=96&d=mm&r=g\",\"contentUrl\":\"https:\\\/\\\/secure.gravatar.com\\\/avatar\\\/04c59859b23696cf867715880f81d5c037e60109730bdb4e6670ec2a2245bc97?s=96&d=mm&r=g\",\"caption\":\"Carina Reifonas\"},\"url\":\"https:\\\/\\\/redenoticiaz.com.br\\\/litoralsp\\\/author\\\/carinareifonas\"}]}<\/script>\n<!-- \/ Yoast SEO plugin. -->","yoast_head_json":{"title":"Governador de SP Planeja terceira pista no sistema Anchieta-Imigrantes - Litoral SP","description":"O governador de S\u00e3o Paulo, Tarc\u00edsio de Freitas, anunciou \u00e0 deputada Solange Freitas um projeto para adicionar uma terceira pista ao Sistema Anchieta-Imigrantes.","robots":{"index":"index","follow":"follow","max-snippet":"max-snippet:-1","max-image-preview":"max-image-preview:large","max-video-preview":"max-video-preview:-1"},"canonical":"https:\/\/redenoticiaz.com.br\/litoralsp\/2023\/12\/16\/governador-de-sp-planeja-terceira-pista-no-sistema-anchieta-imigrantes","og_locale":"pt_BR","og_type":"article","og_title":"Governador de SP Planeja terceira pista no sistema Anchieta-Imigrantes - Litoral SP","og_description":"O governador de S\u00e3o Paulo, Tarc\u00edsio de Freitas, anunciou \u00e0 deputada Solange Freitas um projeto para adicionar uma terceira pista ao Sistema Anchieta-Imigrantes.","og_url":"https:\/\/redenoticiaz.com.br\/litoralsp\/2023\/12\/16\/governador-de-sp-planeja-terceira-pista-no-sistema-anchieta-imigrantes","og_site_name":"Litoral SP","article_published_time":"2023-12-16T17:51:43+00:00","og_image":[{"width":605,"height":397,"url":"https:\/\/redenoticiaz.com.br\/litoralsp\/wp-content\/uploads\/sites\/3\/2023\/12\/Captura-de-tela-2023-12-16-144148.png","type":"image\/png"}],"author":"Carina Reifonas","twitter_card":"summary_large_image","twitter_misc":{"Escrito por":"Carina Reifonas","Est. tempo de leitura":"1 minuto"},"schema":{"@context":"https:\/\/schema.org","@graph":[{"@type":"Article","@id":"https:\/\/redenoticiaz.com.br\/litoralsp\/2023\/12\/16\/governador-de-sp-planeja-terceira-pista-no-sistema-anchieta-imigrantes#article","isPartOf":{"@id":"https:\/\/redenoticiaz.com.br\/litoralsp\/2023\/12\/16\/governador-de-sp-planeja-terceira-pista-no-sistema-anchieta-imigrantes"},"author":{"name":"Carina Reifonas","@id":"https:\/\/redenoticiaz.com.br\/litoralsp\/#\/schema\/person\/1f84d6e94e6a62d2d81199d7503e9e90"},"headline":"Governador de SP Planeja terceira pista no sistema Anchieta-Imigrantes","datePublished":"2023-12-16T17:51:43+00:00","mainEntityOfPage":{"@id":"https:\/\/redenoticiaz.com.br\/litoralsp\/2023\/12\/16\/governador-de-sp-planeja-terceira-pista-no-sistema-anchieta-imigrantes"},"wordCount":152,"commentCount":0,"publisher":{"@id":"https:\/\/redenoticiaz.com.br\/litoralsp\/#organization"},"image":{"@id":"https:\/\/redenoticiaz.com.br\/litoralsp\/2023\/12\/16\/governador-de-sp-planeja-terceira-pista-no-sistema-anchieta-imigrantes#primaryimage"},"thumbnailUrl":"https:\/\/redenoticiaz.com.br\/litoralsp\/wp-content\/uploads\/sites\/3\/2023\/12\/Captura-de-tela-2023-12-16-144148.png","keywords":["ANCHIETA","IMIGRANTES"],"articleSection":["Obras","Santos"],"inLanguage":"pt-BR","potentialAction":[{"@type":"CommentAction","name":"Comment","target":["https:\/\/redenoticiaz.com.br\/litoralsp\/2023\/12\/16\/governador-de-sp-planeja-terceira-pista-no-sistema-anchieta-imigrantes#respond"]}]},{"@type":"WebPage","@id":"https:\/\/redenoticiaz.com.br\/litoralsp\/2023\/12\/16\/governador-de-sp-planeja-terceira-pista-no-sistema-anchieta-imigrantes","url":"https:\/\/redenoticiaz.com.br\/litoralsp\/2023\/12\/16\/governador-de-sp-planeja-terceira-pista-no-sistema-anchieta-imigrantes","name":"Governador de SP Planeja terceira pista no sistema Anchieta-Imigrantes - Litoral SP","isPartOf":{"@id":"https:\/\/redenoticiaz.com.br\/litoralsp\/#website"},"primaryImageOfPage":{"@id":"https:\/\/redenoticiaz.com.br\/litoralsp\/2023\/12\/16\/governador-de-sp-planeja-terceira-pista-no-sistema-anchieta-imigrantes#primaryimage"},"image":{"@id":"https:\/\/redenoticiaz.com.br\/litoralsp\/2023\/12\/16\/governador-de-sp-planeja-terceira-pista-no-sistema-anchieta-imigrantes#primaryimage"},"thumbnailUrl":"https:\/\/redenoticiaz.com.br\/litoralsp\/wp-content\/uploads\/sites\/3\/2023\/12\/Captura-de-tela-2023-12-16-144148.png","datePublished":"2023-12-16T17:51:43+00:00","description":"O governador de S\u00e3o Paulo, Tarc\u00edsio de Freitas, anunciou \u00e0 deputada Solange Freitas um projeto para adicionar uma terceira pista ao Sistema Anchieta-Imigrantes.","inLanguage":"pt-BR","potentialAction":[{"@type":"ReadAction","target":["https:\/\/redenoticiaz.com.br\/litoralsp\/2023\/12\/16\/governador-de-sp-planeja-terceira-pista-no-sistema-anchieta-imigrantes"]}]},{"@type":"ImageObject","inLanguage":"pt-BR","@id":"https:\/\/redenoticiaz.com.br\/litoralsp\/2023\/12\/16\/governador-de-sp-planeja-terceira-pista-no-sistema-anchieta-imigrantes#primaryimage","url":"https:\/\/redenoticiaz.com.br\/litoralsp\/wp-content\/uploads\/sites\/3\/2023\/12\/Captura-de-tela-2023-12-16-144148.png","contentUrl":"https:\/\/redenoticiaz.com.br\/litoralsp\/wp-content\/uploads\/sites\/3\/2023\/12\/Captura-de-tela-2023-12-16-144148.png","width":605,"height":397,"caption":"Governador de SP Planeja terceira pista no sistema Anchieta-Imigrantes"},{"@type":"WebSite","@id":"https:\/\/redenoticiaz.com.br\/litoralsp\/#website","url":"https:\/\/redenoticiaz.com.br\/litoralsp\/","name":"Litoral SP","description":"Rede NoticiaZ","publisher":{"@id":"https:\/\/redenoticiaz.com.br\/litoralsp\/#organization"},"potentialAction":[{"@type":"SearchAction","target":{"@type":"EntryPoint","urlTemplate":"https:\/\/redenoticiaz.com.br\/litoralsp\/?s={search_term_string}"},"query-input":{"@type":"PropertyValueSpecification","valueRequired":true,"valueName":"search_term_string"}}],"inLanguage":"pt-BR"},{"@type":"Organization","@id":"https:\/\/redenoticiaz.com.br\/litoralsp\/#organization","name":"Litoral SP","url":"https:\/\/redenoticiaz.com.br\/litoralsp\/","logo":{"@type":"ImageObject","inLanguage":"pt-BR","@id":"https:\/\/redenoticiaz.com.br\/litoralsp\/#\/schema\/logo\/image\/","url":"https:\/\/redenoticiaz.com.br\/litoralsp\/wp-content\/uploads\/sites\/3\/2020\/11\/logo.jpg","contentUrl":"https:\/\/redenoticiaz.com.br\/litoralsp\/wp-content\/uploads\/sites\/3\/2020\/11\/logo.jpg","width":400,"height":250,"caption":"Litoral SP"},"image":{"@id":"https:\/\/redenoticiaz.com.br\/litoralsp\/#\/schema\/logo\/image\/"}},{"@type":"Person","@id":"https:\/\/redenoticiaz.com.br\/litoralsp\/#\/schema\/person\/1f84d6e94e6a62d2d81199d7503e9e90","name":"Carina Reifonas","image":{"@type":"ImageObject","inLanguage":"pt-BR","@id":"https:\/\/secure.gravatar.com\/avatar\/04c59859b23696cf867715880f81d5c037e60109730bdb4e6670ec2a2245bc97?s=96&d=mm&r=g","url":"https:\/\/secure.gravatar.com\/avatar\/04c59859b23696cf867715880f81d5c037e60109730bdb4e6670ec2a2245bc97?s=96&d=mm&r=g","contentUrl":"https:\/\/secure.gravatar.com\/avatar\/04c59859b23696cf867715880f81d5c037e60109730bdb4e6670ec2a2245bc97?s=96&d=mm&r=g","caption":"Carina Reifonas"},"url":"https:\/\/redenoticiaz.com.br\/litoralsp\/author\/carinareifonas"}]}},"_links":{"self":[{"href":"https:\/\/redenoticiaz.com.br\/litoralsp\/wp-json\/wp\/v2\/posts\/112994","targetHints":{"allow":["GET"]}}],"collection":[{"href":"https:\/\/redenoticiaz.com.br\/litoralsp\/wp-json\/wp\/v2\/posts"}],"about":[{"href":"https:\/\/redenoticiaz.com.br\/litoralsp\/wp-json\/wp\/v2\/types\/post"}],"author":[{"embeddable":true,"href":"https:\/\/redenoticiaz.com.br\/litoralsp\/wp-json\/wp\/v2\/users\/30"}],"replies":[{"embeddable":true,"href":"https:\/\/redenoticiaz.com.br\/litoralsp\/wp-json\/wp\/v2\/comments?post=112994"}],"version-history":[{"count":1,"href":"https:\/\/redenoticiaz.com.br\/litoralsp\/wp-json\/wp\/v2\/posts\/112994\/revisions"}],"predecessor-version":[{"id":112996,"href":"https:\/\/redenoticiaz.com.br\/litoralsp\/wp-json\/wp\/v2\/posts\/112994\/revisions\/112996"}],"wp:featuredmedia":[{"embeddable":true,"href":"https:\/\/redenoticiaz.com.br\/litoralsp\/wp-json\/wp\/v2\/media\/112995"}],"wp:attachment":[{"href":"https:\/\/redenoticiaz.com.br\/litoralsp\/wp-json\/wp\/v2\/media?parent=112994"}],"wp:term":[{"taxonomy":"category","embeddable":true,"href":"https:\/\/redenoticiaz.com.br\/litoralsp\/wp-json\/wp\/v2\/categories?post=112994"},{"taxonomy":"post_tag","embeddable":true,"href":"https:\/\/redenoticiaz.com.br\/litoralsp\/wp-json\/wp\/v2\/tags?post=112994"}],"curies":[{"name":"wp","href":"https:\/\/api.w.org\/{rel}","templated":true}]}}