{"id":113055,"date":"2023-12-18T21:39:24","date_gmt":"2023-12-19T00:39:24","guid":{"rendered":"https:\/\/redenoticiaz.com.br\/litoralsp\/?p=113055"},"modified":"2023-12-19T15:22:20","modified_gmt":"2023-12-19T18:22:20","slug":"video-motociclista-sofre-tentativa-de-assalto-em-viaduto-de-santos","status":"publish","type":"post","link":"https:\/\/redenoticiaz.com.br\/litoralsp\/2023\/12\/18\/video-motociclista-sofre-tentativa-de-assalto-em-viaduto-de-santos","title":{"rendered":"V\u00cdDEO \u2013 Motociclista sofre tentativa de assalto em viaduto de Santos"},"content":{"rendered":"<p>Imagens divulgadas em redes sociais mostram um motociclista sofreu uma tentativa de assalto em um viaduto na \u00e1rea central da cidade de Santos.<\/p>\n<p>De acordo com as informa\u00e7\u00f5es, n\u00e3o h\u00e1 como confirmar a data em que as imagens foram feitas, mas mostram a \u00e1rea do viaduto pr\u00f3ximo a Rodovi\u00e1ria da cidade.<\/p>\n<div class=\"wp-playlist wp-video-playlist wp-playlist-light\">\n\t\t<video controls=\"controls\" preload=\"none\" width=\"640\"\n\t\t height=\"1141\"\t><\/video>\n\t<div class=\"wp-playlist-next\"><\/div>\n\t<div class=\"wp-playlist-prev\"><\/div>\n\t<noscript>\n\t<ol>\n\t\t<li><a href='https:\/\/redenoticiaz.com.br\/litoralsp\/wp-content\/uploads\/sites\/3\/2023\/12\/WhatsApp-Video-2023-12-18-at-12.16.29-1.mp4'>WhatsApp Video 2023-12-18 at 12.16.29 (1)<\/a><\/li>\t<\/ol>\n\t<\/noscript>\n\t<script type=\"application\/json\" class=\"wp-playlist-script\">{\"type\":\"video\",\"tracklist\":true,\"tracknumbers\":true,\"images\":true,\"artists\":true,\"tracks\":[{\"src\":\"https:\/\/redenoticiaz.com.br\/litoralsp\/wp-content\/uploads\/sites\/3\/2023\/12\/WhatsApp-Video-2023-12-18-at-12.16.29-1.mp4\",\"type\":\"video\/mp4\",\"title\":\"WhatsApp Video 2023-12-18 at 12.16.29 (1)\",\"caption\":\"\",\"description\":\"\",\"meta\":{\"length_formatted\":\"0:21\"},\"dimensions\":{\"original\":{\"width\":368,\"height\":656},\"resized\":{\"width\":640,\"height\":1141}},\"image\":{\"src\":\"https:\/\/redenoticiaz.com.br\/litoralsp\/wp-includes\/images\/media\/video.svg\",\"width\":48,\"height\":64},\"thumb\":{\"src\":\"https:\/\/redenoticiaz.com.br\/litoralsp\/wp-includes\/images\/media\/video.svg\",\"width\":48,\"height\":64}}]}<\/script>\n<\/div>\n\t\n<p>Ainda de acordo com as informa\u00e7\u00f5es, o motociclista aparece sentado na moto quando uma dupla para do lado e tenta roubar o ve\u00edculo.<\/p>\n<p>A v\u00edtima fica com uma de suas m\u00e3os segurando a moto, e os bandidos n\u00e3o conseguem dar partida na moto e acabam desistindo da a\u00e7\u00e3o.<\/p>\n<p><strong>Leia mais<\/strong><\/p>\n<p><a href=\"https:\/\/redenoticiaz.com.br\/litoralsp\/2023\/12\/15\/santos-rock-festival-abre-as-vendas-dos-ingressos\">Santos Rock Festival abre as vendas dos ingressos<\/a><\/p>\n<p><a href=\"https:\/\/redenoticiaz.com.br\/litoralsp\/2023\/12\/13\/projeto-do-tunel-submerso-entre-santos-e-guaruja-e-apresentado\">Projeto do\u00a0t\u00fanel submerso\u00a0entre\u00a0Santos\u00a0e\u00a0Guaruj\u00e1 \u00e9 apresentado<\/a><\/p>\n","protected":false},"excerpt":{"rendered":"<p>Imagens divulgadas em redes sociais mostram um motociclista sofreu uma tentativa de assalto em um viaduto na \u00e1rea central da cidade de Santos. De acordo com as informa\u00e7\u00f5es, n\u00e3o h\u00e1 como confirmar a data em que as imagens foram feitas, mas mostram a \u00e1rea do viaduto pr\u00f3ximo a Rodovi\u00e1ria da cidade. Ainda de acordo com &hellip;<\/p>\n","protected":false},"author":12,"featured_media":113057,"comment_status":"open","ping_status":"closed","sticky":false,"template":"","format":"standard","meta":{"footnotes":""},"categories":[180],"tags":[986,64609],"class_list":["post-113055","post","type-post","status-publish","format-standard","has-post-thumbnail","hentry","category-santos","tag-santos","tag-semaforo"],"yoast_head":"<!-- This site is optimized with the Yoast SEO plugin v27.5 - https:\/\/yoast.com\/product\/yoast-seo-wordpress\/ -->\n<title>V\u00cdDEO \u2013 Motociclista sofre tentativa de assalto em viaduto de Santos - Litoral SP<\/title>\n<meta name=\"description\" content=\"Imagens divulgadas em redes sociais mostram um motociclista sofreu uma tentativa de assalto em um viaduto na \u00e1rea central da cidade de Santos.\" \/>\n<meta name=\"robots\" content=\"index, follow, max-snippet:-1, max-image-preview:large, max-video-preview:-1\" \/>\n<link rel=\"canonical\" href=\"https:\/\/redenoticiaz.com.br\/litoralsp\/2023\/12\/18\/video-motociclista-sofre-tentativa-de-assalto-em-viaduto-de-santos\" \/>\n<meta property=\"og:locale\" content=\"pt_BR\" \/>\n<meta property=\"og:type\" content=\"article\" \/>\n<meta property=\"og:title\" content=\"V\u00cdDEO \u2013 Motociclista sofre tentativa de assalto em viaduto de Santos - Litoral SP\" \/>\n<meta property=\"og:description\" content=\"Imagens divulgadas em redes sociais mostram um motociclista sofreu uma tentativa de assalto em um viaduto na \u00e1rea central da cidade de Santos.\" \/>\n<meta property=\"og:url\" content=\"https:\/\/redenoticiaz.com.br\/litoralsp\/2023\/12\/18\/video-motociclista-sofre-tentativa-de-assalto-em-viaduto-de-santos\" \/>\n<meta property=\"og:site_name\" content=\"Litoral SP\" \/>\n<meta property=\"article:published_time\" content=\"2023-12-19T00:39:24+00:00\" \/>\n<meta property=\"article:modified_time\" content=\"2023-12-19T18:22:20+00:00\" \/>\n<meta property=\"og:image\" content=\"https:\/\/redenoticiaz.com.br\/litoralsp\/wp-content\/uploads\/sites\/3\/2023\/12\/WhatsApp-Image-2023-12-18-at-21.38.49.jpeg\" \/>\n\t<meta property=\"og:image:width\" content=\"1600\" \/>\n\t<meta property=\"og:image:height\" content=\"900\" \/>\n\t<meta property=\"og:image:type\" content=\"image\/jpeg\" \/>\n<meta name=\"author\" content=\"Gustavo Silva\" \/>\n<meta name=\"twitter:card\" content=\"summary_large_image\" \/>\n<meta name=\"twitter:label1\" content=\"Escrito por\" \/>\n\t<meta name=\"twitter:data1\" content=\"Gustavo Silva\" \/>\n\t<meta name=\"twitter:label2\" content=\"Est. tempo de leitura\" \/>\n\t<meta name=\"twitter:data2\" content=\"1 minuto\" \/>\n<script type=\"application\/ld+json\" class=\"yoast-schema-graph\">{\"@context\":\"https:\\\/\\\/schema.org\",\"@graph\":[{\"@type\":\"Article\",\"@id\":\"https:\\\/\\\/redenoticiaz.com.br\\\/litoralsp\\\/2023\\\/12\\\/18\\\/video-motociclista-sofre-tentativa-de-assalto-em-viaduto-de-santos#article\",\"isPartOf\":{\"@id\":\"https:\\\/\\\/redenoticiaz.com.br\\\/litoralsp\\\/2023\\\/12\\\/18\\\/video-motociclista-sofre-tentativa-de-assalto-em-viaduto-de-santos\"},\"author\":{\"name\":\"Gustavo Silva\",\"@id\":\"https:\\\/\\\/redenoticiaz.com.br\\\/litoralsp\\\/#\\\/schema\\\/person\\\/16057b37a3c0ee6b096d7f887c566e2e\"},\"headline\":\"V\u00cdDEO \u2013 Motociclista sofre tentativa de assalto em viaduto de Santos\",\"datePublished\":\"2023-12-19T00:39:24+00:00\",\"dateModified\":\"2023-12-19T18:22:20+00:00\",\"mainEntityOfPage\":{\"@id\":\"https:\\\/\\\/redenoticiaz.com.br\\\/litoralsp\\\/2023\\\/12\\\/18\\\/video-motociclista-sofre-tentativa-de-assalto-em-viaduto-de-santos\"},\"wordCount\":144,\"commentCount\":0,\"publisher\":{\"@id\":\"https:\\\/\\\/redenoticiaz.com.br\\\/litoralsp\\\/#organization\"},\"image\":{\"@id\":\"https:\\\/\\\/redenoticiaz.com.br\\\/litoralsp\\\/2023\\\/12\\\/18\\\/video-motociclista-sofre-tentativa-de-assalto-em-viaduto-de-santos#primaryimage\"},\"thumbnailUrl\":\"https:\\\/\\\/redenoticiaz.com.br\\\/litoralsp\\\/wp-content\\\/uploads\\\/sites\\\/3\\\/2023\\\/12\\\/WhatsApp-Image-2023-12-18-at-21.38.49.jpeg\",\"keywords\":[\"Santos\",\"sem\u00e1foro\"],\"articleSection\":[\"Santos\"],\"inLanguage\":\"pt-BR\",\"potentialAction\":[{\"@type\":\"CommentAction\",\"name\":\"Comment\",\"target\":[\"https:\\\/\\\/redenoticiaz.com.br\\\/litoralsp\\\/2023\\\/12\\\/18\\\/video-motociclista-sofre-tentativa-de-assalto-em-viaduto-de-santos#respond\"]}]},{\"@type\":\"WebPage\",\"@id\":\"https:\\\/\\\/redenoticiaz.com.br\\\/litoralsp\\\/2023\\\/12\\\/18\\\/video-motociclista-sofre-tentativa-de-assalto-em-viaduto-de-santos\",\"url\":\"https:\\\/\\\/redenoticiaz.com.br\\\/litoralsp\\\/2023\\\/12\\\/18\\\/video-motociclista-sofre-tentativa-de-assalto-em-viaduto-de-santos\",\"name\":\"V\u00cdDEO \u2013 Motociclista sofre tentativa de assalto em viaduto de Santos - Litoral SP\",\"isPartOf\":{\"@id\":\"https:\\\/\\\/redenoticiaz.com.br\\\/litoralsp\\\/#website\"},\"primaryImageOfPage\":{\"@id\":\"https:\\\/\\\/redenoticiaz.com.br\\\/litoralsp\\\/2023\\\/12\\\/18\\\/video-motociclista-sofre-tentativa-de-assalto-em-viaduto-de-santos#primaryimage\"},\"image\":{\"@id\":\"https:\\\/\\\/redenoticiaz.com.br\\\/litoralsp\\\/2023\\\/12\\\/18\\\/video-motociclista-sofre-tentativa-de-assalto-em-viaduto-de-santos#primaryimage\"},\"thumbnailUrl\":\"https:\\\/\\\/redenoticiaz.com.br\\\/litoralsp\\\/wp-content\\\/uploads\\\/sites\\\/3\\\/2023\\\/12\\\/WhatsApp-Image-2023-12-18-at-21.38.49.jpeg\",\"datePublished\":\"2023-12-19T00:39:24+00:00\",\"dateModified\":\"2023-12-19T18:22:20+00:00\",\"description\":\"Imagens divulgadas em redes sociais mostram um motociclista sofreu uma tentativa de assalto em um viaduto na \u00e1rea central da cidade de Santos.\",\"inLanguage\":\"pt-BR\",\"potentialAction\":[{\"@type\":\"ReadAction\",\"target\":[\"https:\\\/\\\/redenoticiaz.com.br\\\/litoralsp\\\/2023\\\/12\\\/18\\\/video-motociclista-sofre-tentativa-de-assalto-em-viaduto-de-santos\"]}]},{\"@type\":\"ImageObject\",\"inLanguage\":\"pt-BR\",\"@id\":\"https:\\\/\\\/redenoticiaz.com.br\\\/litoralsp\\\/2023\\\/12\\\/18\\\/video-motociclista-sofre-tentativa-de-assalto-em-viaduto-de-santos#primaryimage\",\"url\":\"https:\\\/\\\/redenoticiaz.com.br\\\/litoralsp\\\/wp-content\\\/uploads\\\/sites\\\/3\\\/2023\\\/12\\\/WhatsApp-Image-2023-12-18-at-21.38.49.jpeg\",\"contentUrl\":\"https:\\\/\\\/redenoticiaz.com.br\\\/litoralsp\\\/wp-content\\\/uploads\\\/sites\\\/3\\\/2023\\\/12\\\/WhatsApp-Image-2023-12-18-at-21.38.49.jpeg\",\"width\":1600,\"height\":900},{\"@type\":\"WebSite\",\"@id\":\"https:\\\/\\\/redenoticiaz.com.br\\\/litoralsp\\\/#website\",\"url\":\"https:\\\/\\\/redenoticiaz.com.br\\\/litoralsp\\\/\",\"name\":\"Litoral SP\",\"description\":\"Rede NoticiaZ\",\"publisher\":{\"@id\":\"https:\\\/\\\/redenoticiaz.com.br\\\/litoralsp\\\/#organization\"},\"potentialAction\":[{\"@type\":\"SearchAction\",\"target\":{\"@type\":\"EntryPoint\",\"urlTemplate\":\"https:\\\/\\\/redenoticiaz.com.br\\\/litoralsp\\\/?s={search_term_string}\"},\"query-input\":{\"@type\":\"PropertyValueSpecification\",\"valueRequired\":true,\"valueName\":\"search_term_string\"}}],\"inLanguage\":\"pt-BR\"},{\"@type\":\"Organization\",\"@id\":\"https:\\\/\\\/redenoticiaz.com.br\\\/litoralsp\\\/#organization\",\"name\":\"Litoral SP\",\"url\":\"https:\\\/\\\/redenoticiaz.com.br\\\/litoralsp\\\/\",\"logo\":{\"@type\":\"ImageObject\",\"inLanguage\":\"pt-BR\",\"@id\":\"https:\\\/\\\/redenoticiaz.com.br\\\/litoralsp\\\/#\\\/schema\\\/logo\\\/image\\\/\",\"url\":\"https:\\\/\\\/redenoticiaz.com.br\\\/litoralsp\\\/wp-content\\\/uploads\\\/sites\\\/3\\\/2020\\\/11\\\/logo.jpg\",\"contentUrl\":\"https:\\\/\\\/redenoticiaz.com.br\\\/litoralsp\\\/wp-content\\\/uploads\\\/sites\\\/3\\\/2020\\\/11\\\/logo.jpg\",\"width\":400,\"height\":250,\"caption\":\"Litoral SP\"},\"image\":{\"@id\":\"https:\\\/\\\/redenoticiaz.com.br\\\/litoralsp\\\/#\\\/schema\\\/logo\\\/image\\\/\"}},{\"@type\":\"Person\",\"@id\":\"https:\\\/\\\/redenoticiaz.com.br\\\/litoralsp\\\/#\\\/schema\\\/person\\\/16057b37a3c0ee6b096d7f887c566e2e\",\"name\":\"Gustavo Silva\",\"image\":{\"@type\":\"ImageObject\",\"inLanguage\":\"pt-BR\",\"@id\":\"https:\\\/\\\/secure.gravatar.com\\\/avatar\\\/3ee4e82f93b26de0a7cf4ea5eb7893da637ed6bb0c9170c58065944c56e28a33?s=96&d=mm&r=g\",\"url\":\"https:\\\/\\\/secure.gravatar.com\\\/avatar\\\/3ee4e82f93b26de0a7cf4ea5eb7893da637ed6bb0c9170c58065944c56e28a33?s=96&d=mm&r=g\",\"contentUrl\":\"https:\\\/\\\/secure.gravatar.com\\\/avatar\\\/3ee4e82f93b26de0a7cf4ea5eb7893da637ed6bb0c9170c58065944c56e28a33?s=96&d=mm&r=g\",\"caption\":\"Gustavo Silva\"},\"url\":\"https:\\\/\\\/redenoticiaz.com.br\\\/litoralsp\\\/author\\\/gustavosilva\"}]}<\/script>\n<!-- \/ Yoast SEO plugin. -->","yoast_head_json":{"title":"V\u00cdDEO \u2013 Motociclista sofre tentativa de assalto em viaduto de Santos - Litoral SP","description":"Imagens divulgadas em redes sociais mostram um motociclista sofreu uma tentativa de assalto em um viaduto na \u00e1rea central da cidade de Santos.","robots":{"index":"index","follow":"follow","max-snippet":"max-snippet:-1","max-image-preview":"max-image-preview:large","max-video-preview":"max-video-preview:-1"},"canonical":"https:\/\/redenoticiaz.com.br\/litoralsp\/2023\/12\/18\/video-motociclista-sofre-tentativa-de-assalto-em-viaduto-de-santos","og_locale":"pt_BR","og_type":"article","og_title":"V\u00cdDEO \u2013 Motociclista sofre tentativa de assalto em viaduto de Santos - Litoral SP","og_description":"Imagens divulgadas em redes sociais mostram um motociclista sofreu uma tentativa de assalto em um viaduto na \u00e1rea central da cidade de Santos.","og_url":"https:\/\/redenoticiaz.com.br\/litoralsp\/2023\/12\/18\/video-motociclista-sofre-tentativa-de-assalto-em-viaduto-de-santos","og_site_name":"Litoral SP","article_published_time":"2023-12-19T00:39:24+00:00","article_modified_time":"2023-12-19T18:22:20+00:00","og_image":[{"width":1600,"height":900,"url":"https:\/\/redenoticiaz.com.br\/litoralsp\/wp-content\/uploads\/sites\/3\/2023\/12\/WhatsApp-Image-2023-12-18-at-21.38.49.jpeg","type":"image\/jpeg"}],"author":"Gustavo Silva","twitter_card":"summary_large_image","twitter_misc":{"Escrito por":"Gustavo Silva","Est. tempo de leitura":"1 minuto"},"schema":{"@context":"https:\/\/schema.org","@graph":[{"@type":"Article","@id":"https:\/\/redenoticiaz.com.br\/litoralsp\/2023\/12\/18\/video-motociclista-sofre-tentativa-de-assalto-em-viaduto-de-santos#article","isPartOf":{"@id":"https:\/\/redenoticiaz.com.br\/litoralsp\/2023\/12\/18\/video-motociclista-sofre-tentativa-de-assalto-em-viaduto-de-santos"},"author":{"name":"Gustavo Silva","@id":"https:\/\/redenoticiaz.com.br\/litoralsp\/#\/schema\/person\/16057b37a3c0ee6b096d7f887c566e2e"},"headline":"V\u00cdDEO \u2013 Motociclista sofre tentativa de assalto em viaduto de Santos","datePublished":"2023-12-19T00:39:24+00:00","dateModified":"2023-12-19T18:22:20+00:00","mainEntityOfPage":{"@id":"https:\/\/redenoticiaz.com.br\/litoralsp\/2023\/12\/18\/video-motociclista-sofre-tentativa-de-assalto-em-viaduto-de-santos"},"wordCount":144,"commentCount":0,"publisher":{"@id":"https:\/\/redenoticiaz.com.br\/litoralsp\/#organization"},"image":{"@id":"https:\/\/redenoticiaz.com.br\/litoralsp\/2023\/12\/18\/video-motociclista-sofre-tentativa-de-assalto-em-viaduto-de-santos#primaryimage"},"thumbnailUrl":"https:\/\/redenoticiaz.com.br\/litoralsp\/wp-content\/uploads\/sites\/3\/2023\/12\/WhatsApp-Image-2023-12-18-at-21.38.49.jpeg","keywords":["Santos","sem\u00e1foro"],"articleSection":["Santos"],"inLanguage":"pt-BR","potentialAction":[{"@type":"CommentAction","name":"Comment","target":["https:\/\/redenoticiaz.com.br\/litoralsp\/2023\/12\/18\/video-motociclista-sofre-tentativa-de-assalto-em-viaduto-de-santos#respond"]}]},{"@type":"WebPage","@id":"https:\/\/redenoticiaz.com.br\/litoralsp\/2023\/12\/18\/video-motociclista-sofre-tentativa-de-assalto-em-viaduto-de-santos","url":"https:\/\/redenoticiaz.com.br\/litoralsp\/2023\/12\/18\/video-motociclista-sofre-tentativa-de-assalto-em-viaduto-de-santos","name":"V\u00cdDEO \u2013 Motociclista sofre tentativa de assalto em viaduto de Santos - Litoral SP","isPartOf":{"@id":"https:\/\/redenoticiaz.com.br\/litoralsp\/#website"},"primaryImageOfPage":{"@id":"https:\/\/redenoticiaz.com.br\/litoralsp\/2023\/12\/18\/video-motociclista-sofre-tentativa-de-assalto-em-viaduto-de-santos#primaryimage"},"image":{"@id":"https:\/\/redenoticiaz.com.br\/litoralsp\/2023\/12\/18\/video-motociclista-sofre-tentativa-de-assalto-em-viaduto-de-santos#primaryimage"},"thumbnailUrl":"https:\/\/redenoticiaz.com.br\/litoralsp\/wp-content\/uploads\/sites\/3\/2023\/12\/WhatsApp-Image-2023-12-18-at-21.38.49.jpeg","datePublished":"2023-12-19T00:39:24+00:00","dateModified":"2023-12-19T18:22:20+00:00","description":"Imagens divulgadas em redes sociais mostram um motociclista sofreu uma tentativa de assalto em um viaduto na \u00e1rea central da cidade de Santos.","inLanguage":"pt-BR","potentialAction":[{"@type":"ReadAction","target":["https:\/\/redenoticiaz.com.br\/litoralsp\/2023\/12\/18\/video-motociclista-sofre-tentativa-de-assalto-em-viaduto-de-santos"]}]},{"@type":"ImageObject","inLanguage":"pt-BR","@id":"https:\/\/redenoticiaz.com.br\/litoralsp\/2023\/12\/18\/video-motociclista-sofre-tentativa-de-assalto-em-viaduto-de-santos#primaryimage","url":"https:\/\/redenoticiaz.com.br\/litoralsp\/wp-content\/uploads\/sites\/3\/2023\/12\/WhatsApp-Image-2023-12-18-at-21.38.49.jpeg","contentUrl":"https:\/\/redenoticiaz.com.br\/litoralsp\/wp-content\/uploads\/sites\/3\/2023\/12\/WhatsApp-Image-2023-12-18-at-21.38.49.jpeg","width":1600,"height":900},{"@type":"WebSite","@id":"https:\/\/redenoticiaz.com.br\/litoralsp\/#website","url":"https:\/\/redenoticiaz.com.br\/litoralsp\/","name":"Litoral SP","description":"Rede NoticiaZ","publisher":{"@id":"https:\/\/redenoticiaz.com.br\/litoralsp\/#organization"},"potentialAction":[{"@type":"SearchAction","target":{"@type":"EntryPoint","urlTemplate":"https:\/\/redenoticiaz.com.br\/litoralsp\/?s={search_term_string}"},"query-input":{"@type":"PropertyValueSpecification","valueRequired":true,"valueName":"search_term_string"}}],"inLanguage":"pt-BR"},{"@type":"Organization","@id":"https:\/\/redenoticiaz.com.br\/litoralsp\/#organization","name":"Litoral SP","url":"https:\/\/redenoticiaz.com.br\/litoralsp\/","logo":{"@type":"ImageObject","inLanguage":"pt-BR","@id":"https:\/\/redenoticiaz.com.br\/litoralsp\/#\/schema\/logo\/image\/","url":"https:\/\/redenoticiaz.com.br\/litoralsp\/wp-content\/uploads\/sites\/3\/2020\/11\/logo.jpg","contentUrl":"https:\/\/redenoticiaz.com.br\/litoralsp\/wp-content\/uploads\/sites\/3\/2020\/11\/logo.jpg","width":400,"height":250,"caption":"Litoral SP"},"image":{"@id":"https:\/\/redenoticiaz.com.br\/litoralsp\/#\/schema\/logo\/image\/"}},{"@type":"Person","@id":"https:\/\/redenoticiaz.com.br\/litoralsp\/#\/schema\/person\/16057b37a3c0ee6b096d7f887c566e2e","name":"Gustavo Silva","image":{"@type":"ImageObject","inLanguage":"pt-BR","@id":"https:\/\/secure.gravatar.com\/avatar\/3ee4e82f93b26de0a7cf4ea5eb7893da637ed6bb0c9170c58065944c56e28a33?s=96&d=mm&r=g","url":"https:\/\/secure.gravatar.com\/avatar\/3ee4e82f93b26de0a7cf4ea5eb7893da637ed6bb0c9170c58065944c56e28a33?s=96&d=mm&r=g","contentUrl":"https:\/\/secure.gravatar.com\/avatar\/3ee4e82f93b26de0a7cf4ea5eb7893da637ed6bb0c9170c58065944c56e28a33?s=96&d=mm&r=g","caption":"Gustavo Silva"},"url":"https:\/\/redenoticiaz.com.br\/litoralsp\/author\/gustavosilva"}]}},"_links":{"self":[{"href":"https:\/\/redenoticiaz.com.br\/litoralsp\/wp-json\/wp\/v2\/posts\/113055","targetHints":{"allow":["GET"]}}],"collection":[{"href":"https:\/\/redenoticiaz.com.br\/litoralsp\/wp-json\/wp\/v2\/posts"}],"about":[{"href":"https:\/\/redenoticiaz.com.br\/litoralsp\/wp-json\/wp\/v2\/types\/post"}],"author":[{"embeddable":true,"href":"https:\/\/redenoticiaz.com.br\/litoralsp\/wp-json\/wp\/v2\/users\/12"}],"replies":[{"embeddable":true,"href":"https:\/\/redenoticiaz.com.br\/litoralsp\/wp-json\/wp\/v2\/comments?post=113055"}],"version-history":[{"count":2,"href":"https:\/\/redenoticiaz.com.br\/litoralsp\/wp-json\/wp\/v2\/posts\/113055\/revisions"}],"predecessor-version":[{"id":113098,"href":"https:\/\/redenoticiaz.com.br\/litoralsp\/wp-json\/wp\/v2\/posts\/113055\/revisions\/113098"}],"wp:featuredmedia":[{"embeddable":true,"href":"https:\/\/redenoticiaz.com.br\/litoralsp\/wp-json\/wp\/v2\/media\/113057"}],"wp:attachment":[{"href":"https:\/\/redenoticiaz.com.br\/litoralsp\/wp-json\/wp\/v2\/media?parent=113055"}],"wp:term":[{"taxonomy":"category","embeddable":true,"href":"https:\/\/redenoticiaz.com.br\/litoralsp\/wp-json\/wp\/v2\/categories?post=113055"},{"taxonomy":"post_tag","embeddable":true,"href":"https:\/\/redenoticiaz.com.br\/litoralsp\/wp-json\/wp\/v2\/tags?post=113055"}],"curies":[{"name":"wp","href":"https:\/\/api.w.org\/{rel}","templated":true}]}}