{"id":113091,"date":"2023-12-19T12:46:59","date_gmt":"2023-12-19T15:46:59","guid":{"rendered":"https:\/\/redenoticiaz.com.br\/litoralsp\/2023\/12\/19\/renato-cariani-e-indiciado-por-associacao-ao-trafico-de-drogas-e-outros-crimes"},"modified":"2023-12-19T12:46:59","modified_gmt":"2023-12-19T15:46:59","slug":"renato-cariani-e-indiciado-por-associacao-ao-trafico-de-drogas-e-outros-crimes","status":"publish","type":"post","link":"https:\/\/redenoticiaz.com.br\/litoralsp\/2023\/12\/19\/renato-cariani-e-indiciado-por-associacao-ao-trafico-de-drogas-e-outros-crimes","title":{"rendered":"Renato Cariani \u00e9 indiciado por associa\u00e7\u00e3o ao tr\u00e1fico de drogas e outros crimes"},"content":{"rendered":"<p>A Pol\u00edcia Federal indiciou o influencer fitness Renato Cariani, 47 anos, por associa\u00e7\u00e3o ao tr\u00e1fico de drogas, lavagem de dinheiro e tr\u00e1fico equiparado, com penas que ultrapassam 26 anos. O Minist\u00e9rio P\u00fablico de S\u00e3o Paulo pode formular um novo pedido de pris\u00e3o nos pr\u00f3ximos dias.<\/p>\n<p>Cariani prestou depoimento por cinco horas e teve o indiciamento feito antes de se manifestar sobre as acusa\u00e7\u00f5es. A investiga\u00e7\u00e3o revelou que sua empresa vendia insumos para o tr\u00e1fico, simulando transa\u00e7\u00f5es leg\u00edtimas.<\/p>\n<p>O s\u00f3cio e intermedi\u00e1rio na liga\u00e7\u00e3o com o tr\u00e1fico tamb\u00e9m ser\u00e1 ouvido. A defesa de Cariani destaca sua boa-f\u00e9 no esclarecimento dos fatos.<\/p>\n<p>A opera\u00e7\u00e3o Hinsberg revelou ainda fraudes na retirada e pagamento dos produtos, envolvendo quantidades significativas de subst\u00e2ncias qu\u00edmicas.<\/p>\n<p>LEIA MAIS<\/p>\n<p><a href=\"https:\/\/redenoticiaz.com.br\/blog\/2023\/12\/19\/confira-o-aplicativo-celular-seguro-contra-roubos-e-furtos-lancado-pelo-governo\">Confira o aplicativo \u2018Celular Seguro\u2019 contra roubos e furtos lan\u00e7ado pelo Governo<\/a><\/p>\n<p><a href=\"https:\/\/redenoticiaz.com.br\/blog\/2023\/12\/19\/crianca-de-quatro-anos-e-encontrada-morta-dentro-de-van-escolar\">Crian\u00e7a de quatro anos \u00e9 encontrada morta dentro de van escolar<\/a><\/p>\n","protected":false},"excerpt":{"rendered":"<p>A Pol\u00edcia Federal indiciou o influencer fitness Renato Cariani, 47 anos, por associa\u00e7\u00e3o ao tr\u00e1fico de drogas, lavagem de dinheiro e tr\u00e1fico equiparado, com penas que ultrapassam 26 anos. O Minist\u00e9rio P\u00fablico de S\u00e3o Paulo pode formular um novo pedido de pris\u00e3o nos pr\u00f3ximos dias. Cariani prestou depoimento por cinco horas e teve o indiciamento &hellip;<\/p>\n","protected":false},"author":30,"featured_media":113092,"comment_status":"open","ping_status":"closed","sticky":false,"template":"","format":"standard","meta":{"footnotes":""},"categories":[10],"tags":[48014,67741],"class_list":["post-113091","post","type-post","status-publish","format-standard","has-post-thumbnail","hentry","category-policia","tag-associacao-ao-trafico","tag-cariani"],"yoast_head":"<!-- This site is optimized with the Yoast SEO plugin v27.5 - https:\/\/yoast.com\/product\/yoast-seo-wordpress\/ -->\n<title>Renato Cariani \u00e9 indiciado por associa\u00e7\u00e3o ao tr\u00e1fico de drogas e outros crimes - Litoral SP<\/title>\n<meta name=\"description\" content=\"A Pol\u00edcia Federal indiciou o influencer fitness Renato Cariani, 47 anos, por associa\u00e7\u00e3o ao tr\u00e1fico de drogas, lavagem de dinheiro e tr\u00e1fico equiparado.\" \/>\n<meta name=\"robots\" content=\"index, follow, max-snippet:-1, max-image-preview:large, max-video-preview:-1\" \/>\n<link rel=\"canonical\" href=\"https:\/\/redenoticiaz.com.br\/litoralsp\/2023\/12\/19\/renato-cariani-e-indiciado-por-associacao-ao-trafico-de-drogas-e-outros-crimes\" \/>\n<meta property=\"og:locale\" content=\"pt_BR\" \/>\n<meta property=\"og:type\" content=\"article\" \/>\n<meta property=\"og:title\" content=\"Renato Cariani \u00e9 indiciado por associa\u00e7\u00e3o ao tr\u00e1fico de drogas e outros crimes - Litoral SP\" \/>\n<meta property=\"og:description\" content=\"A Pol\u00edcia Federal indiciou o influencer fitness Renato Cariani, 47 anos, por associa\u00e7\u00e3o ao tr\u00e1fico de drogas, lavagem de dinheiro e tr\u00e1fico equiparado.\" \/>\n<meta property=\"og:url\" content=\"https:\/\/redenoticiaz.com.br\/litoralsp\/2023\/12\/19\/renato-cariani-e-indiciado-por-associacao-ao-trafico-de-drogas-e-outros-crimes\" \/>\n<meta property=\"og:site_name\" content=\"Litoral SP\" \/>\n<meta property=\"article:published_time\" content=\"2023-12-19T15:46:59+00:00\" \/>\n<meta property=\"og:image\" content=\"https:\/\/redenoticiaz.com.br\/litoralsp\/wp-content\/uploads\/sites\/3\/2023\/12\/Captura-de-tela-2023-12-19-124021.jpg?v=1703000756\" \/>\n\t<meta property=\"og:image:width\" content=\"323\" \/>\n\t<meta property=\"og:image:height\" content=\"283\" \/>\n\t<meta property=\"og:image:type\" content=\"image\/jpeg\" \/>\n<meta name=\"author\" content=\"Carina Reifonas\" \/>\n<meta name=\"twitter:card\" content=\"summary_large_image\" \/>\n<meta name=\"twitter:label1\" content=\"Escrito por\" \/>\n\t<meta name=\"twitter:data1\" content=\"Carina Reifonas\" \/>\n\t<meta name=\"twitter:label2\" content=\"Est. tempo de leitura\" \/>\n\t<meta name=\"twitter:data2\" content=\"1 minuto\" \/>\n<script type=\"application\/ld+json\" class=\"yoast-schema-graph\">{\"@context\":\"https:\\\/\\\/schema.org\",\"@graph\":[{\"@type\":\"Article\",\"@id\":\"https:\\\/\\\/redenoticiaz.com.br\\\/litoralsp\\\/2023\\\/12\\\/19\\\/renato-cariani-e-indiciado-por-associacao-ao-trafico-de-drogas-e-outros-crimes#article\",\"isPartOf\":{\"@id\":\"https:\\\/\\\/redenoticiaz.com.br\\\/litoralsp\\\/2023\\\/12\\\/19\\\/renato-cariani-e-indiciado-por-associacao-ao-trafico-de-drogas-e-outros-crimes\"},\"author\":{\"name\":\"Carina Reifonas\",\"@id\":\"https:\\\/\\\/redenoticiaz.com.br\\\/litoralsp\\\/#\\\/schema\\\/person\\\/1f84d6e94e6a62d2d81199d7503e9e90\"},\"headline\":\"Renato Cariani \u00e9 indiciado por associa\u00e7\u00e3o ao tr\u00e1fico de drogas e outros crimes\",\"datePublished\":\"2023-12-19T15:46:59+00:00\",\"mainEntityOfPage\":{\"@id\":\"https:\\\/\\\/redenoticiaz.com.br\\\/litoralsp\\\/2023\\\/12\\\/19\\\/renato-cariani-e-indiciado-por-associacao-ao-trafico-de-drogas-e-outros-crimes\"},\"wordCount\":178,\"commentCount\":0,\"publisher\":{\"@id\":\"https:\\\/\\\/redenoticiaz.com.br\\\/litoralsp\\\/#organization\"},\"image\":{\"@id\":\"https:\\\/\\\/redenoticiaz.com.br\\\/litoralsp\\\/2023\\\/12\\\/19\\\/renato-cariani-e-indiciado-por-associacao-ao-trafico-de-drogas-e-outros-crimes#primaryimage\"},\"thumbnailUrl\":\"https:\\\/\\\/redenoticiaz.com.br\\\/litoralsp\\\/wp-content\\\/uploads\\\/sites\\\/3\\\/2023\\\/12\\\/Captura-de-tela-2023-12-19-124021.jpg?v=1703000756\",\"keywords\":[\"Associa\u00e7\u00e3o ao tr\u00e1fico\",\"Cariani\"],\"articleSection\":[\"Pol\u00edcia\"],\"inLanguage\":\"pt-BR\",\"potentialAction\":[{\"@type\":\"CommentAction\",\"name\":\"Comment\",\"target\":[\"https:\\\/\\\/redenoticiaz.com.br\\\/litoralsp\\\/2023\\\/12\\\/19\\\/renato-cariani-e-indiciado-por-associacao-ao-trafico-de-drogas-e-outros-crimes#respond\"]}]},{\"@type\":\"WebPage\",\"@id\":\"https:\\\/\\\/redenoticiaz.com.br\\\/litoralsp\\\/2023\\\/12\\\/19\\\/renato-cariani-e-indiciado-por-associacao-ao-trafico-de-drogas-e-outros-crimes\",\"url\":\"https:\\\/\\\/redenoticiaz.com.br\\\/litoralsp\\\/2023\\\/12\\\/19\\\/renato-cariani-e-indiciado-por-associacao-ao-trafico-de-drogas-e-outros-crimes\",\"name\":\"Renato Cariani \u00e9 indiciado por associa\u00e7\u00e3o ao tr\u00e1fico de drogas e outros crimes - Litoral SP\",\"isPartOf\":{\"@id\":\"https:\\\/\\\/redenoticiaz.com.br\\\/litoralsp\\\/#website\"},\"primaryImageOfPage\":{\"@id\":\"https:\\\/\\\/redenoticiaz.com.br\\\/litoralsp\\\/2023\\\/12\\\/19\\\/renato-cariani-e-indiciado-por-associacao-ao-trafico-de-drogas-e-outros-crimes#primaryimage\"},\"image\":{\"@id\":\"https:\\\/\\\/redenoticiaz.com.br\\\/litoralsp\\\/2023\\\/12\\\/19\\\/renato-cariani-e-indiciado-por-associacao-ao-trafico-de-drogas-e-outros-crimes#primaryimage\"},\"thumbnailUrl\":\"https:\\\/\\\/redenoticiaz.com.br\\\/litoralsp\\\/wp-content\\\/uploads\\\/sites\\\/3\\\/2023\\\/12\\\/Captura-de-tela-2023-12-19-124021.jpg?v=1703000756\",\"datePublished\":\"2023-12-19T15:46:59+00:00\",\"description\":\"A Pol\u00edcia Federal indiciou o influencer fitness Renato Cariani, 47 anos, por associa\u00e7\u00e3o ao tr\u00e1fico de drogas, lavagem de dinheiro e tr\u00e1fico equiparado.\",\"inLanguage\":\"pt-BR\",\"potentialAction\":[{\"@type\":\"ReadAction\",\"target\":[\"https:\\\/\\\/redenoticiaz.com.br\\\/litoralsp\\\/2023\\\/12\\\/19\\\/renato-cariani-e-indiciado-por-associacao-ao-trafico-de-drogas-e-outros-crimes\"]}]},{\"@type\":\"ImageObject\",\"inLanguage\":\"pt-BR\",\"@id\":\"https:\\\/\\\/redenoticiaz.com.br\\\/litoralsp\\\/2023\\\/12\\\/19\\\/renato-cariani-e-indiciado-por-associacao-ao-trafico-de-drogas-e-outros-crimes#primaryimage\",\"url\":\"https:\\\/\\\/redenoticiaz.com.br\\\/litoralsp\\\/wp-content\\\/uploads\\\/sites\\\/3\\\/2023\\\/12\\\/Captura-de-tela-2023-12-19-124021.jpg?v=1703000756\",\"contentUrl\":\"https:\\\/\\\/redenoticiaz.com.br\\\/litoralsp\\\/wp-content\\\/uploads\\\/sites\\\/3\\\/2023\\\/12\\\/Captura-de-tela-2023-12-19-124021.jpg?v=1703000756\",\"width\":323,\"height\":283,\"caption\":\"Renato Cariani \u00e9 indiciado por associa\u00e7\u00e3o ao tr\u00e1fico de drogas e outros crimes. Cr\u00e9dito: Reprodu\u00e7\u00e3o\"},{\"@type\":\"WebSite\",\"@id\":\"https:\\\/\\\/redenoticiaz.com.br\\\/litoralsp\\\/#website\",\"url\":\"https:\\\/\\\/redenoticiaz.com.br\\\/litoralsp\\\/\",\"name\":\"Litoral SP\",\"description\":\"Rede NoticiaZ\",\"publisher\":{\"@id\":\"https:\\\/\\\/redenoticiaz.com.br\\\/litoralsp\\\/#organization\"},\"potentialAction\":[{\"@type\":\"SearchAction\",\"target\":{\"@type\":\"EntryPoint\",\"urlTemplate\":\"https:\\\/\\\/redenoticiaz.com.br\\\/litoralsp\\\/?s={search_term_string}\"},\"query-input\":{\"@type\":\"PropertyValueSpecification\",\"valueRequired\":true,\"valueName\":\"search_term_string\"}}],\"inLanguage\":\"pt-BR\"},{\"@type\":\"Organization\",\"@id\":\"https:\\\/\\\/redenoticiaz.com.br\\\/litoralsp\\\/#organization\",\"name\":\"Litoral SP\",\"url\":\"https:\\\/\\\/redenoticiaz.com.br\\\/litoralsp\\\/\",\"logo\":{\"@type\":\"ImageObject\",\"inLanguage\":\"pt-BR\",\"@id\":\"https:\\\/\\\/redenoticiaz.com.br\\\/litoralsp\\\/#\\\/schema\\\/logo\\\/image\\\/\",\"url\":\"https:\\\/\\\/redenoticiaz.com.br\\\/litoralsp\\\/wp-content\\\/uploads\\\/sites\\\/3\\\/2020\\\/11\\\/logo.jpg\",\"contentUrl\":\"https:\\\/\\\/redenoticiaz.com.br\\\/litoralsp\\\/wp-content\\\/uploads\\\/sites\\\/3\\\/2020\\\/11\\\/logo.jpg\",\"width\":400,\"height\":250,\"caption\":\"Litoral SP\"},\"image\":{\"@id\":\"https:\\\/\\\/redenoticiaz.com.br\\\/litoralsp\\\/#\\\/schema\\\/logo\\\/image\\\/\"}},{\"@type\":\"Person\",\"@id\":\"https:\\\/\\\/redenoticiaz.com.br\\\/litoralsp\\\/#\\\/schema\\\/person\\\/1f84d6e94e6a62d2d81199d7503e9e90\",\"name\":\"Carina Reifonas\",\"image\":{\"@type\":\"ImageObject\",\"inLanguage\":\"pt-BR\",\"@id\":\"https:\\\/\\\/secure.gravatar.com\\\/avatar\\\/04c59859b23696cf867715880f81d5c037e60109730bdb4e6670ec2a2245bc97?s=96&d=mm&r=g\",\"url\":\"https:\\\/\\\/secure.gravatar.com\\\/avatar\\\/04c59859b23696cf867715880f81d5c037e60109730bdb4e6670ec2a2245bc97?s=96&d=mm&r=g\",\"contentUrl\":\"https:\\\/\\\/secure.gravatar.com\\\/avatar\\\/04c59859b23696cf867715880f81d5c037e60109730bdb4e6670ec2a2245bc97?s=96&d=mm&r=g\",\"caption\":\"Carina Reifonas\"},\"url\":\"https:\\\/\\\/redenoticiaz.com.br\\\/litoralsp\\\/author\\\/carinareifonas\"}]}<\/script>\n<!-- \/ Yoast SEO plugin. -->","yoast_head_json":{"title":"Renato Cariani \u00e9 indiciado por associa\u00e7\u00e3o ao tr\u00e1fico de drogas e outros crimes - Litoral SP","description":"A Pol\u00edcia Federal indiciou o influencer fitness Renato Cariani, 47 anos, por associa\u00e7\u00e3o ao tr\u00e1fico de drogas, lavagem de dinheiro e tr\u00e1fico equiparado.","robots":{"index":"index","follow":"follow","max-snippet":"max-snippet:-1","max-image-preview":"max-image-preview:large","max-video-preview":"max-video-preview:-1"},"canonical":"https:\/\/redenoticiaz.com.br\/litoralsp\/2023\/12\/19\/renato-cariani-e-indiciado-por-associacao-ao-trafico-de-drogas-e-outros-crimes","og_locale":"pt_BR","og_type":"article","og_title":"Renato Cariani \u00e9 indiciado por associa\u00e7\u00e3o ao tr\u00e1fico de drogas e outros crimes - Litoral SP","og_description":"A Pol\u00edcia Federal indiciou o influencer fitness Renato Cariani, 47 anos, por associa\u00e7\u00e3o ao tr\u00e1fico de drogas, lavagem de dinheiro e tr\u00e1fico equiparado.","og_url":"https:\/\/redenoticiaz.com.br\/litoralsp\/2023\/12\/19\/renato-cariani-e-indiciado-por-associacao-ao-trafico-de-drogas-e-outros-crimes","og_site_name":"Litoral SP","article_published_time":"2023-12-19T15:46:59+00:00","og_image":[{"width":323,"height":283,"url":"https:\/\/redenoticiaz.com.br\/litoralsp\/wp-content\/uploads\/sites\/3\/2023\/12\/Captura-de-tela-2023-12-19-124021.jpg?v=1703000756","type":"image\/jpeg"}],"author":"Carina Reifonas","twitter_card":"summary_large_image","twitter_misc":{"Escrito por":"Carina Reifonas","Est. tempo de leitura":"1 minuto"},"schema":{"@context":"https:\/\/schema.org","@graph":[{"@type":"Article","@id":"https:\/\/redenoticiaz.com.br\/litoralsp\/2023\/12\/19\/renato-cariani-e-indiciado-por-associacao-ao-trafico-de-drogas-e-outros-crimes#article","isPartOf":{"@id":"https:\/\/redenoticiaz.com.br\/litoralsp\/2023\/12\/19\/renato-cariani-e-indiciado-por-associacao-ao-trafico-de-drogas-e-outros-crimes"},"author":{"name":"Carina Reifonas","@id":"https:\/\/redenoticiaz.com.br\/litoralsp\/#\/schema\/person\/1f84d6e94e6a62d2d81199d7503e9e90"},"headline":"Renato Cariani \u00e9 indiciado por associa\u00e7\u00e3o ao tr\u00e1fico de drogas e outros crimes","datePublished":"2023-12-19T15:46:59+00:00","mainEntityOfPage":{"@id":"https:\/\/redenoticiaz.com.br\/litoralsp\/2023\/12\/19\/renato-cariani-e-indiciado-por-associacao-ao-trafico-de-drogas-e-outros-crimes"},"wordCount":178,"commentCount":0,"publisher":{"@id":"https:\/\/redenoticiaz.com.br\/litoralsp\/#organization"},"image":{"@id":"https:\/\/redenoticiaz.com.br\/litoralsp\/2023\/12\/19\/renato-cariani-e-indiciado-por-associacao-ao-trafico-de-drogas-e-outros-crimes#primaryimage"},"thumbnailUrl":"https:\/\/redenoticiaz.com.br\/litoralsp\/wp-content\/uploads\/sites\/3\/2023\/12\/Captura-de-tela-2023-12-19-124021.jpg?v=1703000756","keywords":["Associa\u00e7\u00e3o ao tr\u00e1fico","Cariani"],"articleSection":["Pol\u00edcia"],"inLanguage":"pt-BR","potentialAction":[{"@type":"CommentAction","name":"Comment","target":["https:\/\/redenoticiaz.com.br\/litoralsp\/2023\/12\/19\/renato-cariani-e-indiciado-por-associacao-ao-trafico-de-drogas-e-outros-crimes#respond"]}]},{"@type":"WebPage","@id":"https:\/\/redenoticiaz.com.br\/litoralsp\/2023\/12\/19\/renato-cariani-e-indiciado-por-associacao-ao-trafico-de-drogas-e-outros-crimes","url":"https:\/\/redenoticiaz.com.br\/litoralsp\/2023\/12\/19\/renato-cariani-e-indiciado-por-associacao-ao-trafico-de-drogas-e-outros-crimes","name":"Renato Cariani \u00e9 indiciado por associa\u00e7\u00e3o ao tr\u00e1fico de drogas e outros crimes - Litoral SP","isPartOf":{"@id":"https:\/\/redenoticiaz.com.br\/litoralsp\/#website"},"primaryImageOfPage":{"@id":"https:\/\/redenoticiaz.com.br\/litoralsp\/2023\/12\/19\/renato-cariani-e-indiciado-por-associacao-ao-trafico-de-drogas-e-outros-crimes#primaryimage"},"image":{"@id":"https:\/\/redenoticiaz.com.br\/litoralsp\/2023\/12\/19\/renato-cariani-e-indiciado-por-associacao-ao-trafico-de-drogas-e-outros-crimes#primaryimage"},"thumbnailUrl":"https:\/\/redenoticiaz.com.br\/litoralsp\/wp-content\/uploads\/sites\/3\/2023\/12\/Captura-de-tela-2023-12-19-124021.jpg?v=1703000756","datePublished":"2023-12-19T15:46:59+00:00","description":"A Pol\u00edcia Federal indiciou o influencer fitness Renato Cariani, 47 anos, por associa\u00e7\u00e3o ao tr\u00e1fico de drogas, lavagem de dinheiro e tr\u00e1fico equiparado.","inLanguage":"pt-BR","potentialAction":[{"@type":"ReadAction","target":["https:\/\/redenoticiaz.com.br\/litoralsp\/2023\/12\/19\/renato-cariani-e-indiciado-por-associacao-ao-trafico-de-drogas-e-outros-crimes"]}]},{"@type":"ImageObject","inLanguage":"pt-BR","@id":"https:\/\/redenoticiaz.com.br\/litoralsp\/2023\/12\/19\/renato-cariani-e-indiciado-por-associacao-ao-trafico-de-drogas-e-outros-crimes#primaryimage","url":"https:\/\/redenoticiaz.com.br\/litoralsp\/wp-content\/uploads\/sites\/3\/2023\/12\/Captura-de-tela-2023-12-19-124021.jpg?v=1703000756","contentUrl":"https:\/\/redenoticiaz.com.br\/litoralsp\/wp-content\/uploads\/sites\/3\/2023\/12\/Captura-de-tela-2023-12-19-124021.jpg?v=1703000756","width":323,"height":283,"caption":"Renato Cariani \u00e9 indiciado por associa\u00e7\u00e3o ao tr\u00e1fico de drogas e outros crimes. Cr\u00e9dito: Reprodu\u00e7\u00e3o"},{"@type":"WebSite","@id":"https:\/\/redenoticiaz.com.br\/litoralsp\/#website","url":"https:\/\/redenoticiaz.com.br\/litoralsp\/","name":"Litoral SP","description":"Rede NoticiaZ","publisher":{"@id":"https:\/\/redenoticiaz.com.br\/litoralsp\/#organization"},"potentialAction":[{"@type":"SearchAction","target":{"@type":"EntryPoint","urlTemplate":"https:\/\/redenoticiaz.com.br\/litoralsp\/?s={search_term_string}"},"query-input":{"@type":"PropertyValueSpecification","valueRequired":true,"valueName":"search_term_string"}}],"inLanguage":"pt-BR"},{"@type":"Organization","@id":"https:\/\/redenoticiaz.com.br\/litoralsp\/#organization","name":"Litoral SP","url":"https:\/\/redenoticiaz.com.br\/litoralsp\/","logo":{"@type":"ImageObject","inLanguage":"pt-BR","@id":"https:\/\/redenoticiaz.com.br\/litoralsp\/#\/schema\/logo\/image\/","url":"https:\/\/redenoticiaz.com.br\/litoralsp\/wp-content\/uploads\/sites\/3\/2020\/11\/logo.jpg","contentUrl":"https:\/\/redenoticiaz.com.br\/litoralsp\/wp-content\/uploads\/sites\/3\/2020\/11\/logo.jpg","width":400,"height":250,"caption":"Litoral SP"},"image":{"@id":"https:\/\/redenoticiaz.com.br\/litoralsp\/#\/schema\/logo\/image\/"}},{"@type":"Person","@id":"https:\/\/redenoticiaz.com.br\/litoralsp\/#\/schema\/person\/1f84d6e94e6a62d2d81199d7503e9e90","name":"Carina Reifonas","image":{"@type":"ImageObject","inLanguage":"pt-BR","@id":"https:\/\/secure.gravatar.com\/avatar\/04c59859b23696cf867715880f81d5c037e60109730bdb4e6670ec2a2245bc97?s=96&d=mm&r=g","url":"https:\/\/secure.gravatar.com\/avatar\/04c59859b23696cf867715880f81d5c037e60109730bdb4e6670ec2a2245bc97?s=96&d=mm&r=g","contentUrl":"https:\/\/secure.gravatar.com\/avatar\/04c59859b23696cf867715880f81d5c037e60109730bdb4e6670ec2a2245bc97?s=96&d=mm&r=g","caption":"Carina Reifonas"},"url":"https:\/\/redenoticiaz.com.br\/litoralsp\/author\/carinareifonas"}]}},"_links":{"self":[{"href":"https:\/\/redenoticiaz.com.br\/litoralsp\/wp-json\/wp\/v2\/posts\/113091","targetHints":{"allow":["GET"]}}],"collection":[{"href":"https:\/\/redenoticiaz.com.br\/litoralsp\/wp-json\/wp\/v2\/posts"}],"about":[{"href":"https:\/\/redenoticiaz.com.br\/litoralsp\/wp-json\/wp\/v2\/types\/post"}],"author":[{"embeddable":true,"href":"https:\/\/redenoticiaz.com.br\/litoralsp\/wp-json\/wp\/v2\/users\/30"}],"replies":[{"embeddable":true,"href":"https:\/\/redenoticiaz.com.br\/litoralsp\/wp-json\/wp\/v2\/comments?post=113091"}],"version-history":[{"count":0,"href":"https:\/\/redenoticiaz.com.br\/litoralsp\/wp-json\/wp\/v2\/posts\/113091\/revisions"}],"wp:featuredmedia":[{"embeddable":true,"href":"https:\/\/redenoticiaz.com.br\/litoralsp\/wp-json\/wp\/v2\/media\/113092"}],"wp:attachment":[{"href":"https:\/\/redenoticiaz.com.br\/litoralsp\/wp-json\/wp\/v2\/media?parent=113091"}],"wp:term":[{"taxonomy":"category","embeddable":true,"href":"https:\/\/redenoticiaz.com.br\/litoralsp\/wp-json\/wp\/v2\/categories?post=113091"},{"taxonomy":"post_tag","embeddable":true,"href":"https:\/\/redenoticiaz.com.br\/litoralsp\/wp-json\/wp\/v2\/tags?post=113091"}],"curies":[{"name":"wp","href":"https:\/\/api.w.org\/{rel}","templated":true}]}}