{"id":113124,"date":"2023-12-20T18:30:52","date_gmt":"2023-12-20T21:30:52","guid":{"rendered":"https:\/\/redenoticiaz.com.br\/litoralsp\/?p=113124"},"modified":"2023-12-20T17:12:47","modified_gmt":"2023-12-20T20:12:47","slug":"investigacao-contra-prefeito-de-guaruja-e-secretario-de-saude-e-autorizada","status":"publish","type":"post","link":"https:\/\/redenoticiaz.com.br\/litoralsp\/2023\/12\/20\/investigacao-contra-prefeito-de-guaruja-e-secretario-de-saude-e-autorizada","title":{"rendered":"Investiga\u00e7\u00e3o contra Prefeito de Guaruj\u00e1 e Secret\u00e1rio de Sa\u00fade \u00e9 autorizada"},"content":{"rendered":"<div id=\"chunk-2npaf\">\n<div class=\"mc-column content-text active-extra-styles \" data-block-type=\"unstyled\" data-block-weight=\"62\" data-block-id=\"2\">\n<p data-track-category=\"Link no Texto\" data-track-links=\"\">Uma investiga\u00e7\u00e3o contra o Prefeito de Guaruj\u00e1, Valter Suman e Secret\u00e1rio de Sa\u00fade Jos\u00e9 Humberto Sandi foi autorizada pelo desembargador federal Paulo Fontes, do Tribunal Regional Federal (TRF) da 3\u00aa Regi\u00e3o.<\/p>\n<p data-track-category=\"Link no Texto\" data-track-links=\"\">De acordo com as informa\u00e7\u00f5es, ambos ser\u00e3o investigados por poss\u00edveis crimes relativos a licita\u00e7\u00f5es e prevarica\u00e7\u00e3o em contratos firmados com uma empresa de turismo, entre 2014 e 2019.<\/p>\n<p class=\" content-text__container \" data-track-category=\"Link no Texto\" data-track-links=\"\">Ainda de acordo com as informa\u00e7\u00f5es, uma cidad\u00e3 apresentou representa\u00e7\u00e3o em 2022 apontando os eventuais delitos ao MP.<\/p>\n<p data-track-category=\"Link no Texto\" data-track-links=\"\">Sendo assim, na ocasi\u00e3o o MP apontou que os valores do contrato eram de verbas de origem federal. O Minist\u00e9rio P\u00fablico pediu para que as investiga\u00e7\u00f5es prosseguissem.<\/p>\n<p data-track-category=\"Link no Texto\" data-track-links=\"\">Por fim, foi autorizada a tramita\u00e7\u00e3o direta do inqu\u00e9rito entre o MPF e a Pol\u00edcia Federal. A \u00faltima decis\u00e3o foi assinada na \u00faltima sexta-feira (15).<\/p>\n<p data-track-category=\"Link no Texto\" data-track-links=\"\"><strong>Leia mais<\/strong><\/p>\n<p data-track-category=\"Link no Texto\" data-track-links=\"\"><a href=\"https:\/\/redenoticiaz.com.br\/litoralsp\/2023\/12\/18\/guaruja-investira-r-1-milhao-a-mais-em-apoio-ao-estado-durante-operacao-verao\">Guaruj\u00e1 investir\u00e1 R$ 1 milh\u00e3o a mais em apoio ao Estado durante Opera\u00e7\u00e3o Ver\u00e3o<\/a><\/p>\n<p data-track-category=\"Link no Texto\" data-track-links=\"\"><a href=\"https:\/\/redenoticiaz.com.br\/litoralsp\/2023\/12\/14\/corpo-de-turista-e-encontrado-em-praia-de-guaruja\">Gusttavo Lima \u00e9 a grande atra\u00e7\u00e3o da programa\u00e7\u00e3o de pr\u00e9-R\u00e9veillon do complexo Jequitimar, em Guaruj\u00e1<\/a><\/p>\n<\/div>\n<\/div>\n","protected":false},"excerpt":{"rendered":"<p>Uma investiga\u00e7\u00e3o contra o Prefeito de Guaruj\u00e1, Valter Suman e Secret\u00e1rio de Sa\u00fade Jos\u00e9 Humberto Sandi foi autorizada pelo desembargador federal Paulo Fontes, do Tribunal Regional Federal (TRF) da 3\u00aa Regi\u00e3o. De acordo com as informa\u00e7\u00f5es, ambos ser\u00e3o investigados por poss\u00edveis crimes relativos a licita\u00e7\u00f5es e prevarica\u00e7\u00e3o em contratos firmados com uma empresa de turismo, &hellip;<\/p>\n","protected":false},"author":12,"featured_media":25733,"comment_status":"open","ping_status":"closed","sticky":false,"template":"","format":"standard","meta":{"footnotes":""},"categories":[187,15],"tags":[13371,1069,1007],"class_list":["post-113124","post","type-post","status-publish","format-standard","has-post-thumbnail","hentry","category-guaruja","category-politica","tag-investigacao-2","tag-prefeito","tag-valter-suman"],"yoast_head":"<!-- This site is optimized with the Yoast SEO plugin v27.5 - https:\/\/yoast.com\/product\/yoast-seo-wordpress\/ -->\n<title>Investiga\u00e7\u00e3o contra Prefeito de Guaruj\u00e1 e Secret\u00e1rio de Sa\u00fade \u00e9 autorizada - Litoral SP<\/title>\n<meta name=\"description\" content=\"Uma investiga\u00e7\u00e3o contra o Prefeito de Guaruj\u00e1, Valter Suman e Secret\u00e1rio de Sa\u00fade Jos\u00e9 Humberto Sandi foi autorizada pelo desembargador federal Paulo Fontes, do Tribunal Regional Federal (TRF) da 3\u00aa Regi\u00e3o.\" \/>\n<meta name=\"robots\" content=\"index, follow, max-snippet:-1, max-image-preview:large, max-video-preview:-1\" \/>\n<link rel=\"canonical\" href=\"https:\/\/redenoticiaz.com.br\/litoralsp\/2023\/12\/20\/investigacao-contra-prefeito-de-guaruja-e-secretario-de-saude-e-autorizada\" \/>\n<meta property=\"og:locale\" content=\"pt_BR\" \/>\n<meta property=\"og:type\" content=\"article\" \/>\n<meta property=\"og:title\" content=\"Investiga\u00e7\u00e3o contra Prefeito de Guaruj\u00e1 e Secret\u00e1rio de Sa\u00fade \u00e9 autorizada - Litoral SP\" \/>\n<meta property=\"og:description\" content=\"Uma investiga\u00e7\u00e3o contra o Prefeito de Guaruj\u00e1, Valter Suman e Secret\u00e1rio de Sa\u00fade Jos\u00e9 Humberto Sandi foi autorizada pelo desembargador federal Paulo Fontes, do Tribunal Regional Federal (TRF) da 3\u00aa Regi\u00e3o.\" \/>\n<meta property=\"og:url\" content=\"https:\/\/redenoticiaz.com.br\/litoralsp\/2023\/12\/20\/investigacao-contra-prefeito-de-guaruja-e-secretario-de-saude-e-autorizada\" \/>\n<meta property=\"og:site_name\" content=\"Litoral SP\" \/>\n<meta property=\"article:published_time\" content=\"2023-12-20T21:30:52+00:00\" \/>\n<meta property=\"og:image\" content=\"https:\/\/redenoticiaz.com.br\/litoralsp\/wp-content\/uploads\/sites\/3\/2022\/03\/valter_suman-799859.jpg\" \/>\n\t<meta property=\"og:image:width\" content=\"920\" \/>\n\t<meta property=\"og:image:height\" content=\"613\" \/>\n\t<meta property=\"og:image:type\" content=\"image\/jpeg\" \/>\n<meta name=\"author\" content=\"Gustavo Silva\" \/>\n<meta name=\"twitter:card\" content=\"summary_large_image\" \/>\n<meta name=\"twitter:label1\" content=\"Escrito por\" \/>\n\t<meta name=\"twitter:data1\" content=\"Gustavo Silva\" \/>\n\t<meta name=\"twitter:label2\" content=\"Est. tempo de leitura\" \/>\n\t<meta name=\"twitter:data2\" content=\"1 minuto\" \/>\n<script type=\"application\/ld+json\" class=\"yoast-schema-graph\">{\"@context\":\"https:\\\/\\\/schema.org\",\"@graph\":[{\"@type\":\"Article\",\"@id\":\"https:\\\/\\\/redenoticiaz.com.br\\\/litoralsp\\\/2023\\\/12\\\/20\\\/investigacao-contra-prefeito-de-guaruja-e-secretario-de-saude-e-autorizada#article\",\"isPartOf\":{\"@id\":\"https:\\\/\\\/redenoticiaz.com.br\\\/litoralsp\\\/2023\\\/12\\\/20\\\/investigacao-contra-prefeito-de-guaruja-e-secretario-de-saude-e-autorizada\"},\"author\":{\"name\":\"Gustavo Silva\",\"@id\":\"https:\\\/\\\/redenoticiaz.com.br\\\/litoralsp\\\/#\\\/schema\\\/person\\\/16057b37a3c0ee6b096d7f887c566e2e\"},\"headline\":\"Investiga\u00e7\u00e3o contra Prefeito de Guaruj\u00e1 e Secret\u00e1rio de Sa\u00fade \u00e9 autorizada\",\"datePublished\":\"2023-12-20T21:30:52+00:00\",\"mainEntityOfPage\":{\"@id\":\"https:\\\/\\\/redenoticiaz.com.br\\\/litoralsp\\\/2023\\\/12\\\/20\\\/investigacao-contra-prefeito-de-guaruja-e-secretario-de-saude-e-autorizada\"},\"wordCount\":192,\"commentCount\":0,\"publisher\":{\"@id\":\"https:\\\/\\\/redenoticiaz.com.br\\\/litoralsp\\\/#organization\"},\"image\":{\"@id\":\"https:\\\/\\\/redenoticiaz.com.br\\\/litoralsp\\\/2023\\\/12\\\/20\\\/investigacao-contra-prefeito-de-guaruja-e-secretario-de-saude-e-autorizada#primaryimage\"},\"thumbnailUrl\":\"https:\\\/\\\/redenoticiaz.com.br\\\/litoralsp\\\/wp-content\\\/uploads\\\/sites\\\/3\\\/2022\\\/03\\\/valter_suman-799859.jpg\",\"keywords\":[\"investiga\u00e7\u00e3o\",\"prefeito\",\"V\u00c1LTER SUMAN\"],\"articleSection\":[\"Guaruj\u00e1\",\"Pol\u00edtica\"],\"inLanguage\":\"pt-BR\",\"potentialAction\":[{\"@type\":\"CommentAction\",\"name\":\"Comment\",\"target\":[\"https:\\\/\\\/redenoticiaz.com.br\\\/litoralsp\\\/2023\\\/12\\\/20\\\/investigacao-contra-prefeito-de-guaruja-e-secretario-de-saude-e-autorizada#respond\"]}]},{\"@type\":\"WebPage\",\"@id\":\"https:\\\/\\\/redenoticiaz.com.br\\\/litoralsp\\\/2023\\\/12\\\/20\\\/investigacao-contra-prefeito-de-guaruja-e-secretario-de-saude-e-autorizada\",\"url\":\"https:\\\/\\\/redenoticiaz.com.br\\\/litoralsp\\\/2023\\\/12\\\/20\\\/investigacao-contra-prefeito-de-guaruja-e-secretario-de-saude-e-autorizada\",\"name\":\"Investiga\u00e7\u00e3o contra Prefeito de Guaruj\u00e1 e Secret\u00e1rio de Sa\u00fade \u00e9 autorizada - Litoral SP\",\"isPartOf\":{\"@id\":\"https:\\\/\\\/redenoticiaz.com.br\\\/litoralsp\\\/#website\"},\"primaryImageOfPage\":{\"@id\":\"https:\\\/\\\/redenoticiaz.com.br\\\/litoralsp\\\/2023\\\/12\\\/20\\\/investigacao-contra-prefeito-de-guaruja-e-secretario-de-saude-e-autorizada#primaryimage\"},\"image\":{\"@id\":\"https:\\\/\\\/redenoticiaz.com.br\\\/litoralsp\\\/2023\\\/12\\\/20\\\/investigacao-contra-prefeito-de-guaruja-e-secretario-de-saude-e-autorizada#primaryimage\"},\"thumbnailUrl\":\"https:\\\/\\\/redenoticiaz.com.br\\\/litoralsp\\\/wp-content\\\/uploads\\\/sites\\\/3\\\/2022\\\/03\\\/valter_suman-799859.jpg\",\"datePublished\":\"2023-12-20T21:30:52+00:00\",\"description\":\"Uma investiga\u00e7\u00e3o contra o Prefeito de Guaruj\u00e1, Valter Suman e Secret\u00e1rio de Sa\u00fade Jos\u00e9 Humberto Sandi foi autorizada pelo desembargador federal Paulo Fontes, do Tribunal Regional Federal (TRF) da 3\u00aa Regi\u00e3o.\",\"inLanguage\":\"pt-BR\",\"potentialAction\":[{\"@type\":\"ReadAction\",\"target\":[\"https:\\\/\\\/redenoticiaz.com.br\\\/litoralsp\\\/2023\\\/12\\\/20\\\/investigacao-contra-prefeito-de-guaruja-e-secretario-de-saude-e-autorizada\"]}]},{\"@type\":\"ImageObject\",\"inLanguage\":\"pt-BR\",\"@id\":\"https:\\\/\\\/redenoticiaz.com.br\\\/litoralsp\\\/2023\\\/12\\\/20\\\/investigacao-contra-prefeito-de-guaruja-e-secretario-de-saude-e-autorizada#primaryimage\",\"url\":\"https:\\\/\\\/redenoticiaz.com.br\\\/litoralsp\\\/wp-content\\\/uploads\\\/sites\\\/3\\\/2022\\\/03\\\/valter_suman-799859.jpg\",\"contentUrl\":\"https:\\\/\\\/redenoticiaz.com.br\\\/litoralsp\\\/wp-content\\\/uploads\\\/sites\\\/3\\\/2022\\\/03\\\/valter_suman-799859.jpg\",\"width\":920,\"height\":613,\"caption\":\"Cr\u00e9ditos: Reprodu\u00e7\u00e3o\\\/DL\"},{\"@type\":\"WebSite\",\"@id\":\"https:\\\/\\\/redenoticiaz.com.br\\\/litoralsp\\\/#website\",\"url\":\"https:\\\/\\\/redenoticiaz.com.br\\\/litoralsp\\\/\",\"name\":\"Litoral SP\",\"description\":\"Rede NoticiaZ\",\"publisher\":{\"@id\":\"https:\\\/\\\/redenoticiaz.com.br\\\/litoralsp\\\/#organization\"},\"potentialAction\":[{\"@type\":\"SearchAction\",\"target\":{\"@type\":\"EntryPoint\",\"urlTemplate\":\"https:\\\/\\\/redenoticiaz.com.br\\\/litoralsp\\\/?s={search_term_string}\"},\"query-input\":{\"@type\":\"PropertyValueSpecification\",\"valueRequired\":true,\"valueName\":\"search_term_string\"}}],\"inLanguage\":\"pt-BR\"},{\"@type\":\"Organization\",\"@id\":\"https:\\\/\\\/redenoticiaz.com.br\\\/litoralsp\\\/#organization\",\"name\":\"Litoral SP\",\"url\":\"https:\\\/\\\/redenoticiaz.com.br\\\/litoralsp\\\/\",\"logo\":{\"@type\":\"ImageObject\",\"inLanguage\":\"pt-BR\",\"@id\":\"https:\\\/\\\/redenoticiaz.com.br\\\/litoralsp\\\/#\\\/schema\\\/logo\\\/image\\\/\",\"url\":\"https:\\\/\\\/redenoticiaz.com.br\\\/litoralsp\\\/wp-content\\\/uploads\\\/sites\\\/3\\\/2020\\\/11\\\/logo.jpg\",\"contentUrl\":\"https:\\\/\\\/redenoticiaz.com.br\\\/litoralsp\\\/wp-content\\\/uploads\\\/sites\\\/3\\\/2020\\\/11\\\/logo.jpg\",\"width\":400,\"height\":250,\"caption\":\"Litoral SP\"},\"image\":{\"@id\":\"https:\\\/\\\/redenoticiaz.com.br\\\/litoralsp\\\/#\\\/schema\\\/logo\\\/image\\\/\"}},{\"@type\":\"Person\",\"@id\":\"https:\\\/\\\/redenoticiaz.com.br\\\/litoralsp\\\/#\\\/schema\\\/person\\\/16057b37a3c0ee6b096d7f887c566e2e\",\"name\":\"Gustavo Silva\",\"image\":{\"@type\":\"ImageObject\",\"inLanguage\":\"pt-BR\",\"@id\":\"https:\\\/\\\/secure.gravatar.com\\\/avatar\\\/3ee4e82f93b26de0a7cf4ea5eb7893da637ed6bb0c9170c58065944c56e28a33?s=96&d=mm&r=g\",\"url\":\"https:\\\/\\\/secure.gravatar.com\\\/avatar\\\/3ee4e82f93b26de0a7cf4ea5eb7893da637ed6bb0c9170c58065944c56e28a33?s=96&d=mm&r=g\",\"contentUrl\":\"https:\\\/\\\/secure.gravatar.com\\\/avatar\\\/3ee4e82f93b26de0a7cf4ea5eb7893da637ed6bb0c9170c58065944c56e28a33?s=96&d=mm&r=g\",\"caption\":\"Gustavo Silva\"},\"url\":\"https:\\\/\\\/redenoticiaz.com.br\\\/litoralsp\\\/author\\\/gustavosilva\"}]}<\/script>\n<!-- \/ Yoast SEO plugin. -->","yoast_head_json":{"title":"Investiga\u00e7\u00e3o contra Prefeito de Guaruj\u00e1 e Secret\u00e1rio de Sa\u00fade \u00e9 autorizada - Litoral SP","description":"Uma investiga\u00e7\u00e3o contra o Prefeito de Guaruj\u00e1, Valter Suman e Secret\u00e1rio de Sa\u00fade Jos\u00e9 Humberto Sandi foi autorizada pelo desembargador federal Paulo Fontes, do Tribunal Regional Federal (TRF) da 3\u00aa Regi\u00e3o.","robots":{"index":"index","follow":"follow","max-snippet":"max-snippet:-1","max-image-preview":"max-image-preview:large","max-video-preview":"max-video-preview:-1"},"canonical":"https:\/\/redenoticiaz.com.br\/litoralsp\/2023\/12\/20\/investigacao-contra-prefeito-de-guaruja-e-secretario-de-saude-e-autorizada","og_locale":"pt_BR","og_type":"article","og_title":"Investiga\u00e7\u00e3o contra Prefeito de Guaruj\u00e1 e Secret\u00e1rio de Sa\u00fade \u00e9 autorizada - Litoral SP","og_description":"Uma investiga\u00e7\u00e3o contra o Prefeito de Guaruj\u00e1, Valter Suman e Secret\u00e1rio de Sa\u00fade Jos\u00e9 Humberto Sandi foi autorizada pelo desembargador federal Paulo Fontes, do Tribunal Regional Federal (TRF) da 3\u00aa Regi\u00e3o.","og_url":"https:\/\/redenoticiaz.com.br\/litoralsp\/2023\/12\/20\/investigacao-contra-prefeito-de-guaruja-e-secretario-de-saude-e-autorizada","og_site_name":"Litoral SP","article_published_time":"2023-12-20T21:30:52+00:00","og_image":[{"width":920,"height":613,"url":"https:\/\/redenoticiaz.com.br\/litoralsp\/wp-content\/uploads\/sites\/3\/2022\/03\/valter_suman-799859.jpg","type":"image\/jpeg"}],"author":"Gustavo Silva","twitter_card":"summary_large_image","twitter_misc":{"Escrito por":"Gustavo Silva","Est. tempo de leitura":"1 minuto"},"schema":{"@context":"https:\/\/schema.org","@graph":[{"@type":"Article","@id":"https:\/\/redenoticiaz.com.br\/litoralsp\/2023\/12\/20\/investigacao-contra-prefeito-de-guaruja-e-secretario-de-saude-e-autorizada#article","isPartOf":{"@id":"https:\/\/redenoticiaz.com.br\/litoralsp\/2023\/12\/20\/investigacao-contra-prefeito-de-guaruja-e-secretario-de-saude-e-autorizada"},"author":{"name":"Gustavo Silva","@id":"https:\/\/redenoticiaz.com.br\/litoralsp\/#\/schema\/person\/16057b37a3c0ee6b096d7f887c566e2e"},"headline":"Investiga\u00e7\u00e3o contra Prefeito de Guaruj\u00e1 e Secret\u00e1rio de Sa\u00fade \u00e9 autorizada","datePublished":"2023-12-20T21:30:52+00:00","mainEntityOfPage":{"@id":"https:\/\/redenoticiaz.com.br\/litoralsp\/2023\/12\/20\/investigacao-contra-prefeito-de-guaruja-e-secretario-de-saude-e-autorizada"},"wordCount":192,"commentCount":0,"publisher":{"@id":"https:\/\/redenoticiaz.com.br\/litoralsp\/#organization"},"image":{"@id":"https:\/\/redenoticiaz.com.br\/litoralsp\/2023\/12\/20\/investigacao-contra-prefeito-de-guaruja-e-secretario-de-saude-e-autorizada#primaryimage"},"thumbnailUrl":"https:\/\/redenoticiaz.com.br\/litoralsp\/wp-content\/uploads\/sites\/3\/2022\/03\/valter_suman-799859.jpg","keywords":["investiga\u00e7\u00e3o","prefeito","V\u00c1LTER SUMAN"],"articleSection":["Guaruj\u00e1","Pol\u00edtica"],"inLanguage":"pt-BR","potentialAction":[{"@type":"CommentAction","name":"Comment","target":["https:\/\/redenoticiaz.com.br\/litoralsp\/2023\/12\/20\/investigacao-contra-prefeito-de-guaruja-e-secretario-de-saude-e-autorizada#respond"]}]},{"@type":"WebPage","@id":"https:\/\/redenoticiaz.com.br\/litoralsp\/2023\/12\/20\/investigacao-contra-prefeito-de-guaruja-e-secretario-de-saude-e-autorizada","url":"https:\/\/redenoticiaz.com.br\/litoralsp\/2023\/12\/20\/investigacao-contra-prefeito-de-guaruja-e-secretario-de-saude-e-autorizada","name":"Investiga\u00e7\u00e3o contra Prefeito de Guaruj\u00e1 e Secret\u00e1rio de Sa\u00fade \u00e9 autorizada - Litoral SP","isPartOf":{"@id":"https:\/\/redenoticiaz.com.br\/litoralsp\/#website"},"primaryImageOfPage":{"@id":"https:\/\/redenoticiaz.com.br\/litoralsp\/2023\/12\/20\/investigacao-contra-prefeito-de-guaruja-e-secretario-de-saude-e-autorizada#primaryimage"},"image":{"@id":"https:\/\/redenoticiaz.com.br\/litoralsp\/2023\/12\/20\/investigacao-contra-prefeito-de-guaruja-e-secretario-de-saude-e-autorizada#primaryimage"},"thumbnailUrl":"https:\/\/redenoticiaz.com.br\/litoralsp\/wp-content\/uploads\/sites\/3\/2022\/03\/valter_suman-799859.jpg","datePublished":"2023-12-20T21:30:52+00:00","description":"Uma investiga\u00e7\u00e3o contra o Prefeito de Guaruj\u00e1, Valter Suman e Secret\u00e1rio de Sa\u00fade Jos\u00e9 Humberto Sandi foi autorizada pelo desembargador federal Paulo Fontes, do Tribunal Regional Federal (TRF) da 3\u00aa Regi\u00e3o.","inLanguage":"pt-BR","potentialAction":[{"@type":"ReadAction","target":["https:\/\/redenoticiaz.com.br\/litoralsp\/2023\/12\/20\/investigacao-contra-prefeito-de-guaruja-e-secretario-de-saude-e-autorizada"]}]},{"@type":"ImageObject","inLanguage":"pt-BR","@id":"https:\/\/redenoticiaz.com.br\/litoralsp\/2023\/12\/20\/investigacao-contra-prefeito-de-guaruja-e-secretario-de-saude-e-autorizada#primaryimage","url":"https:\/\/redenoticiaz.com.br\/litoralsp\/wp-content\/uploads\/sites\/3\/2022\/03\/valter_suman-799859.jpg","contentUrl":"https:\/\/redenoticiaz.com.br\/litoralsp\/wp-content\/uploads\/sites\/3\/2022\/03\/valter_suman-799859.jpg","width":920,"height":613,"caption":"Cr\u00e9ditos: Reprodu\u00e7\u00e3o\/DL"},{"@type":"WebSite","@id":"https:\/\/redenoticiaz.com.br\/litoralsp\/#website","url":"https:\/\/redenoticiaz.com.br\/litoralsp\/","name":"Litoral SP","description":"Rede NoticiaZ","publisher":{"@id":"https:\/\/redenoticiaz.com.br\/litoralsp\/#organization"},"potentialAction":[{"@type":"SearchAction","target":{"@type":"EntryPoint","urlTemplate":"https:\/\/redenoticiaz.com.br\/litoralsp\/?s={search_term_string}"},"query-input":{"@type":"PropertyValueSpecification","valueRequired":true,"valueName":"search_term_string"}}],"inLanguage":"pt-BR"},{"@type":"Organization","@id":"https:\/\/redenoticiaz.com.br\/litoralsp\/#organization","name":"Litoral SP","url":"https:\/\/redenoticiaz.com.br\/litoralsp\/","logo":{"@type":"ImageObject","inLanguage":"pt-BR","@id":"https:\/\/redenoticiaz.com.br\/litoralsp\/#\/schema\/logo\/image\/","url":"https:\/\/redenoticiaz.com.br\/litoralsp\/wp-content\/uploads\/sites\/3\/2020\/11\/logo.jpg","contentUrl":"https:\/\/redenoticiaz.com.br\/litoralsp\/wp-content\/uploads\/sites\/3\/2020\/11\/logo.jpg","width":400,"height":250,"caption":"Litoral SP"},"image":{"@id":"https:\/\/redenoticiaz.com.br\/litoralsp\/#\/schema\/logo\/image\/"}},{"@type":"Person","@id":"https:\/\/redenoticiaz.com.br\/litoralsp\/#\/schema\/person\/16057b37a3c0ee6b096d7f887c566e2e","name":"Gustavo Silva","image":{"@type":"ImageObject","inLanguage":"pt-BR","@id":"https:\/\/secure.gravatar.com\/avatar\/3ee4e82f93b26de0a7cf4ea5eb7893da637ed6bb0c9170c58065944c56e28a33?s=96&d=mm&r=g","url":"https:\/\/secure.gravatar.com\/avatar\/3ee4e82f93b26de0a7cf4ea5eb7893da637ed6bb0c9170c58065944c56e28a33?s=96&d=mm&r=g","contentUrl":"https:\/\/secure.gravatar.com\/avatar\/3ee4e82f93b26de0a7cf4ea5eb7893da637ed6bb0c9170c58065944c56e28a33?s=96&d=mm&r=g","caption":"Gustavo Silva"},"url":"https:\/\/redenoticiaz.com.br\/litoralsp\/author\/gustavosilva"}]}},"_links":{"self":[{"href":"https:\/\/redenoticiaz.com.br\/litoralsp\/wp-json\/wp\/v2\/posts\/113124","targetHints":{"allow":["GET"]}}],"collection":[{"href":"https:\/\/redenoticiaz.com.br\/litoralsp\/wp-json\/wp\/v2\/posts"}],"about":[{"href":"https:\/\/redenoticiaz.com.br\/litoralsp\/wp-json\/wp\/v2\/types\/post"}],"author":[{"embeddable":true,"href":"https:\/\/redenoticiaz.com.br\/litoralsp\/wp-json\/wp\/v2\/users\/12"}],"replies":[{"embeddable":true,"href":"https:\/\/redenoticiaz.com.br\/litoralsp\/wp-json\/wp\/v2\/comments?post=113124"}],"version-history":[{"count":1,"href":"https:\/\/redenoticiaz.com.br\/litoralsp\/wp-json\/wp\/v2\/posts\/113124\/revisions"}],"predecessor-version":[{"id":113125,"href":"https:\/\/redenoticiaz.com.br\/litoralsp\/wp-json\/wp\/v2\/posts\/113124\/revisions\/113125"}],"wp:featuredmedia":[{"embeddable":true,"href":"https:\/\/redenoticiaz.com.br\/litoralsp\/wp-json\/wp\/v2\/media\/25733"}],"wp:attachment":[{"href":"https:\/\/redenoticiaz.com.br\/litoralsp\/wp-json\/wp\/v2\/media?parent=113124"}],"wp:term":[{"taxonomy":"category","embeddable":true,"href":"https:\/\/redenoticiaz.com.br\/litoralsp\/wp-json\/wp\/v2\/categories?post=113124"},{"taxonomy":"post_tag","embeddable":true,"href":"https:\/\/redenoticiaz.com.br\/litoralsp\/wp-json\/wp\/v2\/tags?post=113124"}],"curies":[{"name":"wp","href":"https:\/\/api.w.org\/{rel}","templated":true}]}}