{"id":11313,"date":"2021-07-12T15:35:26","date_gmt":"2021-07-12T18:35:26","guid":{"rendered":"https:\/\/redenoticiaz.com.br\/litoralsp\/?p=11313"},"modified":"2021-07-12T15:35:50","modified_gmt":"2021-07-12T18:35:50","slug":"duas-toneladas-de-camarao-sao-apreendidas-e-rende-multa-de-r-74-mil","status":"publish","type":"post","link":"https:\/\/redenoticiaz.com.br\/litoralsp\/2021\/07\/12\/duas-toneladas-de-camarao-sao-apreendidas-e-rende-multa-de-r-74-mil","title":{"rendered":"Duas toneladas de camar\u00e3o s\u00e3o apreendidas e rende multa de R$ 74 mil"},"content":{"rendered":"<p>Duas opera\u00e7\u00f5es foram feitas pela Pol\u00edcia Militar Ambiental, em <a href=\"http:\/\/www.bertioga.sp.gov.br\/\">Bertioga<\/a>. No primeiro caso, duas toneladas de <strong>camar\u00e3o sete-barbas<\/strong> foram encontrados numa embarca\u00e7\u00e3o e apreendidos. O pescador recebeu uma multa de R$ 74 mil. J\u00e1 o segundo caso foi a apreens\u00e3o de caranguejos que eram vendidos na Rio-Santos. O respons\u00e1vel foi multado em R$ 2,8 mil.<\/p>\n<p>No caso do camar\u00e3o sete-barbas, a equipe do Policiamento Ostensivo N\u00e1utico, fez a abordagem na embarca\u00e7\u00e3o pesqueira pelo canal de Bertioga. Ap\u00f3s fiscaliza\u00e7\u00e3o, um tripulante foi encontrado e foram constatadas irregularidades na documenta\u00e7\u00e3o necess\u00e1ria para exercer q pesca profissional.<\/p>\n<p>O infrator foi autuado em R$ 74 mil em multa e a 1,8 tonelada de camar\u00e3o sete-barbas foi localizada no por\u00e3o da embarca\u00e7\u00e3o. Elas foram descarregadas e doadas a institui\u00e7\u00f5es filantr\u00f3picas da regi\u00e3o, beneficiando milhares de pessoas carentes e em situa\u00e7\u00e3o de risco. Al\u00e9m disso houve a apreens\u00e3o da embarca\u00e7\u00e3o, redes e petrechos de pesca tamb\u00e9m foram aprendidas.<\/p>\n<h3>Caranguejos apreendidos<\/h3>\n<p>Ainda em Bertioga, a Pol\u00edcia Militar Ambiental fazia patrulhamento pelas rodovias da Regi\u00e3o e ao chegarem na Rio-Santos, a equipe encontrou um com\u00e9rcio ilegal de caranguejos. Um homem foi visto comercializando o crust\u00e1ceo da esp\u00e9cie U\u00e7\u00e1.<\/p>\n<p>Em fiscaliza\u00e7\u00e3o, tamb\u00e9m foi constatada irregularidade na documenta\u00e7\u00e3o exigida para tal pr\u00e1tica, resultando em um auto de infra\u00e7\u00e3o ambiental no valor de R$ 2.800. Al\u00e9m disso, houve a apreens\u00e3o de 20 quilos dos crust\u00e1ceos e eles foram soltos, todos machos, no manguezal de Bertioga.<\/p>\n<p>Veja o v\u00eddeo:<\/p>\n<div style=\"width: 640px;\" class=\"wp-video\"><video class=\"wp-video-shortcode\" id=\"video-11313-1\" width=\"640\" height=\"352\" preload=\"metadata\" controls=\"controls\"><source type=\"video\/mp4\" src=\"https:\/\/redenoticiaz.com.br\/litoralsp\/wp-content\/uploads\/sites\/3\/2021\/07\/whatsapp-video-2021-07-12-at-12-52-05.mp4?_=1\" \/><a href=\"https:\/\/redenoticiaz.com.br\/litoralsp\/wp-content\/uploads\/sites\/3\/2021\/07\/whatsapp-video-2021-07-12-at-12-52-05.mp4\">https:\/\/redenoticiaz.com.br\/litoralsp\/wp-content\/uploads\/sites\/3\/2021\/07\/whatsapp-video-2021-07-12-at-12-52-05.mp4<\/a><\/video><\/div>\n<p><strong>LEIA TAMB\u00c9M<\/strong><\/p>\n<p><a href=\"https:\/\/redenoticiaz.com.br\/litoralsp\/2021\/07\/11\/video-pinguins-sao-resgatados-no-canal-do-porto-de-santos\">V\u00cdDEO \u2013 Pinguins s\u00e3o resgatados no Canal do Porto de Santos<\/a><\/p>\n","protected":false},"excerpt":{"rendered":"<p>Duas opera\u00e7\u00f5es foram feitas pela Pol\u00edcia Militar Ambiental, em Bertioga. No primeiro caso, duas toneladas de camar\u00e3o sete-barbas foram encontrados numa embarca\u00e7\u00e3o e apreendidos. O pescador recebeu uma multa de R$ 74 mil. J\u00e1 o segundo caso foi a apreens\u00e3o de caranguejos que eram vendidos na Rio-Santos. O respons\u00e1vel foi multado em R$ 2,8 mil. &hellip;<\/p>\n","protected":false},"author":6,"featured_media":11316,"comment_status":"open","ping_status":"closed","sticky":false,"template":"","format":"standard","meta":{"footnotes":""},"categories":[1107,1487,10],"tags":[9935,1038,11016,27670,4779],"class_list":["post-11313","post","type-post","status-publish","format-standard","has-post-thumbnail","hentry","category-bertioga","category-meio-ambiente","category-policia","tag-apreensoes","tag-bertioga","tag-camarao-sete-barbas","tag-caranguejo","tag-policia-militar-ambiental"],"yoast_head":"<!-- This site is optimized with the Yoast SEO plugin v27.5 - https:\/\/yoast.com\/product\/yoast-seo-wordpress\/ -->\n<title>Duas toneladas de camar\u00e3o s\u00e3o apreendidas e rende multa de R$ 74 mil - Litoral SP<\/title>\n<meta name=\"description\" content=\"Duas opera\u00e7\u00f5es foram feitas pela Pol\u00edcia Militar Ambiental, em Bertioga. No primeiro caso, duas toneladas de camar\u00e3o sete-barbas foram\" \/>\n<meta name=\"robots\" content=\"index, follow, max-snippet:-1, max-image-preview:large, max-video-preview:-1\" \/>\n<link rel=\"canonical\" href=\"https:\/\/redenoticiaz.com.br\/litoralsp\/2021\/07\/12\/duas-toneladas-de-camarao-sao-apreendidas-e-rende-multa-de-r-74-mil\" \/>\n<meta property=\"og:locale\" content=\"pt_BR\" \/>\n<meta property=\"og:type\" content=\"article\" \/>\n<meta property=\"og:title\" content=\"Duas toneladas de camar\u00e3o s\u00e3o apreendidas e rende multa de R$ 74 mil - Litoral SP\" \/>\n<meta property=\"og:description\" content=\"Duas opera\u00e7\u00f5es foram feitas pela Pol\u00edcia Militar Ambiental, em Bertioga. No primeiro caso, duas toneladas de camar\u00e3o sete-barbas foram\" \/>\n<meta property=\"og:url\" content=\"https:\/\/redenoticiaz.com.br\/litoralsp\/2021\/07\/12\/duas-toneladas-de-camarao-sao-apreendidas-e-rende-multa-de-r-74-mil\" \/>\n<meta property=\"og:site_name\" content=\"Litoral SP\" \/>\n<meta property=\"article:published_time\" content=\"2021-07-12T18:35:26+00:00\" \/>\n<meta property=\"article:modified_time\" content=\"2021-07-12T18:35:50+00:00\" \/>\n<meta property=\"og:image\" content=\"https:\/\/redenoticiaz.com.br\/litoralsp\/wp-content\/uploads\/sites\/3\/2021\/07\/whatsapp-image-2021-07-12-at-12-52-05.jpeg\" \/>\n\t<meta property=\"og:image:width\" content=\"1280\" \/>\n\t<meta property=\"og:image:height\" content=\"646\" \/>\n\t<meta property=\"og:image:type\" content=\"image\/jpeg\" \/>\n<meta name=\"author\" content=\"Leonardo Francisco\" \/>\n<meta name=\"twitter:card\" content=\"summary_large_image\" \/>\n<meta name=\"twitter:label1\" content=\"Escrito por\" \/>\n\t<meta name=\"twitter:data1\" content=\"Leonardo Francisco\" \/>\n\t<meta name=\"twitter:label2\" content=\"Est. tempo de leitura\" \/>\n\t<meta name=\"twitter:data2\" content=\"2 minutos\" \/>\n<script type=\"application\/ld+json\" class=\"yoast-schema-graph\">{\"@context\":\"https:\\\/\\\/schema.org\",\"@graph\":[{\"@type\":\"Article\",\"@id\":\"https:\\\/\\\/redenoticiaz.com.br\\\/litoralsp\\\/2021\\\/07\\\/12\\\/duas-toneladas-de-camarao-sao-apreendidas-e-rende-multa-de-r-74-mil#article\",\"isPartOf\":{\"@id\":\"https:\\\/\\\/redenoticiaz.com.br\\\/litoralsp\\\/2021\\\/07\\\/12\\\/duas-toneladas-de-camarao-sao-apreendidas-e-rende-multa-de-r-74-mil\"},\"author\":{\"name\":\"Leonardo Francisco\",\"@id\":\"https:\\\/\\\/redenoticiaz.com.br\\\/litoralsp\\\/#\\\/schema\\\/person\\\/0f0b8a5bdafefe82841e07ae8d81ecb3\"},\"headline\":\"Duas toneladas de camar\u00e3o s\u00e3o apreendidas e rende multa de R$ 74 mil\",\"datePublished\":\"2021-07-12T18:35:26+00:00\",\"dateModified\":\"2021-07-12T18:35:50+00:00\",\"mainEntityOfPage\":{\"@id\":\"https:\\\/\\\/redenoticiaz.com.br\\\/litoralsp\\\/2021\\\/07\\\/12\\\/duas-toneladas-de-camarao-sao-apreendidas-e-rende-multa-de-r-74-mil\"},\"wordCount\":318,\"commentCount\":0,\"publisher\":{\"@id\":\"https:\\\/\\\/redenoticiaz.com.br\\\/litoralsp\\\/#organization\"},\"image\":{\"@id\":\"https:\\\/\\\/redenoticiaz.com.br\\\/litoralsp\\\/2021\\\/07\\\/12\\\/duas-toneladas-de-camarao-sao-apreendidas-e-rende-multa-de-r-74-mil#primaryimage\"},\"thumbnailUrl\":\"https:\\\/\\\/redenoticiaz.com.br\\\/litoralsp\\\/wp-content\\\/uploads\\\/sites\\\/3\\\/2021\\\/07\\\/whatsapp-image-2021-07-12-at-12-52-05.jpeg\",\"keywords\":[\"APREENS\u00d5ES\",\"BERTIOGA\",\"CAMAR\u00c3O SETE-BARBAS\",\"CARANGUEJO\",\"Pol\u00edcia Militar Ambiental\"],\"articleSection\":[\"Bertioga\",\"Meio Ambiente\",\"Pol\u00edcia\"],\"inLanguage\":\"pt-BR\",\"potentialAction\":[{\"@type\":\"CommentAction\",\"name\":\"Comment\",\"target\":[\"https:\\\/\\\/redenoticiaz.com.br\\\/litoralsp\\\/2021\\\/07\\\/12\\\/duas-toneladas-de-camarao-sao-apreendidas-e-rende-multa-de-r-74-mil#respond\"]}]},{\"@type\":\"WebPage\",\"@id\":\"https:\\\/\\\/redenoticiaz.com.br\\\/litoralsp\\\/2021\\\/07\\\/12\\\/duas-toneladas-de-camarao-sao-apreendidas-e-rende-multa-de-r-74-mil\",\"url\":\"https:\\\/\\\/redenoticiaz.com.br\\\/litoralsp\\\/2021\\\/07\\\/12\\\/duas-toneladas-de-camarao-sao-apreendidas-e-rende-multa-de-r-74-mil\",\"name\":\"Duas toneladas de camar\u00e3o s\u00e3o apreendidas e rende multa de R$ 74 mil - Litoral SP\",\"isPartOf\":{\"@id\":\"https:\\\/\\\/redenoticiaz.com.br\\\/litoralsp\\\/#website\"},\"primaryImageOfPage\":{\"@id\":\"https:\\\/\\\/redenoticiaz.com.br\\\/litoralsp\\\/2021\\\/07\\\/12\\\/duas-toneladas-de-camarao-sao-apreendidas-e-rende-multa-de-r-74-mil#primaryimage\"},\"image\":{\"@id\":\"https:\\\/\\\/redenoticiaz.com.br\\\/litoralsp\\\/2021\\\/07\\\/12\\\/duas-toneladas-de-camarao-sao-apreendidas-e-rende-multa-de-r-74-mil#primaryimage\"},\"thumbnailUrl\":\"https:\\\/\\\/redenoticiaz.com.br\\\/litoralsp\\\/wp-content\\\/uploads\\\/sites\\\/3\\\/2021\\\/07\\\/whatsapp-image-2021-07-12-at-12-52-05.jpeg\",\"datePublished\":\"2021-07-12T18:35:26+00:00\",\"dateModified\":\"2021-07-12T18:35:50+00:00\",\"description\":\"Duas opera\u00e7\u00f5es foram feitas pela Pol\u00edcia Militar Ambiental, em Bertioga. No primeiro caso, duas toneladas de camar\u00e3o sete-barbas foram\",\"inLanguage\":\"pt-BR\",\"potentialAction\":[{\"@type\":\"ReadAction\",\"target\":[\"https:\\\/\\\/redenoticiaz.com.br\\\/litoralsp\\\/2021\\\/07\\\/12\\\/duas-toneladas-de-camarao-sao-apreendidas-e-rende-multa-de-r-74-mil\"]}]},{\"@type\":\"ImageObject\",\"inLanguage\":\"pt-BR\",\"@id\":\"https:\\\/\\\/redenoticiaz.com.br\\\/litoralsp\\\/2021\\\/07\\\/12\\\/duas-toneladas-de-camarao-sao-apreendidas-e-rende-multa-de-r-74-mil#primaryimage\",\"url\":\"https:\\\/\\\/redenoticiaz.com.br\\\/litoralsp\\\/wp-content\\\/uploads\\\/sites\\\/3\\\/2021\\\/07\\\/whatsapp-image-2021-07-12-at-12-52-05.jpeg\",\"contentUrl\":\"https:\\\/\\\/redenoticiaz.com.br\\\/litoralsp\\\/wp-content\\\/uploads\\\/sites\\\/3\\\/2021\\\/07\\\/whatsapp-image-2021-07-12-at-12-52-05.jpeg\",\"width\":1280,\"height\":646,\"caption\":\"Cr\u00e9ditos: Divulga\u00e7\u00e3o\\\/Pol\u00edcia Militar Ambiental.\"},{\"@type\":\"WebSite\",\"@id\":\"https:\\\/\\\/redenoticiaz.com.br\\\/litoralsp\\\/#website\",\"url\":\"https:\\\/\\\/redenoticiaz.com.br\\\/litoralsp\\\/\",\"name\":\"Litoral SP\",\"description\":\"Rede NoticiaZ\",\"publisher\":{\"@id\":\"https:\\\/\\\/redenoticiaz.com.br\\\/litoralsp\\\/#organization\"},\"potentialAction\":[{\"@type\":\"SearchAction\",\"target\":{\"@type\":\"EntryPoint\",\"urlTemplate\":\"https:\\\/\\\/redenoticiaz.com.br\\\/litoralsp\\\/?s={search_term_string}\"},\"query-input\":{\"@type\":\"PropertyValueSpecification\",\"valueRequired\":true,\"valueName\":\"search_term_string\"}}],\"inLanguage\":\"pt-BR\"},{\"@type\":\"Organization\",\"@id\":\"https:\\\/\\\/redenoticiaz.com.br\\\/litoralsp\\\/#organization\",\"name\":\"Litoral SP\",\"url\":\"https:\\\/\\\/redenoticiaz.com.br\\\/litoralsp\\\/\",\"logo\":{\"@type\":\"ImageObject\",\"inLanguage\":\"pt-BR\",\"@id\":\"https:\\\/\\\/redenoticiaz.com.br\\\/litoralsp\\\/#\\\/schema\\\/logo\\\/image\\\/\",\"url\":\"https:\\\/\\\/redenoticiaz.com.br\\\/litoralsp\\\/wp-content\\\/uploads\\\/sites\\\/3\\\/2020\\\/11\\\/logo.jpg\",\"contentUrl\":\"https:\\\/\\\/redenoticiaz.com.br\\\/litoralsp\\\/wp-content\\\/uploads\\\/sites\\\/3\\\/2020\\\/11\\\/logo.jpg\",\"width\":400,\"height\":250,\"caption\":\"Litoral SP\"},\"image\":{\"@id\":\"https:\\\/\\\/redenoticiaz.com.br\\\/litoralsp\\\/#\\\/schema\\\/logo\\\/image\\\/\"}},{\"@type\":\"Person\",\"@id\":\"https:\\\/\\\/redenoticiaz.com.br\\\/litoralsp\\\/#\\\/schema\\\/person\\\/0f0b8a5bdafefe82841e07ae8d81ecb3\",\"name\":\"Leonardo Francisco\",\"image\":{\"@type\":\"ImageObject\",\"inLanguage\":\"pt-BR\",\"@id\":\"https:\\\/\\\/secure.gravatar.com\\\/avatar\\\/a7358cb406a99b682ec6df1e77e31ae82e63601f6784e8a3df411d72b37864da?s=96&d=mm&r=g\",\"url\":\"https:\\\/\\\/secure.gravatar.com\\\/avatar\\\/a7358cb406a99b682ec6df1e77e31ae82e63601f6784e8a3df411d72b37864da?s=96&d=mm&r=g\",\"contentUrl\":\"https:\\\/\\\/secure.gravatar.com\\\/avatar\\\/a7358cb406a99b682ec6df1e77e31ae82e63601f6784e8a3df411d72b37864da?s=96&d=mm&r=g\",\"caption\":\"Leonardo Francisco\"},\"url\":\"https:\\\/\\\/redenoticiaz.com.br\\\/litoralsp\\\/author\\\/leonardo-francisco\"}]}<\/script>\n<!-- \/ Yoast SEO plugin. -->","yoast_head_json":{"title":"Duas toneladas de camar\u00e3o s\u00e3o apreendidas e rende multa de R$ 74 mil - Litoral SP","description":"Duas opera\u00e7\u00f5es foram feitas pela Pol\u00edcia Militar Ambiental, em Bertioga. No primeiro caso, duas toneladas de camar\u00e3o sete-barbas foram","robots":{"index":"index","follow":"follow","max-snippet":"max-snippet:-1","max-image-preview":"max-image-preview:large","max-video-preview":"max-video-preview:-1"},"canonical":"https:\/\/redenoticiaz.com.br\/litoralsp\/2021\/07\/12\/duas-toneladas-de-camarao-sao-apreendidas-e-rende-multa-de-r-74-mil","og_locale":"pt_BR","og_type":"article","og_title":"Duas toneladas de camar\u00e3o s\u00e3o apreendidas e rende multa de R$ 74 mil - Litoral SP","og_description":"Duas opera\u00e7\u00f5es foram feitas pela Pol\u00edcia Militar Ambiental, em Bertioga. No primeiro caso, duas toneladas de camar\u00e3o sete-barbas foram","og_url":"https:\/\/redenoticiaz.com.br\/litoralsp\/2021\/07\/12\/duas-toneladas-de-camarao-sao-apreendidas-e-rende-multa-de-r-74-mil","og_site_name":"Litoral SP","article_published_time":"2021-07-12T18:35:26+00:00","article_modified_time":"2021-07-12T18:35:50+00:00","og_image":[{"width":1280,"height":646,"url":"https:\/\/redenoticiaz.com.br\/litoralsp\/wp-content\/uploads\/sites\/3\/2021\/07\/whatsapp-image-2021-07-12-at-12-52-05.jpeg","type":"image\/jpeg"}],"author":"Leonardo Francisco","twitter_card":"summary_large_image","twitter_misc":{"Escrito por":"Leonardo Francisco","Est. tempo de leitura":"2 minutos"},"schema":{"@context":"https:\/\/schema.org","@graph":[{"@type":"Article","@id":"https:\/\/redenoticiaz.com.br\/litoralsp\/2021\/07\/12\/duas-toneladas-de-camarao-sao-apreendidas-e-rende-multa-de-r-74-mil#article","isPartOf":{"@id":"https:\/\/redenoticiaz.com.br\/litoralsp\/2021\/07\/12\/duas-toneladas-de-camarao-sao-apreendidas-e-rende-multa-de-r-74-mil"},"author":{"name":"Leonardo Francisco","@id":"https:\/\/redenoticiaz.com.br\/litoralsp\/#\/schema\/person\/0f0b8a5bdafefe82841e07ae8d81ecb3"},"headline":"Duas toneladas de camar\u00e3o s\u00e3o apreendidas e rende multa de R$ 74 mil","datePublished":"2021-07-12T18:35:26+00:00","dateModified":"2021-07-12T18:35:50+00:00","mainEntityOfPage":{"@id":"https:\/\/redenoticiaz.com.br\/litoralsp\/2021\/07\/12\/duas-toneladas-de-camarao-sao-apreendidas-e-rende-multa-de-r-74-mil"},"wordCount":318,"commentCount":0,"publisher":{"@id":"https:\/\/redenoticiaz.com.br\/litoralsp\/#organization"},"image":{"@id":"https:\/\/redenoticiaz.com.br\/litoralsp\/2021\/07\/12\/duas-toneladas-de-camarao-sao-apreendidas-e-rende-multa-de-r-74-mil#primaryimage"},"thumbnailUrl":"https:\/\/redenoticiaz.com.br\/litoralsp\/wp-content\/uploads\/sites\/3\/2021\/07\/whatsapp-image-2021-07-12-at-12-52-05.jpeg","keywords":["APREENS\u00d5ES","BERTIOGA","CAMAR\u00c3O SETE-BARBAS","CARANGUEJO","Pol\u00edcia Militar Ambiental"],"articleSection":["Bertioga","Meio Ambiente","Pol\u00edcia"],"inLanguage":"pt-BR","potentialAction":[{"@type":"CommentAction","name":"Comment","target":["https:\/\/redenoticiaz.com.br\/litoralsp\/2021\/07\/12\/duas-toneladas-de-camarao-sao-apreendidas-e-rende-multa-de-r-74-mil#respond"]}]},{"@type":"WebPage","@id":"https:\/\/redenoticiaz.com.br\/litoralsp\/2021\/07\/12\/duas-toneladas-de-camarao-sao-apreendidas-e-rende-multa-de-r-74-mil","url":"https:\/\/redenoticiaz.com.br\/litoralsp\/2021\/07\/12\/duas-toneladas-de-camarao-sao-apreendidas-e-rende-multa-de-r-74-mil","name":"Duas toneladas de camar\u00e3o s\u00e3o apreendidas e rende multa de R$ 74 mil - Litoral SP","isPartOf":{"@id":"https:\/\/redenoticiaz.com.br\/litoralsp\/#website"},"primaryImageOfPage":{"@id":"https:\/\/redenoticiaz.com.br\/litoralsp\/2021\/07\/12\/duas-toneladas-de-camarao-sao-apreendidas-e-rende-multa-de-r-74-mil#primaryimage"},"image":{"@id":"https:\/\/redenoticiaz.com.br\/litoralsp\/2021\/07\/12\/duas-toneladas-de-camarao-sao-apreendidas-e-rende-multa-de-r-74-mil#primaryimage"},"thumbnailUrl":"https:\/\/redenoticiaz.com.br\/litoralsp\/wp-content\/uploads\/sites\/3\/2021\/07\/whatsapp-image-2021-07-12-at-12-52-05.jpeg","datePublished":"2021-07-12T18:35:26+00:00","dateModified":"2021-07-12T18:35:50+00:00","description":"Duas opera\u00e7\u00f5es foram feitas pela Pol\u00edcia Militar Ambiental, em Bertioga. No primeiro caso, duas toneladas de camar\u00e3o sete-barbas foram","inLanguage":"pt-BR","potentialAction":[{"@type":"ReadAction","target":["https:\/\/redenoticiaz.com.br\/litoralsp\/2021\/07\/12\/duas-toneladas-de-camarao-sao-apreendidas-e-rende-multa-de-r-74-mil"]}]},{"@type":"ImageObject","inLanguage":"pt-BR","@id":"https:\/\/redenoticiaz.com.br\/litoralsp\/2021\/07\/12\/duas-toneladas-de-camarao-sao-apreendidas-e-rende-multa-de-r-74-mil#primaryimage","url":"https:\/\/redenoticiaz.com.br\/litoralsp\/wp-content\/uploads\/sites\/3\/2021\/07\/whatsapp-image-2021-07-12-at-12-52-05.jpeg","contentUrl":"https:\/\/redenoticiaz.com.br\/litoralsp\/wp-content\/uploads\/sites\/3\/2021\/07\/whatsapp-image-2021-07-12-at-12-52-05.jpeg","width":1280,"height":646,"caption":"Cr\u00e9ditos: Divulga\u00e7\u00e3o\/Pol\u00edcia Militar Ambiental."},{"@type":"WebSite","@id":"https:\/\/redenoticiaz.com.br\/litoralsp\/#website","url":"https:\/\/redenoticiaz.com.br\/litoralsp\/","name":"Litoral SP","description":"Rede NoticiaZ","publisher":{"@id":"https:\/\/redenoticiaz.com.br\/litoralsp\/#organization"},"potentialAction":[{"@type":"SearchAction","target":{"@type":"EntryPoint","urlTemplate":"https:\/\/redenoticiaz.com.br\/litoralsp\/?s={search_term_string}"},"query-input":{"@type":"PropertyValueSpecification","valueRequired":true,"valueName":"search_term_string"}}],"inLanguage":"pt-BR"},{"@type":"Organization","@id":"https:\/\/redenoticiaz.com.br\/litoralsp\/#organization","name":"Litoral SP","url":"https:\/\/redenoticiaz.com.br\/litoralsp\/","logo":{"@type":"ImageObject","inLanguage":"pt-BR","@id":"https:\/\/redenoticiaz.com.br\/litoralsp\/#\/schema\/logo\/image\/","url":"https:\/\/redenoticiaz.com.br\/litoralsp\/wp-content\/uploads\/sites\/3\/2020\/11\/logo.jpg","contentUrl":"https:\/\/redenoticiaz.com.br\/litoralsp\/wp-content\/uploads\/sites\/3\/2020\/11\/logo.jpg","width":400,"height":250,"caption":"Litoral SP"},"image":{"@id":"https:\/\/redenoticiaz.com.br\/litoralsp\/#\/schema\/logo\/image\/"}},{"@type":"Person","@id":"https:\/\/redenoticiaz.com.br\/litoralsp\/#\/schema\/person\/0f0b8a5bdafefe82841e07ae8d81ecb3","name":"Leonardo Francisco","image":{"@type":"ImageObject","inLanguage":"pt-BR","@id":"https:\/\/secure.gravatar.com\/avatar\/a7358cb406a99b682ec6df1e77e31ae82e63601f6784e8a3df411d72b37864da?s=96&d=mm&r=g","url":"https:\/\/secure.gravatar.com\/avatar\/a7358cb406a99b682ec6df1e77e31ae82e63601f6784e8a3df411d72b37864da?s=96&d=mm&r=g","contentUrl":"https:\/\/secure.gravatar.com\/avatar\/a7358cb406a99b682ec6df1e77e31ae82e63601f6784e8a3df411d72b37864da?s=96&d=mm&r=g","caption":"Leonardo Francisco"},"url":"https:\/\/redenoticiaz.com.br\/litoralsp\/author\/leonardo-francisco"}]}},"_links":{"self":[{"href":"https:\/\/redenoticiaz.com.br\/litoralsp\/wp-json\/wp\/v2\/posts\/11313","targetHints":{"allow":["GET"]}}],"collection":[{"href":"https:\/\/redenoticiaz.com.br\/litoralsp\/wp-json\/wp\/v2\/posts"}],"about":[{"href":"https:\/\/redenoticiaz.com.br\/litoralsp\/wp-json\/wp\/v2\/types\/post"}],"author":[{"embeddable":true,"href":"https:\/\/redenoticiaz.com.br\/litoralsp\/wp-json\/wp\/v2\/users\/6"}],"replies":[{"embeddable":true,"href":"https:\/\/redenoticiaz.com.br\/litoralsp\/wp-json\/wp\/v2\/comments?post=11313"}],"version-history":[{"count":1,"href":"https:\/\/redenoticiaz.com.br\/litoralsp\/wp-json\/wp\/v2\/posts\/11313\/revisions"}],"predecessor-version":[{"id":11317,"href":"https:\/\/redenoticiaz.com.br\/litoralsp\/wp-json\/wp\/v2\/posts\/11313\/revisions\/11317"}],"wp:featuredmedia":[{"embeddable":true,"href":"https:\/\/redenoticiaz.com.br\/litoralsp\/wp-json\/wp\/v2\/media\/11316"}],"wp:attachment":[{"href":"https:\/\/redenoticiaz.com.br\/litoralsp\/wp-json\/wp\/v2\/media?parent=11313"}],"wp:term":[{"taxonomy":"category","embeddable":true,"href":"https:\/\/redenoticiaz.com.br\/litoralsp\/wp-json\/wp\/v2\/categories?post=11313"},{"taxonomy":"post_tag","embeddable":true,"href":"https:\/\/redenoticiaz.com.br\/litoralsp\/wp-json\/wp\/v2\/tags?post=11313"}],"curies":[{"name":"wp","href":"https:\/\/api.w.org\/{rel}","templated":true}]}}