{"id":113146,"date":"2023-12-21T18:30:58","date_gmt":"2023-12-21T21:30:58","guid":{"rendered":"https:\/\/redenoticiaz.com.br\/litoralsp\/?p=113146"},"modified":"2023-12-21T17:34:20","modified_gmt":"2023-12-21T20:34:20","slug":"finais-de-semana-de-festas-devem-ter-hoteis-com-ocupacao-acima-de-70-em-santos","status":"publish","type":"post","link":"https:\/\/redenoticiaz.com.br\/litoralsp\/2023\/12\/21\/finais-de-semana-de-festas-devem-ter-hoteis-com-ocupacao-acima-de-70-em-santos","title":{"rendered":"Finais de semana de festas devem ter hot\u00e9is com ocupa\u00e7\u00e3o acima de 70% em Santos"},"content":{"rendered":"<p>Os finais de semana prolongados de Natal (23 a 25 de dezembro) e Ano-Novo (30 de dezembro a 1\u00ba de janeiro) v\u00e3o atrair milhares de turistas a Santos e podem ter picos de ocupa\u00e7\u00e3o acima de 70% nos hot\u00e9is da Cidade.<\/p>\n<p>De acordo com as informa\u00e7\u00f5es, conforme o apurado pela Se\u00e7\u00e3o de Pesquisa Tur\u00edstica (Sepesq), da Secretaria de Empreendedorismo, Economia Criativa e Turismo (Seectur), com base nas estimativas da concession\u00e1ria Ecovias, devem descer a serra, por volta da sexta-feira (23), entre 297,9 mil e 411,3 mil turistas com destino a Santos.<\/p>\n<p>Ainda de acordo com as informa\u00e7\u00f5es, a Sepesq realizou pesquisa com 13 hot\u00e9is (1,6 mil apartamentos) e apurou que o pico de ocupa\u00e7\u00e3o deve ser de 71%, enquanto a m\u00e9dia dos tr\u00eas dias deve girar em torno de 61%.<\/p>\n<h4 id=\"menu1\">R\u00c9VEILLON<\/h4>\n<p>Sendo assim, as perspectivas para o R\u00e9veillon s\u00e3o ainda mais animadoras. Entre os dias 29 de dezembro e 1\u00ba de janeiro de 2024, a Sepesq estima que Santos receba entre 432 mil e 666 mil visitantes.<\/p>\n<p>Por fim, o pico de ocupa\u00e7\u00e3o na rede hoteleira deve chegar a 75,45% entre domingo (31) e segunda (1\u00ba). A m\u00e9dia durante todo o fim de semana prolongado deve se aproximar de 64%.<\/p>\n<p>Nos dois s\u00e1bados (23 e 30), o fluxo de turistas no Centro Hist\u00f3rico ainda ser\u00e1 refor\u00e7ado pelas escalas do transatl\u00e2ntico MSC Grandiosa, o maior de toda a temporada de cruzeiros brasileira, com capacidade para 6,3 mil passageiros. Milhares destes turistas estar\u00e3o na Cidade em tr\u00e2nsito e devem lotar atra\u00e7\u00f5es como o Museu Pel\u00e9, linha tur\u00edstica do bonde, entre outras.<\/p>\n<p><strong>Leia mais<\/strong><\/p>\n<p><a href=\"https:\/\/redenoticiaz.com.br\/litoralsp\/2023\/12\/19\/operacao-verao-em-santos-ganha-reforco-de-330-policiais-militares\">Opera\u00e7\u00e3o Ver\u00e3o em Santos ganha refor\u00e7o de 330 policiais militares<\/a><\/p>\n<p><a href=\"https:\/\/redenoticiaz.com.br\/litoralsp\/2023\/12\/14\/guarda-municipal-de-santos-detem-dupla-procurada-pela-justica\">Santos Rock Festival abre as vendas dos ingressos<\/a><\/p>\n","protected":false},"excerpt":{"rendered":"<p>Os finais de semana prolongados de Natal (23 a 25 de dezembro) e Ano-Novo (30 de dezembro a 1\u00ba de janeiro) v\u00e3o atrair milhares de turistas a Santos e podem ter picos de ocupa\u00e7\u00e3o acima de 70% nos hot\u00e9is da Cidade. De acordo com as informa\u00e7\u00f5es, conforme o apurado pela Se\u00e7\u00e3o de Pesquisa Tur\u00edstica (Sepesq), &hellip;<\/p>\n","protected":false},"author":12,"featured_media":18480,"comment_status":"open","ping_status":"closed","sticky":false,"template":"","format":"standard","meta":{"footnotes":""},"categories":[180,775],"tags":[99,101,986,2315],"class_list":["post-113146","post","type-post","status-publish","format-standard","has-post-thumbnail","hentry","category-santos","category-turismo","tag-ano-novo","tag-natal","tag-santos","tag-turismo"],"yoast_head":"<!-- This site is optimized with the Yoast SEO plugin v27.5 - https:\/\/yoast.com\/product\/yoast-seo-wordpress\/ -->\n<title>Finais de semana de festas devem ter hot\u00e9is com ocupa\u00e7\u00e3o acima de 70% em Santos - Litoral SP<\/title>\n<meta name=\"description\" content=\"Finais de semana prolongados de Natal e Ano-Novo v\u00e3o atrair milhares de turistas a Santos e podem ter picos de ocupa\u00e7\u00e3o acima de 70% nos hot\u00e9is da Cidade.\" \/>\n<meta name=\"robots\" content=\"index, follow, max-snippet:-1, max-image-preview:large, max-video-preview:-1\" \/>\n<link rel=\"canonical\" href=\"https:\/\/redenoticiaz.com.br\/litoralsp\/2023\/12\/21\/finais-de-semana-de-festas-devem-ter-hoteis-com-ocupacao-acima-de-70-em-santos\" \/>\n<meta property=\"og:locale\" content=\"pt_BR\" \/>\n<meta property=\"og:type\" content=\"article\" \/>\n<meta property=\"og:title\" content=\"Finais de semana de festas devem ter hot\u00e9is com ocupa\u00e7\u00e3o acima de 70% em Santos - Litoral SP\" \/>\n<meta property=\"og:description\" content=\"Finais de semana prolongados de Natal e Ano-Novo v\u00e3o atrair milhares de turistas a Santos e podem ter picos de ocupa\u00e7\u00e3o acima de 70% nos hot\u00e9is da Cidade.\" \/>\n<meta property=\"og:url\" content=\"https:\/\/redenoticiaz.com.br\/litoralsp\/2023\/12\/21\/finais-de-semana-de-festas-devem-ter-hoteis-com-ocupacao-acima-de-70-em-santos\" \/>\n<meta property=\"og:site_name\" content=\"Litoral SP\" \/>\n<meta property=\"article:published_time\" content=\"2023-12-21T21:30:58+00:00\" \/>\n<meta property=\"og:image\" content=\"https:\/\/redenoticiaz.com.br\/litoralsp\/wp-content\/uploads\/sites\/3\/2021\/11\/praia-de-aparecida-em-santos-com-muitos-banhistas-caminhando-no-trecho-proximo-ao-mar-25042021151807933.jpeg\" \/>\n\t<meta property=\"og:image:width\" content=\"1063\" \/>\n\t<meta property=\"og:image:height\" content=\"709\" \/>\n\t<meta property=\"og:image:type\" content=\"image\/jpeg\" \/>\n<meta name=\"author\" content=\"Gustavo Silva\" \/>\n<meta name=\"twitter:card\" content=\"summary_large_image\" \/>\n<meta name=\"twitter:label1\" content=\"Escrito por\" \/>\n\t<meta name=\"twitter:data1\" content=\"Gustavo Silva\" \/>\n\t<meta name=\"twitter:label2\" content=\"Est. tempo de leitura\" \/>\n\t<meta name=\"twitter:data2\" content=\"2 minutos\" \/>\n<script type=\"application\/ld+json\" class=\"yoast-schema-graph\">{\"@context\":\"https:\\\/\\\/schema.org\",\"@graph\":[{\"@type\":\"Article\",\"@id\":\"https:\\\/\\\/redenoticiaz.com.br\\\/litoralsp\\\/2023\\\/12\\\/21\\\/finais-de-semana-de-festas-devem-ter-hoteis-com-ocupacao-acima-de-70-em-santos#article\",\"isPartOf\":{\"@id\":\"https:\\\/\\\/redenoticiaz.com.br\\\/litoralsp\\\/2023\\\/12\\\/21\\\/finais-de-semana-de-festas-devem-ter-hoteis-com-ocupacao-acima-de-70-em-santos\"},\"author\":{\"name\":\"Gustavo Silva\",\"@id\":\"https:\\\/\\\/redenoticiaz.com.br\\\/litoralsp\\\/#\\\/schema\\\/person\\\/16057b37a3c0ee6b096d7f887c566e2e\"},\"headline\":\"Finais de semana de festas devem ter hot\u00e9is com ocupa\u00e7\u00e3o acima de 70% em Santos\",\"datePublished\":\"2023-12-21T21:30:58+00:00\",\"mainEntityOfPage\":{\"@id\":\"https:\\\/\\\/redenoticiaz.com.br\\\/litoralsp\\\/2023\\\/12\\\/21\\\/finais-de-semana-de-festas-devem-ter-hoteis-com-ocupacao-acima-de-70-em-santos\"},\"wordCount\":298,\"commentCount\":0,\"publisher\":{\"@id\":\"https:\\\/\\\/redenoticiaz.com.br\\\/litoralsp\\\/#organization\"},\"image\":{\"@id\":\"https:\\\/\\\/redenoticiaz.com.br\\\/litoralsp\\\/2023\\\/12\\\/21\\\/finais-de-semana-de-festas-devem-ter-hoteis-com-ocupacao-acima-de-70-em-santos#primaryimage\"},\"thumbnailUrl\":\"https:\\\/\\\/redenoticiaz.com.br\\\/litoralsp\\\/wp-content\\\/uploads\\\/sites\\\/3\\\/2021\\\/11\\\/praia-de-aparecida-em-santos-com-muitos-banhistas-caminhando-no-trecho-proximo-ao-mar-25042021151807933.jpeg\",\"keywords\":[\"ANO NOVO\",\"NATAL\",\"Santos\",\"turismo\"],\"articleSection\":[\"Santos\",\"Turismo\"],\"inLanguage\":\"pt-BR\",\"potentialAction\":[{\"@type\":\"CommentAction\",\"name\":\"Comment\",\"target\":[\"https:\\\/\\\/redenoticiaz.com.br\\\/litoralsp\\\/2023\\\/12\\\/21\\\/finais-de-semana-de-festas-devem-ter-hoteis-com-ocupacao-acima-de-70-em-santos#respond\"]}]},{\"@type\":\"WebPage\",\"@id\":\"https:\\\/\\\/redenoticiaz.com.br\\\/litoralsp\\\/2023\\\/12\\\/21\\\/finais-de-semana-de-festas-devem-ter-hoteis-com-ocupacao-acima-de-70-em-santos\",\"url\":\"https:\\\/\\\/redenoticiaz.com.br\\\/litoralsp\\\/2023\\\/12\\\/21\\\/finais-de-semana-de-festas-devem-ter-hoteis-com-ocupacao-acima-de-70-em-santos\",\"name\":\"Finais de semana de festas devem ter hot\u00e9is com ocupa\u00e7\u00e3o acima de 70% em Santos - Litoral SP\",\"isPartOf\":{\"@id\":\"https:\\\/\\\/redenoticiaz.com.br\\\/litoralsp\\\/#website\"},\"primaryImageOfPage\":{\"@id\":\"https:\\\/\\\/redenoticiaz.com.br\\\/litoralsp\\\/2023\\\/12\\\/21\\\/finais-de-semana-de-festas-devem-ter-hoteis-com-ocupacao-acima-de-70-em-santos#primaryimage\"},\"image\":{\"@id\":\"https:\\\/\\\/redenoticiaz.com.br\\\/litoralsp\\\/2023\\\/12\\\/21\\\/finais-de-semana-de-festas-devem-ter-hoteis-com-ocupacao-acima-de-70-em-santos#primaryimage\"},\"thumbnailUrl\":\"https:\\\/\\\/redenoticiaz.com.br\\\/litoralsp\\\/wp-content\\\/uploads\\\/sites\\\/3\\\/2021\\\/11\\\/praia-de-aparecida-em-santos-com-muitos-banhistas-caminhando-no-trecho-proximo-ao-mar-25042021151807933.jpeg\",\"datePublished\":\"2023-12-21T21:30:58+00:00\",\"description\":\"Finais de semana prolongados de Natal e Ano-Novo v\u00e3o atrair milhares de turistas a Santos e podem ter picos de ocupa\u00e7\u00e3o acima de 70% nos hot\u00e9is da Cidade.\",\"inLanguage\":\"pt-BR\",\"potentialAction\":[{\"@type\":\"ReadAction\",\"target\":[\"https:\\\/\\\/redenoticiaz.com.br\\\/litoralsp\\\/2023\\\/12\\\/21\\\/finais-de-semana-de-festas-devem-ter-hoteis-com-ocupacao-acima-de-70-em-santos\"]}]},{\"@type\":\"ImageObject\",\"inLanguage\":\"pt-BR\",\"@id\":\"https:\\\/\\\/redenoticiaz.com.br\\\/litoralsp\\\/2023\\\/12\\\/21\\\/finais-de-semana-de-festas-devem-ter-hoteis-com-ocupacao-acima-de-70-em-santos#primaryimage\",\"url\":\"https:\\\/\\\/redenoticiaz.com.br\\\/litoralsp\\\/wp-content\\\/uploads\\\/sites\\\/3\\\/2021\\\/11\\\/praia-de-aparecida-em-santos-com-muitos-banhistas-caminhando-no-trecho-proximo-ao-mar-25042021151807933.jpeg\",\"contentUrl\":\"https:\\\/\\\/redenoticiaz.com.br\\\/litoralsp\\\/wp-content\\\/uploads\\\/sites\\\/3\\\/2021\\\/11\\\/praia-de-aparecida-em-santos-com-muitos-banhistas-caminhando-no-trecho-proximo-ao-mar-25042021151807933.jpeg\",\"width\":1063,\"height\":709,\"caption\":\"Cr\u00e9ditos: Prefeitura de Santos\"},{\"@type\":\"WebSite\",\"@id\":\"https:\\\/\\\/redenoticiaz.com.br\\\/litoralsp\\\/#website\",\"url\":\"https:\\\/\\\/redenoticiaz.com.br\\\/litoralsp\\\/\",\"name\":\"Litoral SP\",\"description\":\"Rede NoticiaZ\",\"publisher\":{\"@id\":\"https:\\\/\\\/redenoticiaz.com.br\\\/litoralsp\\\/#organization\"},\"potentialAction\":[{\"@type\":\"SearchAction\",\"target\":{\"@type\":\"EntryPoint\",\"urlTemplate\":\"https:\\\/\\\/redenoticiaz.com.br\\\/litoralsp\\\/?s={search_term_string}\"},\"query-input\":{\"@type\":\"PropertyValueSpecification\",\"valueRequired\":true,\"valueName\":\"search_term_string\"}}],\"inLanguage\":\"pt-BR\"},{\"@type\":\"Organization\",\"@id\":\"https:\\\/\\\/redenoticiaz.com.br\\\/litoralsp\\\/#organization\",\"name\":\"Litoral SP\",\"url\":\"https:\\\/\\\/redenoticiaz.com.br\\\/litoralsp\\\/\",\"logo\":{\"@type\":\"ImageObject\",\"inLanguage\":\"pt-BR\",\"@id\":\"https:\\\/\\\/redenoticiaz.com.br\\\/litoralsp\\\/#\\\/schema\\\/logo\\\/image\\\/\",\"url\":\"https:\\\/\\\/redenoticiaz.com.br\\\/litoralsp\\\/wp-content\\\/uploads\\\/sites\\\/3\\\/2020\\\/11\\\/logo.jpg\",\"contentUrl\":\"https:\\\/\\\/redenoticiaz.com.br\\\/litoralsp\\\/wp-content\\\/uploads\\\/sites\\\/3\\\/2020\\\/11\\\/logo.jpg\",\"width\":400,\"height\":250,\"caption\":\"Litoral SP\"},\"image\":{\"@id\":\"https:\\\/\\\/redenoticiaz.com.br\\\/litoralsp\\\/#\\\/schema\\\/logo\\\/image\\\/\"}},{\"@type\":\"Person\",\"@id\":\"https:\\\/\\\/redenoticiaz.com.br\\\/litoralsp\\\/#\\\/schema\\\/person\\\/16057b37a3c0ee6b096d7f887c566e2e\",\"name\":\"Gustavo Silva\",\"image\":{\"@type\":\"ImageObject\",\"inLanguage\":\"pt-BR\",\"@id\":\"https:\\\/\\\/secure.gravatar.com\\\/avatar\\\/3ee4e82f93b26de0a7cf4ea5eb7893da637ed6bb0c9170c58065944c56e28a33?s=96&d=mm&r=g\",\"url\":\"https:\\\/\\\/secure.gravatar.com\\\/avatar\\\/3ee4e82f93b26de0a7cf4ea5eb7893da637ed6bb0c9170c58065944c56e28a33?s=96&d=mm&r=g\",\"contentUrl\":\"https:\\\/\\\/secure.gravatar.com\\\/avatar\\\/3ee4e82f93b26de0a7cf4ea5eb7893da637ed6bb0c9170c58065944c56e28a33?s=96&d=mm&r=g\",\"caption\":\"Gustavo Silva\"},\"url\":\"https:\\\/\\\/redenoticiaz.com.br\\\/litoralsp\\\/author\\\/gustavosilva\"}]}<\/script>\n<!-- \/ Yoast SEO plugin. -->","yoast_head_json":{"title":"Finais de semana de festas devem ter hot\u00e9is com ocupa\u00e7\u00e3o acima de 70% em Santos - Litoral SP","description":"Finais de semana prolongados de Natal e Ano-Novo v\u00e3o atrair milhares de turistas a Santos e podem ter picos de ocupa\u00e7\u00e3o acima de 70% nos hot\u00e9is da Cidade.","robots":{"index":"index","follow":"follow","max-snippet":"max-snippet:-1","max-image-preview":"max-image-preview:large","max-video-preview":"max-video-preview:-1"},"canonical":"https:\/\/redenoticiaz.com.br\/litoralsp\/2023\/12\/21\/finais-de-semana-de-festas-devem-ter-hoteis-com-ocupacao-acima-de-70-em-santos","og_locale":"pt_BR","og_type":"article","og_title":"Finais de semana de festas devem ter hot\u00e9is com ocupa\u00e7\u00e3o acima de 70% em Santos - Litoral SP","og_description":"Finais de semana prolongados de Natal e Ano-Novo v\u00e3o atrair milhares de turistas a Santos e podem ter picos de ocupa\u00e7\u00e3o acima de 70% nos hot\u00e9is da Cidade.","og_url":"https:\/\/redenoticiaz.com.br\/litoralsp\/2023\/12\/21\/finais-de-semana-de-festas-devem-ter-hoteis-com-ocupacao-acima-de-70-em-santos","og_site_name":"Litoral SP","article_published_time":"2023-12-21T21:30:58+00:00","og_image":[{"width":1063,"height":709,"url":"https:\/\/redenoticiaz.com.br\/litoralsp\/wp-content\/uploads\/sites\/3\/2021\/11\/praia-de-aparecida-em-santos-com-muitos-banhistas-caminhando-no-trecho-proximo-ao-mar-25042021151807933.jpeg","type":"image\/jpeg"}],"author":"Gustavo Silva","twitter_card":"summary_large_image","twitter_misc":{"Escrito por":"Gustavo Silva","Est. tempo de leitura":"2 minutos"},"schema":{"@context":"https:\/\/schema.org","@graph":[{"@type":"Article","@id":"https:\/\/redenoticiaz.com.br\/litoralsp\/2023\/12\/21\/finais-de-semana-de-festas-devem-ter-hoteis-com-ocupacao-acima-de-70-em-santos#article","isPartOf":{"@id":"https:\/\/redenoticiaz.com.br\/litoralsp\/2023\/12\/21\/finais-de-semana-de-festas-devem-ter-hoteis-com-ocupacao-acima-de-70-em-santos"},"author":{"name":"Gustavo Silva","@id":"https:\/\/redenoticiaz.com.br\/litoralsp\/#\/schema\/person\/16057b37a3c0ee6b096d7f887c566e2e"},"headline":"Finais de semana de festas devem ter hot\u00e9is com ocupa\u00e7\u00e3o acima de 70% em Santos","datePublished":"2023-12-21T21:30:58+00:00","mainEntityOfPage":{"@id":"https:\/\/redenoticiaz.com.br\/litoralsp\/2023\/12\/21\/finais-de-semana-de-festas-devem-ter-hoteis-com-ocupacao-acima-de-70-em-santos"},"wordCount":298,"commentCount":0,"publisher":{"@id":"https:\/\/redenoticiaz.com.br\/litoralsp\/#organization"},"image":{"@id":"https:\/\/redenoticiaz.com.br\/litoralsp\/2023\/12\/21\/finais-de-semana-de-festas-devem-ter-hoteis-com-ocupacao-acima-de-70-em-santos#primaryimage"},"thumbnailUrl":"https:\/\/redenoticiaz.com.br\/litoralsp\/wp-content\/uploads\/sites\/3\/2021\/11\/praia-de-aparecida-em-santos-com-muitos-banhistas-caminhando-no-trecho-proximo-ao-mar-25042021151807933.jpeg","keywords":["ANO NOVO","NATAL","Santos","turismo"],"articleSection":["Santos","Turismo"],"inLanguage":"pt-BR","potentialAction":[{"@type":"CommentAction","name":"Comment","target":["https:\/\/redenoticiaz.com.br\/litoralsp\/2023\/12\/21\/finais-de-semana-de-festas-devem-ter-hoteis-com-ocupacao-acima-de-70-em-santos#respond"]}]},{"@type":"WebPage","@id":"https:\/\/redenoticiaz.com.br\/litoralsp\/2023\/12\/21\/finais-de-semana-de-festas-devem-ter-hoteis-com-ocupacao-acima-de-70-em-santos","url":"https:\/\/redenoticiaz.com.br\/litoralsp\/2023\/12\/21\/finais-de-semana-de-festas-devem-ter-hoteis-com-ocupacao-acima-de-70-em-santos","name":"Finais de semana de festas devem ter hot\u00e9is com ocupa\u00e7\u00e3o acima de 70% em Santos - Litoral SP","isPartOf":{"@id":"https:\/\/redenoticiaz.com.br\/litoralsp\/#website"},"primaryImageOfPage":{"@id":"https:\/\/redenoticiaz.com.br\/litoralsp\/2023\/12\/21\/finais-de-semana-de-festas-devem-ter-hoteis-com-ocupacao-acima-de-70-em-santos#primaryimage"},"image":{"@id":"https:\/\/redenoticiaz.com.br\/litoralsp\/2023\/12\/21\/finais-de-semana-de-festas-devem-ter-hoteis-com-ocupacao-acima-de-70-em-santos#primaryimage"},"thumbnailUrl":"https:\/\/redenoticiaz.com.br\/litoralsp\/wp-content\/uploads\/sites\/3\/2021\/11\/praia-de-aparecida-em-santos-com-muitos-banhistas-caminhando-no-trecho-proximo-ao-mar-25042021151807933.jpeg","datePublished":"2023-12-21T21:30:58+00:00","description":"Finais de semana prolongados de Natal e Ano-Novo v\u00e3o atrair milhares de turistas a Santos e podem ter picos de ocupa\u00e7\u00e3o acima de 70% nos hot\u00e9is da Cidade.","inLanguage":"pt-BR","potentialAction":[{"@type":"ReadAction","target":["https:\/\/redenoticiaz.com.br\/litoralsp\/2023\/12\/21\/finais-de-semana-de-festas-devem-ter-hoteis-com-ocupacao-acima-de-70-em-santos"]}]},{"@type":"ImageObject","inLanguage":"pt-BR","@id":"https:\/\/redenoticiaz.com.br\/litoralsp\/2023\/12\/21\/finais-de-semana-de-festas-devem-ter-hoteis-com-ocupacao-acima-de-70-em-santos#primaryimage","url":"https:\/\/redenoticiaz.com.br\/litoralsp\/wp-content\/uploads\/sites\/3\/2021\/11\/praia-de-aparecida-em-santos-com-muitos-banhistas-caminhando-no-trecho-proximo-ao-mar-25042021151807933.jpeg","contentUrl":"https:\/\/redenoticiaz.com.br\/litoralsp\/wp-content\/uploads\/sites\/3\/2021\/11\/praia-de-aparecida-em-santos-com-muitos-banhistas-caminhando-no-trecho-proximo-ao-mar-25042021151807933.jpeg","width":1063,"height":709,"caption":"Cr\u00e9ditos: Prefeitura de Santos"},{"@type":"WebSite","@id":"https:\/\/redenoticiaz.com.br\/litoralsp\/#website","url":"https:\/\/redenoticiaz.com.br\/litoralsp\/","name":"Litoral SP","description":"Rede NoticiaZ","publisher":{"@id":"https:\/\/redenoticiaz.com.br\/litoralsp\/#organization"},"potentialAction":[{"@type":"SearchAction","target":{"@type":"EntryPoint","urlTemplate":"https:\/\/redenoticiaz.com.br\/litoralsp\/?s={search_term_string}"},"query-input":{"@type":"PropertyValueSpecification","valueRequired":true,"valueName":"search_term_string"}}],"inLanguage":"pt-BR"},{"@type":"Organization","@id":"https:\/\/redenoticiaz.com.br\/litoralsp\/#organization","name":"Litoral SP","url":"https:\/\/redenoticiaz.com.br\/litoralsp\/","logo":{"@type":"ImageObject","inLanguage":"pt-BR","@id":"https:\/\/redenoticiaz.com.br\/litoralsp\/#\/schema\/logo\/image\/","url":"https:\/\/redenoticiaz.com.br\/litoralsp\/wp-content\/uploads\/sites\/3\/2020\/11\/logo.jpg","contentUrl":"https:\/\/redenoticiaz.com.br\/litoralsp\/wp-content\/uploads\/sites\/3\/2020\/11\/logo.jpg","width":400,"height":250,"caption":"Litoral SP"},"image":{"@id":"https:\/\/redenoticiaz.com.br\/litoralsp\/#\/schema\/logo\/image\/"}},{"@type":"Person","@id":"https:\/\/redenoticiaz.com.br\/litoralsp\/#\/schema\/person\/16057b37a3c0ee6b096d7f887c566e2e","name":"Gustavo Silva","image":{"@type":"ImageObject","inLanguage":"pt-BR","@id":"https:\/\/secure.gravatar.com\/avatar\/3ee4e82f93b26de0a7cf4ea5eb7893da637ed6bb0c9170c58065944c56e28a33?s=96&d=mm&r=g","url":"https:\/\/secure.gravatar.com\/avatar\/3ee4e82f93b26de0a7cf4ea5eb7893da637ed6bb0c9170c58065944c56e28a33?s=96&d=mm&r=g","contentUrl":"https:\/\/secure.gravatar.com\/avatar\/3ee4e82f93b26de0a7cf4ea5eb7893da637ed6bb0c9170c58065944c56e28a33?s=96&d=mm&r=g","caption":"Gustavo Silva"},"url":"https:\/\/redenoticiaz.com.br\/litoralsp\/author\/gustavosilva"}]}},"_links":{"self":[{"href":"https:\/\/redenoticiaz.com.br\/litoralsp\/wp-json\/wp\/v2\/posts\/113146","targetHints":{"allow":["GET"]}}],"collection":[{"href":"https:\/\/redenoticiaz.com.br\/litoralsp\/wp-json\/wp\/v2\/posts"}],"about":[{"href":"https:\/\/redenoticiaz.com.br\/litoralsp\/wp-json\/wp\/v2\/types\/post"}],"author":[{"embeddable":true,"href":"https:\/\/redenoticiaz.com.br\/litoralsp\/wp-json\/wp\/v2\/users\/12"}],"replies":[{"embeddable":true,"href":"https:\/\/redenoticiaz.com.br\/litoralsp\/wp-json\/wp\/v2\/comments?post=113146"}],"version-history":[{"count":1,"href":"https:\/\/redenoticiaz.com.br\/litoralsp\/wp-json\/wp\/v2\/posts\/113146\/revisions"}],"predecessor-version":[{"id":113147,"href":"https:\/\/redenoticiaz.com.br\/litoralsp\/wp-json\/wp\/v2\/posts\/113146\/revisions\/113147"}],"wp:featuredmedia":[{"embeddable":true,"href":"https:\/\/redenoticiaz.com.br\/litoralsp\/wp-json\/wp\/v2\/media\/18480"}],"wp:attachment":[{"href":"https:\/\/redenoticiaz.com.br\/litoralsp\/wp-json\/wp\/v2\/media?parent=113146"}],"wp:term":[{"taxonomy":"category","embeddable":true,"href":"https:\/\/redenoticiaz.com.br\/litoralsp\/wp-json\/wp\/v2\/categories?post=113146"},{"taxonomy":"post_tag","embeddable":true,"href":"https:\/\/redenoticiaz.com.br\/litoralsp\/wp-json\/wp\/v2\/tags?post=113146"}],"curies":[{"name":"wp","href":"https:\/\/api.w.org\/{rel}","templated":true}]}}