{"id":113150,"date":"2023-12-21T19:00:49","date_gmt":"2023-12-21T22:00:49","guid":{"rendered":"https:\/\/redenoticiaz.com.br\/litoralsp\/?p=113150"},"modified":"2023-12-21T18:22:23","modified_gmt":"2023-12-21T21:22:23","slug":"governador-de-sao-paulo-entrega-580-apartamentos-na-baixada-santista","status":"publish","type":"post","link":"https:\/\/redenoticiaz.com.br\/litoralsp\/2023\/12\/21\/governador-de-sao-paulo-entrega-580-apartamentos-na-baixada-santista","title":{"rendered":"Governador de S\u00e3o Paulo entrega 580 apartamentos na Baixada Santista"},"content":{"rendered":"<p>O Governador de S\u00e3o Paulo, Tarc\u00edsio de Freitas entregou 580 apartamentos na Baixada Santista \u00a0nesta quinta-feira (21), por meio do programa estadual Vida Digna.<\/p>\n<p>De acordo com as informa\u00e7\u00f5es, a cerim\u00f4nia foi realizada na cidade de Guaruj\u00e1 e o investimento do projeto foi na ordem de R$ 123 milh\u00f5es.<\/p>\n<p>Ainda de acordo com as informa\u00e7\u00f5es, em Guaruj\u00e1 foram 440 fam\u00edlias que moravam nacomunidade da Prainha, em Vicente de Carvalho, receberam as chaves de apartamentos.<\/p>\n<p>Sendo assim, na cidade de Santos, 140 fam\u00edlias que moram em \u00e1reas de risco da Zona Noroeste foram contempladas.<\/p>\n<p>Tarc\u00edsio de Freitas aproveitou a visita na Baixada Santista para inaugurar a revitaliza\u00e7\u00e3o da ponte Edgard Perdig\u00e3o, na Ponta da Praia, em Santos.<\/p>\n<p>Leia mais<\/p>\n<p><a href=\"https:\/\/redenoticiaz.com.br\/litoralsp\/2023\/12\/20\/mais-de-28-milhoes-de-turistas-sao-esperados-durante-a-temporada-de-verao-em-santos\">Mais de 2,8 milh\u00f5es de turistas s\u00e3o esperados durante a temporada de ver\u00e3o em Santos<\/a><\/p>\n<p><a href=\"https:\/\/redenoticiaz.com.br\/litoralsp\/2023\/12\/18\/guaruja-investira-r-1-milhao-a-mais-em-apoio-ao-estado-durante-operacao-verao\">Guaruj\u00e1 investir\u00e1 R$ 1 milh\u00e3o a mais em apoio ao Estado durante Opera\u00e7\u00e3o Ver\u00e3o<\/a><\/p>\n","protected":false},"excerpt":{"rendered":"<p>O Governador de S\u00e3o Paulo, Tarc\u00edsio de Freitas entregou 580 apartamentos na Baixada Santista \u00a0nesta quinta-feira (21), por meio do programa estadual Vida Digna. De acordo com as informa\u00e7\u00f5es, a cerim\u00f4nia foi realizada na cidade de Guaruj\u00e1 e o investimento do projeto foi na ordem de R$ 123 milh\u00f5es. Ainda de acordo com as informa\u00e7\u00f5es, &hellip;<\/p>\n","protected":false},"author":12,"featured_media":113154,"comment_status":"open","ping_status":"closed","sticky":false,"template":"","format":"standard","meta":{"footnotes":""},"categories":[180,775],"tags":[39664,6426,986],"class_list":["post-113150","post","type-post","status-publish","format-standard","has-post-thumbnail","hentry","category-santos","category-turismo","tag-baixada","tag-guaruja-2","tag-santos"],"yoast_head":"<!-- This site is optimized with the Yoast SEO plugin v27.4 - https:\/\/yoast.com\/product\/yoast-seo-wordpress\/ -->\n<title>Governador de S\u00e3o Paulo entrega 580 apartamentos na Baixada Santista - Litoral SP<\/title>\n<meta name=\"description\" content=\"O Governador de S\u00e3o Paulo, Tarc\u00edsio de Freitas entregou 580 apartamentos na Baixada Santista \u00a0nesta quinta-feira (21), por meio do programa estadual Vida Digna.\" \/>\n<meta name=\"robots\" content=\"index, follow, max-snippet:-1, max-image-preview:large, max-video-preview:-1\" \/>\n<link rel=\"canonical\" href=\"https:\/\/redenoticiaz.com.br\/litoralsp\/2023\/12\/21\/governador-de-sao-paulo-entrega-580-apartamentos-na-baixada-santista\" \/>\n<meta property=\"og:locale\" content=\"pt_BR\" \/>\n<meta property=\"og:type\" content=\"article\" \/>\n<meta property=\"og:title\" content=\"Governador de S\u00e3o Paulo entrega 580 apartamentos na Baixada Santista - Litoral SP\" \/>\n<meta property=\"og:description\" content=\"O Governador de S\u00e3o Paulo, Tarc\u00edsio de Freitas entregou 580 apartamentos na Baixada Santista \u00a0nesta quinta-feira (21), por meio do programa estadual Vida Digna.\" \/>\n<meta property=\"og:url\" content=\"https:\/\/redenoticiaz.com.br\/litoralsp\/2023\/12\/21\/governador-de-sao-paulo-entrega-580-apartamentos-na-baixada-santista\" \/>\n<meta property=\"og:site_name\" content=\"Litoral SP\" \/>\n<meta property=\"article:published_time\" content=\"2023-12-21T22:00:49+00:00\" \/>\n<meta property=\"og:image\" content=\"https:\/\/redenoticiaz.com.br\/litoralsp\/wp-content\/uploads\/sites\/3\/2023\/12\/Sem-titulo-3.jpg\" \/>\n\t<meta property=\"og:image:width\" content=\"547\" \/>\n\t<meta property=\"og:image:height\" content=\"376\" \/>\n\t<meta property=\"og:image:type\" content=\"image\/jpeg\" \/>\n<meta name=\"author\" content=\"Gustavo Silva\" \/>\n<meta name=\"twitter:card\" content=\"summary_large_image\" \/>\n<meta name=\"twitter:label1\" content=\"Escrito por\" \/>\n\t<meta name=\"twitter:data1\" content=\"Gustavo Silva\" \/>\n\t<meta name=\"twitter:label2\" content=\"Est. tempo de leitura\" \/>\n\t<meta name=\"twitter:data2\" content=\"1 minuto\" \/>\n<script type=\"application\/ld+json\" class=\"yoast-schema-graph\">{\"@context\":\"https:\\\/\\\/schema.org\",\"@graph\":[{\"@type\":\"Article\",\"@id\":\"https:\\\/\\\/redenoticiaz.com.br\\\/litoralsp\\\/2023\\\/12\\\/21\\\/governador-de-sao-paulo-entrega-580-apartamentos-na-baixada-santista#article\",\"isPartOf\":{\"@id\":\"https:\\\/\\\/redenoticiaz.com.br\\\/litoralsp\\\/2023\\\/12\\\/21\\\/governador-de-sao-paulo-entrega-580-apartamentos-na-baixada-santista\"},\"author\":{\"name\":\"Gustavo Silva\",\"@id\":\"https:\\\/\\\/redenoticiaz.com.br\\\/litoralsp\\\/#\\\/schema\\\/person\\\/16057b37a3c0ee6b096d7f887c566e2e\"},\"headline\":\"Governador de S\u00e3o Paulo entrega 580 apartamentos na Baixada Santista\",\"datePublished\":\"2023-12-21T22:00:49+00:00\",\"mainEntityOfPage\":{\"@id\":\"https:\\\/\\\/redenoticiaz.com.br\\\/litoralsp\\\/2023\\\/12\\\/21\\\/governador-de-sao-paulo-entrega-580-apartamentos-na-baixada-santista\"},\"wordCount\":167,\"commentCount\":0,\"publisher\":{\"@id\":\"https:\\\/\\\/redenoticiaz.com.br\\\/litoralsp\\\/#organization\"},\"image\":{\"@id\":\"https:\\\/\\\/redenoticiaz.com.br\\\/litoralsp\\\/2023\\\/12\\\/21\\\/governador-de-sao-paulo-entrega-580-apartamentos-na-baixada-santista#primaryimage\"},\"thumbnailUrl\":\"https:\\\/\\\/redenoticiaz.com.br\\\/litoralsp\\\/wp-content\\\/uploads\\\/sites\\\/3\\\/2023\\\/12\\\/Sem-titulo-3.jpg\",\"keywords\":[\"baixada\",\"Guaruj\u00e1\",\"Santos\"],\"articleSection\":[\"Santos\",\"Turismo\"],\"inLanguage\":\"pt-BR\",\"potentialAction\":[{\"@type\":\"CommentAction\",\"name\":\"Comment\",\"target\":[\"https:\\\/\\\/redenoticiaz.com.br\\\/litoralsp\\\/2023\\\/12\\\/21\\\/governador-de-sao-paulo-entrega-580-apartamentos-na-baixada-santista#respond\"]}]},{\"@type\":\"WebPage\",\"@id\":\"https:\\\/\\\/redenoticiaz.com.br\\\/litoralsp\\\/2023\\\/12\\\/21\\\/governador-de-sao-paulo-entrega-580-apartamentos-na-baixada-santista\",\"url\":\"https:\\\/\\\/redenoticiaz.com.br\\\/litoralsp\\\/2023\\\/12\\\/21\\\/governador-de-sao-paulo-entrega-580-apartamentos-na-baixada-santista\",\"name\":\"Governador de S\u00e3o Paulo entrega 580 apartamentos na Baixada Santista - Litoral SP\",\"isPartOf\":{\"@id\":\"https:\\\/\\\/redenoticiaz.com.br\\\/litoralsp\\\/#website\"},\"primaryImageOfPage\":{\"@id\":\"https:\\\/\\\/redenoticiaz.com.br\\\/litoralsp\\\/2023\\\/12\\\/21\\\/governador-de-sao-paulo-entrega-580-apartamentos-na-baixada-santista#primaryimage\"},\"image\":{\"@id\":\"https:\\\/\\\/redenoticiaz.com.br\\\/litoralsp\\\/2023\\\/12\\\/21\\\/governador-de-sao-paulo-entrega-580-apartamentos-na-baixada-santista#primaryimage\"},\"thumbnailUrl\":\"https:\\\/\\\/redenoticiaz.com.br\\\/litoralsp\\\/wp-content\\\/uploads\\\/sites\\\/3\\\/2023\\\/12\\\/Sem-titulo-3.jpg\",\"datePublished\":\"2023-12-21T22:00:49+00:00\",\"description\":\"O Governador de S\u00e3o Paulo, Tarc\u00edsio de Freitas entregou 580 apartamentos na Baixada Santista \u00a0nesta quinta-feira (21), por meio do programa estadual Vida Digna.\",\"inLanguage\":\"pt-BR\",\"potentialAction\":[{\"@type\":\"ReadAction\",\"target\":[\"https:\\\/\\\/redenoticiaz.com.br\\\/litoralsp\\\/2023\\\/12\\\/21\\\/governador-de-sao-paulo-entrega-580-apartamentos-na-baixada-santista\"]}]},{\"@type\":\"ImageObject\",\"inLanguage\":\"pt-BR\",\"@id\":\"https:\\\/\\\/redenoticiaz.com.br\\\/litoralsp\\\/2023\\\/12\\\/21\\\/governador-de-sao-paulo-entrega-580-apartamentos-na-baixada-santista#primaryimage\",\"url\":\"https:\\\/\\\/redenoticiaz.com.br\\\/litoralsp\\\/wp-content\\\/uploads\\\/sites\\\/3\\\/2023\\\/12\\\/Sem-titulo-3.jpg\",\"contentUrl\":\"https:\\\/\\\/redenoticiaz.com.br\\\/litoralsp\\\/wp-content\\\/uploads\\\/sites\\\/3\\\/2023\\\/12\\\/Sem-titulo-3.jpg\",\"width\":547,\"height\":376,\"caption\":\"Governador de S\u00e3o Paulo entrega 580 apartamentos na Baixada Santista\"},{\"@type\":\"WebSite\",\"@id\":\"https:\\\/\\\/redenoticiaz.com.br\\\/litoralsp\\\/#website\",\"url\":\"https:\\\/\\\/redenoticiaz.com.br\\\/litoralsp\\\/\",\"name\":\"Litoral SP\",\"description\":\"Rede NoticiaZ\",\"publisher\":{\"@id\":\"https:\\\/\\\/redenoticiaz.com.br\\\/litoralsp\\\/#organization\"},\"potentialAction\":[{\"@type\":\"SearchAction\",\"target\":{\"@type\":\"EntryPoint\",\"urlTemplate\":\"https:\\\/\\\/redenoticiaz.com.br\\\/litoralsp\\\/?s={search_term_string}\"},\"query-input\":{\"@type\":\"PropertyValueSpecification\",\"valueRequired\":true,\"valueName\":\"search_term_string\"}}],\"inLanguage\":\"pt-BR\"},{\"@type\":\"Organization\",\"@id\":\"https:\\\/\\\/redenoticiaz.com.br\\\/litoralsp\\\/#organization\",\"name\":\"Litoral SP\",\"url\":\"https:\\\/\\\/redenoticiaz.com.br\\\/litoralsp\\\/\",\"logo\":{\"@type\":\"ImageObject\",\"inLanguage\":\"pt-BR\",\"@id\":\"https:\\\/\\\/redenoticiaz.com.br\\\/litoralsp\\\/#\\\/schema\\\/logo\\\/image\\\/\",\"url\":\"https:\\\/\\\/redenoticiaz.com.br\\\/litoralsp\\\/wp-content\\\/uploads\\\/sites\\\/3\\\/2020\\\/11\\\/logo.jpg\",\"contentUrl\":\"https:\\\/\\\/redenoticiaz.com.br\\\/litoralsp\\\/wp-content\\\/uploads\\\/sites\\\/3\\\/2020\\\/11\\\/logo.jpg\",\"width\":400,\"height\":250,\"caption\":\"Litoral SP\"},\"image\":{\"@id\":\"https:\\\/\\\/redenoticiaz.com.br\\\/litoralsp\\\/#\\\/schema\\\/logo\\\/image\\\/\"}},{\"@type\":\"Person\",\"@id\":\"https:\\\/\\\/redenoticiaz.com.br\\\/litoralsp\\\/#\\\/schema\\\/person\\\/16057b37a3c0ee6b096d7f887c566e2e\",\"name\":\"Gustavo Silva\",\"image\":{\"@type\":\"ImageObject\",\"inLanguage\":\"pt-BR\",\"@id\":\"https:\\\/\\\/secure.gravatar.com\\\/avatar\\\/3ee4e82f93b26de0a7cf4ea5eb7893da637ed6bb0c9170c58065944c56e28a33?s=96&d=mm&r=g\",\"url\":\"https:\\\/\\\/secure.gravatar.com\\\/avatar\\\/3ee4e82f93b26de0a7cf4ea5eb7893da637ed6bb0c9170c58065944c56e28a33?s=96&d=mm&r=g\",\"contentUrl\":\"https:\\\/\\\/secure.gravatar.com\\\/avatar\\\/3ee4e82f93b26de0a7cf4ea5eb7893da637ed6bb0c9170c58065944c56e28a33?s=96&d=mm&r=g\",\"caption\":\"Gustavo Silva\"},\"url\":\"https:\\\/\\\/redenoticiaz.com.br\\\/litoralsp\\\/author\\\/gustavosilva\"}]}<\/script>\n<!-- \/ Yoast SEO plugin. -->","yoast_head_json":{"title":"Governador de S\u00e3o Paulo entrega 580 apartamentos na Baixada Santista - Litoral SP","description":"O Governador de S\u00e3o Paulo, Tarc\u00edsio de Freitas entregou 580 apartamentos na Baixada Santista \u00a0nesta quinta-feira (21), por meio do programa estadual Vida Digna.","robots":{"index":"index","follow":"follow","max-snippet":"max-snippet:-1","max-image-preview":"max-image-preview:large","max-video-preview":"max-video-preview:-1"},"canonical":"https:\/\/redenoticiaz.com.br\/litoralsp\/2023\/12\/21\/governador-de-sao-paulo-entrega-580-apartamentos-na-baixada-santista","og_locale":"pt_BR","og_type":"article","og_title":"Governador de S\u00e3o Paulo entrega 580 apartamentos na Baixada Santista - Litoral SP","og_description":"O Governador de S\u00e3o Paulo, Tarc\u00edsio de Freitas entregou 580 apartamentos na Baixada Santista \u00a0nesta quinta-feira (21), por meio do programa estadual Vida Digna.","og_url":"https:\/\/redenoticiaz.com.br\/litoralsp\/2023\/12\/21\/governador-de-sao-paulo-entrega-580-apartamentos-na-baixada-santista","og_site_name":"Litoral SP","article_published_time":"2023-12-21T22:00:49+00:00","og_image":[{"width":547,"height":376,"url":"https:\/\/redenoticiaz.com.br\/litoralsp\/wp-content\/uploads\/sites\/3\/2023\/12\/Sem-titulo-3.jpg","type":"image\/jpeg"}],"author":"Gustavo Silva","twitter_card":"summary_large_image","twitter_misc":{"Escrito por":"Gustavo Silva","Est. tempo de leitura":"1 minuto"},"schema":{"@context":"https:\/\/schema.org","@graph":[{"@type":"Article","@id":"https:\/\/redenoticiaz.com.br\/litoralsp\/2023\/12\/21\/governador-de-sao-paulo-entrega-580-apartamentos-na-baixada-santista#article","isPartOf":{"@id":"https:\/\/redenoticiaz.com.br\/litoralsp\/2023\/12\/21\/governador-de-sao-paulo-entrega-580-apartamentos-na-baixada-santista"},"author":{"name":"Gustavo Silva","@id":"https:\/\/redenoticiaz.com.br\/litoralsp\/#\/schema\/person\/16057b37a3c0ee6b096d7f887c566e2e"},"headline":"Governador de S\u00e3o Paulo entrega 580 apartamentos na Baixada Santista","datePublished":"2023-12-21T22:00:49+00:00","mainEntityOfPage":{"@id":"https:\/\/redenoticiaz.com.br\/litoralsp\/2023\/12\/21\/governador-de-sao-paulo-entrega-580-apartamentos-na-baixada-santista"},"wordCount":167,"commentCount":0,"publisher":{"@id":"https:\/\/redenoticiaz.com.br\/litoralsp\/#organization"},"image":{"@id":"https:\/\/redenoticiaz.com.br\/litoralsp\/2023\/12\/21\/governador-de-sao-paulo-entrega-580-apartamentos-na-baixada-santista#primaryimage"},"thumbnailUrl":"https:\/\/redenoticiaz.com.br\/litoralsp\/wp-content\/uploads\/sites\/3\/2023\/12\/Sem-titulo-3.jpg","keywords":["baixada","Guaruj\u00e1","Santos"],"articleSection":["Santos","Turismo"],"inLanguage":"pt-BR","potentialAction":[{"@type":"CommentAction","name":"Comment","target":["https:\/\/redenoticiaz.com.br\/litoralsp\/2023\/12\/21\/governador-de-sao-paulo-entrega-580-apartamentos-na-baixada-santista#respond"]}]},{"@type":"WebPage","@id":"https:\/\/redenoticiaz.com.br\/litoralsp\/2023\/12\/21\/governador-de-sao-paulo-entrega-580-apartamentos-na-baixada-santista","url":"https:\/\/redenoticiaz.com.br\/litoralsp\/2023\/12\/21\/governador-de-sao-paulo-entrega-580-apartamentos-na-baixada-santista","name":"Governador de S\u00e3o Paulo entrega 580 apartamentos na Baixada Santista - Litoral SP","isPartOf":{"@id":"https:\/\/redenoticiaz.com.br\/litoralsp\/#website"},"primaryImageOfPage":{"@id":"https:\/\/redenoticiaz.com.br\/litoralsp\/2023\/12\/21\/governador-de-sao-paulo-entrega-580-apartamentos-na-baixada-santista#primaryimage"},"image":{"@id":"https:\/\/redenoticiaz.com.br\/litoralsp\/2023\/12\/21\/governador-de-sao-paulo-entrega-580-apartamentos-na-baixada-santista#primaryimage"},"thumbnailUrl":"https:\/\/redenoticiaz.com.br\/litoralsp\/wp-content\/uploads\/sites\/3\/2023\/12\/Sem-titulo-3.jpg","datePublished":"2023-12-21T22:00:49+00:00","description":"O Governador de S\u00e3o Paulo, Tarc\u00edsio de Freitas entregou 580 apartamentos na Baixada Santista \u00a0nesta quinta-feira (21), por meio do programa estadual Vida Digna.","inLanguage":"pt-BR","potentialAction":[{"@type":"ReadAction","target":["https:\/\/redenoticiaz.com.br\/litoralsp\/2023\/12\/21\/governador-de-sao-paulo-entrega-580-apartamentos-na-baixada-santista"]}]},{"@type":"ImageObject","inLanguage":"pt-BR","@id":"https:\/\/redenoticiaz.com.br\/litoralsp\/2023\/12\/21\/governador-de-sao-paulo-entrega-580-apartamentos-na-baixada-santista#primaryimage","url":"https:\/\/redenoticiaz.com.br\/litoralsp\/wp-content\/uploads\/sites\/3\/2023\/12\/Sem-titulo-3.jpg","contentUrl":"https:\/\/redenoticiaz.com.br\/litoralsp\/wp-content\/uploads\/sites\/3\/2023\/12\/Sem-titulo-3.jpg","width":547,"height":376,"caption":"Governador de S\u00e3o Paulo entrega 580 apartamentos na Baixada Santista"},{"@type":"WebSite","@id":"https:\/\/redenoticiaz.com.br\/litoralsp\/#website","url":"https:\/\/redenoticiaz.com.br\/litoralsp\/","name":"Litoral SP","description":"Rede NoticiaZ","publisher":{"@id":"https:\/\/redenoticiaz.com.br\/litoralsp\/#organization"},"potentialAction":[{"@type":"SearchAction","target":{"@type":"EntryPoint","urlTemplate":"https:\/\/redenoticiaz.com.br\/litoralsp\/?s={search_term_string}"},"query-input":{"@type":"PropertyValueSpecification","valueRequired":true,"valueName":"search_term_string"}}],"inLanguage":"pt-BR"},{"@type":"Organization","@id":"https:\/\/redenoticiaz.com.br\/litoralsp\/#organization","name":"Litoral SP","url":"https:\/\/redenoticiaz.com.br\/litoralsp\/","logo":{"@type":"ImageObject","inLanguage":"pt-BR","@id":"https:\/\/redenoticiaz.com.br\/litoralsp\/#\/schema\/logo\/image\/","url":"https:\/\/redenoticiaz.com.br\/litoralsp\/wp-content\/uploads\/sites\/3\/2020\/11\/logo.jpg","contentUrl":"https:\/\/redenoticiaz.com.br\/litoralsp\/wp-content\/uploads\/sites\/3\/2020\/11\/logo.jpg","width":400,"height":250,"caption":"Litoral SP"},"image":{"@id":"https:\/\/redenoticiaz.com.br\/litoralsp\/#\/schema\/logo\/image\/"}},{"@type":"Person","@id":"https:\/\/redenoticiaz.com.br\/litoralsp\/#\/schema\/person\/16057b37a3c0ee6b096d7f887c566e2e","name":"Gustavo Silva","image":{"@type":"ImageObject","inLanguage":"pt-BR","@id":"https:\/\/secure.gravatar.com\/avatar\/3ee4e82f93b26de0a7cf4ea5eb7893da637ed6bb0c9170c58065944c56e28a33?s=96&d=mm&r=g","url":"https:\/\/secure.gravatar.com\/avatar\/3ee4e82f93b26de0a7cf4ea5eb7893da637ed6bb0c9170c58065944c56e28a33?s=96&d=mm&r=g","contentUrl":"https:\/\/secure.gravatar.com\/avatar\/3ee4e82f93b26de0a7cf4ea5eb7893da637ed6bb0c9170c58065944c56e28a33?s=96&d=mm&r=g","caption":"Gustavo Silva"},"url":"https:\/\/redenoticiaz.com.br\/litoralsp\/author\/gustavosilva"}]}},"_links":{"self":[{"href":"https:\/\/redenoticiaz.com.br\/litoralsp\/wp-json\/wp\/v2\/posts\/113150","targetHints":{"allow":["GET"]}}],"collection":[{"href":"https:\/\/redenoticiaz.com.br\/litoralsp\/wp-json\/wp\/v2\/posts"}],"about":[{"href":"https:\/\/redenoticiaz.com.br\/litoralsp\/wp-json\/wp\/v2\/types\/post"}],"author":[{"embeddable":true,"href":"https:\/\/redenoticiaz.com.br\/litoralsp\/wp-json\/wp\/v2\/users\/12"}],"replies":[{"embeddable":true,"href":"https:\/\/redenoticiaz.com.br\/litoralsp\/wp-json\/wp\/v2\/comments?post=113150"}],"version-history":[{"count":2,"href":"https:\/\/redenoticiaz.com.br\/litoralsp\/wp-json\/wp\/v2\/posts\/113150\/revisions"}],"predecessor-version":[{"id":113156,"href":"https:\/\/redenoticiaz.com.br\/litoralsp\/wp-json\/wp\/v2\/posts\/113150\/revisions\/113156"}],"wp:featuredmedia":[{"embeddable":true,"href":"https:\/\/redenoticiaz.com.br\/litoralsp\/wp-json\/wp\/v2\/media\/113154"}],"wp:attachment":[{"href":"https:\/\/redenoticiaz.com.br\/litoralsp\/wp-json\/wp\/v2\/media?parent=113150"}],"wp:term":[{"taxonomy":"category","embeddable":true,"href":"https:\/\/redenoticiaz.com.br\/litoralsp\/wp-json\/wp\/v2\/categories?post=113150"},{"taxonomy":"post_tag","embeddable":true,"href":"https:\/\/redenoticiaz.com.br\/litoralsp\/wp-json\/wp\/v2\/tags?post=113150"}],"curies":[{"name":"wp","href":"https:\/\/api.w.org\/{rel}","templated":true}]}}