{"id":113172,"date":"2023-12-24T13:00:27","date_gmt":"2023-12-24T16:00:27","guid":{"rendered":"https:\/\/redenoticiaz.com.br\/litoralsp\/?p=113172"},"modified":"2023-12-22T18:09:48","modified_gmt":"2023-12-22T21:09:48","slug":"relembre-os-famosos-demitidos-em-2023","status":"publish","type":"post","link":"https:\/\/redenoticiaz.com.br\/litoralsp\/2023\/12\/24\/relembre-os-famosos-demitidos-em-2023","title":{"rendered":"Relembre os famosos demitidos em 2023"},"content":{"rendered":"<p>No decorrer de 2023, o universo das celebridades foi marcado por reviravoltas surpreendentes, com alguns nomes reconhecidos sendo protagonistas de uma mudan\u00e7a inesperada em suas trajet\u00f3rias profissionais. A palavra &#8220;demitido&#8221; ecoou nos bastidores do entretenimento.<\/p>\n<p>Manoel Soares, a Globo anunciou em julho, a demiss\u00e3o. A sa\u00edda foi comunicada ap\u00f3s o ex-apresentador do programa &#8220;Encontro&#8221; ser alvo de pol\u00eamicas com Patricia Poeta.<\/p>\n<p>Isabella Drumond foi outra que n\u00e3o teve o contrato renovado. A atriz estava fora do ar desde julho de 2019, quando interpretou Manu em &#8220;Ver\u00e3o 90&#8221;.<\/p>\n<p>Ap\u00f3s 25 anos a atris Helo\u00edsa Periss\u00e9, deixou a Globo. Ela estava no &#8220;Dan\u00e7a dos Famosos&#8221; e tamb\u00e9m participou da &#8220;Escolinha do professor Raimundo&#8221;.<\/p>\n<p>Gabriela Duarte, por sua vez, deixou a Globo ap\u00f3s 40 anos de casa. Ela protagonizou tramas de sucesso como: &#8220;Por Amor&#8221;, &#8220;Orgulho e Paix\u00e3o&#8221; e &#8220;Top Model&#8221;.<\/p>\n<p>No mundo do jornalismo n\u00e3o foi diferente, Cl\u00e9ber Machado, h\u00e1 35 anos, tamb\u00e9m deixou a Globo. No entanto, uma semana depois, ele assinou contrato com a Record TV para narrar as partidas do Campeonato Paulista.<\/p>\n<p>Gloria Vanique, a jornalista, sofreu o impacto dos cortes da CNN. Contratada em 2020, ela dividia apresenta\u00e7\u00e3o do &#8220;CNN 360&#8221; com Daniela Lima, que pediu para sair da emissora este ano.<\/p>\n<p>Monalisa Perone, que trocou a globo pela CNN, tamb\u00e9m foi demitida. NA emissora, Monalisa participou de importantes coberturas e apresentou o &#8220;Expresso CNN&#8221; e o &#8220;Jornal da CNN&#8221;. Al\u00e9m disso, outros jornalistas foram dispensados pelo canal: Sidney Rezende, Macela Rahal e Felipe Moura Brasil e Leandro Karnal.<\/p>\n<p>Ainda dentro do mundo esportivo, Fernanda Gentil, 15 anos de Globo, deixou a emissora. Ela j\u00e1 passou pelo Sportv e transitou pelo entretenimento.<\/p>\n<p>Giovana Antonelli deixou a Globo com 23 anos de casa. A atriz assinou contrato com a Warner Bros Discovery para integrar a novela na HBO Max, segundo o F5.<\/p>\n<p>Outra que deixou a emissora Globo ap\u00f3s 34 anos, foi Fl\u00e1via Alessandra. Ela se tornou apresentadora de reality show, Ilha da Tenta\u00e7\u00e3o, ao lado do marido, no streaming da Amazon Prime.<\/p>\n<p>Por fim, um dos maiores apresentadores, Faust\u00e3o, saiu da Band. O programa apresentado por ele foi descontinuado, em 2023. A atra\u00e7\u00e3o n\u00e3o tilha bons \u00edndices de audi\u00eancia.<\/p>\n<p>LEIA MAIS<\/p>\n<p><a href=\"https:\/\/redenoticiaz.com.br\/blog\/2023\/12\/09\/relembre-os-bebes-dos-famosos-que-chegaram-em-2023\">Relembre os beb\u00eas dos famosos que chegaram em 2023<\/a><\/p>\n<p><a href=\"https:\/\/redenoticiaz.com.br\/blog\/2023\/12\/16\/ano-de-2023-registra-separacoes-surpreendentes-entre-celebridades-confira\">Ano de 2023 registra separa\u00e7\u00f5es surpreendentes entre celebridades; confira<\/a><br \/>\n&nbsp;<\/p>\n<p>&nbsp;<\/p>\n<p>&nbsp;<\/p>\n<p>&nbsp;<\/p>\n<p>&nbsp;<\/p>\n","protected":false},"excerpt":{"rendered":"<p>No decorrer de 2023, o universo das celebridades foi marcado por reviravoltas surpreendentes, com alguns nomes reconhecidos sendo protagonistas de uma mudan\u00e7a inesperada em suas trajet\u00f3rias profissionais. A palavra &#8220;demitido&#8221; ecoou nos bastidores do entretenimento. Manoel Soares, a Globo anunciou em julho, a demiss\u00e3o. A sa\u00edda foi comunicada ap\u00f3s o ex-apresentador do programa &#8220;Encontro&#8221; ser &hellip;<\/p>\n","protected":false},"author":30,"featured_media":113173,"comment_status":"open","ping_status":"closed","sticky":false,"template":"","format":"standard","meta":{"footnotes":""},"categories":[60954],"tags":[10122,8158,67760],"class_list":["post-113172","post","type-post","status-publish","format-standard","has-post-thumbnail","hentry","category-celebridades","tag-apresentador","tag-atriz","tag-demitidos"],"yoast_head":"<!-- This site is optimized with the Yoast SEO plugin v27.4 - https:\/\/yoast.com\/product\/yoast-seo-wordpress\/ -->\n<title>Relembre os famosos demitidos em 2023 - Litoral SP<\/title>\n<meta name=\"description\" content=\"O universo das celebridades foi marcado por reviravoltas surpreendentes, com alguns nomes reconhecidos sendo protagonistas de uma mudan\u00e7a.\" \/>\n<meta name=\"robots\" content=\"index, follow, max-snippet:-1, max-image-preview:large, max-video-preview:-1\" \/>\n<link rel=\"canonical\" href=\"https:\/\/redenoticiaz.com.br\/litoralsp\/2023\/12\/24\/relembre-os-famosos-demitidos-em-2023\" \/>\n<meta property=\"og:locale\" content=\"pt_BR\" \/>\n<meta property=\"og:type\" content=\"article\" \/>\n<meta property=\"og:title\" content=\"Relembre os famosos demitidos em 2023 - Litoral SP\" \/>\n<meta property=\"og:description\" content=\"O universo das celebridades foi marcado por reviravoltas surpreendentes, com alguns nomes reconhecidos sendo protagonistas de uma mudan\u00e7a.\" \/>\n<meta property=\"og:url\" content=\"https:\/\/redenoticiaz.com.br\/litoralsp\/2023\/12\/24\/relembre-os-famosos-demitidos-em-2023\" \/>\n<meta property=\"og:site_name\" content=\"Litoral SP\" \/>\n<meta property=\"article:published_time\" content=\"2023-12-24T16:00:27+00:00\" \/>\n<meta property=\"og:image\" content=\"https:\/\/redenoticiaz.com.br\/litoralsp\/wp-content\/uploads\/sites\/3\/2023\/12\/famosos.jpg?v=1703279029\" \/>\n\t<meta property=\"og:image:width\" content=\"1640\" \/>\n\t<meta property=\"og:image:height\" content=\"924\" \/>\n\t<meta property=\"og:image:type\" content=\"image\/jpeg\" \/>\n<meta name=\"author\" content=\"Carina Reifonas\" \/>\n<meta name=\"twitter:card\" content=\"summary_large_image\" \/>\n<meta name=\"twitter:label1\" content=\"Escrito por\" \/>\n\t<meta name=\"twitter:data1\" content=\"Carina Reifonas\" \/>\n\t<meta name=\"twitter:label2\" content=\"Est. tempo de leitura\" \/>\n\t<meta name=\"twitter:data2\" content=\"3 minutos\" \/>\n<script type=\"application\/ld+json\" class=\"yoast-schema-graph\">{\"@context\":\"https:\\\/\\\/schema.org\",\"@graph\":[{\"@type\":\"Article\",\"@id\":\"https:\\\/\\\/redenoticiaz.com.br\\\/litoralsp\\\/2023\\\/12\\\/24\\\/relembre-os-famosos-demitidos-em-2023#article\",\"isPartOf\":{\"@id\":\"https:\\\/\\\/redenoticiaz.com.br\\\/litoralsp\\\/2023\\\/12\\\/24\\\/relembre-os-famosos-demitidos-em-2023\"},\"author\":{\"name\":\"Carina Reifonas\",\"@id\":\"https:\\\/\\\/redenoticiaz.com.br\\\/litoralsp\\\/#\\\/schema\\\/person\\\/1f84d6e94e6a62d2d81199d7503e9e90\"},\"headline\":\"Relembre os famosos demitidos em 2023\",\"datePublished\":\"2023-12-24T16:00:27+00:00\",\"mainEntityOfPage\":{\"@id\":\"https:\\\/\\\/redenoticiaz.com.br\\\/litoralsp\\\/2023\\\/12\\\/24\\\/relembre-os-famosos-demitidos-em-2023\"},\"wordCount\":406,\"commentCount\":0,\"publisher\":{\"@id\":\"https:\\\/\\\/redenoticiaz.com.br\\\/litoralsp\\\/#organization\"},\"image\":{\"@id\":\"https:\\\/\\\/redenoticiaz.com.br\\\/litoralsp\\\/2023\\\/12\\\/24\\\/relembre-os-famosos-demitidos-em-2023#primaryimage\"},\"thumbnailUrl\":\"https:\\\/\\\/redenoticiaz.com.br\\\/litoralsp\\\/wp-content\\\/uploads\\\/sites\\\/3\\\/2023\\\/12\\\/famosos.jpg?v=1703279029\",\"keywords\":[\"APRESENTADOR\",\"ATRIZ\",\"demitidos\"],\"articleSection\":[\"Celebridades\"],\"inLanguage\":\"pt-BR\",\"potentialAction\":[{\"@type\":\"CommentAction\",\"name\":\"Comment\",\"target\":[\"https:\\\/\\\/redenoticiaz.com.br\\\/litoralsp\\\/2023\\\/12\\\/24\\\/relembre-os-famosos-demitidos-em-2023#respond\"]}]},{\"@type\":\"WebPage\",\"@id\":\"https:\\\/\\\/redenoticiaz.com.br\\\/litoralsp\\\/2023\\\/12\\\/24\\\/relembre-os-famosos-demitidos-em-2023\",\"url\":\"https:\\\/\\\/redenoticiaz.com.br\\\/litoralsp\\\/2023\\\/12\\\/24\\\/relembre-os-famosos-demitidos-em-2023\",\"name\":\"Relembre os famosos demitidos em 2023 - Litoral SP\",\"isPartOf\":{\"@id\":\"https:\\\/\\\/redenoticiaz.com.br\\\/litoralsp\\\/#website\"},\"primaryImageOfPage\":{\"@id\":\"https:\\\/\\\/redenoticiaz.com.br\\\/litoralsp\\\/2023\\\/12\\\/24\\\/relembre-os-famosos-demitidos-em-2023#primaryimage\"},\"image\":{\"@id\":\"https:\\\/\\\/redenoticiaz.com.br\\\/litoralsp\\\/2023\\\/12\\\/24\\\/relembre-os-famosos-demitidos-em-2023#primaryimage\"},\"thumbnailUrl\":\"https:\\\/\\\/redenoticiaz.com.br\\\/litoralsp\\\/wp-content\\\/uploads\\\/sites\\\/3\\\/2023\\\/12\\\/famosos.jpg?v=1703279029\",\"datePublished\":\"2023-12-24T16:00:27+00:00\",\"description\":\"O universo das celebridades foi marcado por reviravoltas surpreendentes, com alguns nomes reconhecidos sendo protagonistas de uma mudan\u00e7a.\",\"inLanguage\":\"pt-BR\",\"potentialAction\":[{\"@type\":\"ReadAction\",\"target\":[\"https:\\\/\\\/redenoticiaz.com.br\\\/litoralsp\\\/2023\\\/12\\\/24\\\/relembre-os-famosos-demitidos-em-2023\"]}]},{\"@type\":\"ImageObject\",\"inLanguage\":\"pt-BR\",\"@id\":\"https:\\\/\\\/redenoticiaz.com.br\\\/litoralsp\\\/2023\\\/12\\\/24\\\/relembre-os-famosos-demitidos-em-2023#primaryimage\",\"url\":\"https:\\\/\\\/redenoticiaz.com.br\\\/litoralsp\\\/wp-content\\\/uploads\\\/sites\\\/3\\\/2023\\\/12\\\/famosos.jpg?v=1703279029\",\"contentUrl\":\"https:\\\/\\\/redenoticiaz.com.br\\\/litoralsp\\\/wp-content\\\/uploads\\\/sites\\\/3\\\/2023\\\/12\\\/famosos.jpg?v=1703279029\",\"width\":1640,\"height\":924,\"caption\":\"Relembre os famosos demitidos em 2023. Cr\u00e9dito: Reprodu\u00e7\u00e3o\"},{\"@type\":\"WebSite\",\"@id\":\"https:\\\/\\\/redenoticiaz.com.br\\\/litoralsp\\\/#website\",\"url\":\"https:\\\/\\\/redenoticiaz.com.br\\\/litoralsp\\\/\",\"name\":\"Litoral SP\",\"description\":\"Rede NoticiaZ\",\"publisher\":{\"@id\":\"https:\\\/\\\/redenoticiaz.com.br\\\/litoralsp\\\/#organization\"},\"potentialAction\":[{\"@type\":\"SearchAction\",\"target\":{\"@type\":\"EntryPoint\",\"urlTemplate\":\"https:\\\/\\\/redenoticiaz.com.br\\\/litoralsp\\\/?s={search_term_string}\"},\"query-input\":{\"@type\":\"PropertyValueSpecification\",\"valueRequired\":true,\"valueName\":\"search_term_string\"}}],\"inLanguage\":\"pt-BR\"},{\"@type\":\"Organization\",\"@id\":\"https:\\\/\\\/redenoticiaz.com.br\\\/litoralsp\\\/#organization\",\"name\":\"Litoral SP\",\"url\":\"https:\\\/\\\/redenoticiaz.com.br\\\/litoralsp\\\/\",\"logo\":{\"@type\":\"ImageObject\",\"inLanguage\":\"pt-BR\",\"@id\":\"https:\\\/\\\/redenoticiaz.com.br\\\/litoralsp\\\/#\\\/schema\\\/logo\\\/image\\\/\",\"url\":\"https:\\\/\\\/redenoticiaz.com.br\\\/litoralsp\\\/wp-content\\\/uploads\\\/sites\\\/3\\\/2020\\\/11\\\/logo.jpg\",\"contentUrl\":\"https:\\\/\\\/redenoticiaz.com.br\\\/litoralsp\\\/wp-content\\\/uploads\\\/sites\\\/3\\\/2020\\\/11\\\/logo.jpg\",\"width\":400,\"height\":250,\"caption\":\"Litoral SP\"},\"image\":{\"@id\":\"https:\\\/\\\/redenoticiaz.com.br\\\/litoralsp\\\/#\\\/schema\\\/logo\\\/image\\\/\"}},{\"@type\":\"Person\",\"@id\":\"https:\\\/\\\/redenoticiaz.com.br\\\/litoralsp\\\/#\\\/schema\\\/person\\\/1f84d6e94e6a62d2d81199d7503e9e90\",\"name\":\"Carina Reifonas\",\"image\":{\"@type\":\"ImageObject\",\"inLanguage\":\"pt-BR\",\"@id\":\"https:\\\/\\\/secure.gravatar.com\\\/avatar\\\/04c59859b23696cf867715880f81d5c037e60109730bdb4e6670ec2a2245bc97?s=96&d=mm&r=g\",\"url\":\"https:\\\/\\\/secure.gravatar.com\\\/avatar\\\/04c59859b23696cf867715880f81d5c037e60109730bdb4e6670ec2a2245bc97?s=96&d=mm&r=g\",\"contentUrl\":\"https:\\\/\\\/secure.gravatar.com\\\/avatar\\\/04c59859b23696cf867715880f81d5c037e60109730bdb4e6670ec2a2245bc97?s=96&d=mm&r=g\",\"caption\":\"Carina Reifonas\"},\"url\":\"https:\\\/\\\/redenoticiaz.com.br\\\/litoralsp\\\/author\\\/carinareifonas\"}]}<\/script>\n<!-- \/ Yoast SEO plugin. -->","yoast_head_json":{"title":"Relembre os famosos demitidos em 2023 - Litoral SP","description":"O universo das celebridades foi marcado por reviravoltas surpreendentes, com alguns nomes reconhecidos sendo protagonistas de uma mudan\u00e7a.","robots":{"index":"index","follow":"follow","max-snippet":"max-snippet:-1","max-image-preview":"max-image-preview:large","max-video-preview":"max-video-preview:-1"},"canonical":"https:\/\/redenoticiaz.com.br\/litoralsp\/2023\/12\/24\/relembre-os-famosos-demitidos-em-2023","og_locale":"pt_BR","og_type":"article","og_title":"Relembre os famosos demitidos em 2023 - Litoral SP","og_description":"O universo das celebridades foi marcado por reviravoltas surpreendentes, com alguns nomes reconhecidos sendo protagonistas de uma mudan\u00e7a.","og_url":"https:\/\/redenoticiaz.com.br\/litoralsp\/2023\/12\/24\/relembre-os-famosos-demitidos-em-2023","og_site_name":"Litoral SP","article_published_time":"2023-12-24T16:00:27+00:00","og_image":[{"width":1640,"height":924,"url":"https:\/\/redenoticiaz.com.br\/litoralsp\/wp-content\/uploads\/sites\/3\/2023\/12\/famosos.jpg?v=1703279029","type":"image\/jpeg"}],"author":"Carina Reifonas","twitter_card":"summary_large_image","twitter_misc":{"Escrito por":"Carina Reifonas","Est. tempo de leitura":"3 minutos"},"schema":{"@context":"https:\/\/schema.org","@graph":[{"@type":"Article","@id":"https:\/\/redenoticiaz.com.br\/litoralsp\/2023\/12\/24\/relembre-os-famosos-demitidos-em-2023#article","isPartOf":{"@id":"https:\/\/redenoticiaz.com.br\/litoralsp\/2023\/12\/24\/relembre-os-famosos-demitidos-em-2023"},"author":{"name":"Carina Reifonas","@id":"https:\/\/redenoticiaz.com.br\/litoralsp\/#\/schema\/person\/1f84d6e94e6a62d2d81199d7503e9e90"},"headline":"Relembre os famosos demitidos em 2023","datePublished":"2023-12-24T16:00:27+00:00","mainEntityOfPage":{"@id":"https:\/\/redenoticiaz.com.br\/litoralsp\/2023\/12\/24\/relembre-os-famosos-demitidos-em-2023"},"wordCount":406,"commentCount":0,"publisher":{"@id":"https:\/\/redenoticiaz.com.br\/litoralsp\/#organization"},"image":{"@id":"https:\/\/redenoticiaz.com.br\/litoralsp\/2023\/12\/24\/relembre-os-famosos-demitidos-em-2023#primaryimage"},"thumbnailUrl":"https:\/\/redenoticiaz.com.br\/litoralsp\/wp-content\/uploads\/sites\/3\/2023\/12\/famosos.jpg?v=1703279029","keywords":["APRESENTADOR","ATRIZ","demitidos"],"articleSection":["Celebridades"],"inLanguage":"pt-BR","potentialAction":[{"@type":"CommentAction","name":"Comment","target":["https:\/\/redenoticiaz.com.br\/litoralsp\/2023\/12\/24\/relembre-os-famosos-demitidos-em-2023#respond"]}]},{"@type":"WebPage","@id":"https:\/\/redenoticiaz.com.br\/litoralsp\/2023\/12\/24\/relembre-os-famosos-demitidos-em-2023","url":"https:\/\/redenoticiaz.com.br\/litoralsp\/2023\/12\/24\/relembre-os-famosos-demitidos-em-2023","name":"Relembre os famosos demitidos em 2023 - Litoral SP","isPartOf":{"@id":"https:\/\/redenoticiaz.com.br\/litoralsp\/#website"},"primaryImageOfPage":{"@id":"https:\/\/redenoticiaz.com.br\/litoralsp\/2023\/12\/24\/relembre-os-famosos-demitidos-em-2023#primaryimage"},"image":{"@id":"https:\/\/redenoticiaz.com.br\/litoralsp\/2023\/12\/24\/relembre-os-famosos-demitidos-em-2023#primaryimage"},"thumbnailUrl":"https:\/\/redenoticiaz.com.br\/litoralsp\/wp-content\/uploads\/sites\/3\/2023\/12\/famosos.jpg?v=1703279029","datePublished":"2023-12-24T16:00:27+00:00","description":"O universo das celebridades foi marcado por reviravoltas surpreendentes, com alguns nomes reconhecidos sendo protagonistas de uma mudan\u00e7a.","inLanguage":"pt-BR","potentialAction":[{"@type":"ReadAction","target":["https:\/\/redenoticiaz.com.br\/litoralsp\/2023\/12\/24\/relembre-os-famosos-demitidos-em-2023"]}]},{"@type":"ImageObject","inLanguage":"pt-BR","@id":"https:\/\/redenoticiaz.com.br\/litoralsp\/2023\/12\/24\/relembre-os-famosos-demitidos-em-2023#primaryimage","url":"https:\/\/redenoticiaz.com.br\/litoralsp\/wp-content\/uploads\/sites\/3\/2023\/12\/famosos.jpg?v=1703279029","contentUrl":"https:\/\/redenoticiaz.com.br\/litoralsp\/wp-content\/uploads\/sites\/3\/2023\/12\/famosos.jpg?v=1703279029","width":1640,"height":924,"caption":"Relembre os famosos demitidos em 2023. Cr\u00e9dito: Reprodu\u00e7\u00e3o"},{"@type":"WebSite","@id":"https:\/\/redenoticiaz.com.br\/litoralsp\/#website","url":"https:\/\/redenoticiaz.com.br\/litoralsp\/","name":"Litoral SP","description":"Rede NoticiaZ","publisher":{"@id":"https:\/\/redenoticiaz.com.br\/litoralsp\/#organization"},"potentialAction":[{"@type":"SearchAction","target":{"@type":"EntryPoint","urlTemplate":"https:\/\/redenoticiaz.com.br\/litoralsp\/?s={search_term_string}"},"query-input":{"@type":"PropertyValueSpecification","valueRequired":true,"valueName":"search_term_string"}}],"inLanguage":"pt-BR"},{"@type":"Organization","@id":"https:\/\/redenoticiaz.com.br\/litoralsp\/#organization","name":"Litoral SP","url":"https:\/\/redenoticiaz.com.br\/litoralsp\/","logo":{"@type":"ImageObject","inLanguage":"pt-BR","@id":"https:\/\/redenoticiaz.com.br\/litoralsp\/#\/schema\/logo\/image\/","url":"https:\/\/redenoticiaz.com.br\/litoralsp\/wp-content\/uploads\/sites\/3\/2020\/11\/logo.jpg","contentUrl":"https:\/\/redenoticiaz.com.br\/litoralsp\/wp-content\/uploads\/sites\/3\/2020\/11\/logo.jpg","width":400,"height":250,"caption":"Litoral SP"},"image":{"@id":"https:\/\/redenoticiaz.com.br\/litoralsp\/#\/schema\/logo\/image\/"}},{"@type":"Person","@id":"https:\/\/redenoticiaz.com.br\/litoralsp\/#\/schema\/person\/1f84d6e94e6a62d2d81199d7503e9e90","name":"Carina Reifonas","image":{"@type":"ImageObject","inLanguage":"pt-BR","@id":"https:\/\/secure.gravatar.com\/avatar\/04c59859b23696cf867715880f81d5c037e60109730bdb4e6670ec2a2245bc97?s=96&d=mm&r=g","url":"https:\/\/secure.gravatar.com\/avatar\/04c59859b23696cf867715880f81d5c037e60109730bdb4e6670ec2a2245bc97?s=96&d=mm&r=g","contentUrl":"https:\/\/secure.gravatar.com\/avatar\/04c59859b23696cf867715880f81d5c037e60109730bdb4e6670ec2a2245bc97?s=96&d=mm&r=g","caption":"Carina Reifonas"},"url":"https:\/\/redenoticiaz.com.br\/litoralsp\/author\/carinareifonas"}]}},"_links":{"self":[{"href":"https:\/\/redenoticiaz.com.br\/litoralsp\/wp-json\/wp\/v2\/posts\/113172","targetHints":{"allow":["GET"]}}],"collection":[{"href":"https:\/\/redenoticiaz.com.br\/litoralsp\/wp-json\/wp\/v2\/posts"}],"about":[{"href":"https:\/\/redenoticiaz.com.br\/litoralsp\/wp-json\/wp\/v2\/types\/post"}],"author":[{"embeddable":true,"href":"https:\/\/redenoticiaz.com.br\/litoralsp\/wp-json\/wp\/v2\/users\/30"}],"replies":[{"embeddable":true,"href":"https:\/\/redenoticiaz.com.br\/litoralsp\/wp-json\/wp\/v2\/comments?post=113172"}],"version-history":[{"count":1,"href":"https:\/\/redenoticiaz.com.br\/litoralsp\/wp-json\/wp\/v2\/posts\/113172\/revisions"}],"predecessor-version":[{"id":113202,"href":"https:\/\/redenoticiaz.com.br\/litoralsp\/wp-json\/wp\/v2\/posts\/113172\/revisions\/113202"}],"wp:featuredmedia":[{"embeddable":true,"href":"https:\/\/redenoticiaz.com.br\/litoralsp\/wp-json\/wp\/v2\/media\/113173"}],"wp:attachment":[{"href":"https:\/\/redenoticiaz.com.br\/litoralsp\/wp-json\/wp\/v2\/media?parent=113172"}],"wp:term":[{"taxonomy":"category","embeddable":true,"href":"https:\/\/redenoticiaz.com.br\/litoralsp\/wp-json\/wp\/v2\/categories?post=113172"},{"taxonomy":"post_tag","embeddable":true,"href":"https:\/\/redenoticiaz.com.br\/litoralsp\/wp-json\/wp\/v2\/tags?post=113172"}],"curies":[{"name":"wp","href":"https:\/\/api.w.org\/{rel}","templated":true}]}}