{"id":113242,"date":"2023-12-26T15:54:14","date_gmt":"2023-12-26T18:54:14","guid":{"rendered":"https:\/\/redenoticiaz.com.br\/litoralsp\/2023\/12\/26\/procon-explica-o-que-fazer-para-a-troca-de-presentes-do-natal"},"modified":"2023-12-26T15:54:54","modified_gmt":"2023-12-26T18:54:54","slug":"procon-explica-o-que-fazer-para-a-troca-de-presentes-do-natal","status":"publish","type":"post","link":"https:\/\/redenoticiaz.com.br\/litoralsp\/2023\/12\/26\/procon-explica-o-que-fazer-para-a-troca-de-presentes-do-natal","title":{"rendered":"Procon explica o que fazer para a troca de presentes do Natal"},"content":{"rendered":"<p>O Natal passou, mas ficaram aqueles presentes que as pessoas ganham muitas vezes na cor errada, fora do gosto ou do tamanho.<\/p>\n<p>O Procon lembra, no entanto, que nenhuma loja \u00e9 obrigada a trocar o produto se esse n\u00e3o apresenta nenhum tipo de defeito de qualidade ou quantidade. De acordo com o C\u00f3digo de Defesa do Consumidor, o cliente s\u00f3 tem direito \u00e0 troca do produto se n\u00e3o for poss\u00edvel a substitui\u00e7\u00e3o das partes defeituosas ou se o v\u00edcio n\u00e3o for sanado no prazo m\u00e1ximo de 30 dias. Nesse caso, o consumidor poder\u00e1 escolher entre a substitui\u00e7\u00e3o do produto por outro em perfeitas condi\u00e7\u00f5es, receber o dinheiro de volta ou, ainda, obter o abatimento proporcional do pre\u00e7o.<img decoding=\"async\" src=\"https:\/\/agenciabrasil.ebc.com.br\/ebc.png?id=1574232&amp;o=node\" \/><img decoding=\"async\" src=\"https:\/\/agenciabrasil.ebc.com.br\/ebc.gif?id=1574232&amp;o=node\" \/><\/p>\n<p>Entretanto, apesar de saber que n\u00e3o h\u00e1 obrigatoriedade na realiza\u00e7\u00e3o de trocas apenas por gosto ou tamanho, muitas lojas, para n\u00e3o gerar decep\u00e7\u00e3o e fidelizar o cliente, oferecem esse benef\u00edcio em sua pol\u00edtica de troca, que precisa, por\u00e9m, estar exposta ao consumidor de forma clara, com todas as condi\u00e7\u00f5es necess\u00e1rias para utiliza\u00e7\u00e3o desse benef\u00edcio.<\/p>\n<h2>Nota fiscal<\/h2>\n<p>O Procon adverte que mesmo nas compras de presentes, a nota fiscal deve ser entregue ao comprador, porque constitui o documento oficial que comprova a data, o local e o objeto da compra. Caso o produto apresente qualquer problema, ela \u00e9 a garantia do consumidor. A nota fiscal de compra pode ser eletr\u00f4nica ou impressa. De qualquer forma, ela deve ser entregue ao consumidor obrigatoriamente, inclusive nas compras feitas pela internet. Muitas lojas que oferecem troca de presentes entregam tamb\u00e9m um comprovante, sem o pre\u00e7o da mercadoria, que poder\u00e1 ser usado pelo presenteado, caso o produto n\u00e3o agrade. Por isso, esse documento deve ser colocado junto ao pacote.<\/p>\n<h2>Compras online<\/h2>\n<p>Nas compras online, o artigo 49 do C\u00f3digo de Defesa do Consumidor define que caso o comprador se arrependa da compra efetuada por qualquer motivo, ele poder\u00e1 cancel\u00e1-la em at\u00e9 7 dias, contados a partir do recebimento do produto ou da assinatura do contrato. Desse modo, ele ter\u00e1 a devolu\u00e7\u00e3o integral dos valores pagos, inclusive frete, se for o caso. O Procon destaca, entretanto, que essa opera\u00e7\u00e3o n\u00e3o constitui troca mas, sim, arrependimento. A troca de produtos nas lojas virtuais segue as mesmas regras das lojas f\u00edsicas.<\/p>\n<p>Caso o cliente queira fazer uma reclama\u00e7\u00e3o, o Procon disponibiliza seus canais de atendimento online no site do \u00f3rg\u00e3o de seu estado.<\/p>\n<p><strong>Leia mais<\/strong><\/p>\n<p><a href=\"https:\/\/redenoticiaz.com.br\/blog\/2023\/12\/26\/o-que-voce-precisa-saber-antes-de-trocar-seus-presentes-de-natal\">O que voc\u00ea precisa saber antes de trocar seus presentes de Natal<\/a><\/p>\n<p><a href=\"https:\/\/redenoticiaz.com.br\/blog\/2023\/12\/26\/ccr-autoban-registra-fluxo-de-mais-de-695-mil-veiculos-no-natal\">CCR AutoBan registra fluxo de mais de 695 mil ve\u00edculos no Natal<\/a><\/p>\n","protected":false},"excerpt":{"rendered":"<p>O Natal passou, mas ficaram aqueles presentes que as pessoas ganham muitas vezes na cor errada, fora do gosto ou do tamanho. O Procon lembra, no entanto, que nenhuma loja \u00e9 obrigada a trocar o produto se esse n\u00e3o apresenta nenhum tipo de defeito de qualidade ou quantidade. De acordo com o C\u00f3digo de Defesa &hellip;<\/p>\n","protected":false},"author":12,"featured_media":113243,"comment_status":"open","ping_status":"closed","sticky":false,"template":"","format":"standard","meta":{"footnotes":""},"categories":[97],"tags":[52807,67778,101],"class_list":["post-113242","post","type-post","status-publish","format-standard","has-post-thumbnail","hentry","category-economia","tag-compras-online","tag-falta-da-nota-fiscal","tag-natal"],"yoast_head":"<!-- This site is optimized with the Yoast SEO plugin v27.4 - https:\/\/yoast.com\/product\/yoast-seo-wordpress\/ -->\n<title>Procon explica o que fazer para a troca de presentes do Natal - Litoral SP<\/title>\n<meta name=\"description\" content=\"O Natal passou, mas ficaram aqueles presentes que as pessoas ganham muitas vezes na cor errada, fora do gosto ou do tamanho.\" \/>\n<meta name=\"robots\" content=\"index, follow, max-snippet:-1, max-image-preview:large, max-video-preview:-1\" \/>\n<link rel=\"canonical\" href=\"https:\/\/redenoticiaz.com.br\/litoralsp\/2023\/12\/26\/procon-explica-o-que-fazer-para-a-troca-de-presentes-do-natal\" \/>\n<meta property=\"og:locale\" content=\"pt_BR\" \/>\n<meta property=\"og:type\" content=\"article\" \/>\n<meta property=\"og:title\" content=\"Procon explica o que fazer para a troca de presentes do Natal - Litoral SP\" \/>\n<meta property=\"og:description\" content=\"O Natal passou, mas ficaram aqueles presentes que as pessoas ganham muitas vezes na cor errada, fora do gosto ou do tamanho.\" \/>\n<meta property=\"og:url\" content=\"https:\/\/redenoticiaz.com.br\/litoralsp\/2023\/12\/26\/procon-explica-o-que-fazer-para-a-troca-de-presentes-do-natal\" \/>\n<meta property=\"og:site_name\" content=\"Litoral SP\" \/>\n<meta property=\"article:published_time\" content=\"2023-12-26T18:54:14+00:00\" \/>\n<meta property=\"article:modified_time\" content=\"2023-12-26T18:54:54+00:00\" \/>\n<meta property=\"og:image\" content=\"https:\/\/redenoticiaz.com.br\/litoralsp\/wp-content\/uploads\/sites\/3\/2023\/12\/reabertura_do_comercio_em_sao_paulo_fase_de_transicao_rvrsa_abr_190420212801_1.jpg?v=1703616783\" \/>\n\t<meta property=\"og:image:width\" content=\"1170\" \/>\n\t<meta property=\"og:image:height\" content=\"700\" \/>\n\t<meta property=\"og:image:type\" content=\"image\/jpeg\" \/>\n<meta name=\"author\" content=\"Gustavo Silva\" \/>\n<meta name=\"twitter:card\" content=\"summary_large_image\" \/>\n<meta name=\"twitter:label1\" content=\"Escrito por\" \/>\n\t<meta name=\"twitter:data1\" content=\"Gustavo Silva\" \/>\n\t<meta name=\"twitter:label2\" content=\"Est. tempo de leitura\" \/>\n\t<meta name=\"twitter:data2\" content=\"3 minutos\" \/>\n<script type=\"application\/ld+json\" class=\"yoast-schema-graph\">{\"@context\":\"https:\\\/\\\/schema.org\",\"@graph\":[{\"@type\":\"Article\",\"@id\":\"https:\\\/\\\/redenoticiaz.com.br\\\/litoralsp\\\/2023\\\/12\\\/26\\\/procon-explica-o-que-fazer-para-a-troca-de-presentes-do-natal#article\",\"isPartOf\":{\"@id\":\"https:\\\/\\\/redenoticiaz.com.br\\\/litoralsp\\\/2023\\\/12\\\/26\\\/procon-explica-o-que-fazer-para-a-troca-de-presentes-do-natal\"},\"author\":{\"name\":\"Gustavo Silva\",\"@id\":\"https:\\\/\\\/redenoticiaz.com.br\\\/litoralsp\\\/#\\\/schema\\\/person\\\/16057b37a3c0ee6b096d7f887c566e2e\"},\"headline\":\"Procon explica o que fazer para a troca de presentes do Natal\",\"datePublished\":\"2023-12-26T18:54:14+00:00\",\"dateModified\":\"2023-12-26T18:54:54+00:00\",\"mainEntityOfPage\":{\"@id\":\"https:\\\/\\\/redenoticiaz.com.br\\\/litoralsp\\\/2023\\\/12\\\/26\\\/procon-explica-o-que-fazer-para-a-troca-de-presentes-do-natal\"},\"wordCount\":458,\"commentCount\":0,\"publisher\":{\"@id\":\"https:\\\/\\\/redenoticiaz.com.br\\\/litoralsp\\\/#organization\"},\"image\":{\"@id\":\"https:\\\/\\\/redenoticiaz.com.br\\\/litoralsp\\\/2023\\\/12\\\/26\\\/procon-explica-o-que-fazer-para-a-troca-de-presentes-do-natal#primaryimage\"},\"thumbnailUrl\":\"https:\\\/\\\/redenoticiaz.com.br\\\/litoralsp\\\/wp-content\\\/uploads\\\/sites\\\/3\\\/2023\\\/12\\\/reabertura_do_comercio_em_sao_paulo_fase_de_transicao_rvrsa_abr_190420212801_1.jpg?v=1703616783\",\"keywords\":[\"COMPRAS ONLINE\",\"FALTA DA NOTA FISCAL\",\"NATAL\"],\"articleSection\":[\"Economia\"],\"inLanguage\":\"pt-BR\",\"potentialAction\":[{\"@type\":\"CommentAction\",\"name\":\"Comment\",\"target\":[\"https:\\\/\\\/redenoticiaz.com.br\\\/litoralsp\\\/2023\\\/12\\\/26\\\/procon-explica-o-que-fazer-para-a-troca-de-presentes-do-natal#respond\"]}]},{\"@type\":\"WebPage\",\"@id\":\"https:\\\/\\\/redenoticiaz.com.br\\\/litoralsp\\\/2023\\\/12\\\/26\\\/procon-explica-o-que-fazer-para-a-troca-de-presentes-do-natal\",\"url\":\"https:\\\/\\\/redenoticiaz.com.br\\\/litoralsp\\\/2023\\\/12\\\/26\\\/procon-explica-o-que-fazer-para-a-troca-de-presentes-do-natal\",\"name\":\"Procon explica o que fazer para a troca de presentes do Natal - Litoral SP\",\"isPartOf\":{\"@id\":\"https:\\\/\\\/redenoticiaz.com.br\\\/litoralsp\\\/#website\"},\"primaryImageOfPage\":{\"@id\":\"https:\\\/\\\/redenoticiaz.com.br\\\/litoralsp\\\/2023\\\/12\\\/26\\\/procon-explica-o-que-fazer-para-a-troca-de-presentes-do-natal#primaryimage\"},\"image\":{\"@id\":\"https:\\\/\\\/redenoticiaz.com.br\\\/litoralsp\\\/2023\\\/12\\\/26\\\/procon-explica-o-que-fazer-para-a-troca-de-presentes-do-natal#primaryimage\"},\"thumbnailUrl\":\"https:\\\/\\\/redenoticiaz.com.br\\\/litoralsp\\\/wp-content\\\/uploads\\\/sites\\\/3\\\/2023\\\/12\\\/reabertura_do_comercio_em_sao_paulo_fase_de_transicao_rvrsa_abr_190420212801_1.jpg?v=1703616783\",\"datePublished\":\"2023-12-26T18:54:14+00:00\",\"dateModified\":\"2023-12-26T18:54:54+00:00\",\"description\":\"O Natal passou, mas ficaram aqueles presentes que as pessoas ganham muitas vezes na cor errada, fora do gosto ou do tamanho.\",\"inLanguage\":\"pt-BR\",\"potentialAction\":[{\"@type\":\"ReadAction\",\"target\":[\"https:\\\/\\\/redenoticiaz.com.br\\\/litoralsp\\\/2023\\\/12\\\/26\\\/procon-explica-o-que-fazer-para-a-troca-de-presentes-do-natal\"]}]},{\"@type\":\"ImageObject\",\"inLanguage\":\"pt-BR\",\"@id\":\"https:\\\/\\\/redenoticiaz.com.br\\\/litoralsp\\\/2023\\\/12\\\/26\\\/procon-explica-o-que-fazer-para-a-troca-de-presentes-do-natal#primaryimage\",\"url\":\"https:\\\/\\\/redenoticiaz.com.br\\\/litoralsp\\\/wp-content\\\/uploads\\\/sites\\\/3\\\/2023\\\/12\\\/reabertura_do_comercio_em_sao_paulo_fase_de_transicao_rvrsa_abr_190420212801_1.jpg?v=1703616783\",\"contentUrl\":\"https:\\\/\\\/redenoticiaz.com.br\\\/litoralsp\\\/wp-content\\\/uploads\\\/sites\\\/3\\\/2023\\\/12\\\/reabertura_do_comercio_em_sao_paulo_fase_de_transicao_rvrsa_abr_190420212801_1.jpg?v=1703616783\",\"width\":1170,\"height\":700,\"caption\":\"Procon explica o que fazer para a troca de presentes do Natal\"},{\"@type\":\"WebSite\",\"@id\":\"https:\\\/\\\/redenoticiaz.com.br\\\/litoralsp\\\/#website\",\"url\":\"https:\\\/\\\/redenoticiaz.com.br\\\/litoralsp\\\/\",\"name\":\"Litoral SP\",\"description\":\"Rede NoticiaZ\",\"publisher\":{\"@id\":\"https:\\\/\\\/redenoticiaz.com.br\\\/litoralsp\\\/#organization\"},\"potentialAction\":[{\"@type\":\"SearchAction\",\"target\":{\"@type\":\"EntryPoint\",\"urlTemplate\":\"https:\\\/\\\/redenoticiaz.com.br\\\/litoralsp\\\/?s={search_term_string}\"},\"query-input\":{\"@type\":\"PropertyValueSpecification\",\"valueRequired\":true,\"valueName\":\"search_term_string\"}}],\"inLanguage\":\"pt-BR\"},{\"@type\":\"Organization\",\"@id\":\"https:\\\/\\\/redenoticiaz.com.br\\\/litoralsp\\\/#organization\",\"name\":\"Litoral SP\",\"url\":\"https:\\\/\\\/redenoticiaz.com.br\\\/litoralsp\\\/\",\"logo\":{\"@type\":\"ImageObject\",\"inLanguage\":\"pt-BR\",\"@id\":\"https:\\\/\\\/redenoticiaz.com.br\\\/litoralsp\\\/#\\\/schema\\\/logo\\\/image\\\/\",\"url\":\"https:\\\/\\\/redenoticiaz.com.br\\\/litoralsp\\\/wp-content\\\/uploads\\\/sites\\\/3\\\/2020\\\/11\\\/logo.jpg\",\"contentUrl\":\"https:\\\/\\\/redenoticiaz.com.br\\\/litoralsp\\\/wp-content\\\/uploads\\\/sites\\\/3\\\/2020\\\/11\\\/logo.jpg\",\"width\":400,\"height\":250,\"caption\":\"Litoral SP\"},\"image\":{\"@id\":\"https:\\\/\\\/redenoticiaz.com.br\\\/litoralsp\\\/#\\\/schema\\\/logo\\\/image\\\/\"}},{\"@type\":\"Person\",\"@id\":\"https:\\\/\\\/redenoticiaz.com.br\\\/litoralsp\\\/#\\\/schema\\\/person\\\/16057b37a3c0ee6b096d7f887c566e2e\",\"name\":\"Gustavo Silva\",\"image\":{\"@type\":\"ImageObject\",\"inLanguage\":\"pt-BR\",\"@id\":\"https:\\\/\\\/secure.gravatar.com\\\/avatar\\\/3ee4e82f93b26de0a7cf4ea5eb7893da637ed6bb0c9170c58065944c56e28a33?s=96&d=mm&r=g\",\"url\":\"https:\\\/\\\/secure.gravatar.com\\\/avatar\\\/3ee4e82f93b26de0a7cf4ea5eb7893da637ed6bb0c9170c58065944c56e28a33?s=96&d=mm&r=g\",\"contentUrl\":\"https:\\\/\\\/secure.gravatar.com\\\/avatar\\\/3ee4e82f93b26de0a7cf4ea5eb7893da637ed6bb0c9170c58065944c56e28a33?s=96&d=mm&r=g\",\"caption\":\"Gustavo Silva\"},\"url\":\"https:\\\/\\\/redenoticiaz.com.br\\\/litoralsp\\\/author\\\/gustavosilva\"}]}<\/script>\n<!-- \/ Yoast SEO plugin. -->","yoast_head_json":{"title":"Procon explica o que fazer para a troca de presentes do Natal - Litoral SP","description":"O Natal passou, mas ficaram aqueles presentes que as pessoas ganham muitas vezes na cor errada, fora do gosto ou do tamanho.","robots":{"index":"index","follow":"follow","max-snippet":"max-snippet:-1","max-image-preview":"max-image-preview:large","max-video-preview":"max-video-preview:-1"},"canonical":"https:\/\/redenoticiaz.com.br\/litoralsp\/2023\/12\/26\/procon-explica-o-que-fazer-para-a-troca-de-presentes-do-natal","og_locale":"pt_BR","og_type":"article","og_title":"Procon explica o que fazer para a troca de presentes do Natal - Litoral SP","og_description":"O Natal passou, mas ficaram aqueles presentes que as pessoas ganham muitas vezes na cor errada, fora do gosto ou do tamanho.","og_url":"https:\/\/redenoticiaz.com.br\/litoralsp\/2023\/12\/26\/procon-explica-o-que-fazer-para-a-troca-de-presentes-do-natal","og_site_name":"Litoral SP","article_published_time":"2023-12-26T18:54:14+00:00","article_modified_time":"2023-12-26T18:54:54+00:00","og_image":[{"width":1170,"height":700,"url":"https:\/\/redenoticiaz.com.br\/litoralsp\/wp-content\/uploads\/sites\/3\/2023\/12\/reabertura_do_comercio_em_sao_paulo_fase_de_transicao_rvrsa_abr_190420212801_1.jpg?v=1703616783","type":"image\/jpeg"}],"author":"Gustavo Silva","twitter_card":"summary_large_image","twitter_misc":{"Escrito por":"Gustavo Silva","Est. tempo de leitura":"3 minutos"},"schema":{"@context":"https:\/\/schema.org","@graph":[{"@type":"Article","@id":"https:\/\/redenoticiaz.com.br\/litoralsp\/2023\/12\/26\/procon-explica-o-que-fazer-para-a-troca-de-presentes-do-natal#article","isPartOf":{"@id":"https:\/\/redenoticiaz.com.br\/litoralsp\/2023\/12\/26\/procon-explica-o-que-fazer-para-a-troca-de-presentes-do-natal"},"author":{"name":"Gustavo Silva","@id":"https:\/\/redenoticiaz.com.br\/litoralsp\/#\/schema\/person\/16057b37a3c0ee6b096d7f887c566e2e"},"headline":"Procon explica o que fazer para a troca de presentes do Natal","datePublished":"2023-12-26T18:54:14+00:00","dateModified":"2023-12-26T18:54:54+00:00","mainEntityOfPage":{"@id":"https:\/\/redenoticiaz.com.br\/litoralsp\/2023\/12\/26\/procon-explica-o-que-fazer-para-a-troca-de-presentes-do-natal"},"wordCount":458,"commentCount":0,"publisher":{"@id":"https:\/\/redenoticiaz.com.br\/litoralsp\/#organization"},"image":{"@id":"https:\/\/redenoticiaz.com.br\/litoralsp\/2023\/12\/26\/procon-explica-o-que-fazer-para-a-troca-de-presentes-do-natal#primaryimage"},"thumbnailUrl":"https:\/\/redenoticiaz.com.br\/litoralsp\/wp-content\/uploads\/sites\/3\/2023\/12\/reabertura_do_comercio_em_sao_paulo_fase_de_transicao_rvrsa_abr_190420212801_1.jpg?v=1703616783","keywords":["COMPRAS ONLINE","FALTA DA NOTA FISCAL","NATAL"],"articleSection":["Economia"],"inLanguage":"pt-BR","potentialAction":[{"@type":"CommentAction","name":"Comment","target":["https:\/\/redenoticiaz.com.br\/litoralsp\/2023\/12\/26\/procon-explica-o-que-fazer-para-a-troca-de-presentes-do-natal#respond"]}]},{"@type":"WebPage","@id":"https:\/\/redenoticiaz.com.br\/litoralsp\/2023\/12\/26\/procon-explica-o-que-fazer-para-a-troca-de-presentes-do-natal","url":"https:\/\/redenoticiaz.com.br\/litoralsp\/2023\/12\/26\/procon-explica-o-que-fazer-para-a-troca-de-presentes-do-natal","name":"Procon explica o que fazer para a troca de presentes do Natal - Litoral SP","isPartOf":{"@id":"https:\/\/redenoticiaz.com.br\/litoralsp\/#website"},"primaryImageOfPage":{"@id":"https:\/\/redenoticiaz.com.br\/litoralsp\/2023\/12\/26\/procon-explica-o-que-fazer-para-a-troca-de-presentes-do-natal#primaryimage"},"image":{"@id":"https:\/\/redenoticiaz.com.br\/litoralsp\/2023\/12\/26\/procon-explica-o-que-fazer-para-a-troca-de-presentes-do-natal#primaryimage"},"thumbnailUrl":"https:\/\/redenoticiaz.com.br\/litoralsp\/wp-content\/uploads\/sites\/3\/2023\/12\/reabertura_do_comercio_em_sao_paulo_fase_de_transicao_rvrsa_abr_190420212801_1.jpg?v=1703616783","datePublished":"2023-12-26T18:54:14+00:00","dateModified":"2023-12-26T18:54:54+00:00","description":"O Natal passou, mas ficaram aqueles presentes que as pessoas ganham muitas vezes na cor errada, fora do gosto ou do tamanho.","inLanguage":"pt-BR","potentialAction":[{"@type":"ReadAction","target":["https:\/\/redenoticiaz.com.br\/litoralsp\/2023\/12\/26\/procon-explica-o-que-fazer-para-a-troca-de-presentes-do-natal"]}]},{"@type":"ImageObject","inLanguage":"pt-BR","@id":"https:\/\/redenoticiaz.com.br\/litoralsp\/2023\/12\/26\/procon-explica-o-que-fazer-para-a-troca-de-presentes-do-natal#primaryimage","url":"https:\/\/redenoticiaz.com.br\/litoralsp\/wp-content\/uploads\/sites\/3\/2023\/12\/reabertura_do_comercio_em_sao_paulo_fase_de_transicao_rvrsa_abr_190420212801_1.jpg?v=1703616783","contentUrl":"https:\/\/redenoticiaz.com.br\/litoralsp\/wp-content\/uploads\/sites\/3\/2023\/12\/reabertura_do_comercio_em_sao_paulo_fase_de_transicao_rvrsa_abr_190420212801_1.jpg?v=1703616783","width":1170,"height":700,"caption":"Procon explica o que fazer para a troca de presentes do Natal"},{"@type":"WebSite","@id":"https:\/\/redenoticiaz.com.br\/litoralsp\/#website","url":"https:\/\/redenoticiaz.com.br\/litoralsp\/","name":"Litoral SP","description":"Rede NoticiaZ","publisher":{"@id":"https:\/\/redenoticiaz.com.br\/litoralsp\/#organization"},"potentialAction":[{"@type":"SearchAction","target":{"@type":"EntryPoint","urlTemplate":"https:\/\/redenoticiaz.com.br\/litoralsp\/?s={search_term_string}"},"query-input":{"@type":"PropertyValueSpecification","valueRequired":true,"valueName":"search_term_string"}}],"inLanguage":"pt-BR"},{"@type":"Organization","@id":"https:\/\/redenoticiaz.com.br\/litoralsp\/#organization","name":"Litoral SP","url":"https:\/\/redenoticiaz.com.br\/litoralsp\/","logo":{"@type":"ImageObject","inLanguage":"pt-BR","@id":"https:\/\/redenoticiaz.com.br\/litoralsp\/#\/schema\/logo\/image\/","url":"https:\/\/redenoticiaz.com.br\/litoralsp\/wp-content\/uploads\/sites\/3\/2020\/11\/logo.jpg","contentUrl":"https:\/\/redenoticiaz.com.br\/litoralsp\/wp-content\/uploads\/sites\/3\/2020\/11\/logo.jpg","width":400,"height":250,"caption":"Litoral SP"},"image":{"@id":"https:\/\/redenoticiaz.com.br\/litoralsp\/#\/schema\/logo\/image\/"}},{"@type":"Person","@id":"https:\/\/redenoticiaz.com.br\/litoralsp\/#\/schema\/person\/16057b37a3c0ee6b096d7f887c566e2e","name":"Gustavo Silva","image":{"@type":"ImageObject","inLanguage":"pt-BR","@id":"https:\/\/secure.gravatar.com\/avatar\/3ee4e82f93b26de0a7cf4ea5eb7893da637ed6bb0c9170c58065944c56e28a33?s=96&d=mm&r=g","url":"https:\/\/secure.gravatar.com\/avatar\/3ee4e82f93b26de0a7cf4ea5eb7893da637ed6bb0c9170c58065944c56e28a33?s=96&d=mm&r=g","contentUrl":"https:\/\/secure.gravatar.com\/avatar\/3ee4e82f93b26de0a7cf4ea5eb7893da637ed6bb0c9170c58065944c56e28a33?s=96&d=mm&r=g","caption":"Gustavo Silva"},"url":"https:\/\/redenoticiaz.com.br\/litoralsp\/author\/gustavosilva"}]}},"_links":{"self":[{"href":"https:\/\/redenoticiaz.com.br\/litoralsp\/wp-json\/wp\/v2\/posts\/113242","targetHints":{"allow":["GET"]}}],"collection":[{"href":"https:\/\/redenoticiaz.com.br\/litoralsp\/wp-json\/wp\/v2\/posts"}],"about":[{"href":"https:\/\/redenoticiaz.com.br\/litoralsp\/wp-json\/wp\/v2\/types\/post"}],"author":[{"embeddable":true,"href":"https:\/\/redenoticiaz.com.br\/litoralsp\/wp-json\/wp\/v2\/users\/12"}],"replies":[{"embeddable":true,"href":"https:\/\/redenoticiaz.com.br\/litoralsp\/wp-json\/wp\/v2\/comments?post=113242"}],"version-history":[{"count":0,"href":"https:\/\/redenoticiaz.com.br\/litoralsp\/wp-json\/wp\/v2\/posts\/113242\/revisions"}],"wp:featuredmedia":[{"embeddable":true,"href":"https:\/\/redenoticiaz.com.br\/litoralsp\/wp-json\/wp\/v2\/media\/113243"}],"wp:attachment":[{"href":"https:\/\/redenoticiaz.com.br\/litoralsp\/wp-json\/wp\/v2\/media?parent=113242"}],"wp:term":[{"taxonomy":"category","embeddable":true,"href":"https:\/\/redenoticiaz.com.br\/litoralsp\/wp-json\/wp\/v2\/categories?post=113242"},{"taxonomy":"post_tag","embeddable":true,"href":"https:\/\/redenoticiaz.com.br\/litoralsp\/wp-json\/wp\/v2\/tags?post=113242"}],"curies":[{"name":"wp","href":"https:\/\/api.w.org\/{rel}","templated":true}]}}