{"id":113414,"date":"2024-01-03T19:30:49","date_gmt":"2024-01-03T22:30:49","guid":{"rendered":"https:\/\/redenoticiaz.com.br\/litoralsp\/?p=113414"},"modified":"2024-01-03T15:28:17","modified_gmt":"2024-01-03T18:28:17","slug":"idoso-e-condenado-por-recusar-atendimento-de-estagiaria-preta","status":"publish","type":"post","link":"https:\/\/redenoticiaz.com.br\/litoralsp\/2024\/01\/03\/idoso-e-condenado-por-recusar-atendimento-de-estagiaria-preta","title":{"rendered":"Idoso \u00e9 condenado por recusar atendimento de estagi\u00e1ria preta"},"content":{"rendered":"<p>Um idoso de 72 anos foi condenado pelo crime de\u00a0inj\u00faria racial\u00a0e ter\u00e1 que prestar 2 anos e 4 meses de servi\u00e7os comunit\u00e1rios, al\u00e9m de pagar uma multa de cinco sal\u00e1rios m\u00ednimos.<\/p>\n<p>De acordo com as informa\u00e7\u00f5es, ele teria se recusado a ser atendido por uma estagi\u00e1ria da ouvidoria municipal de santos por ela ser negra.<\/p>\n<p><strong>Ainda de acordo com as informa\u00e7\u00f5es, o homem <\/strong>ofendeu a jovem e teria dito \u201ctudo que come\u00e7a com p n\u00e3o presta\u201d, utilizando a letra p em refer\u00eancia a cor de pele da estagi\u00e1ria.<\/p>\n<p>No interrogat\u00f3rio, o r\u00e9u<strong>\u00a0<\/strong><strong>negou<\/strong>\u00a0ter cometido o crime.\u00a0Em nota a prefeitura de santos informou que a ouvidoria, transpar\u00eancia e controle (otc) est\u00e1 dando total apoio \u00e0 jovem, cuja idade n\u00e3o foi divulgada.<\/p>\n<p>Sendo assim, no mesmo dia do ocorrido, a estagi\u00e1ria foi acompanhada para a delegacia de pol\u00edcia para registrar boletim de ocorr\u00eancia.<\/p>\n<p><strong>Leia mais<\/strong><\/p>\n<p><a href=\"https:\/\/redenoticiaz.com.br\/litoralsp\/2024\/01\/02\/67-toneladas-de-lixo-sao-retirados-da-praia-apos-ano-novo-em-santos\">Fogos n\u00e3o utilizadas no R\u00e9veillon 2024 ser\u00e3o usados no Anivers\u00e1rio de Santos<\/a><\/p>\n<p><a href=\"https:\/\/redenoticiaz.com.br\/litoralsp\/2024\/01\/02\/ravy-e-o-primeiro-bebe-a-nascer-na-rede-publica-de-santos-em-2024\">Ravy \u00e9 o primeiro beb\u00ea a nascer na rede p\u00fablica de Santos em 2024<\/a><\/p>\n","protected":false},"excerpt":{"rendered":"<p>Um idoso de 72 anos foi condenado pelo crime de\u00a0inj\u00faria racial\u00a0e ter\u00e1 que prestar 2 anos e 4 meses de servi\u00e7os comunit\u00e1rios, al\u00e9m de pagar uma multa de cinco sal\u00e1rios m\u00ednimos. De acordo com as informa\u00e7\u00f5es, ele teria se recusado a ser atendido por uma estagi\u00e1ria da ouvidoria municipal de santos por ela ser negra. &hellip;<\/p>\n","protected":false},"author":12,"featured_media":113415,"comment_status":"open","ping_status":"closed","sticky":false,"template":"","format":"standard","meta":{"footnotes":""},"categories":[10,181],"tags":[67815,8195,61945],"class_list":["post-113414","post","type-post","status-publish","format-standard","has-post-thumbnail","hentry","category-policia","category-sao-vicente","tag-estagiaria-preta","tag-idoso","tag-ouvidoria"],"yoast_head":"<!-- This site is optimized with the Yoast SEO plugin v27.5 - https:\/\/yoast.com\/product\/yoast-seo-wordpress\/ -->\n<title>Idoso \u00e9 condenado por recusar atendimento de estagi\u00e1ria preta - Litoral SP<\/title>\n<meta name=\"description\" content=\"Um idoso de 72 anos foi condenado pelo crime de\u00a0inj\u00faria racial\u00a0e ter\u00e1 que prestar 2 anos e 4 meses de servi\u00e7os comunit\u00e1rios, al\u00e9m de pagar uma multa de cinco sal\u00e1rios m\u00ednimos.\u00a0\" \/>\n<meta name=\"robots\" content=\"index, follow, max-snippet:-1, max-image-preview:large, max-video-preview:-1\" \/>\n<link rel=\"canonical\" href=\"https:\/\/redenoticiaz.com.br\/litoralsp\/2024\/01\/03\/idoso-e-condenado-por-recusar-atendimento-de-estagiaria-preta\" \/>\n<meta property=\"og:locale\" content=\"pt_BR\" \/>\n<meta property=\"og:type\" content=\"article\" \/>\n<meta property=\"og:title\" content=\"Idoso \u00e9 condenado por recusar atendimento de estagi\u00e1ria preta - Litoral SP\" \/>\n<meta property=\"og:description\" content=\"Um idoso de 72 anos foi condenado pelo crime de\u00a0inj\u00faria racial\u00a0e ter\u00e1 que prestar 2 anos e 4 meses de servi\u00e7os comunit\u00e1rios, al\u00e9m de pagar uma multa de cinco sal\u00e1rios m\u00ednimos.\u00a0\" \/>\n<meta property=\"og:url\" content=\"https:\/\/redenoticiaz.com.br\/litoralsp\/2024\/01\/03\/idoso-e-condenado-por-recusar-atendimento-de-estagiaria-preta\" \/>\n<meta property=\"og:site_name\" content=\"Litoral SP\" \/>\n<meta property=\"article:published_time\" content=\"2024-01-03T22:30:49+00:00\" \/>\n<meta property=\"og:image\" content=\"https:\/\/redenoticiaz.com.br\/litoralsp\/wp-content\/uploads\/sites\/3\/2024\/01\/dfdfdf.jpg\" \/>\n\t<meta property=\"og:image:width\" content=\"557\" \/>\n\t<meta property=\"og:image:height\" content=\"374\" \/>\n\t<meta property=\"og:image:type\" content=\"image\/jpeg\" \/>\n<meta name=\"author\" content=\"Gustavo Silva\" \/>\n<meta name=\"twitter:card\" content=\"summary_large_image\" \/>\n<meta name=\"twitter:label1\" content=\"Escrito por\" \/>\n\t<meta name=\"twitter:data1\" content=\"Gustavo Silva\" \/>\n\t<meta name=\"twitter:label2\" content=\"Est. tempo de leitura\" \/>\n\t<meta name=\"twitter:data2\" content=\"1 minuto\" \/>\n<script type=\"application\/ld+json\" class=\"yoast-schema-graph\">{\"@context\":\"https:\\\/\\\/schema.org\",\"@graph\":[{\"@type\":\"Article\",\"@id\":\"https:\\\/\\\/redenoticiaz.com.br\\\/litoralsp\\\/2024\\\/01\\\/03\\\/idoso-e-condenado-por-recusar-atendimento-de-estagiaria-preta#article\",\"isPartOf\":{\"@id\":\"https:\\\/\\\/redenoticiaz.com.br\\\/litoralsp\\\/2024\\\/01\\\/03\\\/idoso-e-condenado-por-recusar-atendimento-de-estagiaria-preta\"},\"author\":{\"name\":\"Gustavo Silva\",\"@id\":\"https:\\\/\\\/redenoticiaz.com.br\\\/litoralsp\\\/#\\\/schema\\\/person\\\/16057b37a3c0ee6b096d7f887c566e2e\"},\"headline\":\"Idoso \u00e9 condenado por recusar atendimento de estagi\u00e1ria preta\",\"datePublished\":\"2024-01-03T22:30:49+00:00\",\"mainEntityOfPage\":{\"@id\":\"https:\\\/\\\/redenoticiaz.com.br\\\/litoralsp\\\/2024\\\/01\\\/03\\\/idoso-e-condenado-por-recusar-atendimento-de-estagiaria-preta\"},\"wordCount\":200,\"commentCount\":0,\"publisher\":{\"@id\":\"https:\\\/\\\/redenoticiaz.com.br\\\/litoralsp\\\/#organization\"},\"image\":{\"@id\":\"https:\\\/\\\/redenoticiaz.com.br\\\/litoralsp\\\/2024\\\/01\\\/03\\\/idoso-e-condenado-por-recusar-atendimento-de-estagiaria-preta#primaryimage\"},\"thumbnailUrl\":\"https:\\\/\\\/redenoticiaz.com.br\\\/litoralsp\\\/wp-content\\\/uploads\\\/sites\\\/3\\\/2024\\\/01\\\/dfdfdf.jpg\",\"keywords\":[\"estagi\u00e1ria preta\",\"IDOSO\",\"OUVIDORIA\"],\"articleSection\":[\"Pol\u00edcia\",\"S\u00e3o Vicente\"],\"inLanguage\":\"pt-BR\",\"potentialAction\":[{\"@type\":\"CommentAction\",\"name\":\"Comment\",\"target\":[\"https:\\\/\\\/redenoticiaz.com.br\\\/litoralsp\\\/2024\\\/01\\\/03\\\/idoso-e-condenado-por-recusar-atendimento-de-estagiaria-preta#respond\"]}]},{\"@type\":\"WebPage\",\"@id\":\"https:\\\/\\\/redenoticiaz.com.br\\\/litoralsp\\\/2024\\\/01\\\/03\\\/idoso-e-condenado-por-recusar-atendimento-de-estagiaria-preta\",\"url\":\"https:\\\/\\\/redenoticiaz.com.br\\\/litoralsp\\\/2024\\\/01\\\/03\\\/idoso-e-condenado-por-recusar-atendimento-de-estagiaria-preta\",\"name\":\"Idoso \u00e9 condenado por recusar atendimento de estagi\u00e1ria preta - Litoral SP\",\"isPartOf\":{\"@id\":\"https:\\\/\\\/redenoticiaz.com.br\\\/litoralsp\\\/#website\"},\"primaryImageOfPage\":{\"@id\":\"https:\\\/\\\/redenoticiaz.com.br\\\/litoralsp\\\/2024\\\/01\\\/03\\\/idoso-e-condenado-por-recusar-atendimento-de-estagiaria-preta#primaryimage\"},\"image\":{\"@id\":\"https:\\\/\\\/redenoticiaz.com.br\\\/litoralsp\\\/2024\\\/01\\\/03\\\/idoso-e-condenado-por-recusar-atendimento-de-estagiaria-preta#primaryimage\"},\"thumbnailUrl\":\"https:\\\/\\\/redenoticiaz.com.br\\\/litoralsp\\\/wp-content\\\/uploads\\\/sites\\\/3\\\/2024\\\/01\\\/dfdfdf.jpg\",\"datePublished\":\"2024-01-03T22:30:49+00:00\",\"description\":\"Um idoso de 72 anos foi condenado pelo crime de\u00a0inj\u00faria racial\u00a0e ter\u00e1 que prestar 2 anos e 4 meses de servi\u00e7os comunit\u00e1rios, al\u00e9m de pagar uma multa de cinco sal\u00e1rios m\u00ednimos.\u00a0\",\"inLanguage\":\"pt-BR\",\"potentialAction\":[{\"@type\":\"ReadAction\",\"target\":[\"https:\\\/\\\/redenoticiaz.com.br\\\/litoralsp\\\/2024\\\/01\\\/03\\\/idoso-e-condenado-por-recusar-atendimento-de-estagiaria-preta\"]}]},{\"@type\":\"ImageObject\",\"inLanguage\":\"pt-BR\",\"@id\":\"https:\\\/\\\/redenoticiaz.com.br\\\/litoralsp\\\/2024\\\/01\\\/03\\\/idoso-e-condenado-por-recusar-atendimento-de-estagiaria-preta#primaryimage\",\"url\":\"https:\\\/\\\/redenoticiaz.com.br\\\/litoralsp\\\/wp-content\\\/uploads\\\/sites\\\/3\\\/2024\\\/01\\\/dfdfdf.jpg\",\"contentUrl\":\"https:\\\/\\\/redenoticiaz.com.br\\\/litoralsp\\\/wp-content\\\/uploads\\\/sites\\\/3\\\/2024\\\/01\\\/dfdfdf.jpg\",\"width\":557,\"height\":374},{\"@type\":\"WebSite\",\"@id\":\"https:\\\/\\\/redenoticiaz.com.br\\\/litoralsp\\\/#website\",\"url\":\"https:\\\/\\\/redenoticiaz.com.br\\\/litoralsp\\\/\",\"name\":\"Litoral SP\",\"description\":\"Rede NoticiaZ\",\"publisher\":{\"@id\":\"https:\\\/\\\/redenoticiaz.com.br\\\/litoralsp\\\/#organization\"},\"potentialAction\":[{\"@type\":\"SearchAction\",\"target\":{\"@type\":\"EntryPoint\",\"urlTemplate\":\"https:\\\/\\\/redenoticiaz.com.br\\\/litoralsp\\\/?s={search_term_string}\"},\"query-input\":{\"@type\":\"PropertyValueSpecification\",\"valueRequired\":true,\"valueName\":\"search_term_string\"}}],\"inLanguage\":\"pt-BR\"},{\"@type\":\"Organization\",\"@id\":\"https:\\\/\\\/redenoticiaz.com.br\\\/litoralsp\\\/#organization\",\"name\":\"Litoral SP\",\"url\":\"https:\\\/\\\/redenoticiaz.com.br\\\/litoralsp\\\/\",\"logo\":{\"@type\":\"ImageObject\",\"inLanguage\":\"pt-BR\",\"@id\":\"https:\\\/\\\/redenoticiaz.com.br\\\/litoralsp\\\/#\\\/schema\\\/logo\\\/image\\\/\",\"url\":\"https:\\\/\\\/redenoticiaz.com.br\\\/litoralsp\\\/wp-content\\\/uploads\\\/sites\\\/3\\\/2020\\\/11\\\/logo.jpg\",\"contentUrl\":\"https:\\\/\\\/redenoticiaz.com.br\\\/litoralsp\\\/wp-content\\\/uploads\\\/sites\\\/3\\\/2020\\\/11\\\/logo.jpg\",\"width\":400,\"height\":250,\"caption\":\"Litoral SP\"},\"image\":{\"@id\":\"https:\\\/\\\/redenoticiaz.com.br\\\/litoralsp\\\/#\\\/schema\\\/logo\\\/image\\\/\"}},{\"@type\":\"Person\",\"@id\":\"https:\\\/\\\/redenoticiaz.com.br\\\/litoralsp\\\/#\\\/schema\\\/person\\\/16057b37a3c0ee6b096d7f887c566e2e\",\"name\":\"Gustavo Silva\",\"image\":{\"@type\":\"ImageObject\",\"inLanguage\":\"pt-BR\",\"@id\":\"https:\\\/\\\/secure.gravatar.com\\\/avatar\\\/3ee4e82f93b26de0a7cf4ea5eb7893da637ed6bb0c9170c58065944c56e28a33?s=96&d=mm&r=g\",\"url\":\"https:\\\/\\\/secure.gravatar.com\\\/avatar\\\/3ee4e82f93b26de0a7cf4ea5eb7893da637ed6bb0c9170c58065944c56e28a33?s=96&d=mm&r=g\",\"contentUrl\":\"https:\\\/\\\/secure.gravatar.com\\\/avatar\\\/3ee4e82f93b26de0a7cf4ea5eb7893da637ed6bb0c9170c58065944c56e28a33?s=96&d=mm&r=g\",\"caption\":\"Gustavo Silva\"},\"url\":\"https:\\\/\\\/redenoticiaz.com.br\\\/litoralsp\\\/author\\\/gustavosilva\"}]}<\/script>\n<!-- \/ Yoast SEO plugin. -->","yoast_head_json":{"title":"Idoso \u00e9 condenado por recusar atendimento de estagi\u00e1ria preta - Litoral SP","description":"Um idoso de 72 anos foi condenado pelo crime de\u00a0inj\u00faria racial\u00a0e ter\u00e1 que prestar 2 anos e 4 meses de servi\u00e7os comunit\u00e1rios, al\u00e9m de pagar uma multa de cinco sal\u00e1rios m\u00ednimos.\u00a0","robots":{"index":"index","follow":"follow","max-snippet":"max-snippet:-1","max-image-preview":"max-image-preview:large","max-video-preview":"max-video-preview:-1"},"canonical":"https:\/\/redenoticiaz.com.br\/litoralsp\/2024\/01\/03\/idoso-e-condenado-por-recusar-atendimento-de-estagiaria-preta","og_locale":"pt_BR","og_type":"article","og_title":"Idoso \u00e9 condenado por recusar atendimento de estagi\u00e1ria preta - Litoral SP","og_description":"Um idoso de 72 anos foi condenado pelo crime de\u00a0inj\u00faria racial\u00a0e ter\u00e1 que prestar 2 anos e 4 meses de servi\u00e7os comunit\u00e1rios, al\u00e9m de pagar uma multa de cinco sal\u00e1rios m\u00ednimos.\u00a0","og_url":"https:\/\/redenoticiaz.com.br\/litoralsp\/2024\/01\/03\/idoso-e-condenado-por-recusar-atendimento-de-estagiaria-preta","og_site_name":"Litoral SP","article_published_time":"2024-01-03T22:30:49+00:00","og_image":[{"width":557,"height":374,"url":"https:\/\/redenoticiaz.com.br\/litoralsp\/wp-content\/uploads\/sites\/3\/2024\/01\/dfdfdf.jpg","type":"image\/jpeg"}],"author":"Gustavo Silva","twitter_card":"summary_large_image","twitter_misc":{"Escrito por":"Gustavo Silva","Est. tempo de leitura":"1 minuto"},"schema":{"@context":"https:\/\/schema.org","@graph":[{"@type":"Article","@id":"https:\/\/redenoticiaz.com.br\/litoralsp\/2024\/01\/03\/idoso-e-condenado-por-recusar-atendimento-de-estagiaria-preta#article","isPartOf":{"@id":"https:\/\/redenoticiaz.com.br\/litoralsp\/2024\/01\/03\/idoso-e-condenado-por-recusar-atendimento-de-estagiaria-preta"},"author":{"name":"Gustavo Silva","@id":"https:\/\/redenoticiaz.com.br\/litoralsp\/#\/schema\/person\/16057b37a3c0ee6b096d7f887c566e2e"},"headline":"Idoso \u00e9 condenado por recusar atendimento de estagi\u00e1ria preta","datePublished":"2024-01-03T22:30:49+00:00","mainEntityOfPage":{"@id":"https:\/\/redenoticiaz.com.br\/litoralsp\/2024\/01\/03\/idoso-e-condenado-por-recusar-atendimento-de-estagiaria-preta"},"wordCount":200,"commentCount":0,"publisher":{"@id":"https:\/\/redenoticiaz.com.br\/litoralsp\/#organization"},"image":{"@id":"https:\/\/redenoticiaz.com.br\/litoralsp\/2024\/01\/03\/idoso-e-condenado-por-recusar-atendimento-de-estagiaria-preta#primaryimage"},"thumbnailUrl":"https:\/\/redenoticiaz.com.br\/litoralsp\/wp-content\/uploads\/sites\/3\/2024\/01\/dfdfdf.jpg","keywords":["estagi\u00e1ria preta","IDOSO","OUVIDORIA"],"articleSection":["Pol\u00edcia","S\u00e3o Vicente"],"inLanguage":"pt-BR","potentialAction":[{"@type":"CommentAction","name":"Comment","target":["https:\/\/redenoticiaz.com.br\/litoralsp\/2024\/01\/03\/idoso-e-condenado-por-recusar-atendimento-de-estagiaria-preta#respond"]}]},{"@type":"WebPage","@id":"https:\/\/redenoticiaz.com.br\/litoralsp\/2024\/01\/03\/idoso-e-condenado-por-recusar-atendimento-de-estagiaria-preta","url":"https:\/\/redenoticiaz.com.br\/litoralsp\/2024\/01\/03\/idoso-e-condenado-por-recusar-atendimento-de-estagiaria-preta","name":"Idoso \u00e9 condenado por recusar atendimento de estagi\u00e1ria preta - Litoral SP","isPartOf":{"@id":"https:\/\/redenoticiaz.com.br\/litoralsp\/#website"},"primaryImageOfPage":{"@id":"https:\/\/redenoticiaz.com.br\/litoralsp\/2024\/01\/03\/idoso-e-condenado-por-recusar-atendimento-de-estagiaria-preta#primaryimage"},"image":{"@id":"https:\/\/redenoticiaz.com.br\/litoralsp\/2024\/01\/03\/idoso-e-condenado-por-recusar-atendimento-de-estagiaria-preta#primaryimage"},"thumbnailUrl":"https:\/\/redenoticiaz.com.br\/litoralsp\/wp-content\/uploads\/sites\/3\/2024\/01\/dfdfdf.jpg","datePublished":"2024-01-03T22:30:49+00:00","description":"Um idoso de 72 anos foi condenado pelo crime de\u00a0inj\u00faria racial\u00a0e ter\u00e1 que prestar 2 anos e 4 meses de servi\u00e7os comunit\u00e1rios, al\u00e9m de pagar uma multa de cinco sal\u00e1rios m\u00ednimos.\u00a0","inLanguage":"pt-BR","potentialAction":[{"@type":"ReadAction","target":["https:\/\/redenoticiaz.com.br\/litoralsp\/2024\/01\/03\/idoso-e-condenado-por-recusar-atendimento-de-estagiaria-preta"]}]},{"@type":"ImageObject","inLanguage":"pt-BR","@id":"https:\/\/redenoticiaz.com.br\/litoralsp\/2024\/01\/03\/idoso-e-condenado-por-recusar-atendimento-de-estagiaria-preta#primaryimage","url":"https:\/\/redenoticiaz.com.br\/litoralsp\/wp-content\/uploads\/sites\/3\/2024\/01\/dfdfdf.jpg","contentUrl":"https:\/\/redenoticiaz.com.br\/litoralsp\/wp-content\/uploads\/sites\/3\/2024\/01\/dfdfdf.jpg","width":557,"height":374},{"@type":"WebSite","@id":"https:\/\/redenoticiaz.com.br\/litoralsp\/#website","url":"https:\/\/redenoticiaz.com.br\/litoralsp\/","name":"Litoral SP","description":"Rede NoticiaZ","publisher":{"@id":"https:\/\/redenoticiaz.com.br\/litoralsp\/#organization"},"potentialAction":[{"@type":"SearchAction","target":{"@type":"EntryPoint","urlTemplate":"https:\/\/redenoticiaz.com.br\/litoralsp\/?s={search_term_string}"},"query-input":{"@type":"PropertyValueSpecification","valueRequired":true,"valueName":"search_term_string"}}],"inLanguage":"pt-BR"},{"@type":"Organization","@id":"https:\/\/redenoticiaz.com.br\/litoralsp\/#organization","name":"Litoral SP","url":"https:\/\/redenoticiaz.com.br\/litoralsp\/","logo":{"@type":"ImageObject","inLanguage":"pt-BR","@id":"https:\/\/redenoticiaz.com.br\/litoralsp\/#\/schema\/logo\/image\/","url":"https:\/\/redenoticiaz.com.br\/litoralsp\/wp-content\/uploads\/sites\/3\/2020\/11\/logo.jpg","contentUrl":"https:\/\/redenoticiaz.com.br\/litoralsp\/wp-content\/uploads\/sites\/3\/2020\/11\/logo.jpg","width":400,"height":250,"caption":"Litoral SP"},"image":{"@id":"https:\/\/redenoticiaz.com.br\/litoralsp\/#\/schema\/logo\/image\/"}},{"@type":"Person","@id":"https:\/\/redenoticiaz.com.br\/litoralsp\/#\/schema\/person\/16057b37a3c0ee6b096d7f887c566e2e","name":"Gustavo Silva","image":{"@type":"ImageObject","inLanguage":"pt-BR","@id":"https:\/\/secure.gravatar.com\/avatar\/3ee4e82f93b26de0a7cf4ea5eb7893da637ed6bb0c9170c58065944c56e28a33?s=96&d=mm&r=g","url":"https:\/\/secure.gravatar.com\/avatar\/3ee4e82f93b26de0a7cf4ea5eb7893da637ed6bb0c9170c58065944c56e28a33?s=96&d=mm&r=g","contentUrl":"https:\/\/secure.gravatar.com\/avatar\/3ee4e82f93b26de0a7cf4ea5eb7893da637ed6bb0c9170c58065944c56e28a33?s=96&d=mm&r=g","caption":"Gustavo Silva"},"url":"https:\/\/redenoticiaz.com.br\/litoralsp\/author\/gustavosilva"}]}},"_links":{"self":[{"href":"https:\/\/redenoticiaz.com.br\/litoralsp\/wp-json\/wp\/v2\/posts\/113414","targetHints":{"allow":["GET"]}}],"collection":[{"href":"https:\/\/redenoticiaz.com.br\/litoralsp\/wp-json\/wp\/v2\/posts"}],"about":[{"href":"https:\/\/redenoticiaz.com.br\/litoralsp\/wp-json\/wp\/v2\/types\/post"}],"author":[{"embeddable":true,"href":"https:\/\/redenoticiaz.com.br\/litoralsp\/wp-json\/wp\/v2\/users\/12"}],"replies":[{"embeddable":true,"href":"https:\/\/redenoticiaz.com.br\/litoralsp\/wp-json\/wp\/v2\/comments?post=113414"}],"version-history":[{"count":1,"href":"https:\/\/redenoticiaz.com.br\/litoralsp\/wp-json\/wp\/v2\/posts\/113414\/revisions"}],"predecessor-version":[{"id":113416,"href":"https:\/\/redenoticiaz.com.br\/litoralsp\/wp-json\/wp\/v2\/posts\/113414\/revisions\/113416"}],"wp:featuredmedia":[{"embeddable":true,"href":"https:\/\/redenoticiaz.com.br\/litoralsp\/wp-json\/wp\/v2\/media\/113415"}],"wp:attachment":[{"href":"https:\/\/redenoticiaz.com.br\/litoralsp\/wp-json\/wp\/v2\/media?parent=113414"}],"wp:term":[{"taxonomy":"category","embeddable":true,"href":"https:\/\/redenoticiaz.com.br\/litoralsp\/wp-json\/wp\/v2\/categories?post=113414"},{"taxonomy":"post_tag","embeddable":true,"href":"https:\/\/redenoticiaz.com.br\/litoralsp\/wp-json\/wp\/v2\/tags?post=113414"}],"curies":[{"name":"wp","href":"https:\/\/api.w.org\/{rel}","templated":true}]}}