{"id":113455,"date":"2024-01-05T14:53:42","date_gmt":"2024-01-05T17:53:42","guid":{"rendered":"https:\/\/redenoticiaz.com.br\/litoralsp\/2024\/01\/05\/mc-bin-laden-esta-no-camarote-do-bbb-24"},"modified":"2024-01-05T14:54:09","modified_gmt":"2024-01-05T17:54:09","slug":"mc-bin-laden-esta-no-camarote-do-bbb-24","status":"publish","type":"post","link":"https:\/\/redenoticiaz.com.br\/litoralsp\/2024\/01\/05\/mc-bin-laden-esta-no-camarote-do-bbb-24","title":{"rendered":"MC Bin Laden est\u00e1 no camarote do BBB 24"},"content":{"rendered":"<p>MC Bin Laden est\u00e1 no camarote do BBB 24 e foi o primeiro participante &#8220;Camarote&#8221; divulgado pela Rede Globo nesta sexta-feira (5).<\/p>\n<p>De acordo com as informa\u00e7\u00f5es, o funkeiro ficou conhecido pela m\u00fasica &#8220;T\u00e1 tranquilo, t\u00e1 favor\u00e1vel&#8221; e chegou a gravar com diversos outros artistas.<\/p>\n<p>Ainda de acordo com as informa\u00e7\u00f5es, MC Bin Lade j\u00e1 teve o seu nome ventilado para participar do reality show outras vezes.<\/p>\n<p>Sendo assim, a equipe do cantor chegou a cancelar a sua agenda na \u00faltima quarta-feira (3), levantando ind\u00edcios de que a sua participa\u00e7\u00e3o estava certa.<\/p>\n<p>Leia mais<\/p>\n<p><a href=\"https:\/\/redenoticiaz.com.br\/blog\/2023\/12\/25\/luis-miranda-e-marcos-veras-sao-confirmados-no-bbb24\">Luis Miranda e Marcos Veras s\u00e3o confirmados no BBB24<\/a><\/p>\n<p><a href=\"https:\/\/redenoticiaz.com.br\/blog\/2024\/01\/04\/publico-podera-escolher-dois-participantes-do-bbb-24\">P\u00fablico poder\u00e1 escolher dois participantes do BBB 24<\/a><\/p>\n","protected":false},"excerpt":{"rendered":"<p>MC Bin Laden est\u00e1 no camarote do BBB 24 e foi o primeiro participante &#8220;Camarote&#8221; divulgado pela Rede Globo nesta sexta-feira (5). De acordo com as informa\u00e7\u00f5es, o funkeiro ficou conhecido pela m\u00fasica &#8220;T\u00e1 tranquilo, t\u00e1 favor\u00e1vel&#8221; e chegou a gravar com diversos outros artistas. Ainda de acordo com as informa\u00e7\u00f5es, MC Bin Lade j\u00e1 &hellip;<\/p>\n","protected":false},"author":12,"featured_media":113456,"comment_status":"open","ping_status":"closed","sticky":false,"template":"","format":"standard","meta":{"footnotes":""},"categories":[60954,170],"tags":[64759,67825],"class_list":["post-113455","post","type-post","status-publish","format-standard","has-post-thumbnail","hentry","category-celebridades","category-entretenimento","tag-bbb24","tag-mc-bin-laden"],"yoast_head":"<!-- This site is optimized with the Yoast SEO plugin v27.4 - https:\/\/yoast.com\/product\/yoast-seo-wordpress\/ -->\n<title>MC Bin Laden est\u00e1 no camarote do BBB 24 - Litoral SP<\/title>\n<meta name=\"description\" content=\"MC Bin Laden est\u00e1 no camarote do BBB 24 e foi o primeiro participante &quot;Camarote&quot; divulgado pela Rede Globo nesta sexta-feira (5).\" \/>\n<meta name=\"robots\" content=\"index, follow, max-snippet:-1, max-image-preview:large, max-video-preview:-1\" \/>\n<link rel=\"canonical\" href=\"https:\/\/redenoticiaz.com.br\/litoralsp\/2024\/01\/05\/mc-bin-laden-esta-no-camarote-do-bbb-24\" \/>\n<meta property=\"og:locale\" content=\"pt_BR\" \/>\n<meta property=\"og:type\" content=\"article\" \/>\n<meta property=\"og:title\" content=\"MC Bin Laden est\u00e1 no camarote do BBB 24 - Litoral SP\" \/>\n<meta property=\"og:description\" content=\"MC Bin Laden est\u00e1 no camarote do BBB 24 e foi o primeiro participante &quot;Camarote&quot; divulgado pela Rede Globo nesta sexta-feira (5).\" \/>\n<meta property=\"og:url\" content=\"https:\/\/redenoticiaz.com.br\/litoralsp\/2024\/01\/05\/mc-bin-laden-esta-no-camarote-do-bbb-24\" \/>\n<meta property=\"og:site_name\" content=\"Litoral SP\" \/>\n<meta property=\"article:published_time\" content=\"2024-01-05T17:53:42+00:00\" \/>\n<meta property=\"article:modified_time\" content=\"2024-01-05T17:54:09+00:00\" \/>\n<meta property=\"og:image\" content=\"https:\/\/redenoticiaz.com.br\/litoralsp\/wp-content\/uploads\/sites\/3\/2024\/01\/maxresdefault.jpg?v=1704477204\" \/>\n\t<meta property=\"og:image:width\" content=\"741\" \/>\n\t<meta property=\"og:image:height\" content=\"546\" \/>\n\t<meta property=\"og:image:type\" content=\"image\/jpeg\" \/>\n<meta name=\"author\" content=\"Gustavo Silva\" \/>\n<meta name=\"twitter:card\" content=\"summary_large_image\" \/>\n<meta name=\"twitter:label1\" content=\"Escrito por\" \/>\n\t<meta name=\"twitter:data1\" content=\"Gustavo Silva\" \/>\n\t<meta name=\"twitter:label2\" content=\"Est. tempo de leitura\" \/>\n\t<meta name=\"twitter:data2\" content=\"1 minuto\" \/>\n<script type=\"application\/ld+json\" class=\"yoast-schema-graph\">{\"@context\":\"https:\\\/\\\/schema.org\",\"@graph\":[{\"@type\":\"Article\",\"@id\":\"https:\\\/\\\/redenoticiaz.com.br\\\/litoralsp\\\/2024\\\/01\\\/05\\\/mc-bin-laden-esta-no-camarote-do-bbb-24#article\",\"isPartOf\":{\"@id\":\"https:\\\/\\\/redenoticiaz.com.br\\\/litoralsp\\\/2024\\\/01\\\/05\\\/mc-bin-laden-esta-no-camarote-do-bbb-24\"},\"author\":{\"name\":\"Gustavo Silva\",\"@id\":\"https:\\\/\\\/redenoticiaz.com.br\\\/litoralsp\\\/#\\\/schema\\\/person\\\/16057b37a3c0ee6b096d7f887c566e2e\"},\"headline\":\"MC Bin Laden est\u00e1 no camarote do BBB 24\",\"datePublished\":\"2024-01-05T17:53:42+00:00\",\"dateModified\":\"2024-01-05T17:54:09+00:00\",\"mainEntityOfPage\":{\"@id\":\"https:\\\/\\\/redenoticiaz.com.br\\\/litoralsp\\\/2024\\\/01\\\/05\\\/mc-bin-laden-esta-no-camarote-do-bbb-24\"},\"wordCount\":123,\"commentCount\":0,\"publisher\":{\"@id\":\"https:\\\/\\\/redenoticiaz.com.br\\\/litoralsp\\\/#organization\"},\"image\":{\"@id\":\"https:\\\/\\\/redenoticiaz.com.br\\\/litoralsp\\\/2024\\\/01\\\/05\\\/mc-bin-laden-esta-no-camarote-do-bbb-24#primaryimage\"},\"thumbnailUrl\":\"https:\\\/\\\/redenoticiaz.com.br\\\/litoralsp\\\/wp-content\\\/uploads\\\/sites\\\/3\\\/2024\\\/01\\\/maxresdefault.jpg?v=1704477204\",\"keywords\":[\"bbb24\",\"mc bin laden\"],\"articleSection\":[\"Celebridades\",\"Entretenimento\"],\"inLanguage\":\"pt-BR\",\"potentialAction\":[{\"@type\":\"CommentAction\",\"name\":\"Comment\",\"target\":[\"https:\\\/\\\/redenoticiaz.com.br\\\/litoralsp\\\/2024\\\/01\\\/05\\\/mc-bin-laden-esta-no-camarote-do-bbb-24#respond\"]}]},{\"@type\":\"WebPage\",\"@id\":\"https:\\\/\\\/redenoticiaz.com.br\\\/litoralsp\\\/2024\\\/01\\\/05\\\/mc-bin-laden-esta-no-camarote-do-bbb-24\",\"url\":\"https:\\\/\\\/redenoticiaz.com.br\\\/litoralsp\\\/2024\\\/01\\\/05\\\/mc-bin-laden-esta-no-camarote-do-bbb-24\",\"name\":\"MC Bin Laden est\u00e1 no camarote do BBB 24 - Litoral SP\",\"isPartOf\":{\"@id\":\"https:\\\/\\\/redenoticiaz.com.br\\\/litoralsp\\\/#website\"},\"primaryImageOfPage\":{\"@id\":\"https:\\\/\\\/redenoticiaz.com.br\\\/litoralsp\\\/2024\\\/01\\\/05\\\/mc-bin-laden-esta-no-camarote-do-bbb-24#primaryimage\"},\"image\":{\"@id\":\"https:\\\/\\\/redenoticiaz.com.br\\\/litoralsp\\\/2024\\\/01\\\/05\\\/mc-bin-laden-esta-no-camarote-do-bbb-24#primaryimage\"},\"thumbnailUrl\":\"https:\\\/\\\/redenoticiaz.com.br\\\/litoralsp\\\/wp-content\\\/uploads\\\/sites\\\/3\\\/2024\\\/01\\\/maxresdefault.jpg?v=1704477204\",\"datePublished\":\"2024-01-05T17:53:42+00:00\",\"dateModified\":\"2024-01-05T17:54:09+00:00\",\"description\":\"MC Bin Laden est\u00e1 no camarote do BBB 24 e foi o primeiro participante \\\"Camarote\\\" divulgado pela Rede Globo nesta sexta-feira (5).\",\"inLanguage\":\"pt-BR\",\"potentialAction\":[{\"@type\":\"ReadAction\",\"target\":[\"https:\\\/\\\/redenoticiaz.com.br\\\/litoralsp\\\/2024\\\/01\\\/05\\\/mc-bin-laden-esta-no-camarote-do-bbb-24\"]}]},{\"@type\":\"ImageObject\",\"inLanguage\":\"pt-BR\",\"@id\":\"https:\\\/\\\/redenoticiaz.com.br\\\/litoralsp\\\/2024\\\/01\\\/05\\\/mc-bin-laden-esta-no-camarote-do-bbb-24#primaryimage\",\"url\":\"https:\\\/\\\/redenoticiaz.com.br\\\/litoralsp\\\/wp-content\\\/uploads\\\/sites\\\/3\\\/2024\\\/01\\\/maxresdefault.jpg?v=1704477204\",\"contentUrl\":\"https:\\\/\\\/redenoticiaz.com.br\\\/litoralsp\\\/wp-content\\\/uploads\\\/sites\\\/3\\\/2024\\\/01\\\/maxresdefault.jpg?v=1704477204\",\"width\":741,\"height\":546},{\"@type\":\"WebSite\",\"@id\":\"https:\\\/\\\/redenoticiaz.com.br\\\/litoralsp\\\/#website\",\"url\":\"https:\\\/\\\/redenoticiaz.com.br\\\/litoralsp\\\/\",\"name\":\"Litoral SP\",\"description\":\"Rede NoticiaZ\",\"publisher\":{\"@id\":\"https:\\\/\\\/redenoticiaz.com.br\\\/litoralsp\\\/#organization\"},\"potentialAction\":[{\"@type\":\"SearchAction\",\"target\":{\"@type\":\"EntryPoint\",\"urlTemplate\":\"https:\\\/\\\/redenoticiaz.com.br\\\/litoralsp\\\/?s={search_term_string}\"},\"query-input\":{\"@type\":\"PropertyValueSpecification\",\"valueRequired\":true,\"valueName\":\"search_term_string\"}}],\"inLanguage\":\"pt-BR\"},{\"@type\":\"Organization\",\"@id\":\"https:\\\/\\\/redenoticiaz.com.br\\\/litoralsp\\\/#organization\",\"name\":\"Litoral SP\",\"url\":\"https:\\\/\\\/redenoticiaz.com.br\\\/litoralsp\\\/\",\"logo\":{\"@type\":\"ImageObject\",\"inLanguage\":\"pt-BR\",\"@id\":\"https:\\\/\\\/redenoticiaz.com.br\\\/litoralsp\\\/#\\\/schema\\\/logo\\\/image\\\/\",\"url\":\"https:\\\/\\\/redenoticiaz.com.br\\\/litoralsp\\\/wp-content\\\/uploads\\\/sites\\\/3\\\/2020\\\/11\\\/logo.jpg\",\"contentUrl\":\"https:\\\/\\\/redenoticiaz.com.br\\\/litoralsp\\\/wp-content\\\/uploads\\\/sites\\\/3\\\/2020\\\/11\\\/logo.jpg\",\"width\":400,\"height\":250,\"caption\":\"Litoral SP\"},\"image\":{\"@id\":\"https:\\\/\\\/redenoticiaz.com.br\\\/litoralsp\\\/#\\\/schema\\\/logo\\\/image\\\/\"}},{\"@type\":\"Person\",\"@id\":\"https:\\\/\\\/redenoticiaz.com.br\\\/litoralsp\\\/#\\\/schema\\\/person\\\/16057b37a3c0ee6b096d7f887c566e2e\",\"name\":\"Gustavo Silva\",\"image\":{\"@type\":\"ImageObject\",\"inLanguage\":\"pt-BR\",\"@id\":\"https:\\\/\\\/secure.gravatar.com\\\/avatar\\\/3ee4e82f93b26de0a7cf4ea5eb7893da637ed6bb0c9170c58065944c56e28a33?s=96&d=mm&r=g\",\"url\":\"https:\\\/\\\/secure.gravatar.com\\\/avatar\\\/3ee4e82f93b26de0a7cf4ea5eb7893da637ed6bb0c9170c58065944c56e28a33?s=96&d=mm&r=g\",\"contentUrl\":\"https:\\\/\\\/secure.gravatar.com\\\/avatar\\\/3ee4e82f93b26de0a7cf4ea5eb7893da637ed6bb0c9170c58065944c56e28a33?s=96&d=mm&r=g\",\"caption\":\"Gustavo Silva\"},\"url\":\"https:\\\/\\\/redenoticiaz.com.br\\\/litoralsp\\\/author\\\/gustavosilva\"}]}<\/script>\n<!-- \/ Yoast SEO plugin. -->","yoast_head_json":{"title":"MC Bin Laden est\u00e1 no camarote do BBB 24 - Litoral SP","description":"MC Bin Laden est\u00e1 no camarote do BBB 24 e foi o primeiro participante \"Camarote\" divulgado pela Rede Globo nesta sexta-feira (5).","robots":{"index":"index","follow":"follow","max-snippet":"max-snippet:-1","max-image-preview":"max-image-preview:large","max-video-preview":"max-video-preview:-1"},"canonical":"https:\/\/redenoticiaz.com.br\/litoralsp\/2024\/01\/05\/mc-bin-laden-esta-no-camarote-do-bbb-24","og_locale":"pt_BR","og_type":"article","og_title":"MC Bin Laden est\u00e1 no camarote do BBB 24 - Litoral SP","og_description":"MC Bin Laden est\u00e1 no camarote do BBB 24 e foi o primeiro participante \"Camarote\" divulgado pela Rede Globo nesta sexta-feira (5).","og_url":"https:\/\/redenoticiaz.com.br\/litoralsp\/2024\/01\/05\/mc-bin-laden-esta-no-camarote-do-bbb-24","og_site_name":"Litoral SP","article_published_time":"2024-01-05T17:53:42+00:00","article_modified_time":"2024-01-05T17:54:09+00:00","og_image":[{"width":741,"height":546,"url":"https:\/\/redenoticiaz.com.br\/litoralsp\/wp-content\/uploads\/sites\/3\/2024\/01\/maxresdefault.jpg?v=1704477204","type":"image\/jpeg"}],"author":"Gustavo Silva","twitter_card":"summary_large_image","twitter_misc":{"Escrito por":"Gustavo Silva","Est. tempo de leitura":"1 minuto"},"schema":{"@context":"https:\/\/schema.org","@graph":[{"@type":"Article","@id":"https:\/\/redenoticiaz.com.br\/litoralsp\/2024\/01\/05\/mc-bin-laden-esta-no-camarote-do-bbb-24#article","isPartOf":{"@id":"https:\/\/redenoticiaz.com.br\/litoralsp\/2024\/01\/05\/mc-bin-laden-esta-no-camarote-do-bbb-24"},"author":{"name":"Gustavo Silva","@id":"https:\/\/redenoticiaz.com.br\/litoralsp\/#\/schema\/person\/16057b37a3c0ee6b096d7f887c566e2e"},"headline":"MC Bin Laden est\u00e1 no camarote do BBB 24","datePublished":"2024-01-05T17:53:42+00:00","dateModified":"2024-01-05T17:54:09+00:00","mainEntityOfPage":{"@id":"https:\/\/redenoticiaz.com.br\/litoralsp\/2024\/01\/05\/mc-bin-laden-esta-no-camarote-do-bbb-24"},"wordCount":123,"commentCount":0,"publisher":{"@id":"https:\/\/redenoticiaz.com.br\/litoralsp\/#organization"},"image":{"@id":"https:\/\/redenoticiaz.com.br\/litoralsp\/2024\/01\/05\/mc-bin-laden-esta-no-camarote-do-bbb-24#primaryimage"},"thumbnailUrl":"https:\/\/redenoticiaz.com.br\/litoralsp\/wp-content\/uploads\/sites\/3\/2024\/01\/maxresdefault.jpg?v=1704477204","keywords":["bbb24","mc bin laden"],"articleSection":["Celebridades","Entretenimento"],"inLanguage":"pt-BR","potentialAction":[{"@type":"CommentAction","name":"Comment","target":["https:\/\/redenoticiaz.com.br\/litoralsp\/2024\/01\/05\/mc-bin-laden-esta-no-camarote-do-bbb-24#respond"]}]},{"@type":"WebPage","@id":"https:\/\/redenoticiaz.com.br\/litoralsp\/2024\/01\/05\/mc-bin-laden-esta-no-camarote-do-bbb-24","url":"https:\/\/redenoticiaz.com.br\/litoralsp\/2024\/01\/05\/mc-bin-laden-esta-no-camarote-do-bbb-24","name":"MC Bin Laden est\u00e1 no camarote do BBB 24 - Litoral SP","isPartOf":{"@id":"https:\/\/redenoticiaz.com.br\/litoralsp\/#website"},"primaryImageOfPage":{"@id":"https:\/\/redenoticiaz.com.br\/litoralsp\/2024\/01\/05\/mc-bin-laden-esta-no-camarote-do-bbb-24#primaryimage"},"image":{"@id":"https:\/\/redenoticiaz.com.br\/litoralsp\/2024\/01\/05\/mc-bin-laden-esta-no-camarote-do-bbb-24#primaryimage"},"thumbnailUrl":"https:\/\/redenoticiaz.com.br\/litoralsp\/wp-content\/uploads\/sites\/3\/2024\/01\/maxresdefault.jpg?v=1704477204","datePublished":"2024-01-05T17:53:42+00:00","dateModified":"2024-01-05T17:54:09+00:00","description":"MC Bin Laden est\u00e1 no camarote do BBB 24 e foi o primeiro participante \"Camarote\" divulgado pela Rede Globo nesta sexta-feira (5).","inLanguage":"pt-BR","potentialAction":[{"@type":"ReadAction","target":["https:\/\/redenoticiaz.com.br\/litoralsp\/2024\/01\/05\/mc-bin-laden-esta-no-camarote-do-bbb-24"]}]},{"@type":"ImageObject","inLanguage":"pt-BR","@id":"https:\/\/redenoticiaz.com.br\/litoralsp\/2024\/01\/05\/mc-bin-laden-esta-no-camarote-do-bbb-24#primaryimage","url":"https:\/\/redenoticiaz.com.br\/litoralsp\/wp-content\/uploads\/sites\/3\/2024\/01\/maxresdefault.jpg?v=1704477204","contentUrl":"https:\/\/redenoticiaz.com.br\/litoralsp\/wp-content\/uploads\/sites\/3\/2024\/01\/maxresdefault.jpg?v=1704477204","width":741,"height":546},{"@type":"WebSite","@id":"https:\/\/redenoticiaz.com.br\/litoralsp\/#website","url":"https:\/\/redenoticiaz.com.br\/litoralsp\/","name":"Litoral SP","description":"Rede NoticiaZ","publisher":{"@id":"https:\/\/redenoticiaz.com.br\/litoralsp\/#organization"},"potentialAction":[{"@type":"SearchAction","target":{"@type":"EntryPoint","urlTemplate":"https:\/\/redenoticiaz.com.br\/litoralsp\/?s={search_term_string}"},"query-input":{"@type":"PropertyValueSpecification","valueRequired":true,"valueName":"search_term_string"}}],"inLanguage":"pt-BR"},{"@type":"Organization","@id":"https:\/\/redenoticiaz.com.br\/litoralsp\/#organization","name":"Litoral SP","url":"https:\/\/redenoticiaz.com.br\/litoralsp\/","logo":{"@type":"ImageObject","inLanguage":"pt-BR","@id":"https:\/\/redenoticiaz.com.br\/litoralsp\/#\/schema\/logo\/image\/","url":"https:\/\/redenoticiaz.com.br\/litoralsp\/wp-content\/uploads\/sites\/3\/2020\/11\/logo.jpg","contentUrl":"https:\/\/redenoticiaz.com.br\/litoralsp\/wp-content\/uploads\/sites\/3\/2020\/11\/logo.jpg","width":400,"height":250,"caption":"Litoral SP"},"image":{"@id":"https:\/\/redenoticiaz.com.br\/litoralsp\/#\/schema\/logo\/image\/"}},{"@type":"Person","@id":"https:\/\/redenoticiaz.com.br\/litoralsp\/#\/schema\/person\/16057b37a3c0ee6b096d7f887c566e2e","name":"Gustavo Silva","image":{"@type":"ImageObject","inLanguage":"pt-BR","@id":"https:\/\/secure.gravatar.com\/avatar\/3ee4e82f93b26de0a7cf4ea5eb7893da637ed6bb0c9170c58065944c56e28a33?s=96&d=mm&r=g","url":"https:\/\/secure.gravatar.com\/avatar\/3ee4e82f93b26de0a7cf4ea5eb7893da637ed6bb0c9170c58065944c56e28a33?s=96&d=mm&r=g","contentUrl":"https:\/\/secure.gravatar.com\/avatar\/3ee4e82f93b26de0a7cf4ea5eb7893da637ed6bb0c9170c58065944c56e28a33?s=96&d=mm&r=g","caption":"Gustavo Silva"},"url":"https:\/\/redenoticiaz.com.br\/litoralsp\/author\/gustavosilva"}]}},"_links":{"self":[{"href":"https:\/\/redenoticiaz.com.br\/litoralsp\/wp-json\/wp\/v2\/posts\/113455","targetHints":{"allow":["GET"]}}],"collection":[{"href":"https:\/\/redenoticiaz.com.br\/litoralsp\/wp-json\/wp\/v2\/posts"}],"about":[{"href":"https:\/\/redenoticiaz.com.br\/litoralsp\/wp-json\/wp\/v2\/types\/post"}],"author":[{"embeddable":true,"href":"https:\/\/redenoticiaz.com.br\/litoralsp\/wp-json\/wp\/v2\/users\/12"}],"replies":[{"embeddable":true,"href":"https:\/\/redenoticiaz.com.br\/litoralsp\/wp-json\/wp\/v2\/comments?post=113455"}],"version-history":[{"count":0,"href":"https:\/\/redenoticiaz.com.br\/litoralsp\/wp-json\/wp\/v2\/posts\/113455\/revisions"}],"wp:featuredmedia":[{"embeddable":true,"href":"https:\/\/redenoticiaz.com.br\/litoralsp\/wp-json\/wp\/v2\/media\/113456"}],"wp:attachment":[{"href":"https:\/\/redenoticiaz.com.br\/litoralsp\/wp-json\/wp\/v2\/media?parent=113455"}],"wp:term":[{"taxonomy":"category","embeddable":true,"href":"https:\/\/redenoticiaz.com.br\/litoralsp\/wp-json\/wp\/v2\/categories?post=113455"},{"taxonomy":"post_tag","embeddable":true,"href":"https:\/\/redenoticiaz.com.br\/litoralsp\/wp-json\/wp\/v2\/tags?post=113455"}],"curies":[{"name":"wp","href":"https:\/\/api.w.org\/{rel}","templated":true}]}}