{"id":113552,"date":"2024-01-09T11:12:28","date_gmt":"2024-01-09T14:12:28","guid":{"rendered":"https:\/\/redenoticiaz.com.br\/litoralsp\/?p=113552"},"modified":"2024-01-09T11:12:28","modified_gmt":"2024-01-09T14:12:28","slug":"buscas-por-helicoptero-desaparecido-chegam-ao-oitavo-dia","status":"publish","type":"post","link":"https:\/\/redenoticiaz.com.br\/litoralsp\/2024\/01\/09\/buscas-por-helicoptero-desaparecido-chegam-ao-oitavo-dia","title":{"rendered":"Buscas por helic\u00f3ptero desaparecido chegam ao oitavo dia"},"content":{"rendered":"<p>As buscas ao helic\u00f3ptero que desapareceu com quatro pessoas no litoral norte de S\u00e3o Paulo no \u00faltimo domingo (31) prosseguiram nesta segunda-feira (8).<\/p>\n<p>De acordo com as informa\u00e7\u00f5es, h\u00e1 oito dias, a For\u00e7a A\u00e9rea Brasileira (FAB) coordena o trabalho de buscas pelos desaparecidos em uma \u00e1rea que soma 5 mil quil\u00f4metros quadrados, mas sem sucesso. Segundo a FAB, o trabalho j\u00e1 soma 75 horas de voo. <img decoding=\"async\" src=\"https:\/\/agenciabrasil.ebc.com.br\/ebc.png?id=1575682&amp;o=node\" \/><img decoding=\"async\" src=\"https:\/\/agenciabrasil.ebc.com.br\/ebc.gif?id=1575682&amp;o=node\" \/><\/p>\n<p>Ainda de acordo com as informa\u00e7\u00f5es, no \u00faltimo dia do ano, o helic\u00f3ptero desaparecido partiu da capital paulista para Ilhabela, no litoral norte do estado, mas n\u00e3o conseguiu chegar ao local de destino.<\/p>\n<p>Sendo assim, al\u00e9m do piloto, estavam na aeronave Luciana Rodzewics, de 45 anos, a filha, Let\u00edcia Ayumi Rodzewics Sakumoto, de 20 anos, e Rafael Torres, um amigo da fam\u00edlia que fez o convite para o passeio.<\/p>\n<p>Por fim, o \u00faltimo contato com a torre de controle foi \u00e0s 15h10 de domingo, quando sobrevoava Caraguatatuba.<\/p>\n<h2>Secretaria da Seguran\u00e7a P\u00fablica de S\u00e3o Paulo<\/h2>\n<p>Enfim, em nota, a Secretaria da Seguran\u00e7a P\u00fablica de S\u00e3o Paulo informou que continua auxiliando a FAB nas buscas pelo helic\u00f3ptero.<\/p>\n<p>A Pol\u00edcia Civil tem usado drones e o helic\u00f3ptero Pelicano para sobrevoar a \u00e1rea. J\u00e1 a Pol\u00edcia Militar tem utilizado os helic\u00f3pteros \u00c1guia 12, 24 e 33. Segundo a secretaria, tais helic\u00f3pteros j\u00e1 sobrevoaram as regi\u00f5es de Paraibuna, Natividade da Serra, Reden\u00e7\u00e3o da Serra, Serra do Mar de Caraguatatuba e S\u00e3o Luiz do Paraitinga, sem obter qualquer ind\u00edcio da aeronave desaparecida.<\/p>\n<p>O Corpo de Bombeiros tamb\u00e9m j\u00e1 verificou alguns locais pontuais a que o \u00c1guia n\u00e3o p\u00f4de ir por causa das m\u00e1s condi\u00e7\u00f5es meteorol\u00f3gicas, tamb\u00e9m sem sucesso.<\/p>\n<p>Leia mais<\/p>\n<p><a href=\"https:\/\/redenoticiaz.com.br\/litoralsp\/2024\/01\/08\/video-helicoptero-da-policia-federal-cai-no-anel-rodoviario-em-bh\">V\u00cdDEO \u2013 Helic\u00f3ptero da Pol\u00edcia Federal cai no Anel Rodovi\u00e1rio em BH<\/a><\/p>\n<p><a href=\"https:\/\/redenoticiaz.com.br\/litoralsp\/2024\/01\/08\/turista-de-26-anos-desaparece-no-mar-de-guaruja\">Baixista da banda Ultraje a Rigor tem alta ap\u00f3s 4 meses de interna\u00e7\u00e3o<\/a><\/p>\n","protected":false},"excerpt":{"rendered":"<p>As buscas ao helic\u00f3ptero que desapareceu com quatro pessoas no litoral norte de S\u00e3o Paulo no \u00faltimo domingo (31) prosseguiram nesta segunda-feira (8). De acordo com as informa\u00e7\u00f5es, h\u00e1 oito dias, a For\u00e7a A\u00e9rea Brasileira (FAB) coordena o trabalho de buscas pelos desaparecidos em uma \u00e1rea que soma 5 mil quil\u00f4metros quadrados, mas sem sucesso. &hellip;<\/p>\n","protected":false},"author":12,"featured_media":113553,"comment_status":"open","ping_status":"closed","sticky":false,"template":"","format":"standard","meta":{"footnotes":""},"categories":[10,188],"tags":[40790,6496],"class_list":["post-113552","post","type-post","status-publish","format-standard","has-post-thumbnail","hentry","category-policia","category-sao-sebastiao","tag-helicoptero","tag-litoral-norte"],"yoast_head":"<!-- This site is optimized with the Yoast SEO plugin v27.4 - https:\/\/yoast.com\/product\/yoast-seo-wordpress\/ -->\n<title>Buscas por helic\u00f3ptero desaparecido chegam ao oitavo dia - Litoral SP<\/title>\n<meta name=\"description\" content=\"As buscas ao helic\u00f3ptero que desapareceu com quatro pessoas no litoral norte de S\u00e3o Paulo no \u00faltimo domingo (31) prosseguiram nesta segunda-feira (8).\" \/>\n<meta name=\"robots\" content=\"index, follow, max-snippet:-1, max-image-preview:large, max-video-preview:-1\" \/>\n<link rel=\"canonical\" href=\"https:\/\/redenoticiaz.com.br\/litoralsp\/2024\/01\/09\/buscas-por-helicoptero-desaparecido-chegam-ao-oitavo-dia\" \/>\n<meta property=\"og:locale\" content=\"pt_BR\" \/>\n<meta property=\"og:type\" content=\"article\" \/>\n<meta property=\"og:title\" content=\"Buscas por helic\u00f3ptero desaparecido chegam ao oitavo dia - Litoral SP\" \/>\n<meta property=\"og:description\" content=\"As buscas ao helic\u00f3ptero que desapareceu com quatro pessoas no litoral norte de S\u00e3o Paulo no \u00faltimo domingo (31) prosseguiram nesta segunda-feira (8).\" \/>\n<meta property=\"og:url\" content=\"https:\/\/redenoticiaz.com.br\/litoralsp\/2024\/01\/09\/buscas-por-helicoptero-desaparecido-chegam-ao-oitavo-dia\" \/>\n<meta property=\"og:site_name\" content=\"Litoral SP\" \/>\n<meta property=\"article:published_time\" content=\"2024-01-09T14:12:28+00:00\" \/>\n<meta property=\"og:image\" content=\"https:\/\/redenoticiaz.com.br\/litoralsp\/wp-content\/uploads\/sites\/3\/2024\/01\/fff.jpg\" \/>\n\t<meta property=\"og:image:width\" content=\"418\" \/>\n\t<meta property=\"og:image:height\" content=\"293\" \/>\n\t<meta property=\"og:image:type\" content=\"image\/jpeg\" \/>\n<meta name=\"author\" content=\"Gustavo Silva\" \/>\n<meta name=\"twitter:card\" content=\"summary_large_image\" \/>\n<meta name=\"twitter:label1\" content=\"Escrito por\" \/>\n\t<meta name=\"twitter:data1\" content=\"Gustavo Silva\" \/>\n\t<meta name=\"twitter:label2\" content=\"Est. tempo de leitura\" \/>\n\t<meta name=\"twitter:data2\" content=\"3 minutos\" \/>\n<script type=\"application\/ld+json\" class=\"yoast-schema-graph\">{\"@context\":\"https:\\\/\\\/schema.org\",\"@graph\":[{\"@type\":\"Article\",\"@id\":\"https:\\\/\\\/redenoticiaz.com.br\\\/litoralsp\\\/2024\\\/01\\\/09\\\/buscas-por-helicoptero-desaparecido-chegam-ao-oitavo-dia#article\",\"isPartOf\":{\"@id\":\"https:\\\/\\\/redenoticiaz.com.br\\\/litoralsp\\\/2024\\\/01\\\/09\\\/buscas-por-helicoptero-desaparecido-chegam-ao-oitavo-dia\"},\"author\":{\"name\":\"Gustavo Silva\",\"@id\":\"https:\\\/\\\/redenoticiaz.com.br\\\/litoralsp\\\/#\\\/schema\\\/person\\\/16057b37a3c0ee6b096d7f887c566e2e\"},\"headline\":\"Buscas por helic\u00f3ptero desaparecido chegam ao oitavo dia\",\"datePublished\":\"2024-01-09T14:12:28+00:00\",\"mainEntityOfPage\":{\"@id\":\"https:\\\/\\\/redenoticiaz.com.br\\\/litoralsp\\\/2024\\\/01\\\/09\\\/buscas-por-helicoptero-desaparecido-chegam-ao-oitavo-dia\"},\"wordCount\":334,\"commentCount\":0,\"publisher\":{\"@id\":\"https:\\\/\\\/redenoticiaz.com.br\\\/litoralsp\\\/#organization\"},\"image\":{\"@id\":\"https:\\\/\\\/redenoticiaz.com.br\\\/litoralsp\\\/2024\\\/01\\\/09\\\/buscas-por-helicoptero-desaparecido-chegam-ao-oitavo-dia#primaryimage\"},\"thumbnailUrl\":\"https:\\\/\\\/redenoticiaz.com.br\\\/litoralsp\\\/wp-content\\\/uploads\\\/sites\\\/3\\\/2024\\\/01\\\/fff.jpg\",\"keywords\":[\"HELIC\u00d3PTERO\",\"LITORAL NORTE\"],\"articleSection\":[\"Pol\u00edcia\",\"S\u00e3o Sebasti\u00e3o\"],\"inLanguage\":\"pt-BR\",\"potentialAction\":[{\"@type\":\"CommentAction\",\"name\":\"Comment\",\"target\":[\"https:\\\/\\\/redenoticiaz.com.br\\\/litoralsp\\\/2024\\\/01\\\/09\\\/buscas-por-helicoptero-desaparecido-chegam-ao-oitavo-dia#respond\"]}]},{\"@type\":\"WebPage\",\"@id\":\"https:\\\/\\\/redenoticiaz.com.br\\\/litoralsp\\\/2024\\\/01\\\/09\\\/buscas-por-helicoptero-desaparecido-chegam-ao-oitavo-dia\",\"url\":\"https:\\\/\\\/redenoticiaz.com.br\\\/litoralsp\\\/2024\\\/01\\\/09\\\/buscas-por-helicoptero-desaparecido-chegam-ao-oitavo-dia\",\"name\":\"Buscas por helic\u00f3ptero desaparecido chegam ao oitavo dia - Litoral SP\",\"isPartOf\":{\"@id\":\"https:\\\/\\\/redenoticiaz.com.br\\\/litoralsp\\\/#website\"},\"primaryImageOfPage\":{\"@id\":\"https:\\\/\\\/redenoticiaz.com.br\\\/litoralsp\\\/2024\\\/01\\\/09\\\/buscas-por-helicoptero-desaparecido-chegam-ao-oitavo-dia#primaryimage\"},\"image\":{\"@id\":\"https:\\\/\\\/redenoticiaz.com.br\\\/litoralsp\\\/2024\\\/01\\\/09\\\/buscas-por-helicoptero-desaparecido-chegam-ao-oitavo-dia#primaryimage\"},\"thumbnailUrl\":\"https:\\\/\\\/redenoticiaz.com.br\\\/litoralsp\\\/wp-content\\\/uploads\\\/sites\\\/3\\\/2024\\\/01\\\/fff.jpg\",\"datePublished\":\"2024-01-09T14:12:28+00:00\",\"description\":\"As buscas ao helic\u00f3ptero que desapareceu com quatro pessoas no litoral norte de S\u00e3o Paulo no \u00faltimo domingo (31) prosseguiram nesta segunda-feira (8).\",\"inLanguage\":\"pt-BR\",\"potentialAction\":[{\"@type\":\"ReadAction\",\"target\":[\"https:\\\/\\\/redenoticiaz.com.br\\\/litoralsp\\\/2024\\\/01\\\/09\\\/buscas-por-helicoptero-desaparecido-chegam-ao-oitavo-dia\"]}]},{\"@type\":\"ImageObject\",\"inLanguage\":\"pt-BR\",\"@id\":\"https:\\\/\\\/redenoticiaz.com.br\\\/litoralsp\\\/2024\\\/01\\\/09\\\/buscas-por-helicoptero-desaparecido-chegam-ao-oitavo-dia#primaryimage\",\"url\":\"https:\\\/\\\/redenoticiaz.com.br\\\/litoralsp\\\/wp-content\\\/uploads\\\/sites\\\/3\\\/2024\\\/01\\\/fff.jpg\",\"contentUrl\":\"https:\\\/\\\/redenoticiaz.com.br\\\/litoralsp\\\/wp-content\\\/uploads\\\/sites\\\/3\\\/2024\\\/01\\\/fff.jpg\",\"width\":418,\"height\":293},{\"@type\":\"WebSite\",\"@id\":\"https:\\\/\\\/redenoticiaz.com.br\\\/litoralsp\\\/#website\",\"url\":\"https:\\\/\\\/redenoticiaz.com.br\\\/litoralsp\\\/\",\"name\":\"Litoral SP\",\"description\":\"Rede NoticiaZ\",\"publisher\":{\"@id\":\"https:\\\/\\\/redenoticiaz.com.br\\\/litoralsp\\\/#organization\"},\"potentialAction\":[{\"@type\":\"SearchAction\",\"target\":{\"@type\":\"EntryPoint\",\"urlTemplate\":\"https:\\\/\\\/redenoticiaz.com.br\\\/litoralsp\\\/?s={search_term_string}\"},\"query-input\":{\"@type\":\"PropertyValueSpecification\",\"valueRequired\":true,\"valueName\":\"search_term_string\"}}],\"inLanguage\":\"pt-BR\"},{\"@type\":\"Organization\",\"@id\":\"https:\\\/\\\/redenoticiaz.com.br\\\/litoralsp\\\/#organization\",\"name\":\"Litoral SP\",\"url\":\"https:\\\/\\\/redenoticiaz.com.br\\\/litoralsp\\\/\",\"logo\":{\"@type\":\"ImageObject\",\"inLanguage\":\"pt-BR\",\"@id\":\"https:\\\/\\\/redenoticiaz.com.br\\\/litoralsp\\\/#\\\/schema\\\/logo\\\/image\\\/\",\"url\":\"https:\\\/\\\/redenoticiaz.com.br\\\/litoralsp\\\/wp-content\\\/uploads\\\/sites\\\/3\\\/2020\\\/11\\\/logo.jpg\",\"contentUrl\":\"https:\\\/\\\/redenoticiaz.com.br\\\/litoralsp\\\/wp-content\\\/uploads\\\/sites\\\/3\\\/2020\\\/11\\\/logo.jpg\",\"width\":400,\"height\":250,\"caption\":\"Litoral SP\"},\"image\":{\"@id\":\"https:\\\/\\\/redenoticiaz.com.br\\\/litoralsp\\\/#\\\/schema\\\/logo\\\/image\\\/\"}},{\"@type\":\"Person\",\"@id\":\"https:\\\/\\\/redenoticiaz.com.br\\\/litoralsp\\\/#\\\/schema\\\/person\\\/16057b37a3c0ee6b096d7f887c566e2e\",\"name\":\"Gustavo Silva\",\"image\":{\"@type\":\"ImageObject\",\"inLanguage\":\"pt-BR\",\"@id\":\"https:\\\/\\\/secure.gravatar.com\\\/avatar\\\/3ee4e82f93b26de0a7cf4ea5eb7893da637ed6bb0c9170c58065944c56e28a33?s=96&d=mm&r=g\",\"url\":\"https:\\\/\\\/secure.gravatar.com\\\/avatar\\\/3ee4e82f93b26de0a7cf4ea5eb7893da637ed6bb0c9170c58065944c56e28a33?s=96&d=mm&r=g\",\"contentUrl\":\"https:\\\/\\\/secure.gravatar.com\\\/avatar\\\/3ee4e82f93b26de0a7cf4ea5eb7893da637ed6bb0c9170c58065944c56e28a33?s=96&d=mm&r=g\",\"caption\":\"Gustavo Silva\"},\"url\":\"https:\\\/\\\/redenoticiaz.com.br\\\/litoralsp\\\/author\\\/gustavosilva\"}]}<\/script>\n<!-- \/ Yoast SEO plugin. -->","yoast_head_json":{"title":"Buscas por helic\u00f3ptero desaparecido chegam ao oitavo dia - Litoral SP","description":"As buscas ao helic\u00f3ptero que desapareceu com quatro pessoas no litoral norte de S\u00e3o Paulo no \u00faltimo domingo (31) prosseguiram nesta segunda-feira (8).","robots":{"index":"index","follow":"follow","max-snippet":"max-snippet:-1","max-image-preview":"max-image-preview:large","max-video-preview":"max-video-preview:-1"},"canonical":"https:\/\/redenoticiaz.com.br\/litoralsp\/2024\/01\/09\/buscas-por-helicoptero-desaparecido-chegam-ao-oitavo-dia","og_locale":"pt_BR","og_type":"article","og_title":"Buscas por helic\u00f3ptero desaparecido chegam ao oitavo dia - Litoral SP","og_description":"As buscas ao helic\u00f3ptero que desapareceu com quatro pessoas no litoral norte de S\u00e3o Paulo no \u00faltimo domingo (31) prosseguiram nesta segunda-feira (8).","og_url":"https:\/\/redenoticiaz.com.br\/litoralsp\/2024\/01\/09\/buscas-por-helicoptero-desaparecido-chegam-ao-oitavo-dia","og_site_name":"Litoral SP","article_published_time":"2024-01-09T14:12:28+00:00","og_image":[{"width":418,"height":293,"url":"https:\/\/redenoticiaz.com.br\/litoralsp\/wp-content\/uploads\/sites\/3\/2024\/01\/fff.jpg","type":"image\/jpeg"}],"author":"Gustavo Silva","twitter_card":"summary_large_image","twitter_misc":{"Escrito por":"Gustavo Silva","Est. tempo de leitura":"3 minutos"},"schema":{"@context":"https:\/\/schema.org","@graph":[{"@type":"Article","@id":"https:\/\/redenoticiaz.com.br\/litoralsp\/2024\/01\/09\/buscas-por-helicoptero-desaparecido-chegam-ao-oitavo-dia#article","isPartOf":{"@id":"https:\/\/redenoticiaz.com.br\/litoralsp\/2024\/01\/09\/buscas-por-helicoptero-desaparecido-chegam-ao-oitavo-dia"},"author":{"name":"Gustavo Silva","@id":"https:\/\/redenoticiaz.com.br\/litoralsp\/#\/schema\/person\/16057b37a3c0ee6b096d7f887c566e2e"},"headline":"Buscas por helic\u00f3ptero desaparecido chegam ao oitavo dia","datePublished":"2024-01-09T14:12:28+00:00","mainEntityOfPage":{"@id":"https:\/\/redenoticiaz.com.br\/litoralsp\/2024\/01\/09\/buscas-por-helicoptero-desaparecido-chegam-ao-oitavo-dia"},"wordCount":334,"commentCount":0,"publisher":{"@id":"https:\/\/redenoticiaz.com.br\/litoralsp\/#organization"},"image":{"@id":"https:\/\/redenoticiaz.com.br\/litoralsp\/2024\/01\/09\/buscas-por-helicoptero-desaparecido-chegam-ao-oitavo-dia#primaryimage"},"thumbnailUrl":"https:\/\/redenoticiaz.com.br\/litoralsp\/wp-content\/uploads\/sites\/3\/2024\/01\/fff.jpg","keywords":["HELIC\u00d3PTERO","LITORAL NORTE"],"articleSection":["Pol\u00edcia","S\u00e3o Sebasti\u00e3o"],"inLanguage":"pt-BR","potentialAction":[{"@type":"CommentAction","name":"Comment","target":["https:\/\/redenoticiaz.com.br\/litoralsp\/2024\/01\/09\/buscas-por-helicoptero-desaparecido-chegam-ao-oitavo-dia#respond"]}]},{"@type":"WebPage","@id":"https:\/\/redenoticiaz.com.br\/litoralsp\/2024\/01\/09\/buscas-por-helicoptero-desaparecido-chegam-ao-oitavo-dia","url":"https:\/\/redenoticiaz.com.br\/litoralsp\/2024\/01\/09\/buscas-por-helicoptero-desaparecido-chegam-ao-oitavo-dia","name":"Buscas por helic\u00f3ptero desaparecido chegam ao oitavo dia - Litoral SP","isPartOf":{"@id":"https:\/\/redenoticiaz.com.br\/litoralsp\/#website"},"primaryImageOfPage":{"@id":"https:\/\/redenoticiaz.com.br\/litoralsp\/2024\/01\/09\/buscas-por-helicoptero-desaparecido-chegam-ao-oitavo-dia#primaryimage"},"image":{"@id":"https:\/\/redenoticiaz.com.br\/litoralsp\/2024\/01\/09\/buscas-por-helicoptero-desaparecido-chegam-ao-oitavo-dia#primaryimage"},"thumbnailUrl":"https:\/\/redenoticiaz.com.br\/litoralsp\/wp-content\/uploads\/sites\/3\/2024\/01\/fff.jpg","datePublished":"2024-01-09T14:12:28+00:00","description":"As buscas ao helic\u00f3ptero que desapareceu com quatro pessoas no litoral norte de S\u00e3o Paulo no \u00faltimo domingo (31) prosseguiram nesta segunda-feira (8).","inLanguage":"pt-BR","potentialAction":[{"@type":"ReadAction","target":["https:\/\/redenoticiaz.com.br\/litoralsp\/2024\/01\/09\/buscas-por-helicoptero-desaparecido-chegam-ao-oitavo-dia"]}]},{"@type":"ImageObject","inLanguage":"pt-BR","@id":"https:\/\/redenoticiaz.com.br\/litoralsp\/2024\/01\/09\/buscas-por-helicoptero-desaparecido-chegam-ao-oitavo-dia#primaryimage","url":"https:\/\/redenoticiaz.com.br\/litoralsp\/wp-content\/uploads\/sites\/3\/2024\/01\/fff.jpg","contentUrl":"https:\/\/redenoticiaz.com.br\/litoralsp\/wp-content\/uploads\/sites\/3\/2024\/01\/fff.jpg","width":418,"height":293},{"@type":"WebSite","@id":"https:\/\/redenoticiaz.com.br\/litoralsp\/#website","url":"https:\/\/redenoticiaz.com.br\/litoralsp\/","name":"Litoral SP","description":"Rede NoticiaZ","publisher":{"@id":"https:\/\/redenoticiaz.com.br\/litoralsp\/#organization"},"potentialAction":[{"@type":"SearchAction","target":{"@type":"EntryPoint","urlTemplate":"https:\/\/redenoticiaz.com.br\/litoralsp\/?s={search_term_string}"},"query-input":{"@type":"PropertyValueSpecification","valueRequired":true,"valueName":"search_term_string"}}],"inLanguage":"pt-BR"},{"@type":"Organization","@id":"https:\/\/redenoticiaz.com.br\/litoralsp\/#organization","name":"Litoral SP","url":"https:\/\/redenoticiaz.com.br\/litoralsp\/","logo":{"@type":"ImageObject","inLanguage":"pt-BR","@id":"https:\/\/redenoticiaz.com.br\/litoralsp\/#\/schema\/logo\/image\/","url":"https:\/\/redenoticiaz.com.br\/litoralsp\/wp-content\/uploads\/sites\/3\/2020\/11\/logo.jpg","contentUrl":"https:\/\/redenoticiaz.com.br\/litoralsp\/wp-content\/uploads\/sites\/3\/2020\/11\/logo.jpg","width":400,"height":250,"caption":"Litoral SP"},"image":{"@id":"https:\/\/redenoticiaz.com.br\/litoralsp\/#\/schema\/logo\/image\/"}},{"@type":"Person","@id":"https:\/\/redenoticiaz.com.br\/litoralsp\/#\/schema\/person\/16057b37a3c0ee6b096d7f887c566e2e","name":"Gustavo Silva","image":{"@type":"ImageObject","inLanguage":"pt-BR","@id":"https:\/\/secure.gravatar.com\/avatar\/3ee4e82f93b26de0a7cf4ea5eb7893da637ed6bb0c9170c58065944c56e28a33?s=96&d=mm&r=g","url":"https:\/\/secure.gravatar.com\/avatar\/3ee4e82f93b26de0a7cf4ea5eb7893da637ed6bb0c9170c58065944c56e28a33?s=96&d=mm&r=g","contentUrl":"https:\/\/secure.gravatar.com\/avatar\/3ee4e82f93b26de0a7cf4ea5eb7893da637ed6bb0c9170c58065944c56e28a33?s=96&d=mm&r=g","caption":"Gustavo Silva"},"url":"https:\/\/redenoticiaz.com.br\/litoralsp\/author\/gustavosilva"}]}},"_links":{"self":[{"href":"https:\/\/redenoticiaz.com.br\/litoralsp\/wp-json\/wp\/v2\/posts\/113552","targetHints":{"allow":["GET"]}}],"collection":[{"href":"https:\/\/redenoticiaz.com.br\/litoralsp\/wp-json\/wp\/v2\/posts"}],"about":[{"href":"https:\/\/redenoticiaz.com.br\/litoralsp\/wp-json\/wp\/v2\/types\/post"}],"author":[{"embeddable":true,"href":"https:\/\/redenoticiaz.com.br\/litoralsp\/wp-json\/wp\/v2\/users\/12"}],"replies":[{"embeddable":true,"href":"https:\/\/redenoticiaz.com.br\/litoralsp\/wp-json\/wp\/v2\/comments?post=113552"}],"version-history":[{"count":1,"href":"https:\/\/redenoticiaz.com.br\/litoralsp\/wp-json\/wp\/v2\/posts\/113552\/revisions"}],"predecessor-version":[{"id":113554,"href":"https:\/\/redenoticiaz.com.br\/litoralsp\/wp-json\/wp\/v2\/posts\/113552\/revisions\/113554"}],"wp:featuredmedia":[{"embeddable":true,"href":"https:\/\/redenoticiaz.com.br\/litoralsp\/wp-json\/wp\/v2\/media\/113553"}],"wp:attachment":[{"href":"https:\/\/redenoticiaz.com.br\/litoralsp\/wp-json\/wp\/v2\/media?parent=113552"}],"wp:term":[{"taxonomy":"category","embeddable":true,"href":"https:\/\/redenoticiaz.com.br\/litoralsp\/wp-json\/wp\/v2\/categories?post=113552"},{"taxonomy":"post_tag","embeddable":true,"href":"https:\/\/redenoticiaz.com.br\/litoralsp\/wp-json\/wp\/v2\/tags?post=113552"}],"curies":[{"name":"wp","href":"https:\/\/api.w.org\/{rel}","templated":true}]}}