{"id":113564,"date":"2024-01-13T09:00:32","date_gmt":"2024-01-13T12:00:32","guid":{"rendered":"https:\/\/redenoticiaz.com.br\/litoralsp\/?p=113564"},"modified":"2024-01-09T17:37:25","modified_gmt":"2024-01-09T20:37:25","slug":"desvendando-o-problema-dos-tres-corpos-dos-criadores-de-game-of-thrones","status":"publish","type":"post","link":"https:\/\/redenoticiaz.com.br\/litoralsp\/2024\/01\/13\/desvendando-o-problema-dos-tres-corpos-dos-criadores-de-game-of-thrones","title":{"rendered":"Desvendando &#8220;O Problema dos Tr\u00eas Corpos&#8221;; dos criadores de Game of Thrones"},"content":{"rendered":"<p>Aguardada por f\u00e3s do g\u00eanero, a s\u00e9rie de fic\u00e7\u00e3o cient\u00edfica &#8220;O Problema dos Tr\u00eas Corpos&#8221; estreia em mar\u00e7o, na Netflix.<\/p>\n<p>A\u00a0nova s\u00e9rie da empresa gira em torno de uma decis\u00e3o tomada na China na d\u00e9cada de 1960 que tem repercuss\u00f5es no espa\u00e7o e no tempo, levando um grupo de cientistas do presente a enfrentar uma grande amea\u00e7a \u00e0 humanidade.<\/p>\n<h3>Confira o elenco e personagens:<\/h3>\n<p><iframe loading=\"lazy\" title=\"O Problema dos 3 Corpos | Trailer oficial | Netflix\" width=\"500\" height=\"281\" src=\"https:\/\/www.youtube.com\/embed\/O8KjWdgxCb0?feature=oembed\" frameborder=\"0\" allow=\"accelerometer; autoplay; clipboard-write; encrypted-media; gyroscope; picture-in-picture; web-share\" referrerpolicy=\"strict-origin-when-cross-origin\" allowfullscreen><\/iframe><\/p>\n<p><strong>Jess Hong como Jin Cheng<\/strong><\/p>\n<p>Membro dos &#8220;Oxford Five&#8221;: um grupo de jovens cientistas de Oxford. Uma f\u00edsica te\u00f3rica genial com uma sede insaci\u00e1vel por respostas sobre as maiores quest\u00f5es do universo. Sua curiosidade pode ser sua maior for\u00e7a \u2013 se n\u00e3o for o motivo da sua queda.<\/p>\n<p><strong>Jovan Adepo como Saul Durand<\/strong><br \/>\nMembro dos &#8220;Oxford Five&#8221;. N\u00e3o menos talentoso, mas muito menos focado que seus colegas, Saul \u00e9 um assistente de pesquisa em f\u00edsica que ainda n\u00e3o atingiu todo o seu potencial. Quando o desafio final se apresentar, ele estar\u00e1 \u00e0 altura dele?<\/p>\n<p><strong>Eiza Gonz\u00e1lez como Auggie Salazar<\/strong><br \/>\nMembro dos &#8220;Oxford Five&#8221;. Pioneira da nanotecnologia, Auggie se dedica a resolver desafios de agora, e n\u00e3o problemas te\u00f3ricos no futuro. Forte e vision\u00e1ria, ela \u00e9 um alvo natural para os inimigos da humanidade.<\/p>\n<p><strong>John Bradley como Jack Rooney<\/strong><br \/>\nMembro dos &#8220;Oxford Five&#8221;. Rude, franco e ador\u00e1vel, Jack usou seu diploma de f\u00edsica para desenvolver um imp\u00e9rio de lanches.<\/p>\n<p><strong>Alex Sharp como Will Downing<\/strong><br \/>\nMembro dos &#8220;Oxford Five&#8221;. Professor de f\u00edsica do sexto ano, Will recebe not\u00edcias que mudam sua vida e o for\u00e7am a reconsiderar seu lugar no universo.<\/p>\n<p><strong>Zine Tseng e Rosalind Chao como Ye Wenjie<\/strong><br \/>\nA prod\u00edgio da astrof\u00edsica Ye Wenjie se sente sozinha no universo depois de perder tudo durante a Revolu\u00e7\u00e3o Cultural Chinesa. Uma decis\u00e3o que ela tomou na d\u00e9cada de 1960 ecoa atrav\u00e9s dos s\u00e9culos e ainda pode ser ouvida no fim dos tempos.<\/p>\n<p><strong>Ben Schnetzer e Jonathan Pryce como Mike Evans<\/strong><br \/>\nUm ambientalista apaixonado que se tornou um magnata bilion\u00e1rio do petr\u00f3leo.<\/p>\n<p><strong>Liam Cunningham como Thomas Wade<\/strong><br \/>\nCarism\u00e1tico l\u00edder da maior opera\u00e7\u00e3o de intelig\u00eancia do mundo, Wade sempre pensa no panorama geral. As pessoas s\u00e3o pe\u00e7as em seu jogo \u2013 e suas manobras audaciosas tendem a dar frutos.<\/p>\n<p><strong>Marlo Kelly como Tatiana<\/strong><br \/>\nCriada desde o nascimento na organiza\u00e7\u00e3o de Mike Evans, Tatiana dedicou sua vida a acolher os estrangeiros \u2013 por todos os meios necess\u00e1rios.<\/p>\n<p><strong>Sea Shimooka como Sophon<\/strong><br \/>\nUm avatar que aparece em um misterioso jogo de realidade virtual dentro da s\u00e9rie.<\/p>\n<p><strong>Saamer Usmani como Raj Varma<\/strong><br \/>\nOficial da Marinha e de fam\u00edlia militar, Raj tem um profundo comprometimento com seu trabalho. Seu relacionamento com sua namorada, Jin, corre o risco de sofrer danos colaterais em sua miss\u00e3o.<\/p>\n<p><strong>Eve Ridley como Follower<\/strong><br \/>\nUma personagem de 9 anos que Jin encontra no jogo VR.<\/p>\n<p>O Problema dos 3 Corpos estreia globalmente em 21 de mar\u00e7o somente na Netflix.<\/p>\n<p>LEIA MAIS<\/p>\n<p><a href=\"https:\/\/redenoticiaz.com.br\/blog\/2024\/01\/09\/producao-da-5a-temporada-de-stranger-things-e-iniciada-oficialmente\">Produ\u00e7\u00e3o da 5\u00aa Temporada de Stranger Things \u00e9 Iniciada Oficialmente<\/a><\/p>\n","protected":false},"excerpt":{"rendered":"<p>Aguardada por f\u00e3s do g\u00eanero, a s\u00e9rie de fic\u00e7\u00e3o cient\u00edfica &#8220;O Problema dos Tr\u00eas Corpos&#8221; estreia em mar\u00e7o, na Netflix. A\u00a0nova s\u00e9rie da empresa gira em torno de uma decis\u00e3o tomada na China na d\u00e9cada de 1960 que tem repercuss\u00f5es no espa\u00e7o e no tempo, levando um grupo de cientistas do presente a enfrentar uma &hellip;<\/p>\n","protected":false},"author":30,"featured_media":113565,"comment_status":"open","ping_status":"closed","sticky":false,"template":"","format":"standard","meta":{"footnotes":""},"categories":[62064],"tags":[64164,58967],"class_list":["post-113564","post","type-post","status-publish","format-standard","has-post-thumbnail","hentry","category-cameraz","tag-elenco","tag-personagem"],"yoast_head":"<!-- This site is optimized with the Yoast SEO plugin v27.5 - https:\/\/yoast.com\/product\/yoast-seo-wordpress\/ -->\n<title>Desvendando &quot;O Problema dos Tr\u00eas Corpos&quot;; dos criadores de Game of Thrones - Litoral SP<\/title>\n<meta name=\"description\" content=\"Aguardada por f\u00e3s do g\u00eanero, a s\u00e9rie de fic\u00e7\u00e3o cient\u00edfica &quot;O Problema dos Tr\u00eas Corpos&quot; estreia em mar\u00e7o, na Netflix.\" \/>\n<meta name=\"robots\" content=\"index, follow, max-snippet:-1, max-image-preview:large, max-video-preview:-1\" \/>\n<link rel=\"canonical\" href=\"https:\/\/redenoticiaz.com.br\/litoralsp\/2024\/01\/13\/desvendando-o-problema-dos-tres-corpos-dos-criadores-de-game-of-thrones\" \/>\n<meta property=\"og:locale\" content=\"pt_BR\" \/>\n<meta property=\"og:type\" content=\"article\" \/>\n<meta property=\"og:title\" content=\"Desvendando &quot;O Problema dos Tr\u00eas Corpos&quot;; dos criadores de Game of Thrones - Litoral SP\" \/>\n<meta property=\"og:description\" content=\"Aguardada por f\u00e3s do g\u00eanero, a s\u00e9rie de fic\u00e7\u00e3o cient\u00edfica &quot;O Problema dos Tr\u00eas Corpos&quot; estreia em mar\u00e7o, na Netflix.\" \/>\n<meta property=\"og:url\" content=\"https:\/\/redenoticiaz.com.br\/litoralsp\/2024\/01\/13\/desvendando-o-problema-dos-tres-corpos-dos-criadores-de-game-of-thrones\" \/>\n<meta property=\"og:site_name\" content=\"Litoral SP\" \/>\n<meta property=\"article:published_time\" content=\"2024-01-13T12:00:32+00:00\" \/>\n<meta property=\"og:image\" content=\"https:\/\/redenoticiaz.com.br\/litoralsp\/wp-content\/uploads\/sites\/3\/2024\/01\/2024_0109_MKG_NetflixCES_Keylimephoto_rushes_004-scaled.jpg?v=1704832549\" \/>\n\t<meta property=\"og:image:width\" content=\"1735\" \/>\n\t<meta property=\"og:image:height\" content=\"1080\" \/>\n\t<meta property=\"og:image:type\" content=\"image\/jpeg\" \/>\n<meta name=\"author\" content=\"Carina Reifonas\" \/>\n<meta name=\"twitter:card\" content=\"summary_large_image\" \/>\n<meta name=\"twitter:label1\" content=\"Escrito por\" \/>\n\t<meta name=\"twitter:data1\" content=\"Carina Reifonas\" \/>\n\t<meta name=\"twitter:label2\" content=\"Est. tempo de leitura\" \/>\n\t<meta name=\"twitter:data2\" content=\"3 minutos\" \/>\n<script type=\"application\/ld+json\" class=\"yoast-schema-graph\">{\"@context\":\"https:\\\/\\\/schema.org\",\"@graph\":[{\"@type\":\"Article\",\"@id\":\"https:\\\/\\\/redenoticiaz.com.br\\\/litoralsp\\\/2024\\\/01\\\/13\\\/desvendando-o-problema-dos-tres-corpos-dos-criadores-de-game-of-thrones#article\",\"isPartOf\":{\"@id\":\"https:\\\/\\\/redenoticiaz.com.br\\\/litoralsp\\\/2024\\\/01\\\/13\\\/desvendando-o-problema-dos-tres-corpos-dos-criadores-de-game-of-thrones\"},\"author\":{\"name\":\"Carina Reifonas\",\"@id\":\"https:\\\/\\\/redenoticiaz.com.br\\\/litoralsp\\\/#\\\/schema\\\/person\\\/1f84d6e94e6a62d2d81199d7503e9e90\"},\"headline\":\"Desvendando &#8220;O Problema dos Tr\u00eas Corpos&#8221;; dos criadores de Game of Thrones\",\"datePublished\":\"2024-01-13T12:00:32+00:00\",\"mainEntityOfPage\":{\"@id\":\"https:\\\/\\\/redenoticiaz.com.br\\\/litoralsp\\\/2024\\\/01\\\/13\\\/desvendando-o-problema-dos-tres-corpos-dos-criadores-de-game-of-thrones\"},\"wordCount\":544,\"commentCount\":0,\"publisher\":{\"@id\":\"https:\\\/\\\/redenoticiaz.com.br\\\/litoralsp\\\/#organization\"},\"image\":{\"@id\":\"https:\\\/\\\/redenoticiaz.com.br\\\/litoralsp\\\/2024\\\/01\\\/13\\\/desvendando-o-problema-dos-tres-corpos-dos-criadores-de-game-of-thrones#primaryimage\"},\"thumbnailUrl\":\"https:\\\/\\\/redenoticiaz.com.br\\\/litoralsp\\\/wp-content\\\/uploads\\\/sites\\\/3\\\/2024\\\/01\\\/2024_0109_MKG_NetflixCES_Keylimephoto_rushes_004-scaled.jpg?v=1704832549\",\"keywords\":[\"elenco\",\"personagem\"],\"articleSection\":[\"C\u00e2mera Z\"],\"inLanguage\":\"pt-BR\",\"potentialAction\":[{\"@type\":\"CommentAction\",\"name\":\"Comment\",\"target\":[\"https:\\\/\\\/redenoticiaz.com.br\\\/litoralsp\\\/2024\\\/01\\\/13\\\/desvendando-o-problema-dos-tres-corpos-dos-criadores-de-game-of-thrones#respond\"]}]},{\"@type\":\"WebPage\",\"@id\":\"https:\\\/\\\/redenoticiaz.com.br\\\/litoralsp\\\/2024\\\/01\\\/13\\\/desvendando-o-problema-dos-tres-corpos-dos-criadores-de-game-of-thrones\",\"url\":\"https:\\\/\\\/redenoticiaz.com.br\\\/litoralsp\\\/2024\\\/01\\\/13\\\/desvendando-o-problema-dos-tres-corpos-dos-criadores-de-game-of-thrones\",\"name\":\"Desvendando \\\"O Problema dos Tr\u00eas Corpos\\\"; dos criadores de Game of Thrones - Litoral SP\",\"isPartOf\":{\"@id\":\"https:\\\/\\\/redenoticiaz.com.br\\\/litoralsp\\\/#website\"},\"primaryImageOfPage\":{\"@id\":\"https:\\\/\\\/redenoticiaz.com.br\\\/litoralsp\\\/2024\\\/01\\\/13\\\/desvendando-o-problema-dos-tres-corpos-dos-criadores-de-game-of-thrones#primaryimage\"},\"image\":{\"@id\":\"https:\\\/\\\/redenoticiaz.com.br\\\/litoralsp\\\/2024\\\/01\\\/13\\\/desvendando-o-problema-dos-tres-corpos-dos-criadores-de-game-of-thrones#primaryimage\"},\"thumbnailUrl\":\"https:\\\/\\\/redenoticiaz.com.br\\\/litoralsp\\\/wp-content\\\/uploads\\\/sites\\\/3\\\/2024\\\/01\\\/2024_0109_MKG_NetflixCES_Keylimephoto_rushes_004-scaled.jpg?v=1704832549\",\"datePublished\":\"2024-01-13T12:00:32+00:00\",\"description\":\"Aguardada por f\u00e3s do g\u00eanero, a s\u00e9rie de fic\u00e7\u00e3o cient\u00edfica \\\"O Problema dos Tr\u00eas Corpos\\\" estreia em mar\u00e7o, na Netflix.\",\"inLanguage\":\"pt-BR\",\"potentialAction\":[{\"@type\":\"ReadAction\",\"target\":[\"https:\\\/\\\/redenoticiaz.com.br\\\/litoralsp\\\/2024\\\/01\\\/13\\\/desvendando-o-problema-dos-tres-corpos-dos-criadores-de-game-of-thrones\"]}]},{\"@type\":\"ImageObject\",\"inLanguage\":\"pt-BR\",\"@id\":\"https:\\\/\\\/redenoticiaz.com.br\\\/litoralsp\\\/2024\\\/01\\\/13\\\/desvendando-o-problema-dos-tres-corpos-dos-criadores-de-game-of-thrones#primaryimage\",\"url\":\"https:\\\/\\\/redenoticiaz.com.br\\\/litoralsp\\\/wp-content\\\/uploads\\\/sites\\\/3\\\/2024\\\/01\\\/2024_0109_MKG_NetflixCES_Keylimephoto_rushes_004-scaled.jpg?v=1704832549\",\"contentUrl\":\"https:\\\/\\\/redenoticiaz.com.br\\\/litoralsp\\\/wp-content\\\/uploads\\\/sites\\\/3\\\/2024\\\/01\\\/2024_0109_MKG_NetflixCES_Keylimephoto_rushes_004-scaled.jpg?v=1704832549\",\"width\":1735,\"height\":1080,\"caption\":\"Cr\u00e9dito: Netflix\"},{\"@type\":\"WebSite\",\"@id\":\"https:\\\/\\\/redenoticiaz.com.br\\\/litoralsp\\\/#website\",\"url\":\"https:\\\/\\\/redenoticiaz.com.br\\\/litoralsp\\\/\",\"name\":\"Litoral SP\",\"description\":\"Rede NoticiaZ\",\"publisher\":{\"@id\":\"https:\\\/\\\/redenoticiaz.com.br\\\/litoralsp\\\/#organization\"},\"potentialAction\":[{\"@type\":\"SearchAction\",\"target\":{\"@type\":\"EntryPoint\",\"urlTemplate\":\"https:\\\/\\\/redenoticiaz.com.br\\\/litoralsp\\\/?s={search_term_string}\"},\"query-input\":{\"@type\":\"PropertyValueSpecification\",\"valueRequired\":true,\"valueName\":\"search_term_string\"}}],\"inLanguage\":\"pt-BR\"},{\"@type\":\"Organization\",\"@id\":\"https:\\\/\\\/redenoticiaz.com.br\\\/litoralsp\\\/#organization\",\"name\":\"Litoral SP\",\"url\":\"https:\\\/\\\/redenoticiaz.com.br\\\/litoralsp\\\/\",\"logo\":{\"@type\":\"ImageObject\",\"inLanguage\":\"pt-BR\",\"@id\":\"https:\\\/\\\/redenoticiaz.com.br\\\/litoralsp\\\/#\\\/schema\\\/logo\\\/image\\\/\",\"url\":\"https:\\\/\\\/redenoticiaz.com.br\\\/litoralsp\\\/wp-content\\\/uploads\\\/sites\\\/3\\\/2020\\\/11\\\/logo.jpg\",\"contentUrl\":\"https:\\\/\\\/redenoticiaz.com.br\\\/litoralsp\\\/wp-content\\\/uploads\\\/sites\\\/3\\\/2020\\\/11\\\/logo.jpg\",\"width\":400,\"height\":250,\"caption\":\"Litoral SP\"},\"image\":{\"@id\":\"https:\\\/\\\/redenoticiaz.com.br\\\/litoralsp\\\/#\\\/schema\\\/logo\\\/image\\\/\"}},{\"@type\":\"Person\",\"@id\":\"https:\\\/\\\/redenoticiaz.com.br\\\/litoralsp\\\/#\\\/schema\\\/person\\\/1f84d6e94e6a62d2d81199d7503e9e90\",\"name\":\"Carina Reifonas\",\"image\":{\"@type\":\"ImageObject\",\"inLanguage\":\"pt-BR\",\"@id\":\"https:\\\/\\\/secure.gravatar.com\\\/avatar\\\/04c59859b23696cf867715880f81d5c037e60109730bdb4e6670ec2a2245bc97?s=96&d=mm&r=g\",\"url\":\"https:\\\/\\\/secure.gravatar.com\\\/avatar\\\/04c59859b23696cf867715880f81d5c037e60109730bdb4e6670ec2a2245bc97?s=96&d=mm&r=g\",\"contentUrl\":\"https:\\\/\\\/secure.gravatar.com\\\/avatar\\\/04c59859b23696cf867715880f81d5c037e60109730bdb4e6670ec2a2245bc97?s=96&d=mm&r=g\",\"caption\":\"Carina Reifonas\"},\"url\":\"https:\\\/\\\/redenoticiaz.com.br\\\/litoralsp\\\/author\\\/carinareifonas\"}]}<\/script>\n<!-- \/ Yoast SEO plugin. -->","yoast_head_json":{"title":"Desvendando \"O Problema dos Tr\u00eas Corpos\"; dos criadores de Game of Thrones - Litoral SP","description":"Aguardada por f\u00e3s do g\u00eanero, a s\u00e9rie de fic\u00e7\u00e3o cient\u00edfica \"O Problema dos Tr\u00eas Corpos\" estreia em mar\u00e7o, na Netflix.","robots":{"index":"index","follow":"follow","max-snippet":"max-snippet:-1","max-image-preview":"max-image-preview:large","max-video-preview":"max-video-preview:-1"},"canonical":"https:\/\/redenoticiaz.com.br\/litoralsp\/2024\/01\/13\/desvendando-o-problema-dos-tres-corpos-dos-criadores-de-game-of-thrones","og_locale":"pt_BR","og_type":"article","og_title":"Desvendando \"O Problema dos Tr\u00eas Corpos\"; dos criadores de Game of Thrones - Litoral SP","og_description":"Aguardada por f\u00e3s do g\u00eanero, a s\u00e9rie de fic\u00e7\u00e3o cient\u00edfica \"O Problema dos Tr\u00eas Corpos\" estreia em mar\u00e7o, na Netflix.","og_url":"https:\/\/redenoticiaz.com.br\/litoralsp\/2024\/01\/13\/desvendando-o-problema-dos-tres-corpos-dos-criadores-de-game-of-thrones","og_site_name":"Litoral SP","article_published_time":"2024-01-13T12:00:32+00:00","og_image":[{"width":1735,"height":1080,"url":"https:\/\/redenoticiaz.com.br\/litoralsp\/wp-content\/uploads\/sites\/3\/2024\/01\/2024_0109_MKG_NetflixCES_Keylimephoto_rushes_004-scaled.jpg?v=1704832549","type":"image\/jpeg"}],"author":"Carina Reifonas","twitter_card":"summary_large_image","twitter_misc":{"Escrito por":"Carina Reifonas","Est. tempo de leitura":"3 minutos"},"schema":{"@context":"https:\/\/schema.org","@graph":[{"@type":"Article","@id":"https:\/\/redenoticiaz.com.br\/litoralsp\/2024\/01\/13\/desvendando-o-problema-dos-tres-corpos-dos-criadores-de-game-of-thrones#article","isPartOf":{"@id":"https:\/\/redenoticiaz.com.br\/litoralsp\/2024\/01\/13\/desvendando-o-problema-dos-tres-corpos-dos-criadores-de-game-of-thrones"},"author":{"name":"Carina Reifonas","@id":"https:\/\/redenoticiaz.com.br\/litoralsp\/#\/schema\/person\/1f84d6e94e6a62d2d81199d7503e9e90"},"headline":"Desvendando &#8220;O Problema dos Tr\u00eas Corpos&#8221;; dos criadores de Game of Thrones","datePublished":"2024-01-13T12:00:32+00:00","mainEntityOfPage":{"@id":"https:\/\/redenoticiaz.com.br\/litoralsp\/2024\/01\/13\/desvendando-o-problema-dos-tres-corpos-dos-criadores-de-game-of-thrones"},"wordCount":544,"commentCount":0,"publisher":{"@id":"https:\/\/redenoticiaz.com.br\/litoralsp\/#organization"},"image":{"@id":"https:\/\/redenoticiaz.com.br\/litoralsp\/2024\/01\/13\/desvendando-o-problema-dos-tres-corpos-dos-criadores-de-game-of-thrones#primaryimage"},"thumbnailUrl":"https:\/\/redenoticiaz.com.br\/litoralsp\/wp-content\/uploads\/sites\/3\/2024\/01\/2024_0109_MKG_NetflixCES_Keylimephoto_rushes_004-scaled.jpg?v=1704832549","keywords":["elenco","personagem"],"articleSection":["C\u00e2mera Z"],"inLanguage":"pt-BR","potentialAction":[{"@type":"CommentAction","name":"Comment","target":["https:\/\/redenoticiaz.com.br\/litoralsp\/2024\/01\/13\/desvendando-o-problema-dos-tres-corpos-dos-criadores-de-game-of-thrones#respond"]}]},{"@type":"WebPage","@id":"https:\/\/redenoticiaz.com.br\/litoralsp\/2024\/01\/13\/desvendando-o-problema-dos-tres-corpos-dos-criadores-de-game-of-thrones","url":"https:\/\/redenoticiaz.com.br\/litoralsp\/2024\/01\/13\/desvendando-o-problema-dos-tres-corpos-dos-criadores-de-game-of-thrones","name":"Desvendando \"O Problema dos Tr\u00eas Corpos\"; dos criadores de Game of Thrones - Litoral SP","isPartOf":{"@id":"https:\/\/redenoticiaz.com.br\/litoralsp\/#website"},"primaryImageOfPage":{"@id":"https:\/\/redenoticiaz.com.br\/litoralsp\/2024\/01\/13\/desvendando-o-problema-dos-tres-corpos-dos-criadores-de-game-of-thrones#primaryimage"},"image":{"@id":"https:\/\/redenoticiaz.com.br\/litoralsp\/2024\/01\/13\/desvendando-o-problema-dos-tres-corpos-dos-criadores-de-game-of-thrones#primaryimage"},"thumbnailUrl":"https:\/\/redenoticiaz.com.br\/litoralsp\/wp-content\/uploads\/sites\/3\/2024\/01\/2024_0109_MKG_NetflixCES_Keylimephoto_rushes_004-scaled.jpg?v=1704832549","datePublished":"2024-01-13T12:00:32+00:00","description":"Aguardada por f\u00e3s do g\u00eanero, a s\u00e9rie de fic\u00e7\u00e3o cient\u00edfica \"O Problema dos Tr\u00eas Corpos\" estreia em mar\u00e7o, na Netflix.","inLanguage":"pt-BR","potentialAction":[{"@type":"ReadAction","target":["https:\/\/redenoticiaz.com.br\/litoralsp\/2024\/01\/13\/desvendando-o-problema-dos-tres-corpos-dos-criadores-de-game-of-thrones"]}]},{"@type":"ImageObject","inLanguage":"pt-BR","@id":"https:\/\/redenoticiaz.com.br\/litoralsp\/2024\/01\/13\/desvendando-o-problema-dos-tres-corpos-dos-criadores-de-game-of-thrones#primaryimage","url":"https:\/\/redenoticiaz.com.br\/litoralsp\/wp-content\/uploads\/sites\/3\/2024\/01\/2024_0109_MKG_NetflixCES_Keylimephoto_rushes_004-scaled.jpg?v=1704832549","contentUrl":"https:\/\/redenoticiaz.com.br\/litoralsp\/wp-content\/uploads\/sites\/3\/2024\/01\/2024_0109_MKG_NetflixCES_Keylimephoto_rushes_004-scaled.jpg?v=1704832549","width":1735,"height":1080,"caption":"Cr\u00e9dito: Netflix"},{"@type":"WebSite","@id":"https:\/\/redenoticiaz.com.br\/litoralsp\/#website","url":"https:\/\/redenoticiaz.com.br\/litoralsp\/","name":"Litoral SP","description":"Rede NoticiaZ","publisher":{"@id":"https:\/\/redenoticiaz.com.br\/litoralsp\/#organization"},"potentialAction":[{"@type":"SearchAction","target":{"@type":"EntryPoint","urlTemplate":"https:\/\/redenoticiaz.com.br\/litoralsp\/?s={search_term_string}"},"query-input":{"@type":"PropertyValueSpecification","valueRequired":true,"valueName":"search_term_string"}}],"inLanguage":"pt-BR"},{"@type":"Organization","@id":"https:\/\/redenoticiaz.com.br\/litoralsp\/#organization","name":"Litoral SP","url":"https:\/\/redenoticiaz.com.br\/litoralsp\/","logo":{"@type":"ImageObject","inLanguage":"pt-BR","@id":"https:\/\/redenoticiaz.com.br\/litoralsp\/#\/schema\/logo\/image\/","url":"https:\/\/redenoticiaz.com.br\/litoralsp\/wp-content\/uploads\/sites\/3\/2020\/11\/logo.jpg","contentUrl":"https:\/\/redenoticiaz.com.br\/litoralsp\/wp-content\/uploads\/sites\/3\/2020\/11\/logo.jpg","width":400,"height":250,"caption":"Litoral SP"},"image":{"@id":"https:\/\/redenoticiaz.com.br\/litoralsp\/#\/schema\/logo\/image\/"}},{"@type":"Person","@id":"https:\/\/redenoticiaz.com.br\/litoralsp\/#\/schema\/person\/1f84d6e94e6a62d2d81199d7503e9e90","name":"Carina Reifonas","image":{"@type":"ImageObject","inLanguage":"pt-BR","@id":"https:\/\/secure.gravatar.com\/avatar\/04c59859b23696cf867715880f81d5c037e60109730bdb4e6670ec2a2245bc97?s=96&d=mm&r=g","url":"https:\/\/secure.gravatar.com\/avatar\/04c59859b23696cf867715880f81d5c037e60109730bdb4e6670ec2a2245bc97?s=96&d=mm&r=g","contentUrl":"https:\/\/secure.gravatar.com\/avatar\/04c59859b23696cf867715880f81d5c037e60109730bdb4e6670ec2a2245bc97?s=96&d=mm&r=g","caption":"Carina Reifonas"},"url":"https:\/\/redenoticiaz.com.br\/litoralsp\/author\/carinareifonas"}]}},"_links":{"self":[{"href":"https:\/\/redenoticiaz.com.br\/litoralsp\/wp-json\/wp\/v2\/posts\/113564","targetHints":{"allow":["GET"]}}],"collection":[{"href":"https:\/\/redenoticiaz.com.br\/litoralsp\/wp-json\/wp\/v2\/posts"}],"about":[{"href":"https:\/\/redenoticiaz.com.br\/litoralsp\/wp-json\/wp\/v2\/types\/post"}],"author":[{"embeddable":true,"href":"https:\/\/redenoticiaz.com.br\/litoralsp\/wp-json\/wp\/v2\/users\/30"}],"replies":[{"embeddable":true,"href":"https:\/\/redenoticiaz.com.br\/litoralsp\/wp-json\/wp\/v2\/comments?post=113564"}],"version-history":[{"count":2,"href":"https:\/\/redenoticiaz.com.br\/litoralsp\/wp-json\/wp\/v2\/posts\/113564\/revisions"}],"predecessor-version":[{"id":113566,"href":"https:\/\/redenoticiaz.com.br\/litoralsp\/wp-json\/wp\/v2\/posts\/113564\/revisions\/113566"}],"wp:featuredmedia":[{"embeddable":true,"href":"https:\/\/redenoticiaz.com.br\/litoralsp\/wp-json\/wp\/v2\/media\/113565"}],"wp:attachment":[{"href":"https:\/\/redenoticiaz.com.br\/litoralsp\/wp-json\/wp\/v2\/media?parent=113564"}],"wp:term":[{"taxonomy":"category","embeddable":true,"href":"https:\/\/redenoticiaz.com.br\/litoralsp\/wp-json\/wp\/v2\/categories?post=113564"},{"taxonomy":"post_tag","embeddable":true,"href":"https:\/\/redenoticiaz.com.br\/litoralsp\/wp-json\/wp\/v2\/tags?post=113564"}],"curies":[{"name":"wp","href":"https:\/\/api.w.org\/{rel}","templated":true}]}}