{"id":113567,"date":"2024-01-13T10:00:19","date_gmt":"2024-01-13T13:00:19","guid":{"rendered":"https:\/\/redenoticiaz.com.br\/litoralsp\/?p=113567"},"modified":"2024-01-09T17:53:33","modified_gmt":"2024-01-09T20:53:33","slug":"dentista-explica-como-manter-rotina-de-saude-bucal-das-criancas-durante-o-periodo-de-ferias","status":"publish","type":"post","link":"https:\/\/redenoticiaz.com.br\/litoralsp\/2024\/01\/13\/dentista-explica-como-manter-rotina-de-saude-bucal-das-criancas-durante-o-periodo-de-ferias","title":{"rendered":"Dentista explica como manter rotina de sa\u00fade bucal das crian\u00e7as durante o per\u00edodo de f\u00e9rias"},"content":{"rendered":"<p>As f\u00e9rias escolares s\u00e3o muito aguardadas pelas crian\u00e7as, sendo um per\u00edodo em que podem se dedicar a atividades l\u00fadicas, brincadeiras ao ar livre e relaxamento. No entanto, essa pausa na rotina pode interferir nos h\u00e1bitos de higiene bucal, levando a um descuido na escova\u00e7\u00e3o e nos cuidados essenciais para a sa\u00fade dos dentes.<\/p>\n<p>Com o aumento das atividades recreativas e a quebra da rotina, \u00e9 comum que os pequenos esque\u00e7am ou diminuam a frequ\u00eancia da escova\u00e7\u00e3o e h\u00e1bitos de higiene, colocando em risco a sa\u00fade dos dentes.<\/p>\n<h3><strong>Mantendo a sa\u00fade bucal durante as f\u00e9rias<\/strong><\/h3>\n<p>De acordo com o Dr. Jos\u00e9 Todescan J\u00fanior, especialista em Pr\u00f3tese Dental, odontopediatria e endodontia, al\u00e9m de membro da Sociedade Brasileira de Odontologia Est\u00e9tica, estabelecer uma rotina \u00e9 o ponto de partida. \u201cMesmo durante as f\u00e9rias, \u00e9 essencial estipular hor\u00e1rios para a escova\u00e7\u00e3o ap\u00f3s as refei\u00e7\u00f5es, ao acordar e antes de dormir, incentivando a pr\u00e1tica di\u00e1ria. Isso ajuda as crian\u00e7as a manterem o h\u00e1bito de cuidar dos dentes mesmo fora do ambiente escolar\u201d, revela.<\/p>\n<p>Tornar a escova\u00e7\u00e3o mais divertida pode ser um est\u00edmulo para as crian\u00e7as. \u201c\u00c9 poss\u00edvel testar a utiliza\u00e7\u00e3o de escovas coloridas ou at\u00e9 mesmo aplicativos educativos que ensinam sobre a import\u00e2ncia da higiene bucal, transformando a hora da escova\u00e7\u00e3o em um momento mais atrativo e agrad\u00e1vel\u201d, pontua.<\/p>\n<p>Durante as f\u00e9rias, \u00e9 comum o consumo excessivo de doces e alimentos a\u00e7ucarados. Para o especialista, incentivar uma alimenta\u00e7\u00e3o balanceada, rica em frutas, vegetais e alimentos que fortalecem os dentes. \u201cEssa pr\u00e1tica contribui n\u00e3o apenas para a sa\u00fade geral do corpo, mas tamb\u00e9m para a sa\u00fade bucal das crian\u00e7as\u201d, relata.<\/p>\n<p>Todescan acredita que as f\u00e9rias s\u00e3o uma excelente oportunidade para agendar uma consulta com um dentista. \u201cSer\u00e1 poss\u00edvel realizar uma avalia\u00e7\u00e3o completa, identificar poss\u00edveis problemas e oferecer orienta\u00e7\u00f5es espec\u00edficas. Al\u00e9m disso, \u00e9 uma chance para os pais esclarecerem d\u00favidas e receberem recomenda\u00e7\u00f5es personalizadas para a manuten\u00e7\u00e3o da sa\u00fade bucal de seus filhos\u201d, declara.<\/p>\n<p><strong>A import\u00e2ncia da supervis\u00e3o dos pais<\/strong><\/p>\n<p>\u00c9 fundamental que os pais supervisem e incentivem ativamente os cuidados com a sa\u00fade bucal dos filhos durante as f\u00e9rias. Mesmo com a quebra da rotina escolar, deve-se refor\u00e7ar a import\u00e2ncia da escova\u00e7\u00e3o regular, uso do fio dental e h\u00e1bitos alimentares saud\u00e1veis.<\/p>\n<p>Al\u00e9m disso, os pais podem se envolver nesse processo, criando jogos ou desafios para tornar a escova\u00e7\u00e3o mais estimulante para as crian\u00e7as. \u201cAcompanhar de perto as pr\u00e1ticas de higiene bucal dos pequenos \u00e9 crucial para garantir que elas sejam mantidas mesmo durante as f\u00e9rias\u201d, pontua.<\/p>\n<p>Manter a sa\u00fade bucal das crian\u00e7as durante as f\u00e9rias exige aten\u00e7\u00e3o e cuidado. \u201cEstabelecer e manter uma rotina de higiene bucal, tornar a escova\u00e7\u00e3o mais atrativa, incentivar uma boa alimenta\u00e7\u00e3o e realizar consultas regulares ao dentista s\u00e3o passos fundamentais para garantir sorrisos saud\u00e1veis mesmo durante esse per\u00edodo\u201d, finaliza.<\/p>\n<p>LEIA MAIS<\/p>\n<p><a href=\"https:\/\/redenoticiaz.com.br\/blog\/2022\/08\/14\/especialista-alerta-sobre-habitos-que-podem-prejudicar-a-saude-bucal\">Especialista alerta sobre h\u00e1bitos que podem prejudicar a sa\u00fade bucal<\/a><\/p>\n<p><a href=\"https:\/\/redenoticiaz.com.br\/blog\/2022\/02\/26\/dicas-de-internet-sobre-saude-bucal-podem-ser-um-perigo\">Dicas de internet sobre sa\u00fade bucal podem ser um perigo<\/a><\/p>\n","protected":false},"excerpt":{"rendered":"<p>As f\u00e9rias escolares s\u00e3o muito aguardadas pelas crian\u00e7as, sendo um per\u00edodo em que podem se dedicar a atividades l\u00fadicas, brincadeiras ao ar livre e relaxamento. No entanto, essa pausa na rotina pode interferir nos h\u00e1bitos de higiene bucal, levando a um descuido na escova\u00e7\u00e3o e nos cuidados essenciais para a sa\u00fade dos dentes. Com o &hellip;<\/p>\n","protected":false},"author":30,"featured_media":113568,"comment_status":"open","ping_status":"closed","sticky":false,"template":"","format":"standard","meta":{"footnotes":""},"categories":[23],"tags":[8808,60402,9561,50515],"class_list":["post-113567","post","type-post","status-publish","format-standard","has-post-thumbnail","hentry","category-saude","tag-criancas","tag-dentista","tag-ferias","tag-saude-bucal"],"yoast_head":"<!-- This site is optimized with the Yoast SEO plugin v27.5 - https:\/\/yoast.com\/product\/yoast-seo-wordpress\/ -->\n<title>Dentista explica como manter rotina de sa\u00fade bucal das crian\u00e7as durante o per\u00edodo de f\u00e9rias - Litoral SP<\/title>\n<meta name=\"description\" content=\"A pausa na rotina pode interferir nos h\u00e1bitos de higiene bucal, levando a um descuido na escova\u00e7\u00e3o e nos cuidados para a sa\u00fade dos dentes.\" \/>\n<meta name=\"robots\" content=\"index, follow, max-snippet:-1, max-image-preview:large, max-video-preview:-1\" \/>\n<link rel=\"canonical\" href=\"https:\/\/redenoticiaz.com.br\/litoralsp\/2024\/01\/13\/dentista-explica-como-manter-rotina-de-saude-bucal-das-criancas-durante-o-periodo-de-ferias\" \/>\n<meta property=\"og:locale\" content=\"pt_BR\" \/>\n<meta property=\"og:type\" content=\"article\" \/>\n<meta property=\"og:title\" content=\"Dentista explica como manter rotina de sa\u00fade bucal das crian\u00e7as durante o per\u00edodo de f\u00e9rias - Litoral SP\" \/>\n<meta property=\"og:description\" content=\"A pausa na rotina pode interferir nos h\u00e1bitos de higiene bucal, levando a um descuido na escova\u00e7\u00e3o e nos cuidados para a sa\u00fade dos dentes.\" \/>\n<meta property=\"og:url\" content=\"https:\/\/redenoticiaz.com.br\/litoralsp\/2024\/01\/13\/dentista-explica-como-manter-rotina-de-saude-bucal-das-criancas-durante-o-periodo-de-ferias\" \/>\n<meta property=\"og:site_name\" content=\"Litoral SP\" \/>\n<meta property=\"article:published_time\" content=\"2024-01-13T13:00:19+00:00\" \/>\n<meta property=\"og:image\" content=\"https:\/\/redenoticiaz.com.br\/litoralsp\/wp-content\/uploads\/sites\/3\/2024\/01\/dentista-crianca.jpg?v=1704833407\" \/>\n\t<meta property=\"og:image:width\" content=\"480\" \/>\n\t<meta property=\"og:image:height\" content=\"293\" \/>\n\t<meta property=\"og:image:type\" content=\"image\/jpeg\" \/>\n<meta name=\"author\" content=\"Carina Reifonas\" \/>\n<meta name=\"twitter:card\" content=\"summary_large_image\" \/>\n<meta name=\"twitter:label1\" content=\"Escrito por\" \/>\n\t<meta name=\"twitter:data1\" content=\"Carina Reifonas\" \/>\n\t<meta name=\"twitter:label2\" content=\"Est. tempo de leitura\" \/>\n\t<meta name=\"twitter:data2\" content=\"3 minutos\" \/>\n<script type=\"application\/ld+json\" class=\"yoast-schema-graph\">{\"@context\":\"https:\\\/\\\/schema.org\",\"@graph\":[{\"@type\":\"Article\",\"@id\":\"https:\\\/\\\/redenoticiaz.com.br\\\/litoralsp\\\/2024\\\/01\\\/13\\\/dentista-explica-como-manter-rotina-de-saude-bucal-das-criancas-durante-o-periodo-de-ferias#article\",\"isPartOf\":{\"@id\":\"https:\\\/\\\/redenoticiaz.com.br\\\/litoralsp\\\/2024\\\/01\\\/13\\\/dentista-explica-como-manter-rotina-de-saude-bucal-das-criancas-durante-o-periodo-de-ferias\"},\"author\":{\"name\":\"Carina Reifonas\",\"@id\":\"https:\\\/\\\/redenoticiaz.com.br\\\/litoralsp\\\/#\\\/schema\\\/person\\\/1f84d6e94e6a62d2d81199d7503e9e90\"},\"headline\":\"Dentista explica como manter rotina de sa\u00fade bucal das crian\u00e7as durante o per\u00edodo de f\u00e9rias\",\"datePublished\":\"2024-01-13T13:00:19+00:00\",\"mainEntityOfPage\":{\"@id\":\"https:\\\/\\\/redenoticiaz.com.br\\\/litoralsp\\\/2024\\\/01\\\/13\\\/dentista-explica-como-manter-rotina-de-saude-bucal-das-criancas-durante-o-periodo-de-ferias\"},\"wordCount\":574,\"commentCount\":0,\"publisher\":{\"@id\":\"https:\\\/\\\/redenoticiaz.com.br\\\/litoralsp\\\/#organization\"},\"image\":{\"@id\":\"https:\\\/\\\/redenoticiaz.com.br\\\/litoralsp\\\/2024\\\/01\\\/13\\\/dentista-explica-como-manter-rotina-de-saude-bucal-das-criancas-durante-o-periodo-de-ferias#primaryimage\"},\"thumbnailUrl\":\"https:\\\/\\\/redenoticiaz.com.br\\\/litoralsp\\\/wp-content\\\/uploads\\\/sites\\\/3\\\/2024\\\/01\\\/dentista-crianca.jpg?v=1704833407\",\"keywords\":[\"Crian\u00e7as\",\"DENTISTA\",\"F\u00c9RIAS\",\"SA\u00daDE BUCAL\"],\"articleSection\":[\"Sa\u00fade\"],\"inLanguage\":\"pt-BR\",\"potentialAction\":[{\"@type\":\"CommentAction\",\"name\":\"Comment\",\"target\":[\"https:\\\/\\\/redenoticiaz.com.br\\\/litoralsp\\\/2024\\\/01\\\/13\\\/dentista-explica-como-manter-rotina-de-saude-bucal-das-criancas-durante-o-periodo-de-ferias#respond\"]}]},{\"@type\":\"WebPage\",\"@id\":\"https:\\\/\\\/redenoticiaz.com.br\\\/litoralsp\\\/2024\\\/01\\\/13\\\/dentista-explica-como-manter-rotina-de-saude-bucal-das-criancas-durante-o-periodo-de-ferias\",\"url\":\"https:\\\/\\\/redenoticiaz.com.br\\\/litoralsp\\\/2024\\\/01\\\/13\\\/dentista-explica-como-manter-rotina-de-saude-bucal-das-criancas-durante-o-periodo-de-ferias\",\"name\":\"Dentista explica como manter rotina de sa\u00fade bucal das crian\u00e7as durante o per\u00edodo de f\u00e9rias - Litoral SP\",\"isPartOf\":{\"@id\":\"https:\\\/\\\/redenoticiaz.com.br\\\/litoralsp\\\/#website\"},\"primaryImageOfPage\":{\"@id\":\"https:\\\/\\\/redenoticiaz.com.br\\\/litoralsp\\\/2024\\\/01\\\/13\\\/dentista-explica-como-manter-rotina-de-saude-bucal-das-criancas-durante-o-periodo-de-ferias#primaryimage\"},\"image\":{\"@id\":\"https:\\\/\\\/redenoticiaz.com.br\\\/litoralsp\\\/2024\\\/01\\\/13\\\/dentista-explica-como-manter-rotina-de-saude-bucal-das-criancas-durante-o-periodo-de-ferias#primaryimage\"},\"thumbnailUrl\":\"https:\\\/\\\/redenoticiaz.com.br\\\/litoralsp\\\/wp-content\\\/uploads\\\/sites\\\/3\\\/2024\\\/01\\\/dentista-crianca.jpg?v=1704833407\",\"datePublished\":\"2024-01-13T13:00:19+00:00\",\"description\":\"A pausa na rotina pode interferir nos h\u00e1bitos de higiene bucal, levando a um descuido na escova\u00e7\u00e3o e nos cuidados para a sa\u00fade dos dentes.\",\"inLanguage\":\"pt-BR\",\"potentialAction\":[{\"@type\":\"ReadAction\",\"target\":[\"https:\\\/\\\/redenoticiaz.com.br\\\/litoralsp\\\/2024\\\/01\\\/13\\\/dentista-explica-como-manter-rotina-de-saude-bucal-das-criancas-durante-o-periodo-de-ferias\"]}]},{\"@type\":\"ImageObject\",\"inLanguage\":\"pt-BR\",\"@id\":\"https:\\\/\\\/redenoticiaz.com.br\\\/litoralsp\\\/2024\\\/01\\\/13\\\/dentista-explica-como-manter-rotina-de-saude-bucal-das-criancas-durante-o-periodo-de-ferias#primaryimage\",\"url\":\"https:\\\/\\\/redenoticiaz.com.br\\\/litoralsp\\\/wp-content\\\/uploads\\\/sites\\\/3\\\/2024\\\/01\\\/dentista-crianca.jpg?v=1704833407\",\"contentUrl\":\"https:\\\/\\\/redenoticiaz.com.br\\\/litoralsp\\\/wp-content\\\/uploads\\\/sites\\\/3\\\/2024\\\/01\\\/dentista-crianca.jpg?v=1704833407\",\"width\":480,\"height\":293,\"caption\":\"Dentista explica como manter rotina de sa\u00fade bucal das crian\u00e7as durante o per\u00edodo de f\u00e9rias.\"},{\"@type\":\"WebSite\",\"@id\":\"https:\\\/\\\/redenoticiaz.com.br\\\/litoralsp\\\/#website\",\"url\":\"https:\\\/\\\/redenoticiaz.com.br\\\/litoralsp\\\/\",\"name\":\"Litoral SP\",\"description\":\"Rede NoticiaZ\",\"publisher\":{\"@id\":\"https:\\\/\\\/redenoticiaz.com.br\\\/litoralsp\\\/#organization\"},\"potentialAction\":[{\"@type\":\"SearchAction\",\"target\":{\"@type\":\"EntryPoint\",\"urlTemplate\":\"https:\\\/\\\/redenoticiaz.com.br\\\/litoralsp\\\/?s={search_term_string}\"},\"query-input\":{\"@type\":\"PropertyValueSpecification\",\"valueRequired\":true,\"valueName\":\"search_term_string\"}}],\"inLanguage\":\"pt-BR\"},{\"@type\":\"Organization\",\"@id\":\"https:\\\/\\\/redenoticiaz.com.br\\\/litoralsp\\\/#organization\",\"name\":\"Litoral SP\",\"url\":\"https:\\\/\\\/redenoticiaz.com.br\\\/litoralsp\\\/\",\"logo\":{\"@type\":\"ImageObject\",\"inLanguage\":\"pt-BR\",\"@id\":\"https:\\\/\\\/redenoticiaz.com.br\\\/litoralsp\\\/#\\\/schema\\\/logo\\\/image\\\/\",\"url\":\"https:\\\/\\\/redenoticiaz.com.br\\\/litoralsp\\\/wp-content\\\/uploads\\\/sites\\\/3\\\/2020\\\/11\\\/logo.jpg\",\"contentUrl\":\"https:\\\/\\\/redenoticiaz.com.br\\\/litoralsp\\\/wp-content\\\/uploads\\\/sites\\\/3\\\/2020\\\/11\\\/logo.jpg\",\"width\":400,\"height\":250,\"caption\":\"Litoral SP\"},\"image\":{\"@id\":\"https:\\\/\\\/redenoticiaz.com.br\\\/litoralsp\\\/#\\\/schema\\\/logo\\\/image\\\/\"}},{\"@type\":\"Person\",\"@id\":\"https:\\\/\\\/redenoticiaz.com.br\\\/litoralsp\\\/#\\\/schema\\\/person\\\/1f84d6e94e6a62d2d81199d7503e9e90\",\"name\":\"Carina Reifonas\",\"image\":{\"@type\":\"ImageObject\",\"inLanguage\":\"pt-BR\",\"@id\":\"https:\\\/\\\/secure.gravatar.com\\\/avatar\\\/04c59859b23696cf867715880f81d5c037e60109730bdb4e6670ec2a2245bc97?s=96&d=mm&r=g\",\"url\":\"https:\\\/\\\/secure.gravatar.com\\\/avatar\\\/04c59859b23696cf867715880f81d5c037e60109730bdb4e6670ec2a2245bc97?s=96&d=mm&r=g\",\"contentUrl\":\"https:\\\/\\\/secure.gravatar.com\\\/avatar\\\/04c59859b23696cf867715880f81d5c037e60109730bdb4e6670ec2a2245bc97?s=96&d=mm&r=g\",\"caption\":\"Carina Reifonas\"},\"url\":\"https:\\\/\\\/redenoticiaz.com.br\\\/litoralsp\\\/author\\\/carinareifonas\"}]}<\/script>\n<!-- \/ Yoast SEO plugin. -->","yoast_head_json":{"title":"Dentista explica como manter rotina de sa\u00fade bucal das crian\u00e7as durante o per\u00edodo de f\u00e9rias - Litoral SP","description":"A pausa na rotina pode interferir nos h\u00e1bitos de higiene bucal, levando a um descuido na escova\u00e7\u00e3o e nos cuidados para a sa\u00fade dos dentes.","robots":{"index":"index","follow":"follow","max-snippet":"max-snippet:-1","max-image-preview":"max-image-preview:large","max-video-preview":"max-video-preview:-1"},"canonical":"https:\/\/redenoticiaz.com.br\/litoralsp\/2024\/01\/13\/dentista-explica-como-manter-rotina-de-saude-bucal-das-criancas-durante-o-periodo-de-ferias","og_locale":"pt_BR","og_type":"article","og_title":"Dentista explica como manter rotina de sa\u00fade bucal das crian\u00e7as durante o per\u00edodo de f\u00e9rias - Litoral SP","og_description":"A pausa na rotina pode interferir nos h\u00e1bitos de higiene bucal, levando a um descuido na escova\u00e7\u00e3o e nos cuidados para a sa\u00fade dos dentes.","og_url":"https:\/\/redenoticiaz.com.br\/litoralsp\/2024\/01\/13\/dentista-explica-como-manter-rotina-de-saude-bucal-das-criancas-durante-o-periodo-de-ferias","og_site_name":"Litoral SP","article_published_time":"2024-01-13T13:00:19+00:00","og_image":[{"width":480,"height":293,"url":"https:\/\/redenoticiaz.com.br\/litoralsp\/wp-content\/uploads\/sites\/3\/2024\/01\/dentista-crianca.jpg?v=1704833407","type":"image\/jpeg"}],"author":"Carina Reifonas","twitter_card":"summary_large_image","twitter_misc":{"Escrito por":"Carina Reifonas","Est. tempo de leitura":"3 minutos"},"schema":{"@context":"https:\/\/schema.org","@graph":[{"@type":"Article","@id":"https:\/\/redenoticiaz.com.br\/litoralsp\/2024\/01\/13\/dentista-explica-como-manter-rotina-de-saude-bucal-das-criancas-durante-o-periodo-de-ferias#article","isPartOf":{"@id":"https:\/\/redenoticiaz.com.br\/litoralsp\/2024\/01\/13\/dentista-explica-como-manter-rotina-de-saude-bucal-das-criancas-durante-o-periodo-de-ferias"},"author":{"name":"Carina Reifonas","@id":"https:\/\/redenoticiaz.com.br\/litoralsp\/#\/schema\/person\/1f84d6e94e6a62d2d81199d7503e9e90"},"headline":"Dentista explica como manter rotina de sa\u00fade bucal das crian\u00e7as durante o per\u00edodo de f\u00e9rias","datePublished":"2024-01-13T13:00:19+00:00","mainEntityOfPage":{"@id":"https:\/\/redenoticiaz.com.br\/litoralsp\/2024\/01\/13\/dentista-explica-como-manter-rotina-de-saude-bucal-das-criancas-durante-o-periodo-de-ferias"},"wordCount":574,"commentCount":0,"publisher":{"@id":"https:\/\/redenoticiaz.com.br\/litoralsp\/#organization"},"image":{"@id":"https:\/\/redenoticiaz.com.br\/litoralsp\/2024\/01\/13\/dentista-explica-como-manter-rotina-de-saude-bucal-das-criancas-durante-o-periodo-de-ferias#primaryimage"},"thumbnailUrl":"https:\/\/redenoticiaz.com.br\/litoralsp\/wp-content\/uploads\/sites\/3\/2024\/01\/dentista-crianca.jpg?v=1704833407","keywords":["Crian\u00e7as","DENTISTA","F\u00c9RIAS","SA\u00daDE BUCAL"],"articleSection":["Sa\u00fade"],"inLanguage":"pt-BR","potentialAction":[{"@type":"CommentAction","name":"Comment","target":["https:\/\/redenoticiaz.com.br\/litoralsp\/2024\/01\/13\/dentista-explica-como-manter-rotina-de-saude-bucal-das-criancas-durante-o-periodo-de-ferias#respond"]}]},{"@type":"WebPage","@id":"https:\/\/redenoticiaz.com.br\/litoralsp\/2024\/01\/13\/dentista-explica-como-manter-rotina-de-saude-bucal-das-criancas-durante-o-periodo-de-ferias","url":"https:\/\/redenoticiaz.com.br\/litoralsp\/2024\/01\/13\/dentista-explica-como-manter-rotina-de-saude-bucal-das-criancas-durante-o-periodo-de-ferias","name":"Dentista explica como manter rotina de sa\u00fade bucal das crian\u00e7as durante o per\u00edodo de f\u00e9rias - Litoral SP","isPartOf":{"@id":"https:\/\/redenoticiaz.com.br\/litoralsp\/#website"},"primaryImageOfPage":{"@id":"https:\/\/redenoticiaz.com.br\/litoralsp\/2024\/01\/13\/dentista-explica-como-manter-rotina-de-saude-bucal-das-criancas-durante-o-periodo-de-ferias#primaryimage"},"image":{"@id":"https:\/\/redenoticiaz.com.br\/litoralsp\/2024\/01\/13\/dentista-explica-como-manter-rotina-de-saude-bucal-das-criancas-durante-o-periodo-de-ferias#primaryimage"},"thumbnailUrl":"https:\/\/redenoticiaz.com.br\/litoralsp\/wp-content\/uploads\/sites\/3\/2024\/01\/dentista-crianca.jpg?v=1704833407","datePublished":"2024-01-13T13:00:19+00:00","description":"A pausa na rotina pode interferir nos h\u00e1bitos de higiene bucal, levando a um descuido na escova\u00e7\u00e3o e nos cuidados para a sa\u00fade dos dentes.","inLanguage":"pt-BR","potentialAction":[{"@type":"ReadAction","target":["https:\/\/redenoticiaz.com.br\/litoralsp\/2024\/01\/13\/dentista-explica-como-manter-rotina-de-saude-bucal-das-criancas-durante-o-periodo-de-ferias"]}]},{"@type":"ImageObject","inLanguage":"pt-BR","@id":"https:\/\/redenoticiaz.com.br\/litoralsp\/2024\/01\/13\/dentista-explica-como-manter-rotina-de-saude-bucal-das-criancas-durante-o-periodo-de-ferias#primaryimage","url":"https:\/\/redenoticiaz.com.br\/litoralsp\/wp-content\/uploads\/sites\/3\/2024\/01\/dentista-crianca.jpg?v=1704833407","contentUrl":"https:\/\/redenoticiaz.com.br\/litoralsp\/wp-content\/uploads\/sites\/3\/2024\/01\/dentista-crianca.jpg?v=1704833407","width":480,"height":293,"caption":"Dentista explica como manter rotina de sa\u00fade bucal das crian\u00e7as durante o per\u00edodo de f\u00e9rias."},{"@type":"WebSite","@id":"https:\/\/redenoticiaz.com.br\/litoralsp\/#website","url":"https:\/\/redenoticiaz.com.br\/litoralsp\/","name":"Litoral SP","description":"Rede NoticiaZ","publisher":{"@id":"https:\/\/redenoticiaz.com.br\/litoralsp\/#organization"},"potentialAction":[{"@type":"SearchAction","target":{"@type":"EntryPoint","urlTemplate":"https:\/\/redenoticiaz.com.br\/litoralsp\/?s={search_term_string}"},"query-input":{"@type":"PropertyValueSpecification","valueRequired":true,"valueName":"search_term_string"}}],"inLanguage":"pt-BR"},{"@type":"Organization","@id":"https:\/\/redenoticiaz.com.br\/litoralsp\/#organization","name":"Litoral SP","url":"https:\/\/redenoticiaz.com.br\/litoralsp\/","logo":{"@type":"ImageObject","inLanguage":"pt-BR","@id":"https:\/\/redenoticiaz.com.br\/litoralsp\/#\/schema\/logo\/image\/","url":"https:\/\/redenoticiaz.com.br\/litoralsp\/wp-content\/uploads\/sites\/3\/2020\/11\/logo.jpg","contentUrl":"https:\/\/redenoticiaz.com.br\/litoralsp\/wp-content\/uploads\/sites\/3\/2020\/11\/logo.jpg","width":400,"height":250,"caption":"Litoral SP"},"image":{"@id":"https:\/\/redenoticiaz.com.br\/litoralsp\/#\/schema\/logo\/image\/"}},{"@type":"Person","@id":"https:\/\/redenoticiaz.com.br\/litoralsp\/#\/schema\/person\/1f84d6e94e6a62d2d81199d7503e9e90","name":"Carina Reifonas","image":{"@type":"ImageObject","inLanguage":"pt-BR","@id":"https:\/\/secure.gravatar.com\/avatar\/04c59859b23696cf867715880f81d5c037e60109730bdb4e6670ec2a2245bc97?s=96&d=mm&r=g","url":"https:\/\/secure.gravatar.com\/avatar\/04c59859b23696cf867715880f81d5c037e60109730bdb4e6670ec2a2245bc97?s=96&d=mm&r=g","contentUrl":"https:\/\/secure.gravatar.com\/avatar\/04c59859b23696cf867715880f81d5c037e60109730bdb4e6670ec2a2245bc97?s=96&d=mm&r=g","caption":"Carina Reifonas"},"url":"https:\/\/redenoticiaz.com.br\/litoralsp\/author\/carinareifonas"}]}},"_links":{"self":[{"href":"https:\/\/redenoticiaz.com.br\/litoralsp\/wp-json\/wp\/v2\/posts\/113567","targetHints":{"allow":["GET"]}}],"collection":[{"href":"https:\/\/redenoticiaz.com.br\/litoralsp\/wp-json\/wp\/v2\/posts"}],"about":[{"href":"https:\/\/redenoticiaz.com.br\/litoralsp\/wp-json\/wp\/v2\/types\/post"}],"author":[{"embeddable":true,"href":"https:\/\/redenoticiaz.com.br\/litoralsp\/wp-json\/wp\/v2\/users\/30"}],"replies":[{"embeddable":true,"href":"https:\/\/redenoticiaz.com.br\/litoralsp\/wp-json\/wp\/v2\/comments?post=113567"}],"version-history":[{"count":1,"href":"https:\/\/redenoticiaz.com.br\/litoralsp\/wp-json\/wp\/v2\/posts\/113567\/revisions"}],"predecessor-version":[{"id":113654,"href":"https:\/\/redenoticiaz.com.br\/litoralsp\/wp-json\/wp\/v2\/posts\/113567\/revisions\/113654"}],"wp:featuredmedia":[{"embeddable":true,"href":"https:\/\/redenoticiaz.com.br\/litoralsp\/wp-json\/wp\/v2\/media\/113568"}],"wp:attachment":[{"href":"https:\/\/redenoticiaz.com.br\/litoralsp\/wp-json\/wp\/v2\/media?parent=113567"}],"wp:term":[{"taxonomy":"category","embeddable":true,"href":"https:\/\/redenoticiaz.com.br\/litoralsp\/wp-json\/wp\/v2\/categories?post=113567"},{"taxonomy":"post_tag","embeddable":true,"href":"https:\/\/redenoticiaz.com.br\/litoralsp\/wp-json\/wp\/v2\/tags?post=113567"}],"curies":[{"name":"wp","href":"https:\/\/api.w.org\/{rel}","templated":true}]}}