{"id":113605,"date":"2024-01-14T09:00:50","date_gmt":"2024-01-14T12:00:50","guid":{"rendered":"https:\/\/redenoticiaz.com.br\/litoralsp\/?p=113605"},"modified":"2024-01-11T17:25:19","modified_gmt":"2024-01-11T20:25:19","slug":"data-de-estreia-e-imagens-da-terceira-temporada-de-bom-dia-veronica-e-liberada-pela-netflix","status":"publish","type":"post","link":"https:\/\/redenoticiaz.com.br\/litoralsp\/2024\/01\/14\/data-de-estreia-e-imagens-da-terceira-temporada-de-bom-dia-veronica-e-liberada-pela-netflix","title":{"rendered":"Data de estreia e imagens da terceira temporada de Bom Dia, Ver\u00f4nica \u00e9 liberada pela Netflix"},"content":{"rendered":"<p>Suspense e mist\u00e9rio d\u00e3o o tom das primeiras imagens da terceira e \u00faltima temporada de Bom Dia, Ver\u00f4nica, divulgadas. Bom dia, Ver\u00f4nica: A Ca\u00e7ada Final mergulha os espectadores em um universo de emo\u00e7\u00f5es intensas e tem estreia confirmada para dia 14 de fevereiro na Netflix.<\/p>\n<p>As fotos trazem pela primeira vez o visual dos j\u00e1 conhecidos personagens de Tain\u00e1 Muller, Klara Castanho e Reynaldo Gianecchini, e apresentam ainda os novos rostos da hist\u00f3ria: o sedutor Jer\u00f4nimo, interpretado por Rodrigo Santoro, e Mait\u00ea Proen\u00e7a no papel da elegante e misteriosa Diana. As novas imagens capturam a ess\u00eancia dos protagonistas da s\u00e9rie, trazem os poss\u00edveis caminhos que a trama percorre e os desafios sombrios que v\u00eam pela frente.<\/p>\n<div id='gallery-1' class='gallery galleryid-113605 gallery-columns-3 gallery-size-thumbnail'><figure class='gallery-item'>\n\t\t\t<div class='gallery-icon landscape'>\n\t\t\t\t<a href='https:\/\/redenoticiaz.com.br\/litoralsp\/2024\/01\/14\/data-de-estreia-e-imagens-da-terceira-temporada-de-bom-dia-veronica-e-liberada-pela-netflix\/bom_dia_veronica_n_s3_e1_00_18_23_04r'><img loading=\"lazy\" decoding=\"async\" width=\"150\" height=\"150\" src=\"https:\/\/redenoticiaz.com.br\/litoralsp\/wp-content\/uploads\/sites\/3\/2024\/01\/Bom_Dia_Veronica_n_S3_E1_00_18_23_04R-scaled-150x150.jpg?v=1705004084\" class=\"attachment-thumbnail size-thumbnail\" alt=\"\" \/><\/a>\n\t\t\t<\/div><\/figure><figure class='gallery-item'>\n\t\t\t<div class='gallery-icon landscape'>\n\t\t\t\t<a href='https:\/\/redenoticiaz.com.br\/litoralsp\/2024\/01\/14\/data-de-estreia-e-imagens-da-terceira-temporada-de-bom-dia-veronica-e-liberada-pela-netflix\/bdv_303-veronica_00017r-2'><img loading=\"lazy\" decoding=\"async\" width=\"150\" height=\"150\" src=\"https:\/\/redenoticiaz.com.br\/litoralsp\/wp-content\/uploads\/sites\/3\/2024\/01\/BDV_303-VERONICA_00017R-2-scaled-150x150.jpg?v=1705004117\" class=\"attachment-thumbnail size-thumbnail\" alt=\"\" \/><\/a>\n\t\t\t<\/div><\/figure><figure class='gallery-item'>\n\t\t\t<div class='gallery-icon landscape'>\n\t\t\t\t<a href='https:\/\/redenoticiaz.com.br\/litoralsp\/2024\/01\/14\/data-de-estreia-e-imagens-da-terceira-temporada-de-bom-dia-veronica-e-liberada-pela-netflix\/bdv_302-diana_00010r2'><img loading=\"lazy\" decoding=\"async\" width=\"150\" height=\"150\" src=\"https:\/\/redenoticiaz.com.br\/litoralsp\/wp-content\/uploads\/sites\/3\/2024\/01\/BDV_302-DIANA_00010R2-scaled-150x150.jpg?v=1705004163\" class=\"attachment-thumbnail size-thumbnail\" alt=\"\" aria-describedby=\"gallery-1-113607\" \/><\/a>\n\t\t\t<\/div>\n\t\t\t\t<figcaption class='wp-caption-text gallery-caption' id='gallery-1-113607'>\n\t\t\t\tBOM DIA, VERONICA. (L to R) Mait\u00ea Proen\u00e7a as Diana in Bom Dia, Ver\u00f4nica &#8211; Season 3. Cr. Alisson Louback \/ Netflix \u00a9 2023 Netflix\n\t\t\t\t<\/figcaption><\/figure><figure class='gallery-item'>\n\t\t\t<div class='gallery-icon landscape'>\n\t\t\t\t<a href='https:\/\/redenoticiaz.com.br\/litoralsp\/2024\/01\/14\/data-de-estreia-e-imagens-da-terceira-temporada-de-bom-dia-veronica-e-liberada-pela-netflix\/bdv_301-angelamatias_00008r2'><img loading=\"lazy\" decoding=\"async\" width=\"150\" height=\"150\" src=\"https:\/\/redenoticiaz.com.br\/litoralsp\/wp-content\/uploads\/sites\/3\/2024\/01\/BDV_301-ANGELAMATIAS_00008R2-scaled-150x150.jpg?v=1705004362\" class=\"attachment-thumbnail size-thumbnail\" alt=\"\" aria-describedby=\"gallery-1-113606\" \/><\/a>\n\t\t\t<\/div>\n\t\t\t\t<figcaption class='wp-caption-text gallery-caption' id='gallery-1-113606'>\n\t\t\t\tBOM DIA, VERONICA. (L to R) Klara Castanho as Angela, Reinaldo Gianecchini as Matias in Bom Dia, Ver\u00f4nica &#8211; Season 3. Cr. Alisson Louback \/ Netflix \u00a9 2023 Netflix\n\t\t\t\t<\/figcaption><\/figure>\n\t\t<\/div>\n\n<p>&nbsp;<\/p>\n<p>LEIA MAIS<\/p>\n<p><a href=\"https:\/\/redenoticiaz.com.br\/blog\/2023\/05\/13\/video-terceira-temporada-de-bom-dia-veronica-anuncia-rodrigo-santoro-no-elenco\">V\u00eddeo \u2013 Terceira Temporada de Bom dia, Ver\u00f4nica anuncia Rodrigo Santoro no elenco<\/a><\/p>\n","protected":false},"excerpt":{"rendered":"<p>Suspense e mist\u00e9rio d\u00e3o o tom das primeiras imagens da terceira e \u00faltima temporada de Bom Dia, Ver\u00f4nica, divulgadas. Bom dia, Ver\u00f4nica: A Ca\u00e7ada Final mergulha os espectadores em um universo de emo\u00e7\u00f5es intensas e tem estreia confirmada para dia 14 de fevereiro na Netflix. As fotos trazem pela primeira vez o visual dos j\u00e1 &hellip;<\/p>\n","protected":false},"author":30,"featured_media":113606,"comment_status":"open","ping_status":"closed","sticky":false,"template":"","format":"standard","meta":{"footnotes":""},"categories":[62064],"tags":[65030,61281,4755],"class_list":["post-113605","post","type-post","status-publish","format-standard","has-post-thumbnail","hentry","category-cameraz","tag-bom-dia-veronica","tag-imagens","tag-netflix"],"yoast_head":"<!-- This site is optimized with the Yoast SEO plugin v27.5 - https:\/\/yoast.com\/product\/yoast-seo-wordpress\/ -->\n<title>Data de estreia e imagens da terceira temporada de Bom Dia, Ver\u00f4nica \u00e9 liberada pela Netflix - Litoral SP<\/title>\n<meta name=\"description\" content=\"Suspense e mist\u00e9rio d\u00e3o o tom das primeiras imagens da terceira e \u00faltima temporada de Bom Dia, Ver\u00f4nica, divulgadas.\" \/>\n<meta name=\"robots\" content=\"index, follow, max-snippet:-1, max-image-preview:large, max-video-preview:-1\" \/>\n<link rel=\"canonical\" href=\"https:\/\/redenoticiaz.com.br\/litoralsp\/2024\/01\/14\/data-de-estreia-e-imagens-da-terceira-temporada-de-bom-dia-veronica-e-liberada-pela-netflix\" \/>\n<meta property=\"og:locale\" content=\"pt_BR\" \/>\n<meta property=\"og:type\" content=\"article\" \/>\n<meta property=\"og:title\" content=\"Data de estreia e imagens da terceira temporada de Bom Dia, Ver\u00f4nica \u00e9 liberada pela Netflix - Litoral SP\" \/>\n<meta property=\"og:description\" content=\"Suspense e mist\u00e9rio d\u00e3o o tom das primeiras imagens da terceira e \u00faltima temporada de Bom Dia, Ver\u00f4nica, divulgadas.\" \/>\n<meta property=\"og:url\" content=\"https:\/\/redenoticiaz.com.br\/litoralsp\/2024\/01\/14\/data-de-estreia-e-imagens-da-terceira-temporada-de-bom-dia-veronica-e-liberada-pela-netflix\" \/>\n<meta property=\"og:site_name\" content=\"Litoral SP\" \/>\n<meta property=\"article:published_time\" content=\"2024-01-14T12:00:50+00:00\" \/>\n<meta property=\"og:image\" content=\"https:\/\/redenoticiaz.com.br\/litoralsp\/wp-content\/uploads\/sites\/3\/2024\/01\/BDV_301-ANGELAMATIAS_00008R2-scaled.jpg?v=1705004362\" \/>\n\t<meta property=\"og:image:width\" content=\"1620\" \/>\n\t<meta property=\"og:image:height\" content=\"1080\" \/>\n\t<meta property=\"og:image:type\" content=\"image\/jpeg\" \/>\n<meta name=\"author\" content=\"Carina Reifonas\" \/>\n<meta name=\"twitter:card\" content=\"summary_large_image\" \/>\n<meta name=\"twitter:label1\" content=\"Escrito por\" \/>\n\t<meta name=\"twitter:data1\" content=\"Carina Reifonas\" \/>\n\t<meta name=\"twitter:label2\" content=\"Est. tempo de leitura\" \/>\n\t<meta name=\"twitter:data2\" content=\"1 minuto\" \/>\n<script type=\"application\/ld+json\" class=\"yoast-schema-graph\">{\"@context\":\"https:\\\/\\\/schema.org\",\"@graph\":[{\"@type\":\"Article\",\"@id\":\"https:\\\/\\\/redenoticiaz.com.br\\\/litoralsp\\\/2024\\\/01\\\/14\\\/data-de-estreia-e-imagens-da-terceira-temporada-de-bom-dia-veronica-e-liberada-pela-netflix#article\",\"isPartOf\":{\"@id\":\"https:\\\/\\\/redenoticiaz.com.br\\\/litoralsp\\\/2024\\\/01\\\/14\\\/data-de-estreia-e-imagens-da-terceira-temporada-de-bom-dia-veronica-e-liberada-pela-netflix\"},\"author\":{\"name\":\"Carina Reifonas\",\"@id\":\"https:\\\/\\\/redenoticiaz.com.br\\\/litoralsp\\\/#\\\/schema\\\/person\\\/1f84d6e94e6a62d2d81199d7503e9e90\"},\"headline\":\"Data de estreia e imagens da terceira temporada de Bom Dia, Ver\u00f4nica \u00e9 liberada pela Netflix\",\"datePublished\":\"2024-01-14T12:00:50+00:00\",\"mainEntityOfPage\":{\"@id\":\"https:\\\/\\\/redenoticiaz.com.br\\\/litoralsp\\\/2024\\\/01\\\/14\\\/data-de-estreia-e-imagens-da-terceira-temporada-de-bom-dia-veronica-e-liberada-pela-netflix\"},\"wordCount\":163,\"commentCount\":0,\"publisher\":{\"@id\":\"https:\\\/\\\/redenoticiaz.com.br\\\/litoralsp\\\/#organization\"},\"image\":{\"@id\":\"https:\\\/\\\/redenoticiaz.com.br\\\/litoralsp\\\/2024\\\/01\\\/14\\\/data-de-estreia-e-imagens-da-terceira-temporada-de-bom-dia-veronica-e-liberada-pela-netflix#primaryimage\"},\"thumbnailUrl\":\"https:\\\/\\\/redenoticiaz.com.br\\\/litoralsp\\\/wp-content\\\/uploads\\\/sites\\\/3\\\/2024\\\/01\\\/BDV_301-ANGELAMATIAS_00008R2-scaled.jpg?v=1705004362\",\"keywords\":[\"Bom dia Ver\u00f4nica\",\"IMAGENS\",\"NETFLIX\"],\"articleSection\":[\"C\u00e2mera Z\"],\"inLanguage\":\"pt-BR\",\"potentialAction\":[{\"@type\":\"CommentAction\",\"name\":\"Comment\",\"target\":[\"https:\\\/\\\/redenoticiaz.com.br\\\/litoralsp\\\/2024\\\/01\\\/14\\\/data-de-estreia-e-imagens-da-terceira-temporada-de-bom-dia-veronica-e-liberada-pela-netflix#respond\"]}]},{\"@type\":\"WebPage\",\"@id\":\"https:\\\/\\\/redenoticiaz.com.br\\\/litoralsp\\\/2024\\\/01\\\/14\\\/data-de-estreia-e-imagens-da-terceira-temporada-de-bom-dia-veronica-e-liberada-pela-netflix\",\"url\":\"https:\\\/\\\/redenoticiaz.com.br\\\/litoralsp\\\/2024\\\/01\\\/14\\\/data-de-estreia-e-imagens-da-terceira-temporada-de-bom-dia-veronica-e-liberada-pela-netflix\",\"name\":\"Data de estreia e imagens da terceira temporada de Bom Dia, Ver\u00f4nica \u00e9 liberada pela Netflix - Litoral SP\",\"isPartOf\":{\"@id\":\"https:\\\/\\\/redenoticiaz.com.br\\\/litoralsp\\\/#website\"},\"primaryImageOfPage\":{\"@id\":\"https:\\\/\\\/redenoticiaz.com.br\\\/litoralsp\\\/2024\\\/01\\\/14\\\/data-de-estreia-e-imagens-da-terceira-temporada-de-bom-dia-veronica-e-liberada-pela-netflix#primaryimage\"},\"image\":{\"@id\":\"https:\\\/\\\/redenoticiaz.com.br\\\/litoralsp\\\/2024\\\/01\\\/14\\\/data-de-estreia-e-imagens-da-terceira-temporada-de-bom-dia-veronica-e-liberada-pela-netflix#primaryimage\"},\"thumbnailUrl\":\"https:\\\/\\\/redenoticiaz.com.br\\\/litoralsp\\\/wp-content\\\/uploads\\\/sites\\\/3\\\/2024\\\/01\\\/BDV_301-ANGELAMATIAS_00008R2-scaled.jpg?v=1705004362\",\"datePublished\":\"2024-01-14T12:00:50+00:00\",\"description\":\"Suspense e mist\u00e9rio d\u00e3o o tom das primeiras imagens da terceira e \u00faltima temporada de Bom Dia, Ver\u00f4nica, divulgadas.\",\"inLanguage\":\"pt-BR\",\"potentialAction\":[{\"@type\":\"ReadAction\",\"target\":[\"https:\\\/\\\/redenoticiaz.com.br\\\/litoralsp\\\/2024\\\/01\\\/14\\\/data-de-estreia-e-imagens-da-terceira-temporada-de-bom-dia-veronica-e-liberada-pela-netflix\"]}]},{\"@type\":\"ImageObject\",\"inLanguage\":\"pt-BR\",\"@id\":\"https:\\\/\\\/redenoticiaz.com.br\\\/litoralsp\\\/2024\\\/01\\\/14\\\/data-de-estreia-e-imagens-da-terceira-temporada-de-bom-dia-veronica-e-liberada-pela-netflix#primaryimage\",\"url\":\"https:\\\/\\\/redenoticiaz.com.br\\\/litoralsp\\\/wp-content\\\/uploads\\\/sites\\\/3\\\/2024\\\/01\\\/BDV_301-ANGELAMATIAS_00008R2-scaled.jpg?v=1705004362\",\"contentUrl\":\"https:\\\/\\\/redenoticiaz.com.br\\\/litoralsp\\\/wp-content\\\/uploads\\\/sites\\\/3\\\/2024\\\/01\\\/BDV_301-ANGELAMATIAS_00008R2-scaled.jpg?v=1705004362\",\"width\":1620,\"height\":1080,\"caption\":\"BOM DIA, VERONICA. (L to R) Klara Castanho as Angela, Reinaldo Gianecchini as Matias in Bom Dia, Ver\u00f4nica - Season 3. Cr. Alisson Louback \\\/ Netflix \u00a9 2023 Netflix\"},{\"@type\":\"WebSite\",\"@id\":\"https:\\\/\\\/redenoticiaz.com.br\\\/litoralsp\\\/#website\",\"url\":\"https:\\\/\\\/redenoticiaz.com.br\\\/litoralsp\\\/\",\"name\":\"Litoral SP\",\"description\":\"Rede NoticiaZ\",\"publisher\":{\"@id\":\"https:\\\/\\\/redenoticiaz.com.br\\\/litoralsp\\\/#organization\"},\"potentialAction\":[{\"@type\":\"SearchAction\",\"target\":{\"@type\":\"EntryPoint\",\"urlTemplate\":\"https:\\\/\\\/redenoticiaz.com.br\\\/litoralsp\\\/?s={search_term_string}\"},\"query-input\":{\"@type\":\"PropertyValueSpecification\",\"valueRequired\":true,\"valueName\":\"search_term_string\"}}],\"inLanguage\":\"pt-BR\"},{\"@type\":\"Organization\",\"@id\":\"https:\\\/\\\/redenoticiaz.com.br\\\/litoralsp\\\/#organization\",\"name\":\"Litoral SP\",\"url\":\"https:\\\/\\\/redenoticiaz.com.br\\\/litoralsp\\\/\",\"logo\":{\"@type\":\"ImageObject\",\"inLanguage\":\"pt-BR\",\"@id\":\"https:\\\/\\\/redenoticiaz.com.br\\\/litoralsp\\\/#\\\/schema\\\/logo\\\/image\\\/\",\"url\":\"https:\\\/\\\/redenoticiaz.com.br\\\/litoralsp\\\/wp-content\\\/uploads\\\/sites\\\/3\\\/2020\\\/11\\\/logo.jpg\",\"contentUrl\":\"https:\\\/\\\/redenoticiaz.com.br\\\/litoralsp\\\/wp-content\\\/uploads\\\/sites\\\/3\\\/2020\\\/11\\\/logo.jpg\",\"width\":400,\"height\":250,\"caption\":\"Litoral SP\"},\"image\":{\"@id\":\"https:\\\/\\\/redenoticiaz.com.br\\\/litoralsp\\\/#\\\/schema\\\/logo\\\/image\\\/\"}},{\"@type\":\"Person\",\"@id\":\"https:\\\/\\\/redenoticiaz.com.br\\\/litoralsp\\\/#\\\/schema\\\/person\\\/1f84d6e94e6a62d2d81199d7503e9e90\",\"name\":\"Carina Reifonas\",\"image\":{\"@type\":\"ImageObject\",\"inLanguage\":\"pt-BR\",\"@id\":\"https:\\\/\\\/secure.gravatar.com\\\/avatar\\\/04c59859b23696cf867715880f81d5c037e60109730bdb4e6670ec2a2245bc97?s=96&d=mm&r=g\",\"url\":\"https:\\\/\\\/secure.gravatar.com\\\/avatar\\\/04c59859b23696cf867715880f81d5c037e60109730bdb4e6670ec2a2245bc97?s=96&d=mm&r=g\",\"contentUrl\":\"https:\\\/\\\/secure.gravatar.com\\\/avatar\\\/04c59859b23696cf867715880f81d5c037e60109730bdb4e6670ec2a2245bc97?s=96&d=mm&r=g\",\"caption\":\"Carina Reifonas\"},\"url\":\"https:\\\/\\\/redenoticiaz.com.br\\\/litoralsp\\\/author\\\/carinareifonas\"}]}<\/script>\n<!-- \/ Yoast SEO plugin. -->","yoast_head_json":{"title":"Data de estreia e imagens da terceira temporada de Bom Dia, Ver\u00f4nica \u00e9 liberada pela Netflix - Litoral SP","description":"Suspense e mist\u00e9rio d\u00e3o o tom das primeiras imagens da terceira e \u00faltima temporada de Bom Dia, Ver\u00f4nica, divulgadas.","robots":{"index":"index","follow":"follow","max-snippet":"max-snippet:-1","max-image-preview":"max-image-preview:large","max-video-preview":"max-video-preview:-1"},"canonical":"https:\/\/redenoticiaz.com.br\/litoralsp\/2024\/01\/14\/data-de-estreia-e-imagens-da-terceira-temporada-de-bom-dia-veronica-e-liberada-pela-netflix","og_locale":"pt_BR","og_type":"article","og_title":"Data de estreia e imagens da terceira temporada de Bom Dia, Ver\u00f4nica \u00e9 liberada pela Netflix - Litoral SP","og_description":"Suspense e mist\u00e9rio d\u00e3o o tom das primeiras imagens da terceira e \u00faltima temporada de Bom Dia, Ver\u00f4nica, divulgadas.","og_url":"https:\/\/redenoticiaz.com.br\/litoralsp\/2024\/01\/14\/data-de-estreia-e-imagens-da-terceira-temporada-de-bom-dia-veronica-e-liberada-pela-netflix","og_site_name":"Litoral SP","article_published_time":"2024-01-14T12:00:50+00:00","og_image":[{"width":1620,"height":1080,"url":"https:\/\/redenoticiaz.com.br\/litoralsp\/wp-content\/uploads\/sites\/3\/2024\/01\/BDV_301-ANGELAMATIAS_00008R2-scaled.jpg?v=1705004362","type":"image\/jpeg"}],"author":"Carina Reifonas","twitter_card":"summary_large_image","twitter_misc":{"Escrito por":"Carina Reifonas","Est. tempo de leitura":"1 minuto"},"schema":{"@context":"https:\/\/schema.org","@graph":[{"@type":"Article","@id":"https:\/\/redenoticiaz.com.br\/litoralsp\/2024\/01\/14\/data-de-estreia-e-imagens-da-terceira-temporada-de-bom-dia-veronica-e-liberada-pela-netflix#article","isPartOf":{"@id":"https:\/\/redenoticiaz.com.br\/litoralsp\/2024\/01\/14\/data-de-estreia-e-imagens-da-terceira-temporada-de-bom-dia-veronica-e-liberada-pela-netflix"},"author":{"name":"Carina Reifonas","@id":"https:\/\/redenoticiaz.com.br\/litoralsp\/#\/schema\/person\/1f84d6e94e6a62d2d81199d7503e9e90"},"headline":"Data de estreia e imagens da terceira temporada de Bom Dia, Ver\u00f4nica \u00e9 liberada pela Netflix","datePublished":"2024-01-14T12:00:50+00:00","mainEntityOfPage":{"@id":"https:\/\/redenoticiaz.com.br\/litoralsp\/2024\/01\/14\/data-de-estreia-e-imagens-da-terceira-temporada-de-bom-dia-veronica-e-liberada-pela-netflix"},"wordCount":163,"commentCount":0,"publisher":{"@id":"https:\/\/redenoticiaz.com.br\/litoralsp\/#organization"},"image":{"@id":"https:\/\/redenoticiaz.com.br\/litoralsp\/2024\/01\/14\/data-de-estreia-e-imagens-da-terceira-temporada-de-bom-dia-veronica-e-liberada-pela-netflix#primaryimage"},"thumbnailUrl":"https:\/\/redenoticiaz.com.br\/litoralsp\/wp-content\/uploads\/sites\/3\/2024\/01\/BDV_301-ANGELAMATIAS_00008R2-scaled.jpg?v=1705004362","keywords":["Bom dia Ver\u00f4nica","IMAGENS","NETFLIX"],"articleSection":["C\u00e2mera Z"],"inLanguage":"pt-BR","potentialAction":[{"@type":"CommentAction","name":"Comment","target":["https:\/\/redenoticiaz.com.br\/litoralsp\/2024\/01\/14\/data-de-estreia-e-imagens-da-terceira-temporada-de-bom-dia-veronica-e-liberada-pela-netflix#respond"]}]},{"@type":"WebPage","@id":"https:\/\/redenoticiaz.com.br\/litoralsp\/2024\/01\/14\/data-de-estreia-e-imagens-da-terceira-temporada-de-bom-dia-veronica-e-liberada-pela-netflix","url":"https:\/\/redenoticiaz.com.br\/litoralsp\/2024\/01\/14\/data-de-estreia-e-imagens-da-terceira-temporada-de-bom-dia-veronica-e-liberada-pela-netflix","name":"Data de estreia e imagens da terceira temporada de Bom Dia, Ver\u00f4nica \u00e9 liberada pela Netflix - Litoral SP","isPartOf":{"@id":"https:\/\/redenoticiaz.com.br\/litoralsp\/#website"},"primaryImageOfPage":{"@id":"https:\/\/redenoticiaz.com.br\/litoralsp\/2024\/01\/14\/data-de-estreia-e-imagens-da-terceira-temporada-de-bom-dia-veronica-e-liberada-pela-netflix#primaryimage"},"image":{"@id":"https:\/\/redenoticiaz.com.br\/litoralsp\/2024\/01\/14\/data-de-estreia-e-imagens-da-terceira-temporada-de-bom-dia-veronica-e-liberada-pela-netflix#primaryimage"},"thumbnailUrl":"https:\/\/redenoticiaz.com.br\/litoralsp\/wp-content\/uploads\/sites\/3\/2024\/01\/BDV_301-ANGELAMATIAS_00008R2-scaled.jpg?v=1705004362","datePublished":"2024-01-14T12:00:50+00:00","description":"Suspense e mist\u00e9rio d\u00e3o o tom das primeiras imagens da terceira e \u00faltima temporada de Bom Dia, Ver\u00f4nica, divulgadas.","inLanguage":"pt-BR","potentialAction":[{"@type":"ReadAction","target":["https:\/\/redenoticiaz.com.br\/litoralsp\/2024\/01\/14\/data-de-estreia-e-imagens-da-terceira-temporada-de-bom-dia-veronica-e-liberada-pela-netflix"]}]},{"@type":"ImageObject","inLanguage":"pt-BR","@id":"https:\/\/redenoticiaz.com.br\/litoralsp\/2024\/01\/14\/data-de-estreia-e-imagens-da-terceira-temporada-de-bom-dia-veronica-e-liberada-pela-netflix#primaryimage","url":"https:\/\/redenoticiaz.com.br\/litoralsp\/wp-content\/uploads\/sites\/3\/2024\/01\/BDV_301-ANGELAMATIAS_00008R2-scaled.jpg?v=1705004362","contentUrl":"https:\/\/redenoticiaz.com.br\/litoralsp\/wp-content\/uploads\/sites\/3\/2024\/01\/BDV_301-ANGELAMATIAS_00008R2-scaled.jpg?v=1705004362","width":1620,"height":1080,"caption":"BOM DIA, VERONICA. (L to R) Klara Castanho as Angela, Reinaldo Gianecchini as Matias in Bom Dia, Ver\u00f4nica - Season 3. Cr. Alisson Louback \/ Netflix \u00a9 2023 Netflix"},{"@type":"WebSite","@id":"https:\/\/redenoticiaz.com.br\/litoralsp\/#website","url":"https:\/\/redenoticiaz.com.br\/litoralsp\/","name":"Litoral SP","description":"Rede NoticiaZ","publisher":{"@id":"https:\/\/redenoticiaz.com.br\/litoralsp\/#organization"},"potentialAction":[{"@type":"SearchAction","target":{"@type":"EntryPoint","urlTemplate":"https:\/\/redenoticiaz.com.br\/litoralsp\/?s={search_term_string}"},"query-input":{"@type":"PropertyValueSpecification","valueRequired":true,"valueName":"search_term_string"}}],"inLanguage":"pt-BR"},{"@type":"Organization","@id":"https:\/\/redenoticiaz.com.br\/litoralsp\/#organization","name":"Litoral SP","url":"https:\/\/redenoticiaz.com.br\/litoralsp\/","logo":{"@type":"ImageObject","inLanguage":"pt-BR","@id":"https:\/\/redenoticiaz.com.br\/litoralsp\/#\/schema\/logo\/image\/","url":"https:\/\/redenoticiaz.com.br\/litoralsp\/wp-content\/uploads\/sites\/3\/2020\/11\/logo.jpg","contentUrl":"https:\/\/redenoticiaz.com.br\/litoralsp\/wp-content\/uploads\/sites\/3\/2020\/11\/logo.jpg","width":400,"height":250,"caption":"Litoral SP"},"image":{"@id":"https:\/\/redenoticiaz.com.br\/litoralsp\/#\/schema\/logo\/image\/"}},{"@type":"Person","@id":"https:\/\/redenoticiaz.com.br\/litoralsp\/#\/schema\/person\/1f84d6e94e6a62d2d81199d7503e9e90","name":"Carina Reifonas","image":{"@type":"ImageObject","inLanguage":"pt-BR","@id":"https:\/\/secure.gravatar.com\/avatar\/04c59859b23696cf867715880f81d5c037e60109730bdb4e6670ec2a2245bc97?s=96&d=mm&r=g","url":"https:\/\/secure.gravatar.com\/avatar\/04c59859b23696cf867715880f81d5c037e60109730bdb4e6670ec2a2245bc97?s=96&d=mm&r=g","contentUrl":"https:\/\/secure.gravatar.com\/avatar\/04c59859b23696cf867715880f81d5c037e60109730bdb4e6670ec2a2245bc97?s=96&d=mm&r=g","caption":"Carina Reifonas"},"url":"https:\/\/redenoticiaz.com.br\/litoralsp\/author\/carinareifonas"}]}},"_links":{"self":[{"href":"https:\/\/redenoticiaz.com.br\/litoralsp\/wp-json\/wp\/v2\/posts\/113605","targetHints":{"allow":["GET"]}}],"collection":[{"href":"https:\/\/redenoticiaz.com.br\/litoralsp\/wp-json\/wp\/v2\/posts"}],"about":[{"href":"https:\/\/redenoticiaz.com.br\/litoralsp\/wp-json\/wp\/v2\/types\/post"}],"author":[{"embeddable":true,"href":"https:\/\/redenoticiaz.com.br\/litoralsp\/wp-json\/wp\/v2\/users\/30"}],"replies":[{"embeddable":true,"href":"https:\/\/redenoticiaz.com.br\/litoralsp\/wp-json\/wp\/v2\/comments?post=113605"}],"version-history":[{"count":2,"href":"https:\/\/redenoticiaz.com.br\/litoralsp\/wp-json\/wp\/v2\/posts\/113605\/revisions"}],"predecessor-version":[{"id":113611,"href":"https:\/\/redenoticiaz.com.br\/litoralsp\/wp-json\/wp\/v2\/posts\/113605\/revisions\/113611"}],"wp:featuredmedia":[{"embeddable":true,"href":"https:\/\/redenoticiaz.com.br\/litoralsp\/wp-json\/wp\/v2\/media\/113606"}],"wp:attachment":[{"href":"https:\/\/redenoticiaz.com.br\/litoralsp\/wp-json\/wp\/v2\/media?parent=113605"}],"wp:term":[{"taxonomy":"category","embeddable":true,"href":"https:\/\/redenoticiaz.com.br\/litoralsp\/wp-json\/wp\/v2\/categories?post=113605"},{"taxonomy":"post_tag","embeddable":true,"href":"https:\/\/redenoticiaz.com.br\/litoralsp\/wp-json\/wp\/v2\/tags?post=113605"}],"curies":[{"name":"wp","href":"https:\/\/api.w.org\/{rel}","templated":true}]}}