{"id":113713,"date":"2024-01-16T16:17:22","date_gmt":"2024-01-16T19:17:22","guid":{"rendered":"https:\/\/redenoticiaz.com.br\/litoralsp\/2024\/01\/16\/justica-dos-eua-acusa-brasileira-por-suposta-fraude-contra-imigrantes"},"modified":"2024-01-16T16:29:05","modified_gmt":"2024-01-16T19:29:05","slug":"justica-dos-eua-acusa-brasileira-por-suposta-fraude-contra-imigrantes","status":"publish","type":"post","link":"https:\/\/redenoticiaz.com.br\/litoralsp\/2024\/01\/16\/justica-dos-eua-acusa-brasileira-por-suposta-fraude-contra-imigrantes","title":{"rendered":"Justi\u00e7a dos EUA acusa brasileira por suposta fraude contra imigrantes"},"content":{"rendered":"<p>A Justi\u00e7a federal dos Estados Unidos acusou a jornalista brasileira Patr\u00edcia L\u00e9lis, 29 anos, de se passar por advogada de imigra\u00e7\u00e3o e se apropriar de US$ 700 mil, o equivalente a cerca de R$ 3,41 milh\u00f5es, de estrangeiros que tentam obter vistos para residir legalmente em territ\u00f3rio norte-americano.<img decoding=\"async\" src=\"https:\/\/agenciabrasil.ebc.com.br\/ebc.png?id=1576557&amp;o=node\" \/><img decoding=\"async\" src=\"https:\/\/agenciabrasil.ebc.com.br\/ebc.gif?id=1576557&amp;o=node\" \/><\/p>\n<p><a href=\"https:\/\/www.justice.gov\/usao-edva\/pr\/brazilian-national-charged-defrauding-immigrant-investors\" target=\"_blank\" rel=\"noopener\">Em nota,<\/a>\u00a0o Departamento de Justi\u00e7a informou que um j\u00fari federal retomou a acusa\u00e7\u00e3o inicial, apresentada em setembro de 2021.<\/p>\n<p>Segundo a den\u00fancia, Patr\u00edcia morava em Arlington, no Texas, quando se passou por advogada especialista em imigra\u00e7\u00e3o. Uma das supostas v\u00edtimas da brasileira teria pago a ela mais de US$ 135 mil (cerca de R$ 658 mil) em troca da promessa de receber um visto EB-5, que garante o direito permanente de residir nos Estados Unidos ao estrangeiro que investir em neg\u00f3cios que gerem empregos em territ\u00f3rio norte-americano.<\/p>\n<p>\u201cA v\u00edtima fez dois pagamentos iniciais, totalizando mais de US$ 135 mil, com base na declara\u00e7\u00e3o de [Patr\u00edcia] L\u00e9lis de que o dinheiro estava indo para um projeto de desenvolvimento imobili\u00e1rio no Texas \u00a0qualificado para o programa EB-5\u201d, sustenta o Departamento de Justi\u00e7a, em nota.<\/p>\n<p>\u201cEm vez disso, o dinheiro da v\u00edtima teria ido para a conta banc\u00e1ria pessoal de L\u00e9lis, que, em vez de investir o dinheiro conforme prometido, supostamente o usou para pagar a entrada de sua casa em Arlington, reformar os banheiros e pagar outras despesas pessoais, como d\u00edvidas de cart\u00e3o de cr\u00e9dito\u201d, acrescenta o Departamento de Justi\u00e7a.<\/p>\n<h2>Fraude eletr\u00f4nica<\/h2>\n<p>A brasileira tamb\u00e9m \u00e9 acusada de ter cometido fraude eletr\u00f4nica, transa\u00e7\u00f5es monet\u00e1rias ilegais e roubo de identidade agravada. Segundo a acusa\u00e7\u00e3o, ela falsificou formul\u00e1rios de imigra\u00e7\u00e3o dos EUA e forjou m\u00faltiplas assinaturas e recibos para atestar que investia o dinheiro das v\u00edtimas em neg\u00f3cios legais.<\/p>\n<p>\u201cQuando uma v\u00edtima finalmente se recusou a enviar mais dinheiro, [Patr\u00edcia] L\u00e9lis supostamente amea\u00e7ou os pais da v\u00edtima com a remo\u00e7\u00e3o dos Estados Unidos e depois os encaminhou para uma ag\u00eancia de cobran\u00e7a\u201d, afirma o Departamento de Justi\u00e7a, acrescentando que a brasileira teria convencido conhecidos a se passarem por funcion\u00e1rios de um fundo de investimento do Texas durante liga\u00e7\u00f5es telef\u00f4nicas e videochamadas.<\/p>\n<p>Patr\u00edcia pode ser condenada a penas de, no m\u00e1ximo, 20 anos de pris\u00e3o por envolvimento em fraude eletr\u00f4nica; dez anos por transa\u00e7\u00f5es monet\u00e1rias ilegais e de, no m\u00ednimo, dois anos por roubo de identidade agravado.<\/p>\n<p>Nas redes sociais, a jornalista brasileira minimizou a gravidade das acusa\u00e7\u00f5es. Em sua conta no X (antigo Twitter), ela confirmou que as autoridades norte-americanas est\u00e3o \u201cprocurando-a\u201d. \u201cMas j\u00e1 sabem exatamente onde estou\u201d, informou ela, que alega ter se mudado para os Estados Unidos na condi\u00e7\u00e3o de exilada pol\u00edtica.<\/p>\n<h2>C\u00e1rcere privado<\/h2>\n<p>Em 2016, Patr\u00edcia acusou o\u00a0<a href=\"https:\/\/agenciabrasil.ebc.com.br\/politica\/noticia\/2016-08\/queixa-de-estudante-contra-deputado-marco-feliciano-chega-ao-supremo\" target=\"_blank\" rel=\"noopener\">deputado federal Marco Feliciano (PL-SP)<\/a>\u00a0de tentar estupr\u00e1-la e de, junto com um assessor parlamentar, mant\u00ea-la em c\u00e1rcere privado. Meses depois, a Pol\u00edcia Civil de S\u00e3o Paulo, que investigava as den\u00fancias da ent\u00e3o estudante de jornalismo, a acusou por den\u00fancia caluniosa e extors\u00e3o. Na sequ\u00eancia, a den\u00fancia contra Feliciano foi arquivada.<\/p>\n<p>Patr\u00edcia tamb\u00e9m j\u00e1 fez acusa\u00e7\u00f5es contra o deputado federal Eduardo Bolsonaro (PL-SP), com quem ela afirma ter namorado \u2013 informa\u00e7\u00e3o que o parlamentar nega. Em 2018, a jornalista disputou as elei\u00e7\u00f5es para a C\u00e2mara dos Deputados, mas n\u00e3o foi eleita.<\/p>\n<div class=\"twitter-tweet twitter-tweet-rendered\"><iframe id=\"twitter-widget-0\" class=\"\" title=\"X Post\" src=\"https:\/\/platform.twitter.com\/embed\/Tweet.html?creatorScreenName=agenciabrasil&amp;dnt=false&amp;embedId=twitter-widget-0&amp;features=eyJ0ZndfdGltZWxpbmVfbGlzdCI6eyJidWNrZXQiOltdLCJ2ZXJzaW9uIjpudWxsfSwidGZ3X2ZvbGxvd2VyX2NvdW50X3N1bnNldCI6eyJidWNrZXQiOnRydWUsInZlcnNpb24iOm51bGx9LCJ0ZndfdHdlZXRfZWRpdF9iYWNrZW5kIjp7ImJ1Y2tldCI6Im9uIiwidmVyc2lvbiI6bnVsbH0sInRmd19yZWZzcmNfc2Vzc2lvbiI6eyJidWNrZXQiOiJvbiIsInZlcnNpb24iOm51bGx9LCJ0ZndfZm9zbnJfc29mdF9pbnRlcnZlbnRpb25zX2VuYWJsZWQiOnsiYnVja2V0Ijoib24iLCJ2ZXJzaW9uIjpudWxsfSwidGZ3X21peGVkX21lZGlhXzE1ODk3Ijp7ImJ1Y2tldCI6InRyZWF0bWVudCIsInZlcnNpb24iOm51bGx9LCJ0ZndfZXhwZXJpbWVudHNfY29va2llX2V4cGlyYXRpb24iOnsiYnVja2V0IjoxMjA5NjAwLCJ2ZXJzaW9uIjpudWxsfSwidGZ3X3Nob3dfYmlyZHdhdGNoX3Bpdm90c19lbmFibGVkIjp7ImJ1Y2tldCI6Im9uIiwidmVyc2lvbiI6bnVsbH0sInRmd19kdXBsaWNhdGVfc2NyaWJlc190b19zZXR0aW5ncyI6eyJidWNrZXQiOiJvbiIsInZlcnNpb24iOm51bGx9LCJ0ZndfdXNlX3Byb2ZpbGVfaW1hZ2Vfc2hhcGVfZW5hYmxlZCI6eyJidWNrZXQiOiJvbiIsInZlcnNpb24iOm51bGx9LCJ0ZndfdmlkZW9faGxzX2R5bmFtaWNfbWFuaWZlc3RzXzE1MDgyIjp7ImJ1Y2tldCI6InRydWVfYml0cmF0ZSIsInZlcnNpb24iOm51bGx9LCJ0ZndfbGVnYWN5X3RpbWVsaW5lX3N1bnNldCI6eyJidWNrZXQiOnRydWUsInZlcnNpb24iOm51bGx9LCJ0ZndfdHdlZXRfZWRpdF9mcm9udGVuZCI6eyJidWNrZXQiOiJvbiIsInZlcnNpb24iOm51bGx9fQ%3D%3D&amp;frame=false&amp;hideCard=false&amp;hideThread=false&amp;id=1746979820255465492&amp;lang=pt&amp;origin=https%3A%2F%2Fagenciabrasil.ebc.com.br%2Finternacional%2Fnoticia%2F2024-01%2Fjustica-dos-eua-acusa-brasileira-por-suposta-fraude-contra-imigrantes&amp;sessionId=631038551a35d7695034466ccd42334582efc931&amp;siteScreenName=agenciabrasil&amp;theme=light&amp;widgetsVersion=2615f7e52b7e0%3A1702314776716&amp;width=550px\" frameborder=\"0\" scrolling=\"no\" allowfullscreen=\"allowfullscreen\"><\/iframe><\/div>\n<div><\/div>\n<div>Leia mais<\/div>\n<div><a href=\"https:\/\/redenoticiaz.com.br\/blog\/2024\/01\/11\/ricardo-lewandowski-sera-o-novo-ministro-da-justica-anuncia-lula\">Ricardo Lewandowski ser\u00e1 o novo ministro da Justi\u00e7a, anuncia Lula<\/a><\/div>\n<div><a href=\"https:\/\/redenoticiaz.com.br\/blog\/2024\/01\/09\/procurado-pela-justica-e-detido-pela-equipe-da-rocam\">Procurado pela Justi\u00e7a \u00e9 detido pela equipe da Rocam<\/a><\/div>\n","protected":false},"excerpt":{"rendered":"<p>A Justi\u00e7a federal dos Estados Unidos acusou a jornalista brasileira Patr\u00edcia L\u00e9lis, 29 anos, de se passar por advogada de imigra\u00e7\u00e3o e se apropriar de US$ 700 mil, o equivalente a cerca de R$ 3,41 milh\u00f5es, de estrangeiros que tentam obter vistos para residir legalmente em territ\u00f3rio norte-americano. Em nota,\u00a0o Departamento de Justi\u00e7a informou que &hellip;<\/p>\n","protected":false},"author":12,"featured_media":113714,"comment_status":"open","ping_status":"closed","sticky":false,"template":"","format":"standard","meta":{"footnotes":""},"categories":[10],"tags":[67879,4495,3922],"class_list":["post-113713","post","type-post","status-publish","format-standard","has-post-thumbnail","hentry","category-policia","tag-blogueira","tag-estados-unidos","tag-justica"],"yoast_head":"<!-- This site is optimized with the Yoast SEO plugin v27.5 - https:\/\/yoast.com\/product\/yoast-seo-wordpress\/ -->\n<title>Justi\u00e7a dos EUA acusa brasileira por suposta fraude contra imigrantes - Litoral SP<\/title>\n<meta name=\"description\" content=\"Em nota,\u00a0o Departamento de Justi\u00e7a informou que um j\u00fari federal retomou a acusa\u00e7\u00e3o inicial, apresentada em setembro de 2021.\" \/>\n<meta name=\"robots\" content=\"index, follow, max-snippet:-1, max-image-preview:large, max-video-preview:-1\" \/>\n<link rel=\"canonical\" href=\"https:\/\/redenoticiaz.com.br\/litoralsp\/2024\/01\/16\/justica-dos-eua-acusa-brasileira-por-suposta-fraude-contra-imigrantes\" \/>\n<meta property=\"og:locale\" content=\"pt_BR\" \/>\n<meta property=\"og:type\" content=\"article\" \/>\n<meta property=\"og:title\" content=\"Justi\u00e7a dos EUA acusa brasileira por suposta fraude contra imigrantes - Litoral SP\" \/>\n<meta property=\"og:description\" content=\"Em nota,\u00a0o Departamento de Justi\u00e7a informou que um j\u00fari federal retomou a acusa\u00e7\u00e3o inicial, apresentada em setembro de 2021.\" \/>\n<meta property=\"og:url\" content=\"https:\/\/redenoticiaz.com.br\/litoralsp\/2024\/01\/16\/justica-dos-eua-acusa-brasileira-por-suposta-fraude-contra-imigrantes\" \/>\n<meta property=\"og:site_name\" content=\"Litoral SP\" \/>\n<meta property=\"article:published_time\" content=\"2024-01-16T19:17:22+00:00\" \/>\n<meta property=\"article:modified_time\" content=\"2024-01-16T19:29:05+00:00\" \/>\n<meta property=\"og:image\" content=\"https:\/\/redenoticiaz.com.br\/litoralsp\/wp-content\/uploads\/sites\/3\/2024\/01\/1035926-08-08-2016pzzb8326.jpg?v=1705432630\" \/>\n\t<meta property=\"og:image:width\" content=\"1170\" \/>\n\t<meta property=\"og:image:height\" content=\"700\" \/>\n\t<meta property=\"og:image:type\" content=\"image\/jpeg\" \/>\n<meta name=\"author\" content=\"Gustavo Silva\" \/>\n<meta name=\"twitter:card\" content=\"summary_large_image\" \/>\n<meta name=\"twitter:label1\" content=\"Escrito por\" \/>\n\t<meta name=\"twitter:data1\" content=\"Gustavo Silva\" \/>\n\t<meta name=\"twitter:label2\" content=\"Est. tempo de leitura\" \/>\n\t<meta name=\"twitter:data2\" content=\"4 minutos\" \/>\n<script type=\"application\/ld+json\" class=\"yoast-schema-graph\">{\"@context\":\"https:\\\/\\\/schema.org\",\"@graph\":[{\"@type\":\"Article\",\"@id\":\"https:\\\/\\\/redenoticiaz.com.br\\\/litoralsp\\\/2024\\\/01\\\/16\\\/justica-dos-eua-acusa-brasileira-por-suposta-fraude-contra-imigrantes#article\",\"isPartOf\":{\"@id\":\"https:\\\/\\\/redenoticiaz.com.br\\\/litoralsp\\\/2024\\\/01\\\/16\\\/justica-dos-eua-acusa-brasileira-por-suposta-fraude-contra-imigrantes\"},\"author\":{\"name\":\"Gustavo Silva\",\"@id\":\"https:\\\/\\\/redenoticiaz.com.br\\\/litoralsp\\\/#\\\/schema\\\/person\\\/16057b37a3c0ee6b096d7f887c566e2e\"},\"headline\":\"Justi\u00e7a dos EUA acusa brasileira por suposta fraude contra imigrantes\",\"datePublished\":\"2024-01-16T19:17:22+00:00\",\"dateModified\":\"2024-01-16T19:29:05+00:00\",\"mainEntityOfPage\":{\"@id\":\"https:\\\/\\\/redenoticiaz.com.br\\\/litoralsp\\\/2024\\\/01\\\/16\\\/justica-dos-eua-acusa-brasileira-por-suposta-fraude-contra-imigrantes\"},\"wordCount\":630,\"commentCount\":0,\"publisher\":{\"@id\":\"https:\\\/\\\/redenoticiaz.com.br\\\/litoralsp\\\/#organization\"},\"image\":{\"@id\":\"https:\\\/\\\/redenoticiaz.com.br\\\/litoralsp\\\/2024\\\/01\\\/16\\\/justica-dos-eua-acusa-brasileira-por-suposta-fraude-contra-imigrantes#primaryimage\"},\"thumbnailUrl\":\"https:\\\/\\\/redenoticiaz.com.br\\\/litoralsp\\\/wp-content\\\/uploads\\\/sites\\\/3\\\/2024\\\/01\\\/1035926-08-08-2016pzzb8326.jpg?v=1705432630\",\"keywords\":[\"blogueira\",\"Estados Unidos\",\"justi\u00e7a\"],\"articleSection\":[\"Pol\u00edcia\"],\"inLanguage\":\"pt-BR\",\"potentialAction\":[{\"@type\":\"CommentAction\",\"name\":\"Comment\",\"target\":[\"https:\\\/\\\/redenoticiaz.com.br\\\/litoralsp\\\/2024\\\/01\\\/16\\\/justica-dos-eua-acusa-brasileira-por-suposta-fraude-contra-imigrantes#respond\"]}]},{\"@type\":\"WebPage\",\"@id\":\"https:\\\/\\\/redenoticiaz.com.br\\\/litoralsp\\\/2024\\\/01\\\/16\\\/justica-dos-eua-acusa-brasileira-por-suposta-fraude-contra-imigrantes\",\"url\":\"https:\\\/\\\/redenoticiaz.com.br\\\/litoralsp\\\/2024\\\/01\\\/16\\\/justica-dos-eua-acusa-brasileira-por-suposta-fraude-contra-imigrantes\",\"name\":\"Justi\u00e7a dos EUA acusa brasileira por suposta fraude contra imigrantes - Litoral SP\",\"isPartOf\":{\"@id\":\"https:\\\/\\\/redenoticiaz.com.br\\\/litoralsp\\\/#website\"},\"primaryImageOfPage\":{\"@id\":\"https:\\\/\\\/redenoticiaz.com.br\\\/litoralsp\\\/2024\\\/01\\\/16\\\/justica-dos-eua-acusa-brasileira-por-suposta-fraude-contra-imigrantes#primaryimage\"},\"image\":{\"@id\":\"https:\\\/\\\/redenoticiaz.com.br\\\/litoralsp\\\/2024\\\/01\\\/16\\\/justica-dos-eua-acusa-brasileira-por-suposta-fraude-contra-imigrantes#primaryimage\"},\"thumbnailUrl\":\"https:\\\/\\\/redenoticiaz.com.br\\\/litoralsp\\\/wp-content\\\/uploads\\\/sites\\\/3\\\/2024\\\/01\\\/1035926-08-08-2016pzzb8326.jpg?v=1705432630\",\"datePublished\":\"2024-01-16T19:17:22+00:00\",\"dateModified\":\"2024-01-16T19:29:05+00:00\",\"description\":\"Em nota,\u00a0o Departamento de Justi\u00e7a informou que um j\u00fari federal retomou a acusa\u00e7\u00e3o inicial, apresentada em setembro de 2021.\",\"inLanguage\":\"pt-BR\",\"potentialAction\":[{\"@type\":\"ReadAction\",\"target\":[\"https:\\\/\\\/redenoticiaz.com.br\\\/litoralsp\\\/2024\\\/01\\\/16\\\/justica-dos-eua-acusa-brasileira-por-suposta-fraude-contra-imigrantes\"]}]},{\"@type\":\"ImageObject\",\"inLanguage\":\"pt-BR\",\"@id\":\"https:\\\/\\\/redenoticiaz.com.br\\\/litoralsp\\\/2024\\\/01\\\/16\\\/justica-dos-eua-acusa-brasileira-por-suposta-fraude-contra-imigrantes#primaryimage\",\"url\":\"https:\\\/\\\/redenoticiaz.com.br\\\/litoralsp\\\/wp-content\\\/uploads\\\/sites\\\/3\\\/2024\\\/01\\\/1035926-08-08-2016pzzb8326.jpg?v=1705432630\",\"contentUrl\":\"https:\\\/\\\/redenoticiaz.com.br\\\/litoralsp\\\/wp-content\\\/uploads\\\/sites\\\/3\\\/2024\\\/01\\\/1035926-08-08-2016pzzb8326.jpg?v=1705432630\",\"width\":1170,\"height\":700},{\"@type\":\"WebSite\",\"@id\":\"https:\\\/\\\/redenoticiaz.com.br\\\/litoralsp\\\/#website\",\"url\":\"https:\\\/\\\/redenoticiaz.com.br\\\/litoralsp\\\/\",\"name\":\"Litoral SP\",\"description\":\"Rede NoticiaZ\",\"publisher\":{\"@id\":\"https:\\\/\\\/redenoticiaz.com.br\\\/litoralsp\\\/#organization\"},\"potentialAction\":[{\"@type\":\"SearchAction\",\"target\":{\"@type\":\"EntryPoint\",\"urlTemplate\":\"https:\\\/\\\/redenoticiaz.com.br\\\/litoralsp\\\/?s={search_term_string}\"},\"query-input\":{\"@type\":\"PropertyValueSpecification\",\"valueRequired\":true,\"valueName\":\"search_term_string\"}}],\"inLanguage\":\"pt-BR\"},{\"@type\":\"Organization\",\"@id\":\"https:\\\/\\\/redenoticiaz.com.br\\\/litoralsp\\\/#organization\",\"name\":\"Litoral SP\",\"url\":\"https:\\\/\\\/redenoticiaz.com.br\\\/litoralsp\\\/\",\"logo\":{\"@type\":\"ImageObject\",\"inLanguage\":\"pt-BR\",\"@id\":\"https:\\\/\\\/redenoticiaz.com.br\\\/litoralsp\\\/#\\\/schema\\\/logo\\\/image\\\/\",\"url\":\"https:\\\/\\\/redenoticiaz.com.br\\\/litoralsp\\\/wp-content\\\/uploads\\\/sites\\\/3\\\/2020\\\/11\\\/logo.jpg\",\"contentUrl\":\"https:\\\/\\\/redenoticiaz.com.br\\\/litoralsp\\\/wp-content\\\/uploads\\\/sites\\\/3\\\/2020\\\/11\\\/logo.jpg\",\"width\":400,\"height\":250,\"caption\":\"Litoral SP\"},\"image\":{\"@id\":\"https:\\\/\\\/redenoticiaz.com.br\\\/litoralsp\\\/#\\\/schema\\\/logo\\\/image\\\/\"}},{\"@type\":\"Person\",\"@id\":\"https:\\\/\\\/redenoticiaz.com.br\\\/litoralsp\\\/#\\\/schema\\\/person\\\/16057b37a3c0ee6b096d7f887c566e2e\",\"name\":\"Gustavo Silva\",\"image\":{\"@type\":\"ImageObject\",\"inLanguage\":\"pt-BR\",\"@id\":\"https:\\\/\\\/secure.gravatar.com\\\/avatar\\\/3ee4e82f93b26de0a7cf4ea5eb7893da637ed6bb0c9170c58065944c56e28a33?s=96&d=mm&r=g\",\"url\":\"https:\\\/\\\/secure.gravatar.com\\\/avatar\\\/3ee4e82f93b26de0a7cf4ea5eb7893da637ed6bb0c9170c58065944c56e28a33?s=96&d=mm&r=g\",\"contentUrl\":\"https:\\\/\\\/secure.gravatar.com\\\/avatar\\\/3ee4e82f93b26de0a7cf4ea5eb7893da637ed6bb0c9170c58065944c56e28a33?s=96&d=mm&r=g\",\"caption\":\"Gustavo Silva\"},\"url\":\"https:\\\/\\\/redenoticiaz.com.br\\\/litoralsp\\\/author\\\/gustavosilva\"}]}<\/script>\n<!-- \/ Yoast SEO plugin. -->","yoast_head_json":{"title":"Justi\u00e7a dos EUA acusa brasileira por suposta fraude contra imigrantes - Litoral SP","description":"Em nota,\u00a0o Departamento de Justi\u00e7a informou que um j\u00fari federal retomou a acusa\u00e7\u00e3o inicial, apresentada em setembro de 2021.","robots":{"index":"index","follow":"follow","max-snippet":"max-snippet:-1","max-image-preview":"max-image-preview:large","max-video-preview":"max-video-preview:-1"},"canonical":"https:\/\/redenoticiaz.com.br\/litoralsp\/2024\/01\/16\/justica-dos-eua-acusa-brasileira-por-suposta-fraude-contra-imigrantes","og_locale":"pt_BR","og_type":"article","og_title":"Justi\u00e7a dos EUA acusa brasileira por suposta fraude contra imigrantes - Litoral SP","og_description":"Em nota,\u00a0o Departamento de Justi\u00e7a informou que um j\u00fari federal retomou a acusa\u00e7\u00e3o inicial, apresentada em setembro de 2021.","og_url":"https:\/\/redenoticiaz.com.br\/litoralsp\/2024\/01\/16\/justica-dos-eua-acusa-brasileira-por-suposta-fraude-contra-imigrantes","og_site_name":"Litoral SP","article_published_time":"2024-01-16T19:17:22+00:00","article_modified_time":"2024-01-16T19:29:05+00:00","og_image":[{"width":1170,"height":700,"url":"https:\/\/redenoticiaz.com.br\/litoralsp\/wp-content\/uploads\/sites\/3\/2024\/01\/1035926-08-08-2016pzzb8326.jpg?v=1705432630","type":"image\/jpeg"}],"author":"Gustavo Silva","twitter_card":"summary_large_image","twitter_misc":{"Escrito por":"Gustavo Silva","Est. tempo de leitura":"4 minutos"},"schema":{"@context":"https:\/\/schema.org","@graph":[{"@type":"Article","@id":"https:\/\/redenoticiaz.com.br\/litoralsp\/2024\/01\/16\/justica-dos-eua-acusa-brasileira-por-suposta-fraude-contra-imigrantes#article","isPartOf":{"@id":"https:\/\/redenoticiaz.com.br\/litoralsp\/2024\/01\/16\/justica-dos-eua-acusa-brasileira-por-suposta-fraude-contra-imigrantes"},"author":{"name":"Gustavo Silva","@id":"https:\/\/redenoticiaz.com.br\/litoralsp\/#\/schema\/person\/16057b37a3c0ee6b096d7f887c566e2e"},"headline":"Justi\u00e7a dos EUA acusa brasileira por suposta fraude contra imigrantes","datePublished":"2024-01-16T19:17:22+00:00","dateModified":"2024-01-16T19:29:05+00:00","mainEntityOfPage":{"@id":"https:\/\/redenoticiaz.com.br\/litoralsp\/2024\/01\/16\/justica-dos-eua-acusa-brasileira-por-suposta-fraude-contra-imigrantes"},"wordCount":630,"commentCount":0,"publisher":{"@id":"https:\/\/redenoticiaz.com.br\/litoralsp\/#organization"},"image":{"@id":"https:\/\/redenoticiaz.com.br\/litoralsp\/2024\/01\/16\/justica-dos-eua-acusa-brasileira-por-suposta-fraude-contra-imigrantes#primaryimage"},"thumbnailUrl":"https:\/\/redenoticiaz.com.br\/litoralsp\/wp-content\/uploads\/sites\/3\/2024\/01\/1035926-08-08-2016pzzb8326.jpg?v=1705432630","keywords":["blogueira","Estados Unidos","justi\u00e7a"],"articleSection":["Pol\u00edcia"],"inLanguage":"pt-BR","potentialAction":[{"@type":"CommentAction","name":"Comment","target":["https:\/\/redenoticiaz.com.br\/litoralsp\/2024\/01\/16\/justica-dos-eua-acusa-brasileira-por-suposta-fraude-contra-imigrantes#respond"]}]},{"@type":"WebPage","@id":"https:\/\/redenoticiaz.com.br\/litoralsp\/2024\/01\/16\/justica-dos-eua-acusa-brasileira-por-suposta-fraude-contra-imigrantes","url":"https:\/\/redenoticiaz.com.br\/litoralsp\/2024\/01\/16\/justica-dos-eua-acusa-brasileira-por-suposta-fraude-contra-imigrantes","name":"Justi\u00e7a dos EUA acusa brasileira por suposta fraude contra imigrantes - Litoral SP","isPartOf":{"@id":"https:\/\/redenoticiaz.com.br\/litoralsp\/#website"},"primaryImageOfPage":{"@id":"https:\/\/redenoticiaz.com.br\/litoralsp\/2024\/01\/16\/justica-dos-eua-acusa-brasileira-por-suposta-fraude-contra-imigrantes#primaryimage"},"image":{"@id":"https:\/\/redenoticiaz.com.br\/litoralsp\/2024\/01\/16\/justica-dos-eua-acusa-brasileira-por-suposta-fraude-contra-imigrantes#primaryimage"},"thumbnailUrl":"https:\/\/redenoticiaz.com.br\/litoralsp\/wp-content\/uploads\/sites\/3\/2024\/01\/1035926-08-08-2016pzzb8326.jpg?v=1705432630","datePublished":"2024-01-16T19:17:22+00:00","dateModified":"2024-01-16T19:29:05+00:00","description":"Em nota,\u00a0o Departamento de Justi\u00e7a informou que um j\u00fari federal retomou a acusa\u00e7\u00e3o inicial, apresentada em setembro de 2021.","inLanguage":"pt-BR","potentialAction":[{"@type":"ReadAction","target":["https:\/\/redenoticiaz.com.br\/litoralsp\/2024\/01\/16\/justica-dos-eua-acusa-brasileira-por-suposta-fraude-contra-imigrantes"]}]},{"@type":"ImageObject","inLanguage":"pt-BR","@id":"https:\/\/redenoticiaz.com.br\/litoralsp\/2024\/01\/16\/justica-dos-eua-acusa-brasileira-por-suposta-fraude-contra-imigrantes#primaryimage","url":"https:\/\/redenoticiaz.com.br\/litoralsp\/wp-content\/uploads\/sites\/3\/2024\/01\/1035926-08-08-2016pzzb8326.jpg?v=1705432630","contentUrl":"https:\/\/redenoticiaz.com.br\/litoralsp\/wp-content\/uploads\/sites\/3\/2024\/01\/1035926-08-08-2016pzzb8326.jpg?v=1705432630","width":1170,"height":700},{"@type":"WebSite","@id":"https:\/\/redenoticiaz.com.br\/litoralsp\/#website","url":"https:\/\/redenoticiaz.com.br\/litoralsp\/","name":"Litoral SP","description":"Rede NoticiaZ","publisher":{"@id":"https:\/\/redenoticiaz.com.br\/litoralsp\/#organization"},"potentialAction":[{"@type":"SearchAction","target":{"@type":"EntryPoint","urlTemplate":"https:\/\/redenoticiaz.com.br\/litoralsp\/?s={search_term_string}"},"query-input":{"@type":"PropertyValueSpecification","valueRequired":true,"valueName":"search_term_string"}}],"inLanguage":"pt-BR"},{"@type":"Organization","@id":"https:\/\/redenoticiaz.com.br\/litoralsp\/#organization","name":"Litoral SP","url":"https:\/\/redenoticiaz.com.br\/litoralsp\/","logo":{"@type":"ImageObject","inLanguage":"pt-BR","@id":"https:\/\/redenoticiaz.com.br\/litoralsp\/#\/schema\/logo\/image\/","url":"https:\/\/redenoticiaz.com.br\/litoralsp\/wp-content\/uploads\/sites\/3\/2020\/11\/logo.jpg","contentUrl":"https:\/\/redenoticiaz.com.br\/litoralsp\/wp-content\/uploads\/sites\/3\/2020\/11\/logo.jpg","width":400,"height":250,"caption":"Litoral SP"},"image":{"@id":"https:\/\/redenoticiaz.com.br\/litoralsp\/#\/schema\/logo\/image\/"}},{"@type":"Person","@id":"https:\/\/redenoticiaz.com.br\/litoralsp\/#\/schema\/person\/16057b37a3c0ee6b096d7f887c566e2e","name":"Gustavo Silva","image":{"@type":"ImageObject","inLanguage":"pt-BR","@id":"https:\/\/secure.gravatar.com\/avatar\/3ee4e82f93b26de0a7cf4ea5eb7893da637ed6bb0c9170c58065944c56e28a33?s=96&d=mm&r=g","url":"https:\/\/secure.gravatar.com\/avatar\/3ee4e82f93b26de0a7cf4ea5eb7893da637ed6bb0c9170c58065944c56e28a33?s=96&d=mm&r=g","contentUrl":"https:\/\/secure.gravatar.com\/avatar\/3ee4e82f93b26de0a7cf4ea5eb7893da637ed6bb0c9170c58065944c56e28a33?s=96&d=mm&r=g","caption":"Gustavo Silva"},"url":"https:\/\/redenoticiaz.com.br\/litoralsp\/author\/gustavosilva"}]}},"_links":{"self":[{"href":"https:\/\/redenoticiaz.com.br\/litoralsp\/wp-json\/wp\/v2\/posts\/113713","targetHints":{"allow":["GET"]}}],"collection":[{"href":"https:\/\/redenoticiaz.com.br\/litoralsp\/wp-json\/wp\/v2\/posts"}],"about":[{"href":"https:\/\/redenoticiaz.com.br\/litoralsp\/wp-json\/wp\/v2\/types\/post"}],"author":[{"embeddable":true,"href":"https:\/\/redenoticiaz.com.br\/litoralsp\/wp-json\/wp\/v2\/users\/12"}],"replies":[{"embeddable":true,"href":"https:\/\/redenoticiaz.com.br\/litoralsp\/wp-json\/wp\/v2\/comments?post=113713"}],"version-history":[{"count":1,"href":"https:\/\/redenoticiaz.com.br\/litoralsp\/wp-json\/wp\/v2\/posts\/113713\/revisions"}],"predecessor-version":[{"id":113718,"href":"https:\/\/redenoticiaz.com.br\/litoralsp\/wp-json\/wp\/v2\/posts\/113713\/revisions\/113718"}],"wp:featuredmedia":[{"embeddable":true,"href":"https:\/\/redenoticiaz.com.br\/litoralsp\/wp-json\/wp\/v2\/media\/113714"}],"wp:attachment":[{"href":"https:\/\/redenoticiaz.com.br\/litoralsp\/wp-json\/wp\/v2\/media?parent=113713"}],"wp:term":[{"taxonomy":"category","embeddable":true,"href":"https:\/\/redenoticiaz.com.br\/litoralsp\/wp-json\/wp\/v2\/categories?post=113713"},{"taxonomy":"post_tag","embeddable":true,"href":"https:\/\/redenoticiaz.com.br\/litoralsp\/wp-json\/wp\/v2\/tags?post=113713"}],"curies":[{"name":"wp","href":"https:\/\/api.w.org\/{rel}","templated":true}]}}