{"id":113715,"date":"2024-01-16T16:24:18","date_gmt":"2024-01-16T19:24:18","guid":{"rendered":"https:\/\/redenoticiaz.com.br\/litoralsp\/2024\/01\/16\/video-aviao-de-combate-a-incendios-pega-fogo-e-cai-em-rodovia"},"modified":"2024-01-16T16:29:29","modified_gmt":"2024-01-16T19:29:29","slug":"video-aviao-de-combate-a-incendios-pega-fogo-e-cai-em-rodovia","status":"publish","type":"post","link":"https:\/\/redenoticiaz.com.br\/litoralsp\/2024\/01\/16\/video-aviao-de-combate-a-incendios-pega-fogo-e-cai-em-rodovia","title":{"rendered":"V\u00cdDEO &#8211; Avi\u00e3o de combate a inc\u00eandios pega fogo e cai em rodovia"},"content":{"rendered":"<p>Um avi\u00e3o de pequeno porte, utilizado no combate a inc\u00eandios florestais em Talca, regi\u00e3o de Maule, no Chile, pegou fogo e caiu em uma rodovia. A queda ocorreu ap\u00f3s uma das asas colidir com os fios de um poste de energia.<\/p>\n<p>Infelizmente, o piloto da aeronave, Fernando Solans, n\u00e3o sobreviveu ao tr\u00e1gico incidente, enquanto outras tr\u00eas pessoas que estavam em um carro atingido pelo avi\u00e3o ficaram feridas.<\/p>\n<p>A aeronave era operada pela empresa a\u00e9rea Air Andes SPA, prestadora de servi\u00e7os para a Corpora\u00e7\u00e3o Nacional Florestal (CONAF).<\/p>\n<div style=\"width: 640px;\" class=\"wp-video\"><video class=\"wp-video-shortcode\" id=\"video-113715-1\" width=\"640\" height=\"864\" preload=\"metadata\" controls=\"controls\"><source type=\"video\/mp4\" src=\"https:\/\/redenoticiaz.com.br\/litoralsp\/wp-content\/uploads\/sites\/3\/2024\/01\/VIDEO-Aviao-de-combate-a-incendios-pega-fogo-e-cai-em-rodovia-.mp4?_=1\" \/><a href=\"https:\/\/redenoticiaz.com.br\/litoralsp\/wp-content\/uploads\/sites\/3\/2024\/01\/VIDEO-Aviao-de-combate-a-incendios-pega-fogo-e-cai-em-rodovia-.mp4\">https:\/\/redenoticiaz.com.br\/litoralsp\/wp-content\/uploads\/sites\/3\/2024\/01\/VIDEO-Aviao-de-combate-a-incendios-pega-fogo-e-cai-em-rodovia-.mp4<\/a><\/video><\/div>\n<p>LEIA MAIS<\/p>\n<p><a href=\"https:\/\/redenoticiaz.com.br\/blog\/2024\/01\/16\/policia-investiga-morte-do-lutador-diego-braga-alves-no-rio\">Pol\u00edcia investiga morte do lutador Diego Braga Alves, no Rio<\/a><\/p>\n<p><a href=\"https:\/\/redenoticiaz.com.br\/blog\/2024\/01\/16\/derrota-para-o-aster-encerra-trajetoria-na-do-palmeiras-na-copinha\">Derrota para o Aster encerra trajet\u00f3ria na do Palmeiras na Copinha<\/a><\/p>\n","protected":false},"excerpt":{"rendered":"<p>Um avi\u00e3o de pequeno porte, utilizado no combate a inc\u00eandios florestais em Talca, regi\u00e3o de Maule, no Chile, pegou fogo e caiu em uma rodovia. A queda ocorreu ap\u00f3s uma das asas colidir com os fios de um poste de energia. Infelizmente, o piloto da aeronave, Fernando Solans, n\u00e3o sobreviveu ao tr\u00e1gico incidente, enquanto outras &hellip;<\/p>\n","protected":false},"author":30,"featured_media":113717,"comment_status":"open","ping_status":"closed","sticky":false,"template":"","format":"standard","meta":{"footnotes":""},"categories":[84],"tags":[8488,5867,8516,32238],"class_list":["post-113715","post","type-post","status-publish","format-standard","has-post-thumbnail","hentry","category-mundo","tag-aviao","tag-chile","tag-queda","tag-rodovia"],"yoast_head":"<!-- This site is optimized with the Yoast SEO plugin v27.4 - https:\/\/yoast.com\/product\/yoast-seo-wordpress\/ -->\n<title>V\u00cdDEO &#8211; Avi\u00e3o de combate a inc\u00eandios pega fogo e cai em rodovia - Litoral SP<\/title>\n<meta name=\"description\" content=\"Um avi\u00e3o de pequeno porte, utilizado no combate a inc\u00eandios florestais em Talca, regi\u00e3o de Maule, no Chile, pegou fogo e caiu em uma rodovia.\" \/>\n<meta name=\"robots\" content=\"index, follow, max-snippet:-1, max-image-preview:large, max-video-preview:-1\" \/>\n<link rel=\"canonical\" href=\"https:\/\/redenoticiaz.com.br\/litoralsp\/2024\/01\/16\/video-aviao-de-combate-a-incendios-pega-fogo-e-cai-em-rodovia\" \/>\n<meta property=\"og:locale\" content=\"pt_BR\" \/>\n<meta property=\"og:type\" content=\"article\" \/>\n<meta property=\"og:title\" content=\"V\u00cdDEO &#8211; Avi\u00e3o de combate a inc\u00eandios pega fogo e cai em rodovia - Litoral SP\" \/>\n<meta property=\"og:description\" content=\"Um avi\u00e3o de pequeno porte, utilizado no combate a inc\u00eandios florestais em Talca, regi\u00e3o de Maule, no Chile, pegou fogo e caiu em uma rodovia.\" \/>\n<meta property=\"og:url\" content=\"https:\/\/redenoticiaz.com.br\/litoralsp\/2024\/01\/16\/video-aviao-de-combate-a-incendios-pega-fogo-e-cai-em-rodovia\" \/>\n<meta property=\"og:site_name\" content=\"Litoral SP\" \/>\n<meta property=\"article:published_time\" content=\"2024-01-16T19:24:18+00:00\" \/>\n<meta property=\"article:modified_time\" content=\"2024-01-16T19:29:29+00:00\" \/>\n<meta property=\"og:image\" content=\"https:\/\/redenoticiaz.com.br\/litoralsp\/wp-content\/uploads\/sites\/3\/2024\/01\/Captura-de-tela-2024-01-16-160344.jpg?v=1705432165\" \/>\n\t<meta property=\"og:image:width\" content=\"410\" \/>\n\t<meta property=\"og:image:height\" content=\"336\" \/>\n\t<meta property=\"og:image:type\" content=\"image\/jpeg\" \/>\n<meta name=\"author\" content=\"Carina Reifonas\" \/>\n<meta name=\"twitter:card\" content=\"summary_large_image\" \/>\n<meta name=\"twitter:label1\" content=\"Escrito por\" \/>\n\t<meta name=\"twitter:data1\" content=\"Carina Reifonas\" \/>\n\t<meta name=\"twitter:label2\" content=\"Est. tempo de leitura\" \/>\n\t<meta name=\"twitter:data2\" content=\"1 minuto\" \/>\n<script type=\"application\/ld+json\" class=\"yoast-schema-graph\">{\"@context\":\"https:\\\/\\\/schema.org\",\"@graph\":[{\"@type\":\"Article\",\"@id\":\"https:\\\/\\\/redenoticiaz.com.br\\\/litoralsp\\\/2024\\\/01\\\/16\\\/video-aviao-de-combate-a-incendios-pega-fogo-e-cai-em-rodovia#article\",\"isPartOf\":{\"@id\":\"https:\\\/\\\/redenoticiaz.com.br\\\/litoralsp\\\/2024\\\/01\\\/16\\\/video-aviao-de-combate-a-incendios-pega-fogo-e-cai-em-rodovia\"},\"author\":{\"name\":\"Carina Reifonas\",\"@id\":\"https:\\\/\\\/redenoticiaz.com.br\\\/litoralsp\\\/#\\\/schema\\\/person\\\/1f84d6e94e6a62d2d81199d7503e9e90\"},\"headline\":\"V\u00cdDEO &#8211; Avi\u00e3o de combate a inc\u00eandios pega fogo e cai em rodovia\",\"datePublished\":\"2024-01-16T19:24:18+00:00\",\"dateModified\":\"2024-01-16T19:29:29+00:00\",\"mainEntityOfPage\":{\"@id\":\"https:\\\/\\\/redenoticiaz.com.br\\\/litoralsp\\\/2024\\\/01\\\/16\\\/video-aviao-de-combate-a-incendios-pega-fogo-e-cai-em-rodovia\"},\"wordCount\":152,\"commentCount\":0,\"publisher\":{\"@id\":\"https:\\\/\\\/redenoticiaz.com.br\\\/litoralsp\\\/#organization\"},\"image\":{\"@id\":\"https:\\\/\\\/redenoticiaz.com.br\\\/litoralsp\\\/2024\\\/01\\\/16\\\/video-aviao-de-combate-a-incendios-pega-fogo-e-cai-em-rodovia#primaryimage\"},\"thumbnailUrl\":\"https:\\\/\\\/redenoticiaz.com.br\\\/litoralsp\\\/wp-content\\\/uploads\\\/sites\\\/3\\\/2024\\\/01\\\/Captura-de-tela-2024-01-16-160344.jpg?v=1705432165\",\"keywords\":[\"AVI\u00c3O\",\"CHILE\",\"QUEDA\",\"RODOVIA\"],\"articleSection\":[\"Mundo\"],\"inLanguage\":\"pt-BR\",\"potentialAction\":[{\"@type\":\"CommentAction\",\"name\":\"Comment\",\"target\":[\"https:\\\/\\\/redenoticiaz.com.br\\\/litoralsp\\\/2024\\\/01\\\/16\\\/video-aviao-de-combate-a-incendios-pega-fogo-e-cai-em-rodovia#respond\"]}]},{\"@type\":\"WebPage\",\"@id\":\"https:\\\/\\\/redenoticiaz.com.br\\\/litoralsp\\\/2024\\\/01\\\/16\\\/video-aviao-de-combate-a-incendios-pega-fogo-e-cai-em-rodovia\",\"url\":\"https:\\\/\\\/redenoticiaz.com.br\\\/litoralsp\\\/2024\\\/01\\\/16\\\/video-aviao-de-combate-a-incendios-pega-fogo-e-cai-em-rodovia\",\"name\":\"V\u00cdDEO &#8211; Avi\u00e3o de combate a inc\u00eandios pega fogo e cai em rodovia - Litoral SP\",\"isPartOf\":{\"@id\":\"https:\\\/\\\/redenoticiaz.com.br\\\/litoralsp\\\/#website\"},\"primaryImageOfPage\":{\"@id\":\"https:\\\/\\\/redenoticiaz.com.br\\\/litoralsp\\\/2024\\\/01\\\/16\\\/video-aviao-de-combate-a-incendios-pega-fogo-e-cai-em-rodovia#primaryimage\"},\"image\":{\"@id\":\"https:\\\/\\\/redenoticiaz.com.br\\\/litoralsp\\\/2024\\\/01\\\/16\\\/video-aviao-de-combate-a-incendios-pega-fogo-e-cai-em-rodovia#primaryimage\"},\"thumbnailUrl\":\"https:\\\/\\\/redenoticiaz.com.br\\\/litoralsp\\\/wp-content\\\/uploads\\\/sites\\\/3\\\/2024\\\/01\\\/Captura-de-tela-2024-01-16-160344.jpg?v=1705432165\",\"datePublished\":\"2024-01-16T19:24:18+00:00\",\"dateModified\":\"2024-01-16T19:29:29+00:00\",\"description\":\"Um avi\u00e3o de pequeno porte, utilizado no combate a inc\u00eandios florestais em Talca, regi\u00e3o de Maule, no Chile, pegou fogo e caiu em uma rodovia.\",\"inLanguage\":\"pt-BR\",\"potentialAction\":[{\"@type\":\"ReadAction\",\"target\":[\"https:\\\/\\\/redenoticiaz.com.br\\\/litoralsp\\\/2024\\\/01\\\/16\\\/video-aviao-de-combate-a-incendios-pega-fogo-e-cai-em-rodovia\"]}]},{\"@type\":\"ImageObject\",\"inLanguage\":\"pt-BR\",\"@id\":\"https:\\\/\\\/redenoticiaz.com.br\\\/litoralsp\\\/2024\\\/01\\\/16\\\/video-aviao-de-combate-a-incendios-pega-fogo-e-cai-em-rodovia#primaryimage\",\"url\":\"https:\\\/\\\/redenoticiaz.com.br\\\/litoralsp\\\/wp-content\\\/uploads\\\/sites\\\/3\\\/2024\\\/01\\\/Captura-de-tela-2024-01-16-160344.jpg?v=1705432165\",\"contentUrl\":\"https:\\\/\\\/redenoticiaz.com.br\\\/litoralsp\\\/wp-content\\\/uploads\\\/sites\\\/3\\\/2024\\\/01\\\/Captura-de-tela-2024-01-16-160344.jpg?v=1705432165\",\"width\":410,\"height\":336,\"caption\":\"V\u00cdDEO - Avi\u00e3o de combate a inc\u00eandios pega fogo e cai em rodovia. Foto - Reprodu\u00e7\u00e3o\"},{\"@type\":\"WebSite\",\"@id\":\"https:\\\/\\\/redenoticiaz.com.br\\\/litoralsp\\\/#website\",\"url\":\"https:\\\/\\\/redenoticiaz.com.br\\\/litoralsp\\\/\",\"name\":\"Litoral SP\",\"description\":\"Rede NoticiaZ\",\"publisher\":{\"@id\":\"https:\\\/\\\/redenoticiaz.com.br\\\/litoralsp\\\/#organization\"},\"potentialAction\":[{\"@type\":\"SearchAction\",\"target\":{\"@type\":\"EntryPoint\",\"urlTemplate\":\"https:\\\/\\\/redenoticiaz.com.br\\\/litoralsp\\\/?s={search_term_string}\"},\"query-input\":{\"@type\":\"PropertyValueSpecification\",\"valueRequired\":true,\"valueName\":\"search_term_string\"}}],\"inLanguage\":\"pt-BR\"},{\"@type\":\"Organization\",\"@id\":\"https:\\\/\\\/redenoticiaz.com.br\\\/litoralsp\\\/#organization\",\"name\":\"Litoral SP\",\"url\":\"https:\\\/\\\/redenoticiaz.com.br\\\/litoralsp\\\/\",\"logo\":{\"@type\":\"ImageObject\",\"inLanguage\":\"pt-BR\",\"@id\":\"https:\\\/\\\/redenoticiaz.com.br\\\/litoralsp\\\/#\\\/schema\\\/logo\\\/image\\\/\",\"url\":\"https:\\\/\\\/redenoticiaz.com.br\\\/litoralsp\\\/wp-content\\\/uploads\\\/sites\\\/3\\\/2020\\\/11\\\/logo.jpg\",\"contentUrl\":\"https:\\\/\\\/redenoticiaz.com.br\\\/litoralsp\\\/wp-content\\\/uploads\\\/sites\\\/3\\\/2020\\\/11\\\/logo.jpg\",\"width\":400,\"height\":250,\"caption\":\"Litoral SP\"},\"image\":{\"@id\":\"https:\\\/\\\/redenoticiaz.com.br\\\/litoralsp\\\/#\\\/schema\\\/logo\\\/image\\\/\"}},{\"@type\":\"Person\",\"@id\":\"https:\\\/\\\/redenoticiaz.com.br\\\/litoralsp\\\/#\\\/schema\\\/person\\\/1f84d6e94e6a62d2d81199d7503e9e90\",\"name\":\"Carina Reifonas\",\"image\":{\"@type\":\"ImageObject\",\"inLanguage\":\"pt-BR\",\"@id\":\"https:\\\/\\\/secure.gravatar.com\\\/avatar\\\/04c59859b23696cf867715880f81d5c037e60109730bdb4e6670ec2a2245bc97?s=96&d=mm&r=g\",\"url\":\"https:\\\/\\\/secure.gravatar.com\\\/avatar\\\/04c59859b23696cf867715880f81d5c037e60109730bdb4e6670ec2a2245bc97?s=96&d=mm&r=g\",\"contentUrl\":\"https:\\\/\\\/secure.gravatar.com\\\/avatar\\\/04c59859b23696cf867715880f81d5c037e60109730bdb4e6670ec2a2245bc97?s=96&d=mm&r=g\",\"caption\":\"Carina Reifonas\"},\"url\":\"https:\\\/\\\/redenoticiaz.com.br\\\/litoralsp\\\/author\\\/carinareifonas\"}]}<\/script>\n<!-- \/ Yoast SEO plugin. -->","yoast_head_json":{"title":"V\u00cdDEO &#8211; Avi\u00e3o de combate a inc\u00eandios pega fogo e cai em rodovia - Litoral SP","description":"Um avi\u00e3o de pequeno porte, utilizado no combate a inc\u00eandios florestais em Talca, regi\u00e3o de Maule, no Chile, pegou fogo e caiu em uma rodovia.","robots":{"index":"index","follow":"follow","max-snippet":"max-snippet:-1","max-image-preview":"max-image-preview:large","max-video-preview":"max-video-preview:-1"},"canonical":"https:\/\/redenoticiaz.com.br\/litoralsp\/2024\/01\/16\/video-aviao-de-combate-a-incendios-pega-fogo-e-cai-em-rodovia","og_locale":"pt_BR","og_type":"article","og_title":"V\u00cdDEO &#8211; Avi\u00e3o de combate a inc\u00eandios pega fogo e cai em rodovia - Litoral SP","og_description":"Um avi\u00e3o de pequeno porte, utilizado no combate a inc\u00eandios florestais em Talca, regi\u00e3o de Maule, no Chile, pegou fogo e caiu em uma rodovia.","og_url":"https:\/\/redenoticiaz.com.br\/litoralsp\/2024\/01\/16\/video-aviao-de-combate-a-incendios-pega-fogo-e-cai-em-rodovia","og_site_name":"Litoral SP","article_published_time":"2024-01-16T19:24:18+00:00","article_modified_time":"2024-01-16T19:29:29+00:00","og_image":[{"width":410,"height":336,"url":"https:\/\/redenoticiaz.com.br\/litoralsp\/wp-content\/uploads\/sites\/3\/2024\/01\/Captura-de-tela-2024-01-16-160344.jpg?v=1705432165","type":"image\/jpeg"}],"author":"Carina Reifonas","twitter_card":"summary_large_image","twitter_misc":{"Escrito por":"Carina Reifonas","Est. tempo de leitura":"1 minuto"},"schema":{"@context":"https:\/\/schema.org","@graph":[{"@type":"Article","@id":"https:\/\/redenoticiaz.com.br\/litoralsp\/2024\/01\/16\/video-aviao-de-combate-a-incendios-pega-fogo-e-cai-em-rodovia#article","isPartOf":{"@id":"https:\/\/redenoticiaz.com.br\/litoralsp\/2024\/01\/16\/video-aviao-de-combate-a-incendios-pega-fogo-e-cai-em-rodovia"},"author":{"name":"Carina Reifonas","@id":"https:\/\/redenoticiaz.com.br\/litoralsp\/#\/schema\/person\/1f84d6e94e6a62d2d81199d7503e9e90"},"headline":"V\u00cdDEO &#8211; Avi\u00e3o de combate a inc\u00eandios pega fogo e cai em rodovia","datePublished":"2024-01-16T19:24:18+00:00","dateModified":"2024-01-16T19:29:29+00:00","mainEntityOfPage":{"@id":"https:\/\/redenoticiaz.com.br\/litoralsp\/2024\/01\/16\/video-aviao-de-combate-a-incendios-pega-fogo-e-cai-em-rodovia"},"wordCount":152,"commentCount":0,"publisher":{"@id":"https:\/\/redenoticiaz.com.br\/litoralsp\/#organization"},"image":{"@id":"https:\/\/redenoticiaz.com.br\/litoralsp\/2024\/01\/16\/video-aviao-de-combate-a-incendios-pega-fogo-e-cai-em-rodovia#primaryimage"},"thumbnailUrl":"https:\/\/redenoticiaz.com.br\/litoralsp\/wp-content\/uploads\/sites\/3\/2024\/01\/Captura-de-tela-2024-01-16-160344.jpg?v=1705432165","keywords":["AVI\u00c3O","CHILE","QUEDA","RODOVIA"],"articleSection":["Mundo"],"inLanguage":"pt-BR","potentialAction":[{"@type":"CommentAction","name":"Comment","target":["https:\/\/redenoticiaz.com.br\/litoralsp\/2024\/01\/16\/video-aviao-de-combate-a-incendios-pega-fogo-e-cai-em-rodovia#respond"]}]},{"@type":"WebPage","@id":"https:\/\/redenoticiaz.com.br\/litoralsp\/2024\/01\/16\/video-aviao-de-combate-a-incendios-pega-fogo-e-cai-em-rodovia","url":"https:\/\/redenoticiaz.com.br\/litoralsp\/2024\/01\/16\/video-aviao-de-combate-a-incendios-pega-fogo-e-cai-em-rodovia","name":"V\u00cdDEO &#8211; Avi\u00e3o de combate a inc\u00eandios pega fogo e cai em rodovia - Litoral SP","isPartOf":{"@id":"https:\/\/redenoticiaz.com.br\/litoralsp\/#website"},"primaryImageOfPage":{"@id":"https:\/\/redenoticiaz.com.br\/litoralsp\/2024\/01\/16\/video-aviao-de-combate-a-incendios-pega-fogo-e-cai-em-rodovia#primaryimage"},"image":{"@id":"https:\/\/redenoticiaz.com.br\/litoralsp\/2024\/01\/16\/video-aviao-de-combate-a-incendios-pega-fogo-e-cai-em-rodovia#primaryimage"},"thumbnailUrl":"https:\/\/redenoticiaz.com.br\/litoralsp\/wp-content\/uploads\/sites\/3\/2024\/01\/Captura-de-tela-2024-01-16-160344.jpg?v=1705432165","datePublished":"2024-01-16T19:24:18+00:00","dateModified":"2024-01-16T19:29:29+00:00","description":"Um avi\u00e3o de pequeno porte, utilizado no combate a inc\u00eandios florestais em Talca, regi\u00e3o de Maule, no Chile, pegou fogo e caiu em uma rodovia.","inLanguage":"pt-BR","potentialAction":[{"@type":"ReadAction","target":["https:\/\/redenoticiaz.com.br\/litoralsp\/2024\/01\/16\/video-aviao-de-combate-a-incendios-pega-fogo-e-cai-em-rodovia"]}]},{"@type":"ImageObject","inLanguage":"pt-BR","@id":"https:\/\/redenoticiaz.com.br\/litoralsp\/2024\/01\/16\/video-aviao-de-combate-a-incendios-pega-fogo-e-cai-em-rodovia#primaryimage","url":"https:\/\/redenoticiaz.com.br\/litoralsp\/wp-content\/uploads\/sites\/3\/2024\/01\/Captura-de-tela-2024-01-16-160344.jpg?v=1705432165","contentUrl":"https:\/\/redenoticiaz.com.br\/litoralsp\/wp-content\/uploads\/sites\/3\/2024\/01\/Captura-de-tela-2024-01-16-160344.jpg?v=1705432165","width":410,"height":336,"caption":"V\u00cdDEO - Avi\u00e3o de combate a inc\u00eandios pega fogo e cai em rodovia. Foto - Reprodu\u00e7\u00e3o"},{"@type":"WebSite","@id":"https:\/\/redenoticiaz.com.br\/litoralsp\/#website","url":"https:\/\/redenoticiaz.com.br\/litoralsp\/","name":"Litoral SP","description":"Rede NoticiaZ","publisher":{"@id":"https:\/\/redenoticiaz.com.br\/litoralsp\/#organization"},"potentialAction":[{"@type":"SearchAction","target":{"@type":"EntryPoint","urlTemplate":"https:\/\/redenoticiaz.com.br\/litoralsp\/?s={search_term_string}"},"query-input":{"@type":"PropertyValueSpecification","valueRequired":true,"valueName":"search_term_string"}}],"inLanguage":"pt-BR"},{"@type":"Organization","@id":"https:\/\/redenoticiaz.com.br\/litoralsp\/#organization","name":"Litoral SP","url":"https:\/\/redenoticiaz.com.br\/litoralsp\/","logo":{"@type":"ImageObject","inLanguage":"pt-BR","@id":"https:\/\/redenoticiaz.com.br\/litoralsp\/#\/schema\/logo\/image\/","url":"https:\/\/redenoticiaz.com.br\/litoralsp\/wp-content\/uploads\/sites\/3\/2020\/11\/logo.jpg","contentUrl":"https:\/\/redenoticiaz.com.br\/litoralsp\/wp-content\/uploads\/sites\/3\/2020\/11\/logo.jpg","width":400,"height":250,"caption":"Litoral SP"},"image":{"@id":"https:\/\/redenoticiaz.com.br\/litoralsp\/#\/schema\/logo\/image\/"}},{"@type":"Person","@id":"https:\/\/redenoticiaz.com.br\/litoralsp\/#\/schema\/person\/1f84d6e94e6a62d2d81199d7503e9e90","name":"Carina Reifonas","image":{"@type":"ImageObject","inLanguage":"pt-BR","@id":"https:\/\/secure.gravatar.com\/avatar\/04c59859b23696cf867715880f81d5c037e60109730bdb4e6670ec2a2245bc97?s=96&d=mm&r=g","url":"https:\/\/secure.gravatar.com\/avatar\/04c59859b23696cf867715880f81d5c037e60109730bdb4e6670ec2a2245bc97?s=96&d=mm&r=g","contentUrl":"https:\/\/secure.gravatar.com\/avatar\/04c59859b23696cf867715880f81d5c037e60109730bdb4e6670ec2a2245bc97?s=96&d=mm&r=g","caption":"Carina Reifonas"},"url":"https:\/\/redenoticiaz.com.br\/litoralsp\/author\/carinareifonas"}]}},"_links":{"self":[{"href":"https:\/\/redenoticiaz.com.br\/litoralsp\/wp-json\/wp\/v2\/posts\/113715","targetHints":{"allow":["GET"]}}],"collection":[{"href":"https:\/\/redenoticiaz.com.br\/litoralsp\/wp-json\/wp\/v2\/posts"}],"about":[{"href":"https:\/\/redenoticiaz.com.br\/litoralsp\/wp-json\/wp\/v2\/types\/post"}],"author":[{"embeddable":true,"href":"https:\/\/redenoticiaz.com.br\/litoralsp\/wp-json\/wp\/v2\/users\/30"}],"replies":[{"embeddable":true,"href":"https:\/\/redenoticiaz.com.br\/litoralsp\/wp-json\/wp\/v2\/comments?post=113715"}],"version-history":[{"count":1,"href":"https:\/\/redenoticiaz.com.br\/litoralsp\/wp-json\/wp\/v2\/posts\/113715\/revisions"}],"predecessor-version":[{"id":113719,"href":"https:\/\/redenoticiaz.com.br\/litoralsp\/wp-json\/wp\/v2\/posts\/113715\/revisions\/113719"}],"wp:featuredmedia":[{"embeddable":true,"href":"https:\/\/redenoticiaz.com.br\/litoralsp\/wp-json\/wp\/v2\/media\/113717"}],"wp:attachment":[{"href":"https:\/\/redenoticiaz.com.br\/litoralsp\/wp-json\/wp\/v2\/media?parent=113715"}],"wp:term":[{"taxonomy":"category","embeddable":true,"href":"https:\/\/redenoticiaz.com.br\/litoralsp\/wp-json\/wp\/v2\/categories?post=113715"},{"taxonomy":"post_tag","embeddable":true,"href":"https:\/\/redenoticiaz.com.br\/litoralsp\/wp-json\/wp\/v2\/tags?post=113715"}],"curies":[{"name":"wp","href":"https:\/\/api.w.org\/{rel}","templated":true}]}}