{"id":113781,"date":"2024-01-18T18:00:14","date_gmt":"2024-01-18T21:00:14","guid":{"rendered":"https:\/\/redenoticiaz.com.br\/litoralsp\/?p=113781"},"modified":"2024-01-18T16:36:20","modified_gmt":"2024-01-18T19:36:20","slug":"policia-federal-realiza-operacao-tk-em-sao-paulo","status":"publish","type":"post","link":"https:\/\/redenoticiaz.com.br\/litoralsp\/2024\/01\/18\/policia-federal-realiza-operacao-tk-em-sao-paulo","title":{"rendered":"Pol\u00edcia Federal realiza &#8220;Opera\u00e7\u00e3o TK&#8221; em S\u00e3o Paulo"},"content":{"rendered":"<p>A Pol\u00edcia Federal realizou nesta quinta-feira (18) a &#8220;Opera\u00e7\u00e3o TK&#8221; em S\u00e3o Paulo e foram cumpridos quatro mandados de busca e apreens\u00e3o.<\/p>\n<p>De acordo com as informa\u00e7\u00f5es, a\u00a0investiga\u00e7\u00e3o, iniciada em junho de 2023, revelou um esquema de tr\u00e1fico operado por um grupo de cidad\u00e3os turcos para a exporta\u00e7\u00e3o de coca\u00edna para Europa.<\/p>\n<p>Ainda de acordo com as informa\u00e7\u00f5es, 561kg de coca\u00edna escondidos em bobinas de papel tinham como destino a B\u00e9lgica e partiriam do Porto de Santos.<\/p>\n<p>Estas bobinas eram preparadas em um galp\u00e3o na Grande S\u00e3o Paulo, onde funcionava a empresa de fachada criada pelos criminosos.<\/p>\n<div id='gallery-1' class='gallery galleryid-113781 gallery-columns-3 gallery-size-medium'><figure class='gallery-item'>\n\t\t\t<div class='gallery-icon landscape'>\n\t\t\t\t<a href='https:\/\/redenoticiaz.com.br\/litoralsp\/2024\/01\/18\/policia-federal-realiza-operacao-tk-em-sao-paulo\/whatsapp-image-2024-01-18-at-07-53-59'><img loading=\"lazy\" decoding=\"async\" width=\"300\" height=\"234\" src=\"https:\/\/redenoticiaz.com.br\/litoralsp\/wp-content\/uploads\/sites\/3\/2024\/01\/WhatsApp-Image-2024-01-18-at-07.53.59-300x234.jpeg\" class=\"attachment-medium size-medium\" alt=\"\" srcset=\"https:\/\/redenoticiaz.com.br\/litoralsp\/wp-content\/uploads\/sites\/3\/2024\/01\/WhatsApp-Image-2024-01-18-at-07.53.59-300x234.jpeg 300w, https:\/\/redenoticiaz.com.br\/litoralsp\/wp-content\/uploads\/sites\/3\/2024\/01\/WhatsApp-Image-2024-01-18-at-07.53.59-1024x798.jpeg 1024w, https:\/\/redenoticiaz.com.br\/litoralsp\/wp-content\/uploads\/sites\/3\/2024\/01\/WhatsApp-Image-2024-01-18-at-07.53.59-768x599.jpeg 768w, https:\/\/redenoticiaz.com.br\/litoralsp\/wp-content\/uploads\/sites\/3\/2024\/01\/WhatsApp-Image-2024-01-18-at-07.53.59.jpeg 1083w\" sizes=\"auto, (max-width: 300px) 100vw, 300px\" \/><\/a>\n\t\t\t<\/div><\/figure><figure class='gallery-item'>\n\t\t\t<div class='gallery-icon landscape'>\n\t\t\t\t<a href='https:\/\/redenoticiaz.com.br\/litoralsp\/2024\/01\/18\/policia-federal-realiza-operacao-tk-em-sao-paulo\/whatsapp-image-2024-01-18-at-07-54-00'><img loading=\"lazy\" decoding=\"async\" width=\"300\" height=\"273\" src=\"https:\/\/redenoticiaz.com.br\/litoralsp\/wp-content\/uploads\/sites\/3\/2024\/01\/WhatsApp-Image-2024-01-18-at-07.54.00-300x273.jpeg\" class=\"attachment-medium size-medium\" alt=\"\" srcset=\"https:\/\/redenoticiaz.com.br\/litoralsp\/wp-content\/uploads\/sites\/3\/2024\/01\/WhatsApp-Image-2024-01-18-at-07.54.00-300x273.jpeg 300w, https:\/\/redenoticiaz.com.br\/litoralsp\/wp-content\/uploads\/sites\/3\/2024\/01\/WhatsApp-Image-2024-01-18-at-07.54.00-1024x930.jpeg 1024w, https:\/\/redenoticiaz.com.br\/litoralsp\/wp-content\/uploads\/sites\/3\/2024\/01\/WhatsApp-Image-2024-01-18-at-07.54.00-768x698.jpeg 768w, https:\/\/redenoticiaz.com.br\/litoralsp\/wp-content\/uploads\/sites\/3\/2024\/01\/WhatsApp-Image-2024-01-18-at-07.54.00.jpeg 1170w\" sizes=\"auto, (max-width: 300px) 100vw, 300px\" \/><\/a>\n\t\t\t<\/div><\/figure><figure class='gallery-item'>\n\t\t\t<div class='gallery-icon landscape'>\n\t\t\t\t<a href='https:\/\/redenoticiaz.com.br\/litoralsp\/2024\/01\/18\/policia-federal-realiza-operacao-tk-em-sao-paulo\/whatsapp-image-2024-01-18-at-08-32-27'><img loading=\"lazy\" decoding=\"async\" width=\"300\" height=\"169\" src=\"https:\/\/redenoticiaz.com.br\/litoralsp\/wp-content\/uploads\/sites\/3\/2024\/01\/WhatsApp-Image-2024-01-18-at-08.32.27-300x169.jpeg\" class=\"attachment-medium size-medium\" alt=\"\" srcset=\"https:\/\/redenoticiaz.com.br\/litoralsp\/wp-content\/uploads\/sites\/3\/2024\/01\/WhatsApp-Image-2024-01-18-at-08.32.27-300x169.jpeg 300w, https:\/\/redenoticiaz.com.br\/litoralsp\/wp-content\/uploads\/sites\/3\/2024\/01\/WhatsApp-Image-2024-01-18-at-08.32.27-1024x576.jpeg 1024w, https:\/\/redenoticiaz.com.br\/litoralsp\/wp-content\/uploads\/sites\/3\/2024\/01\/WhatsApp-Image-2024-01-18-at-08.32.27-768x432.jpeg 768w, https:\/\/redenoticiaz.com.br\/litoralsp\/wp-content\/uploads\/sites\/3\/2024\/01\/WhatsApp-Image-2024-01-18-at-08.32.27-1536x864.jpeg 1536w, https:\/\/redenoticiaz.com.br\/litoralsp\/wp-content\/uploads\/sites\/3\/2024\/01\/WhatsApp-Image-2024-01-18-at-08.32.27-390x220.jpeg 390w, https:\/\/redenoticiaz.com.br\/litoralsp\/wp-content\/uploads\/sites\/3\/2024\/01\/WhatsApp-Image-2024-01-18-at-08.32.27.jpeg 1599w\" sizes=\"auto, (max-width: 300px) 100vw, 300px\" \/><\/a>\n\t\t\t<\/div><\/figure>\n\t\t<\/div>\n\n<p>Sendo assim, dois suspeitos principais evadiram-se do pa\u00eds dias antes da apreens\u00e3o da droga, e agora s\u00e3o considerados fugitivos pela Interpol, com mandados de pris\u00e3o preventiva e ordens de Difus\u00e3o Vermelha emitidas.<\/p>\n<p>Por fim, foram apreendidos R$ 91 mil que a empresa teria pagado \u00e0 fornecedora de papel, como entrada para aquisi\u00e7\u00e3o de um novo lote de bobinas, as quais seriam utilizadas para uma nova remessa de droga.<\/p>\n<p>A Pol\u00edcia Federal em Santos refor\u00e7a seu compromisso com a seguran\u00e7a e a ordem p\u00fablica, e continuar\u00e1 desenvolvendo a\u00e7\u00f5es de intelig\u00eancia policial com o prop\u00f3sito de combater o tr\u00e1fico de drogas e garantir a seguran\u00e7a das opera\u00e7\u00f5es no Porto de Santos.<\/p>\n<p>Leia mais<\/p>\n<p><a href=\"https:\/\/redenoticiaz.com.br\/litoralsp\/2024\/01\/17\/video-cano-atravessa-teto-de-carro-em-santos\">Cruzeiro domina e elimina Santos na Copa S\u00e3o Paulo<\/a><\/p>\n<p><a href=\"https:\/\/redenoticiaz.com.br\/litoralsp\/2024\/01\/17\/cameras-da-prefeitura-flagram-tres-por-furto-de-ar-condicionado-no-centro-de-santos\">C\u00e2meras da Prefeitura flagram tr\u00eas por furto de ar-condicionado no Centro de Santos<\/a><\/p>\n","protected":false},"excerpt":{"rendered":"<p>A Pol\u00edcia Federal realizou nesta quinta-feira (18) a &#8220;Opera\u00e7\u00e3o TK&#8221; em S\u00e3o Paulo e foram cumpridos quatro mandados de busca e apreens\u00e3o. De acordo com as informa\u00e7\u00f5es, a\u00a0investiga\u00e7\u00e3o, iniciada em junho de 2023, revelou um esquema de tr\u00e1fico operado por um grupo de cidad\u00e3os turcos para a exporta\u00e7\u00e3o de coca\u00edna para Europa. Ainda de acordo &hellip;<\/p>\n","protected":false},"author":12,"featured_media":113782,"comment_status":"open","ping_status":"closed","sticky":false,"template":"","format":"standard","meta":{"footnotes":""},"categories":[10,180],"tags":[2185,72,986],"class_list":["post-113781","post","type-post","status-publish","format-standard","has-post-thumbnail","hentry","category-policia","category-santos","tag-cocaina","tag-drogas","tag-santos"],"yoast_head":"<!-- This site is optimized with the Yoast SEO plugin v27.4 - https:\/\/yoast.com\/product\/yoast-seo-wordpress\/ -->\n<title>Pol\u00edcia Federal realiza &#8220;Opera\u00e7\u00e3o TK&#8221; em S\u00e3o Paulo - Litoral SP<\/title>\n<meta name=\"description\" content=\"A Pol\u00edcia Federal realizou nesta quinta-feira (18) a &quot;Opera\u00e7\u00e3o TK&quot; em S\u00e3o Paulo e foram cumpridos quatro mandados de busca e apreens\u00e3o.\" \/>\n<meta name=\"robots\" content=\"index, follow, max-snippet:-1, max-image-preview:large, max-video-preview:-1\" \/>\n<link rel=\"canonical\" href=\"https:\/\/redenoticiaz.com.br\/litoralsp\/2024\/01\/18\/policia-federal-realiza-operacao-tk-em-sao-paulo\" \/>\n<meta property=\"og:locale\" content=\"pt_BR\" \/>\n<meta property=\"og:type\" content=\"article\" \/>\n<meta property=\"og:title\" content=\"Pol\u00edcia Federal realiza &#8220;Opera\u00e7\u00e3o TK&#8221; em S\u00e3o Paulo - Litoral SP\" \/>\n<meta property=\"og:description\" content=\"A Pol\u00edcia Federal realizou nesta quinta-feira (18) a &quot;Opera\u00e7\u00e3o TK&quot; em S\u00e3o Paulo e foram cumpridos quatro mandados de busca e apreens\u00e3o.\" \/>\n<meta property=\"og:url\" content=\"https:\/\/redenoticiaz.com.br\/litoralsp\/2024\/01\/18\/policia-federal-realiza-operacao-tk-em-sao-paulo\" \/>\n<meta property=\"og:site_name\" content=\"Litoral SP\" \/>\n<meta property=\"article:published_time\" content=\"2024-01-18T21:00:14+00:00\" \/>\n<meta property=\"og:image\" content=\"https:\/\/redenoticiaz.com.br\/litoralsp\/wp-content\/uploads\/sites\/3\/2024\/01\/WhatsApp-Image-2024-01-18-at-07.54.01.jpeg\" \/>\n\t<meta property=\"og:image:width\" content=\"1440\" \/>\n\t<meta property=\"og:image:height\" content=\"1080\" \/>\n\t<meta property=\"og:image:type\" content=\"image\/jpeg\" \/>\n<meta name=\"author\" content=\"Gustavo Silva\" \/>\n<meta name=\"twitter:card\" content=\"summary_large_image\" \/>\n<meta name=\"twitter:label1\" content=\"Escrito por\" \/>\n\t<meta name=\"twitter:data1\" content=\"Gustavo Silva\" \/>\n\t<meta name=\"twitter:label2\" content=\"Est. tempo de leitura\" \/>\n\t<meta name=\"twitter:data2\" content=\"2 minutos\" \/>\n<script type=\"application\/ld+json\" class=\"yoast-schema-graph\">{\"@context\":\"https:\\\/\\\/schema.org\",\"@graph\":[{\"@type\":\"Article\",\"@id\":\"https:\\\/\\\/redenoticiaz.com.br\\\/litoralsp\\\/2024\\\/01\\\/18\\\/policia-federal-realiza-operacao-tk-em-sao-paulo#article\",\"isPartOf\":{\"@id\":\"https:\\\/\\\/redenoticiaz.com.br\\\/litoralsp\\\/2024\\\/01\\\/18\\\/policia-federal-realiza-operacao-tk-em-sao-paulo\"},\"author\":{\"name\":\"Gustavo Silva\",\"@id\":\"https:\\\/\\\/redenoticiaz.com.br\\\/litoralsp\\\/#\\\/schema\\\/person\\\/16057b37a3c0ee6b096d7f887c566e2e\"},\"headline\":\"Pol\u00edcia Federal realiza &#8220;Opera\u00e7\u00e3o TK&#8221; em S\u00e3o Paulo\",\"datePublished\":\"2024-01-18T21:00:14+00:00\",\"mainEntityOfPage\":{\"@id\":\"https:\\\/\\\/redenoticiaz.com.br\\\/litoralsp\\\/2024\\\/01\\\/18\\\/policia-federal-realiza-operacao-tk-em-sao-paulo\"},\"wordCount\":276,\"commentCount\":0,\"publisher\":{\"@id\":\"https:\\\/\\\/redenoticiaz.com.br\\\/litoralsp\\\/#organization\"},\"image\":{\"@id\":\"https:\\\/\\\/redenoticiaz.com.br\\\/litoralsp\\\/2024\\\/01\\\/18\\\/policia-federal-realiza-operacao-tk-em-sao-paulo#primaryimage\"},\"thumbnailUrl\":\"https:\\\/\\\/redenoticiaz.com.br\\\/litoralsp\\\/wp-content\\\/uploads\\\/sites\\\/3\\\/2024\\\/01\\\/WhatsApp-Image-2024-01-18-at-07.54.01.jpeg\",\"keywords\":[\"COCA\u00cdNA\",\"drogas\",\"Santos\"],\"articleSection\":[\"Pol\u00edcia\",\"Santos\"],\"inLanguage\":\"pt-BR\",\"potentialAction\":[{\"@type\":\"CommentAction\",\"name\":\"Comment\",\"target\":[\"https:\\\/\\\/redenoticiaz.com.br\\\/litoralsp\\\/2024\\\/01\\\/18\\\/policia-federal-realiza-operacao-tk-em-sao-paulo#respond\"]}]},{\"@type\":\"WebPage\",\"@id\":\"https:\\\/\\\/redenoticiaz.com.br\\\/litoralsp\\\/2024\\\/01\\\/18\\\/policia-federal-realiza-operacao-tk-em-sao-paulo\",\"url\":\"https:\\\/\\\/redenoticiaz.com.br\\\/litoralsp\\\/2024\\\/01\\\/18\\\/policia-federal-realiza-operacao-tk-em-sao-paulo\",\"name\":\"Pol\u00edcia Federal realiza &#8220;Opera\u00e7\u00e3o TK&#8221; em S\u00e3o Paulo - Litoral SP\",\"isPartOf\":{\"@id\":\"https:\\\/\\\/redenoticiaz.com.br\\\/litoralsp\\\/#website\"},\"primaryImageOfPage\":{\"@id\":\"https:\\\/\\\/redenoticiaz.com.br\\\/litoralsp\\\/2024\\\/01\\\/18\\\/policia-federal-realiza-operacao-tk-em-sao-paulo#primaryimage\"},\"image\":{\"@id\":\"https:\\\/\\\/redenoticiaz.com.br\\\/litoralsp\\\/2024\\\/01\\\/18\\\/policia-federal-realiza-operacao-tk-em-sao-paulo#primaryimage\"},\"thumbnailUrl\":\"https:\\\/\\\/redenoticiaz.com.br\\\/litoralsp\\\/wp-content\\\/uploads\\\/sites\\\/3\\\/2024\\\/01\\\/WhatsApp-Image-2024-01-18-at-07.54.01.jpeg\",\"datePublished\":\"2024-01-18T21:00:14+00:00\",\"description\":\"A Pol\u00edcia Federal realizou nesta quinta-feira (18) a \\\"Opera\u00e7\u00e3o TK\\\" em S\u00e3o Paulo e foram cumpridos quatro mandados de busca e apreens\u00e3o.\",\"inLanguage\":\"pt-BR\",\"potentialAction\":[{\"@type\":\"ReadAction\",\"target\":[\"https:\\\/\\\/redenoticiaz.com.br\\\/litoralsp\\\/2024\\\/01\\\/18\\\/policia-federal-realiza-operacao-tk-em-sao-paulo\"]}]},{\"@type\":\"ImageObject\",\"inLanguage\":\"pt-BR\",\"@id\":\"https:\\\/\\\/redenoticiaz.com.br\\\/litoralsp\\\/2024\\\/01\\\/18\\\/policia-federal-realiza-operacao-tk-em-sao-paulo#primaryimage\",\"url\":\"https:\\\/\\\/redenoticiaz.com.br\\\/litoralsp\\\/wp-content\\\/uploads\\\/sites\\\/3\\\/2024\\\/01\\\/WhatsApp-Image-2024-01-18-at-07.54.01.jpeg\",\"contentUrl\":\"https:\\\/\\\/redenoticiaz.com.br\\\/litoralsp\\\/wp-content\\\/uploads\\\/sites\\\/3\\\/2024\\\/01\\\/WhatsApp-Image-2024-01-18-at-07.54.01.jpeg\",\"width\":1440,\"height\":1080},{\"@type\":\"WebSite\",\"@id\":\"https:\\\/\\\/redenoticiaz.com.br\\\/litoralsp\\\/#website\",\"url\":\"https:\\\/\\\/redenoticiaz.com.br\\\/litoralsp\\\/\",\"name\":\"Litoral SP\",\"description\":\"Rede NoticiaZ\",\"publisher\":{\"@id\":\"https:\\\/\\\/redenoticiaz.com.br\\\/litoralsp\\\/#organization\"},\"potentialAction\":[{\"@type\":\"SearchAction\",\"target\":{\"@type\":\"EntryPoint\",\"urlTemplate\":\"https:\\\/\\\/redenoticiaz.com.br\\\/litoralsp\\\/?s={search_term_string}\"},\"query-input\":{\"@type\":\"PropertyValueSpecification\",\"valueRequired\":true,\"valueName\":\"search_term_string\"}}],\"inLanguage\":\"pt-BR\"},{\"@type\":\"Organization\",\"@id\":\"https:\\\/\\\/redenoticiaz.com.br\\\/litoralsp\\\/#organization\",\"name\":\"Litoral SP\",\"url\":\"https:\\\/\\\/redenoticiaz.com.br\\\/litoralsp\\\/\",\"logo\":{\"@type\":\"ImageObject\",\"inLanguage\":\"pt-BR\",\"@id\":\"https:\\\/\\\/redenoticiaz.com.br\\\/litoralsp\\\/#\\\/schema\\\/logo\\\/image\\\/\",\"url\":\"https:\\\/\\\/redenoticiaz.com.br\\\/litoralsp\\\/wp-content\\\/uploads\\\/sites\\\/3\\\/2020\\\/11\\\/logo.jpg\",\"contentUrl\":\"https:\\\/\\\/redenoticiaz.com.br\\\/litoralsp\\\/wp-content\\\/uploads\\\/sites\\\/3\\\/2020\\\/11\\\/logo.jpg\",\"width\":400,\"height\":250,\"caption\":\"Litoral SP\"},\"image\":{\"@id\":\"https:\\\/\\\/redenoticiaz.com.br\\\/litoralsp\\\/#\\\/schema\\\/logo\\\/image\\\/\"}},{\"@type\":\"Person\",\"@id\":\"https:\\\/\\\/redenoticiaz.com.br\\\/litoralsp\\\/#\\\/schema\\\/person\\\/16057b37a3c0ee6b096d7f887c566e2e\",\"name\":\"Gustavo Silva\",\"image\":{\"@type\":\"ImageObject\",\"inLanguage\":\"pt-BR\",\"@id\":\"https:\\\/\\\/secure.gravatar.com\\\/avatar\\\/3ee4e82f93b26de0a7cf4ea5eb7893da637ed6bb0c9170c58065944c56e28a33?s=96&d=mm&r=g\",\"url\":\"https:\\\/\\\/secure.gravatar.com\\\/avatar\\\/3ee4e82f93b26de0a7cf4ea5eb7893da637ed6bb0c9170c58065944c56e28a33?s=96&d=mm&r=g\",\"contentUrl\":\"https:\\\/\\\/secure.gravatar.com\\\/avatar\\\/3ee4e82f93b26de0a7cf4ea5eb7893da637ed6bb0c9170c58065944c56e28a33?s=96&d=mm&r=g\",\"caption\":\"Gustavo Silva\"},\"url\":\"https:\\\/\\\/redenoticiaz.com.br\\\/litoralsp\\\/author\\\/gustavosilva\"}]}<\/script>\n<!-- \/ Yoast SEO plugin. -->","yoast_head_json":{"title":"Pol\u00edcia Federal realiza &#8220;Opera\u00e7\u00e3o TK&#8221; em S\u00e3o Paulo - Litoral SP","description":"A Pol\u00edcia Federal realizou nesta quinta-feira (18) a \"Opera\u00e7\u00e3o TK\" em S\u00e3o Paulo e foram cumpridos quatro mandados de busca e apreens\u00e3o.","robots":{"index":"index","follow":"follow","max-snippet":"max-snippet:-1","max-image-preview":"max-image-preview:large","max-video-preview":"max-video-preview:-1"},"canonical":"https:\/\/redenoticiaz.com.br\/litoralsp\/2024\/01\/18\/policia-federal-realiza-operacao-tk-em-sao-paulo","og_locale":"pt_BR","og_type":"article","og_title":"Pol\u00edcia Federal realiza &#8220;Opera\u00e7\u00e3o TK&#8221; em S\u00e3o Paulo - Litoral SP","og_description":"A Pol\u00edcia Federal realizou nesta quinta-feira (18) a \"Opera\u00e7\u00e3o TK\" em S\u00e3o Paulo e foram cumpridos quatro mandados de busca e apreens\u00e3o.","og_url":"https:\/\/redenoticiaz.com.br\/litoralsp\/2024\/01\/18\/policia-federal-realiza-operacao-tk-em-sao-paulo","og_site_name":"Litoral SP","article_published_time":"2024-01-18T21:00:14+00:00","og_image":[{"width":1440,"height":1080,"url":"https:\/\/redenoticiaz.com.br\/litoralsp\/wp-content\/uploads\/sites\/3\/2024\/01\/WhatsApp-Image-2024-01-18-at-07.54.01.jpeg","type":"image\/jpeg"}],"author":"Gustavo Silva","twitter_card":"summary_large_image","twitter_misc":{"Escrito por":"Gustavo Silva","Est. tempo de leitura":"2 minutos"},"schema":{"@context":"https:\/\/schema.org","@graph":[{"@type":"Article","@id":"https:\/\/redenoticiaz.com.br\/litoralsp\/2024\/01\/18\/policia-federal-realiza-operacao-tk-em-sao-paulo#article","isPartOf":{"@id":"https:\/\/redenoticiaz.com.br\/litoralsp\/2024\/01\/18\/policia-federal-realiza-operacao-tk-em-sao-paulo"},"author":{"name":"Gustavo Silva","@id":"https:\/\/redenoticiaz.com.br\/litoralsp\/#\/schema\/person\/16057b37a3c0ee6b096d7f887c566e2e"},"headline":"Pol\u00edcia Federal realiza &#8220;Opera\u00e7\u00e3o TK&#8221; em S\u00e3o Paulo","datePublished":"2024-01-18T21:00:14+00:00","mainEntityOfPage":{"@id":"https:\/\/redenoticiaz.com.br\/litoralsp\/2024\/01\/18\/policia-federal-realiza-operacao-tk-em-sao-paulo"},"wordCount":276,"commentCount":0,"publisher":{"@id":"https:\/\/redenoticiaz.com.br\/litoralsp\/#organization"},"image":{"@id":"https:\/\/redenoticiaz.com.br\/litoralsp\/2024\/01\/18\/policia-federal-realiza-operacao-tk-em-sao-paulo#primaryimage"},"thumbnailUrl":"https:\/\/redenoticiaz.com.br\/litoralsp\/wp-content\/uploads\/sites\/3\/2024\/01\/WhatsApp-Image-2024-01-18-at-07.54.01.jpeg","keywords":["COCA\u00cdNA","drogas","Santos"],"articleSection":["Pol\u00edcia","Santos"],"inLanguage":"pt-BR","potentialAction":[{"@type":"CommentAction","name":"Comment","target":["https:\/\/redenoticiaz.com.br\/litoralsp\/2024\/01\/18\/policia-federal-realiza-operacao-tk-em-sao-paulo#respond"]}]},{"@type":"WebPage","@id":"https:\/\/redenoticiaz.com.br\/litoralsp\/2024\/01\/18\/policia-federal-realiza-operacao-tk-em-sao-paulo","url":"https:\/\/redenoticiaz.com.br\/litoralsp\/2024\/01\/18\/policia-federal-realiza-operacao-tk-em-sao-paulo","name":"Pol\u00edcia Federal realiza &#8220;Opera\u00e7\u00e3o TK&#8221; em S\u00e3o Paulo - Litoral SP","isPartOf":{"@id":"https:\/\/redenoticiaz.com.br\/litoralsp\/#website"},"primaryImageOfPage":{"@id":"https:\/\/redenoticiaz.com.br\/litoralsp\/2024\/01\/18\/policia-federal-realiza-operacao-tk-em-sao-paulo#primaryimage"},"image":{"@id":"https:\/\/redenoticiaz.com.br\/litoralsp\/2024\/01\/18\/policia-federal-realiza-operacao-tk-em-sao-paulo#primaryimage"},"thumbnailUrl":"https:\/\/redenoticiaz.com.br\/litoralsp\/wp-content\/uploads\/sites\/3\/2024\/01\/WhatsApp-Image-2024-01-18-at-07.54.01.jpeg","datePublished":"2024-01-18T21:00:14+00:00","description":"A Pol\u00edcia Federal realizou nesta quinta-feira (18) a \"Opera\u00e7\u00e3o TK\" em S\u00e3o Paulo e foram cumpridos quatro mandados de busca e apreens\u00e3o.","inLanguage":"pt-BR","potentialAction":[{"@type":"ReadAction","target":["https:\/\/redenoticiaz.com.br\/litoralsp\/2024\/01\/18\/policia-federal-realiza-operacao-tk-em-sao-paulo"]}]},{"@type":"ImageObject","inLanguage":"pt-BR","@id":"https:\/\/redenoticiaz.com.br\/litoralsp\/2024\/01\/18\/policia-federal-realiza-operacao-tk-em-sao-paulo#primaryimage","url":"https:\/\/redenoticiaz.com.br\/litoralsp\/wp-content\/uploads\/sites\/3\/2024\/01\/WhatsApp-Image-2024-01-18-at-07.54.01.jpeg","contentUrl":"https:\/\/redenoticiaz.com.br\/litoralsp\/wp-content\/uploads\/sites\/3\/2024\/01\/WhatsApp-Image-2024-01-18-at-07.54.01.jpeg","width":1440,"height":1080},{"@type":"WebSite","@id":"https:\/\/redenoticiaz.com.br\/litoralsp\/#website","url":"https:\/\/redenoticiaz.com.br\/litoralsp\/","name":"Litoral SP","description":"Rede NoticiaZ","publisher":{"@id":"https:\/\/redenoticiaz.com.br\/litoralsp\/#organization"},"potentialAction":[{"@type":"SearchAction","target":{"@type":"EntryPoint","urlTemplate":"https:\/\/redenoticiaz.com.br\/litoralsp\/?s={search_term_string}"},"query-input":{"@type":"PropertyValueSpecification","valueRequired":true,"valueName":"search_term_string"}}],"inLanguage":"pt-BR"},{"@type":"Organization","@id":"https:\/\/redenoticiaz.com.br\/litoralsp\/#organization","name":"Litoral SP","url":"https:\/\/redenoticiaz.com.br\/litoralsp\/","logo":{"@type":"ImageObject","inLanguage":"pt-BR","@id":"https:\/\/redenoticiaz.com.br\/litoralsp\/#\/schema\/logo\/image\/","url":"https:\/\/redenoticiaz.com.br\/litoralsp\/wp-content\/uploads\/sites\/3\/2020\/11\/logo.jpg","contentUrl":"https:\/\/redenoticiaz.com.br\/litoralsp\/wp-content\/uploads\/sites\/3\/2020\/11\/logo.jpg","width":400,"height":250,"caption":"Litoral SP"},"image":{"@id":"https:\/\/redenoticiaz.com.br\/litoralsp\/#\/schema\/logo\/image\/"}},{"@type":"Person","@id":"https:\/\/redenoticiaz.com.br\/litoralsp\/#\/schema\/person\/16057b37a3c0ee6b096d7f887c566e2e","name":"Gustavo Silva","image":{"@type":"ImageObject","inLanguage":"pt-BR","@id":"https:\/\/secure.gravatar.com\/avatar\/3ee4e82f93b26de0a7cf4ea5eb7893da637ed6bb0c9170c58065944c56e28a33?s=96&d=mm&r=g","url":"https:\/\/secure.gravatar.com\/avatar\/3ee4e82f93b26de0a7cf4ea5eb7893da637ed6bb0c9170c58065944c56e28a33?s=96&d=mm&r=g","contentUrl":"https:\/\/secure.gravatar.com\/avatar\/3ee4e82f93b26de0a7cf4ea5eb7893da637ed6bb0c9170c58065944c56e28a33?s=96&d=mm&r=g","caption":"Gustavo Silva"},"url":"https:\/\/redenoticiaz.com.br\/litoralsp\/author\/gustavosilva"}]}},"_links":{"self":[{"href":"https:\/\/redenoticiaz.com.br\/litoralsp\/wp-json\/wp\/v2\/posts\/113781","targetHints":{"allow":["GET"]}}],"collection":[{"href":"https:\/\/redenoticiaz.com.br\/litoralsp\/wp-json\/wp\/v2\/posts"}],"about":[{"href":"https:\/\/redenoticiaz.com.br\/litoralsp\/wp-json\/wp\/v2\/types\/post"}],"author":[{"embeddable":true,"href":"https:\/\/redenoticiaz.com.br\/litoralsp\/wp-json\/wp\/v2\/users\/12"}],"replies":[{"embeddable":true,"href":"https:\/\/redenoticiaz.com.br\/litoralsp\/wp-json\/wp\/v2\/comments?post=113781"}],"version-history":[{"count":2,"href":"https:\/\/redenoticiaz.com.br\/litoralsp\/wp-json\/wp\/v2\/posts\/113781\/revisions"}],"predecessor-version":[{"id":113787,"href":"https:\/\/redenoticiaz.com.br\/litoralsp\/wp-json\/wp\/v2\/posts\/113781\/revisions\/113787"}],"wp:featuredmedia":[{"embeddable":true,"href":"https:\/\/redenoticiaz.com.br\/litoralsp\/wp-json\/wp\/v2\/media\/113782"}],"wp:attachment":[{"href":"https:\/\/redenoticiaz.com.br\/litoralsp\/wp-json\/wp\/v2\/media?parent=113781"}],"wp:term":[{"taxonomy":"category","embeddable":true,"href":"https:\/\/redenoticiaz.com.br\/litoralsp\/wp-json\/wp\/v2\/categories?post=113781"},{"taxonomy":"post_tag","embeddable":true,"href":"https:\/\/redenoticiaz.com.br\/litoralsp\/wp-json\/wp\/v2\/tags?post=113781"}],"curies":[{"name":"wp","href":"https:\/\/api.w.org\/{rel}","templated":true}]}}