{"id":113854,"date":"2024-01-21T19:48:04","date_gmt":"2024-01-21T22:48:04","guid":{"rendered":"https:\/\/redenoticiaz.com.br\/litoralsp\/?p=113854"},"modified":"2024-01-21T19:48:04","modified_gmt":"2024-01-21T22:48:04","slug":"irma-de-cristiano-ronaldo-curte-ferias-em-praia-de-guaruja","status":"publish","type":"post","link":"https:\/\/redenoticiaz.com.br\/litoralsp\/2024\/01\/21\/irma-de-cristiano-ronaldo-curte-ferias-em-praia-de-guaruja","title":{"rendered":"Irm\u00e3 de Cristiano Ronaldo curte f\u00e9rias em praia de Guaruj\u00e1"},"content":{"rendered":"<p>Katia Aveiro, irm\u00e3 de Cristiano Ronaldo est\u00e1 curtindo f\u00e9rias na cidade de Guaruj\u00e1 e postou diversas fotos em uma das praias da cidade.<\/p>\n<p>De acordo com as informa\u00e7\u00f5es, Aveiro mostrou as pessoas que estavam no local e ainda brincou com um vendedor de algod\u00e3o que estava vestido de Homem-Aranha.<\/p>\n<p>Ainda de acordo com as informa\u00e7\u00f5es, ela que j\u00e1 teceu elogios ao Brasil em diversas ocasi\u00f5es curtiu a praia com direito a \u00e1gua de coco, milho e caipirinha.<\/p>\n<p>Sendo assim, ela afirmou que o povo do Brasil \u00e9 muito batalhador, principalmente aqueles que trabalham na praia sob condi\u00e7\u00f5es de calor.<\/p>\n<p>&#8220;Por iso que amo isto me Brasil (lutador). Este povo do Brasil \u00e9 muito batalhador (alguns) surreal a luta e a diversidade&#8230; meu respeito pelo empreendedor da praia que debaixo de um sol quente corre de um lado para o outro em busca do dinheiro honesto. Incr\u00edvel&#8221;<\/p>\n<p>Leia mais<\/p>\n<p><a href=\"https:\/\/redenoticiaz.com.br\/litoralsp\/2024\/01\/08\/turista-de-26-anos-desaparece-no-mar-de-guaruja\">Turista de 26 anos desaparece no mar de Guaruj\u00e1<\/a><\/p>\n<p><a href=\"https:\/\/redenoticiaz.com.br\/litoralsp\/2024\/01\/07\/200-policiais-reforcam-seguranca-na-cidade-de-guaruja\">200 policiais refor\u00e7am seguran\u00e7a na cidade de Guaruj\u00e1<\/a><\/p>\n<p>&nbsp;<\/p>\n","protected":false},"excerpt":{"rendered":"<p>Katia Aveiro, irm\u00e3 de Cristiano Ronaldo est\u00e1 curtindo f\u00e9rias na cidade de Guaruj\u00e1 e postou diversas fotos em uma das praias da cidade. De acordo com as informa\u00e7\u00f5es, Aveiro mostrou as pessoas que estavam no local e ainda brincou com um vendedor de algod\u00e3o que estava vestido de Homem-Aranha. Ainda de acordo com as informa\u00e7\u00f5es, &hellip;<\/p>\n","protected":false},"author":12,"featured_media":113855,"comment_status":"open","ping_status":"closed","sticky":false,"template":"","format":"standard","meta":{"footnotes":""},"categories":[60954,187],"tags":[31547,6426,67905],"class_list":["post-113854","post","type-post","status-publish","format-standard","has-post-thumbnail","hentry","category-celebridades","category-guaruja","tag-cristiano-ronaldo","tag-guaruja-2","tag-katia-aveiro"],"yoast_head":"<!-- This site is optimized with the Yoast SEO plugin v27.4 - https:\/\/yoast.com\/product\/yoast-seo-wordpress\/ -->\n<title>Irm\u00e3 de Cristiano Ronaldo curte f\u00e9rias em praia de Guaruj\u00e1 - Litoral SP<\/title>\n<meta name=\"description\" content=\"Katia Aveiro, irm\u00e3 de Cristiano Ronaldo est\u00e1 curtindo f\u00e9rias na cidade de Guaruj\u00e1 e postou diversas fotos em uma das praias da cidade.\" \/>\n<meta name=\"robots\" content=\"index, follow, max-snippet:-1, max-image-preview:large, max-video-preview:-1\" \/>\n<link rel=\"canonical\" href=\"https:\/\/redenoticiaz.com.br\/litoralsp\/2024\/01\/21\/irma-de-cristiano-ronaldo-curte-ferias-em-praia-de-guaruja\" \/>\n<meta property=\"og:locale\" content=\"pt_BR\" \/>\n<meta property=\"og:type\" content=\"article\" \/>\n<meta property=\"og:title\" content=\"Irm\u00e3 de Cristiano Ronaldo curte f\u00e9rias em praia de Guaruj\u00e1 - Litoral SP\" \/>\n<meta property=\"og:description\" content=\"Katia Aveiro, irm\u00e3 de Cristiano Ronaldo est\u00e1 curtindo f\u00e9rias na cidade de Guaruj\u00e1 e postou diversas fotos em uma das praias da cidade.\" \/>\n<meta property=\"og:url\" content=\"https:\/\/redenoticiaz.com.br\/litoralsp\/2024\/01\/21\/irma-de-cristiano-ronaldo-curte-ferias-em-praia-de-guaruja\" \/>\n<meta property=\"og:site_name\" content=\"Litoral SP\" \/>\n<meta property=\"article:published_time\" content=\"2024-01-21T22:48:04+00:00\" \/>\n<meta property=\"og:image\" content=\"https:\/\/redenoticiaz.com.br\/litoralsp\/wp-content\/uploads\/sites\/3\/2024\/01\/katia-homem-aranha-guaruja.jpg\" \/>\n\t<meta property=\"og:image:width\" content=\"677\" \/>\n\t<meta property=\"og:image:height\" content=\"555\" \/>\n\t<meta property=\"og:image:type\" content=\"image\/jpeg\" \/>\n<meta name=\"author\" content=\"Gustavo Silva\" \/>\n<meta name=\"twitter:card\" content=\"summary_large_image\" \/>\n<meta name=\"twitter:label1\" content=\"Escrito por\" \/>\n\t<meta name=\"twitter:data1\" content=\"Gustavo Silva\" \/>\n\t<meta name=\"twitter:label2\" content=\"Est. tempo de leitura\" \/>\n\t<meta name=\"twitter:data2\" content=\"1 minuto\" \/>\n<script type=\"application\/ld+json\" class=\"yoast-schema-graph\">{\"@context\":\"https:\\\/\\\/schema.org\",\"@graph\":[{\"@type\":\"Article\",\"@id\":\"https:\\\/\\\/redenoticiaz.com.br\\\/litoralsp\\\/2024\\\/01\\\/21\\\/irma-de-cristiano-ronaldo-curte-ferias-em-praia-de-guaruja#article\",\"isPartOf\":{\"@id\":\"https:\\\/\\\/redenoticiaz.com.br\\\/litoralsp\\\/2024\\\/01\\\/21\\\/irma-de-cristiano-ronaldo-curte-ferias-em-praia-de-guaruja\"},\"author\":{\"name\":\"Gustavo Silva\",\"@id\":\"https:\\\/\\\/redenoticiaz.com.br\\\/litoralsp\\\/#\\\/schema\\\/person\\\/16057b37a3c0ee6b096d7f887c566e2e\"},\"headline\":\"Irm\u00e3 de Cristiano Ronaldo curte f\u00e9rias em praia de Guaruj\u00e1\",\"datePublished\":\"2024-01-21T22:48:04+00:00\",\"mainEntityOfPage\":{\"@id\":\"https:\\\/\\\/redenoticiaz.com.br\\\/litoralsp\\\/2024\\\/01\\\/21\\\/irma-de-cristiano-ronaldo-curte-ferias-em-praia-de-guaruja\"},\"wordCount\":182,\"commentCount\":0,\"publisher\":{\"@id\":\"https:\\\/\\\/redenoticiaz.com.br\\\/litoralsp\\\/#organization\"},\"image\":{\"@id\":\"https:\\\/\\\/redenoticiaz.com.br\\\/litoralsp\\\/2024\\\/01\\\/21\\\/irma-de-cristiano-ronaldo-curte-ferias-em-praia-de-guaruja#primaryimage\"},\"thumbnailUrl\":\"https:\\\/\\\/redenoticiaz.com.br\\\/litoralsp\\\/wp-content\\\/uploads\\\/sites\\\/3\\\/2024\\\/01\\\/katia-homem-aranha-guaruja.jpg\",\"keywords\":[\"CRISTIANO RONALDO\",\"Guaruj\u00e1\",\"Katia Aveiro\"],\"articleSection\":[\"Celebridades\",\"Guaruj\u00e1\"],\"inLanguage\":\"pt-BR\",\"potentialAction\":[{\"@type\":\"CommentAction\",\"name\":\"Comment\",\"target\":[\"https:\\\/\\\/redenoticiaz.com.br\\\/litoralsp\\\/2024\\\/01\\\/21\\\/irma-de-cristiano-ronaldo-curte-ferias-em-praia-de-guaruja#respond\"]}]},{\"@type\":\"WebPage\",\"@id\":\"https:\\\/\\\/redenoticiaz.com.br\\\/litoralsp\\\/2024\\\/01\\\/21\\\/irma-de-cristiano-ronaldo-curte-ferias-em-praia-de-guaruja\",\"url\":\"https:\\\/\\\/redenoticiaz.com.br\\\/litoralsp\\\/2024\\\/01\\\/21\\\/irma-de-cristiano-ronaldo-curte-ferias-em-praia-de-guaruja\",\"name\":\"Irm\u00e3 de Cristiano Ronaldo curte f\u00e9rias em praia de Guaruj\u00e1 - Litoral SP\",\"isPartOf\":{\"@id\":\"https:\\\/\\\/redenoticiaz.com.br\\\/litoralsp\\\/#website\"},\"primaryImageOfPage\":{\"@id\":\"https:\\\/\\\/redenoticiaz.com.br\\\/litoralsp\\\/2024\\\/01\\\/21\\\/irma-de-cristiano-ronaldo-curte-ferias-em-praia-de-guaruja#primaryimage\"},\"image\":{\"@id\":\"https:\\\/\\\/redenoticiaz.com.br\\\/litoralsp\\\/2024\\\/01\\\/21\\\/irma-de-cristiano-ronaldo-curte-ferias-em-praia-de-guaruja#primaryimage\"},\"thumbnailUrl\":\"https:\\\/\\\/redenoticiaz.com.br\\\/litoralsp\\\/wp-content\\\/uploads\\\/sites\\\/3\\\/2024\\\/01\\\/katia-homem-aranha-guaruja.jpg\",\"datePublished\":\"2024-01-21T22:48:04+00:00\",\"description\":\"Katia Aveiro, irm\u00e3 de Cristiano Ronaldo est\u00e1 curtindo f\u00e9rias na cidade de Guaruj\u00e1 e postou diversas fotos em uma das praias da cidade.\",\"inLanguage\":\"pt-BR\",\"potentialAction\":[{\"@type\":\"ReadAction\",\"target\":[\"https:\\\/\\\/redenoticiaz.com.br\\\/litoralsp\\\/2024\\\/01\\\/21\\\/irma-de-cristiano-ronaldo-curte-ferias-em-praia-de-guaruja\"]}]},{\"@type\":\"ImageObject\",\"inLanguage\":\"pt-BR\",\"@id\":\"https:\\\/\\\/redenoticiaz.com.br\\\/litoralsp\\\/2024\\\/01\\\/21\\\/irma-de-cristiano-ronaldo-curte-ferias-em-praia-de-guaruja#primaryimage\",\"url\":\"https:\\\/\\\/redenoticiaz.com.br\\\/litoralsp\\\/wp-content\\\/uploads\\\/sites\\\/3\\\/2024\\\/01\\\/katia-homem-aranha-guaruja.jpg\",\"contentUrl\":\"https:\\\/\\\/redenoticiaz.com.br\\\/litoralsp\\\/wp-content\\\/uploads\\\/sites\\\/3\\\/2024\\\/01\\\/katia-homem-aranha-guaruja.jpg\",\"width\":677,\"height\":555},{\"@type\":\"WebSite\",\"@id\":\"https:\\\/\\\/redenoticiaz.com.br\\\/litoralsp\\\/#website\",\"url\":\"https:\\\/\\\/redenoticiaz.com.br\\\/litoralsp\\\/\",\"name\":\"Litoral SP\",\"description\":\"Rede NoticiaZ\",\"publisher\":{\"@id\":\"https:\\\/\\\/redenoticiaz.com.br\\\/litoralsp\\\/#organization\"},\"potentialAction\":[{\"@type\":\"SearchAction\",\"target\":{\"@type\":\"EntryPoint\",\"urlTemplate\":\"https:\\\/\\\/redenoticiaz.com.br\\\/litoralsp\\\/?s={search_term_string}\"},\"query-input\":{\"@type\":\"PropertyValueSpecification\",\"valueRequired\":true,\"valueName\":\"search_term_string\"}}],\"inLanguage\":\"pt-BR\"},{\"@type\":\"Organization\",\"@id\":\"https:\\\/\\\/redenoticiaz.com.br\\\/litoralsp\\\/#organization\",\"name\":\"Litoral SP\",\"url\":\"https:\\\/\\\/redenoticiaz.com.br\\\/litoralsp\\\/\",\"logo\":{\"@type\":\"ImageObject\",\"inLanguage\":\"pt-BR\",\"@id\":\"https:\\\/\\\/redenoticiaz.com.br\\\/litoralsp\\\/#\\\/schema\\\/logo\\\/image\\\/\",\"url\":\"https:\\\/\\\/redenoticiaz.com.br\\\/litoralsp\\\/wp-content\\\/uploads\\\/sites\\\/3\\\/2020\\\/11\\\/logo.jpg\",\"contentUrl\":\"https:\\\/\\\/redenoticiaz.com.br\\\/litoralsp\\\/wp-content\\\/uploads\\\/sites\\\/3\\\/2020\\\/11\\\/logo.jpg\",\"width\":400,\"height\":250,\"caption\":\"Litoral SP\"},\"image\":{\"@id\":\"https:\\\/\\\/redenoticiaz.com.br\\\/litoralsp\\\/#\\\/schema\\\/logo\\\/image\\\/\"}},{\"@type\":\"Person\",\"@id\":\"https:\\\/\\\/redenoticiaz.com.br\\\/litoralsp\\\/#\\\/schema\\\/person\\\/16057b37a3c0ee6b096d7f887c566e2e\",\"name\":\"Gustavo Silva\",\"image\":{\"@type\":\"ImageObject\",\"inLanguage\":\"pt-BR\",\"@id\":\"https:\\\/\\\/secure.gravatar.com\\\/avatar\\\/3ee4e82f93b26de0a7cf4ea5eb7893da637ed6bb0c9170c58065944c56e28a33?s=96&d=mm&r=g\",\"url\":\"https:\\\/\\\/secure.gravatar.com\\\/avatar\\\/3ee4e82f93b26de0a7cf4ea5eb7893da637ed6bb0c9170c58065944c56e28a33?s=96&d=mm&r=g\",\"contentUrl\":\"https:\\\/\\\/secure.gravatar.com\\\/avatar\\\/3ee4e82f93b26de0a7cf4ea5eb7893da637ed6bb0c9170c58065944c56e28a33?s=96&d=mm&r=g\",\"caption\":\"Gustavo Silva\"},\"url\":\"https:\\\/\\\/redenoticiaz.com.br\\\/litoralsp\\\/author\\\/gustavosilva\"}]}<\/script>\n<!-- \/ Yoast SEO plugin. -->","yoast_head_json":{"title":"Irm\u00e3 de Cristiano Ronaldo curte f\u00e9rias em praia de Guaruj\u00e1 - Litoral SP","description":"Katia Aveiro, irm\u00e3 de Cristiano Ronaldo est\u00e1 curtindo f\u00e9rias na cidade de Guaruj\u00e1 e postou diversas fotos em uma das praias da cidade.","robots":{"index":"index","follow":"follow","max-snippet":"max-snippet:-1","max-image-preview":"max-image-preview:large","max-video-preview":"max-video-preview:-1"},"canonical":"https:\/\/redenoticiaz.com.br\/litoralsp\/2024\/01\/21\/irma-de-cristiano-ronaldo-curte-ferias-em-praia-de-guaruja","og_locale":"pt_BR","og_type":"article","og_title":"Irm\u00e3 de Cristiano Ronaldo curte f\u00e9rias em praia de Guaruj\u00e1 - Litoral SP","og_description":"Katia Aveiro, irm\u00e3 de Cristiano Ronaldo est\u00e1 curtindo f\u00e9rias na cidade de Guaruj\u00e1 e postou diversas fotos em uma das praias da cidade.","og_url":"https:\/\/redenoticiaz.com.br\/litoralsp\/2024\/01\/21\/irma-de-cristiano-ronaldo-curte-ferias-em-praia-de-guaruja","og_site_name":"Litoral SP","article_published_time":"2024-01-21T22:48:04+00:00","og_image":[{"width":677,"height":555,"url":"https:\/\/redenoticiaz.com.br\/litoralsp\/wp-content\/uploads\/sites\/3\/2024\/01\/katia-homem-aranha-guaruja.jpg","type":"image\/jpeg"}],"author":"Gustavo Silva","twitter_card":"summary_large_image","twitter_misc":{"Escrito por":"Gustavo Silva","Est. tempo de leitura":"1 minuto"},"schema":{"@context":"https:\/\/schema.org","@graph":[{"@type":"Article","@id":"https:\/\/redenoticiaz.com.br\/litoralsp\/2024\/01\/21\/irma-de-cristiano-ronaldo-curte-ferias-em-praia-de-guaruja#article","isPartOf":{"@id":"https:\/\/redenoticiaz.com.br\/litoralsp\/2024\/01\/21\/irma-de-cristiano-ronaldo-curte-ferias-em-praia-de-guaruja"},"author":{"name":"Gustavo Silva","@id":"https:\/\/redenoticiaz.com.br\/litoralsp\/#\/schema\/person\/16057b37a3c0ee6b096d7f887c566e2e"},"headline":"Irm\u00e3 de Cristiano Ronaldo curte f\u00e9rias em praia de Guaruj\u00e1","datePublished":"2024-01-21T22:48:04+00:00","mainEntityOfPage":{"@id":"https:\/\/redenoticiaz.com.br\/litoralsp\/2024\/01\/21\/irma-de-cristiano-ronaldo-curte-ferias-em-praia-de-guaruja"},"wordCount":182,"commentCount":0,"publisher":{"@id":"https:\/\/redenoticiaz.com.br\/litoralsp\/#organization"},"image":{"@id":"https:\/\/redenoticiaz.com.br\/litoralsp\/2024\/01\/21\/irma-de-cristiano-ronaldo-curte-ferias-em-praia-de-guaruja#primaryimage"},"thumbnailUrl":"https:\/\/redenoticiaz.com.br\/litoralsp\/wp-content\/uploads\/sites\/3\/2024\/01\/katia-homem-aranha-guaruja.jpg","keywords":["CRISTIANO RONALDO","Guaruj\u00e1","Katia Aveiro"],"articleSection":["Celebridades","Guaruj\u00e1"],"inLanguage":"pt-BR","potentialAction":[{"@type":"CommentAction","name":"Comment","target":["https:\/\/redenoticiaz.com.br\/litoralsp\/2024\/01\/21\/irma-de-cristiano-ronaldo-curte-ferias-em-praia-de-guaruja#respond"]}]},{"@type":"WebPage","@id":"https:\/\/redenoticiaz.com.br\/litoralsp\/2024\/01\/21\/irma-de-cristiano-ronaldo-curte-ferias-em-praia-de-guaruja","url":"https:\/\/redenoticiaz.com.br\/litoralsp\/2024\/01\/21\/irma-de-cristiano-ronaldo-curte-ferias-em-praia-de-guaruja","name":"Irm\u00e3 de Cristiano Ronaldo curte f\u00e9rias em praia de Guaruj\u00e1 - Litoral SP","isPartOf":{"@id":"https:\/\/redenoticiaz.com.br\/litoralsp\/#website"},"primaryImageOfPage":{"@id":"https:\/\/redenoticiaz.com.br\/litoralsp\/2024\/01\/21\/irma-de-cristiano-ronaldo-curte-ferias-em-praia-de-guaruja#primaryimage"},"image":{"@id":"https:\/\/redenoticiaz.com.br\/litoralsp\/2024\/01\/21\/irma-de-cristiano-ronaldo-curte-ferias-em-praia-de-guaruja#primaryimage"},"thumbnailUrl":"https:\/\/redenoticiaz.com.br\/litoralsp\/wp-content\/uploads\/sites\/3\/2024\/01\/katia-homem-aranha-guaruja.jpg","datePublished":"2024-01-21T22:48:04+00:00","description":"Katia Aveiro, irm\u00e3 de Cristiano Ronaldo est\u00e1 curtindo f\u00e9rias na cidade de Guaruj\u00e1 e postou diversas fotos em uma das praias da cidade.","inLanguage":"pt-BR","potentialAction":[{"@type":"ReadAction","target":["https:\/\/redenoticiaz.com.br\/litoralsp\/2024\/01\/21\/irma-de-cristiano-ronaldo-curte-ferias-em-praia-de-guaruja"]}]},{"@type":"ImageObject","inLanguage":"pt-BR","@id":"https:\/\/redenoticiaz.com.br\/litoralsp\/2024\/01\/21\/irma-de-cristiano-ronaldo-curte-ferias-em-praia-de-guaruja#primaryimage","url":"https:\/\/redenoticiaz.com.br\/litoralsp\/wp-content\/uploads\/sites\/3\/2024\/01\/katia-homem-aranha-guaruja.jpg","contentUrl":"https:\/\/redenoticiaz.com.br\/litoralsp\/wp-content\/uploads\/sites\/3\/2024\/01\/katia-homem-aranha-guaruja.jpg","width":677,"height":555},{"@type":"WebSite","@id":"https:\/\/redenoticiaz.com.br\/litoralsp\/#website","url":"https:\/\/redenoticiaz.com.br\/litoralsp\/","name":"Litoral SP","description":"Rede NoticiaZ","publisher":{"@id":"https:\/\/redenoticiaz.com.br\/litoralsp\/#organization"},"potentialAction":[{"@type":"SearchAction","target":{"@type":"EntryPoint","urlTemplate":"https:\/\/redenoticiaz.com.br\/litoralsp\/?s={search_term_string}"},"query-input":{"@type":"PropertyValueSpecification","valueRequired":true,"valueName":"search_term_string"}}],"inLanguage":"pt-BR"},{"@type":"Organization","@id":"https:\/\/redenoticiaz.com.br\/litoralsp\/#organization","name":"Litoral SP","url":"https:\/\/redenoticiaz.com.br\/litoralsp\/","logo":{"@type":"ImageObject","inLanguage":"pt-BR","@id":"https:\/\/redenoticiaz.com.br\/litoralsp\/#\/schema\/logo\/image\/","url":"https:\/\/redenoticiaz.com.br\/litoralsp\/wp-content\/uploads\/sites\/3\/2020\/11\/logo.jpg","contentUrl":"https:\/\/redenoticiaz.com.br\/litoralsp\/wp-content\/uploads\/sites\/3\/2020\/11\/logo.jpg","width":400,"height":250,"caption":"Litoral SP"},"image":{"@id":"https:\/\/redenoticiaz.com.br\/litoralsp\/#\/schema\/logo\/image\/"}},{"@type":"Person","@id":"https:\/\/redenoticiaz.com.br\/litoralsp\/#\/schema\/person\/16057b37a3c0ee6b096d7f887c566e2e","name":"Gustavo Silva","image":{"@type":"ImageObject","inLanguage":"pt-BR","@id":"https:\/\/secure.gravatar.com\/avatar\/3ee4e82f93b26de0a7cf4ea5eb7893da637ed6bb0c9170c58065944c56e28a33?s=96&d=mm&r=g","url":"https:\/\/secure.gravatar.com\/avatar\/3ee4e82f93b26de0a7cf4ea5eb7893da637ed6bb0c9170c58065944c56e28a33?s=96&d=mm&r=g","contentUrl":"https:\/\/secure.gravatar.com\/avatar\/3ee4e82f93b26de0a7cf4ea5eb7893da637ed6bb0c9170c58065944c56e28a33?s=96&d=mm&r=g","caption":"Gustavo Silva"},"url":"https:\/\/redenoticiaz.com.br\/litoralsp\/author\/gustavosilva"}]}},"_links":{"self":[{"href":"https:\/\/redenoticiaz.com.br\/litoralsp\/wp-json\/wp\/v2\/posts\/113854","targetHints":{"allow":["GET"]}}],"collection":[{"href":"https:\/\/redenoticiaz.com.br\/litoralsp\/wp-json\/wp\/v2\/posts"}],"about":[{"href":"https:\/\/redenoticiaz.com.br\/litoralsp\/wp-json\/wp\/v2\/types\/post"}],"author":[{"embeddable":true,"href":"https:\/\/redenoticiaz.com.br\/litoralsp\/wp-json\/wp\/v2\/users\/12"}],"replies":[{"embeddable":true,"href":"https:\/\/redenoticiaz.com.br\/litoralsp\/wp-json\/wp\/v2\/comments?post=113854"}],"version-history":[{"count":1,"href":"https:\/\/redenoticiaz.com.br\/litoralsp\/wp-json\/wp\/v2\/posts\/113854\/revisions"}],"predecessor-version":[{"id":113856,"href":"https:\/\/redenoticiaz.com.br\/litoralsp\/wp-json\/wp\/v2\/posts\/113854\/revisions\/113856"}],"wp:featuredmedia":[{"embeddable":true,"href":"https:\/\/redenoticiaz.com.br\/litoralsp\/wp-json\/wp\/v2\/media\/113855"}],"wp:attachment":[{"href":"https:\/\/redenoticiaz.com.br\/litoralsp\/wp-json\/wp\/v2\/media?parent=113854"}],"wp:term":[{"taxonomy":"category","embeddable":true,"href":"https:\/\/redenoticiaz.com.br\/litoralsp\/wp-json\/wp\/v2\/categories?post=113854"},{"taxonomy":"post_tag","embeddable":true,"href":"https:\/\/redenoticiaz.com.br\/litoralsp\/wp-json\/wp\/v2\/tags?post=113854"}],"curies":[{"name":"wp","href":"https:\/\/api.w.org\/{rel}","templated":true}]}}